{"id":40411,"date":"2026-04-30T16:01:11","date_gmt":"2026-04-30T19:01:11","guid":{"rendered":"https:\/\/agenciainfra.com\/blog\/?p=40411"},"modified":"2026-04-30T18:35:27","modified_gmt":"2026-04-30T21:35:27","slug":"motiva-ve-apetite-por-fatia-de-seus-ativos-de-mobilidade-mas-adota-cautela","status":"publish","type":"post","link":"https:\/\/agenciainfra.com\/blog\/motiva-ve-apetite-por-fatia-de-seus-ativos-de-mobilidade-mas-adota-cautela\/","title":{"rendered":"Motiva v\u00ea apetite por fatia de seus ativos de mobilidade, mas adota cautela"},"content":{"rendered":"\n<p class=\"has-text-align-right\"><strong>Luiz Ara\u00fajo, da Ag\u00eancia iNFRA<\/strong><\/p>\n\n\n\n<p>O vice-presidente financeiro da Motiva, Rodrigo Araujo, afirmou nesta quinta-feira (30) que o grupo est\u00e1 em processo de defini\u00e7\u00e3o do perfil de investidor que pretende atrair na eventual venda de participa\u00e7\u00e3o em sua plataforma de mobilidade urbana. Durante a confer\u00eancia de apresenta\u00e7\u00e3o dos resultados operacionais, o executivo disse que o movimento se mostra necess\u00e1rio diante do interesse da companhia por novas linhas do metr\u00f4 de S\u00e3o Paulo.<\/p>\n\n\n\n<p>A aliena\u00e7\u00e3o de participa\u00e7\u00e3o minorit\u00e1ria na plataforma de mobilidade est\u00e1 prevista no plano estrat\u00e9gico atualizado no fim do ano passado. Segundo o executivo, embora o grupo j\u00e1 venha sendo procurado por interessados, ainda n\u00e3o h\u00e1 um processo formal estruturado no mercado. \u201cContamos com um assessor financeiro mandatado e estamos, internamente, avaliando o direcionamento estrat\u00e9gico, buscando ser objetivos e pragm\u00e1ticos\u201d, afirmou.<\/p>\n\n\n\n<p>A Motiva opera concess\u00f5es de transporte urbano em S\u00e3o Paulo, Rio de Janeiro e Bahia. Os estudos em andamento para a concess\u00e3o das linhas 1 (Azul) e 2 (Verde) do metr\u00f4 paulista colocaram esses ativos como prioridade para a companhia. \u201cEstamos falando de projetos com demanda de Capex bastante relevante. Portanto, esse movimento pode ser importante para que consigamos navegar nesse cen\u00e1rio\u201d, disse o vice-presidente financeiro.<\/p>\n\n\n\n<p>Entre as alternativas avaliadas, o executivo afirmou que est\u00e3o sendo considerados perfis al\u00e9m dos investidores tradicionais desse tipo de ativo, como fundos de pens\u00e3o. Tamb\u00e9m \u00e9 considerada a entrada de parceiros com experi\u00eancia operacional em \u201coutras geografias\u201d. Outra frente envolve investidores com expertise em constru\u00e7\u00e3o, especialmente diante do volume de obras previsto. Tamb\u00e9m est\u00e1 em avalia\u00e7\u00e3o atrair agentes com capacidade de desenvolver receitas acess\u00f3rias, como explora\u00e7\u00e3o comercial e imobili\u00e1ria.<\/p>\n\n\n\n<p>Apesar do interesse do mercado, o executivo ressaltou que a companhia seguir\u00e1 avan\u00e7ando com cautela na estrutura\u00e7\u00e3o da opera\u00e7\u00e3o. \u201cSeguimos conduzindo nossa dilig\u00eancia e dedicando tempo \u00e0 defini\u00e7\u00e3o da estrat\u00e9gia, especialmente em rela\u00e7\u00e3o \u00e0 governan\u00e7a e \u00e0s alavancas de cria\u00e7\u00e3o de valor\u201d, afirmou Rodrigo, ao refor\u00e7ar o compromisso com as diretrizes do plano estrat\u00e9gico.<\/p>\n\n\n\n<p><strong>Aditivos<\/strong><br>Durante a confer\u00eancia desta quinta, o CEO da Motiva, Miguel Setas, falou sobre aditivos em discuss\u00e3o para seus contratos da plataforma de mobilidade. Citou que o primeiro aditivo da Linha 4 (Amarela) est\u00e1 sendo executado. Outro aditivo, nos contratos das linhas 8 e 9 (Diamante e Esmeralda), est\u00e1 prestes de ser conclu\u00eddo, estando relacionado ao acordo de implanta\u00e7\u00e3o do novo sistema de sinaliza\u00e7\u00e3o ETCS, tecnologia para otimizar as opera\u00e7\u00f5es.<\/p>\n\n\n\n<p>Ainda segundo o CEO, tamb\u00e9m est\u00e3o em curso negocia\u00e7\u00f5es com o governo de S\u00e3o Paulo para a extens\u00e3o da Linha 5 (Lil\u00e1s), possivelmente com a inclus\u00e3o de duas novas esta\u00e7\u00f5es no tra\u00e7ado.<\/p>\n","protected":false},"excerpt":{"rendered":"<p>Luiz Ara\u00fajo, da Ag\u00eancia iNFRA O vice-presidente financeiro da Motiva, Rodrigo Araujo, afirmou nesta quinta-feira (30) que o grupo est\u00e1 em processo de defini\u00e7\u00e3o do perfil de investidor que pretende atrair na eventual venda de participa\u00e7\u00e3o em sua plataforma de mobilidade urbana. Durante a confer\u00eancia de apresenta\u00e7\u00e3o dos resultados operacionais, o executivo disse que o [&hellip;]<\/p>\n","protected":false},"author":1,"featured_media":3974,"comment_status":"closed","ping_status":"closed","sticky":false,"template":"","format":"standard","meta":{"_monsterinsights_skip_tracking":false,"_monsterinsights_sitenote_active":false,"_monsterinsights_sitenote_note":"","_monsterinsights_sitenote_category":0,"footnotes":""},"categories":[7250],"tags":[78,49,13199,5440,8757],"class_list":["post-40411","post","type-post","status-publish","format-standard","has-post-thumbnail","hentry","category-destaque-lista","tag-concessoes","tag-mobilidade","tag-motiva","tag-trilhos","tag-venda-de-ativos"],"yoast_head":"<!-- This site is optimized with the Yoast SEO Premium plugin v25.4 (Yoast SEO v26.0) - https:\/\/yoast.com\/wordpress\/plugins\/seo\/ -->\n<title>Motiva v\u00ea apetite por fatia de seus ativos de mobilidade, mas adota cautela - Ag\u00eancia iNFRA<\/title>\n<meta name=\"robots\" content=\"index, follow, max-snippet:-1, max-image-preview:large, max-video-preview:-1\" \/>\n<link rel=\"canonical\" href=\"https:\/\/agenciainfra.com\/blog\/motiva-ve-apetite-por-fatia-de-seus-ativos-de-mobilidade-mas-adota-cautela\/\" \/>\n<meta property=\"og:locale\" content=\"pt_BR\" \/>\n<meta property=\"og:type\" content=\"article\" \/>\n<meta property=\"og:title\" content=\"Motiva v\u00ea apetite por fatia de seus ativos de mobilidade, mas adota cautela\" \/>\n<meta property=\"og:description\" content=\"Luiz Ara\u00fajo, da Ag\u00eancia iNFRA O vice-presidente financeiro da Motiva, Rodrigo Araujo, afirmou nesta quinta-feira (30) que o grupo est\u00e1 em processo de defini\u00e7\u00e3o do perfil de investidor que pretende atrair na eventual venda de participa\u00e7\u00e3o em sua plataforma de mobilidade urbana. Durante a confer\u00eancia de apresenta\u00e7\u00e3o dos resultados operacionais, o executivo disse que o [&hellip;]\" \/>\n<meta property=\"og:url\" content=\"https:\/\/agenciainfra.com\/blog\/motiva-ve-apetite-por-fatia-de-seus-ativos-de-mobilidade-mas-adota-cautela\/\" \/>\n<meta property=\"og:site_name\" content=\"Ag\u00eancia iNFRA\" \/>\n<meta property=\"article:publisher\" content=\"https:\/\/www.facebook.com\/ageninfra\" \/>\n<meta property=\"article:published_time\" content=\"2026-04-30T19:01:11+00:00\" \/>\n<meta property=\"article:modified_time\" content=\"2026-04-30T21:35:27+00:00\" \/>\n<meta property=\"og:image\" content=\"https:\/\/agenciainfra.com\/blog\/wp-content\/uploads\/2019\/11\/linha-ferrea-dominio-publico.jpg\" \/>\n\t<meta property=\"og:image:width\" content=\"1200\" \/>\n\t<meta property=\"og:image:height\" content=\"663\" \/>\n\t<meta property=\"og:image:type\" content=\"image\/jpeg\" \/>\n<meta name=\"author\" content=\"Ag\u00eancia iNFRA\" \/>\n<meta name=\"twitter:card\" content=\"summary_large_image\" \/>\n<meta name=\"twitter:creator\" content=\"@agencia_infra\" \/>\n<meta name=\"twitter:site\" content=\"@agencia_infra\" \/>\n<meta name=\"twitter:label1\" content=\"Escrito por\" \/>\n\t<meta name=\"twitter:data1\" content=\"Ag\u00eancia iNFRA\" \/>\n\t<meta name=\"twitter:label2\" content=\"Est. tempo de leitura\" \/>\n\t<meta name=\"twitter:data2\" content=\"2 minutos\" \/>\n<script type=\"application\/ld+json\" class=\"yoast-schema-graph\">{\"@context\":\"https:\/\/schema.org\",\"@graph\":[{\"@type\":\"Article\",\"@id\":\"https:\/\/agenciainfra.com\/blog\/motiva-ve-apetite-por-fatia-de-seus-ativos-de-mobilidade-mas-adota-cautela\/#article\",\"isPartOf\":{\"@id\":\"https:\/\/agenciainfra.com\/blog\/motiva-ve-apetite-por-fatia-de-seus-ativos-de-mobilidade-mas-adota-cautela\/\"},\"author\":{\"name\":\"Ag\u00eancia iNFRA\",\"@id\":\"https:\/\/agenciainfra.com\/blog\/#\/schema\/person\/34af08dff6adea4cb22b06612ba7acfa\"},\"headline\":\"Motiva v\u00ea apetite por fatia de seus ativos de mobilidade, mas adota cautela\",\"datePublished\":\"2026-04-30T19:01:11+00:00\",\"dateModified\":\"2026-04-30T21:35:27+00:00\",\"mainEntityOfPage\":{\"@id\":\"https:\/\/agenciainfra.com\/blog\/motiva-ve-apetite-por-fatia-de-seus-ativos-de-mobilidade-mas-adota-cautela\/\"},\"wordCount\":482,\"publisher\":{\"@id\":\"https:\/\/agenciainfra.com\/blog\/#organization\"},\"image\":{\"@id\":\"https:\/\/agenciainfra.com\/blog\/motiva-ve-apetite-por-fatia-de-seus-ativos-de-mobilidade-mas-adota-cautela\/#primaryimage\"},\"thumbnailUrl\":\"https:\/\/agenciainfra.com\/blog\/wp-content\/uploads\/2019\/11\/linha-ferrea-dominio-publico.jpg\",\"keywords\":[\"concess\u00f5es\",\"mobilidade\",\"motiva\",\"trilhos\",\"venda de ativos\"],\"articleSection\":[\"Destaque lista\"],\"inLanguage\":\"pt-BR\",\"copyrightYear\":\"2026\",\"copyrightHolder\":{\"@id\":\"https:\/\/agenciainfra.com\/blog\/#organization\"}},{\"@type\":\"WebPage\",\"@id\":\"https:\/\/agenciainfra.com\/blog\/motiva-ve-apetite-por-fatia-de-seus-ativos-de-mobilidade-mas-adota-cautela\/\",\"url\":\"https:\/\/agenciainfra.com\/blog\/motiva-ve-apetite-por-fatia-de-seus-ativos-de-mobilidade-mas-adota-cautela\/\",\"name\":\"Motiva v\u00ea apetite por fatia de seus ativos de mobilidade, mas adota cautela - Ag\u00eancia iNFRA\",\"isPartOf\":{\"@id\":\"https:\/\/agenciainfra.com\/blog\/#website\"},\"primaryImageOfPage\":{\"@id\":\"https:\/\/agenciainfra.com\/blog\/motiva-ve-apetite-por-fatia-de-seus-ativos-de-mobilidade-mas-adota-cautela\/#primaryimage\"},\"image\":{\"@id\":\"https:\/\/agenciainfra.com\/blog\/motiva-ve-apetite-por-fatia-de-seus-ativos-de-mobilidade-mas-adota-cautela\/#primaryimage\"},\"thumbnailUrl\":\"https:\/\/agenciainfra.com\/blog\/wp-content\/uploads\/2019\/11\/linha-ferrea-dominio-publico.jpg\",\"datePublished\":\"2026-04-30T19:01:11+00:00\",\"dateModified\":\"2026-04-30T21:35:27+00:00\",\"breadcrumb\":{\"@id\":\"https:\/\/agenciainfra.com\/blog\/motiva-ve-apetite-por-fatia-de-seus-ativos-de-mobilidade-mas-adota-cautela\/#breadcrumb\"},\"inLanguage\":\"pt-BR\",\"potentialAction\":[{\"@type\":\"ReadAction\",\"target\":[\"https:\/\/agenciainfra.com\/blog\/motiva-ve-apetite-por-fatia-de-seus-ativos-de-mobilidade-mas-adota-cautela\/\"]}]},{\"@type\":\"ImageObject\",\"inLanguage\":\"pt-BR\",\"@id\":\"https:\/\/agenciainfra.com\/blog\/motiva-ve-apetite-por-fatia-de-seus-ativos-de-mobilidade-mas-adota-cautela\/#primaryimage\",\"url\":\"https:\/\/agenciainfra.com\/blog\/wp-content\/uploads\/2019\/11\/linha-ferrea-dominio-publico.jpg\",\"contentUrl\":\"https:\/\/agenciainfra.com\/blog\/wp-content\/uploads\/2019\/11\/linha-ferrea-dominio-publico.jpg\",\"width\":1200,\"height\":663},{\"@type\":\"BreadcrumbList\",\"@id\":\"https:\/\/agenciainfra.com\/blog\/motiva-ve-apetite-por-fatia-de-seus-ativos-de-mobilidade-mas-adota-cautela\/#breadcrumb\",\"itemListElement\":[{\"@type\":\"ListItem\",\"position\":1,\"name\":\"In\u00edcio\",\"item\":\"https:\/\/agenciainfra.com\/blog\/\"},{\"@type\":\"ListItem\",\"position\":2,\"name\":\"Motiva v\u00ea apetite por fatia de seus ativos de mobilidade, mas adota cautela\"}]},{\"@type\":\"WebSite\",\"@id\":\"https:\/\/agenciainfra.com\/blog\/#website\",\"url\":\"https:\/\/agenciainfra.com\/blog\/\",\"name\":\"Ag\u00eancia iNFRA\",\"description\":\"Multiplataforma de informa\u00e7\u00e3o jornal\u00edstica refer\u00eancia na \u00e1rea de infraestrutura no Brasil!\",\"publisher\":{\"@id\":\"https:\/\/agenciainfra.com\/blog\/#organization\"},\"potentialAction\":[{\"@type\":\"SearchAction\",\"target\":{\"@type\":\"EntryPoint\",\"urlTemplate\":\"https:\/\/agenciainfra.com\/blog\/?s={search_term_string}\"},\"query-input\":{\"@type\":\"PropertyValueSpecification\",\"valueRequired\":true,\"valueName\":\"search_term_string\"}}],\"inLanguage\":\"pt-BR\"},{\"@type\":\"Organization\",\"@id\":\"https:\/\/agenciainfra.com\/blog\/#organization\",\"name\":\"Ag\u00eancia iNFRA\",\"url\":\"https:\/\/agenciainfra.com\/blog\/\",\"logo\":{\"@type\":\"ImageObject\",\"inLanguage\":\"pt-BR\",\"@id\":\"https:\/\/agenciainfra.com\/blog\/#\/schema\/logo\/image\/\",\"url\":\"https:\/\/agenciainfra.com\/blog\/wp-content\/uploads\/2023\/09\/iNFRA_5-e1761735885940.png\",\"contentUrl\":\"https:\/\/agenciainfra.com\/blog\/wp-content\/uploads\/2023\/09\/iNFRA_5-e1761735885940.png\",\"width\":1672,\"height\":454,\"caption\":\"Ag\u00eancia iNFRA\"},\"image\":{\"@id\":\"https:\/\/agenciainfra.com\/blog\/#\/schema\/logo\/image\/\"},\"sameAs\":[\"https:\/\/www.facebook.com\/ageninfra\",\"https:\/\/x.com\/agencia_infra\",\"https:\/\/www.linkedin.com\/company\/ag\u00eanciainfra\/\",\"https:\/\/www.instagram.com\/agenciainfra\/\"]},{\"@type\":\"Person\",\"@id\":\"https:\/\/agenciainfra.com\/blog\/#\/schema\/person\/34af08dff6adea4cb22b06612ba7acfa\",\"name\":\"Ag\u00eancia iNFRA\",\"image\":{\"@type\":\"ImageObject\",\"inLanguage\":\"pt-BR\",\"@id\":\"https:\/\/agenciainfra.com\/blog\/#\/schema\/person\/image\/\",\"url\":\"https:\/\/secure.gravatar.com\/avatar\/d189e01678f06d8eb84d4e01f08eb848b3fffe3f8443818d3c356c66892f5be8?s=96&d=mm&r=g\",\"contentUrl\":\"https:\/\/secure.gravatar.com\/avatar\/d189e01678f06d8eb84d4e01f08eb848b3fffe3f8443818d3c356c66892f5be8?s=96&d=mm&r=g\",\"caption\":\"Ag\u00eancia iNFRA\"},\"url\":\"https:\/\/agenciainfra.com\/blog\/author\/admin\/\"}]}<\/script>\n<!-- \/ Yoast SEO Premium plugin. -->","yoast_head_json":{"title":"Motiva v\u00ea apetite por fatia de seus ativos de mobilidade, mas adota cautela - Ag\u00eancia iNFRA","robots":{"index":"index","follow":"follow","max-snippet":"max-snippet:-1","max-image-preview":"max-image-preview:large","max-video-preview":"max-video-preview:-1"},"canonical":"https:\/\/agenciainfra.com\/blog\/motiva-ve-apetite-por-fatia-de-seus-ativos-de-mobilidade-mas-adota-cautela\/","og_locale":"pt_BR","og_type":"article","og_title":"Motiva v\u00ea apetite por fatia de seus ativos de mobilidade, mas adota cautela","og_description":"Luiz Ara\u00fajo, da Ag\u00eancia iNFRA O vice-presidente financeiro da Motiva, Rodrigo Araujo, afirmou nesta quinta-feira (30) que o grupo est\u00e1 em processo de defini\u00e7\u00e3o do perfil de investidor que pretende atrair na eventual venda de participa\u00e7\u00e3o em sua plataforma de mobilidade urbana. Durante a confer\u00eancia de apresenta\u00e7\u00e3o dos resultados operacionais, o executivo disse que o [&hellip;]","og_url":"https:\/\/agenciainfra.com\/blog\/motiva-ve-apetite-por-fatia-de-seus-ativos-de-mobilidade-mas-adota-cautela\/","og_site_name":"Ag\u00eancia iNFRA","article_publisher":"https:\/\/www.facebook.com\/ageninfra","article_published_time":"2026-04-30T19:01:11+00:00","article_modified_time":"2026-04-30T21:35:27+00:00","og_image":[{"width":1200,"height":663,"url":"https:\/\/agenciainfra.com\/blog\/wp-content\/uploads\/2019\/11\/linha-ferrea-dominio-publico.jpg","type":"image\/jpeg"}],"author":"Ag\u00eancia iNFRA","twitter_card":"summary_large_image","twitter_creator":"@agencia_infra","twitter_site":"@agencia_infra","twitter_misc":{"Escrito por":"Ag\u00eancia iNFRA","Est. tempo de leitura":"2 minutos"},"schema":{"@context":"https:\/\/schema.org","@graph":[{"@type":"Article","@id":"https:\/\/agenciainfra.com\/blog\/motiva-ve-apetite-por-fatia-de-seus-ativos-de-mobilidade-mas-adota-cautela\/#article","isPartOf":{"@id":"https:\/\/agenciainfra.com\/blog\/motiva-ve-apetite-por-fatia-de-seus-ativos-de-mobilidade-mas-adota-cautela\/"},"author":{"name":"Ag\u00eancia iNFRA","@id":"https:\/\/agenciainfra.com\/blog\/#\/schema\/person\/34af08dff6adea4cb22b06612ba7acfa"},"headline":"Motiva v\u00ea apetite por fatia de seus ativos de mobilidade, mas adota cautela","datePublished":"2026-04-30T19:01:11+00:00","dateModified":"2026-04-30T21:35:27+00:00","mainEntityOfPage":{"@id":"https:\/\/agenciainfra.com\/blog\/motiva-ve-apetite-por-fatia-de-seus-ativos-de-mobilidade-mas-adota-cautela\/"},"wordCount":482,"publisher":{"@id":"https:\/\/agenciainfra.com\/blog\/#organization"},"image":{"@id":"https:\/\/agenciainfra.com\/blog\/motiva-ve-apetite-por-fatia-de-seus-ativos-de-mobilidade-mas-adota-cautela\/#primaryimage"},"thumbnailUrl":"https:\/\/agenciainfra.com\/blog\/wp-content\/uploads\/2019\/11\/linha-ferrea-dominio-publico.jpg","keywords":["concess\u00f5es","mobilidade","motiva","trilhos","venda de ativos"],"articleSection":["Destaque lista"],"inLanguage":"pt-BR","copyrightYear":"2026","copyrightHolder":{"@id":"https:\/\/agenciainfra.com\/blog\/#organization"}},{"@type":"WebPage","@id":"https:\/\/agenciainfra.com\/blog\/motiva-ve-apetite-por-fatia-de-seus-ativos-de-mobilidade-mas-adota-cautela\/","url":"https:\/\/agenciainfra.com\/blog\/motiva-ve-apetite-por-fatia-de-seus-ativos-de-mobilidade-mas-adota-cautela\/","name":"Motiva v\u00ea apetite por fatia de seus ativos de mobilidade, mas adota cautela - Ag\u00eancia iNFRA","isPartOf":{"@id":"https:\/\/agenciainfra.com\/blog\/#website"},"primaryImageOfPage":{"@id":"https:\/\/agenciainfra.com\/blog\/motiva-ve-apetite-por-fatia-de-seus-ativos-de-mobilidade-mas-adota-cautela\/#primaryimage"},"image":{"@id":"https:\/\/agenciainfra.com\/blog\/motiva-ve-apetite-por-fatia-de-seus-ativos-de-mobilidade-mas-adota-cautela\/#primaryimage"},"thumbnailUrl":"https:\/\/agenciainfra.com\/blog\/wp-content\/uploads\/2019\/11\/linha-ferrea-dominio-publico.jpg","datePublished":"2026-04-30T19:01:11+00:00","dateModified":"2026-04-30T21:35:27+00:00","breadcrumb":{"@id":"https:\/\/agenciainfra.com\/blog\/motiva-ve-apetite-por-fatia-de-seus-ativos-de-mobilidade-mas-adota-cautela\/#breadcrumb"},"inLanguage":"pt-BR","potentialAction":[{"@type":"ReadAction","target":["https:\/\/agenciainfra.com\/blog\/motiva-ve-apetite-por-fatia-de-seus-ativos-de-mobilidade-mas-adota-cautela\/"]}]},{"@type":"ImageObject","inLanguage":"pt-BR","@id":"https:\/\/agenciainfra.com\/blog\/motiva-ve-apetite-por-fatia-de-seus-ativos-de-mobilidade-mas-adota-cautela\/#primaryimage","url":"https:\/\/agenciainfra.com\/blog\/wp-content\/uploads\/2019\/11\/linha-ferrea-dominio-publico.jpg","contentUrl":"https:\/\/agenciainfra.com\/blog\/wp-content\/uploads\/2019\/11\/linha-ferrea-dominio-publico.jpg","width":1200,"height":663},{"@type":"BreadcrumbList","@id":"https:\/\/agenciainfra.com\/blog\/motiva-ve-apetite-por-fatia-de-seus-ativos-de-mobilidade-mas-adota-cautela\/#breadcrumb","itemListElement":[{"@type":"ListItem","position":1,"name":"In\u00edcio","item":"https:\/\/agenciainfra.com\/blog\/"},{"@type":"ListItem","position":2,"name":"Motiva v\u00ea apetite por fatia de seus ativos de mobilidade, mas adota cautela"}]},{"@type":"WebSite","@id":"https:\/\/agenciainfra.com\/blog\/#website","url":"https:\/\/agenciainfra.com\/blog\/","name":"Ag\u00eancia iNFRA","description":"Multiplataforma de informa\u00e7\u00e3o jornal\u00edstica refer\u00eancia na \u00e1rea de infraestrutura no Brasil!","publisher":{"@id":"https:\/\/agenciainfra.com\/blog\/#organization"},"potentialAction":[{"@type":"SearchAction","target":{"@type":"EntryPoint","urlTemplate":"https:\/\/agenciainfra.com\/blog\/?s={search_term_string}"},"query-input":{"@type":"PropertyValueSpecification","valueRequired":true,"valueName":"search_term_string"}}],"inLanguage":"pt-BR"},{"@type":"Organization","@id":"https:\/\/agenciainfra.com\/blog\/#organization","name":"Ag\u00eancia iNFRA","url":"https:\/\/agenciainfra.com\/blog\/","logo":{"@type":"ImageObject","inLanguage":"pt-BR","@id":"https:\/\/agenciainfra.com\/blog\/#\/schema\/logo\/image\/","url":"https:\/\/agenciainfra.com\/blog\/wp-content\/uploads\/2023\/09\/iNFRA_5-e1761735885940.png","contentUrl":"https:\/\/agenciainfra.com\/blog\/wp-content\/uploads\/2023\/09\/iNFRA_5-e1761735885940.png","width":1672,"height":454,"caption":"Ag\u00eancia iNFRA"},"image":{"@id":"https:\/\/agenciainfra.com\/blog\/#\/schema\/logo\/image\/"},"sameAs":["https:\/\/www.facebook.com\/ageninfra","https:\/\/x.com\/agencia_infra","https:\/\/www.linkedin.com\/company\/ag\u00eanciainfra\/","https:\/\/www.instagram.com\/agenciainfra\/"]},{"@type":"Person","@id":"https:\/\/agenciainfra.com\/blog\/#\/schema\/person\/34af08dff6adea4cb22b06612ba7acfa","name":"Ag\u00eancia iNFRA","image":{"@type":"ImageObject","inLanguage":"pt-BR","@id":"https:\/\/agenciainfra.com\/blog\/#\/schema\/person\/image\/","url":"https:\/\/secure.gravatar.com\/avatar\/d189e01678f06d8eb84d4e01f08eb848b3fffe3f8443818d3c356c66892f5be8?s=96&d=mm&r=g","contentUrl":"https:\/\/secure.gravatar.com\/avatar\/d189e01678f06d8eb84d4e01f08eb848b3fffe3f8443818d3c356c66892f5be8?s=96&d=mm&r=g","caption":"Ag\u00eancia iNFRA"},"url":"https:\/\/agenciainfra.com\/blog\/author\/admin\/"}]}},"_links":{"self":[{"href":"https:\/\/agenciainfra.com\/blog\/wp-json\/wp\/v2\/posts\/40411","targetHints":{"allow":["GET"]}}],"collection":[{"href":"https:\/\/agenciainfra.com\/blog\/wp-json\/wp\/v2\/posts"}],"about":[{"href":"https:\/\/agenciainfra.com\/blog\/wp-json\/wp\/v2\/types\/post"}],"author":[{"embeddable":true,"href":"https:\/\/agenciainfra.com\/blog\/wp-json\/wp\/v2\/users\/1"}],"replies":[{"embeddable":true,"href":"https:\/\/agenciainfra.com\/blog\/wp-json\/wp\/v2\/comments?post=40411"}],"version-history":[{"count":2,"href":"https:\/\/agenciainfra.com\/blog\/wp-json\/wp\/v2\/posts\/40411\/revisions"}],"predecessor-version":[{"id":40433,"href":"https:\/\/agenciainfra.com\/blog\/wp-json\/wp\/v2\/posts\/40411\/revisions\/40433"}],"wp:featuredmedia":[{"embeddable":true,"href":"https:\/\/agenciainfra.com\/blog\/wp-json\/wp\/v2\/media\/3974"}],"wp:attachment":[{"href":"https:\/\/agenciainfra.com\/blog\/wp-json\/wp\/v2\/media?parent=40411"}],"wp:term":[{"taxonomy":"category","embeddable":true,"href":"https:\/\/agenciainfra.com\/blog\/wp-json\/wp\/v2\/categories?post=40411"},{"taxonomy":"post_tag","embeddable":true,"href":"https:\/\/agenciainfra.com\/blog\/wp-json\/wp\/v2\/tags?post=40411"}],"curies":[{"name":"wp","href":"https:\/\/api.w.org\/{rel}","templated":true}]}}