{"id":40424,"date":"2026-04-30T17:21:12","date_gmt":"2026-04-30T20:21:12","guid":{"rendered":"https:\/\/agenciainfra.com\/blog\/?p=40424"},"modified":"2026-04-30T17:21:16","modified_gmt":"2026-04-30T20:21:16","slug":"motiva-se-prepara-para-leilao-da-regis-bittencourt-afirma-ceo","status":"publish","type":"post","link":"https:\/\/agenciainfra.com\/blog\/motiva-se-prepara-para-leilao-da-regis-bittencourt-afirma-ceo\/","title":{"rendered":"Motiva se prepara para leil\u00e3o da R\u00e9gis Bittencourt, afirma CEO"},"content":{"rendered":"\n<p class=\"has-text-align-right\"><strong>Luiz Ara\u00fajo, da Ag\u00eancia iNFRA<\/strong><\/p>\n\n\n\n<p>Com interesse pela concess\u00e3o da rodovia R\u00e9gis Bittencourt (SP\/PR), a Motiva afirma estar se preparando para o leil\u00e3o previsto para julho. A informa\u00e7\u00e3o foi dada pelo CEO do grupo, Miguel Setas, durante a confer\u00eancia de apresenta\u00e7\u00e3o dos resultados operacionais, realizada na manh\u00e3 desta quinta-feira (30).<\/p>\n\n\n\n<p>\u201cAinda estamos em processo de modelagem e an\u00e1lise, sem nada para compartilhar por enquanto, mas \u00e9 um ativo que certamente nos interessa\u201d, afirmou o executivo.<\/p>\n\n\n\n<p>O leil\u00e3o ser\u00e1 realizado ap\u00f3s a repactua\u00e7\u00e3o da concess\u00e3o atualmente gerida pela Arteris. O novo contrato dar\u00e1 direito \u00e0 explora\u00e7\u00e3o do ativo at\u00e9 2041, com previs\u00e3o de R$ 7,2 bilh\u00f5es em investimentos.<\/p>\n\n\n\n<p>Caso confirme a participa\u00e7\u00e3o e saia vencedora do certame, ser\u00e1 a segunda concess\u00e3o repactuada da Arteris a ser transferida para a Motiva. Em dezembro, o grupo venceu a disputa pela Rodovia Fern\u00e3o Dias (BR-381\/SP\/MG), assumindo o controle neste m\u00eas.<\/p>\n\n\n\n<p><strong>Aditivos e free flow<\/strong><\/p>\n\n\n\n<p>Ainda sobre a plataforma de rodovias, Setas mencionou que est\u00e3o em curso tratativas com o governo de S\u00e3o Paulo para aditivo ao contrato de concess\u00e3o da AutoBAn. Al\u00e9m disso, h\u00e1 uma \u201cnegocia\u00e7\u00e3o iminente\u201d para revis\u00e3o contratual na SPVias. Segundo ele, o acordo pode resultar em extens\u00e3o de prazo e\/ou reequil\u00edbrio econ\u00f4mico-financeiro em fun\u00e7\u00e3o de novos investimentos.<\/p>\n\n\n\n<p>O executivo tamb\u00e9m foi questionado sobre as recentes movimenta\u00e7\u00f5es relacionadas ao free flow, sistema de ped\u00e1gio sem cancelas. Diante do aumento de reclama\u00e7\u00f5es de usu\u00e1rios por multas por inadimpl\u00eancia, o governo federal decidiu suspender temporariamente as penalidades por 200 dias, determinando ajustes do sistema no per\u00edodo, como a conclus\u00e3o do processo de integra\u00e7\u00e3o de dados de cobran\u00e7a na CNH do Brasil.<\/p>\n\n\n\n<p>De acordo com Setas, a modalidade ainda tem peso reduzido na arrecada\u00e7\u00e3o da companhia, representando cerca de 2% das receitas de ped\u00e1gio. Dentro desse universo, aproximadamente 60% dos usu\u00e1rios j\u00e1 utilizam \u201ctags\u201d, o que reduz a exposi\u00e7\u00e3o \u00e0 inadimpl\u00eancia. Por isso, afirmou que o impacto da medida tende a ser limitado.<\/p>\n\n\n\n<p>O executivo ressaltou que o setor passa por um per\u00edodo de adapta\u00e7\u00e3o ao novo modelo de cobran\u00e7a, com esfor\u00e7os das concession\u00e1rias para ampliar a comunica\u00e7\u00e3o com os usu\u00e1rios e simplificar os meios de pagamento, inclusive por meio de iniciativas conjuntas com outras operadoras.<\/p>\n","protected":false},"excerpt":{"rendered":"<p>Luiz Ara\u00fajo, da Ag\u00eancia iNFRA Com interesse pela concess\u00e3o da rodovia R\u00e9gis Bittencourt (SP\/PR), a Motiva afirma estar se preparando para o leil\u00e3o previsto para julho. A informa\u00e7\u00e3o foi dada pelo CEO do grupo, Miguel Setas, durante a confer\u00eancia de apresenta\u00e7\u00e3o dos resultados operacionais, realizada na manh\u00e3 desta quinta-feira (30). \u201cAinda estamos em processo de [&hellip;]<\/p>\n","protected":false},"author":1,"featured_media":35272,"comment_status":"closed","ping_status":"closed","sticky":false,"template":"","format":"standard","meta":{"_monsterinsights_skip_tracking":false,"_monsterinsights_sitenote_active":false,"_monsterinsights_sitenote_note":"","_monsterinsights_sitenote_category":0,"footnotes":""},"categories":[7250],"tags":[3486,22,254,13199,2131],"class_list":["post-40424","post","type-post","status-publish","format-standard","has-post-thumbnail","hentry","category-destaque-lista","tag-autopista-regis-bittencourt","tag-concessao","tag-leilao","tag-motiva","tag-repactuacao"],"yoast_head":"<!-- This site is optimized with the Yoast SEO Premium plugin v25.4 (Yoast SEO v26.0) - https:\/\/yoast.com\/wordpress\/plugins\/seo\/ -->\n<title>Motiva se prepara para leil\u00e3o da R\u00e9gis Bittencourt, afirma CEO - Ag\u00eancia iNFRA<\/title>\n<meta name=\"robots\" content=\"index, follow, max-snippet:-1, max-image-preview:large, max-video-preview:-1\" \/>\n<link rel=\"canonical\" href=\"https:\/\/agenciainfra.com\/blog\/motiva-se-prepara-para-leilao-da-regis-bittencourt-afirma-ceo\/\" \/>\n<meta property=\"og:locale\" content=\"pt_BR\" \/>\n<meta property=\"og:type\" content=\"article\" \/>\n<meta property=\"og:title\" content=\"Motiva se prepara para leil\u00e3o da R\u00e9gis Bittencourt, afirma CEO\" \/>\n<meta property=\"og:description\" content=\"Luiz Ara\u00fajo, da Ag\u00eancia iNFRA Com interesse pela concess\u00e3o da rodovia R\u00e9gis Bittencourt (SP\/PR), a Motiva afirma estar se preparando para o leil\u00e3o previsto para julho. A informa\u00e7\u00e3o foi dada pelo CEO do grupo, Miguel Setas, durante a confer\u00eancia de apresenta\u00e7\u00e3o dos resultados operacionais, realizada na manh\u00e3 desta quinta-feira (30). \u201cAinda estamos em processo de [&hellip;]\" \/>\n<meta property=\"og:url\" content=\"https:\/\/agenciainfra.com\/blog\/motiva-se-prepara-para-leilao-da-regis-bittencourt-afirma-ceo\/\" \/>\n<meta property=\"og:site_name\" content=\"Ag\u00eancia iNFRA\" \/>\n<meta property=\"article:publisher\" content=\"https:\/\/www.facebook.com\/ageninfra\" \/>\n<meta property=\"article:published_time\" content=\"2026-04-30T20:21:12+00:00\" \/>\n<meta property=\"article:modified_time\" content=\"2026-04-30T20:21:16+00:00\" \/>\n<meta property=\"og:image\" content=\"https:\/\/agenciainfra.com\/blog\/wp-content\/uploads\/2026\/01\/regis-bittencourt-foto-arteris-divulgacao-e1769086106296.jpg\" \/>\n\t<meta property=\"og:image:width\" content=\"1280\" \/>\n\t<meta property=\"og:image:height\" content=\"853\" \/>\n\t<meta property=\"og:image:type\" content=\"image\/jpeg\" \/>\n<meta name=\"author\" content=\"Ag\u00eancia iNFRA\" \/>\n<meta name=\"twitter:card\" content=\"summary_large_image\" \/>\n<meta name=\"twitter:creator\" content=\"@agencia_infra\" \/>\n<meta name=\"twitter:site\" content=\"@agencia_infra\" \/>\n<meta name=\"twitter:label1\" content=\"Escrito por\" \/>\n\t<meta name=\"twitter:data1\" content=\"Ag\u00eancia iNFRA\" \/>\n\t<meta name=\"twitter:label2\" content=\"Est. tempo de leitura\" \/>\n\t<meta name=\"twitter:data2\" content=\"2 minutos\" \/>\n<script type=\"application\/ld+json\" class=\"yoast-schema-graph\">{\"@context\":\"https:\/\/schema.org\",\"@graph\":[{\"@type\":\"Article\",\"@id\":\"https:\/\/agenciainfra.com\/blog\/motiva-se-prepara-para-leilao-da-regis-bittencourt-afirma-ceo\/#article\",\"isPartOf\":{\"@id\":\"https:\/\/agenciainfra.com\/blog\/motiva-se-prepara-para-leilao-da-regis-bittencourt-afirma-ceo\/\"},\"author\":{\"name\":\"Ag\u00eancia iNFRA\",\"@id\":\"https:\/\/agenciainfra.com\/blog\/#\/schema\/person\/34af08dff6adea4cb22b06612ba7acfa\"},\"headline\":\"Motiva se prepara para leil\u00e3o da R\u00e9gis Bittencourt, afirma CEO\",\"datePublished\":\"2026-04-30T20:21:12+00:00\",\"dateModified\":\"2026-04-30T20:21:16+00:00\",\"mainEntityOfPage\":{\"@id\":\"https:\/\/agenciainfra.com\/blog\/motiva-se-prepara-para-leilao-da-regis-bittencourt-afirma-ceo\/\"},\"wordCount\":420,\"publisher\":{\"@id\":\"https:\/\/agenciainfra.com\/blog\/#organization\"},\"image\":{\"@id\":\"https:\/\/agenciainfra.com\/blog\/motiva-se-prepara-para-leilao-da-regis-bittencourt-afirma-ceo\/#primaryimage\"},\"thumbnailUrl\":\"https:\/\/agenciainfra.com\/blog\/wp-content\/uploads\/2026\/01\/regis-bittencourt-foto-arteris-divulgacao-e1769086106296.jpg\",\"keywords\":[\"Autopista Regis Bittencourt\",\"Concess\u00e3o\",\"leil\u00e3o\",\"motiva\",\"repactua\u00e7\u00e3o\"],\"articleSection\":[\"Destaque lista\"],\"inLanguage\":\"pt-BR\",\"copyrightYear\":\"2026\",\"copyrightHolder\":{\"@id\":\"https:\/\/agenciainfra.com\/blog\/#organization\"}},{\"@type\":\"WebPage\",\"@id\":\"https:\/\/agenciainfra.com\/blog\/motiva-se-prepara-para-leilao-da-regis-bittencourt-afirma-ceo\/\",\"url\":\"https:\/\/agenciainfra.com\/blog\/motiva-se-prepara-para-leilao-da-regis-bittencourt-afirma-ceo\/\",\"name\":\"Motiva se prepara para leil\u00e3o da R\u00e9gis Bittencourt, afirma CEO - Ag\u00eancia iNFRA\",\"isPartOf\":{\"@id\":\"https:\/\/agenciainfra.com\/blog\/#website\"},\"primaryImageOfPage\":{\"@id\":\"https:\/\/agenciainfra.com\/blog\/motiva-se-prepara-para-leilao-da-regis-bittencourt-afirma-ceo\/#primaryimage\"},\"image\":{\"@id\":\"https:\/\/agenciainfra.com\/blog\/motiva-se-prepara-para-leilao-da-regis-bittencourt-afirma-ceo\/#primaryimage\"},\"thumbnailUrl\":\"https:\/\/agenciainfra.com\/blog\/wp-content\/uploads\/2026\/01\/regis-bittencourt-foto-arteris-divulgacao-e1769086106296.jpg\",\"datePublished\":\"2026-04-30T20:21:12+00:00\",\"dateModified\":\"2026-04-30T20:21:16+00:00\",\"breadcrumb\":{\"@id\":\"https:\/\/agenciainfra.com\/blog\/motiva-se-prepara-para-leilao-da-regis-bittencourt-afirma-ceo\/#breadcrumb\"},\"inLanguage\":\"pt-BR\",\"potentialAction\":[{\"@type\":\"ReadAction\",\"target\":[\"https:\/\/agenciainfra.com\/blog\/motiva-se-prepara-para-leilao-da-regis-bittencourt-afirma-ceo\/\"]}]},{\"@type\":\"ImageObject\",\"inLanguage\":\"pt-BR\",\"@id\":\"https:\/\/agenciainfra.com\/blog\/motiva-se-prepara-para-leilao-da-regis-bittencourt-afirma-ceo\/#primaryimage\",\"url\":\"https:\/\/agenciainfra.com\/blog\/wp-content\/uploads\/2026\/01\/regis-bittencourt-foto-arteris-divulgacao-e1769086106296.jpg\",\"contentUrl\":\"https:\/\/agenciainfra.com\/blog\/wp-content\/uploads\/2026\/01\/regis-bittencourt-foto-arteris-divulgacao-e1769086106296.jpg\",\"width\":1280,\"height\":853,\"caption\":\"Foto: Arteris\"},{\"@type\":\"BreadcrumbList\",\"@id\":\"https:\/\/agenciainfra.com\/blog\/motiva-se-prepara-para-leilao-da-regis-bittencourt-afirma-ceo\/#breadcrumb\",\"itemListElement\":[{\"@type\":\"ListItem\",\"position\":1,\"name\":\"In\u00edcio\",\"item\":\"https:\/\/agenciainfra.com\/blog\/\"},{\"@type\":\"ListItem\",\"position\":2,\"name\":\"Motiva se prepara para leil\u00e3o da R\u00e9gis Bittencourt, afirma CEO\"}]},{\"@type\":\"WebSite\",\"@id\":\"https:\/\/agenciainfra.com\/blog\/#website\",\"url\":\"https:\/\/agenciainfra.com\/blog\/\",\"name\":\"Ag\u00eancia iNFRA\",\"description\":\"Multiplataforma de informa\u00e7\u00e3o jornal\u00edstica refer\u00eancia na \u00e1rea de infraestrutura no Brasil!\",\"publisher\":{\"@id\":\"https:\/\/agenciainfra.com\/blog\/#organization\"},\"potentialAction\":[{\"@type\":\"SearchAction\",\"target\":{\"@type\":\"EntryPoint\",\"urlTemplate\":\"https:\/\/agenciainfra.com\/blog\/?s={search_term_string}\"},\"query-input\":{\"@type\":\"PropertyValueSpecification\",\"valueRequired\":true,\"valueName\":\"search_term_string\"}}],\"inLanguage\":\"pt-BR\"},{\"@type\":\"Organization\",\"@id\":\"https:\/\/agenciainfra.com\/blog\/#organization\",\"name\":\"Ag\u00eancia iNFRA\",\"url\":\"https:\/\/agenciainfra.com\/blog\/\",\"logo\":{\"@type\":\"ImageObject\",\"inLanguage\":\"pt-BR\",\"@id\":\"https:\/\/agenciainfra.com\/blog\/#\/schema\/logo\/image\/\",\"url\":\"https:\/\/agenciainfra.com\/blog\/wp-content\/uploads\/2023\/09\/iNFRA_5-e1761735885940.png\",\"contentUrl\":\"https:\/\/agenciainfra.com\/blog\/wp-content\/uploads\/2023\/09\/iNFRA_5-e1761735885940.png\",\"width\":1672,\"height\":454,\"caption\":\"Ag\u00eancia iNFRA\"},\"image\":{\"@id\":\"https:\/\/agenciainfra.com\/blog\/#\/schema\/logo\/image\/\"},\"sameAs\":[\"https:\/\/www.facebook.com\/ageninfra\",\"https:\/\/x.com\/agencia_infra\",\"https:\/\/www.linkedin.com\/company\/ag\u00eanciainfra\/\",\"https:\/\/www.instagram.com\/agenciainfra\/\"]},{\"@type\":\"Person\",\"@id\":\"https:\/\/agenciainfra.com\/blog\/#\/schema\/person\/34af08dff6adea4cb22b06612ba7acfa\",\"name\":\"Ag\u00eancia iNFRA\",\"image\":{\"@type\":\"ImageObject\",\"inLanguage\":\"pt-BR\",\"@id\":\"https:\/\/agenciainfra.com\/blog\/#\/schema\/person\/image\/\",\"url\":\"https:\/\/secure.gravatar.com\/avatar\/d189e01678f06d8eb84d4e01f08eb848b3fffe3f8443818d3c356c66892f5be8?s=96&d=mm&r=g\",\"contentUrl\":\"https:\/\/secure.gravatar.com\/avatar\/d189e01678f06d8eb84d4e01f08eb848b3fffe3f8443818d3c356c66892f5be8?s=96&d=mm&r=g\",\"caption\":\"Ag\u00eancia iNFRA\"},\"url\":\"https:\/\/agenciainfra.com\/blog\/author\/admin\/\"}]}<\/script>\n<!-- \/ Yoast SEO Premium plugin. -->","yoast_head_json":{"title":"Motiva se prepara para leil\u00e3o da R\u00e9gis Bittencourt, afirma CEO - Ag\u00eancia iNFRA","robots":{"index":"index","follow":"follow","max-snippet":"max-snippet:-1","max-image-preview":"max-image-preview:large","max-video-preview":"max-video-preview:-1"},"canonical":"https:\/\/agenciainfra.com\/blog\/motiva-se-prepara-para-leilao-da-regis-bittencourt-afirma-ceo\/","og_locale":"pt_BR","og_type":"article","og_title":"Motiva se prepara para leil\u00e3o da R\u00e9gis Bittencourt, afirma CEO","og_description":"Luiz Ara\u00fajo, da Ag\u00eancia iNFRA Com interesse pela concess\u00e3o da rodovia R\u00e9gis Bittencourt (SP\/PR), a Motiva afirma estar se preparando para o leil\u00e3o previsto para julho. A informa\u00e7\u00e3o foi dada pelo CEO do grupo, Miguel Setas, durante a confer\u00eancia de apresenta\u00e7\u00e3o dos resultados operacionais, realizada na manh\u00e3 desta quinta-feira (30). \u201cAinda estamos em processo de [&hellip;]","og_url":"https:\/\/agenciainfra.com\/blog\/motiva-se-prepara-para-leilao-da-regis-bittencourt-afirma-ceo\/","og_site_name":"Ag\u00eancia iNFRA","article_publisher":"https:\/\/www.facebook.com\/ageninfra","article_published_time":"2026-04-30T20:21:12+00:00","article_modified_time":"2026-04-30T20:21:16+00:00","og_image":[{"width":1280,"height":853,"url":"https:\/\/agenciainfra.com\/blog\/wp-content\/uploads\/2026\/01\/regis-bittencourt-foto-arteris-divulgacao-e1769086106296.jpg","type":"image\/jpeg"}],"author":"Ag\u00eancia iNFRA","twitter_card":"summary_large_image","twitter_creator":"@agencia_infra","twitter_site":"@agencia_infra","twitter_misc":{"Escrito por":"Ag\u00eancia iNFRA","Est. tempo de leitura":"2 minutos"},"schema":{"@context":"https:\/\/schema.org","@graph":[{"@type":"Article","@id":"https:\/\/agenciainfra.com\/blog\/motiva-se-prepara-para-leilao-da-regis-bittencourt-afirma-ceo\/#article","isPartOf":{"@id":"https:\/\/agenciainfra.com\/blog\/motiva-se-prepara-para-leilao-da-regis-bittencourt-afirma-ceo\/"},"author":{"name":"Ag\u00eancia iNFRA","@id":"https:\/\/agenciainfra.com\/blog\/#\/schema\/person\/34af08dff6adea4cb22b06612ba7acfa"},"headline":"Motiva se prepara para leil\u00e3o da R\u00e9gis Bittencourt, afirma CEO","datePublished":"2026-04-30T20:21:12+00:00","dateModified":"2026-04-30T20:21:16+00:00","mainEntityOfPage":{"@id":"https:\/\/agenciainfra.com\/blog\/motiva-se-prepara-para-leilao-da-regis-bittencourt-afirma-ceo\/"},"wordCount":420,"publisher":{"@id":"https:\/\/agenciainfra.com\/blog\/#organization"},"image":{"@id":"https:\/\/agenciainfra.com\/blog\/motiva-se-prepara-para-leilao-da-regis-bittencourt-afirma-ceo\/#primaryimage"},"thumbnailUrl":"https:\/\/agenciainfra.com\/blog\/wp-content\/uploads\/2026\/01\/regis-bittencourt-foto-arteris-divulgacao-e1769086106296.jpg","keywords":["Autopista Regis Bittencourt","Concess\u00e3o","leil\u00e3o","motiva","repactua\u00e7\u00e3o"],"articleSection":["Destaque lista"],"inLanguage":"pt-BR","copyrightYear":"2026","copyrightHolder":{"@id":"https:\/\/agenciainfra.com\/blog\/#organization"}},{"@type":"WebPage","@id":"https:\/\/agenciainfra.com\/blog\/motiva-se-prepara-para-leilao-da-regis-bittencourt-afirma-ceo\/","url":"https:\/\/agenciainfra.com\/blog\/motiva-se-prepara-para-leilao-da-regis-bittencourt-afirma-ceo\/","name":"Motiva se prepara para leil\u00e3o da R\u00e9gis Bittencourt, afirma CEO - Ag\u00eancia iNFRA","isPartOf":{"@id":"https:\/\/agenciainfra.com\/blog\/#website"},"primaryImageOfPage":{"@id":"https:\/\/agenciainfra.com\/blog\/motiva-se-prepara-para-leilao-da-regis-bittencourt-afirma-ceo\/#primaryimage"},"image":{"@id":"https:\/\/agenciainfra.com\/blog\/motiva-se-prepara-para-leilao-da-regis-bittencourt-afirma-ceo\/#primaryimage"},"thumbnailUrl":"https:\/\/agenciainfra.com\/blog\/wp-content\/uploads\/2026\/01\/regis-bittencourt-foto-arteris-divulgacao-e1769086106296.jpg","datePublished":"2026-04-30T20:21:12+00:00","dateModified":"2026-04-30T20:21:16+00:00","breadcrumb":{"@id":"https:\/\/agenciainfra.com\/blog\/motiva-se-prepara-para-leilao-da-regis-bittencourt-afirma-ceo\/#breadcrumb"},"inLanguage":"pt-BR","potentialAction":[{"@type":"ReadAction","target":["https:\/\/agenciainfra.com\/blog\/motiva-se-prepara-para-leilao-da-regis-bittencourt-afirma-ceo\/"]}]},{"@type":"ImageObject","inLanguage":"pt-BR","@id":"https:\/\/agenciainfra.com\/blog\/motiva-se-prepara-para-leilao-da-regis-bittencourt-afirma-ceo\/#primaryimage","url":"https:\/\/agenciainfra.com\/blog\/wp-content\/uploads\/2026\/01\/regis-bittencourt-foto-arteris-divulgacao-e1769086106296.jpg","contentUrl":"https:\/\/agenciainfra.com\/blog\/wp-content\/uploads\/2026\/01\/regis-bittencourt-foto-arteris-divulgacao-e1769086106296.jpg","width":1280,"height":853,"caption":"Foto: Arteris"},{"@type":"BreadcrumbList","@id":"https:\/\/agenciainfra.com\/blog\/motiva-se-prepara-para-leilao-da-regis-bittencourt-afirma-ceo\/#breadcrumb","itemListElement":[{"@type":"ListItem","position":1,"name":"In\u00edcio","item":"https:\/\/agenciainfra.com\/blog\/"},{"@type":"ListItem","position":2,"name":"Motiva se prepara para leil\u00e3o da R\u00e9gis Bittencourt, afirma CEO"}]},{"@type":"WebSite","@id":"https:\/\/agenciainfra.com\/blog\/#website","url":"https:\/\/agenciainfra.com\/blog\/","name":"Ag\u00eancia iNFRA","description":"Multiplataforma de informa\u00e7\u00e3o jornal\u00edstica refer\u00eancia na \u00e1rea de infraestrutura no Brasil!","publisher":{"@id":"https:\/\/agenciainfra.com\/blog\/#organization"},"potentialAction":[{"@type":"SearchAction","target":{"@type":"EntryPoint","urlTemplate":"https:\/\/agenciainfra.com\/blog\/?s={search_term_string}"},"query-input":{"@type":"PropertyValueSpecification","valueRequired":true,"valueName":"search_term_string"}}],"inLanguage":"pt-BR"},{"@type":"Organization","@id":"https:\/\/agenciainfra.com\/blog\/#organization","name":"Ag\u00eancia iNFRA","url":"https:\/\/agenciainfra.com\/blog\/","logo":{"@type":"ImageObject","inLanguage":"pt-BR","@id":"https:\/\/agenciainfra.com\/blog\/#\/schema\/logo\/image\/","url":"https:\/\/agenciainfra.com\/blog\/wp-content\/uploads\/2023\/09\/iNFRA_5-e1761735885940.png","contentUrl":"https:\/\/agenciainfra.com\/blog\/wp-content\/uploads\/2023\/09\/iNFRA_5-e1761735885940.png","width":1672,"height":454,"caption":"Ag\u00eancia iNFRA"},"image":{"@id":"https:\/\/agenciainfra.com\/blog\/#\/schema\/logo\/image\/"},"sameAs":["https:\/\/www.facebook.com\/ageninfra","https:\/\/x.com\/agencia_infra","https:\/\/www.linkedin.com\/company\/ag\u00eanciainfra\/","https:\/\/www.instagram.com\/agenciainfra\/"]},{"@type":"Person","@id":"https:\/\/agenciainfra.com\/blog\/#\/schema\/person\/34af08dff6adea4cb22b06612ba7acfa","name":"Ag\u00eancia iNFRA","image":{"@type":"ImageObject","inLanguage":"pt-BR","@id":"https:\/\/agenciainfra.com\/blog\/#\/schema\/person\/image\/","url":"https:\/\/secure.gravatar.com\/avatar\/d189e01678f06d8eb84d4e01f08eb848b3fffe3f8443818d3c356c66892f5be8?s=96&d=mm&r=g","contentUrl":"https:\/\/secure.gravatar.com\/avatar\/d189e01678f06d8eb84d4e01f08eb848b3fffe3f8443818d3c356c66892f5be8?s=96&d=mm&r=g","caption":"Ag\u00eancia iNFRA"},"url":"https:\/\/agenciainfra.com\/blog\/author\/admin\/"}]}},"_links":{"self":[{"href":"https:\/\/agenciainfra.com\/blog\/wp-json\/wp\/v2\/posts\/40424","targetHints":{"allow":["GET"]}}],"collection":[{"href":"https:\/\/agenciainfra.com\/blog\/wp-json\/wp\/v2\/posts"}],"about":[{"href":"https:\/\/agenciainfra.com\/blog\/wp-json\/wp\/v2\/types\/post"}],"author":[{"embeddable":true,"href":"https:\/\/agenciainfra.com\/blog\/wp-json\/wp\/v2\/users\/1"}],"replies":[{"embeddable":true,"href":"https:\/\/agenciainfra.com\/blog\/wp-json\/wp\/v2\/comments?post=40424"}],"version-history":[{"count":1,"href":"https:\/\/agenciainfra.com\/blog\/wp-json\/wp\/v2\/posts\/40424\/revisions"}],"predecessor-version":[{"id":40425,"href":"https:\/\/agenciainfra.com\/blog\/wp-json\/wp\/v2\/posts\/40424\/revisions\/40425"}],"wp:featuredmedia":[{"embeddable":true,"href":"https:\/\/agenciainfra.com\/blog\/wp-json\/wp\/v2\/media\/35272"}],"wp:attachment":[{"href":"https:\/\/agenciainfra.com\/blog\/wp-json\/wp\/v2\/media?parent=40424"}],"wp:term":[{"taxonomy":"category","embeddable":true,"href":"https:\/\/agenciainfra.com\/blog\/wp-json\/wp\/v2\/categories?post=40424"},{"taxonomy":"post_tag","embeddable":true,"href":"https:\/\/agenciainfra.com\/blog\/wp-json\/wp\/v2\/tags?post=40424"}],"curies":[{"name":"wp","href":"https:\/\/api.w.org\/{rel}","templated":true}]}}