{"id":40427,"date":"2026-04-30T17:57:23","date_gmt":"2026-04-30T20:57:23","guid":{"rendered":"https:\/\/agenciainfra.com\/blog\/?p=40427"},"modified":"2026-04-30T17:57:25","modified_gmt":"2026-04-30T20:57:25","slug":"fca-aprova-aumento-de-capital-de-r-15-bi-com-novas-acoes","status":"publish","type":"post","link":"https:\/\/agenciainfra.com\/blog\/fca-aprova-aumento-de-capital-de-r-15-bi-com-novas-acoes\/","title":{"rendered":"FCA aprova aumento de capital de R$ 1,5 bi com novas a\u00e7\u00f5es"},"content":{"rendered":"\n<p class=\"has-text-align-right\"><strong>da Ag\u00eancia iNFRA<\/strong><\/p>\n\n\n\n<p>A FCA (Ferrovia Centro-Atl\u00e2ntica) informou, em fato relevante, que aprovou aumento de capital de R$ 1,5 bilh\u00e3o, conforme delibera\u00e7\u00e3o em assembleia realizada nesta quinta-feira (30). A opera\u00e7\u00e3o ser\u00e1 feita por meio da capitaliza\u00e7\u00e3o de AFAC (Adiantamentos para Futuro Aumento de Capital), com a emiss\u00e3o de 157,8 milh\u00f5es de novas a\u00e7\u00f5es ordin\u00e1rias.<\/p>\n\n\n\n<p>Com a opera\u00e7\u00e3o, o capital social da companhia passa de cerca de R$ 4,665 bilh\u00f5es para R$ 4,667 bilh\u00f5es. As novas a\u00e7\u00f5es ser\u00e3o emitidas ao pre\u00e7o aproximado de R$ 9,50 por papel.<\/p>\n\n\n\n<p>Os acionistas com posi\u00e7\u00e3o na companhia ao fim do preg\u00e3o desta quarta-feira ter\u00e3o direito de prefer\u00eancia para subscrever os pap\u00e9is, na propor\u00e7\u00e3o de 0,307 a\u00e7\u00e3o nova para cada a\u00e7\u00e3o detida. O prazo para exerc\u00edcio desse direito vai de 4 de maio a 3 de junho de 2026.<\/p>\n\n\n\n<p>Segundo o comunicado, os recursos do aumento decorrem de aportes j\u00e1 realizados anteriormente pela VLI Multimodal., que poder\u00e3o ser convertidos em participa\u00e7\u00e3o acion\u00e1ria. Caso haja sobras de a\u00e7\u00f5es n\u00e3o subscritas pelos atuais acionistas, elas tamb\u00e9m poder\u00e3o ser destinadas \u00e0 empresa.<\/p>\n\n\n\n<p>A companhia informou ainda que acionistas que n\u00e3o participarem da opera\u00e7\u00e3o poder\u00e3o sofrer dilui\u00e7\u00e3o de at\u00e9 44,34% em sua participa\u00e7\u00e3o. As a\u00e7\u00f5es passar\u00e3o a ser negociadas \u201cex-direitos\u201d a partir de 5 de maio.<\/p>\n\n\n\n<p><\/p>\n","protected":false},"excerpt":{"rendered":"<p>da Ag\u00eancia iNFRA A FCA (Ferrovia Centro-Atl\u00e2ntica) informou, em fato relevante, que aprovou aumento de capital de R$ 1,5 bilh\u00e3o, conforme delibera\u00e7\u00e3o em assembleia realizada nesta quinta-feira (30). A opera\u00e7\u00e3o ser\u00e1 feita por meio da capitaliza\u00e7\u00e3o de AFAC (Adiantamentos para Futuro Aumento de Capital), com a emiss\u00e3o de 157,8 milh\u00f5es de novas a\u00e7\u00f5es ordin\u00e1rias. Com [&hellip;]<\/p>\n","protected":false},"author":1,"featured_media":26245,"comment_status":"closed","ping_status":"closed","sticky":false,"template":"","format":"standard","meta":{"_monsterinsights_skip_tracking":false,"_monsterinsights_sitenote_active":false,"_monsterinsights_sitenote_note":"","_monsterinsights_sitenote_category":0,"footnotes":""},"categories":[7250],"tags":[19681,10803,7551,446,754,120],"class_list":["post-40427","post","type-post","status-publish","format-standard","has-post-thumbnail","hentry","category-destaque-lista","tag-afac","tag-aumento-de-capital","tag-direito-de-preferencia","tag-fca","tag-ferrovia-centro-atlantica","tag-ferrovias"],"yoast_head":"<!-- This site is optimized with the Yoast SEO Premium plugin v25.4 (Yoast SEO v26.0) - https:\/\/yoast.com\/wordpress\/plugins\/seo\/ -->\n<title>FCA aprova aumento de capital de R$ 1,5 bi com novas a\u00e7\u00f5es - Ag\u00eancia iNFRA<\/title>\n<meta name=\"robots\" content=\"index, follow, max-snippet:-1, max-image-preview:large, max-video-preview:-1\" \/>\n<link rel=\"canonical\" href=\"https:\/\/agenciainfra.com\/blog\/fca-aprova-aumento-de-capital-de-r-15-bi-com-novas-acoes\/\" \/>\n<meta property=\"og:locale\" content=\"pt_BR\" \/>\n<meta property=\"og:type\" content=\"article\" \/>\n<meta property=\"og:title\" content=\"FCA aprova aumento de capital de R$ 1,5 bi com novas a\u00e7\u00f5es\" \/>\n<meta property=\"og:description\" content=\"da Ag\u00eancia iNFRA A FCA (Ferrovia Centro-Atl\u00e2ntica) informou, em fato relevante, que aprovou aumento de capital de R$ 1,5 bilh\u00e3o, conforme delibera\u00e7\u00e3o em assembleia realizada nesta quinta-feira (30). A opera\u00e7\u00e3o ser\u00e1 feita por meio da capitaliza\u00e7\u00e3o de AFAC (Adiantamentos para Futuro Aumento de Capital), com a emiss\u00e3o de 157,8 milh\u00f5es de novas a\u00e7\u00f5es ordin\u00e1rias. Com [&hellip;]\" \/>\n<meta property=\"og:url\" content=\"https:\/\/agenciainfra.com\/blog\/fca-aprova-aumento-de-capital-de-r-15-bi-com-novas-acoes\/\" \/>\n<meta property=\"og:site_name\" content=\"Ag\u00eancia iNFRA\" \/>\n<meta property=\"article:publisher\" content=\"https:\/\/www.facebook.com\/ageninfra\" \/>\n<meta property=\"article:published_time\" content=\"2026-04-30T20:57:23+00:00\" \/>\n<meta property=\"article:modified_time\" content=\"2026-04-30T20:57:25+00:00\" \/>\n<meta property=\"og:image\" content=\"https:\/\/agenciainfra.com\/blog\/wp-content\/uploads\/2025\/08\/fca-ferrovia-centro-atlantica-foto-vli.png\" \/>\n\t<meta property=\"og:image:width\" content=\"1280\" \/>\n\t<meta property=\"og:image:height\" content=\"781\" \/>\n\t<meta property=\"og:image:type\" content=\"image\/png\" \/>\n<meta name=\"author\" content=\"Ag\u00eancia iNFRA\" \/>\n<meta name=\"twitter:card\" content=\"summary_large_image\" \/>\n<meta name=\"twitter:creator\" content=\"@agencia_infra\" \/>\n<meta name=\"twitter:site\" content=\"@agencia_infra\" \/>\n<meta name=\"twitter:label1\" content=\"Escrito por\" \/>\n\t<meta name=\"twitter:data1\" content=\"Ag\u00eancia iNFRA\" \/>\n\t<meta name=\"twitter:label2\" content=\"Est. tempo de leitura\" \/>\n\t<meta name=\"twitter:data2\" content=\"1 minuto\" \/>\n<script type=\"application\/ld+json\" class=\"yoast-schema-graph\">{\"@context\":\"https:\/\/schema.org\",\"@graph\":[{\"@type\":\"Article\",\"@id\":\"https:\/\/agenciainfra.com\/blog\/fca-aprova-aumento-de-capital-de-r-15-bi-com-novas-acoes\/#article\",\"isPartOf\":{\"@id\":\"https:\/\/agenciainfra.com\/blog\/fca-aprova-aumento-de-capital-de-r-15-bi-com-novas-acoes\/\"},\"author\":{\"name\":\"Ag\u00eancia iNFRA\",\"@id\":\"https:\/\/agenciainfra.com\/blog\/#\/schema\/person\/34af08dff6adea4cb22b06612ba7acfa\"},\"headline\":\"FCA aprova aumento de capital de R$ 1,5 bi com novas a\u00e7\u00f5es\",\"datePublished\":\"2026-04-30T20:57:23+00:00\",\"dateModified\":\"2026-04-30T20:57:25+00:00\",\"mainEntityOfPage\":{\"@id\":\"https:\/\/agenciainfra.com\/blog\/fca-aprova-aumento-de-capital-de-r-15-bi-com-novas-acoes\/\"},\"wordCount\":244,\"publisher\":{\"@id\":\"https:\/\/agenciainfra.com\/blog\/#organization\"},\"image\":{\"@id\":\"https:\/\/agenciainfra.com\/blog\/fca-aprova-aumento-de-capital-de-r-15-bi-com-novas-acoes\/#primaryimage\"},\"thumbnailUrl\":\"https:\/\/agenciainfra.com\/blog\/wp-content\/uploads\/2025\/08\/fca-ferrovia-centro-atlantica-foto-vli.png\",\"keywords\":[\"AFAC\",\"Aumento de Capital\",\"direito de prefer\u00eancia\",\"FCA\",\"Ferrovia Centro-Atl\u00e2ntica\",\"Ferrovias\"],\"articleSection\":[\"Destaque lista\"],\"inLanguage\":\"pt-BR\",\"copyrightYear\":\"2026\",\"copyrightHolder\":{\"@id\":\"https:\/\/agenciainfra.com\/blog\/#organization\"}},{\"@type\":\"WebPage\",\"@id\":\"https:\/\/agenciainfra.com\/blog\/fca-aprova-aumento-de-capital-de-r-15-bi-com-novas-acoes\/\",\"url\":\"https:\/\/agenciainfra.com\/blog\/fca-aprova-aumento-de-capital-de-r-15-bi-com-novas-acoes\/\",\"name\":\"FCA aprova aumento de capital de R$ 1,5 bi com novas a\u00e7\u00f5es - Ag\u00eancia iNFRA\",\"isPartOf\":{\"@id\":\"https:\/\/agenciainfra.com\/blog\/#website\"},\"primaryImageOfPage\":{\"@id\":\"https:\/\/agenciainfra.com\/blog\/fca-aprova-aumento-de-capital-de-r-15-bi-com-novas-acoes\/#primaryimage\"},\"image\":{\"@id\":\"https:\/\/agenciainfra.com\/blog\/fca-aprova-aumento-de-capital-de-r-15-bi-com-novas-acoes\/#primaryimage\"},\"thumbnailUrl\":\"https:\/\/agenciainfra.com\/blog\/wp-content\/uploads\/2025\/08\/fca-ferrovia-centro-atlantica-foto-vli.png\",\"datePublished\":\"2026-04-30T20:57:23+00:00\",\"dateModified\":\"2026-04-30T20:57:25+00:00\",\"breadcrumb\":{\"@id\":\"https:\/\/agenciainfra.com\/blog\/fca-aprova-aumento-de-capital-de-r-15-bi-com-novas-acoes\/#breadcrumb\"},\"inLanguage\":\"pt-BR\",\"potentialAction\":[{\"@type\":\"ReadAction\",\"target\":[\"https:\/\/agenciainfra.com\/blog\/fca-aprova-aumento-de-capital-de-r-15-bi-com-novas-acoes\/\"]}]},{\"@type\":\"ImageObject\",\"inLanguage\":\"pt-BR\",\"@id\":\"https:\/\/agenciainfra.com\/blog\/fca-aprova-aumento-de-capital-de-r-15-bi-com-novas-acoes\/#primaryimage\",\"url\":\"https:\/\/agenciainfra.com\/blog\/wp-content\/uploads\/2025\/08\/fca-ferrovia-centro-atlantica-foto-vli.png\",\"contentUrl\":\"https:\/\/agenciainfra.com\/blog\/wp-content\/uploads\/2025\/08\/fca-ferrovia-centro-atlantica-foto-vli.png\",\"width\":1280,\"height\":781,\"caption\":\"Foto: VLI\/Divulga\u00e7\u00e3o\"},{\"@type\":\"BreadcrumbList\",\"@id\":\"https:\/\/agenciainfra.com\/blog\/fca-aprova-aumento-de-capital-de-r-15-bi-com-novas-acoes\/#breadcrumb\",\"itemListElement\":[{\"@type\":\"ListItem\",\"position\":1,\"name\":\"In\u00edcio\",\"item\":\"https:\/\/agenciainfra.com\/blog\/\"},{\"@type\":\"ListItem\",\"position\":2,\"name\":\"FCA aprova aumento de capital de R$ 1,5 bi com novas a\u00e7\u00f5es\"}]},{\"@type\":\"WebSite\",\"@id\":\"https:\/\/agenciainfra.com\/blog\/#website\",\"url\":\"https:\/\/agenciainfra.com\/blog\/\",\"name\":\"Ag\u00eancia iNFRA\",\"description\":\"Multiplataforma de informa\u00e7\u00e3o jornal\u00edstica refer\u00eancia na \u00e1rea de infraestrutura no Brasil!\",\"publisher\":{\"@id\":\"https:\/\/agenciainfra.com\/blog\/#organization\"},\"potentialAction\":[{\"@type\":\"SearchAction\",\"target\":{\"@type\":\"EntryPoint\",\"urlTemplate\":\"https:\/\/agenciainfra.com\/blog\/?s={search_term_string}\"},\"query-input\":{\"@type\":\"PropertyValueSpecification\",\"valueRequired\":true,\"valueName\":\"search_term_string\"}}],\"inLanguage\":\"pt-BR\"},{\"@type\":\"Organization\",\"@id\":\"https:\/\/agenciainfra.com\/blog\/#organization\",\"name\":\"Ag\u00eancia iNFRA\",\"url\":\"https:\/\/agenciainfra.com\/blog\/\",\"logo\":{\"@type\":\"ImageObject\",\"inLanguage\":\"pt-BR\",\"@id\":\"https:\/\/agenciainfra.com\/blog\/#\/schema\/logo\/image\/\",\"url\":\"https:\/\/agenciainfra.com\/blog\/wp-content\/uploads\/2023\/09\/iNFRA_5-e1761735885940.png\",\"contentUrl\":\"https:\/\/agenciainfra.com\/blog\/wp-content\/uploads\/2023\/09\/iNFRA_5-e1761735885940.png\",\"width\":1672,\"height\":454,\"caption\":\"Ag\u00eancia iNFRA\"},\"image\":{\"@id\":\"https:\/\/agenciainfra.com\/blog\/#\/schema\/logo\/image\/\"},\"sameAs\":[\"https:\/\/www.facebook.com\/ageninfra\",\"https:\/\/x.com\/agencia_infra\",\"https:\/\/www.linkedin.com\/company\/ag\u00eanciainfra\/\",\"https:\/\/www.instagram.com\/agenciainfra\/\"]},{\"@type\":\"Person\",\"@id\":\"https:\/\/agenciainfra.com\/blog\/#\/schema\/person\/34af08dff6adea4cb22b06612ba7acfa\",\"name\":\"Ag\u00eancia iNFRA\",\"image\":{\"@type\":\"ImageObject\",\"inLanguage\":\"pt-BR\",\"@id\":\"https:\/\/agenciainfra.com\/blog\/#\/schema\/person\/image\/\",\"url\":\"https:\/\/secure.gravatar.com\/avatar\/d189e01678f06d8eb84d4e01f08eb848b3fffe3f8443818d3c356c66892f5be8?s=96&d=mm&r=g\",\"contentUrl\":\"https:\/\/secure.gravatar.com\/avatar\/d189e01678f06d8eb84d4e01f08eb848b3fffe3f8443818d3c356c66892f5be8?s=96&d=mm&r=g\",\"caption\":\"Ag\u00eancia iNFRA\"},\"url\":\"https:\/\/agenciainfra.com\/blog\/author\/admin\/\"}]}<\/script>\n<!-- \/ Yoast SEO Premium plugin. -->","yoast_head_json":{"title":"FCA aprova aumento de capital de R$ 1,5 bi com novas a\u00e7\u00f5es - Ag\u00eancia iNFRA","robots":{"index":"index","follow":"follow","max-snippet":"max-snippet:-1","max-image-preview":"max-image-preview:large","max-video-preview":"max-video-preview:-1"},"canonical":"https:\/\/agenciainfra.com\/blog\/fca-aprova-aumento-de-capital-de-r-15-bi-com-novas-acoes\/","og_locale":"pt_BR","og_type":"article","og_title":"FCA aprova aumento de capital de R$ 1,5 bi com novas a\u00e7\u00f5es","og_description":"da Ag\u00eancia iNFRA A FCA (Ferrovia Centro-Atl\u00e2ntica) informou, em fato relevante, que aprovou aumento de capital de R$ 1,5 bilh\u00e3o, conforme delibera\u00e7\u00e3o em assembleia realizada nesta quinta-feira (30). A opera\u00e7\u00e3o ser\u00e1 feita por meio da capitaliza\u00e7\u00e3o de AFAC (Adiantamentos para Futuro Aumento de Capital), com a emiss\u00e3o de 157,8 milh\u00f5es de novas a\u00e7\u00f5es ordin\u00e1rias. Com [&hellip;]","og_url":"https:\/\/agenciainfra.com\/blog\/fca-aprova-aumento-de-capital-de-r-15-bi-com-novas-acoes\/","og_site_name":"Ag\u00eancia iNFRA","article_publisher":"https:\/\/www.facebook.com\/ageninfra","article_published_time":"2026-04-30T20:57:23+00:00","article_modified_time":"2026-04-30T20:57:25+00:00","og_image":[{"width":1280,"height":781,"url":"https:\/\/agenciainfra.com\/blog\/wp-content\/uploads\/2025\/08\/fca-ferrovia-centro-atlantica-foto-vli.png","type":"image\/png"}],"author":"Ag\u00eancia iNFRA","twitter_card":"summary_large_image","twitter_creator":"@agencia_infra","twitter_site":"@agencia_infra","twitter_misc":{"Escrito por":"Ag\u00eancia iNFRA","Est. tempo de leitura":"1 minuto"},"schema":{"@context":"https:\/\/schema.org","@graph":[{"@type":"Article","@id":"https:\/\/agenciainfra.com\/blog\/fca-aprova-aumento-de-capital-de-r-15-bi-com-novas-acoes\/#article","isPartOf":{"@id":"https:\/\/agenciainfra.com\/blog\/fca-aprova-aumento-de-capital-de-r-15-bi-com-novas-acoes\/"},"author":{"name":"Ag\u00eancia iNFRA","@id":"https:\/\/agenciainfra.com\/blog\/#\/schema\/person\/34af08dff6adea4cb22b06612ba7acfa"},"headline":"FCA aprova aumento de capital de R$ 1,5 bi com novas a\u00e7\u00f5es","datePublished":"2026-04-30T20:57:23+00:00","dateModified":"2026-04-30T20:57:25+00:00","mainEntityOfPage":{"@id":"https:\/\/agenciainfra.com\/blog\/fca-aprova-aumento-de-capital-de-r-15-bi-com-novas-acoes\/"},"wordCount":244,"publisher":{"@id":"https:\/\/agenciainfra.com\/blog\/#organization"},"image":{"@id":"https:\/\/agenciainfra.com\/blog\/fca-aprova-aumento-de-capital-de-r-15-bi-com-novas-acoes\/#primaryimage"},"thumbnailUrl":"https:\/\/agenciainfra.com\/blog\/wp-content\/uploads\/2025\/08\/fca-ferrovia-centro-atlantica-foto-vli.png","keywords":["AFAC","Aumento de Capital","direito de prefer\u00eancia","FCA","Ferrovia Centro-Atl\u00e2ntica","Ferrovias"],"articleSection":["Destaque lista"],"inLanguage":"pt-BR","copyrightYear":"2026","copyrightHolder":{"@id":"https:\/\/agenciainfra.com\/blog\/#organization"}},{"@type":"WebPage","@id":"https:\/\/agenciainfra.com\/blog\/fca-aprova-aumento-de-capital-de-r-15-bi-com-novas-acoes\/","url":"https:\/\/agenciainfra.com\/blog\/fca-aprova-aumento-de-capital-de-r-15-bi-com-novas-acoes\/","name":"FCA aprova aumento de capital de R$ 1,5 bi com novas a\u00e7\u00f5es - Ag\u00eancia iNFRA","isPartOf":{"@id":"https:\/\/agenciainfra.com\/blog\/#website"},"primaryImageOfPage":{"@id":"https:\/\/agenciainfra.com\/blog\/fca-aprova-aumento-de-capital-de-r-15-bi-com-novas-acoes\/#primaryimage"},"image":{"@id":"https:\/\/agenciainfra.com\/blog\/fca-aprova-aumento-de-capital-de-r-15-bi-com-novas-acoes\/#primaryimage"},"thumbnailUrl":"https:\/\/agenciainfra.com\/blog\/wp-content\/uploads\/2025\/08\/fca-ferrovia-centro-atlantica-foto-vli.png","datePublished":"2026-04-30T20:57:23+00:00","dateModified":"2026-04-30T20:57:25+00:00","breadcrumb":{"@id":"https:\/\/agenciainfra.com\/blog\/fca-aprova-aumento-de-capital-de-r-15-bi-com-novas-acoes\/#breadcrumb"},"inLanguage":"pt-BR","potentialAction":[{"@type":"ReadAction","target":["https:\/\/agenciainfra.com\/blog\/fca-aprova-aumento-de-capital-de-r-15-bi-com-novas-acoes\/"]}]},{"@type":"ImageObject","inLanguage":"pt-BR","@id":"https:\/\/agenciainfra.com\/blog\/fca-aprova-aumento-de-capital-de-r-15-bi-com-novas-acoes\/#primaryimage","url":"https:\/\/agenciainfra.com\/blog\/wp-content\/uploads\/2025\/08\/fca-ferrovia-centro-atlantica-foto-vli.png","contentUrl":"https:\/\/agenciainfra.com\/blog\/wp-content\/uploads\/2025\/08\/fca-ferrovia-centro-atlantica-foto-vli.png","width":1280,"height":781,"caption":"Foto: VLI\/Divulga\u00e7\u00e3o"},{"@type":"BreadcrumbList","@id":"https:\/\/agenciainfra.com\/blog\/fca-aprova-aumento-de-capital-de-r-15-bi-com-novas-acoes\/#breadcrumb","itemListElement":[{"@type":"ListItem","position":1,"name":"In\u00edcio","item":"https:\/\/agenciainfra.com\/blog\/"},{"@type":"ListItem","position":2,"name":"FCA aprova aumento de capital de R$ 1,5 bi com novas a\u00e7\u00f5es"}]},{"@type":"WebSite","@id":"https:\/\/agenciainfra.com\/blog\/#website","url":"https:\/\/agenciainfra.com\/blog\/","name":"Ag\u00eancia iNFRA","description":"Multiplataforma de informa\u00e7\u00e3o jornal\u00edstica refer\u00eancia na \u00e1rea de infraestrutura no Brasil!","publisher":{"@id":"https:\/\/agenciainfra.com\/blog\/#organization"},"potentialAction":[{"@type":"SearchAction","target":{"@type":"EntryPoint","urlTemplate":"https:\/\/agenciainfra.com\/blog\/?s={search_term_string}"},"query-input":{"@type":"PropertyValueSpecification","valueRequired":true,"valueName":"search_term_string"}}],"inLanguage":"pt-BR"},{"@type":"Organization","@id":"https:\/\/agenciainfra.com\/blog\/#organization","name":"Ag\u00eancia iNFRA","url":"https:\/\/agenciainfra.com\/blog\/","logo":{"@type":"ImageObject","inLanguage":"pt-BR","@id":"https:\/\/agenciainfra.com\/blog\/#\/schema\/logo\/image\/","url":"https:\/\/agenciainfra.com\/blog\/wp-content\/uploads\/2023\/09\/iNFRA_5-e1761735885940.png","contentUrl":"https:\/\/agenciainfra.com\/blog\/wp-content\/uploads\/2023\/09\/iNFRA_5-e1761735885940.png","width":1672,"height":454,"caption":"Ag\u00eancia iNFRA"},"image":{"@id":"https:\/\/agenciainfra.com\/blog\/#\/schema\/logo\/image\/"},"sameAs":["https:\/\/www.facebook.com\/ageninfra","https:\/\/x.com\/agencia_infra","https:\/\/www.linkedin.com\/company\/ag\u00eanciainfra\/","https:\/\/www.instagram.com\/agenciainfra\/"]},{"@type":"Person","@id":"https:\/\/agenciainfra.com\/blog\/#\/schema\/person\/34af08dff6adea4cb22b06612ba7acfa","name":"Ag\u00eancia iNFRA","image":{"@type":"ImageObject","inLanguage":"pt-BR","@id":"https:\/\/agenciainfra.com\/blog\/#\/schema\/person\/image\/","url":"https:\/\/secure.gravatar.com\/avatar\/d189e01678f06d8eb84d4e01f08eb848b3fffe3f8443818d3c356c66892f5be8?s=96&d=mm&r=g","contentUrl":"https:\/\/secure.gravatar.com\/avatar\/d189e01678f06d8eb84d4e01f08eb848b3fffe3f8443818d3c356c66892f5be8?s=96&d=mm&r=g","caption":"Ag\u00eancia iNFRA"},"url":"https:\/\/agenciainfra.com\/blog\/author\/admin\/"}]}},"_links":{"self":[{"href":"https:\/\/agenciainfra.com\/blog\/wp-json\/wp\/v2\/posts\/40427","targetHints":{"allow":["GET"]}}],"collection":[{"href":"https:\/\/agenciainfra.com\/blog\/wp-json\/wp\/v2\/posts"}],"about":[{"href":"https:\/\/agenciainfra.com\/blog\/wp-json\/wp\/v2\/types\/post"}],"author":[{"embeddable":true,"href":"https:\/\/agenciainfra.com\/blog\/wp-json\/wp\/v2\/users\/1"}],"replies":[{"embeddable":true,"href":"https:\/\/agenciainfra.com\/blog\/wp-json\/wp\/v2\/comments?post=40427"}],"version-history":[{"count":1,"href":"https:\/\/agenciainfra.com\/blog\/wp-json\/wp\/v2\/posts\/40427\/revisions"}],"predecessor-version":[{"id":40428,"href":"https:\/\/agenciainfra.com\/blog\/wp-json\/wp\/v2\/posts\/40427\/revisions\/40428"}],"wp:featuredmedia":[{"embeddable":true,"href":"https:\/\/agenciainfra.com\/blog\/wp-json\/wp\/v2\/media\/26245"}],"wp:attachment":[{"href":"https:\/\/agenciainfra.com\/blog\/wp-json\/wp\/v2\/media?parent=40427"}],"wp:term":[{"taxonomy":"category","embeddable":true,"href":"https:\/\/agenciainfra.com\/blog\/wp-json\/wp\/v2\/categories?post=40427"},{"taxonomy":"post_tag","embeddable":true,"href":"https:\/\/agenciainfra.com\/blog\/wp-json\/wp\/v2\/tags?post=40427"}],"curies":[{"name":"wp","href":"https:\/\/api.w.org\/{rel}","templated":true}]}}