{"id":40432,"date":"2026-04-30T18:43:39","date_gmt":"2026-04-30T21:43:39","guid":{"rendered":"https:\/\/agenciainfra.com\/blog\/?p=40432"},"modified":"2026-04-30T18:43:41","modified_gmt":"2026-04-30T21:43:41","slug":"antt-vai-abrir-audiencia-sobre-lotes-de-concessao-em-sc","status":"publish","type":"post","link":"https:\/\/agenciainfra.com\/blog\/antt-vai-abrir-audiencia-sobre-lotes-de-concessao-em-sc\/","title":{"rendered":"ANTT vai abrir audi\u00eancia sobre lotes de concess\u00e3o em SC"},"content":{"rendered":"\n<p class=\"has-text-align-right\"><strong>Amanda Pupo, da Ag\u00eancia iNFRA<\/strong><\/p>\n\n\n\n<p>A ANTT (Ag\u00eancia Nacional de Transportes Terrestres) prev\u00ea votar na pr\u00f3xima quinta-feira (7) abertura de audi\u00eancia p\u00fablica sobre a concess\u00e3o de lotes de rodovias em Santa Catarina. Segundo a pauta da ag\u00eancia, o Lote 1 \u00e9 composto por trechos das rodovias BR-153\/SC, BR-282\/SC e BR-470\/SC, com extens\u00e3o total aproximada de 515,6 quil\u00f4metros, e o Lote 3 por trechos das rodovias BR-153\/SC, BR-282\/SC e BR-480\/SC, com extens\u00e3o estimada de 166 quil\u00f4metros.&nbsp;<\/p>\n\n\n\n<p>A previs\u00e3o tamb\u00e9m confirma que a diretoria vai votar o projeto do primeiro chamamento p\u00fablico para autoriza\u00e7\u00e3o de ferrovia, referente ao corredor Minas-Rio.<\/p>\n\n\n\n<p><strong>Transnordestina<br><\/strong>No TCU (Tribunal de Contas da Uni\u00e3o), o tribunal prev\u00ea votar na sess\u00e3o plen\u00e1ria da pr\u00f3xima quarta-feira (6) o acordo de repactua\u00e7\u00e3o do contrato da FTL (Ferrovia Transnordestina Log\u00edstica), que foi negociado na SecexConsenso do TCU e fechado no fim do ano passado.<\/p>\n\n\n\n<p>Como mostrou a <strong>Ag\u00eancia iNFRA<\/strong> \u00e0 \u00e9poca, as partes conseguiram chegar a um consenso sobre alguns pontos da premissa inicial, como os valores que ser\u00e3o pagos pela FTL para indenizar a devolu\u00e7\u00e3o de parte da malha e sobre a execu\u00e7\u00e3o dos VLTs (Ve\u00edculos Leves sobre Trilhos) de Campina Grande (PB) e Arapiraca (AL). J\u00e1 a prorroga\u00e7\u00e3o do contrato que vence em 2027 ser\u00e1 avaliada no \u00e2mbito da ANTT e depois precisar\u00e1 passar pela aprova\u00e7\u00e3o do TCU.\u00a0<\/p>\n\n\n\n<p><\/p>\n","protected":false},"excerpt":{"rendered":"<p>Amanda Pupo, da Ag\u00eancia iNFRA A ANTT (Ag\u00eancia Nacional de Transportes Terrestres) prev\u00ea votar na pr\u00f3xima quinta-feira (7) abertura de audi\u00eancia p\u00fablica sobre a concess\u00e3o de lotes de rodovias em Santa Catarina. Segundo a pauta da ag\u00eancia, o Lote 1 \u00e9 composto por trechos das rodovias BR-153\/SC, BR-282\/SC e BR-470\/SC, com extens\u00e3o total aproximada de [&hellip;]<\/p>\n","protected":false},"author":1,"featured_media":18214,"comment_status":"closed","ping_status":"closed","sticky":false,"template":"","format":"standard","meta":{"_monsterinsights_skip_tracking":false,"_monsterinsights_sitenote_active":false,"_monsterinsights_sitenote_note":"","_monsterinsights_sitenote_category":0,"footnotes":""},"categories":[7250],"tags":[13354,19,3020,19682,19683,3080,951,2131,668,7218,18,504],"class_list":["post-40432","post","type-post","status-publish","format-standard","has-post-thumbnail","hentry","category-destaque-lista","tag-amanda-pupo","tag-antt","tag-audiencia-publica","tag-br-153-sc","tag-br-282-sc","tag-br-470-sc","tag-concessoes-de-rodovias","tag-repactuacao","tag-santa-catarina","tag-secexconsenso","tag-tcu","tag-transnordestina"],"yoast_head":"<!-- This site is optimized with the Yoast SEO Premium plugin v25.4 (Yoast SEO v26.0) - https:\/\/yoast.com\/wordpress\/plugins\/seo\/ -->\n<title>ANTT vai abrir audi\u00eancia sobre lotes de concess\u00e3o em SC - Ag\u00eancia iNFRA<\/title>\n<meta name=\"robots\" content=\"index, follow, max-snippet:-1, max-image-preview:large, max-video-preview:-1\" \/>\n<link rel=\"canonical\" href=\"https:\/\/agenciainfra.com\/blog\/antt-vai-abrir-audiencia-sobre-lotes-de-concessao-em-sc\/\" \/>\n<meta property=\"og:locale\" content=\"pt_BR\" \/>\n<meta property=\"og:type\" content=\"article\" \/>\n<meta property=\"og:title\" content=\"ANTT vai abrir audi\u00eancia sobre lotes de concess\u00e3o em SC\" \/>\n<meta property=\"og:description\" content=\"Amanda Pupo, da Ag\u00eancia iNFRA A ANTT (Ag\u00eancia Nacional de Transportes Terrestres) prev\u00ea votar na pr\u00f3xima quinta-feira (7) abertura de audi\u00eancia p\u00fablica sobre a concess\u00e3o de lotes de rodovias em Santa Catarina. Segundo a pauta da ag\u00eancia, o Lote 1 \u00e9 composto por trechos das rodovias BR-153\/SC, BR-282\/SC e BR-470\/SC, com extens\u00e3o total aproximada de [&hellip;]\" \/>\n<meta property=\"og:url\" content=\"https:\/\/agenciainfra.com\/blog\/antt-vai-abrir-audiencia-sobre-lotes-de-concessao-em-sc\/\" \/>\n<meta property=\"og:site_name\" content=\"Ag\u00eancia iNFRA\" \/>\n<meta property=\"article:publisher\" content=\"https:\/\/www.facebook.com\/ageninfra\" \/>\n<meta property=\"article:published_time\" content=\"2026-04-30T21:43:39+00:00\" \/>\n<meta property=\"article:modified_time\" content=\"2026-04-30T21:43:41+00:00\" \/>\n<meta property=\"og:image\" content=\"https:\/\/agenciainfra.com\/blog\/wp-content\/uploads\/2024\/08\/fachada-antt-foto-governo-federal-2.jpeg\" \/>\n\t<meta property=\"og:image:width\" content=\"1202\" \/>\n\t<meta property=\"og:image:height\" content=\"801\" \/>\n\t<meta property=\"og:image:type\" content=\"image\/jpeg\" \/>\n<meta name=\"author\" content=\"Ag\u00eancia iNFRA\" \/>\n<meta name=\"twitter:card\" content=\"summary_large_image\" \/>\n<meta name=\"twitter:creator\" content=\"@agencia_infra\" \/>\n<meta name=\"twitter:site\" content=\"@agencia_infra\" \/>\n<meta name=\"twitter:label1\" content=\"Escrito por\" \/>\n\t<meta name=\"twitter:data1\" content=\"Ag\u00eancia iNFRA\" \/>\n\t<meta name=\"twitter:label2\" content=\"Est. tempo de leitura\" \/>\n\t<meta name=\"twitter:data2\" content=\"1 minuto\" \/>\n<script type=\"application\/ld+json\" class=\"yoast-schema-graph\">{\"@context\":\"https:\/\/schema.org\",\"@graph\":[{\"@type\":\"Article\",\"@id\":\"https:\/\/agenciainfra.com\/blog\/antt-vai-abrir-audiencia-sobre-lotes-de-concessao-em-sc\/#article\",\"isPartOf\":{\"@id\":\"https:\/\/agenciainfra.com\/blog\/antt-vai-abrir-audiencia-sobre-lotes-de-concessao-em-sc\/\"},\"author\":{\"name\":\"Ag\u00eancia iNFRA\",\"@id\":\"https:\/\/agenciainfra.com\/blog\/#\/schema\/person\/34af08dff6adea4cb22b06612ba7acfa\"},\"headline\":\"ANTT vai abrir audi\u00eancia sobre lotes de concess\u00e3o em SC\",\"datePublished\":\"2026-04-30T21:43:39+00:00\",\"dateModified\":\"2026-04-30T21:43:41+00:00\",\"mainEntityOfPage\":{\"@id\":\"https:\/\/agenciainfra.com\/blog\/antt-vai-abrir-audiencia-sobre-lotes-de-concessao-em-sc\/\"},\"wordCount\":256,\"publisher\":{\"@id\":\"https:\/\/agenciainfra.com\/blog\/#organization\"},\"image\":{\"@id\":\"https:\/\/agenciainfra.com\/blog\/antt-vai-abrir-audiencia-sobre-lotes-de-concessao-em-sc\/#primaryimage\"},\"thumbnailUrl\":\"https:\/\/agenciainfra.com\/blog\/wp-content\/uploads\/2024\/08\/fachada-antt-foto-governo-federal-2.jpeg\",\"keywords\":[\"Amanda Pupo\",\"ANTT\",\"audi\u00eancia p\u00fablica\",\"BR-153\/SC\",\"BR-282\/SC\",\"BR-470\/SC\",\"concess\u00f5es de rodovias\",\"repactua\u00e7\u00e3o\",\"Santa Catarina\",\"SecexConsenso\",\"TCU\",\"Transnordestina\"],\"articleSection\":[\"Destaque lista\"],\"inLanguage\":\"pt-BR\",\"copyrightYear\":\"2026\",\"copyrightHolder\":{\"@id\":\"https:\/\/agenciainfra.com\/blog\/#organization\"}},{\"@type\":\"WebPage\",\"@id\":\"https:\/\/agenciainfra.com\/blog\/antt-vai-abrir-audiencia-sobre-lotes-de-concessao-em-sc\/\",\"url\":\"https:\/\/agenciainfra.com\/blog\/antt-vai-abrir-audiencia-sobre-lotes-de-concessao-em-sc\/\",\"name\":\"ANTT vai abrir audi\u00eancia sobre lotes de concess\u00e3o em SC - Ag\u00eancia iNFRA\",\"isPartOf\":{\"@id\":\"https:\/\/agenciainfra.com\/blog\/#website\"},\"primaryImageOfPage\":{\"@id\":\"https:\/\/agenciainfra.com\/blog\/antt-vai-abrir-audiencia-sobre-lotes-de-concessao-em-sc\/#primaryimage\"},\"image\":{\"@id\":\"https:\/\/agenciainfra.com\/blog\/antt-vai-abrir-audiencia-sobre-lotes-de-concessao-em-sc\/#primaryimage\"},\"thumbnailUrl\":\"https:\/\/agenciainfra.com\/blog\/wp-content\/uploads\/2024\/08\/fachada-antt-foto-governo-federal-2.jpeg\",\"datePublished\":\"2026-04-30T21:43:39+00:00\",\"dateModified\":\"2026-04-30T21:43:41+00:00\",\"breadcrumb\":{\"@id\":\"https:\/\/agenciainfra.com\/blog\/antt-vai-abrir-audiencia-sobre-lotes-de-concessao-em-sc\/#breadcrumb\"},\"inLanguage\":\"pt-BR\",\"potentialAction\":[{\"@type\":\"ReadAction\",\"target\":[\"https:\/\/agenciainfra.com\/blog\/antt-vai-abrir-audiencia-sobre-lotes-de-concessao-em-sc\/\"]}]},{\"@type\":\"ImageObject\",\"inLanguage\":\"pt-BR\",\"@id\":\"https:\/\/agenciainfra.com\/blog\/antt-vai-abrir-audiencia-sobre-lotes-de-concessao-em-sc\/#primaryimage\",\"url\":\"https:\/\/agenciainfra.com\/blog\/wp-content\/uploads\/2024\/08\/fachada-antt-foto-governo-federal-2.jpeg\",\"contentUrl\":\"https:\/\/agenciainfra.com\/blog\/wp-content\/uploads\/2024\/08\/fachada-antt-foto-governo-federal-2.jpeg\",\"width\":1202,\"height\":801,\"caption\":\"Foto: Governo Federal\"},{\"@type\":\"BreadcrumbList\",\"@id\":\"https:\/\/agenciainfra.com\/blog\/antt-vai-abrir-audiencia-sobre-lotes-de-concessao-em-sc\/#breadcrumb\",\"itemListElement\":[{\"@type\":\"ListItem\",\"position\":1,\"name\":\"In\u00edcio\",\"item\":\"https:\/\/agenciainfra.com\/blog\/\"},{\"@type\":\"ListItem\",\"position\":2,\"name\":\"ANTT vai abrir audi\u00eancia sobre lotes de concess\u00e3o em SC\"}]},{\"@type\":\"WebSite\",\"@id\":\"https:\/\/agenciainfra.com\/blog\/#website\",\"url\":\"https:\/\/agenciainfra.com\/blog\/\",\"name\":\"Ag\u00eancia iNFRA\",\"description\":\"Multiplataforma de informa\u00e7\u00e3o jornal\u00edstica refer\u00eancia na \u00e1rea de infraestrutura no Brasil!\",\"publisher\":{\"@id\":\"https:\/\/agenciainfra.com\/blog\/#organization\"},\"potentialAction\":[{\"@type\":\"SearchAction\",\"target\":{\"@type\":\"EntryPoint\",\"urlTemplate\":\"https:\/\/agenciainfra.com\/blog\/?s={search_term_string}\"},\"query-input\":{\"@type\":\"PropertyValueSpecification\",\"valueRequired\":true,\"valueName\":\"search_term_string\"}}],\"inLanguage\":\"pt-BR\"},{\"@type\":\"Organization\",\"@id\":\"https:\/\/agenciainfra.com\/blog\/#organization\",\"name\":\"Ag\u00eancia iNFRA\",\"url\":\"https:\/\/agenciainfra.com\/blog\/\",\"logo\":{\"@type\":\"ImageObject\",\"inLanguage\":\"pt-BR\",\"@id\":\"https:\/\/agenciainfra.com\/blog\/#\/schema\/logo\/image\/\",\"url\":\"https:\/\/agenciainfra.com\/blog\/wp-content\/uploads\/2023\/09\/iNFRA_5-e1761735885940.png\",\"contentUrl\":\"https:\/\/agenciainfra.com\/blog\/wp-content\/uploads\/2023\/09\/iNFRA_5-e1761735885940.png\",\"width\":1672,\"height\":454,\"caption\":\"Ag\u00eancia iNFRA\"},\"image\":{\"@id\":\"https:\/\/agenciainfra.com\/blog\/#\/schema\/logo\/image\/\"},\"sameAs\":[\"https:\/\/www.facebook.com\/ageninfra\",\"https:\/\/x.com\/agencia_infra\",\"https:\/\/www.linkedin.com\/company\/ag\u00eanciainfra\/\",\"https:\/\/www.instagram.com\/agenciainfra\/\"]},{\"@type\":\"Person\",\"@id\":\"https:\/\/agenciainfra.com\/blog\/#\/schema\/person\/34af08dff6adea4cb22b06612ba7acfa\",\"name\":\"Ag\u00eancia iNFRA\",\"image\":{\"@type\":\"ImageObject\",\"inLanguage\":\"pt-BR\",\"@id\":\"https:\/\/agenciainfra.com\/blog\/#\/schema\/person\/image\/\",\"url\":\"https:\/\/secure.gravatar.com\/avatar\/d189e01678f06d8eb84d4e01f08eb848b3fffe3f8443818d3c356c66892f5be8?s=96&d=mm&r=g\",\"contentUrl\":\"https:\/\/secure.gravatar.com\/avatar\/d189e01678f06d8eb84d4e01f08eb848b3fffe3f8443818d3c356c66892f5be8?s=96&d=mm&r=g\",\"caption\":\"Ag\u00eancia iNFRA\"},\"url\":\"https:\/\/agenciainfra.com\/blog\/author\/admin\/\"}]}<\/script>\n<!-- \/ Yoast SEO Premium plugin. -->","yoast_head_json":{"title":"ANTT vai abrir audi\u00eancia sobre lotes de concess\u00e3o em SC - Ag\u00eancia iNFRA","robots":{"index":"index","follow":"follow","max-snippet":"max-snippet:-1","max-image-preview":"max-image-preview:large","max-video-preview":"max-video-preview:-1"},"canonical":"https:\/\/agenciainfra.com\/blog\/antt-vai-abrir-audiencia-sobre-lotes-de-concessao-em-sc\/","og_locale":"pt_BR","og_type":"article","og_title":"ANTT vai abrir audi\u00eancia sobre lotes de concess\u00e3o em SC","og_description":"Amanda Pupo, da Ag\u00eancia iNFRA A ANTT (Ag\u00eancia Nacional de Transportes Terrestres) prev\u00ea votar na pr\u00f3xima quinta-feira (7) abertura de audi\u00eancia p\u00fablica sobre a concess\u00e3o de lotes de rodovias em Santa Catarina. Segundo a pauta da ag\u00eancia, o Lote 1 \u00e9 composto por trechos das rodovias BR-153\/SC, BR-282\/SC e BR-470\/SC, com extens\u00e3o total aproximada de [&hellip;]","og_url":"https:\/\/agenciainfra.com\/blog\/antt-vai-abrir-audiencia-sobre-lotes-de-concessao-em-sc\/","og_site_name":"Ag\u00eancia iNFRA","article_publisher":"https:\/\/www.facebook.com\/ageninfra","article_published_time":"2026-04-30T21:43:39+00:00","article_modified_time":"2026-04-30T21:43:41+00:00","og_image":[{"width":1202,"height":801,"url":"https:\/\/agenciainfra.com\/blog\/wp-content\/uploads\/2024\/08\/fachada-antt-foto-governo-federal-2.jpeg","type":"image\/jpeg"}],"author":"Ag\u00eancia iNFRA","twitter_card":"summary_large_image","twitter_creator":"@agencia_infra","twitter_site":"@agencia_infra","twitter_misc":{"Escrito por":"Ag\u00eancia iNFRA","Est. tempo de leitura":"1 minuto"},"schema":{"@context":"https:\/\/schema.org","@graph":[{"@type":"Article","@id":"https:\/\/agenciainfra.com\/blog\/antt-vai-abrir-audiencia-sobre-lotes-de-concessao-em-sc\/#article","isPartOf":{"@id":"https:\/\/agenciainfra.com\/blog\/antt-vai-abrir-audiencia-sobre-lotes-de-concessao-em-sc\/"},"author":{"name":"Ag\u00eancia iNFRA","@id":"https:\/\/agenciainfra.com\/blog\/#\/schema\/person\/34af08dff6adea4cb22b06612ba7acfa"},"headline":"ANTT vai abrir audi\u00eancia sobre lotes de concess\u00e3o em SC","datePublished":"2026-04-30T21:43:39+00:00","dateModified":"2026-04-30T21:43:41+00:00","mainEntityOfPage":{"@id":"https:\/\/agenciainfra.com\/blog\/antt-vai-abrir-audiencia-sobre-lotes-de-concessao-em-sc\/"},"wordCount":256,"publisher":{"@id":"https:\/\/agenciainfra.com\/blog\/#organization"},"image":{"@id":"https:\/\/agenciainfra.com\/blog\/antt-vai-abrir-audiencia-sobre-lotes-de-concessao-em-sc\/#primaryimage"},"thumbnailUrl":"https:\/\/agenciainfra.com\/blog\/wp-content\/uploads\/2024\/08\/fachada-antt-foto-governo-federal-2.jpeg","keywords":["Amanda Pupo","ANTT","audi\u00eancia p\u00fablica","BR-153\/SC","BR-282\/SC","BR-470\/SC","concess\u00f5es de rodovias","repactua\u00e7\u00e3o","Santa Catarina","SecexConsenso","TCU","Transnordestina"],"articleSection":["Destaque lista"],"inLanguage":"pt-BR","copyrightYear":"2026","copyrightHolder":{"@id":"https:\/\/agenciainfra.com\/blog\/#organization"}},{"@type":"WebPage","@id":"https:\/\/agenciainfra.com\/blog\/antt-vai-abrir-audiencia-sobre-lotes-de-concessao-em-sc\/","url":"https:\/\/agenciainfra.com\/blog\/antt-vai-abrir-audiencia-sobre-lotes-de-concessao-em-sc\/","name":"ANTT vai abrir audi\u00eancia sobre lotes de concess\u00e3o em SC - Ag\u00eancia iNFRA","isPartOf":{"@id":"https:\/\/agenciainfra.com\/blog\/#website"},"primaryImageOfPage":{"@id":"https:\/\/agenciainfra.com\/blog\/antt-vai-abrir-audiencia-sobre-lotes-de-concessao-em-sc\/#primaryimage"},"image":{"@id":"https:\/\/agenciainfra.com\/blog\/antt-vai-abrir-audiencia-sobre-lotes-de-concessao-em-sc\/#primaryimage"},"thumbnailUrl":"https:\/\/agenciainfra.com\/blog\/wp-content\/uploads\/2024\/08\/fachada-antt-foto-governo-federal-2.jpeg","datePublished":"2026-04-30T21:43:39+00:00","dateModified":"2026-04-30T21:43:41+00:00","breadcrumb":{"@id":"https:\/\/agenciainfra.com\/blog\/antt-vai-abrir-audiencia-sobre-lotes-de-concessao-em-sc\/#breadcrumb"},"inLanguage":"pt-BR","potentialAction":[{"@type":"ReadAction","target":["https:\/\/agenciainfra.com\/blog\/antt-vai-abrir-audiencia-sobre-lotes-de-concessao-em-sc\/"]}]},{"@type":"ImageObject","inLanguage":"pt-BR","@id":"https:\/\/agenciainfra.com\/blog\/antt-vai-abrir-audiencia-sobre-lotes-de-concessao-em-sc\/#primaryimage","url":"https:\/\/agenciainfra.com\/blog\/wp-content\/uploads\/2024\/08\/fachada-antt-foto-governo-federal-2.jpeg","contentUrl":"https:\/\/agenciainfra.com\/blog\/wp-content\/uploads\/2024\/08\/fachada-antt-foto-governo-federal-2.jpeg","width":1202,"height":801,"caption":"Foto: Governo Federal"},{"@type":"BreadcrumbList","@id":"https:\/\/agenciainfra.com\/blog\/antt-vai-abrir-audiencia-sobre-lotes-de-concessao-em-sc\/#breadcrumb","itemListElement":[{"@type":"ListItem","position":1,"name":"In\u00edcio","item":"https:\/\/agenciainfra.com\/blog\/"},{"@type":"ListItem","position":2,"name":"ANTT vai abrir audi\u00eancia sobre lotes de concess\u00e3o em SC"}]},{"@type":"WebSite","@id":"https:\/\/agenciainfra.com\/blog\/#website","url":"https:\/\/agenciainfra.com\/blog\/","name":"Ag\u00eancia iNFRA","description":"Multiplataforma de informa\u00e7\u00e3o jornal\u00edstica refer\u00eancia na \u00e1rea de infraestrutura no Brasil!","publisher":{"@id":"https:\/\/agenciainfra.com\/blog\/#organization"},"potentialAction":[{"@type":"SearchAction","target":{"@type":"EntryPoint","urlTemplate":"https:\/\/agenciainfra.com\/blog\/?s={search_term_string}"},"query-input":{"@type":"PropertyValueSpecification","valueRequired":true,"valueName":"search_term_string"}}],"inLanguage":"pt-BR"},{"@type":"Organization","@id":"https:\/\/agenciainfra.com\/blog\/#organization","name":"Ag\u00eancia iNFRA","url":"https:\/\/agenciainfra.com\/blog\/","logo":{"@type":"ImageObject","inLanguage":"pt-BR","@id":"https:\/\/agenciainfra.com\/blog\/#\/schema\/logo\/image\/","url":"https:\/\/agenciainfra.com\/blog\/wp-content\/uploads\/2023\/09\/iNFRA_5-e1761735885940.png","contentUrl":"https:\/\/agenciainfra.com\/blog\/wp-content\/uploads\/2023\/09\/iNFRA_5-e1761735885940.png","width":1672,"height":454,"caption":"Ag\u00eancia iNFRA"},"image":{"@id":"https:\/\/agenciainfra.com\/blog\/#\/schema\/logo\/image\/"},"sameAs":["https:\/\/www.facebook.com\/ageninfra","https:\/\/x.com\/agencia_infra","https:\/\/www.linkedin.com\/company\/ag\u00eanciainfra\/","https:\/\/www.instagram.com\/agenciainfra\/"]},{"@type":"Person","@id":"https:\/\/agenciainfra.com\/blog\/#\/schema\/person\/34af08dff6adea4cb22b06612ba7acfa","name":"Ag\u00eancia iNFRA","image":{"@type":"ImageObject","inLanguage":"pt-BR","@id":"https:\/\/agenciainfra.com\/blog\/#\/schema\/person\/image\/","url":"https:\/\/secure.gravatar.com\/avatar\/d189e01678f06d8eb84d4e01f08eb848b3fffe3f8443818d3c356c66892f5be8?s=96&d=mm&r=g","contentUrl":"https:\/\/secure.gravatar.com\/avatar\/d189e01678f06d8eb84d4e01f08eb848b3fffe3f8443818d3c356c66892f5be8?s=96&d=mm&r=g","caption":"Ag\u00eancia iNFRA"},"url":"https:\/\/agenciainfra.com\/blog\/author\/admin\/"}]}},"_links":{"self":[{"href":"https:\/\/agenciainfra.com\/blog\/wp-json\/wp\/v2\/posts\/40432","targetHints":{"allow":["GET"]}}],"collection":[{"href":"https:\/\/agenciainfra.com\/blog\/wp-json\/wp\/v2\/posts"}],"about":[{"href":"https:\/\/agenciainfra.com\/blog\/wp-json\/wp\/v2\/types\/post"}],"author":[{"embeddable":true,"href":"https:\/\/agenciainfra.com\/blog\/wp-json\/wp\/v2\/users\/1"}],"replies":[{"embeddable":true,"href":"https:\/\/agenciainfra.com\/blog\/wp-json\/wp\/v2\/comments?post=40432"}],"version-history":[{"count":1,"href":"https:\/\/agenciainfra.com\/blog\/wp-json\/wp\/v2\/posts\/40432\/revisions"}],"predecessor-version":[{"id":40436,"href":"https:\/\/agenciainfra.com\/blog\/wp-json\/wp\/v2\/posts\/40432\/revisions\/40436"}],"wp:featuredmedia":[{"embeddable":true,"href":"https:\/\/agenciainfra.com\/blog\/wp-json\/wp\/v2\/media\/18214"}],"wp:attachment":[{"href":"https:\/\/agenciainfra.com\/blog\/wp-json\/wp\/v2\/media?parent=40432"}],"wp:term":[{"taxonomy":"category","embeddable":true,"href":"https:\/\/agenciainfra.com\/blog\/wp-json\/wp\/v2\/categories?post=40432"},{"taxonomy":"post_tag","embeddable":true,"href":"https:\/\/agenciainfra.com\/blog\/wp-json\/wp\/v2\/tags?post=40432"}],"curies":[{"name":"wp","href":"https:\/\/api.w.org\/{rel}","templated":true}]}}