{"id":40434,"date":"2026-04-30T19:03:30","date_gmt":"2026-04-30T22:03:30","guid":{"rendered":"https:\/\/agenciainfra.com\/blog\/?p=40434"},"modified":"2026-04-30T19:03:39","modified_gmt":"2026-04-30T22:03:39","slug":"petrobras-retoma-producao-de-ureia-em-fabrica-no-parana","status":"publish","type":"post","link":"https:\/\/agenciainfra.com\/blog\/petrobras-retoma-producao-de-ureia-em-fabrica-no-parana\/","title":{"rendered":"Petrobras retoma produ\u00e7\u00e3o de ureia em f\u00e1brica no Paran\u00e1"},"content":{"rendered":"\n<p class=\"has-text-align-right\"><strong>da Ag\u00eancia iNFRA<\/strong><\/p>\n\n\n\n<p>A Petrobras iniciou, nesta quinta-feira (30), a produ\u00e7\u00e3o de ureia na Ansa (Arauc\u00e1ria Nitrogenados S.A.), em Arauc\u00e1ria (PR), marcando a retomada das opera\u00e7\u00f5es da unidade ap\u00f3s cerca de quatro anos de hiberna\u00e7\u00e3o.<\/p>\n\n\n\n<p>A f\u00e1brica tem capacidade de produzir at\u00e9 720 mil toneladas de ureia por ano, o equivalente a cerca de 8% do mercado nacional. A reativa\u00e7\u00e3o integra a estrat\u00e9gia da companhia de retomar presen\u00e7a no segmento de fertilizantes e reduzir a depend\u00eancia brasileira de importa\u00e7\u00f5es desse insumo.<\/p>\n\n\n\n<p>Segundo a companhia, o retorno das atividades envolveu investimentos de aproximadamente R$ 870 milh\u00f5es e um processo de prepara\u00e7\u00e3o que incluiu manuten\u00e7\u00e3o de equipamentos, testes operacionais e recomposi\u00e7\u00e3o da for\u00e7a de trabalho. Durante a fase de mobiliza\u00e7\u00e3o, foram gerados mais de 2 mil empregos, al\u00e9m da manuten\u00e7\u00e3o de cerca de 700 postos diretos na opera\u00e7\u00e3o.<\/p>\n\n\n\n<p>Antes de iniciar a produ\u00e7\u00e3o de ureia, a unidade j\u00e1 havia retomado a fabrica\u00e7\u00e3o de am\u00f4nia e de ARLA 32, insumo utilizado para redu\u00e7\u00e3o de emiss\u00f5es em ve\u00edculos a diesel. <\/p>\n\n\n\n<p>Com a volta da Ansa e a reativa\u00e7\u00e3o das f\u00e1bricas de fertilizantes na Bahia e em Sergipe, a Petrobras projeta alcan\u00e7ar cerca de 20% de participa\u00e7\u00e3o no mercado interno de ureia. A companhia tamb\u00e9m avan\u00e7a na constru\u00e7\u00e3o de uma nova unidade em Tr\u00eas Lagoas, prevista para entrar em opera\u00e7\u00e3o at\u00e9 2029, o que pode ampliar essa participa\u00e7\u00e3o para cerca de 35% nos pr\u00f3ximos anos.<\/p>\n","protected":false},"excerpt":{"rendered":"<p>da Ag\u00eancia iNFRA A Petrobras iniciou, nesta quinta-feira (30), a produ\u00e7\u00e3o de ureia na Ansa (Arauc\u00e1ria Nitrogenados S.A.), em Arauc\u00e1ria (PR), marcando a retomada das opera\u00e7\u00f5es da unidade ap\u00f3s cerca de quatro anos de hiberna\u00e7\u00e3o. A f\u00e1brica tem capacidade de produzir at\u00e9 720 mil toneladas de ureia por ano, o equivalente a cerca de 8% [&hellip;]<\/p>\n","protected":false},"author":1,"featured_media":40435,"comment_status":"closed","ping_status":"closed","sticky":false,"template":"","format":"standard","meta":{"_monsterinsights_skip_tracking":false,"_monsterinsights_sitenote_active":false,"_monsterinsights_sitenote_note":"","_monsterinsights_sitenote_category":0,"footnotes":""},"categories":[13576],"tags":[13886,19686,620,143,19684],"class_list":["post-40434","post","type-post","status-publish","format-standard","has-post-thumbnail","hentry","category-giro-infra","tag-ansa","tag-araucaria-nitrogenados-s-a-2","tag-parana","tag-petrobras","tag-producao-de-ureia"],"yoast_head":"<!-- This site is optimized with the Yoast SEO Premium plugin v25.4 (Yoast SEO v26.0) - https:\/\/yoast.com\/wordpress\/plugins\/seo\/ -->\n<title>Petrobras retoma produ\u00e7\u00e3o de ureia em f\u00e1brica no Paran\u00e1 - Ag\u00eancia iNFRA<\/title>\n<meta name=\"robots\" content=\"index, follow, max-snippet:-1, max-image-preview:large, max-video-preview:-1\" \/>\n<link rel=\"canonical\" href=\"https:\/\/agenciainfra.com\/blog\/petrobras-retoma-producao-de-ureia-em-fabrica-no-parana\/\" \/>\n<meta property=\"og:locale\" content=\"pt_BR\" \/>\n<meta property=\"og:type\" content=\"article\" \/>\n<meta property=\"og:title\" content=\"Petrobras retoma produ\u00e7\u00e3o de ureia em f\u00e1brica no Paran\u00e1\" \/>\n<meta property=\"og:description\" content=\"da Ag\u00eancia iNFRA A Petrobras iniciou, nesta quinta-feira (30), a produ\u00e7\u00e3o de ureia na Ansa (Arauc\u00e1ria Nitrogenados S.A.), em Arauc\u00e1ria (PR), marcando a retomada das opera\u00e7\u00f5es da unidade ap\u00f3s cerca de quatro anos de hiberna\u00e7\u00e3o. A f\u00e1brica tem capacidade de produzir at\u00e9 720 mil toneladas de ureia por ano, o equivalente a cerca de 8% [&hellip;]\" \/>\n<meta property=\"og:url\" content=\"https:\/\/agenciainfra.com\/blog\/petrobras-retoma-producao-de-ureia-em-fabrica-no-parana\/\" \/>\n<meta property=\"og:site_name\" content=\"Ag\u00eancia iNFRA\" \/>\n<meta property=\"article:publisher\" content=\"https:\/\/www.facebook.com\/ageninfra\" \/>\n<meta property=\"article:published_time\" content=\"2026-04-30T22:03:30+00:00\" \/>\n<meta property=\"article:modified_time\" content=\"2026-04-30T22:03:39+00:00\" \/>\n<meta property=\"og:image\" content=\"https:\/\/agenciainfra.com\/blog\/wp-content\/uploads\/2026\/04\/ANSA-Foto-Credito-Michel-Chedid-Agencia-Petrobras-e1777585367354.jpg\" \/>\n\t<meta property=\"og:image:width\" content=\"1280\" \/>\n\t<meta property=\"og:image:height\" content=\"720\" \/>\n\t<meta property=\"og:image:type\" content=\"image\/jpeg\" \/>\n<meta name=\"author\" content=\"Ag\u00eancia iNFRA\" \/>\n<meta name=\"twitter:card\" content=\"summary_large_image\" \/>\n<meta name=\"twitter:creator\" content=\"@agencia_infra\" \/>\n<meta name=\"twitter:site\" content=\"@agencia_infra\" \/>\n<meta name=\"twitter:label1\" content=\"Escrito por\" \/>\n\t<meta name=\"twitter:data1\" content=\"Ag\u00eancia iNFRA\" \/>\n\t<meta name=\"twitter:label2\" content=\"Est. tempo de leitura\" \/>\n\t<meta name=\"twitter:data2\" content=\"1 minuto\" \/>\n<script type=\"application\/ld+json\" class=\"yoast-schema-graph\">{\"@context\":\"https:\/\/schema.org\",\"@graph\":[{\"@type\":\"Article\",\"@id\":\"https:\/\/agenciainfra.com\/blog\/petrobras-retoma-producao-de-ureia-em-fabrica-no-parana\/#article\",\"isPartOf\":{\"@id\":\"https:\/\/agenciainfra.com\/blog\/petrobras-retoma-producao-de-ureia-em-fabrica-no-parana\/\"},\"author\":{\"name\":\"Ag\u00eancia iNFRA\",\"@id\":\"https:\/\/agenciainfra.com\/blog\/#\/schema\/person\/34af08dff6adea4cb22b06612ba7acfa\"},\"headline\":\"Petrobras retoma produ\u00e7\u00e3o de ureia em f\u00e1brica no Paran\u00e1\",\"datePublished\":\"2026-04-30T22:03:30+00:00\",\"dateModified\":\"2026-04-30T22:03:39+00:00\",\"mainEntityOfPage\":{\"@id\":\"https:\/\/agenciainfra.com\/blog\/petrobras-retoma-producao-de-ureia-em-fabrica-no-parana\/\"},\"wordCount\":271,\"publisher\":{\"@id\":\"https:\/\/agenciainfra.com\/blog\/#organization\"},\"image\":{\"@id\":\"https:\/\/agenciainfra.com\/blog\/petrobras-retoma-producao-de-ureia-em-fabrica-no-parana\/#primaryimage\"},\"thumbnailUrl\":\"https:\/\/agenciainfra.com\/blog\/wp-content\/uploads\/2026\/04\/ANSA-Foto-Credito-Michel-Chedid-Agencia-Petrobras-e1777585367354.jpg\",\"keywords\":[\"Ansa\",\"Arauc\u00e1ria Nitrogenados S.A.\",\"Paran\u00e1\",\"Petrobras\",\"produ\u00e7\u00e3o de ureia\"],\"articleSection\":[\"Giro iNFRA\"],\"inLanguage\":\"pt-BR\",\"copyrightYear\":\"2026\",\"copyrightHolder\":{\"@id\":\"https:\/\/agenciainfra.com\/blog\/#organization\"}},{\"@type\":\"WebPage\",\"@id\":\"https:\/\/agenciainfra.com\/blog\/petrobras-retoma-producao-de-ureia-em-fabrica-no-parana\/\",\"url\":\"https:\/\/agenciainfra.com\/blog\/petrobras-retoma-producao-de-ureia-em-fabrica-no-parana\/\",\"name\":\"Petrobras retoma produ\u00e7\u00e3o de ureia em f\u00e1brica no Paran\u00e1 - Ag\u00eancia iNFRA\",\"isPartOf\":{\"@id\":\"https:\/\/agenciainfra.com\/blog\/#website\"},\"primaryImageOfPage\":{\"@id\":\"https:\/\/agenciainfra.com\/blog\/petrobras-retoma-producao-de-ureia-em-fabrica-no-parana\/#primaryimage\"},\"image\":{\"@id\":\"https:\/\/agenciainfra.com\/blog\/petrobras-retoma-producao-de-ureia-em-fabrica-no-parana\/#primaryimage\"},\"thumbnailUrl\":\"https:\/\/agenciainfra.com\/blog\/wp-content\/uploads\/2026\/04\/ANSA-Foto-Credito-Michel-Chedid-Agencia-Petrobras-e1777585367354.jpg\",\"datePublished\":\"2026-04-30T22:03:30+00:00\",\"dateModified\":\"2026-04-30T22:03:39+00:00\",\"breadcrumb\":{\"@id\":\"https:\/\/agenciainfra.com\/blog\/petrobras-retoma-producao-de-ureia-em-fabrica-no-parana\/#breadcrumb\"},\"inLanguage\":\"pt-BR\",\"potentialAction\":[{\"@type\":\"ReadAction\",\"target\":[\"https:\/\/agenciainfra.com\/blog\/petrobras-retoma-producao-de-ureia-em-fabrica-no-parana\/\"]}]},{\"@type\":\"ImageObject\",\"inLanguage\":\"pt-BR\",\"@id\":\"https:\/\/agenciainfra.com\/blog\/petrobras-retoma-producao-de-ureia-em-fabrica-no-parana\/#primaryimage\",\"url\":\"https:\/\/agenciainfra.com\/blog\/wp-content\/uploads\/2026\/04\/ANSA-Foto-Credito-Michel-Chedid-Agencia-Petrobras-e1777585367354.jpg\",\"contentUrl\":\"https:\/\/agenciainfra.com\/blog\/wp-content\/uploads\/2026\/04\/ANSA-Foto-Credito-Michel-Chedid-Agencia-Petrobras-e1777585367354.jpg\",\"width\":1280,\"height\":720,\"caption\":\"Foto: Michel Chedid\/Ag\u00eancia Petrobras\"},{\"@type\":\"BreadcrumbList\",\"@id\":\"https:\/\/agenciainfra.com\/blog\/petrobras-retoma-producao-de-ureia-em-fabrica-no-parana\/#breadcrumb\",\"itemListElement\":[{\"@type\":\"ListItem\",\"position\":1,\"name\":\"In\u00edcio\",\"item\":\"https:\/\/agenciainfra.com\/blog\/\"},{\"@type\":\"ListItem\",\"position\":2,\"name\":\"Petrobras retoma produ\u00e7\u00e3o de ureia em f\u00e1brica no Paran\u00e1\"}]},{\"@type\":\"WebSite\",\"@id\":\"https:\/\/agenciainfra.com\/blog\/#website\",\"url\":\"https:\/\/agenciainfra.com\/blog\/\",\"name\":\"Ag\u00eancia iNFRA\",\"description\":\"Multiplataforma de informa\u00e7\u00e3o jornal\u00edstica refer\u00eancia na \u00e1rea de infraestrutura no Brasil!\",\"publisher\":{\"@id\":\"https:\/\/agenciainfra.com\/blog\/#organization\"},\"potentialAction\":[{\"@type\":\"SearchAction\",\"target\":{\"@type\":\"EntryPoint\",\"urlTemplate\":\"https:\/\/agenciainfra.com\/blog\/?s={search_term_string}\"},\"query-input\":{\"@type\":\"PropertyValueSpecification\",\"valueRequired\":true,\"valueName\":\"search_term_string\"}}],\"inLanguage\":\"pt-BR\"},{\"@type\":\"Organization\",\"@id\":\"https:\/\/agenciainfra.com\/blog\/#organization\",\"name\":\"Ag\u00eancia iNFRA\",\"url\":\"https:\/\/agenciainfra.com\/blog\/\",\"logo\":{\"@type\":\"ImageObject\",\"inLanguage\":\"pt-BR\",\"@id\":\"https:\/\/agenciainfra.com\/blog\/#\/schema\/logo\/image\/\",\"url\":\"https:\/\/agenciainfra.com\/blog\/wp-content\/uploads\/2023\/09\/iNFRA_5-e1761735885940.png\",\"contentUrl\":\"https:\/\/agenciainfra.com\/blog\/wp-content\/uploads\/2023\/09\/iNFRA_5-e1761735885940.png\",\"width\":1672,\"height\":454,\"caption\":\"Ag\u00eancia iNFRA\"},\"image\":{\"@id\":\"https:\/\/agenciainfra.com\/blog\/#\/schema\/logo\/image\/\"},\"sameAs\":[\"https:\/\/www.facebook.com\/ageninfra\",\"https:\/\/x.com\/agencia_infra\",\"https:\/\/www.linkedin.com\/company\/ag\u00eanciainfra\/\",\"https:\/\/www.instagram.com\/agenciainfra\/\"]},{\"@type\":\"Person\",\"@id\":\"https:\/\/agenciainfra.com\/blog\/#\/schema\/person\/34af08dff6adea4cb22b06612ba7acfa\",\"name\":\"Ag\u00eancia iNFRA\",\"image\":{\"@type\":\"ImageObject\",\"inLanguage\":\"pt-BR\",\"@id\":\"https:\/\/agenciainfra.com\/blog\/#\/schema\/person\/image\/\",\"url\":\"https:\/\/secure.gravatar.com\/avatar\/d189e01678f06d8eb84d4e01f08eb848b3fffe3f8443818d3c356c66892f5be8?s=96&d=mm&r=g\",\"contentUrl\":\"https:\/\/secure.gravatar.com\/avatar\/d189e01678f06d8eb84d4e01f08eb848b3fffe3f8443818d3c356c66892f5be8?s=96&d=mm&r=g\",\"caption\":\"Ag\u00eancia iNFRA\"},\"url\":\"https:\/\/agenciainfra.com\/blog\/author\/admin\/\"}]}<\/script>\n<!-- \/ Yoast SEO Premium plugin. -->","yoast_head_json":{"title":"Petrobras retoma produ\u00e7\u00e3o de ureia em f\u00e1brica no Paran\u00e1 - Ag\u00eancia iNFRA","robots":{"index":"index","follow":"follow","max-snippet":"max-snippet:-1","max-image-preview":"max-image-preview:large","max-video-preview":"max-video-preview:-1"},"canonical":"https:\/\/agenciainfra.com\/blog\/petrobras-retoma-producao-de-ureia-em-fabrica-no-parana\/","og_locale":"pt_BR","og_type":"article","og_title":"Petrobras retoma produ\u00e7\u00e3o de ureia em f\u00e1brica no Paran\u00e1","og_description":"da Ag\u00eancia iNFRA A Petrobras iniciou, nesta quinta-feira (30), a produ\u00e7\u00e3o de ureia na Ansa (Arauc\u00e1ria Nitrogenados S.A.), em Arauc\u00e1ria (PR), marcando a retomada das opera\u00e7\u00f5es da unidade ap\u00f3s cerca de quatro anos de hiberna\u00e7\u00e3o. A f\u00e1brica tem capacidade de produzir at\u00e9 720 mil toneladas de ureia por ano, o equivalente a cerca de 8% [&hellip;]","og_url":"https:\/\/agenciainfra.com\/blog\/petrobras-retoma-producao-de-ureia-em-fabrica-no-parana\/","og_site_name":"Ag\u00eancia iNFRA","article_publisher":"https:\/\/www.facebook.com\/ageninfra","article_published_time":"2026-04-30T22:03:30+00:00","article_modified_time":"2026-04-30T22:03:39+00:00","og_image":[{"width":1280,"height":720,"url":"https:\/\/agenciainfra.com\/blog\/wp-content\/uploads\/2026\/04\/ANSA-Foto-Credito-Michel-Chedid-Agencia-Petrobras-e1777585367354.jpg","type":"image\/jpeg"}],"author":"Ag\u00eancia iNFRA","twitter_card":"summary_large_image","twitter_creator":"@agencia_infra","twitter_site":"@agencia_infra","twitter_misc":{"Escrito por":"Ag\u00eancia iNFRA","Est. tempo de leitura":"1 minuto"},"schema":{"@context":"https:\/\/schema.org","@graph":[{"@type":"Article","@id":"https:\/\/agenciainfra.com\/blog\/petrobras-retoma-producao-de-ureia-em-fabrica-no-parana\/#article","isPartOf":{"@id":"https:\/\/agenciainfra.com\/blog\/petrobras-retoma-producao-de-ureia-em-fabrica-no-parana\/"},"author":{"name":"Ag\u00eancia iNFRA","@id":"https:\/\/agenciainfra.com\/blog\/#\/schema\/person\/34af08dff6adea4cb22b06612ba7acfa"},"headline":"Petrobras retoma produ\u00e7\u00e3o de ureia em f\u00e1brica no Paran\u00e1","datePublished":"2026-04-30T22:03:30+00:00","dateModified":"2026-04-30T22:03:39+00:00","mainEntityOfPage":{"@id":"https:\/\/agenciainfra.com\/blog\/petrobras-retoma-producao-de-ureia-em-fabrica-no-parana\/"},"wordCount":271,"publisher":{"@id":"https:\/\/agenciainfra.com\/blog\/#organization"},"image":{"@id":"https:\/\/agenciainfra.com\/blog\/petrobras-retoma-producao-de-ureia-em-fabrica-no-parana\/#primaryimage"},"thumbnailUrl":"https:\/\/agenciainfra.com\/blog\/wp-content\/uploads\/2026\/04\/ANSA-Foto-Credito-Michel-Chedid-Agencia-Petrobras-e1777585367354.jpg","keywords":["Ansa","Arauc\u00e1ria Nitrogenados S.A.","Paran\u00e1","Petrobras","produ\u00e7\u00e3o de ureia"],"articleSection":["Giro iNFRA"],"inLanguage":"pt-BR","copyrightYear":"2026","copyrightHolder":{"@id":"https:\/\/agenciainfra.com\/blog\/#organization"}},{"@type":"WebPage","@id":"https:\/\/agenciainfra.com\/blog\/petrobras-retoma-producao-de-ureia-em-fabrica-no-parana\/","url":"https:\/\/agenciainfra.com\/blog\/petrobras-retoma-producao-de-ureia-em-fabrica-no-parana\/","name":"Petrobras retoma produ\u00e7\u00e3o de ureia em f\u00e1brica no Paran\u00e1 - Ag\u00eancia iNFRA","isPartOf":{"@id":"https:\/\/agenciainfra.com\/blog\/#website"},"primaryImageOfPage":{"@id":"https:\/\/agenciainfra.com\/blog\/petrobras-retoma-producao-de-ureia-em-fabrica-no-parana\/#primaryimage"},"image":{"@id":"https:\/\/agenciainfra.com\/blog\/petrobras-retoma-producao-de-ureia-em-fabrica-no-parana\/#primaryimage"},"thumbnailUrl":"https:\/\/agenciainfra.com\/blog\/wp-content\/uploads\/2026\/04\/ANSA-Foto-Credito-Michel-Chedid-Agencia-Petrobras-e1777585367354.jpg","datePublished":"2026-04-30T22:03:30+00:00","dateModified":"2026-04-30T22:03:39+00:00","breadcrumb":{"@id":"https:\/\/agenciainfra.com\/blog\/petrobras-retoma-producao-de-ureia-em-fabrica-no-parana\/#breadcrumb"},"inLanguage":"pt-BR","potentialAction":[{"@type":"ReadAction","target":["https:\/\/agenciainfra.com\/blog\/petrobras-retoma-producao-de-ureia-em-fabrica-no-parana\/"]}]},{"@type":"ImageObject","inLanguage":"pt-BR","@id":"https:\/\/agenciainfra.com\/blog\/petrobras-retoma-producao-de-ureia-em-fabrica-no-parana\/#primaryimage","url":"https:\/\/agenciainfra.com\/blog\/wp-content\/uploads\/2026\/04\/ANSA-Foto-Credito-Michel-Chedid-Agencia-Petrobras-e1777585367354.jpg","contentUrl":"https:\/\/agenciainfra.com\/blog\/wp-content\/uploads\/2026\/04\/ANSA-Foto-Credito-Michel-Chedid-Agencia-Petrobras-e1777585367354.jpg","width":1280,"height":720,"caption":"Foto: Michel Chedid\/Ag\u00eancia Petrobras"},{"@type":"BreadcrumbList","@id":"https:\/\/agenciainfra.com\/blog\/petrobras-retoma-producao-de-ureia-em-fabrica-no-parana\/#breadcrumb","itemListElement":[{"@type":"ListItem","position":1,"name":"In\u00edcio","item":"https:\/\/agenciainfra.com\/blog\/"},{"@type":"ListItem","position":2,"name":"Petrobras retoma produ\u00e7\u00e3o de ureia em f\u00e1brica no Paran\u00e1"}]},{"@type":"WebSite","@id":"https:\/\/agenciainfra.com\/blog\/#website","url":"https:\/\/agenciainfra.com\/blog\/","name":"Ag\u00eancia iNFRA","description":"Multiplataforma de informa\u00e7\u00e3o jornal\u00edstica refer\u00eancia na \u00e1rea de infraestrutura no Brasil!","publisher":{"@id":"https:\/\/agenciainfra.com\/blog\/#organization"},"potentialAction":[{"@type":"SearchAction","target":{"@type":"EntryPoint","urlTemplate":"https:\/\/agenciainfra.com\/blog\/?s={search_term_string}"},"query-input":{"@type":"PropertyValueSpecification","valueRequired":true,"valueName":"search_term_string"}}],"inLanguage":"pt-BR"},{"@type":"Organization","@id":"https:\/\/agenciainfra.com\/blog\/#organization","name":"Ag\u00eancia iNFRA","url":"https:\/\/agenciainfra.com\/blog\/","logo":{"@type":"ImageObject","inLanguage":"pt-BR","@id":"https:\/\/agenciainfra.com\/blog\/#\/schema\/logo\/image\/","url":"https:\/\/agenciainfra.com\/blog\/wp-content\/uploads\/2023\/09\/iNFRA_5-e1761735885940.png","contentUrl":"https:\/\/agenciainfra.com\/blog\/wp-content\/uploads\/2023\/09\/iNFRA_5-e1761735885940.png","width":1672,"height":454,"caption":"Ag\u00eancia iNFRA"},"image":{"@id":"https:\/\/agenciainfra.com\/blog\/#\/schema\/logo\/image\/"},"sameAs":["https:\/\/www.facebook.com\/ageninfra","https:\/\/x.com\/agencia_infra","https:\/\/www.linkedin.com\/company\/ag\u00eanciainfra\/","https:\/\/www.instagram.com\/agenciainfra\/"]},{"@type":"Person","@id":"https:\/\/agenciainfra.com\/blog\/#\/schema\/person\/34af08dff6adea4cb22b06612ba7acfa","name":"Ag\u00eancia iNFRA","image":{"@type":"ImageObject","inLanguage":"pt-BR","@id":"https:\/\/agenciainfra.com\/blog\/#\/schema\/person\/image\/","url":"https:\/\/secure.gravatar.com\/avatar\/d189e01678f06d8eb84d4e01f08eb848b3fffe3f8443818d3c356c66892f5be8?s=96&d=mm&r=g","contentUrl":"https:\/\/secure.gravatar.com\/avatar\/d189e01678f06d8eb84d4e01f08eb848b3fffe3f8443818d3c356c66892f5be8?s=96&d=mm&r=g","caption":"Ag\u00eancia iNFRA"},"url":"https:\/\/agenciainfra.com\/blog\/author\/admin\/"}]}},"_links":{"self":[{"href":"https:\/\/agenciainfra.com\/blog\/wp-json\/wp\/v2\/posts\/40434","targetHints":{"allow":["GET"]}}],"collection":[{"href":"https:\/\/agenciainfra.com\/blog\/wp-json\/wp\/v2\/posts"}],"about":[{"href":"https:\/\/agenciainfra.com\/blog\/wp-json\/wp\/v2\/types\/post"}],"author":[{"embeddable":true,"href":"https:\/\/agenciainfra.com\/blog\/wp-json\/wp\/v2\/users\/1"}],"replies":[{"embeddable":true,"href":"https:\/\/agenciainfra.com\/blog\/wp-json\/wp\/v2\/comments?post=40434"}],"version-history":[{"count":2,"href":"https:\/\/agenciainfra.com\/blog\/wp-json\/wp\/v2\/posts\/40434\/revisions"}],"predecessor-version":[{"id":40442,"href":"https:\/\/agenciainfra.com\/blog\/wp-json\/wp\/v2\/posts\/40434\/revisions\/40442"}],"wp:featuredmedia":[{"embeddable":true,"href":"https:\/\/agenciainfra.com\/blog\/wp-json\/wp\/v2\/media\/40435"}],"wp:attachment":[{"href":"https:\/\/agenciainfra.com\/blog\/wp-json\/wp\/v2\/media?parent=40434"}],"wp:term":[{"taxonomy":"category","embeddable":true,"href":"https:\/\/agenciainfra.com\/blog\/wp-json\/wp\/v2\/categories?post=40434"},{"taxonomy":"post_tag","embeddable":true,"href":"https:\/\/agenciainfra.com\/blog\/wp-json\/wp\/v2\/tags?post=40434"}],"curies":[{"name":"wp","href":"https:\/\/api.w.org\/{rel}","templated":true}]}}