{"id":40437,"date":"2026-04-30T19:16:56","date_gmt":"2026-04-30T22:16:56","guid":{"rendered":"https:\/\/agenciainfra.com\/blog\/?p=40437"},"modified":"2026-04-30T19:16:58","modified_gmt":"2026-04-30T22:16:58","slug":"lula-anuncia-r-212-bi-para-financiamento-de-veiculos-pesados","status":"publish","type":"post","link":"https:\/\/agenciainfra.com\/blog\/lula-anuncia-r-212-bi-para-financiamento-de-veiculos-pesados\/","title":{"rendered":"Lula anuncia R$ 21,2 bi para financiamento de\u00a0ve\u00edculos pesados"},"content":{"rendered":"\n<p class=\"has-text-align-right\"><strong>Vinicius Werneck, da Ag\u00eancia iNFRA<\/strong><\/p>\n\n\n\n<p>O presidente Lula anunciou, nesta quinta-feira (30), R$ 21,2 bilh\u00f5es para uma nova rodada de financiamentos com objetivo de renova\u00e7\u00e3o da frota de ve\u00edculos pesados no pa\u00eds. O an\u00fancio\u00a0foi feito em cerim\u00f4nia no Pal\u00e1cio do Planalto e faz parte do programa Move Brasil, que antes previa apenas a compra de caminh\u00f5es, mas traz agora a lista acrescida de \u00f4nibus, micro-\u00f4nibus e implementos rodovi\u00e1rios, como reboques e carrocerias.<\/p>\n\n\n\n<p>A linha vai ser operacionalizada pelo BNDES (Banco Nacional de Desenvolvimento Econ\u00f4mico e Social), que vai ter R$ 14,4 bilh\u00f5es de recursos oriundos do Tesouro Nacional e R$ 6,7 bilh\u00f5es de recursos adicionais do banco. O Planalto detalhou que as condi\u00e7\u00f5es s\u00e3o estabelecidas pelo\u00a0Conselho Monet\u00e1rio Nacional e que o valor\u00a0m\u00e1ximo financi\u00e1vel por benefici\u00e1rio vai ser de R$ 50 milh\u00f5es. <\/p>\n\n\n\n<p>Na primeira etapa do programa, segundo o governo, os\u00a0R$ 10 bilh\u00f5es\u00a0disponibilizados em janeiro deste ano\u00a0foram consumidos em dois meses, totalizando mais de 8 mil opera\u00e7\u00f5es de compra. &#8220;O Move 1 atendeu com mais precis\u00e3o, pois tinham mais recurso, as entregadoras. Os aut\u00f4nomos foram muito poucos. Alguma coisa estava atrapalhando as pessoas a ter acesso ao dinheiro&#8221;, disse o presidente Lula.<\/p>\n\n\n\n<p>&#8220;Ent\u00e3o, resolvemos melhorar as condi\u00e7\u00f5es, aumentar a car\u00eancia, os anos para pagar e reduzir a taxa de juros, que ainda \u00e9 alta, mas a gente n\u00e3o compara com o que acha perfeito, mas com o que \u00e9 poss\u00edvel fazer naquele momento no mercado. Quero que os bancos olhem com muito carinho&#8221;,\u00a0completou o presidente.<\/p>\n\n\n\n<p><strong>Medidas Provis\u00f3rias<\/strong><\/p>\n\n\n\n<p>Na cerim\u00f4nia, Lula assinou as duas medidas provis\u00f3rias para a nova etapa do programa. A primeira autoriza a Uni\u00e3o\u00a0a aumentar sua participa\u00e7\u00e3o no FGI (Fundo Garantidor para Investimentos) em at\u00e9 R$ 2 bilh\u00f5es. O objetivo seria &#8220;ampliar\u00a0a capacidade do fundo de oferecer garantias em opera\u00e7\u00f5es de cr\u00e9dito, principalmente para\u00a0MPMEs (micro, pequenas e m\u00e9dias empresas), al\u00e9m de estender os prazos&#8221;, disse o governo em nota.<\/p>\n\n\n\n<p>J\u00e1 a segunda cria cr\u00e9dito extraordin\u00e1rio de R$ 17 bilh\u00f5es para &#8220;dar cobertura ao aporte de R$ 2 bilh\u00f5es no FGI, \u00e0 amplia\u00e7\u00e3o do Move Brasil, com recursos de R$ 14,5 bilh\u00f5es e ao aporte de R$ 500 milh\u00f5es ao\u00a0FGCE\u00a0(Fundo Garantidor de Opera\u00e7\u00f5es de Com\u00e9rcio Exterior), com o prop\u00f3sito de viabilizar a amplia\u00e7\u00e3o da oferta de garantias p\u00fablicas \u00e0s exporta\u00e7\u00f5es&#8221;.<\/p>\n\n\n\n<p>Tamb\u00e9m participaram do an\u00fancio no Planalto o vice-presidente, Geraldo Alckmin, al\u00e9m dos ministros Guilherme Boulos (Secretaria-Geral) e Miriam Belchior (Casa Civil). &#8220;O Move 2 \u00e9 um programa maior e melhor que o Move 1. Maior para os aut\u00f4nomos, que o valor disponibilizado dobrou para R$2 bi. Ampliou a car\u00eancia, de 6 para 12 meses; o prazo para 10 anos; e reduziu o juros&#8221;, destacou Alckmin.<\/p>\n\n\n\n<p>Podem participar do programa Move Brasil os transportadores aut\u00f4nomos, pessoas f\u00edsicas associadas a alguma cooperativa de transporte rodovi\u00e1rio, al\u00e9m de empres\u00e1rios ou pessoas jur\u00eddicas do setor.&nbsp;Os recursos s\u00f3 podem ser usados para compra de ve\u00edculos nacionais e que atendam \u00e0s regras do BNDES.<\/p>\n","protected":false},"excerpt":{"rendered":"<p>Vinicius Werneck, da Ag\u00eancia iNFRA O presidente Lula anunciou, nesta quinta-feira (30), R$ 21,2 bilh\u00f5es para uma nova rodada de financiamentos com objetivo de renova\u00e7\u00e3o da frota de ve\u00edculos pesados no pa\u00eds. O an\u00fancio\u00a0foi feito em cerim\u00f4nia no Pal\u00e1cio do Planalto e faz parte do programa Move Brasil, que antes previa apenas a compra de [&hellip;]<\/p>\n","protected":false},"author":1,"featured_media":40444,"comment_status":"closed","ping_status":"closed","sticky":false,"template":"","format":"standard","meta":{"_monsterinsights_skip_tracking":false,"_monsterinsights_sitenote_active":false,"_monsterinsights_sitenote_note":"","_monsterinsights_sitenote_category":0,"footnotes":""},"categories":[7250],"tags":[269,938,17574,483,8889,580,14000],"class_list":["post-40437","post","type-post","status-publish","format-standard","has-post-thumbnail","hentry","category-destaque-lista","tag-caminhoneiros","tag-caminhoneiros-autonomos","tag-financiamento-de-veiculos","tag-geraldo-alckmin","tag-linhas-de-credito","tag-lula","tag-lula-presidente"],"yoast_head":"<!-- This site is optimized with the Yoast SEO Premium plugin v25.4 (Yoast SEO v26.0) - https:\/\/yoast.com\/wordpress\/plugins\/seo\/ -->\n<title>Lula anuncia R$ 21,2 bi para financiamento de\u00a0ve\u00edculos pesados - Ag\u00eancia iNFRA<\/title>\n<meta name=\"robots\" content=\"index, follow, max-snippet:-1, max-image-preview:large, max-video-preview:-1\" \/>\n<link rel=\"canonical\" href=\"https:\/\/agenciainfra.com\/blog\/lula-anuncia-r-212-bi-para-financiamento-de-veiculos-pesados\/\" \/>\n<meta property=\"og:locale\" content=\"pt_BR\" \/>\n<meta property=\"og:type\" content=\"article\" \/>\n<meta property=\"og:title\" content=\"Lula anuncia R$ 21,2 bi para financiamento de\u00a0ve\u00edculos pesados\" \/>\n<meta property=\"og:description\" content=\"Vinicius Werneck, da Ag\u00eancia iNFRA O presidente Lula anunciou, nesta quinta-feira (30), R$ 21,2 bilh\u00f5es para uma nova rodada de financiamentos com objetivo de renova\u00e7\u00e3o da frota de ve\u00edculos pesados no pa\u00eds. O an\u00fancio\u00a0foi feito em cerim\u00f4nia no Pal\u00e1cio do Planalto e faz parte do programa Move Brasil, que antes previa apenas a compra de [&hellip;]\" \/>\n<meta property=\"og:url\" content=\"https:\/\/agenciainfra.com\/blog\/lula-anuncia-r-212-bi-para-financiamento-de-veiculos-pesados\/\" \/>\n<meta property=\"og:site_name\" content=\"Ag\u00eancia iNFRA\" \/>\n<meta property=\"article:publisher\" content=\"https:\/\/www.facebook.com\/ageninfra\" \/>\n<meta property=\"article:published_time\" content=\"2026-04-30T22:16:56+00:00\" \/>\n<meta property=\"article:modified_time\" content=\"2026-04-30T22:16:58+00:00\" \/>\n<meta property=\"og:image\" content=\"https:\/\/agenciainfra.com\/blog\/wp-content\/uploads\/2026\/04\/lula-assina-move-brasil-2-no-planalto-foto-ricardo-stuckert-pr.jpg\" \/>\n\t<meta property=\"og:image:width\" content=\"1280\" \/>\n\t<meta property=\"og:image:height\" content=\"984\" \/>\n\t<meta property=\"og:image:type\" content=\"image\/jpeg\" \/>\n<meta name=\"author\" content=\"Ag\u00eancia iNFRA\" \/>\n<meta name=\"twitter:card\" content=\"summary_large_image\" \/>\n<meta name=\"twitter:creator\" content=\"@agencia_infra\" \/>\n<meta name=\"twitter:site\" content=\"@agencia_infra\" \/>\n<meta name=\"twitter:label1\" content=\"Escrito por\" \/>\n\t<meta name=\"twitter:data1\" content=\"Ag\u00eancia iNFRA\" \/>\n\t<meta name=\"twitter:label2\" content=\"Est. tempo de leitura\" \/>\n\t<meta name=\"twitter:data2\" content=\"3 minutos\" \/>\n<script type=\"application\/ld+json\" class=\"yoast-schema-graph\">{\"@context\":\"https:\/\/schema.org\",\"@graph\":[{\"@type\":\"Article\",\"@id\":\"https:\/\/agenciainfra.com\/blog\/lula-anuncia-r-212-bi-para-financiamento-de-veiculos-pesados\/#article\",\"isPartOf\":{\"@id\":\"https:\/\/agenciainfra.com\/blog\/lula-anuncia-r-212-bi-para-financiamento-de-veiculos-pesados\/\"},\"author\":{\"name\":\"Ag\u00eancia iNFRA\",\"@id\":\"https:\/\/agenciainfra.com\/blog\/#\/schema\/person\/34af08dff6adea4cb22b06612ba7acfa\"},\"headline\":\"Lula anuncia R$ 21,2 bi para financiamento de\u00a0ve\u00edculos pesados\",\"datePublished\":\"2026-04-30T22:16:56+00:00\",\"dateModified\":\"2026-04-30T22:16:58+00:00\",\"mainEntityOfPage\":{\"@id\":\"https:\/\/agenciainfra.com\/blog\/lula-anuncia-r-212-bi-para-financiamento-de-veiculos-pesados\/\"},\"wordCount\":545,\"publisher\":{\"@id\":\"https:\/\/agenciainfra.com\/blog\/#organization\"},\"image\":{\"@id\":\"https:\/\/agenciainfra.com\/blog\/lula-anuncia-r-212-bi-para-financiamento-de-veiculos-pesados\/#primaryimage\"},\"thumbnailUrl\":\"https:\/\/agenciainfra.com\/blog\/wp-content\/uploads\/2026\/04\/lula-assina-move-brasil-2-no-planalto-foto-ricardo-stuckert-pr.jpg\",\"keywords\":[\"caminhoneiros\",\"caminhoneiros aut\u00f4nomos\",\"financiamento de ve\u00edculos\",\"Geraldo Alckmin\",\"Linhas de cr\u00e9dito\",\"Lula\",\"lula presidente\"],\"articleSection\":[\"Destaque lista\"],\"inLanguage\":\"pt-BR\",\"copyrightYear\":\"2026\",\"copyrightHolder\":{\"@id\":\"https:\/\/agenciainfra.com\/blog\/#organization\"}},{\"@type\":\"WebPage\",\"@id\":\"https:\/\/agenciainfra.com\/blog\/lula-anuncia-r-212-bi-para-financiamento-de-veiculos-pesados\/\",\"url\":\"https:\/\/agenciainfra.com\/blog\/lula-anuncia-r-212-bi-para-financiamento-de-veiculos-pesados\/\",\"name\":\"Lula anuncia R$ 21,2 bi para financiamento de\u00a0ve\u00edculos pesados - Ag\u00eancia iNFRA\",\"isPartOf\":{\"@id\":\"https:\/\/agenciainfra.com\/blog\/#website\"},\"primaryImageOfPage\":{\"@id\":\"https:\/\/agenciainfra.com\/blog\/lula-anuncia-r-212-bi-para-financiamento-de-veiculos-pesados\/#primaryimage\"},\"image\":{\"@id\":\"https:\/\/agenciainfra.com\/blog\/lula-anuncia-r-212-bi-para-financiamento-de-veiculos-pesados\/#primaryimage\"},\"thumbnailUrl\":\"https:\/\/agenciainfra.com\/blog\/wp-content\/uploads\/2026\/04\/lula-assina-move-brasil-2-no-planalto-foto-ricardo-stuckert-pr.jpg\",\"datePublished\":\"2026-04-30T22:16:56+00:00\",\"dateModified\":\"2026-04-30T22:16:58+00:00\",\"breadcrumb\":{\"@id\":\"https:\/\/agenciainfra.com\/blog\/lula-anuncia-r-212-bi-para-financiamento-de-veiculos-pesados\/#breadcrumb\"},\"inLanguage\":\"pt-BR\",\"potentialAction\":[{\"@type\":\"ReadAction\",\"target\":[\"https:\/\/agenciainfra.com\/blog\/lula-anuncia-r-212-bi-para-financiamento-de-veiculos-pesados\/\"]}]},{\"@type\":\"ImageObject\",\"inLanguage\":\"pt-BR\",\"@id\":\"https:\/\/agenciainfra.com\/blog\/lula-anuncia-r-212-bi-para-financiamento-de-veiculos-pesados\/#primaryimage\",\"url\":\"https:\/\/agenciainfra.com\/blog\/wp-content\/uploads\/2026\/04\/lula-assina-move-brasil-2-no-planalto-foto-ricardo-stuckert-pr.jpg\",\"contentUrl\":\"https:\/\/agenciainfra.com\/blog\/wp-content\/uploads\/2026\/04\/lula-assina-move-brasil-2-no-planalto-foto-ricardo-stuckert-pr.jpg\",\"width\":1280,\"height\":984,\"caption\":\"Foto: Ricardo Stuckert\/PR\"},{\"@type\":\"BreadcrumbList\",\"@id\":\"https:\/\/agenciainfra.com\/blog\/lula-anuncia-r-212-bi-para-financiamento-de-veiculos-pesados\/#breadcrumb\",\"itemListElement\":[{\"@type\":\"ListItem\",\"position\":1,\"name\":\"In\u00edcio\",\"item\":\"https:\/\/agenciainfra.com\/blog\/\"},{\"@type\":\"ListItem\",\"position\":2,\"name\":\"Lula anuncia R$ 21,2 bi para financiamento de\u00a0ve\u00edculos pesados\"}]},{\"@type\":\"WebSite\",\"@id\":\"https:\/\/agenciainfra.com\/blog\/#website\",\"url\":\"https:\/\/agenciainfra.com\/blog\/\",\"name\":\"Ag\u00eancia iNFRA\",\"description\":\"Multiplataforma de informa\u00e7\u00e3o jornal\u00edstica refer\u00eancia na \u00e1rea de infraestrutura no Brasil!\",\"publisher\":{\"@id\":\"https:\/\/agenciainfra.com\/blog\/#organization\"},\"potentialAction\":[{\"@type\":\"SearchAction\",\"target\":{\"@type\":\"EntryPoint\",\"urlTemplate\":\"https:\/\/agenciainfra.com\/blog\/?s={search_term_string}\"},\"query-input\":{\"@type\":\"PropertyValueSpecification\",\"valueRequired\":true,\"valueName\":\"search_term_string\"}}],\"inLanguage\":\"pt-BR\"},{\"@type\":\"Organization\",\"@id\":\"https:\/\/agenciainfra.com\/blog\/#organization\",\"name\":\"Ag\u00eancia iNFRA\",\"url\":\"https:\/\/agenciainfra.com\/blog\/\",\"logo\":{\"@type\":\"ImageObject\",\"inLanguage\":\"pt-BR\",\"@id\":\"https:\/\/agenciainfra.com\/blog\/#\/schema\/logo\/image\/\",\"url\":\"https:\/\/agenciainfra.com\/blog\/wp-content\/uploads\/2023\/09\/iNFRA_5-e1761735885940.png\",\"contentUrl\":\"https:\/\/agenciainfra.com\/blog\/wp-content\/uploads\/2023\/09\/iNFRA_5-e1761735885940.png\",\"width\":1672,\"height\":454,\"caption\":\"Ag\u00eancia iNFRA\"},\"image\":{\"@id\":\"https:\/\/agenciainfra.com\/blog\/#\/schema\/logo\/image\/\"},\"sameAs\":[\"https:\/\/www.facebook.com\/ageninfra\",\"https:\/\/x.com\/agencia_infra\",\"https:\/\/www.linkedin.com\/company\/ag\u00eanciainfra\/\",\"https:\/\/www.instagram.com\/agenciainfra\/\"]},{\"@type\":\"Person\",\"@id\":\"https:\/\/agenciainfra.com\/blog\/#\/schema\/person\/34af08dff6adea4cb22b06612ba7acfa\",\"name\":\"Ag\u00eancia iNFRA\",\"image\":{\"@type\":\"ImageObject\",\"inLanguage\":\"pt-BR\",\"@id\":\"https:\/\/agenciainfra.com\/blog\/#\/schema\/person\/image\/\",\"url\":\"https:\/\/secure.gravatar.com\/avatar\/d189e01678f06d8eb84d4e01f08eb848b3fffe3f8443818d3c356c66892f5be8?s=96&d=mm&r=g\",\"contentUrl\":\"https:\/\/secure.gravatar.com\/avatar\/d189e01678f06d8eb84d4e01f08eb848b3fffe3f8443818d3c356c66892f5be8?s=96&d=mm&r=g\",\"caption\":\"Ag\u00eancia iNFRA\"},\"url\":\"https:\/\/agenciainfra.com\/blog\/author\/admin\/\"}]}<\/script>\n<!-- \/ Yoast SEO Premium plugin. -->","yoast_head_json":{"title":"Lula anuncia R$ 21,2 bi para financiamento de\u00a0ve\u00edculos pesados - Ag\u00eancia iNFRA","robots":{"index":"index","follow":"follow","max-snippet":"max-snippet:-1","max-image-preview":"max-image-preview:large","max-video-preview":"max-video-preview:-1"},"canonical":"https:\/\/agenciainfra.com\/blog\/lula-anuncia-r-212-bi-para-financiamento-de-veiculos-pesados\/","og_locale":"pt_BR","og_type":"article","og_title":"Lula anuncia R$ 21,2 bi para financiamento de\u00a0ve\u00edculos pesados","og_description":"Vinicius Werneck, da Ag\u00eancia iNFRA O presidente Lula anunciou, nesta quinta-feira (30), R$ 21,2 bilh\u00f5es para uma nova rodada de financiamentos com objetivo de renova\u00e7\u00e3o da frota de ve\u00edculos pesados no pa\u00eds. O an\u00fancio\u00a0foi feito em cerim\u00f4nia no Pal\u00e1cio do Planalto e faz parte do programa Move Brasil, que antes previa apenas a compra de [&hellip;]","og_url":"https:\/\/agenciainfra.com\/blog\/lula-anuncia-r-212-bi-para-financiamento-de-veiculos-pesados\/","og_site_name":"Ag\u00eancia iNFRA","article_publisher":"https:\/\/www.facebook.com\/ageninfra","article_published_time":"2026-04-30T22:16:56+00:00","article_modified_time":"2026-04-30T22:16:58+00:00","og_image":[{"width":1280,"height":984,"url":"https:\/\/agenciainfra.com\/blog\/wp-content\/uploads\/2026\/04\/lula-assina-move-brasil-2-no-planalto-foto-ricardo-stuckert-pr.jpg","type":"image\/jpeg"}],"author":"Ag\u00eancia iNFRA","twitter_card":"summary_large_image","twitter_creator":"@agencia_infra","twitter_site":"@agencia_infra","twitter_misc":{"Escrito por":"Ag\u00eancia iNFRA","Est. tempo de leitura":"3 minutos"},"schema":{"@context":"https:\/\/schema.org","@graph":[{"@type":"Article","@id":"https:\/\/agenciainfra.com\/blog\/lula-anuncia-r-212-bi-para-financiamento-de-veiculos-pesados\/#article","isPartOf":{"@id":"https:\/\/agenciainfra.com\/blog\/lula-anuncia-r-212-bi-para-financiamento-de-veiculos-pesados\/"},"author":{"name":"Ag\u00eancia iNFRA","@id":"https:\/\/agenciainfra.com\/blog\/#\/schema\/person\/34af08dff6adea4cb22b06612ba7acfa"},"headline":"Lula anuncia R$ 21,2 bi para financiamento de\u00a0ve\u00edculos pesados","datePublished":"2026-04-30T22:16:56+00:00","dateModified":"2026-04-30T22:16:58+00:00","mainEntityOfPage":{"@id":"https:\/\/agenciainfra.com\/blog\/lula-anuncia-r-212-bi-para-financiamento-de-veiculos-pesados\/"},"wordCount":545,"publisher":{"@id":"https:\/\/agenciainfra.com\/blog\/#organization"},"image":{"@id":"https:\/\/agenciainfra.com\/blog\/lula-anuncia-r-212-bi-para-financiamento-de-veiculos-pesados\/#primaryimage"},"thumbnailUrl":"https:\/\/agenciainfra.com\/blog\/wp-content\/uploads\/2026\/04\/lula-assina-move-brasil-2-no-planalto-foto-ricardo-stuckert-pr.jpg","keywords":["caminhoneiros","caminhoneiros aut\u00f4nomos","financiamento de ve\u00edculos","Geraldo Alckmin","Linhas de cr\u00e9dito","Lula","lula presidente"],"articleSection":["Destaque lista"],"inLanguage":"pt-BR","copyrightYear":"2026","copyrightHolder":{"@id":"https:\/\/agenciainfra.com\/blog\/#organization"}},{"@type":"WebPage","@id":"https:\/\/agenciainfra.com\/blog\/lula-anuncia-r-212-bi-para-financiamento-de-veiculos-pesados\/","url":"https:\/\/agenciainfra.com\/blog\/lula-anuncia-r-212-bi-para-financiamento-de-veiculos-pesados\/","name":"Lula anuncia R$ 21,2 bi para financiamento de\u00a0ve\u00edculos pesados - Ag\u00eancia iNFRA","isPartOf":{"@id":"https:\/\/agenciainfra.com\/blog\/#website"},"primaryImageOfPage":{"@id":"https:\/\/agenciainfra.com\/blog\/lula-anuncia-r-212-bi-para-financiamento-de-veiculos-pesados\/#primaryimage"},"image":{"@id":"https:\/\/agenciainfra.com\/blog\/lula-anuncia-r-212-bi-para-financiamento-de-veiculos-pesados\/#primaryimage"},"thumbnailUrl":"https:\/\/agenciainfra.com\/blog\/wp-content\/uploads\/2026\/04\/lula-assina-move-brasil-2-no-planalto-foto-ricardo-stuckert-pr.jpg","datePublished":"2026-04-30T22:16:56+00:00","dateModified":"2026-04-30T22:16:58+00:00","breadcrumb":{"@id":"https:\/\/agenciainfra.com\/blog\/lula-anuncia-r-212-bi-para-financiamento-de-veiculos-pesados\/#breadcrumb"},"inLanguage":"pt-BR","potentialAction":[{"@type":"ReadAction","target":["https:\/\/agenciainfra.com\/blog\/lula-anuncia-r-212-bi-para-financiamento-de-veiculos-pesados\/"]}]},{"@type":"ImageObject","inLanguage":"pt-BR","@id":"https:\/\/agenciainfra.com\/blog\/lula-anuncia-r-212-bi-para-financiamento-de-veiculos-pesados\/#primaryimage","url":"https:\/\/agenciainfra.com\/blog\/wp-content\/uploads\/2026\/04\/lula-assina-move-brasil-2-no-planalto-foto-ricardo-stuckert-pr.jpg","contentUrl":"https:\/\/agenciainfra.com\/blog\/wp-content\/uploads\/2026\/04\/lula-assina-move-brasil-2-no-planalto-foto-ricardo-stuckert-pr.jpg","width":1280,"height":984,"caption":"Foto: Ricardo Stuckert\/PR"},{"@type":"BreadcrumbList","@id":"https:\/\/agenciainfra.com\/blog\/lula-anuncia-r-212-bi-para-financiamento-de-veiculos-pesados\/#breadcrumb","itemListElement":[{"@type":"ListItem","position":1,"name":"In\u00edcio","item":"https:\/\/agenciainfra.com\/blog\/"},{"@type":"ListItem","position":2,"name":"Lula anuncia R$ 21,2 bi para financiamento de\u00a0ve\u00edculos pesados"}]},{"@type":"WebSite","@id":"https:\/\/agenciainfra.com\/blog\/#website","url":"https:\/\/agenciainfra.com\/blog\/","name":"Ag\u00eancia iNFRA","description":"Multiplataforma de informa\u00e7\u00e3o jornal\u00edstica refer\u00eancia na \u00e1rea de infraestrutura no Brasil!","publisher":{"@id":"https:\/\/agenciainfra.com\/blog\/#organization"},"potentialAction":[{"@type":"SearchAction","target":{"@type":"EntryPoint","urlTemplate":"https:\/\/agenciainfra.com\/blog\/?s={search_term_string}"},"query-input":{"@type":"PropertyValueSpecification","valueRequired":true,"valueName":"search_term_string"}}],"inLanguage":"pt-BR"},{"@type":"Organization","@id":"https:\/\/agenciainfra.com\/blog\/#organization","name":"Ag\u00eancia iNFRA","url":"https:\/\/agenciainfra.com\/blog\/","logo":{"@type":"ImageObject","inLanguage":"pt-BR","@id":"https:\/\/agenciainfra.com\/blog\/#\/schema\/logo\/image\/","url":"https:\/\/agenciainfra.com\/blog\/wp-content\/uploads\/2023\/09\/iNFRA_5-e1761735885940.png","contentUrl":"https:\/\/agenciainfra.com\/blog\/wp-content\/uploads\/2023\/09\/iNFRA_5-e1761735885940.png","width":1672,"height":454,"caption":"Ag\u00eancia iNFRA"},"image":{"@id":"https:\/\/agenciainfra.com\/blog\/#\/schema\/logo\/image\/"},"sameAs":["https:\/\/www.facebook.com\/ageninfra","https:\/\/x.com\/agencia_infra","https:\/\/www.linkedin.com\/company\/ag\u00eanciainfra\/","https:\/\/www.instagram.com\/agenciainfra\/"]},{"@type":"Person","@id":"https:\/\/agenciainfra.com\/blog\/#\/schema\/person\/34af08dff6adea4cb22b06612ba7acfa","name":"Ag\u00eancia iNFRA","image":{"@type":"ImageObject","inLanguage":"pt-BR","@id":"https:\/\/agenciainfra.com\/blog\/#\/schema\/person\/image\/","url":"https:\/\/secure.gravatar.com\/avatar\/d189e01678f06d8eb84d4e01f08eb848b3fffe3f8443818d3c356c66892f5be8?s=96&d=mm&r=g","contentUrl":"https:\/\/secure.gravatar.com\/avatar\/d189e01678f06d8eb84d4e01f08eb848b3fffe3f8443818d3c356c66892f5be8?s=96&d=mm&r=g","caption":"Ag\u00eancia iNFRA"},"url":"https:\/\/agenciainfra.com\/blog\/author\/admin\/"}]}},"_links":{"self":[{"href":"https:\/\/agenciainfra.com\/blog\/wp-json\/wp\/v2\/posts\/40437","targetHints":{"allow":["GET"]}}],"collection":[{"href":"https:\/\/agenciainfra.com\/blog\/wp-json\/wp\/v2\/posts"}],"about":[{"href":"https:\/\/agenciainfra.com\/blog\/wp-json\/wp\/v2\/types\/post"}],"author":[{"embeddable":true,"href":"https:\/\/agenciainfra.com\/blog\/wp-json\/wp\/v2\/users\/1"}],"replies":[{"embeddable":true,"href":"https:\/\/agenciainfra.com\/blog\/wp-json\/wp\/v2\/comments?post=40437"}],"version-history":[{"count":1,"href":"https:\/\/agenciainfra.com\/blog\/wp-json\/wp\/v2\/posts\/40437\/revisions"}],"predecessor-version":[{"id":40445,"href":"https:\/\/agenciainfra.com\/blog\/wp-json\/wp\/v2\/posts\/40437\/revisions\/40445"}],"wp:featuredmedia":[{"embeddable":true,"href":"https:\/\/agenciainfra.com\/blog\/wp-json\/wp\/v2\/media\/40444"}],"wp:attachment":[{"href":"https:\/\/agenciainfra.com\/blog\/wp-json\/wp\/v2\/media?parent=40437"}],"wp:term":[{"taxonomy":"category","embeddable":true,"href":"https:\/\/agenciainfra.com\/blog\/wp-json\/wp\/v2\/categories?post=40437"},{"taxonomy":"post_tag","embeddable":true,"href":"https:\/\/agenciainfra.com\/blog\/wp-json\/wp\/v2\/tags?post=40437"}],"curies":[{"name":"wp","href":"https:\/\/api.w.org\/{rel}","templated":true}]}}