{"id":40448,"date":"2026-04-30T20:08:26","date_gmt":"2026-04-30T23:08:26","guid":{"rendered":"https:\/\/agenciainfra.com\/blog\/?p=40448"},"modified":"2026-04-30T20:08:28","modified_gmt":"2026-04-30T23:08:28","slug":"producao-de-combustiveis-da-petrobras-avanca-64-no-1-trimestre","status":"publish","type":"post","link":"https:\/\/agenciainfra.com\/blog\/producao-de-combustiveis-da-petrobras-avanca-64-no-1-trimestre\/","title":{"rendered":"Produ\u00e7\u00e3o de combust\u00edveis da Petrobras avan\u00e7a 6,4% no 1\u00b0 trimestre"},"content":{"rendered":"\n<p class=\"has-text-align-right\"><strong>Gabriel Vasconcelos, da Ag\u00eancia iNFRA<\/strong><\/p>\n\n\n\n<p>A produ\u00e7\u00e3o de derivados da Petrobras subiu 6,4% no primeiro trimestre de 2026, em compara\u00e7\u00e3o com o mesmo per\u00edodo de 2025, para 1,81 milh\u00e3o de bpd (barris por dia). Na compara\u00e7\u00e3o com os tr\u00eas \u00faltimos meses de 2025, essa produ\u00e7\u00e3o saltou 6,7%. os dados constam do relat\u00f3rio de produ\u00e7\u00e3o do per\u00edodo, comunicado ao mercado na noite desta quinta-feira (30).<\/p>\n\n\n\n<p>No documento, a Petrobras atribui esse aumento \u00e0 alta disponibilidade do parque de refino, que registrou FUT (Fator de Utiliza\u00e7\u00e3o Total) de 95% no per\u00edodo. Esse par\u00e2metro estava em 89% no trimestre anterior e em 90% h\u00e1 um ano atr\u00e1s.<\/p>\n\n\n\n<p><strong>Diesel<\/strong><br>Combust\u00edvel mais produzido pela estatal, o diesel somou 715 mil barris por dia no per\u00edodo observado, alta de 7,7% na compara\u00e7\u00e3o interanual e de 7,4% na margem.<\/p>\n\n\n\n<p><strong>Gasolina<\/strong><br>J\u00e1 a gasolina, segundo derivado mais gerado pela estatal, assistiu a uma produ\u00e7\u00e3o de 417 mil barris por dia, 1% menor que no primeiro trimestre de 2025 e est\u00e1vel (+0,2%) com rela\u00e7\u00e3o aos tr\u00eas meses anteriores.<\/p>\n\n\n\n<p><strong>Vendas<\/strong><br>J\u00e1 as vendas totais ao mercado interno foram de 1,74 milh\u00e3o de barris por dia, alta de 2,9% ante o in\u00edcio de 2025 e queda de 1,5% na compara\u00e7\u00e3o com os tr\u00eas meses anteriores.<\/p>\n\n\n\n<p>Essa queda na margem, anota a empresa em relat\u00f3rio, se deve \u00e0 sazonalidade do in\u00edcio do ano: o quarto trimestre concentra n\u00edveis mais elevados de demanda que o primeiro do ano seguinte.<\/p>\n\n\n\n<p>&#8220;No diesel o consumo tende a ser mais baixo no primeiro trimestre em fun\u00e7\u00e3o da menor atividade econ\u00f4mica, que contribuiu para uma redu\u00e7\u00e3o significativa nas vendas, com queda de 6,1% (ante o 4\u00b0 trimestre de 2025). Adicionalmente, observou-se um aumento nas importa\u00e7\u00f5es l\u00edquidas realizadas por terceiros, que tamb\u00e9m impactou o desempenho das vendas&#8221;, consta do documento.<\/p>\n\n\n\n<p>As vendas de gasolina, por sua vez, apresentaram diminui\u00e7\u00e3o de 4% ante o 4\u00b0 trimestre de 2025 justamente em fun\u00e7\u00e3o do maior consumo observado no fim do ano, impulsionado pela circula\u00e7\u00e3o de ve\u00edculos durante as festas de fim de ano e pelo efeito do pagamento do d\u00e9cimo terceiro sal\u00e1rio na economia.<\/p>\n","protected":false},"excerpt":{"rendered":"<p>Gabriel Vasconcelos, da Ag\u00eancia iNFRA A produ\u00e7\u00e3o de derivados da Petrobras subiu 6,4% no primeiro trimestre de 2026, em compara\u00e7\u00e3o com o mesmo per\u00edodo de 2025, para 1,81 milh\u00e3o de bpd (barris por dia). Na compara\u00e7\u00e3o com os tr\u00eas \u00faltimos meses de 2025, essa produ\u00e7\u00e3o saltou 6,7%. os dados constam do relat\u00f3rio de produ\u00e7\u00e3o do [&hellip;]<\/p>\n","protected":false},"author":1,"featured_media":11646,"comment_status":"closed","ping_status":"closed","sticky":false,"template":"","format":"standard","meta":{"_monsterinsights_skip_tracking":false,"_monsterinsights_sitenote_active":false,"_monsterinsights_sitenote_note":"","_monsterinsights_sitenote_category":0,"footnotes":""},"categories":[7250],"tags":[19687,314,315,13251,3365,143],"class_list":["post-40448","post","type-post","status-publish","format-standard","has-post-thumbnail","hentry","category-destaque-lista","tag-1t26","tag-combustiveis","tag-diesel","tag-gabriel-vasconcelos","tag-gasolina","tag-petrobras"],"yoast_head":"<!-- This site is optimized with the Yoast SEO Premium plugin v25.4 (Yoast SEO v26.0) - https:\/\/yoast.com\/wordpress\/plugins\/seo\/ -->\n<title>Produ\u00e7\u00e3o de combust\u00edveis da Petrobras avan\u00e7a 6,4% no 1\u00b0 trimestre - Ag\u00eancia iNFRA<\/title>\n<meta name=\"robots\" content=\"index, follow, max-snippet:-1, max-image-preview:large, max-video-preview:-1\" \/>\n<link rel=\"canonical\" href=\"https:\/\/agenciainfra.com\/blog\/producao-de-combustiveis-da-petrobras-avanca-64-no-1-trimestre\/\" \/>\n<meta property=\"og:locale\" content=\"pt_BR\" \/>\n<meta property=\"og:type\" content=\"article\" \/>\n<meta property=\"og:title\" content=\"Produ\u00e7\u00e3o de combust\u00edveis da Petrobras avan\u00e7a 6,4% no 1\u00b0 trimestre\" \/>\n<meta property=\"og:description\" content=\"Gabriel Vasconcelos, da Ag\u00eancia iNFRA A produ\u00e7\u00e3o de derivados da Petrobras subiu 6,4% no primeiro trimestre de 2026, em compara\u00e7\u00e3o com o mesmo per\u00edodo de 2025, para 1,81 milh\u00e3o de bpd (barris por dia). Na compara\u00e7\u00e3o com os tr\u00eas \u00faltimos meses de 2025, essa produ\u00e7\u00e3o saltou 6,7%. os dados constam do relat\u00f3rio de produ\u00e7\u00e3o do [&hellip;]\" \/>\n<meta property=\"og:url\" content=\"https:\/\/agenciainfra.com\/blog\/producao-de-combustiveis-da-petrobras-avanca-64-no-1-trimestre\/\" \/>\n<meta property=\"og:site_name\" content=\"Ag\u00eancia iNFRA\" \/>\n<meta property=\"article:publisher\" content=\"https:\/\/www.facebook.com\/ageninfra\" \/>\n<meta property=\"article:published_time\" content=\"2026-04-30T23:08:26+00:00\" \/>\n<meta property=\"article:modified_time\" content=\"2026-04-30T23:08:28+00:00\" \/>\n<meta property=\"og:image\" content=\"https:\/\/agenciainfra.com\/blog\/wp-content\/uploads\/2022\/11\/combustiveis-foto-fabio-rodrigues-pozzebom-agencia-brasil.jpeg\" \/>\n\t<meta property=\"og:image:width\" content=\"1280\" \/>\n\t<meta property=\"og:image:height\" content=\"766\" \/>\n\t<meta property=\"og:image:type\" content=\"image\/jpeg\" \/>\n<meta name=\"author\" content=\"Ag\u00eancia iNFRA\" \/>\n<meta name=\"twitter:card\" content=\"summary_large_image\" \/>\n<meta name=\"twitter:creator\" content=\"@agencia_infra\" \/>\n<meta name=\"twitter:site\" content=\"@agencia_infra\" \/>\n<meta name=\"twitter:label1\" content=\"Escrito por\" \/>\n\t<meta name=\"twitter:data1\" content=\"Ag\u00eancia iNFRA\" \/>\n\t<meta name=\"twitter:label2\" content=\"Est. tempo de leitura\" \/>\n\t<meta name=\"twitter:data2\" content=\"2 minutos\" \/>\n<script type=\"application\/ld+json\" class=\"yoast-schema-graph\">{\"@context\":\"https:\/\/schema.org\",\"@graph\":[{\"@type\":\"Article\",\"@id\":\"https:\/\/agenciainfra.com\/blog\/producao-de-combustiveis-da-petrobras-avanca-64-no-1-trimestre\/#article\",\"isPartOf\":{\"@id\":\"https:\/\/agenciainfra.com\/blog\/producao-de-combustiveis-da-petrobras-avanca-64-no-1-trimestre\/\"},\"author\":{\"name\":\"Ag\u00eancia iNFRA\",\"@id\":\"https:\/\/agenciainfra.com\/blog\/#\/schema\/person\/34af08dff6adea4cb22b06612ba7acfa\"},\"headline\":\"Produ\u00e7\u00e3o de combust\u00edveis da Petrobras avan\u00e7a 6,4% no 1\u00b0 trimestre\",\"datePublished\":\"2026-04-30T23:08:26+00:00\",\"dateModified\":\"2026-04-30T23:08:28+00:00\",\"mainEntityOfPage\":{\"@id\":\"https:\/\/agenciainfra.com\/blog\/producao-de-combustiveis-da-petrobras-avanca-64-no-1-trimestre\/\"},\"wordCount\":366,\"publisher\":{\"@id\":\"https:\/\/agenciainfra.com\/blog\/#organization\"},\"image\":{\"@id\":\"https:\/\/agenciainfra.com\/blog\/producao-de-combustiveis-da-petrobras-avanca-64-no-1-trimestre\/#primaryimage\"},\"thumbnailUrl\":\"https:\/\/agenciainfra.com\/blog\/wp-content\/uploads\/2022\/11\/combustiveis-foto-fabio-rodrigues-pozzebom-agencia-brasil.jpeg\",\"keywords\":[\"1T26\",\"combust\u00edveis\",\"diesel\",\"Gabriel Vasconcelos\",\"gasolina\",\"Petrobras\"],\"articleSection\":[\"Destaque lista\"],\"inLanguage\":\"pt-BR\",\"copyrightYear\":\"2026\",\"copyrightHolder\":{\"@id\":\"https:\/\/agenciainfra.com\/blog\/#organization\"}},{\"@type\":\"WebPage\",\"@id\":\"https:\/\/agenciainfra.com\/blog\/producao-de-combustiveis-da-petrobras-avanca-64-no-1-trimestre\/\",\"url\":\"https:\/\/agenciainfra.com\/blog\/producao-de-combustiveis-da-petrobras-avanca-64-no-1-trimestre\/\",\"name\":\"Produ\u00e7\u00e3o de combust\u00edveis da Petrobras avan\u00e7a 6,4% no 1\u00b0 trimestre - Ag\u00eancia iNFRA\",\"isPartOf\":{\"@id\":\"https:\/\/agenciainfra.com\/blog\/#website\"},\"primaryImageOfPage\":{\"@id\":\"https:\/\/agenciainfra.com\/blog\/producao-de-combustiveis-da-petrobras-avanca-64-no-1-trimestre\/#primaryimage\"},\"image\":{\"@id\":\"https:\/\/agenciainfra.com\/blog\/producao-de-combustiveis-da-petrobras-avanca-64-no-1-trimestre\/#primaryimage\"},\"thumbnailUrl\":\"https:\/\/agenciainfra.com\/blog\/wp-content\/uploads\/2022\/11\/combustiveis-foto-fabio-rodrigues-pozzebom-agencia-brasil.jpeg\",\"datePublished\":\"2026-04-30T23:08:26+00:00\",\"dateModified\":\"2026-04-30T23:08:28+00:00\",\"breadcrumb\":{\"@id\":\"https:\/\/agenciainfra.com\/blog\/producao-de-combustiveis-da-petrobras-avanca-64-no-1-trimestre\/#breadcrumb\"},\"inLanguage\":\"pt-BR\",\"potentialAction\":[{\"@type\":\"ReadAction\",\"target\":[\"https:\/\/agenciainfra.com\/blog\/producao-de-combustiveis-da-petrobras-avanca-64-no-1-trimestre\/\"]}]},{\"@type\":\"ImageObject\",\"inLanguage\":\"pt-BR\",\"@id\":\"https:\/\/agenciainfra.com\/blog\/producao-de-combustiveis-da-petrobras-avanca-64-no-1-trimestre\/#primaryimage\",\"url\":\"https:\/\/agenciainfra.com\/blog\/wp-content\/uploads\/2022\/11\/combustiveis-foto-fabio-rodrigues-pozzebom-agencia-brasil.jpeg\",\"contentUrl\":\"https:\/\/agenciainfra.com\/blog\/wp-content\/uploads\/2022\/11\/combustiveis-foto-fabio-rodrigues-pozzebom-agencia-brasil.jpeg\",\"width\":1280,\"height\":766,\"caption\":\"Foto: Fabio Rodrigues Pozzebom\/Ag\u00eancia Brasil\"},{\"@type\":\"BreadcrumbList\",\"@id\":\"https:\/\/agenciainfra.com\/blog\/producao-de-combustiveis-da-petrobras-avanca-64-no-1-trimestre\/#breadcrumb\",\"itemListElement\":[{\"@type\":\"ListItem\",\"position\":1,\"name\":\"In\u00edcio\",\"item\":\"https:\/\/agenciainfra.com\/blog\/\"},{\"@type\":\"ListItem\",\"position\":2,\"name\":\"Produ\u00e7\u00e3o de combust\u00edveis da Petrobras avan\u00e7a 6,4% no 1\u00b0 trimestre\"}]},{\"@type\":\"WebSite\",\"@id\":\"https:\/\/agenciainfra.com\/blog\/#website\",\"url\":\"https:\/\/agenciainfra.com\/blog\/\",\"name\":\"Ag\u00eancia iNFRA\",\"description\":\"Multiplataforma de informa\u00e7\u00e3o jornal\u00edstica refer\u00eancia na \u00e1rea de infraestrutura no Brasil!\",\"publisher\":{\"@id\":\"https:\/\/agenciainfra.com\/blog\/#organization\"},\"potentialAction\":[{\"@type\":\"SearchAction\",\"target\":{\"@type\":\"EntryPoint\",\"urlTemplate\":\"https:\/\/agenciainfra.com\/blog\/?s={search_term_string}\"},\"query-input\":{\"@type\":\"PropertyValueSpecification\",\"valueRequired\":true,\"valueName\":\"search_term_string\"}}],\"inLanguage\":\"pt-BR\"},{\"@type\":\"Organization\",\"@id\":\"https:\/\/agenciainfra.com\/blog\/#organization\",\"name\":\"Ag\u00eancia iNFRA\",\"url\":\"https:\/\/agenciainfra.com\/blog\/\",\"logo\":{\"@type\":\"ImageObject\",\"inLanguage\":\"pt-BR\",\"@id\":\"https:\/\/agenciainfra.com\/blog\/#\/schema\/logo\/image\/\",\"url\":\"https:\/\/agenciainfra.com\/blog\/wp-content\/uploads\/2023\/09\/iNFRA_5-e1761735885940.png\",\"contentUrl\":\"https:\/\/agenciainfra.com\/blog\/wp-content\/uploads\/2023\/09\/iNFRA_5-e1761735885940.png\",\"width\":1672,\"height\":454,\"caption\":\"Ag\u00eancia iNFRA\"},\"image\":{\"@id\":\"https:\/\/agenciainfra.com\/blog\/#\/schema\/logo\/image\/\"},\"sameAs\":[\"https:\/\/www.facebook.com\/ageninfra\",\"https:\/\/x.com\/agencia_infra\",\"https:\/\/www.linkedin.com\/company\/ag\u00eanciainfra\/\",\"https:\/\/www.instagram.com\/agenciainfra\/\"]},{\"@type\":\"Person\",\"@id\":\"https:\/\/agenciainfra.com\/blog\/#\/schema\/person\/34af08dff6adea4cb22b06612ba7acfa\",\"name\":\"Ag\u00eancia iNFRA\",\"image\":{\"@type\":\"ImageObject\",\"inLanguage\":\"pt-BR\",\"@id\":\"https:\/\/agenciainfra.com\/blog\/#\/schema\/person\/image\/\",\"url\":\"https:\/\/secure.gravatar.com\/avatar\/d189e01678f06d8eb84d4e01f08eb848b3fffe3f8443818d3c356c66892f5be8?s=96&d=mm&r=g\",\"contentUrl\":\"https:\/\/secure.gravatar.com\/avatar\/d189e01678f06d8eb84d4e01f08eb848b3fffe3f8443818d3c356c66892f5be8?s=96&d=mm&r=g\",\"caption\":\"Ag\u00eancia iNFRA\"},\"url\":\"https:\/\/agenciainfra.com\/blog\/author\/admin\/\"}]}<\/script>\n<!-- \/ Yoast SEO Premium plugin. -->","yoast_head_json":{"title":"Produ\u00e7\u00e3o de combust\u00edveis da Petrobras avan\u00e7a 6,4% no 1\u00b0 trimestre - Ag\u00eancia iNFRA","robots":{"index":"index","follow":"follow","max-snippet":"max-snippet:-1","max-image-preview":"max-image-preview:large","max-video-preview":"max-video-preview:-1"},"canonical":"https:\/\/agenciainfra.com\/blog\/producao-de-combustiveis-da-petrobras-avanca-64-no-1-trimestre\/","og_locale":"pt_BR","og_type":"article","og_title":"Produ\u00e7\u00e3o de combust\u00edveis da Petrobras avan\u00e7a 6,4% no 1\u00b0 trimestre","og_description":"Gabriel Vasconcelos, da Ag\u00eancia iNFRA A produ\u00e7\u00e3o de derivados da Petrobras subiu 6,4% no primeiro trimestre de 2026, em compara\u00e7\u00e3o com o mesmo per\u00edodo de 2025, para 1,81 milh\u00e3o de bpd (barris por dia). Na compara\u00e7\u00e3o com os tr\u00eas \u00faltimos meses de 2025, essa produ\u00e7\u00e3o saltou 6,7%. os dados constam do relat\u00f3rio de produ\u00e7\u00e3o do [&hellip;]","og_url":"https:\/\/agenciainfra.com\/blog\/producao-de-combustiveis-da-petrobras-avanca-64-no-1-trimestre\/","og_site_name":"Ag\u00eancia iNFRA","article_publisher":"https:\/\/www.facebook.com\/ageninfra","article_published_time":"2026-04-30T23:08:26+00:00","article_modified_time":"2026-04-30T23:08:28+00:00","og_image":[{"width":1280,"height":766,"url":"https:\/\/agenciainfra.com\/blog\/wp-content\/uploads\/2022\/11\/combustiveis-foto-fabio-rodrigues-pozzebom-agencia-brasil.jpeg","type":"image\/jpeg"}],"author":"Ag\u00eancia iNFRA","twitter_card":"summary_large_image","twitter_creator":"@agencia_infra","twitter_site":"@agencia_infra","twitter_misc":{"Escrito por":"Ag\u00eancia iNFRA","Est. tempo de leitura":"2 minutos"},"schema":{"@context":"https:\/\/schema.org","@graph":[{"@type":"Article","@id":"https:\/\/agenciainfra.com\/blog\/producao-de-combustiveis-da-petrobras-avanca-64-no-1-trimestre\/#article","isPartOf":{"@id":"https:\/\/agenciainfra.com\/blog\/producao-de-combustiveis-da-petrobras-avanca-64-no-1-trimestre\/"},"author":{"name":"Ag\u00eancia iNFRA","@id":"https:\/\/agenciainfra.com\/blog\/#\/schema\/person\/34af08dff6adea4cb22b06612ba7acfa"},"headline":"Produ\u00e7\u00e3o de combust\u00edveis da Petrobras avan\u00e7a 6,4% no 1\u00b0 trimestre","datePublished":"2026-04-30T23:08:26+00:00","dateModified":"2026-04-30T23:08:28+00:00","mainEntityOfPage":{"@id":"https:\/\/agenciainfra.com\/blog\/producao-de-combustiveis-da-petrobras-avanca-64-no-1-trimestre\/"},"wordCount":366,"publisher":{"@id":"https:\/\/agenciainfra.com\/blog\/#organization"},"image":{"@id":"https:\/\/agenciainfra.com\/blog\/producao-de-combustiveis-da-petrobras-avanca-64-no-1-trimestre\/#primaryimage"},"thumbnailUrl":"https:\/\/agenciainfra.com\/blog\/wp-content\/uploads\/2022\/11\/combustiveis-foto-fabio-rodrigues-pozzebom-agencia-brasil.jpeg","keywords":["1T26","combust\u00edveis","diesel","Gabriel Vasconcelos","gasolina","Petrobras"],"articleSection":["Destaque lista"],"inLanguage":"pt-BR","copyrightYear":"2026","copyrightHolder":{"@id":"https:\/\/agenciainfra.com\/blog\/#organization"}},{"@type":"WebPage","@id":"https:\/\/agenciainfra.com\/blog\/producao-de-combustiveis-da-petrobras-avanca-64-no-1-trimestre\/","url":"https:\/\/agenciainfra.com\/blog\/producao-de-combustiveis-da-petrobras-avanca-64-no-1-trimestre\/","name":"Produ\u00e7\u00e3o de combust\u00edveis da Petrobras avan\u00e7a 6,4% no 1\u00b0 trimestre - Ag\u00eancia iNFRA","isPartOf":{"@id":"https:\/\/agenciainfra.com\/blog\/#website"},"primaryImageOfPage":{"@id":"https:\/\/agenciainfra.com\/blog\/producao-de-combustiveis-da-petrobras-avanca-64-no-1-trimestre\/#primaryimage"},"image":{"@id":"https:\/\/agenciainfra.com\/blog\/producao-de-combustiveis-da-petrobras-avanca-64-no-1-trimestre\/#primaryimage"},"thumbnailUrl":"https:\/\/agenciainfra.com\/blog\/wp-content\/uploads\/2022\/11\/combustiveis-foto-fabio-rodrigues-pozzebom-agencia-brasil.jpeg","datePublished":"2026-04-30T23:08:26+00:00","dateModified":"2026-04-30T23:08:28+00:00","breadcrumb":{"@id":"https:\/\/agenciainfra.com\/blog\/producao-de-combustiveis-da-petrobras-avanca-64-no-1-trimestre\/#breadcrumb"},"inLanguage":"pt-BR","potentialAction":[{"@type":"ReadAction","target":["https:\/\/agenciainfra.com\/blog\/producao-de-combustiveis-da-petrobras-avanca-64-no-1-trimestre\/"]}]},{"@type":"ImageObject","inLanguage":"pt-BR","@id":"https:\/\/agenciainfra.com\/blog\/producao-de-combustiveis-da-petrobras-avanca-64-no-1-trimestre\/#primaryimage","url":"https:\/\/agenciainfra.com\/blog\/wp-content\/uploads\/2022\/11\/combustiveis-foto-fabio-rodrigues-pozzebom-agencia-brasil.jpeg","contentUrl":"https:\/\/agenciainfra.com\/blog\/wp-content\/uploads\/2022\/11\/combustiveis-foto-fabio-rodrigues-pozzebom-agencia-brasil.jpeg","width":1280,"height":766,"caption":"Foto: Fabio Rodrigues Pozzebom\/Ag\u00eancia Brasil"},{"@type":"BreadcrumbList","@id":"https:\/\/agenciainfra.com\/blog\/producao-de-combustiveis-da-petrobras-avanca-64-no-1-trimestre\/#breadcrumb","itemListElement":[{"@type":"ListItem","position":1,"name":"In\u00edcio","item":"https:\/\/agenciainfra.com\/blog\/"},{"@type":"ListItem","position":2,"name":"Produ\u00e7\u00e3o de combust\u00edveis da Petrobras avan\u00e7a 6,4% no 1\u00b0 trimestre"}]},{"@type":"WebSite","@id":"https:\/\/agenciainfra.com\/blog\/#website","url":"https:\/\/agenciainfra.com\/blog\/","name":"Ag\u00eancia iNFRA","description":"Multiplataforma de informa\u00e7\u00e3o jornal\u00edstica refer\u00eancia na \u00e1rea de infraestrutura no Brasil!","publisher":{"@id":"https:\/\/agenciainfra.com\/blog\/#organization"},"potentialAction":[{"@type":"SearchAction","target":{"@type":"EntryPoint","urlTemplate":"https:\/\/agenciainfra.com\/blog\/?s={search_term_string}"},"query-input":{"@type":"PropertyValueSpecification","valueRequired":true,"valueName":"search_term_string"}}],"inLanguage":"pt-BR"},{"@type":"Organization","@id":"https:\/\/agenciainfra.com\/blog\/#organization","name":"Ag\u00eancia iNFRA","url":"https:\/\/agenciainfra.com\/blog\/","logo":{"@type":"ImageObject","inLanguage":"pt-BR","@id":"https:\/\/agenciainfra.com\/blog\/#\/schema\/logo\/image\/","url":"https:\/\/agenciainfra.com\/blog\/wp-content\/uploads\/2023\/09\/iNFRA_5-e1761735885940.png","contentUrl":"https:\/\/agenciainfra.com\/blog\/wp-content\/uploads\/2023\/09\/iNFRA_5-e1761735885940.png","width":1672,"height":454,"caption":"Ag\u00eancia iNFRA"},"image":{"@id":"https:\/\/agenciainfra.com\/blog\/#\/schema\/logo\/image\/"},"sameAs":["https:\/\/www.facebook.com\/ageninfra","https:\/\/x.com\/agencia_infra","https:\/\/www.linkedin.com\/company\/ag\u00eanciainfra\/","https:\/\/www.instagram.com\/agenciainfra\/"]},{"@type":"Person","@id":"https:\/\/agenciainfra.com\/blog\/#\/schema\/person\/34af08dff6adea4cb22b06612ba7acfa","name":"Ag\u00eancia iNFRA","image":{"@type":"ImageObject","inLanguage":"pt-BR","@id":"https:\/\/agenciainfra.com\/blog\/#\/schema\/person\/image\/","url":"https:\/\/secure.gravatar.com\/avatar\/d189e01678f06d8eb84d4e01f08eb848b3fffe3f8443818d3c356c66892f5be8?s=96&d=mm&r=g","contentUrl":"https:\/\/secure.gravatar.com\/avatar\/d189e01678f06d8eb84d4e01f08eb848b3fffe3f8443818d3c356c66892f5be8?s=96&d=mm&r=g","caption":"Ag\u00eancia iNFRA"},"url":"https:\/\/agenciainfra.com\/blog\/author\/admin\/"}]}},"_links":{"self":[{"href":"https:\/\/agenciainfra.com\/blog\/wp-json\/wp\/v2\/posts\/40448","targetHints":{"allow":["GET"]}}],"collection":[{"href":"https:\/\/agenciainfra.com\/blog\/wp-json\/wp\/v2\/posts"}],"about":[{"href":"https:\/\/agenciainfra.com\/blog\/wp-json\/wp\/v2\/types\/post"}],"author":[{"embeddable":true,"href":"https:\/\/agenciainfra.com\/blog\/wp-json\/wp\/v2\/users\/1"}],"replies":[{"embeddable":true,"href":"https:\/\/agenciainfra.com\/blog\/wp-json\/wp\/v2\/comments?post=40448"}],"version-history":[{"count":1,"href":"https:\/\/agenciainfra.com\/blog\/wp-json\/wp\/v2\/posts\/40448\/revisions"}],"predecessor-version":[{"id":40449,"href":"https:\/\/agenciainfra.com\/blog\/wp-json\/wp\/v2\/posts\/40448\/revisions\/40449"}],"wp:featuredmedia":[{"embeddable":true,"href":"https:\/\/agenciainfra.com\/blog\/wp-json\/wp\/v2\/media\/11646"}],"wp:attachment":[{"href":"https:\/\/agenciainfra.com\/blog\/wp-json\/wp\/v2\/media?parent=40448"}],"wp:term":[{"taxonomy":"category","embeddable":true,"href":"https:\/\/agenciainfra.com\/blog\/wp-json\/wp\/v2\/categories?post=40448"},{"taxonomy":"post_tag","embeddable":true,"href":"https:\/\/agenciainfra.com\/blog\/wp-json\/wp\/v2\/tags?post=40448"}],"curies":[{"name":"wp","href":"https:\/\/api.w.org\/{rel}","templated":true}]}}