{"id":4059,"date":"2019-11-25T08:00:46","date_gmt":"2019-11-25T11:00:46","guid":{"rendered":"http:\/\/www.agenciainfra.com\/blog\/?p=4059"},"modified":"2019-11-22T09:23:56","modified_gmt":"2019-11-22T12:23:56","slug":"auditoria-do-tcu-aponta-para-ausencia-de-acao-do-governo-no-controle-da-praticagem","status":"publish","type":"post","link":"https:\/\/agenciainfra.com\/blog\/auditoria-do-tcu-aponta-para-ausencia-de-acao-do-governo-no-controle-da-praticagem\/","title":{"rendered":"Auditoria do TCU aponta para aus\u00eancia de a\u00e7\u00e3o do governo no controle da praticagem"},"content":{"rendered":"<h5 style=\"text-align: right;\"><strong>Dimmi Amora, da Ag\u00eancia iNFRA<\/strong><\/h5>\n<div>\n<p>Achados preliminares de uma auditoria operacional do TCU (Tribunal de Contas da Uni\u00e3o) sobre o servi\u00e7o de praticagem no Brasil apontou que h\u00e1 um monop\u00f3lio econ\u00f4mico sem regula\u00e7\u00e3o e transpar\u00eancia de pre\u00e7os e que as autoridades portu\u00e1ria e mar\u00edtima n\u00e3o exercem plenamente suas fun\u00e7\u00f5es na gest\u00e3o do transporte aquavi\u00e1rio.<\/p>\n<p>Os dados preliminares foram apresentados num painel t\u00e9cnico realizado pela SeinfraPor (Secretaria de Fiscaliza\u00e7\u00e3o de Infraestrutura Portu\u00e1ria e Ferrovi\u00e1ria) do tribunal a empresas do setor, associa\u00e7\u00f5es e \u00f3rg\u00e3os p\u00fablicos envolvidos nesse servi\u00e7o, que consiste no aux\u00edlio \u00e0 manobra de navio nos portos e que h\u00e1 anos \u00e9 motivo de conflito entre os pr\u00e1ticos e as empresas de navega\u00e7\u00e3o, que reclamam de altos pre\u00e7os cobrados no pa\u00eds. O relat\u00f3rio com os achados de auditoria est\u00e1 dispon\u00edvel <a href=\"https:\/\/agenciainfra.us14.list-manage.com\/track\/click?u=d460dd1bcf9ba0ae040e1fc0f&amp;id=720e1447b2&amp;e=c099169394\" target=\"_blank\" rel=\"noopener noreferrer\" data-saferedirecturl=\"https:\/\/www.google.com\/url?q=https:\/\/agenciainfra.us14.list-manage.com\/track\/click?u%3Dd460dd1bcf9ba0ae040e1fc0f%26id%3D720e1447b2%26e%3Dc099169394&amp;source=gmail&amp;ust=1574510774189000&amp;usg=AFQjCNE2NdtOErOXCLvFKkXbk6GGC8iZpQ\">neste link<\/a>.<\/p>\n<p>Os t\u00e9cnicos do TCU recolheram ao longo deste ano dados e fizeram visitas t\u00e9cnicas a duas \u00e1reas de praticagem no pa\u00eds, uma delas em Santos (SP). Na apresenta\u00e7\u00e3o, o secret\u00e1rio da Seinfra, Jairo Misson, pediu para que os achados fossem criticados para melhorar a qualidade do trabalho, que deve ser levado ao relator do processo, o ministro Bruno Dantas, no in\u00edcio do pr\u00f3ximo ano, ap\u00f3s a fase de an\u00e1lise dos coment\u00e1rios dos gestores aos achados do TCU.<\/p>\n<p>Os achados de auditoria encontrados pelo TCU apontam para uma situa\u00e7\u00e3o que come\u00e7a com a falta de atua\u00e7\u00e3o do governo nas atividades de estado necess\u00e1rias \u00e0s manobras, que acabam sendo realizadas pelos pr\u00e1ticos. De acordo com o TCU, na pr\u00e1tica, em quase todos os portos do pa\u00eds, quem controla o canal de acesso dos portos s\u00e3o os pr\u00e1ticos, fun\u00e7\u00e3o que deveria ser feita pelas autoridades portu\u00e1rias.<\/p>\n<p>Isso ocorre porque essas companhias n\u00e3o conseguiram implementar sistemas de controle (VTS e VTMS), o que faz com que sejam necess\u00e1rias informa\u00e7\u00f5es da praticagem para haver uma manobra segura dos navios. O \u00fanico exemplo positivo foi encontrado na Codesa (Companhia Docas do Esp\u00edrito Santo), onde o VTMS foi implantado e a gest\u00e3o do canal passou a ser feita pela estatal.<\/p>\n<p>O TCU atribuiu isso \u00e0 falta de recursos financeiros, mas o pr\u00f3prio secret\u00e1rio de Portos e Transportes Aquavi\u00e1rios do Minist\u00e9rio da Infraestrutura, Diogo Piloni, presente ao encontro, rebateu, lembrando que ao longo da \u00faltima d\u00e9cada houve recursos para a implementa\u00e7\u00e3o de VTMS nas Docas que n\u00e3o foram utilizados.<\/p>\n<p>Na parte de regula\u00e7\u00e3o t\u00e9cnica, que \u00e9 feita pela Marinha, os auditores apontaram na auditoria preliminar que h\u00e1 defici\u00eancias de atua\u00e7\u00e3o; aus\u00eancia de transpar\u00eancia, participa\u00e7\u00e3o e motiva\u00e7\u00e3o das decis\u00f5es; e morosidade na atualiza\u00e7\u00e3o dos par\u00e2metros t\u00e9cnicos.<\/p>\n<p>Os representantes da Diretoria de Portos e Costas da Marinha rebateram as conclus\u00f5es, lembrando que as decis\u00f5es t\u00e9cnicas sobre as manobras s\u00e3o tomadas visando \u00e0 seguran\u00e7a da navega\u00e7\u00e3o, no que foram acompanhados pelos representantes de algumas zonas de praticagem que estavam presentes no evento.<\/p>\n<p><strong>Abusos pontuais\u00a0<\/strong><br \/>\nDa quest\u00e3o da seguran\u00e7a se passou ao pre\u00e7o cobrado, o que tem sido a quest\u00e3o mais relevante. O diretor da Alian\u00e7a Navega\u00e7\u00e3o no Brasil, Mark Juzwiak, apontou que os pre\u00e7os cobrados no Brasil est\u00e3o acima da m\u00e9dia mundial e disse que vai apresentar dados sobre os valores. S\u00f3cio da Posid\u00f4nia Shipping, Abrah\u00e3o Salom\u00e3o afirmou que os pre\u00e7os praticados no Brasil n\u00e3o s\u00e3o um problema para a navega\u00e7\u00e3o.<\/p>\n<p>O secret\u00e1rio de Portos, Diogo Piloni, apontou que ao longo deste ano foram feitas reuni\u00f5es com representantes dos pr\u00e1ticos e das empresas para que o governo pudesse se posicionar. \u00a0Piloni ressaltou que o ponto comum a todas as vis\u00f5es \u00e9 a qualidade do servi\u00e7o prestado no pa\u00eds.<\/p>\n<p>De acordo com ele, com os n\u00fameros apresentados pelos dois lados \u00e9 poss\u00edvel avaliar que a maior parte dos valores praticados est\u00e3o dentro de n\u00edveis mundiais, mas que s\u00e3o encontrados abusos e, por isso, \u00e9 necess\u00e1rio exercer alguma regula\u00e7\u00e3o econ\u00f4mica no setor se ele continuar sendo praticado em forma de monop\u00f3lio, como defende a Marinha e os pr\u00e1ticos.<\/p>\n<p>\u201cA busca da seguran\u00e7a \u00e9 louv\u00e1vel. Na d\u00favida \u00e9 seguran\u00e7a. Mas n\u00e3o podemos livremente dispor de recursos, se ele n\u00e3o for necess\u00e1rio\u201d, disse Piloni.<\/p>\n<p><strong>Projeto de lei na C\u00e2mara<\/strong><br \/>\nEnquanto o TCU audita o setor de praticagem no pa\u00eds, o Congresso se movimenta para aprovar uma nova legisla\u00e7\u00e3o sobre o setor. O presidente da CVT (Comiss\u00e3o de Via\u00e7\u00e3o e Transportes) da C\u00e2mara, deputado Eli Corr\u00eaa Filho (DEM-SP), passou a relatar o\u00a0<a href=\"https:\/\/agenciainfra.us14.list-manage.com\/track\/click?u=d460dd1bcf9ba0ae040e1fc0f&amp;id=f42a55163f&amp;e=c099169394\" target=\"_blank\" rel=\"noopener noreferrer\" data-saferedirecturl=\"https:\/\/www.google.com\/url?q=https:\/\/agenciainfra.us14.list-manage.com\/track\/click?u%3Dd460dd1bcf9ba0ae040e1fc0f%26id%3Df42a55163f%26e%3Dc099169394&amp;source=gmail&amp;ust=1574510774189000&amp;usg=AFQjCNEXiUrUVun3Vdq47CPq-pEZF0UhyA\">PL 2.149\/2015<\/a>, de autoria do deputado Raimundo Gomes de Matos (PSDB-CE) que modifica a lei 9.537\/1997, que trata do tema.<\/p>\n<p>Na proposta, o deputado afasta a possibilidade de regula\u00e7\u00e3o do setor de praticagem pelo governo, mas mant\u00e9m o monop\u00f3lio hoje do setor, o que preocupa as empresas, os t\u00e9cnicos do governo e do \u00f3rg\u00e3o de controle, que avaliam que o projeto aumentaria a possibilidade da pr\u00e1tica de pre\u00e7os abusivos.<\/p>\n<\/div>\n","protected":false},"excerpt":{"rendered":"<p>Dimmi Amora, da Ag\u00eancia iNFRA Achados preliminares de uma auditoria operacional do TCU (Tribunal de Contas da Uni\u00e3o) sobre o servi\u00e7o de praticagem no Brasil apontou que h\u00e1 um monop\u00f3lio econ\u00f4mico sem regula\u00e7\u00e3o e transpar\u00eancia de pre\u00e7os e que as autoridades portu\u00e1ria e mar\u00edtima n\u00e3o exercem plenamente suas fun\u00e7\u00f5es na gest\u00e3o do transporte aquavi\u00e1rio. Os [&hellip;]<\/p>\n","protected":false},"author":9,"featured_media":4060,"comment_status":"closed","ping_status":"closed","sticky":false,"template":"","format":"standard","meta":{"_monsterinsights_skip_tracking":false,"_monsterinsights_sitenote_active":false,"_monsterinsights_sitenote_note":"","_monsterinsights_sitenote_category":0,"footnotes":""},"categories":[7],"tags":[1298,1476,811,1478,1294,1475,1477,1473,1479,18,927],"class_list":["post-4059","post","type-post","status-publish","format-standard","has-post-thumbnail","hentry","category-infratransporte","tag-abrahao-salomao","tag-alianca-navegacao","tag-diogo-piloni","tag-eli-correa-filho","tag-jairo-misson","tag-mark-juzwiak","tag-posidonia-shipping","tag-praticagem","tag-seinfrapor","tag-tcu","tag-tribunal-de-contas-da-uniao"],"yoast_head":"<!-- This site is optimized with the Yoast SEO Premium plugin v25.4 (Yoast SEO v26.0) - https:\/\/yoast.com\/wordpress\/plugins\/seo\/ -->\n<title>Auditoria do TCU aponta para aus\u00eancia de a\u00e7\u00e3o do governo no controle da praticagem - Ag\u00eancia iNFRA<\/title>\n<meta name=\"robots\" content=\"index, follow, max-snippet:-1, max-image-preview:large, max-video-preview:-1\" \/>\n<link rel=\"canonical\" href=\"https:\/\/agenciainfra.com\/blog\/auditoria-do-tcu-aponta-para-ausencia-de-acao-do-governo-no-controle-da-praticagem\/\" \/>\n<meta property=\"og:locale\" content=\"pt_BR\" \/>\n<meta property=\"og:type\" content=\"article\" \/>\n<meta property=\"og:title\" content=\"Auditoria do TCU aponta para aus\u00eancia de a\u00e7\u00e3o do governo no controle da praticagem\" \/>\n<meta property=\"og:description\" content=\"Dimmi Amora, da Ag\u00eancia iNFRA Achados preliminares de uma auditoria operacional do TCU (Tribunal de Contas da Uni\u00e3o) sobre o servi\u00e7o de praticagem no Brasil apontou que h\u00e1 um monop\u00f3lio econ\u00f4mico sem regula\u00e7\u00e3o e transpar\u00eancia de pre\u00e7os e que as autoridades portu\u00e1ria e mar\u00edtima n\u00e3o exercem plenamente suas fun\u00e7\u00f5es na gest\u00e3o do transporte aquavi\u00e1rio. Os [&hellip;]\" \/>\n<meta property=\"og:url\" content=\"https:\/\/agenciainfra.com\/blog\/auditoria-do-tcu-aponta-para-ausencia-de-acao-do-governo-no-controle-da-praticagem\/\" \/>\n<meta property=\"og:site_name\" content=\"Ag\u00eancia iNFRA\" \/>\n<meta property=\"article:publisher\" content=\"https:\/\/www.facebook.com\/ageninfra\" \/>\n<meta property=\"article:published_time\" content=\"2019-11-25T11:00:46+00:00\" \/>\n<meta property=\"og:image\" content=\"https:\/\/agenciainfra.com\/blog\/wp-content\/uploads\/2019\/11\/jairo-misson-foto-roque-de-sa-agencia-senado.jpg\" \/>\n\t<meta property=\"og:image:width\" content=\"1280\" \/>\n\t<meta property=\"og:image:height\" content=\"889\" \/>\n\t<meta property=\"og:image:type\" content=\"image\/jpeg\" \/>\n<meta name=\"author\" content=\"Rodrigo Zuquim\" \/>\n<meta name=\"twitter:card\" content=\"summary_large_image\" \/>\n<meta name=\"twitter:creator\" content=\"@agencia_infra\" \/>\n<meta name=\"twitter:site\" content=\"@agencia_infra\" \/>\n<meta name=\"twitter:label1\" content=\"Escrito por\" \/>\n\t<meta name=\"twitter:data1\" content=\"Rodrigo Zuquim\" \/>\n\t<meta name=\"twitter:label2\" content=\"Est. tempo de leitura\" \/>\n\t<meta name=\"twitter:data2\" content=\"4 minutos\" \/>\n<script type=\"application\/ld+json\" class=\"yoast-schema-graph\">{\"@context\":\"https:\/\/schema.org\",\"@graph\":[{\"@type\":\"Article\",\"@id\":\"https:\/\/agenciainfra.com\/blog\/auditoria-do-tcu-aponta-para-ausencia-de-acao-do-governo-no-controle-da-praticagem\/#article\",\"isPartOf\":{\"@id\":\"https:\/\/agenciainfra.com\/blog\/auditoria-do-tcu-aponta-para-ausencia-de-acao-do-governo-no-controle-da-praticagem\/\"},\"author\":{\"name\":\"Rodrigo Zuquim\",\"@id\":\"https:\/\/agenciainfra.com\/blog\/#\/schema\/person\/04dbb79bd6d8951f063da71f3e4c1eb1\"},\"headline\":\"Auditoria do TCU aponta para aus\u00eancia de a\u00e7\u00e3o do governo no controle da praticagem\",\"datePublished\":\"2019-11-25T11:00:46+00:00\",\"mainEntityOfPage\":{\"@id\":\"https:\/\/agenciainfra.com\/blog\/auditoria-do-tcu-aponta-para-ausencia-de-acao-do-governo-no-controle-da-praticagem\/\"},\"wordCount\":914,\"publisher\":{\"@id\":\"https:\/\/agenciainfra.com\/blog\/#organization\"},\"image\":{\"@id\":\"https:\/\/agenciainfra.com\/blog\/auditoria-do-tcu-aponta-para-ausencia-de-acao-do-governo-no-controle-da-praticagem\/#primaryimage\"},\"thumbnailUrl\":\"https:\/\/agenciainfra.com\/blog\/wp-content\/uploads\/2019\/11\/jairo-misson-foto-roque-de-sa-agencia-senado.jpg\",\"keywords\":[\"Abrah\u00e3o Salom\u00e3o\",\"Alian\u00e7a Navega\u00e7\u00e3o\",\"Diogo Piloni\",\"Eli Corr\u00eaa Filho\",\"Jairo Misson\",\"Mark Juzwiak\",\"Posid\u00f4nia Shipping\",\"praticagem\",\"SeinfraPor\",\"TCU\",\"Tribunal de Contas da Uni\u00e3o\"],\"articleSection\":[\"iNFRATransporte\"],\"inLanguage\":\"pt-BR\",\"copyrightYear\":\"2019\",\"copyrightHolder\":{\"@id\":\"https:\/\/agenciainfra.com\/blog\/#organization\"}},{\"@type\":\"WebPage\",\"@id\":\"https:\/\/agenciainfra.com\/blog\/auditoria-do-tcu-aponta-para-ausencia-de-acao-do-governo-no-controle-da-praticagem\/\",\"url\":\"https:\/\/agenciainfra.com\/blog\/auditoria-do-tcu-aponta-para-ausencia-de-acao-do-governo-no-controle-da-praticagem\/\",\"name\":\"Auditoria do TCU aponta para aus\u00eancia de a\u00e7\u00e3o do governo no controle da praticagem - Ag\u00eancia iNFRA\",\"isPartOf\":{\"@id\":\"https:\/\/agenciainfra.com\/blog\/#website\"},\"primaryImageOfPage\":{\"@id\":\"https:\/\/agenciainfra.com\/blog\/auditoria-do-tcu-aponta-para-ausencia-de-acao-do-governo-no-controle-da-praticagem\/#primaryimage\"},\"image\":{\"@id\":\"https:\/\/agenciainfra.com\/blog\/auditoria-do-tcu-aponta-para-ausencia-de-acao-do-governo-no-controle-da-praticagem\/#primaryimage\"},\"thumbnailUrl\":\"https:\/\/agenciainfra.com\/blog\/wp-content\/uploads\/2019\/11\/jairo-misson-foto-roque-de-sa-agencia-senado.jpg\",\"datePublished\":\"2019-11-25T11:00:46+00:00\",\"breadcrumb\":{\"@id\":\"https:\/\/agenciainfra.com\/blog\/auditoria-do-tcu-aponta-para-ausencia-de-acao-do-governo-no-controle-da-praticagem\/#breadcrumb\"},\"inLanguage\":\"pt-BR\",\"potentialAction\":[{\"@type\":\"ReadAction\",\"target\":[\"https:\/\/agenciainfra.com\/blog\/auditoria-do-tcu-aponta-para-ausencia-de-acao-do-governo-no-controle-da-praticagem\/\"]}]},{\"@type\":\"ImageObject\",\"inLanguage\":\"pt-BR\",\"@id\":\"https:\/\/agenciainfra.com\/blog\/auditoria-do-tcu-aponta-para-ausencia-de-acao-do-governo-no-controle-da-praticagem\/#primaryimage\",\"url\":\"https:\/\/agenciainfra.com\/blog\/wp-content\/uploads\/2019\/11\/jairo-misson-foto-roque-de-sa-agencia-senado.jpg\",\"contentUrl\":\"https:\/\/agenciainfra.com\/blog\/wp-content\/uploads\/2019\/11\/jairo-misson-foto-roque-de-sa-agencia-senado.jpg\",\"width\":1280,\"height\":889},{\"@type\":\"BreadcrumbList\",\"@id\":\"https:\/\/agenciainfra.com\/blog\/auditoria-do-tcu-aponta-para-ausencia-de-acao-do-governo-no-controle-da-praticagem\/#breadcrumb\",\"itemListElement\":[{\"@type\":\"ListItem\",\"position\":1,\"name\":\"In\u00edcio\",\"item\":\"https:\/\/agenciainfra.com\/blog\/\"},{\"@type\":\"ListItem\",\"position\":2,\"name\":\"Auditoria do TCU aponta para aus\u00eancia de a\u00e7\u00e3o do governo no controle da praticagem\"}]},{\"@type\":\"WebSite\",\"@id\":\"https:\/\/agenciainfra.com\/blog\/#website\",\"url\":\"https:\/\/agenciainfra.com\/blog\/\",\"name\":\"Ag\u00eancia iNFRA\",\"description\":\"Multiplataforma de informa\u00e7\u00e3o jornal\u00edstica refer\u00eancia na \u00e1rea de infraestrutura no Brasil!\",\"publisher\":{\"@id\":\"https:\/\/agenciainfra.com\/blog\/#organization\"},\"potentialAction\":[{\"@type\":\"SearchAction\",\"target\":{\"@type\":\"EntryPoint\",\"urlTemplate\":\"https:\/\/agenciainfra.com\/blog\/?s={search_term_string}\"},\"query-input\":{\"@type\":\"PropertyValueSpecification\",\"valueRequired\":true,\"valueName\":\"search_term_string\"}}],\"inLanguage\":\"pt-BR\"},{\"@type\":\"Organization\",\"@id\":\"https:\/\/agenciainfra.com\/blog\/#organization\",\"name\":\"Ag\u00eancia iNFRA\",\"url\":\"https:\/\/agenciainfra.com\/blog\/\",\"logo\":{\"@type\":\"ImageObject\",\"inLanguage\":\"pt-BR\",\"@id\":\"https:\/\/agenciainfra.com\/blog\/#\/schema\/logo\/image\/\",\"url\":\"https:\/\/agenciainfra.com\/blog\/wp-content\/uploads\/2023\/09\/iNFRA_5-e1761735885940.png\",\"contentUrl\":\"https:\/\/agenciainfra.com\/blog\/wp-content\/uploads\/2023\/09\/iNFRA_5-e1761735885940.png\",\"width\":1672,\"height\":454,\"caption\":\"Ag\u00eancia iNFRA\"},\"image\":{\"@id\":\"https:\/\/agenciainfra.com\/blog\/#\/schema\/logo\/image\/\"},\"sameAs\":[\"https:\/\/www.facebook.com\/ageninfra\",\"https:\/\/x.com\/agencia_infra\",\"https:\/\/www.linkedin.com\/company\/ag\u00eanciainfra\/\",\"https:\/\/www.instagram.com\/agenciainfra\/\"]},{\"@type\":\"Person\",\"@id\":\"https:\/\/agenciainfra.com\/blog\/#\/schema\/person\/04dbb79bd6d8951f063da71f3e4c1eb1\",\"name\":\"Rodrigo Zuquim\",\"image\":{\"@type\":\"ImageObject\",\"inLanguage\":\"pt-BR\",\"@id\":\"https:\/\/agenciainfra.com\/blog\/#\/schema\/person\/image\/\",\"url\":\"https:\/\/secure.gravatar.com\/avatar\/594abfe82761d620726242ff34ca472a705a4b97f16c790053a6b4c4035274d0?s=96&d=mm&r=g\",\"contentUrl\":\"https:\/\/secure.gravatar.com\/avatar\/594abfe82761d620726242ff34ca472a705a4b97f16c790053a6b4c4035274d0?s=96&d=mm&r=g\",\"caption\":\"Rodrigo Zuquim\"},\"url\":\"https:\/\/agenciainfra.com\/blog\/author\/rodrigo-zuquim\/\"}]}<\/script>\n<!-- \/ Yoast SEO Premium plugin. -->","yoast_head_json":{"title":"Auditoria do TCU aponta para aus\u00eancia de a\u00e7\u00e3o do governo no controle da praticagem - Ag\u00eancia iNFRA","robots":{"index":"index","follow":"follow","max-snippet":"max-snippet:-1","max-image-preview":"max-image-preview:large","max-video-preview":"max-video-preview:-1"},"canonical":"https:\/\/agenciainfra.com\/blog\/auditoria-do-tcu-aponta-para-ausencia-de-acao-do-governo-no-controle-da-praticagem\/","og_locale":"pt_BR","og_type":"article","og_title":"Auditoria do TCU aponta para aus\u00eancia de a\u00e7\u00e3o do governo no controle da praticagem","og_description":"Dimmi Amora, da Ag\u00eancia iNFRA Achados preliminares de uma auditoria operacional do TCU (Tribunal de Contas da Uni\u00e3o) sobre o servi\u00e7o de praticagem no Brasil apontou que h\u00e1 um monop\u00f3lio econ\u00f4mico sem regula\u00e7\u00e3o e transpar\u00eancia de pre\u00e7os e que as autoridades portu\u00e1ria e mar\u00edtima n\u00e3o exercem plenamente suas fun\u00e7\u00f5es na gest\u00e3o do transporte aquavi\u00e1rio. Os [&hellip;]","og_url":"https:\/\/agenciainfra.com\/blog\/auditoria-do-tcu-aponta-para-ausencia-de-acao-do-governo-no-controle-da-praticagem\/","og_site_name":"Ag\u00eancia iNFRA","article_publisher":"https:\/\/www.facebook.com\/ageninfra","article_published_time":"2019-11-25T11:00:46+00:00","og_image":[{"width":1280,"height":889,"url":"https:\/\/agenciainfra.com\/blog\/wp-content\/uploads\/2019\/11\/jairo-misson-foto-roque-de-sa-agencia-senado.jpg","type":"image\/jpeg"}],"author":"Rodrigo Zuquim","twitter_card":"summary_large_image","twitter_creator":"@agencia_infra","twitter_site":"@agencia_infra","twitter_misc":{"Escrito por":"Rodrigo Zuquim","Est. tempo de leitura":"4 minutos"},"schema":{"@context":"https:\/\/schema.org","@graph":[{"@type":"Article","@id":"https:\/\/agenciainfra.com\/blog\/auditoria-do-tcu-aponta-para-ausencia-de-acao-do-governo-no-controle-da-praticagem\/#article","isPartOf":{"@id":"https:\/\/agenciainfra.com\/blog\/auditoria-do-tcu-aponta-para-ausencia-de-acao-do-governo-no-controle-da-praticagem\/"},"author":{"name":"Rodrigo Zuquim","@id":"https:\/\/agenciainfra.com\/blog\/#\/schema\/person\/04dbb79bd6d8951f063da71f3e4c1eb1"},"headline":"Auditoria do TCU aponta para aus\u00eancia de a\u00e7\u00e3o do governo no controle da praticagem","datePublished":"2019-11-25T11:00:46+00:00","mainEntityOfPage":{"@id":"https:\/\/agenciainfra.com\/blog\/auditoria-do-tcu-aponta-para-ausencia-de-acao-do-governo-no-controle-da-praticagem\/"},"wordCount":914,"publisher":{"@id":"https:\/\/agenciainfra.com\/blog\/#organization"},"image":{"@id":"https:\/\/agenciainfra.com\/blog\/auditoria-do-tcu-aponta-para-ausencia-de-acao-do-governo-no-controle-da-praticagem\/#primaryimage"},"thumbnailUrl":"https:\/\/agenciainfra.com\/blog\/wp-content\/uploads\/2019\/11\/jairo-misson-foto-roque-de-sa-agencia-senado.jpg","keywords":["Abrah\u00e3o Salom\u00e3o","Alian\u00e7a Navega\u00e7\u00e3o","Diogo Piloni","Eli Corr\u00eaa Filho","Jairo Misson","Mark Juzwiak","Posid\u00f4nia Shipping","praticagem","SeinfraPor","TCU","Tribunal de Contas da Uni\u00e3o"],"articleSection":["iNFRATransporte"],"inLanguage":"pt-BR","copyrightYear":"2019","copyrightHolder":{"@id":"https:\/\/agenciainfra.com\/blog\/#organization"}},{"@type":"WebPage","@id":"https:\/\/agenciainfra.com\/blog\/auditoria-do-tcu-aponta-para-ausencia-de-acao-do-governo-no-controle-da-praticagem\/","url":"https:\/\/agenciainfra.com\/blog\/auditoria-do-tcu-aponta-para-ausencia-de-acao-do-governo-no-controle-da-praticagem\/","name":"Auditoria do TCU aponta para aus\u00eancia de a\u00e7\u00e3o do governo no controle da praticagem - Ag\u00eancia iNFRA","isPartOf":{"@id":"https:\/\/agenciainfra.com\/blog\/#website"},"primaryImageOfPage":{"@id":"https:\/\/agenciainfra.com\/blog\/auditoria-do-tcu-aponta-para-ausencia-de-acao-do-governo-no-controle-da-praticagem\/#primaryimage"},"image":{"@id":"https:\/\/agenciainfra.com\/blog\/auditoria-do-tcu-aponta-para-ausencia-de-acao-do-governo-no-controle-da-praticagem\/#primaryimage"},"thumbnailUrl":"https:\/\/agenciainfra.com\/blog\/wp-content\/uploads\/2019\/11\/jairo-misson-foto-roque-de-sa-agencia-senado.jpg","datePublished":"2019-11-25T11:00:46+00:00","breadcrumb":{"@id":"https:\/\/agenciainfra.com\/blog\/auditoria-do-tcu-aponta-para-ausencia-de-acao-do-governo-no-controle-da-praticagem\/#breadcrumb"},"inLanguage":"pt-BR","potentialAction":[{"@type":"ReadAction","target":["https:\/\/agenciainfra.com\/blog\/auditoria-do-tcu-aponta-para-ausencia-de-acao-do-governo-no-controle-da-praticagem\/"]}]},{"@type":"ImageObject","inLanguage":"pt-BR","@id":"https:\/\/agenciainfra.com\/blog\/auditoria-do-tcu-aponta-para-ausencia-de-acao-do-governo-no-controle-da-praticagem\/#primaryimage","url":"https:\/\/agenciainfra.com\/blog\/wp-content\/uploads\/2019\/11\/jairo-misson-foto-roque-de-sa-agencia-senado.jpg","contentUrl":"https:\/\/agenciainfra.com\/blog\/wp-content\/uploads\/2019\/11\/jairo-misson-foto-roque-de-sa-agencia-senado.jpg","width":1280,"height":889},{"@type":"BreadcrumbList","@id":"https:\/\/agenciainfra.com\/blog\/auditoria-do-tcu-aponta-para-ausencia-de-acao-do-governo-no-controle-da-praticagem\/#breadcrumb","itemListElement":[{"@type":"ListItem","position":1,"name":"In\u00edcio","item":"https:\/\/agenciainfra.com\/blog\/"},{"@type":"ListItem","position":2,"name":"Auditoria do TCU aponta para aus\u00eancia de a\u00e7\u00e3o do governo no controle da praticagem"}]},{"@type":"WebSite","@id":"https:\/\/agenciainfra.com\/blog\/#website","url":"https:\/\/agenciainfra.com\/blog\/","name":"Ag\u00eancia iNFRA","description":"Multiplataforma de informa\u00e7\u00e3o jornal\u00edstica refer\u00eancia na \u00e1rea de infraestrutura no Brasil!","publisher":{"@id":"https:\/\/agenciainfra.com\/blog\/#organization"},"potentialAction":[{"@type":"SearchAction","target":{"@type":"EntryPoint","urlTemplate":"https:\/\/agenciainfra.com\/blog\/?s={search_term_string}"},"query-input":{"@type":"PropertyValueSpecification","valueRequired":true,"valueName":"search_term_string"}}],"inLanguage":"pt-BR"},{"@type":"Organization","@id":"https:\/\/agenciainfra.com\/blog\/#organization","name":"Ag\u00eancia iNFRA","url":"https:\/\/agenciainfra.com\/blog\/","logo":{"@type":"ImageObject","inLanguage":"pt-BR","@id":"https:\/\/agenciainfra.com\/blog\/#\/schema\/logo\/image\/","url":"https:\/\/agenciainfra.com\/blog\/wp-content\/uploads\/2023\/09\/iNFRA_5-e1761735885940.png","contentUrl":"https:\/\/agenciainfra.com\/blog\/wp-content\/uploads\/2023\/09\/iNFRA_5-e1761735885940.png","width":1672,"height":454,"caption":"Ag\u00eancia iNFRA"},"image":{"@id":"https:\/\/agenciainfra.com\/blog\/#\/schema\/logo\/image\/"},"sameAs":["https:\/\/www.facebook.com\/ageninfra","https:\/\/x.com\/agencia_infra","https:\/\/www.linkedin.com\/company\/ag\u00eanciainfra\/","https:\/\/www.instagram.com\/agenciainfra\/"]},{"@type":"Person","@id":"https:\/\/agenciainfra.com\/blog\/#\/schema\/person\/04dbb79bd6d8951f063da71f3e4c1eb1","name":"Rodrigo Zuquim","image":{"@type":"ImageObject","inLanguage":"pt-BR","@id":"https:\/\/agenciainfra.com\/blog\/#\/schema\/person\/image\/","url":"https:\/\/secure.gravatar.com\/avatar\/594abfe82761d620726242ff34ca472a705a4b97f16c790053a6b4c4035274d0?s=96&d=mm&r=g","contentUrl":"https:\/\/secure.gravatar.com\/avatar\/594abfe82761d620726242ff34ca472a705a4b97f16c790053a6b4c4035274d0?s=96&d=mm&r=g","caption":"Rodrigo Zuquim"},"url":"https:\/\/agenciainfra.com\/blog\/author\/rodrigo-zuquim\/"}]}},"_links":{"self":[{"href":"https:\/\/agenciainfra.com\/blog\/wp-json\/wp\/v2\/posts\/4059","targetHints":{"allow":["GET"]}}],"collection":[{"href":"https:\/\/agenciainfra.com\/blog\/wp-json\/wp\/v2\/posts"}],"about":[{"href":"https:\/\/agenciainfra.com\/blog\/wp-json\/wp\/v2\/types\/post"}],"author":[{"embeddable":true,"href":"https:\/\/agenciainfra.com\/blog\/wp-json\/wp\/v2\/users\/9"}],"replies":[{"embeddable":true,"href":"https:\/\/agenciainfra.com\/blog\/wp-json\/wp\/v2\/comments?post=4059"}],"version-history":[{"count":0,"href":"https:\/\/agenciainfra.com\/blog\/wp-json\/wp\/v2\/posts\/4059\/revisions"}],"wp:featuredmedia":[{"embeddable":true,"href":"https:\/\/agenciainfra.com\/blog\/wp-json\/wp\/v2\/media\/4060"}],"wp:attachment":[{"href":"https:\/\/agenciainfra.com\/blog\/wp-json\/wp\/v2\/media?parent=4059"}],"wp:term":[{"taxonomy":"category","embeddable":true,"href":"https:\/\/agenciainfra.com\/blog\/wp-json\/wp\/v2\/categories?post=4059"},{"taxonomy":"post_tag","embeddable":true,"href":"https:\/\/agenciainfra.com\/blog\/wp-json\/wp\/v2\/tags?post=4059"}],"curies":[{"name":"wp","href":"https:\/\/api.w.org\/{rel}","templated":true}]}}