{"id":4072,"date":"2019-11-27T08:00:33","date_gmt":"2019-11-27T11:00:33","guid":{"rendered":"http:\/\/www.agenciainfra.com\/blog\/?p=4072"},"modified":"2019-11-25T14:11:25","modified_gmt":"2019-11-25T17:11:25","slug":"governo-trabalha-em-certificado-de-infraestrutura-para-dar-garantia-a-concessoes","status":"publish","type":"post","link":"https:\/\/agenciainfra.com\/blog\/governo-trabalha-em-certificado-de-infraestrutura-para-dar-garantia-a-concessoes\/","title":{"rendered":"Governo trabalha em certificado de infraestrutura para dar garantia a concess\u00f5es"},"content":{"rendered":"<div>\n<h5 style=\"text-align: right;\"><strong>Dimmi Amora, da\u00a0Ag\u00eancia iNFRA<\/strong><\/h5>\n<p>O governo federal trabalha num projeto para emitir certificados de infraestrutura, pap\u00e9is que seriam usados para dar garantias em concess\u00f5es e PPPs (parcerias p\u00fablico-privadas) para riscos que o governo tem que cobrir.<\/p>\n<p>A informa\u00e7\u00e3o foi dada pelo coordenador da Secretaria de Fomento, Planejamento e Parcerias do Minist\u00e9rio da Infraestrutura, Rafael Furtado, durante o evento &#8220;Simp\u00f3sio Internacional Brasil Ferrovi\u00e1rio&#8221;, realizado em 18 de novembro em Bras\u00edlia.<\/p>\n<p>Furtado explicava, na mesa sobre o financiamento a projetos, sobre mudan\u00e7as nas quais o governo est\u00e1 trabalhando para ampliar as formas de financiamento privado e\u00a0a seguran\u00e7a jur\u00eddica dos contratos de concess\u00e3o.<\/p>\n<p>Entre elas est\u00e3o em estudos mudan\u00e7as na emiss\u00e3o de deb\u00eantures incentivadas, que poder\u00e3o ter os benef\u00edcios fiscais ampliados para outros tipos de compradores. Hoje, o benef\u00edcio \u00e9 restrito a pessoas f\u00edsicas. Tamb\u00e9m est\u00e1 em estudo a amplia\u00e7\u00e3o do prazo para reembolso, de 24 meses para at\u00e9 60 meses.<\/p>\n<p>Sobre os certificados, Furtado explicou \u00e0\u00a0<strong>Ag\u00eancia iNFRA<\/strong>\u00a0que o processo ainda \u00e9 embrion\u00e1rio. Ele afirmou\u00a0que a proposta foi apresentada\u00a0pelo BID (Banco Interamericano de Desenvolvimento)\u00a0por j\u00e1 estar em uso no Peru e tamb\u00e9m em implanta\u00e7\u00e3o em outros dois pa\u00edses da Am\u00e9rica Latina, Argentina e Chile.<\/p>\n<p>Segundo ele, o certificado seria uma esp\u00e9cie de t\u00edtulo p\u00fablico, negoci\u00e1vel pela concession\u00e1ria, que poderia ser antecipado. Ele seria\u00a0usado como garantia das empresas em rela\u00e7\u00e3o\u00a0a\u00a0recebimentos futuros.<\/p>\n<p>De acordo com o coordenador, esse t\u00edtulo poderia ser resgatado pela concession\u00e1ria em caso de renegocia\u00e7\u00f5es a que a ela teria direito de ressarcimento, por exemplo.<\/p>\n<p>A falta de cumprimento dos governos de reequil\u00edbrio dos contratos em favor das concession\u00e1rias \u00e9 considerada hoje um dos principais riscos para as parcerias entre governo e o setor privado no setor de infraestrutura.<\/p>\n<p>&#8220;Esse certificado daria garantia de que a concession\u00e1ria vai receber seus recursos e reduz os riscos em projetos, com menor custo&#8221;, afirmou Furtado.<\/p>\n<p>No mesmo painel, a falta de seguran\u00e7a jur\u00eddica foi apontada\u00a0por dirigentes de dois bancos p\u00fablicos, BNDES (Banco Nacional de Desenvolvimento Econ\u00f4mico e Social) e Caixa, como o principal problema para o financiamento das concess\u00f5es no Brasil. Segundo eles, h\u00e1 recursos de sobra para o financiamento, mas dificilmente eles re\u00fanem as condi\u00e7\u00f5es de seguran\u00e7a para isso.<\/p>\n<p><strong>Queda nos financiamentos<\/strong><br \/>\nPedro dos Passos, chefe de departamento do BNDES, afirmou que, para o caso de ferrovias, o banco vai continuar tendo papel relevante no financiamento de concess\u00f5es. Ele mostrou gr\u00e1ficos em sua apresenta\u00e7\u00e3o mostrando queda nos investimentos privados nos \u00faltimos tr\u00eas anos no setor, atribuindo isso ao in\u00edcio do processo de encerramento das concess\u00f5es.<\/p>\n<p>O processo de renova\u00e7\u00e3o das concess\u00f5es come\u00e7ou em 2015 e nenhuma das seis concession\u00e1rias que a pleiteou teve o processo encerrado. A expectativa do banco \u00e9 que, a partir de 2021, se houver as renova\u00e7\u00f5es, o valor dos financiamento ao setor saiam de um patamar de R$ 6 bilh\u00f5es para R$ 12 bilh\u00f5es ao ano.<\/p>\n<\/div>\n","protected":false},"excerpt":{"rendered":"<p>Dimmi Amora, da\u00a0Ag\u00eancia iNFRA O governo federal trabalha num projeto para emitir certificados de infraestrutura, pap\u00e9is que seriam usados para dar garantias em concess\u00f5es e PPPs (parcerias p\u00fablico-privadas) para riscos que o governo tem que cobrir. A informa\u00e7\u00e3o foi dada pelo coordenador da Secretaria de Fomento, Planejamento e Parcerias do Minist\u00e9rio da Infraestrutura, Rafael Furtado, [&hellip;]<\/p>\n","protected":false},"author":9,"featured_media":4073,"comment_status":"closed","ping_status":"closed","sticky":false,"template":"","format":"standard","meta":{"_monsterinsights_skip_tracking":false,"_monsterinsights_sitenote_active":false,"_monsterinsights_sitenote_note":"","_monsterinsights_sitenote_category":0,"footnotes":""},"categories":[7],"tags":[1485,78,916,97,1487,1486],"class_list":["post-4072","post","type-post","status-publish","format-standard","has-post-thumbnail","hentry","category-infratransporte","tag-certificados-de-infraestrutura","tag-concessoes","tag-parceria-publico-privada","tag-ppp","tag-rafael-furtado","tag-simposio-internacional-brasil-ferroviario"],"yoast_head":"<!-- This site is optimized with the Yoast SEO Premium plugin v25.4 (Yoast SEO v26.0) - https:\/\/yoast.com\/wordpress\/plugins\/seo\/ -->\n<title>Governo trabalha em certificado de infraestrutura para dar garantia a concess\u00f5es - Ag\u00eancia iNFRA<\/title>\n<meta name=\"robots\" content=\"index, follow, max-snippet:-1, max-image-preview:large, max-video-preview:-1\" \/>\n<link rel=\"canonical\" href=\"https:\/\/agenciainfra.com\/blog\/governo-trabalha-em-certificado-de-infraestrutura-para-dar-garantia-a-concessoes\/\" \/>\n<meta property=\"og:locale\" content=\"pt_BR\" \/>\n<meta property=\"og:type\" content=\"article\" \/>\n<meta property=\"og:title\" content=\"Governo trabalha em certificado de infraestrutura para dar garantia a concess\u00f5es\" \/>\n<meta property=\"og:description\" content=\"Dimmi Amora, da\u00a0Ag\u00eancia iNFRA O governo federal trabalha num projeto para emitir certificados de infraestrutura, pap\u00e9is que seriam usados para dar garantias em concess\u00f5es e PPPs (parcerias p\u00fablico-privadas) para riscos que o governo tem que cobrir. A informa\u00e7\u00e3o foi dada pelo coordenador da Secretaria de Fomento, Planejamento e Parcerias do Minist\u00e9rio da Infraestrutura, Rafael Furtado, [&hellip;]\" \/>\n<meta property=\"og:url\" content=\"https:\/\/agenciainfra.com\/blog\/governo-trabalha-em-certificado-de-infraestrutura-para-dar-garantia-a-concessoes\/\" \/>\n<meta property=\"og:site_name\" content=\"Ag\u00eancia iNFRA\" \/>\n<meta property=\"article:publisher\" content=\"https:\/\/www.facebook.com\/ageninfra\" \/>\n<meta property=\"article:published_time\" content=\"2019-11-27T11:00:33+00:00\" \/>\n<meta property=\"og:image\" content=\"https:\/\/agenciainfra.com\/blog\/wp-content\/uploads\/2019\/11\/rafael-furtado-minfra-foto-vanderlei-valec.jpg\" \/>\n\t<meta property=\"og:image:width\" content=\"1200\" \/>\n\t<meta property=\"og:image:height\" content=\"800\" \/>\n\t<meta property=\"og:image:type\" content=\"image\/jpeg\" \/>\n<meta name=\"author\" content=\"Rodrigo Zuquim\" \/>\n<meta name=\"twitter:card\" content=\"summary_large_image\" \/>\n<meta name=\"twitter:creator\" content=\"@agencia_infra\" \/>\n<meta name=\"twitter:site\" content=\"@agencia_infra\" \/>\n<meta name=\"twitter:label1\" content=\"Escrito por\" \/>\n\t<meta name=\"twitter:data1\" content=\"Rodrigo Zuquim\" \/>\n\t<meta name=\"twitter:label2\" content=\"Est. tempo de leitura\" \/>\n\t<meta name=\"twitter:data2\" content=\"3 minutos\" \/>\n<script type=\"application\/ld+json\" class=\"yoast-schema-graph\">{\"@context\":\"https:\/\/schema.org\",\"@graph\":[{\"@type\":\"Article\",\"@id\":\"https:\/\/agenciainfra.com\/blog\/governo-trabalha-em-certificado-de-infraestrutura-para-dar-garantia-a-concessoes\/#article\",\"isPartOf\":{\"@id\":\"https:\/\/agenciainfra.com\/blog\/governo-trabalha-em-certificado-de-infraestrutura-para-dar-garantia-a-concessoes\/\"},\"author\":{\"name\":\"Rodrigo Zuquim\",\"@id\":\"https:\/\/agenciainfra.com\/blog\/#\/schema\/person\/04dbb79bd6d8951f063da71f3e4c1eb1\"},\"headline\":\"Governo trabalha em certificado de infraestrutura para dar garantia a concess\u00f5es\",\"datePublished\":\"2019-11-27T11:00:33+00:00\",\"mainEntityOfPage\":{\"@id\":\"https:\/\/agenciainfra.com\/blog\/governo-trabalha-em-certificado-de-infraestrutura-para-dar-garantia-a-concessoes\/\"},\"wordCount\":539,\"publisher\":{\"@id\":\"https:\/\/agenciainfra.com\/blog\/#organization\"},\"image\":{\"@id\":\"https:\/\/agenciainfra.com\/blog\/governo-trabalha-em-certificado-de-infraestrutura-para-dar-garantia-a-concessoes\/#primaryimage\"},\"thumbnailUrl\":\"https:\/\/agenciainfra.com\/blog\/wp-content\/uploads\/2019\/11\/rafael-furtado-minfra-foto-vanderlei-valec.jpg\",\"keywords\":[\"certificados de infraestrutura\",\"concess\u00f5es\",\"parceria p\u00fablico-privada\",\"PPP\",\"Rafael Furtado\",\"Simp\u00f3sio Internacional Brasil Ferrovi\u00e1rio\"],\"articleSection\":[\"iNFRATransporte\"],\"inLanguage\":\"pt-BR\",\"copyrightYear\":\"2019\",\"copyrightHolder\":{\"@id\":\"https:\/\/agenciainfra.com\/blog\/#organization\"}},{\"@type\":\"WebPage\",\"@id\":\"https:\/\/agenciainfra.com\/blog\/governo-trabalha-em-certificado-de-infraestrutura-para-dar-garantia-a-concessoes\/\",\"url\":\"https:\/\/agenciainfra.com\/blog\/governo-trabalha-em-certificado-de-infraestrutura-para-dar-garantia-a-concessoes\/\",\"name\":\"Governo trabalha em certificado de infraestrutura para dar garantia a concess\u00f5es - Ag\u00eancia iNFRA\",\"isPartOf\":{\"@id\":\"https:\/\/agenciainfra.com\/blog\/#website\"},\"primaryImageOfPage\":{\"@id\":\"https:\/\/agenciainfra.com\/blog\/governo-trabalha-em-certificado-de-infraestrutura-para-dar-garantia-a-concessoes\/#primaryimage\"},\"image\":{\"@id\":\"https:\/\/agenciainfra.com\/blog\/governo-trabalha-em-certificado-de-infraestrutura-para-dar-garantia-a-concessoes\/#primaryimage\"},\"thumbnailUrl\":\"https:\/\/agenciainfra.com\/blog\/wp-content\/uploads\/2019\/11\/rafael-furtado-minfra-foto-vanderlei-valec.jpg\",\"datePublished\":\"2019-11-27T11:00:33+00:00\",\"breadcrumb\":{\"@id\":\"https:\/\/agenciainfra.com\/blog\/governo-trabalha-em-certificado-de-infraestrutura-para-dar-garantia-a-concessoes\/#breadcrumb\"},\"inLanguage\":\"pt-BR\",\"potentialAction\":[{\"@type\":\"ReadAction\",\"target\":[\"https:\/\/agenciainfra.com\/blog\/governo-trabalha-em-certificado-de-infraestrutura-para-dar-garantia-a-concessoes\/\"]}]},{\"@type\":\"ImageObject\",\"inLanguage\":\"pt-BR\",\"@id\":\"https:\/\/agenciainfra.com\/blog\/governo-trabalha-em-certificado-de-infraestrutura-para-dar-garantia-a-concessoes\/#primaryimage\",\"url\":\"https:\/\/agenciainfra.com\/blog\/wp-content\/uploads\/2019\/11\/rafael-furtado-minfra-foto-vanderlei-valec.jpg\",\"contentUrl\":\"https:\/\/agenciainfra.com\/blog\/wp-content\/uploads\/2019\/11\/rafael-furtado-minfra-foto-vanderlei-valec.jpg\",\"width\":1200,\"height\":800},{\"@type\":\"BreadcrumbList\",\"@id\":\"https:\/\/agenciainfra.com\/blog\/governo-trabalha-em-certificado-de-infraestrutura-para-dar-garantia-a-concessoes\/#breadcrumb\",\"itemListElement\":[{\"@type\":\"ListItem\",\"position\":1,\"name\":\"In\u00edcio\",\"item\":\"https:\/\/agenciainfra.com\/blog\/\"},{\"@type\":\"ListItem\",\"position\":2,\"name\":\"Governo trabalha em certificado de infraestrutura para dar garantia a concess\u00f5es\"}]},{\"@type\":\"WebSite\",\"@id\":\"https:\/\/agenciainfra.com\/blog\/#website\",\"url\":\"https:\/\/agenciainfra.com\/blog\/\",\"name\":\"Ag\u00eancia iNFRA\",\"description\":\"Multiplataforma de informa\u00e7\u00e3o jornal\u00edstica refer\u00eancia na \u00e1rea de infraestrutura no Brasil!\",\"publisher\":{\"@id\":\"https:\/\/agenciainfra.com\/blog\/#organization\"},\"potentialAction\":[{\"@type\":\"SearchAction\",\"target\":{\"@type\":\"EntryPoint\",\"urlTemplate\":\"https:\/\/agenciainfra.com\/blog\/?s={search_term_string}\"},\"query-input\":{\"@type\":\"PropertyValueSpecification\",\"valueRequired\":true,\"valueName\":\"search_term_string\"}}],\"inLanguage\":\"pt-BR\"},{\"@type\":\"Organization\",\"@id\":\"https:\/\/agenciainfra.com\/blog\/#organization\",\"name\":\"Ag\u00eancia iNFRA\",\"url\":\"https:\/\/agenciainfra.com\/blog\/\",\"logo\":{\"@type\":\"ImageObject\",\"inLanguage\":\"pt-BR\",\"@id\":\"https:\/\/agenciainfra.com\/blog\/#\/schema\/logo\/image\/\",\"url\":\"https:\/\/agenciainfra.com\/blog\/wp-content\/uploads\/2023\/09\/iNFRA_5-e1761735885940.png\",\"contentUrl\":\"https:\/\/agenciainfra.com\/blog\/wp-content\/uploads\/2023\/09\/iNFRA_5-e1761735885940.png\",\"width\":1672,\"height\":454,\"caption\":\"Ag\u00eancia iNFRA\"},\"image\":{\"@id\":\"https:\/\/agenciainfra.com\/blog\/#\/schema\/logo\/image\/\"},\"sameAs\":[\"https:\/\/www.facebook.com\/ageninfra\",\"https:\/\/x.com\/agencia_infra\",\"https:\/\/www.linkedin.com\/company\/ag\u00eanciainfra\/\",\"https:\/\/www.instagram.com\/agenciainfra\/\"]},{\"@type\":\"Person\",\"@id\":\"https:\/\/agenciainfra.com\/blog\/#\/schema\/person\/04dbb79bd6d8951f063da71f3e4c1eb1\",\"name\":\"Rodrigo Zuquim\",\"image\":{\"@type\":\"ImageObject\",\"inLanguage\":\"pt-BR\",\"@id\":\"https:\/\/agenciainfra.com\/blog\/#\/schema\/person\/image\/\",\"url\":\"https:\/\/secure.gravatar.com\/avatar\/594abfe82761d620726242ff34ca472a705a4b97f16c790053a6b4c4035274d0?s=96&d=mm&r=g\",\"contentUrl\":\"https:\/\/secure.gravatar.com\/avatar\/594abfe82761d620726242ff34ca472a705a4b97f16c790053a6b4c4035274d0?s=96&d=mm&r=g\",\"caption\":\"Rodrigo Zuquim\"},\"url\":\"https:\/\/agenciainfra.com\/blog\/author\/rodrigo-zuquim\/\"}]}<\/script>\n<!-- \/ Yoast SEO Premium plugin. -->","yoast_head_json":{"title":"Governo trabalha em certificado de infraestrutura para dar garantia a concess\u00f5es - Ag\u00eancia iNFRA","robots":{"index":"index","follow":"follow","max-snippet":"max-snippet:-1","max-image-preview":"max-image-preview:large","max-video-preview":"max-video-preview:-1"},"canonical":"https:\/\/agenciainfra.com\/blog\/governo-trabalha-em-certificado-de-infraestrutura-para-dar-garantia-a-concessoes\/","og_locale":"pt_BR","og_type":"article","og_title":"Governo trabalha em certificado de infraestrutura para dar garantia a concess\u00f5es","og_description":"Dimmi Amora, da\u00a0Ag\u00eancia iNFRA O governo federal trabalha num projeto para emitir certificados de infraestrutura, pap\u00e9is que seriam usados para dar garantias em concess\u00f5es e PPPs (parcerias p\u00fablico-privadas) para riscos que o governo tem que cobrir. A informa\u00e7\u00e3o foi dada pelo coordenador da Secretaria de Fomento, Planejamento e Parcerias do Minist\u00e9rio da Infraestrutura, Rafael Furtado, [&hellip;]","og_url":"https:\/\/agenciainfra.com\/blog\/governo-trabalha-em-certificado-de-infraestrutura-para-dar-garantia-a-concessoes\/","og_site_name":"Ag\u00eancia iNFRA","article_publisher":"https:\/\/www.facebook.com\/ageninfra","article_published_time":"2019-11-27T11:00:33+00:00","og_image":[{"width":1200,"height":800,"url":"https:\/\/agenciainfra.com\/blog\/wp-content\/uploads\/2019\/11\/rafael-furtado-minfra-foto-vanderlei-valec.jpg","type":"image\/jpeg"}],"author":"Rodrigo Zuquim","twitter_card":"summary_large_image","twitter_creator":"@agencia_infra","twitter_site":"@agencia_infra","twitter_misc":{"Escrito por":"Rodrigo Zuquim","Est. tempo de leitura":"3 minutos"},"schema":{"@context":"https:\/\/schema.org","@graph":[{"@type":"Article","@id":"https:\/\/agenciainfra.com\/blog\/governo-trabalha-em-certificado-de-infraestrutura-para-dar-garantia-a-concessoes\/#article","isPartOf":{"@id":"https:\/\/agenciainfra.com\/blog\/governo-trabalha-em-certificado-de-infraestrutura-para-dar-garantia-a-concessoes\/"},"author":{"name":"Rodrigo Zuquim","@id":"https:\/\/agenciainfra.com\/blog\/#\/schema\/person\/04dbb79bd6d8951f063da71f3e4c1eb1"},"headline":"Governo trabalha em certificado de infraestrutura para dar garantia a concess\u00f5es","datePublished":"2019-11-27T11:00:33+00:00","mainEntityOfPage":{"@id":"https:\/\/agenciainfra.com\/blog\/governo-trabalha-em-certificado-de-infraestrutura-para-dar-garantia-a-concessoes\/"},"wordCount":539,"publisher":{"@id":"https:\/\/agenciainfra.com\/blog\/#organization"},"image":{"@id":"https:\/\/agenciainfra.com\/blog\/governo-trabalha-em-certificado-de-infraestrutura-para-dar-garantia-a-concessoes\/#primaryimage"},"thumbnailUrl":"https:\/\/agenciainfra.com\/blog\/wp-content\/uploads\/2019\/11\/rafael-furtado-minfra-foto-vanderlei-valec.jpg","keywords":["certificados de infraestrutura","concess\u00f5es","parceria p\u00fablico-privada","PPP","Rafael Furtado","Simp\u00f3sio Internacional Brasil Ferrovi\u00e1rio"],"articleSection":["iNFRATransporte"],"inLanguage":"pt-BR","copyrightYear":"2019","copyrightHolder":{"@id":"https:\/\/agenciainfra.com\/blog\/#organization"}},{"@type":"WebPage","@id":"https:\/\/agenciainfra.com\/blog\/governo-trabalha-em-certificado-de-infraestrutura-para-dar-garantia-a-concessoes\/","url":"https:\/\/agenciainfra.com\/blog\/governo-trabalha-em-certificado-de-infraestrutura-para-dar-garantia-a-concessoes\/","name":"Governo trabalha em certificado de infraestrutura para dar garantia a concess\u00f5es - Ag\u00eancia iNFRA","isPartOf":{"@id":"https:\/\/agenciainfra.com\/blog\/#website"},"primaryImageOfPage":{"@id":"https:\/\/agenciainfra.com\/blog\/governo-trabalha-em-certificado-de-infraestrutura-para-dar-garantia-a-concessoes\/#primaryimage"},"image":{"@id":"https:\/\/agenciainfra.com\/blog\/governo-trabalha-em-certificado-de-infraestrutura-para-dar-garantia-a-concessoes\/#primaryimage"},"thumbnailUrl":"https:\/\/agenciainfra.com\/blog\/wp-content\/uploads\/2019\/11\/rafael-furtado-minfra-foto-vanderlei-valec.jpg","datePublished":"2019-11-27T11:00:33+00:00","breadcrumb":{"@id":"https:\/\/agenciainfra.com\/blog\/governo-trabalha-em-certificado-de-infraestrutura-para-dar-garantia-a-concessoes\/#breadcrumb"},"inLanguage":"pt-BR","potentialAction":[{"@type":"ReadAction","target":["https:\/\/agenciainfra.com\/blog\/governo-trabalha-em-certificado-de-infraestrutura-para-dar-garantia-a-concessoes\/"]}]},{"@type":"ImageObject","inLanguage":"pt-BR","@id":"https:\/\/agenciainfra.com\/blog\/governo-trabalha-em-certificado-de-infraestrutura-para-dar-garantia-a-concessoes\/#primaryimage","url":"https:\/\/agenciainfra.com\/blog\/wp-content\/uploads\/2019\/11\/rafael-furtado-minfra-foto-vanderlei-valec.jpg","contentUrl":"https:\/\/agenciainfra.com\/blog\/wp-content\/uploads\/2019\/11\/rafael-furtado-minfra-foto-vanderlei-valec.jpg","width":1200,"height":800},{"@type":"BreadcrumbList","@id":"https:\/\/agenciainfra.com\/blog\/governo-trabalha-em-certificado-de-infraestrutura-para-dar-garantia-a-concessoes\/#breadcrumb","itemListElement":[{"@type":"ListItem","position":1,"name":"In\u00edcio","item":"https:\/\/agenciainfra.com\/blog\/"},{"@type":"ListItem","position":2,"name":"Governo trabalha em certificado de infraestrutura para dar garantia a concess\u00f5es"}]},{"@type":"WebSite","@id":"https:\/\/agenciainfra.com\/blog\/#website","url":"https:\/\/agenciainfra.com\/blog\/","name":"Ag\u00eancia iNFRA","description":"Multiplataforma de informa\u00e7\u00e3o jornal\u00edstica refer\u00eancia na \u00e1rea de infraestrutura no Brasil!","publisher":{"@id":"https:\/\/agenciainfra.com\/blog\/#organization"},"potentialAction":[{"@type":"SearchAction","target":{"@type":"EntryPoint","urlTemplate":"https:\/\/agenciainfra.com\/blog\/?s={search_term_string}"},"query-input":{"@type":"PropertyValueSpecification","valueRequired":true,"valueName":"search_term_string"}}],"inLanguage":"pt-BR"},{"@type":"Organization","@id":"https:\/\/agenciainfra.com\/blog\/#organization","name":"Ag\u00eancia iNFRA","url":"https:\/\/agenciainfra.com\/blog\/","logo":{"@type":"ImageObject","inLanguage":"pt-BR","@id":"https:\/\/agenciainfra.com\/blog\/#\/schema\/logo\/image\/","url":"https:\/\/agenciainfra.com\/blog\/wp-content\/uploads\/2023\/09\/iNFRA_5-e1761735885940.png","contentUrl":"https:\/\/agenciainfra.com\/blog\/wp-content\/uploads\/2023\/09\/iNFRA_5-e1761735885940.png","width":1672,"height":454,"caption":"Ag\u00eancia iNFRA"},"image":{"@id":"https:\/\/agenciainfra.com\/blog\/#\/schema\/logo\/image\/"},"sameAs":["https:\/\/www.facebook.com\/ageninfra","https:\/\/x.com\/agencia_infra","https:\/\/www.linkedin.com\/company\/ag\u00eanciainfra\/","https:\/\/www.instagram.com\/agenciainfra\/"]},{"@type":"Person","@id":"https:\/\/agenciainfra.com\/blog\/#\/schema\/person\/04dbb79bd6d8951f063da71f3e4c1eb1","name":"Rodrigo Zuquim","image":{"@type":"ImageObject","inLanguage":"pt-BR","@id":"https:\/\/agenciainfra.com\/blog\/#\/schema\/person\/image\/","url":"https:\/\/secure.gravatar.com\/avatar\/594abfe82761d620726242ff34ca472a705a4b97f16c790053a6b4c4035274d0?s=96&d=mm&r=g","contentUrl":"https:\/\/secure.gravatar.com\/avatar\/594abfe82761d620726242ff34ca472a705a4b97f16c790053a6b4c4035274d0?s=96&d=mm&r=g","caption":"Rodrigo Zuquim"},"url":"https:\/\/agenciainfra.com\/blog\/author\/rodrigo-zuquim\/"}]}},"_links":{"self":[{"href":"https:\/\/agenciainfra.com\/blog\/wp-json\/wp\/v2\/posts\/4072","targetHints":{"allow":["GET"]}}],"collection":[{"href":"https:\/\/agenciainfra.com\/blog\/wp-json\/wp\/v2\/posts"}],"about":[{"href":"https:\/\/agenciainfra.com\/blog\/wp-json\/wp\/v2\/types\/post"}],"author":[{"embeddable":true,"href":"https:\/\/agenciainfra.com\/blog\/wp-json\/wp\/v2\/users\/9"}],"replies":[{"embeddable":true,"href":"https:\/\/agenciainfra.com\/blog\/wp-json\/wp\/v2\/comments?post=4072"}],"version-history":[{"count":0,"href":"https:\/\/agenciainfra.com\/blog\/wp-json\/wp\/v2\/posts\/4072\/revisions"}],"wp:featuredmedia":[{"embeddable":true,"href":"https:\/\/agenciainfra.com\/blog\/wp-json\/wp\/v2\/media\/4073"}],"wp:attachment":[{"href":"https:\/\/agenciainfra.com\/blog\/wp-json\/wp\/v2\/media?parent=4072"}],"wp:term":[{"taxonomy":"category","embeddable":true,"href":"https:\/\/agenciainfra.com\/blog\/wp-json\/wp\/v2\/categories?post=4072"},{"taxonomy":"post_tag","embeddable":true,"href":"https:\/\/agenciainfra.com\/blog\/wp-json\/wp\/v2\/tags?post=4072"}],"curies":[{"name":"wp","href":"https:\/\/api.w.org\/{rel}","templated":true}]}}