{"id":4093,"date":"2019-12-04T08:00:27","date_gmt":"2019-12-04T11:00:27","guid":{"rendered":"http:\/\/www.agenciainfra.com\/blog\/?p=4093"},"modified":"2019-12-02T11:26:15","modified_gmt":"2019-12-02T14:26:15","slug":"depois-de-30-anos-de-obra-eclusa-de-tucurui-alaga-e-pedral-do-lourenco-so-comeca-em-2021","status":"publish","type":"post","link":"https:\/\/agenciainfra.com\/blog\/depois-de-30-anos-de-obra-eclusa-de-tucurui-alaga-e-pedral-do-lourenco-so-comeca-em-2021\/","title":{"rendered":"Depois de 30 anos de obra, eclusa de Tucuru\u00ed alaga e Pedral do Louren\u00e7o s\u00f3 come\u00e7a em 2021"},"content":{"rendered":"<div>\n<h5 style=\"text-align: right;\"><strong>Dimmi Amora, da\u00a0Ag\u00eancia iNFRA<\/strong><\/h5>\n<p>Uma obra que levou tr\u00eas d\u00e9cadas para ficar pronta e foi o s\u00edmbolo da inefici\u00eancia do pa\u00eds por anos foi entregue em 2010, mas j\u00e1 n\u00e3o funciona.<\/p>\n<p>Em apresenta\u00e7\u00e3o na CTLog (C\u00e2mara T\u00e9cnica de Log\u00edstica e Infraestrutura) do Minist\u00e9rio da Agricultura, Pecu\u00e1ria e Abastecimento, a diretora de Hidrovias do DNIT (Departamento Nacional de Infraestrutura de Transportes), Karoline Lemos, disse que as eclusas de Tucuru\u00ed foram recebidas pelo \u00f3rg\u00e3o no in\u00edcio deste ano sem condi\u00e7\u00f5es de opera\u00e7\u00e3o.<\/p>\n<p>Houve alagamento na sala de m\u00e1quinas por falta de energia e que danificou equipamentos. Segundo ela, o \u00f3rg\u00e3o de transportes recebeu das autoridades do setor de energia a opera\u00e7\u00e3o nesse estado e passou a buscar condi\u00e7\u00f5es para operar o sistema, que \u00e9 usado para atravessar embarca\u00e7\u00f5es da barragem da Usina de Tucuru\u00ed, no Rio Tocantins.<\/p>\n<p>A opera\u00e7\u00e3o da eclusa, quando era feita pela Eletronorte, vinha com problemas h\u00e1 alguns anos. A estatal informava que o DNIT n\u00e3o repassava os recursos para a manuten\u00e7\u00e3o, estimados em R$ 3 milh\u00f5es por ano. No in\u00edcio deste ano, a opera\u00e7\u00e3o foi entregue totalmente ao departamento do Minist\u00e9rio da Infraestrutura.<\/p>\n<p>Segundo a diretora, a expectativa \u00e9 que em mar\u00e7o de 2020 j\u00e1 seja poss\u00edvel operar a eclusa novamente. Isso, \u00e9 claro, se o DNIT conseguir a licen\u00e7a de opera\u00e7\u00e3o do equipamento, que estava vencida e sem cumprimento de condicionantes, que agora est\u00e3o sendo exigidas pelo \u00f3rg\u00e3o ambiental estadual.<\/p>\n<p><strong>Navega\u00e7\u00e3o essencial<\/strong><br \/>\nA navega\u00e7\u00e3o pelo rio Tocantins \u00e9 considerada\u00a0uma das mais importantes vias de escoamento para o crescimento do agroneg\u00f3cio no chamado arco norte. Por esse caminho, barca\u00e7as podem chegar at\u00e9 a regi\u00e3o de Bel\u00e9m (PA) e fazer o transbordo dos produtos para grandes navios de exporta\u00e7\u00e3o.<\/p>\n<p>Mas passar pela eclusa da usina, que come\u00e7ou ser constru\u00edda em 1984, n\u00e3o \u00e9 o \u00fanico obst\u00e1culo. Depois dele, h\u00e1 o chamado Pedral do Louren\u00e7o, cujo derrocamento pode se tornar uma nova obra s\u00edmbolo de atraso do pa\u00eds.<\/p>\n<p>Num trecho de 43 quil\u00f4metros do rio, as pedras impedem a navega\u00e7\u00e3o na maior parte do ano. O projeto do governo \u00e9 fazer a retirada das pedras (derrocamento) para criar um canal que garanta a passagem das embarca\u00e7\u00f5es em 96% do ano.<\/p>\n<p>Anunciado como obra priorit\u00e1ria desde o per\u00edodo do PAC (Programa de Acelera\u00e7\u00e3o do Crescimento), ele teve licita\u00e7\u00e3o realizada pelo DNIT para uma contrata\u00e7\u00e3o integrada em 2016, com previs\u00e3o de in\u00edcio de obras em 2018, no valor de R$ 656 milh\u00f5es.<\/p>\n<p>Mas, segundo Lemos, a previs\u00e3o agora \u00e9 que as obras s\u00f3 comecem em 2021. Ela explicou algumas dificuldades t\u00e9cnicas que fizeram com que o projeto tivesse que ser refeito. Uma delas \u00e9 uma alta declividade que faz a velocidade da \u00e1gua ser acima dos par\u00e2metros hoje previstos para navega\u00e7\u00e3o em rio no pa\u00eds, por exemplo, em alguns per\u00edodos do ano.<\/p>\n<p>Por isso foi necess\u00e1rio ampliar estudos de manobras e equipamentos para viabilizar a passagem das embarca\u00e7\u00f5es em per\u00edodos de maior velocidade da \u00e1gua do rio.<\/p>\n<p>Segundo Lemos, a fase de projeto do canal est\u00e1 88% conclu\u00edda no momento e um\u00a0importante passo foi dado: a realiza\u00e7\u00e3o de audi\u00eancias p\u00fablicas para a licen\u00e7a ambiental do projeto. Segundo ela, houve uma semana de encontros dif\u00edceis com popula\u00e7\u00f5es locais, mas a expectativa agora \u00e9 que a licen\u00e7a seja emitida at\u00e9 o meio do ano que vem.<\/p>\n<p>Segundo o coordenador da CTLog, Edeon Vaz, ter uma hidrovia naveg\u00e1vel hoje no Tocantins ser\u00e1 de grande incentivo para a regi\u00e3o. Isso porque a previs\u00e3o \u00e9 de transportar por ela 20 milh\u00f5es de toneladas de gr\u00e3os e mais 20 milh\u00f5es de toneladas de min\u00e9rio. H\u00e1 ainda interesse de navega\u00e7\u00e3o de carga geral e at\u00e9 cont\u00eainer pela via.<\/p>\n<p><strong>Terminal de Outeiro<\/strong><br \/>\nNa mesma reuni\u00e3o da CTLog, representantes da CDP (Companhia Docas do Par\u00e1) fizeram a apresenta\u00e7\u00e3o do projeto do terminal de Outeiro, na Regi\u00e3o de Bel\u00e9m (PA). A \u00e1rea hoje opera apenas 600 mil toneladas ao ano, mas pelos c\u00e1lculos pode chegar a 10 milh\u00f5es de toneladas.<\/p>\n<p>O projeto do governo \u00e9 tentar colocar em licita\u00e7\u00e3o novamente (a tentativa em 2016 acabou abortada) tr\u00eas terminais de gr\u00e3os na regi\u00e3o, cada um com capacidade para 3,3 milh\u00f5es de toneladas ano.<\/p>\n<p>Mas o representante da CNA (Confedera\u00e7\u00e3o Nacional de Agricultura), Luiz Fayet, afirmou que o ideal seria refazer o projeto para ampliar para 17 milh\u00f5es de toneladas. Para Fayet, o Brasil j\u00e1 teria hoje um d\u00e9ficit de 30 milh\u00f5es de toneladas ano de espa\u00e7o para o transporte de gr\u00e3os pela regi\u00e3o Norte e isso vai continuar crescendo.<\/p>\n<p>&#8220;O mundo n\u00e3o tem onde plantar e temos que ampliar a nossa capacidade de escoar produtos urgentemente&#8221;, disse Fayet.<\/p>\n<\/div>\n","protected":false},"excerpt":{"rendered":"<p>Dimmi Amora, da\u00a0Ag\u00eancia iNFRA Uma obra que levou tr\u00eas d\u00e9cadas para ficar pronta e foi o s\u00edmbolo da inefici\u00eancia do pa\u00eds por anos foi entregue em 2010, mas j\u00e1 n\u00e3o funciona. Em apresenta\u00e7\u00e3o na CTLog (C\u00e2mara T\u00e9cnica de Log\u00edstica e Infraestrutura) do Minist\u00e9rio da Agricultura, Pecu\u00e1ria e Abastecimento, a diretora de Hidrovias do DNIT (Departamento [&hellip;]<\/p>\n","protected":false},"author":9,"featured_media":4094,"comment_status":"closed","ping_status":"closed","sticky":false,"template":"","format":"standard","meta":{"_monsterinsights_skip_tracking":false,"_monsterinsights_sitenote_active":false,"_monsterinsights_sitenote_note":"","_monsterinsights_sitenote_category":0,"footnotes":""},"categories":[7],"tags":[351,1504,237,328,1500,1330,1502,1323,1501,1503],"class_list":["post-4093","post","type-post","status-publish","format-standard","has-post-thumbnail","hentry","category-infratransporte","tag-cna","tag-companhia-docas-do-para","tag-ctlog","tag-dnit","tag-eclusa-de-tucurui","tag-edeon-vaz","tag-karoline-lemos","tag-luiz-fayet","tag-pedral-do-lourenco","tag-terminal-de-outeiro"],"yoast_head":"<!-- This site is optimized with the Yoast SEO Premium plugin v25.4 (Yoast SEO v26.0) - https:\/\/yoast.com\/wordpress\/plugins\/seo\/ -->\n<title>Depois de 30 anos de obra, eclusa de Tucuru\u00ed alaga e Pedral do Louren\u00e7o s\u00f3 come\u00e7a em 2021 - Ag\u00eancia iNFRA<\/title>\n<meta name=\"robots\" content=\"index, follow, max-snippet:-1, max-image-preview:large, max-video-preview:-1\" \/>\n<link rel=\"canonical\" href=\"https:\/\/agenciainfra.com\/blog\/depois-de-30-anos-de-obra-eclusa-de-tucurui-alaga-e-pedral-do-lourenco-so-comeca-em-2021\/\" \/>\n<meta property=\"og:locale\" content=\"pt_BR\" \/>\n<meta property=\"og:type\" content=\"article\" \/>\n<meta property=\"og:title\" content=\"Depois de 30 anos de obra, eclusa de Tucuru\u00ed alaga e Pedral do Louren\u00e7o s\u00f3 come\u00e7a em 2021\" \/>\n<meta property=\"og:description\" content=\"Dimmi Amora, da\u00a0Ag\u00eancia iNFRA Uma obra que levou tr\u00eas d\u00e9cadas para ficar pronta e foi o s\u00edmbolo da inefici\u00eancia do pa\u00eds por anos foi entregue em 2010, mas j\u00e1 n\u00e3o funciona. Em apresenta\u00e7\u00e3o na CTLog (C\u00e2mara T\u00e9cnica de Log\u00edstica e Infraestrutura) do Minist\u00e9rio da Agricultura, Pecu\u00e1ria e Abastecimento, a diretora de Hidrovias do DNIT (Departamento [&hellip;]\" \/>\n<meta property=\"og:url\" content=\"https:\/\/agenciainfra.com\/blog\/depois-de-30-anos-de-obra-eclusa-de-tucurui-alaga-e-pedral-do-lourenco-so-comeca-em-2021\/\" \/>\n<meta property=\"og:site_name\" content=\"Ag\u00eancia iNFRA\" \/>\n<meta property=\"article:publisher\" content=\"https:\/\/www.facebook.com\/ageninfra\" \/>\n<meta property=\"article:published_time\" content=\"2019-12-04T11:00:27+00:00\" \/>\n<meta property=\"og:image\" content=\"https:\/\/agenciainfra.com\/blog\/wp-content\/uploads\/2019\/12\/eclusa-do-tucurui-foto-dnit.jpg\" \/>\n\t<meta property=\"og:image:width\" content=\"1280\" \/>\n\t<meta property=\"og:image:height\" content=\"852\" \/>\n\t<meta property=\"og:image:type\" content=\"image\/jpeg\" \/>\n<meta name=\"author\" content=\"Rodrigo Zuquim\" \/>\n<meta name=\"twitter:card\" content=\"summary_large_image\" \/>\n<meta name=\"twitter:creator\" content=\"@agencia_infra\" \/>\n<meta name=\"twitter:site\" content=\"@agencia_infra\" \/>\n<meta name=\"twitter:label1\" content=\"Escrito por\" \/>\n\t<meta name=\"twitter:data1\" content=\"Rodrigo Zuquim\" \/>\n\t<meta name=\"twitter:label2\" content=\"Est. tempo de leitura\" \/>\n\t<meta name=\"twitter:data2\" content=\"4 minutos\" \/>\n<script type=\"application\/ld+json\" class=\"yoast-schema-graph\">{\"@context\":\"https:\/\/schema.org\",\"@graph\":[{\"@type\":\"Article\",\"@id\":\"https:\/\/agenciainfra.com\/blog\/depois-de-30-anos-de-obra-eclusa-de-tucurui-alaga-e-pedral-do-lourenco-so-comeca-em-2021\/#article\",\"isPartOf\":{\"@id\":\"https:\/\/agenciainfra.com\/blog\/depois-de-30-anos-de-obra-eclusa-de-tucurui-alaga-e-pedral-do-lourenco-so-comeca-em-2021\/\"},\"author\":{\"name\":\"Rodrigo Zuquim\",\"@id\":\"https:\/\/agenciainfra.com\/blog\/#\/schema\/person\/04dbb79bd6d8951f063da71f3e4c1eb1\"},\"headline\":\"Depois de 30 anos de obra, eclusa de Tucuru\u00ed alaga e Pedral do Louren\u00e7o s\u00f3 come\u00e7a em 2021\",\"datePublished\":\"2019-12-04T11:00:27+00:00\",\"mainEntityOfPage\":{\"@id\":\"https:\/\/agenciainfra.com\/blog\/depois-de-30-anos-de-obra-eclusa-de-tucurui-alaga-e-pedral-do-lourenco-so-comeca-em-2021\/\"},\"wordCount\":851,\"publisher\":{\"@id\":\"https:\/\/agenciainfra.com\/blog\/#organization\"},\"image\":{\"@id\":\"https:\/\/agenciainfra.com\/blog\/depois-de-30-anos-de-obra-eclusa-de-tucurui-alaga-e-pedral-do-lourenco-so-comeca-em-2021\/#primaryimage\"},\"thumbnailUrl\":\"https:\/\/agenciainfra.com\/blog\/wp-content\/uploads\/2019\/12\/eclusa-do-tucurui-foto-dnit.jpg\",\"keywords\":[\"CNA\",\"Companhia Docas do Par\u00e1\",\"CTLog\",\"DNIT\",\"eclusa de Tucuru\u00ed\",\"Edeon Vaz\",\"Karoline Lemos\",\"Luiz Fayet\",\"Pedral do Louren\u00e7o\",\"terminal de Outeiro\"],\"articleSection\":[\"iNFRATransporte\"],\"inLanguage\":\"pt-BR\",\"copyrightYear\":\"2019\",\"copyrightHolder\":{\"@id\":\"https:\/\/agenciainfra.com\/blog\/#organization\"}},{\"@type\":\"WebPage\",\"@id\":\"https:\/\/agenciainfra.com\/blog\/depois-de-30-anos-de-obra-eclusa-de-tucurui-alaga-e-pedral-do-lourenco-so-comeca-em-2021\/\",\"url\":\"https:\/\/agenciainfra.com\/blog\/depois-de-30-anos-de-obra-eclusa-de-tucurui-alaga-e-pedral-do-lourenco-so-comeca-em-2021\/\",\"name\":\"Depois de 30 anos de obra, eclusa de Tucuru\u00ed alaga e Pedral do Louren\u00e7o s\u00f3 come\u00e7a em 2021 - Ag\u00eancia iNFRA\",\"isPartOf\":{\"@id\":\"https:\/\/agenciainfra.com\/blog\/#website\"},\"primaryImageOfPage\":{\"@id\":\"https:\/\/agenciainfra.com\/blog\/depois-de-30-anos-de-obra-eclusa-de-tucurui-alaga-e-pedral-do-lourenco-so-comeca-em-2021\/#primaryimage\"},\"image\":{\"@id\":\"https:\/\/agenciainfra.com\/blog\/depois-de-30-anos-de-obra-eclusa-de-tucurui-alaga-e-pedral-do-lourenco-so-comeca-em-2021\/#primaryimage\"},\"thumbnailUrl\":\"https:\/\/agenciainfra.com\/blog\/wp-content\/uploads\/2019\/12\/eclusa-do-tucurui-foto-dnit.jpg\",\"datePublished\":\"2019-12-04T11:00:27+00:00\",\"breadcrumb\":{\"@id\":\"https:\/\/agenciainfra.com\/blog\/depois-de-30-anos-de-obra-eclusa-de-tucurui-alaga-e-pedral-do-lourenco-so-comeca-em-2021\/#breadcrumb\"},\"inLanguage\":\"pt-BR\",\"potentialAction\":[{\"@type\":\"ReadAction\",\"target\":[\"https:\/\/agenciainfra.com\/blog\/depois-de-30-anos-de-obra-eclusa-de-tucurui-alaga-e-pedral-do-lourenco-so-comeca-em-2021\/\"]}]},{\"@type\":\"ImageObject\",\"inLanguage\":\"pt-BR\",\"@id\":\"https:\/\/agenciainfra.com\/blog\/depois-de-30-anos-de-obra-eclusa-de-tucurui-alaga-e-pedral-do-lourenco-so-comeca-em-2021\/#primaryimage\",\"url\":\"https:\/\/agenciainfra.com\/blog\/wp-content\/uploads\/2019\/12\/eclusa-do-tucurui-foto-dnit.jpg\",\"contentUrl\":\"https:\/\/agenciainfra.com\/blog\/wp-content\/uploads\/2019\/12\/eclusa-do-tucurui-foto-dnit.jpg\",\"width\":1280,\"height\":852},{\"@type\":\"BreadcrumbList\",\"@id\":\"https:\/\/agenciainfra.com\/blog\/depois-de-30-anos-de-obra-eclusa-de-tucurui-alaga-e-pedral-do-lourenco-so-comeca-em-2021\/#breadcrumb\",\"itemListElement\":[{\"@type\":\"ListItem\",\"position\":1,\"name\":\"In\u00edcio\",\"item\":\"https:\/\/agenciainfra.com\/blog\/\"},{\"@type\":\"ListItem\",\"position\":2,\"name\":\"Depois de 30 anos de obra, eclusa de Tucuru\u00ed alaga e Pedral do Louren\u00e7o s\u00f3 come\u00e7a em 2021\"}]},{\"@type\":\"WebSite\",\"@id\":\"https:\/\/agenciainfra.com\/blog\/#website\",\"url\":\"https:\/\/agenciainfra.com\/blog\/\",\"name\":\"Ag\u00eancia iNFRA\",\"description\":\"Multiplataforma de informa\u00e7\u00e3o jornal\u00edstica refer\u00eancia na \u00e1rea de infraestrutura no Brasil!\",\"publisher\":{\"@id\":\"https:\/\/agenciainfra.com\/blog\/#organization\"},\"potentialAction\":[{\"@type\":\"SearchAction\",\"target\":{\"@type\":\"EntryPoint\",\"urlTemplate\":\"https:\/\/agenciainfra.com\/blog\/?s={search_term_string}\"},\"query-input\":{\"@type\":\"PropertyValueSpecification\",\"valueRequired\":true,\"valueName\":\"search_term_string\"}}],\"inLanguage\":\"pt-BR\"},{\"@type\":\"Organization\",\"@id\":\"https:\/\/agenciainfra.com\/blog\/#organization\",\"name\":\"Ag\u00eancia iNFRA\",\"url\":\"https:\/\/agenciainfra.com\/blog\/\",\"logo\":{\"@type\":\"ImageObject\",\"inLanguage\":\"pt-BR\",\"@id\":\"https:\/\/agenciainfra.com\/blog\/#\/schema\/logo\/image\/\",\"url\":\"https:\/\/agenciainfra.com\/blog\/wp-content\/uploads\/2023\/09\/iNFRA_5-e1761735885940.png\",\"contentUrl\":\"https:\/\/agenciainfra.com\/blog\/wp-content\/uploads\/2023\/09\/iNFRA_5-e1761735885940.png\",\"width\":1672,\"height\":454,\"caption\":\"Ag\u00eancia iNFRA\"},\"image\":{\"@id\":\"https:\/\/agenciainfra.com\/blog\/#\/schema\/logo\/image\/\"},\"sameAs\":[\"https:\/\/www.facebook.com\/ageninfra\",\"https:\/\/x.com\/agencia_infra\",\"https:\/\/www.linkedin.com\/company\/ag\u00eanciainfra\/\",\"https:\/\/www.instagram.com\/agenciainfra\/\"]},{\"@type\":\"Person\",\"@id\":\"https:\/\/agenciainfra.com\/blog\/#\/schema\/person\/04dbb79bd6d8951f063da71f3e4c1eb1\",\"name\":\"Rodrigo Zuquim\",\"image\":{\"@type\":\"ImageObject\",\"inLanguage\":\"pt-BR\",\"@id\":\"https:\/\/agenciainfra.com\/blog\/#\/schema\/person\/image\/\",\"url\":\"https:\/\/secure.gravatar.com\/avatar\/594abfe82761d620726242ff34ca472a705a4b97f16c790053a6b4c4035274d0?s=96&d=mm&r=g\",\"contentUrl\":\"https:\/\/secure.gravatar.com\/avatar\/594abfe82761d620726242ff34ca472a705a4b97f16c790053a6b4c4035274d0?s=96&d=mm&r=g\",\"caption\":\"Rodrigo Zuquim\"},\"url\":\"https:\/\/agenciainfra.com\/blog\/author\/rodrigo-zuquim\/\"}]}<\/script>\n<!-- \/ Yoast SEO Premium plugin. -->","yoast_head_json":{"title":"Depois de 30 anos de obra, eclusa de Tucuru\u00ed alaga e Pedral do Louren\u00e7o s\u00f3 come\u00e7a em 2021 - Ag\u00eancia iNFRA","robots":{"index":"index","follow":"follow","max-snippet":"max-snippet:-1","max-image-preview":"max-image-preview:large","max-video-preview":"max-video-preview:-1"},"canonical":"https:\/\/agenciainfra.com\/blog\/depois-de-30-anos-de-obra-eclusa-de-tucurui-alaga-e-pedral-do-lourenco-so-comeca-em-2021\/","og_locale":"pt_BR","og_type":"article","og_title":"Depois de 30 anos de obra, eclusa de Tucuru\u00ed alaga e Pedral do Louren\u00e7o s\u00f3 come\u00e7a em 2021","og_description":"Dimmi Amora, da\u00a0Ag\u00eancia iNFRA Uma obra que levou tr\u00eas d\u00e9cadas para ficar pronta e foi o s\u00edmbolo da inefici\u00eancia do pa\u00eds por anos foi entregue em 2010, mas j\u00e1 n\u00e3o funciona. Em apresenta\u00e7\u00e3o na CTLog (C\u00e2mara T\u00e9cnica de Log\u00edstica e Infraestrutura) do Minist\u00e9rio da Agricultura, Pecu\u00e1ria e Abastecimento, a diretora de Hidrovias do DNIT (Departamento [&hellip;]","og_url":"https:\/\/agenciainfra.com\/blog\/depois-de-30-anos-de-obra-eclusa-de-tucurui-alaga-e-pedral-do-lourenco-so-comeca-em-2021\/","og_site_name":"Ag\u00eancia iNFRA","article_publisher":"https:\/\/www.facebook.com\/ageninfra","article_published_time":"2019-12-04T11:00:27+00:00","og_image":[{"width":1280,"height":852,"url":"https:\/\/agenciainfra.com\/blog\/wp-content\/uploads\/2019\/12\/eclusa-do-tucurui-foto-dnit.jpg","type":"image\/jpeg"}],"author":"Rodrigo Zuquim","twitter_card":"summary_large_image","twitter_creator":"@agencia_infra","twitter_site":"@agencia_infra","twitter_misc":{"Escrito por":"Rodrigo Zuquim","Est. tempo de leitura":"4 minutos"},"schema":{"@context":"https:\/\/schema.org","@graph":[{"@type":"Article","@id":"https:\/\/agenciainfra.com\/blog\/depois-de-30-anos-de-obra-eclusa-de-tucurui-alaga-e-pedral-do-lourenco-so-comeca-em-2021\/#article","isPartOf":{"@id":"https:\/\/agenciainfra.com\/blog\/depois-de-30-anos-de-obra-eclusa-de-tucurui-alaga-e-pedral-do-lourenco-so-comeca-em-2021\/"},"author":{"name":"Rodrigo Zuquim","@id":"https:\/\/agenciainfra.com\/blog\/#\/schema\/person\/04dbb79bd6d8951f063da71f3e4c1eb1"},"headline":"Depois de 30 anos de obra, eclusa de Tucuru\u00ed alaga e Pedral do Louren\u00e7o s\u00f3 come\u00e7a em 2021","datePublished":"2019-12-04T11:00:27+00:00","mainEntityOfPage":{"@id":"https:\/\/agenciainfra.com\/blog\/depois-de-30-anos-de-obra-eclusa-de-tucurui-alaga-e-pedral-do-lourenco-so-comeca-em-2021\/"},"wordCount":851,"publisher":{"@id":"https:\/\/agenciainfra.com\/blog\/#organization"},"image":{"@id":"https:\/\/agenciainfra.com\/blog\/depois-de-30-anos-de-obra-eclusa-de-tucurui-alaga-e-pedral-do-lourenco-so-comeca-em-2021\/#primaryimage"},"thumbnailUrl":"https:\/\/agenciainfra.com\/blog\/wp-content\/uploads\/2019\/12\/eclusa-do-tucurui-foto-dnit.jpg","keywords":["CNA","Companhia Docas do Par\u00e1","CTLog","DNIT","eclusa de Tucuru\u00ed","Edeon Vaz","Karoline Lemos","Luiz Fayet","Pedral do Louren\u00e7o","terminal de Outeiro"],"articleSection":["iNFRATransporte"],"inLanguage":"pt-BR","copyrightYear":"2019","copyrightHolder":{"@id":"https:\/\/agenciainfra.com\/blog\/#organization"}},{"@type":"WebPage","@id":"https:\/\/agenciainfra.com\/blog\/depois-de-30-anos-de-obra-eclusa-de-tucurui-alaga-e-pedral-do-lourenco-so-comeca-em-2021\/","url":"https:\/\/agenciainfra.com\/blog\/depois-de-30-anos-de-obra-eclusa-de-tucurui-alaga-e-pedral-do-lourenco-so-comeca-em-2021\/","name":"Depois de 30 anos de obra, eclusa de Tucuru\u00ed alaga e Pedral do Louren\u00e7o s\u00f3 come\u00e7a em 2021 - Ag\u00eancia iNFRA","isPartOf":{"@id":"https:\/\/agenciainfra.com\/blog\/#website"},"primaryImageOfPage":{"@id":"https:\/\/agenciainfra.com\/blog\/depois-de-30-anos-de-obra-eclusa-de-tucurui-alaga-e-pedral-do-lourenco-so-comeca-em-2021\/#primaryimage"},"image":{"@id":"https:\/\/agenciainfra.com\/blog\/depois-de-30-anos-de-obra-eclusa-de-tucurui-alaga-e-pedral-do-lourenco-so-comeca-em-2021\/#primaryimage"},"thumbnailUrl":"https:\/\/agenciainfra.com\/blog\/wp-content\/uploads\/2019\/12\/eclusa-do-tucurui-foto-dnit.jpg","datePublished":"2019-12-04T11:00:27+00:00","breadcrumb":{"@id":"https:\/\/agenciainfra.com\/blog\/depois-de-30-anos-de-obra-eclusa-de-tucurui-alaga-e-pedral-do-lourenco-so-comeca-em-2021\/#breadcrumb"},"inLanguage":"pt-BR","potentialAction":[{"@type":"ReadAction","target":["https:\/\/agenciainfra.com\/blog\/depois-de-30-anos-de-obra-eclusa-de-tucurui-alaga-e-pedral-do-lourenco-so-comeca-em-2021\/"]}]},{"@type":"ImageObject","inLanguage":"pt-BR","@id":"https:\/\/agenciainfra.com\/blog\/depois-de-30-anos-de-obra-eclusa-de-tucurui-alaga-e-pedral-do-lourenco-so-comeca-em-2021\/#primaryimage","url":"https:\/\/agenciainfra.com\/blog\/wp-content\/uploads\/2019\/12\/eclusa-do-tucurui-foto-dnit.jpg","contentUrl":"https:\/\/agenciainfra.com\/blog\/wp-content\/uploads\/2019\/12\/eclusa-do-tucurui-foto-dnit.jpg","width":1280,"height":852},{"@type":"BreadcrumbList","@id":"https:\/\/agenciainfra.com\/blog\/depois-de-30-anos-de-obra-eclusa-de-tucurui-alaga-e-pedral-do-lourenco-so-comeca-em-2021\/#breadcrumb","itemListElement":[{"@type":"ListItem","position":1,"name":"In\u00edcio","item":"https:\/\/agenciainfra.com\/blog\/"},{"@type":"ListItem","position":2,"name":"Depois de 30 anos de obra, eclusa de Tucuru\u00ed alaga e Pedral do Louren\u00e7o s\u00f3 come\u00e7a em 2021"}]},{"@type":"WebSite","@id":"https:\/\/agenciainfra.com\/blog\/#website","url":"https:\/\/agenciainfra.com\/blog\/","name":"Ag\u00eancia iNFRA","description":"Multiplataforma de informa\u00e7\u00e3o jornal\u00edstica refer\u00eancia na \u00e1rea de infraestrutura no Brasil!","publisher":{"@id":"https:\/\/agenciainfra.com\/blog\/#organization"},"potentialAction":[{"@type":"SearchAction","target":{"@type":"EntryPoint","urlTemplate":"https:\/\/agenciainfra.com\/blog\/?s={search_term_string}"},"query-input":{"@type":"PropertyValueSpecification","valueRequired":true,"valueName":"search_term_string"}}],"inLanguage":"pt-BR"},{"@type":"Organization","@id":"https:\/\/agenciainfra.com\/blog\/#organization","name":"Ag\u00eancia iNFRA","url":"https:\/\/agenciainfra.com\/blog\/","logo":{"@type":"ImageObject","inLanguage":"pt-BR","@id":"https:\/\/agenciainfra.com\/blog\/#\/schema\/logo\/image\/","url":"https:\/\/agenciainfra.com\/blog\/wp-content\/uploads\/2023\/09\/iNFRA_5-e1761735885940.png","contentUrl":"https:\/\/agenciainfra.com\/blog\/wp-content\/uploads\/2023\/09\/iNFRA_5-e1761735885940.png","width":1672,"height":454,"caption":"Ag\u00eancia iNFRA"},"image":{"@id":"https:\/\/agenciainfra.com\/blog\/#\/schema\/logo\/image\/"},"sameAs":["https:\/\/www.facebook.com\/ageninfra","https:\/\/x.com\/agencia_infra","https:\/\/www.linkedin.com\/company\/ag\u00eanciainfra\/","https:\/\/www.instagram.com\/agenciainfra\/"]},{"@type":"Person","@id":"https:\/\/agenciainfra.com\/blog\/#\/schema\/person\/04dbb79bd6d8951f063da71f3e4c1eb1","name":"Rodrigo Zuquim","image":{"@type":"ImageObject","inLanguage":"pt-BR","@id":"https:\/\/agenciainfra.com\/blog\/#\/schema\/person\/image\/","url":"https:\/\/secure.gravatar.com\/avatar\/594abfe82761d620726242ff34ca472a705a4b97f16c790053a6b4c4035274d0?s=96&d=mm&r=g","contentUrl":"https:\/\/secure.gravatar.com\/avatar\/594abfe82761d620726242ff34ca472a705a4b97f16c790053a6b4c4035274d0?s=96&d=mm&r=g","caption":"Rodrigo Zuquim"},"url":"https:\/\/agenciainfra.com\/blog\/author\/rodrigo-zuquim\/"}]}},"_links":{"self":[{"href":"https:\/\/agenciainfra.com\/blog\/wp-json\/wp\/v2\/posts\/4093","targetHints":{"allow":["GET"]}}],"collection":[{"href":"https:\/\/agenciainfra.com\/blog\/wp-json\/wp\/v2\/posts"}],"about":[{"href":"https:\/\/agenciainfra.com\/blog\/wp-json\/wp\/v2\/types\/post"}],"author":[{"embeddable":true,"href":"https:\/\/agenciainfra.com\/blog\/wp-json\/wp\/v2\/users\/9"}],"replies":[{"embeddable":true,"href":"https:\/\/agenciainfra.com\/blog\/wp-json\/wp\/v2\/comments?post=4093"}],"version-history":[{"count":0,"href":"https:\/\/agenciainfra.com\/blog\/wp-json\/wp\/v2\/posts\/4093\/revisions"}],"wp:featuredmedia":[{"embeddable":true,"href":"https:\/\/agenciainfra.com\/blog\/wp-json\/wp\/v2\/media\/4094"}],"wp:attachment":[{"href":"https:\/\/agenciainfra.com\/blog\/wp-json\/wp\/v2\/media?parent=4093"}],"wp:term":[{"taxonomy":"category","embeddable":true,"href":"https:\/\/agenciainfra.com\/blog\/wp-json\/wp\/v2\/categories?post=4093"},{"taxonomy":"post_tag","embeddable":true,"href":"https:\/\/agenciainfra.com\/blog\/wp-json\/wp\/v2\/tags?post=4093"}],"curies":[{"name":"wp","href":"https:\/\/api.w.org\/{rel}","templated":true}]}}