{"id":4102,"date":"2019-12-05T08:00:25","date_gmt":"2019-12-05T11:00:25","guid":{"rendered":"http:\/\/www.agenciainfra.com\/blog\/?p=4102"},"modified":"2019-12-03T11:10:36","modified_gmt":"2019-12-03T14:10:36","slug":"seinfra-do-tcu-termina-analise-previa-de-renovacao-de-ferrovias-da-vale-e-indica-mais-estudos","status":"publish","type":"post","link":"https:\/\/agenciainfra.com\/blog\/seinfra-do-tcu-termina-analise-previa-de-renovacao-de-ferrovias-da-vale-e-indica-mais-estudos\/","title":{"rendered":"Seinfra do TCU termina an\u00e1lise pr\u00e9via de renova\u00e7\u00e3o de ferrovias da Vale e indica mais estudos"},"content":{"rendered":"<div>\n<h5 style=\"text-align: right;\"><strong>Dimmi Amora, da\u00a0Ag\u00eancia iNFRA<\/strong><\/h5>\n<p>A SeinfraFerroviaPortos do TCU (Tribunal de Contas da Uni\u00e3o) terminou na semana passada sua an\u00e1lise sobre os estudos de viabilidade da renova\u00e7\u00e3o antecipada da concess\u00e3o das ferrovias EFC (Estrada de Ferro Caraj\u00e1s) e EFVM (Estrada de Ferro Vit\u00f3ria a Minas) com um diagn\u00f3stico cr\u00edtico sobre o processo e solicitando ao relator do processo, ministro Bruno Dantas, demandar a amplia\u00e7\u00e3o de estudos sobre o tema.<\/p>\n<p>As duas ferrovias s\u00e3o da Vale e tiveram audi\u00eancias p\u00fablicas sobre o processo de renova\u00e7\u00e3o realizadas no ano passado, com contribui\u00e7\u00f5es cr\u00edticas sobre os estudos apresentados para essa renova\u00e7\u00e3o.<\/p>\n<p>O governo tinha uma perspectiva de, ap\u00f3s a aprova\u00e7\u00e3o no TCU na semana passada da renova\u00e7\u00e3o antecipada da Malha Paulista, da Rumo, fazer uma sequ\u00eancia de aprova\u00e7\u00f5es de renova\u00e7\u00f5es de ferrovia, come\u00e7ando pelas da Vale. Mas a an\u00e1lise pr\u00e9via da \u00e1rea t\u00e9cnica indica que isso pode levar um tempo significativo.<\/p>\n<p>Os pedidos dos t\u00e9cnicos do TCU de amplia\u00e7\u00e3o de informa\u00e7\u00f5es sobre os estudos ainda v\u00e3o ser analisados pelo relator do processo, o ministro Bruno Dantas.<\/p>\n<p>A renova\u00e7\u00e3o das ferrovias da Vale \u00e9 diferente\u00a0das outras concess\u00f5es. A companhia, quando era uma estatal, recebeu a concess\u00e3o das ferrovias do governo sem concorr\u00eancia, durante seu processo de desestatiza\u00e7\u00e3o. O contrato tem cl\u00e1usulas d\u00fabias sobre v\u00e1rios pontos.<\/p>\n<p><strong>Pre\u00e7o do transporte de min\u00e9rio<\/strong><br \/>\nA maior pol\u00eamica da renova\u00e7\u00e3o se concentra sobre o valor estabelecido pela ANTT (Ag\u00eancia Nacional de Transportes Terrestres) do pre\u00e7o do transporte de min\u00e9rio de ferro ao longo dos pr\u00f3ximos 30 anos de concess\u00e3o.<\/p>\n<p>A ag\u00eancia criou uma metodologia pr\u00f3pria, desconsiderando valores praticados, por entender que a Vale transporta para ela mesma, controlando toda a cadeia entre a mina e o porto. Por isso, o pre\u00e7o pago \u00e0 concession\u00e1ria poderia n\u00e3o corresponder a um valor de mercado.<\/p>\n<p>Mas os valores propostos inicialmente pela ag\u00eancia foram criticados por v\u00e1rios \u00f3rg\u00e3os do setor e governos locais, que os consideraram muito baixos. O valor fez com que a outorga prevista pela renova\u00e7\u00e3o da EFC fosse negativa\u00a0(ou seja, o governo deveria pagar para a Vale pelos investimentos j\u00e1 feitos na estrada de ferro, o que a empresa aceitou dispensar) e a da EFVM ficasse na casa dos R$ 2 bilh\u00f5es.<\/p>\n<p>Conforme antecipou a\u00a0<strong>Ag\u00eancia iNFRA<\/strong>\u00a0no boletim 565, de 19 de julho,\u00a0diretoria da ANTT aprovou mudan\u00e7as em rela\u00e7\u00e3o \u00e0 proposta original, ampliando o valor estimado de custo do min\u00e9rio de ferro. Com isso, o valor de outorga para a\u00a0EFVM subiu cerca de 100% em rela\u00e7\u00e3o ao inicial.<\/p>\n<p>No caso da\u00a0EFC, o novo valor vai tornar a outorga positiva. Antes ela estava negativa em R$ 2,1 bilh\u00f5es e a\u00a0Vale\u00a0estava abrindo m\u00e3o de cobrar o governo pelo que teria direito a receber.<\/p>\n<p>A Vale aceitou construir um projeto do governo em outra regi\u00e3o, a Fico (Ferrovia de Integra\u00e7\u00e3o do Centro-Oeste), como forma de pagar a outorga da EFVM, mesmo que ela custe mais que o valor estipulado.<\/p>\n<p>Mas esse tamb\u00e9m \u00e9 um ponto pol\u00eamico da renova\u00e7\u00e3o, visto que h\u00e1 uma a\u00e7\u00e3o de inconstitucionalidade da PGR (Procuradoria-Geral da Rep\u00fablica) tramitando no STF (Supremo Tribunal Federal) contestando o trecho da lei 13.448\/2017 que permite esse tipo de transa\u00e7\u00e3o. A a\u00e7\u00e3o deve ser julgada na pr\u00f3xima semana.<\/p>\n<p>Em nota, a Vale informou que os estudos t\u00e9cnicos e os documentos jur\u00eddicos sobre a prorroga\u00e7\u00e3o antecipada das concess\u00f5es est\u00e3o\u00a0em an\u00e1lise no Tribunal.<\/p>\n<p>&#8220;A Vale aguarda o fim do processo na esfera p\u00fablica para submeter a proposta, com as contrapartidas requeridas, ao seu Conselho de Administra\u00e7\u00e3o.&#8221;<\/p>\n<\/div>\n","protected":false},"excerpt":{"rendered":"<p>Dimmi Amora, da\u00a0Ag\u00eancia iNFRA A SeinfraFerroviaPortos do TCU (Tribunal de Contas da Uni\u00e3o) terminou na semana passada sua an\u00e1lise sobre os estudos de viabilidade da renova\u00e7\u00e3o antecipada da concess\u00e3o das ferrovias EFC (Estrada de Ferro Caraj\u00e1s) e EFVM (Estrada de Ferro Vit\u00f3ria a Minas) com um diagn\u00f3stico cr\u00edtico sobre o processo e solicitando ao relator [&hellip;]<\/p>\n","protected":false},"author":9,"featured_media":3337,"comment_status":"closed","ping_status":"closed","sticky":false,"template":"","format":"standard","meta":{"_monsterinsights_skip_tracking":false,"_monsterinsights_sitenote_active":false,"_monsterinsights_sitenote_note":"","_monsterinsights_sitenote_category":0,"footnotes":""},"categories":[7],"tags":[19,396,229,228,470,1419,1474,18,83],"class_list":["post-4102","post","type-post","status-publish","format-standard","has-post-thumbnail","hentry","category-infratransporte","tag-antt","tag-bruno-dantas","tag-efc","tag-efvm","tag-estrada-de-ferro-carajas","tag-estrada-de-ferro-vitoria-a-minas","tag-seinfraferroviaportos","tag-tcu","tag-vale"],"yoast_head":"<!-- This site is optimized with the Yoast SEO Premium plugin v25.4 (Yoast SEO v26.0) - https:\/\/yoast.com\/wordpress\/plugins\/seo\/ -->\n<title>Seinfra do TCU termina an\u00e1lise pr\u00e9via de renova\u00e7\u00e3o de ferrovias da Vale e indica mais estudos - Ag\u00eancia iNFRA<\/title>\n<meta name=\"robots\" content=\"index, follow, max-snippet:-1, max-image-preview:large, max-video-preview:-1\" \/>\n<link rel=\"canonical\" href=\"https:\/\/agenciainfra.com\/blog\/seinfra-do-tcu-termina-analise-previa-de-renovacao-de-ferrovias-da-vale-e-indica-mais-estudos\/\" \/>\n<meta property=\"og:locale\" content=\"pt_BR\" \/>\n<meta property=\"og:type\" content=\"article\" \/>\n<meta property=\"og:title\" content=\"Seinfra do TCU termina an\u00e1lise pr\u00e9via de renova\u00e7\u00e3o de ferrovias da Vale e indica mais estudos\" \/>\n<meta property=\"og:description\" content=\"Dimmi Amora, da\u00a0Ag\u00eancia iNFRA A SeinfraFerroviaPortos do TCU (Tribunal de Contas da Uni\u00e3o) terminou na semana passada sua an\u00e1lise sobre os estudos de viabilidade da renova\u00e7\u00e3o antecipada da concess\u00e3o das ferrovias EFC (Estrada de Ferro Caraj\u00e1s) e EFVM (Estrada de Ferro Vit\u00f3ria a Minas) com um diagn\u00f3stico cr\u00edtico sobre o processo e solicitando ao relator [&hellip;]\" \/>\n<meta property=\"og:url\" content=\"https:\/\/agenciainfra.com\/blog\/seinfra-do-tcu-termina-analise-previa-de-renovacao-de-ferrovias-da-vale-e-indica-mais-estudos\/\" \/>\n<meta property=\"og:site_name\" content=\"Ag\u00eancia iNFRA\" \/>\n<meta property=\"article:publisher\" content=\"https:\/\/www.facebook.com\/ageninfra\" \/>\n<meta property=\"article:published_time\" content=\"2019-12-05T11:00:25+00:00\" \/>\n<meta property=\"og:image\" content=\"https:\/\/agenciainfra.com\/blog\/wp-content\/uploads\/2019\/06\/efvm-divulgacao-vale.jpg\" \/>\n\t<meta property=\"og:image:width\" content=\"930\" \/>\n\t<meta property=\"og:image:height\" content=\"545\" \/>\n\t<meta property=\"og:image:type\" content=\"image\/jpeg\" \/>\n<meta name=\"author\" content=\"Rodrigo Zuquim\" \/>\n<meta name=\"twitter:card\" content=\"summary_large_image\" \/>\n<meta name=\"twitter:creator\" content=\"@agencia_infra\" \/>\n<meta name=\"twitter:site\" content=\"@agencia_infra\" \/>\n<meta name=\"twitter:label1\" content=\"Escrito por\" \/>\n\t<meta name=\"twitter:data1\" content=\"Rodrigo Zuquim\" \/>\n\t<meta name=\"twitter:label2\" content=\"Est. tempo de leitura\" \/>\n\t<meta name=\"twitter:data2\" content=\"3 minutos\" \/>\n<script type=\"application\/ld+json\" class=\"yoast-schema-graph\">{\"@context\":\"https:\/\/schema.org\",\"@graph\":[{\"@type\":\"Article\",\"@id\":\"https:\/\/agenciainfra.com\/blog\/seinfra-do-tcu-termina-analise-previa-de-renovacao-de-ferrovias-da-vale-e-indica-mais-estudos\/#article\",\"isPartOf\":{\"@id\":\"https:\/\/agenciainfra.com\/blog\/seinfra-do-tcu-termina-analise-previa-de-renovacao-de-ferrovias-da-vale-e-indica-mais-estudos\/\"},\"author\":{\"name\":\"Rodrigo Zuquim\",\"@id\":\"https:\/\/agenciainfra.com\/blog\/#\/schema\/person\/04dbb79bd6d8951f063da71f3e4c1eb1\"},\"headline\":\"Seinfra do TCU termina an\u00e1lise pr\u00e9via de renova\u00e7\u00e3o de ferrovias da Vale e indica mais estudos\",\"datePublished\":\"2019-12-05T11:00:25+00:00\",\"mainEntityOfPage\":{\"@id\":\"https:\/\/agenciainfra.com\/blog\/seinfra-do-tcu-termina-analise-previa-de-renovacao-de-ferrovias-da-vale-e-indica-mais-estudos\/\"},\"wordCount\":669,\"publisher\":{\"@id\":\"https:\/\/agenciainfra.com\/blog\/#organization\"},\"image\":{\"@id\":\"https:\/\/agenciainfra.com\/blog\/seinfra-do-tcu-termina-analise-previa-de-renovacao-de-ferrovias-da-vale-e-indica-mais-estudos\/#primaryimage\"},\"thumbnailUrl\":\"https:\/\/agenciainfra.com\/blog\/wp-content\/uploads\/2019\/06\/efvm-divulgacao-vale.jpg\",\"keywords\":[\"ANTT\",\"Bruno Dantas\",\"EFC\",\"EFVM\",\"Estrada de Ferro Caraj\u00e1s\",\"Estrada de Ferro Vit\u00f3ria a Minas\",\"SeinfraFerroviaPortos\",\"TCU\",\"Vale\"],\"articleSection\":[\"iNFRATransporte\"],\"inLanguage\":\"pt-BR\",\"copyrightYear\":\"2019\",\"copyrightHolder\":{\"@id\":\"https:\/\/agenciainfra.com\/blog\/#organization\"}},{\"@type\":\"WebPage\",\"@id\":\"https:\/\/agenciainfra.com\/blog\/seinfra-do-tcu-termina-analise-previa-de-renovacao-de-ferrovias-da-vale-e-indica-mais-estudos\/\",\"url\":\"https:\/\/agenciainfra.com\/blog\/seinfra-do-tcu-termina-analise-previa-de-renovacao-de-ferrovias-da-vale-e-indica-mais-estudos\/\",\"name\":\"Seinfra do TCU termina an\u00e1lise pr\u00e9via de renova\u00e7\u00e3o de ferrovias da Vale e indica mais estudos - Ag\u00eancia iNFRA\",\"isPartOf\":{\"@id\":\"https:\/\/agenciainfra.com\/blog\/#website\"},\"primaryImageOfPage\":{\"@id\":\"https:\/\/agenciainfra.com\/blog\/seinfra-do-tcu-termina-analise-previa-de-renovacao-de-ferrovias-da-vale-e-indica-mais-estudos\/#primaryimage\"},\"image\":{\"@id\":\"https:\/\/agenciainfra.com\/blog\/seinfra-do-tcu-termina-analise-previa-de-renovacao-de-ferrovias-da-vale-e-indica-mais-estudos\/#primaryimage\"},\"thumbnailUrl\":\"https:\/\/agenciainfra.com\/blog\/wp-content\/uploads\/2019\/06\/efvm-divulgacao-vale.jpg\",\"datePublished\":\"2019-12-05T11:00:25+00:00\",\"breadcrumb\":{\"@id\":\"https:\/\/agenciainfra.com\/blog\/seinfra-do-tcu-termina-analise-previa-de-renovacao-de-ferrovias-da-vale-e-indica-mais-estudos\/#breadcrumb\"},\"inLanguage\":\"pt-BR\",\"potentialAction\":[{\"@type\":\"ReadAction\",\"target\":[\"https:\/\/agenciainfra.com\/blog\/seinfra-do-tcu-termina-analise-previa-de-renovacao-de-ferrovias-da-vale-e-indica-mais-estudos\/\"]}]},{\"@type\":\"ImageObject\",\"inLanguage\":\"pt-BR\",\"@id\":\"https:\/\/agenciainfra.com\/blog\/seinfra-do-tcu-termina-analise-previa-de-renovacao-de-ferrovias-da-vale-e-indica-mais-estudos\/#primaryimage\",\"url\":\"https:\/\/agenciainfra.com\/blog\/wp-content\/uploads\/2019\/06\/efvm-divulgacao-vale.jpg\",\"contentUrl\":\"https:\/\/agenciainfra.com\/blog\/wp-content\/uploads\/2019\/06\/efvm-divulgacao-vale.jpg\",\"width\":930,\"height\":545},{\"@type\":\"BreadcrumbList\",\"@id\":\"https:\/\/agenciainfra.com\/blog\/seinfra-do-tcu-termina-analise-previa-de-renovacao-de-ferrovias-da-vale-e-indica-mais-estudos\/#breadcrumb\",\"itemListElement\":[{\"@type\":\"ListItem\",\"position\":1,\"name\":\"In\u00edcio\",\"item\":\"https:\/\/agenciainfra.com\/blog\/\"},{\"@type\":\"ListItem\",\"position\":2,\"name\":\"Seinfra do TCU termina an\u00e1lise pr\u00e9via de renova\u00e7\u00e3o de ferrovias da Vale e indica mais estudos\"}]},{\"@type\":\"WebSite\",\"@id\":\"https:\/\/agenciainfra.com\/blog\/#website\",\"url\":\"https:\/\/agenciainfra.com\/blog\/\",\"name\":\"Ag\u00eancia iNFRA\",\"description\":\"Multiplataforma de informa\u00e7\u00e3o jornal\u00edstica refer\u00eancia na \u00e1rea de infraestrutura no Brasil!\",\"publisher\":{\"@id\":\"https:\/\/agenciainfra.com\/blog\/#organization\"},\"potentialAction\":[{\"@type\":\"SearchAction\",\"target\":{\"@type\":\"EntryPoint\",\"urlTemplate\":\"https:\/\/agenciainfra.com\/blog\/?s={search_term_string}\"},\"query-input\":{\"@type\":\"PropertyValueSpecification\",\"valueRequired\":true,\"valueName\":\"search_term_string\"}}],\"inLanguage\":\"pt-BR\"},{\"@type\":\"Organization\",\"@id\":\"https:\/\/agenciainfra.com\/blog\/#organization\",\"name\":\"Ag\u00eancia iNFRA\",\"url\":\"https:\/\/agenciainfra.com\/blog\/\",\"logo\":{\"@type\":\"ImageObject\",\"inLanguage\":\"pt-BR\",\"@id\":\"https:\/\/agenciainfra.com\/blog\/#\/schema\/logo\/image\/\",\"url\":\"https:\/\/agenciainfra.com\/blog\/wp-content\/uploads\/2023\/09\/iNFRA_5-e1761735885940.png\",\"contentUrl\":\"https:\/\/agenciainfra.com\/blog\/wp-content\/uploads\/2023\/09\/iNFRA_5-e1761735885940.png\",\"width\":1672,\"height\":454,\"caption\":\"Ag\u00eancia iNFRA\"},\"image\":{\"@id\":\"https:\/\/agenciainfra.com\/blog\/#\/schema\/logo\/image\/\"},\"sameAs\":[\"https:\/\/www.facebook.com\/ageninfra\",\"https:\/\/x.com\/agencia_infra\",\"https:\/\/www.linkedin.com\/company\/ag\u00eanciainfra\/\",\"https:\/\/www.instagram.com\/agenciainfra\/\"]},{\"@type\":\"Person\",\"@id\":\"https:\/\/agenciainfra.com\/blog\/#\/schema\/person\/04dbb79bd6d8951f063da71f3e4c1eb1\",\"name\":\"Rodrigo Zuquim\",\"image\":{\"@type\":\"ImageObject\",\"inLanguage\":\"pt-BR\",\"@id\":\"https:\/\/agenciainfra.com\/blog\/#\/schema\/person\/image\/\",\"url\":\"https:\/\/secure.gravatar.com\/avatar\/594abfe82761d620726242ff34ca472a705a4b97f16c790053a6b4c4035274d0?s=96&d=mm&r=g\",\"contentUrl\":\"https:\/\/secure.gravatar.com\/avatar\/594abfe82761d620726242ff34ca472a705a4b97f16c790053a6b4c4035274d0?s=96&d=mm&r=g\",\"caption\":\"Rodrigo Zuquim\"},\"url\":\"https:\/\/agenciainfra.com\/blog\/author\/rodrigo-zuquim\/\"}]}<\/script>\n<!-- \/ Yoast SEO Premium plugin. -->","yoast_head_json":{"title":"Seinfra do TCU termina an\u00e1lise pr\u00e9via de renova\u00e7\u00e3o de ferrovias da Vale e indica mais estudos - Ag\u00eancia iNFRA","robots":{"index":"index","follow":"follow","max-snippet":"max-snippet:-1","max-image-preview":"max-image-preview:large","max-video-preview":"max-video-preview:-1"},"canonical":"https:\/\/agenciainfra.com\/blog\/seinfra-do-tcu-termina-analise-previa-de-renovacao-de-ferrovias-da-vale-e-indica-mais-estudos\/","og_locale":"pt_BR","og_type":"article","og_title":"Seinfra do TCU termina an\u00e1lise pr\u00e9via de renova\u00e7\u00e3o de ferrovias da Vale e indica mais estudos","og_description":"Dimmi Amora, da\u00a0Ag\u00eancia iNFRA A SeinfraFerroviaPortos do TCU (Tribunal de Contas da Uni\u00e3o) terminou na semana passada sua an\u00e1lise sobre os estudos de viabilidade da renova\u00e7\u00e3o antecipada da concess\u00e3o das ferrovias EFC (Estrada de Ferro Caraj\u00e1s) e EFVM (Estrada de Ferro Vit\u00f3ria a Minas) com um diagn\u00f3stico cr\u00edtico sobre o processo e solicitando ao relator [&hellip;]","og_url":"https:\/\/agenciainfra.com\/blog\/seinfra-do-tcu-termina-analise-previa-de-renovacao-de-ferrovias-da-vale-e-indica-mais-estudos\/","og_site_name":"Ag\u00eancia iNFRA","article_publisher":"https:\/\/www.facebook.com\/ageninfra","article_published_time":"2019-12-05T11:00:25+00:00","og_image":[{"width":930,"height":545,"url":"https:\/\/agenciainfra.com\/blog\/wp-content\/uploads\/2019\/06\/efvm-divulgacao-vale.jpg","type":"image\/jpeg"}],"author":"Rodrigo Zuquim","twitter_card":"summary_large_image","twitter_creator":"@agencia_infra","twitter_site":"@agencia_infra","twitter_misc":{"Escrito por":"Rodrigo Zuquim","Est. tempo de leitura":"3 minutos"},"schema":{"@context":"https:\/\/schema.org","@graph":[{"@type":"Article","@id":"https:\/\/agenciainfra.com\/blog\/seinfra-do-tcu-termina-analise-previa-de-renovacao-de-ferrovias-da-vale-e-indica-mais-estudos\/#article","isPartOf":{"@id":"https:\/\/agenciainfra.com\/blog\/seinfra-do-tcu-termina-analise-previa-de-renovacao-de-ferrovias-da-vale-e-indica-mais-estudos\/"},"author":{"name":"Rodrigo Zuquim","@id":"https:\/\/agenciainfra.com\/blog\/#\/schema\/person\/04dbb79bd6d8951f063da71f3e4c1eb1"},"headline":"Seinfra do TCU termina an\u00e1lise pr\u00e9via de renova\u00e7\u00e3o de ferrovias da Vale e indica mais estudos","datePublished":"2019-12-05T11:00:25+00:00","mainEntityOfPage":{"@id":"https:\/\/agenciainfra.com\/blog\/seinfra-do-tcu-termina-analise-previa-de-renovacao-de-ferrovias-da-vale-e-indica-mais-estudos\/"},"wordCount":669,"publisher":{"@id":"https:\/\/agenciainfra.com\/blog\/#organization"},"image":{"@id":"https:\/\/agenciainfra.com\/blog\/seinfra-do-tcu-termina-analise-previa-de-renovacao-de-ferrovias-da-vale-e-indica-mais-estudos\/#primaryimage"},"thumbnailUrl":"https:\/\/agenciainfra.com\/blog\/wp-content\/uploads\/2019\/06\/efvm-divulgacao-vale.jpg","keywords":["ANTT","Bruno Dantas","EFC","EFVM","Estrada de Ferro Caraj\u00e1s","Estrada de Ferro Vit\u00f3ria a Minas","SeinfraFerroviaPortos","TCU","Vale"],"articleSection":["iNFRATransporte"],"inLanguage":"pt-BR","copyrightYear":"2019","copyrightHolder":{"@id":"https:\/\/agenciainfra.com\/blog\/#organization"}},{"@type":"WebPage","@id":"https:\/\/agenciainfra.com\/blog\/seinfra-do-tcu-termina-analise-previa-de-renovacao-de-ferrovias-da-vale-e-indica-mais-estudos\/","url":"https:\/\/agenciainfra.com\/blog\/seinfra-do-tcu-termina-analise-previa-de-renovacao-de-ferrovias-da-vale-e-indica-mais-estudos\/","name":"Seinfra do TCU termina an\u00e1lise pr\u00e9via de renova\u00e7\u00e3o de ferrovias da Vale e indica mais estudos - Ag\u00eancia iNFRA","isPartOf":{"@id":"https:\/\/agenciainfra.com\/blog\/#website"},"primaryImageOfPage":{"@id":"https:\/\/agenciainfra.com\/blog\/seinfra-do-tcu-termina-analise-previa-de-renovacao-de-ferrovias-da-vale-e-indica-mais-estudos\/#primaryimage"},"image":{"@id":"https:\/\/agenciainfra.com\/blog\/seinfra-do-tcu-termina-analise-previa-de-renovacao-de-ferrovias-da-vale-e-indica-mais-estudos\/#primaryimage"},"thumbnailUrl":"https:\/\/agenciainfra.com\/blog\/wp-content\/uploads\/2019\/06\/efvm-divulgacao-vale.jpg","datePublished":"2019-12-05T11:00:25+00:00","breadcrumb":{"@id":"https:\/\/agenciainfra.com\/blog\/seinfra-do-tcu-termina-analise-previa-de-renovacao-de-ferrovias-da-vale-e-indica-mais-estudos\/#breadcrumb"},"inLanguage":"pt-BR","potentialAction":[{"@type":"ReadAction","target":["https:\/\/agenciainfra.com\/blog\/seinfra-do-tcu-termina-analise-previa-de-renovacao-de-ferrovias-da-vale-e-indica-mais-estudos\/"]}]},{"@type":"ImageObject","inLanguage":"pt-BR","@id":"https:\/\/agenciainfra.com\/blog\/seinfra-do-tcu-termina-analise-previa-de-renovacao-de-ferrovias-da-vale-e-indica-mais-estudos\/#primaryimage","url":"https:\/\/agenciainfra.com\/blog\/wp-content\/uploads\/2019\/06\/efvm-divulgacao-vale.jpg","contentUrl":"https:\/\/agenciainfra.com\/blog\/wp-content\/uploads\/2019\/06\/efvm-divulgacao-vale.jpg","width":930,"height":545},{"@type":"BreadcrumbList","@id":"https:\/\/agenciainfra.com\/blog\/seinfra-do-tcu-termina-analise-previa-de-renovacao-de-ferrovias-da-vale-e-indica-mais-estudos\/#breadcrumb","itemListElement":[{"@type":"ListItem","position":1,"name":"In\u00edcio","item":"https:\/\/agenciainfra.com\/blog\/"},{"@type":"ListItem","position":2,"name":"Seinfra do TCU termina an\u00e1lise pr\u00e9via de renova\u00e7\u00e3o de ferrovias da Vale e indica mais estudos"}]},{"@type":"WebSite","@id":"https:\/\/agenciainfra.com\/blog\/#website","url":"https:\/\/agenciainfra.com\/blog\/","name":"Ag\u00eancia iNFRA","description":"Multiplataforma de informa\u00e7\u00e3o jornal\u00edstica refer\u00eancia na \u00e1rea de infraestrutura no Brasil!","publisher":{"@id":"https:\/\/agenciainfra.com\/blog\/#organization"},"potentialAction":[{"@type":"SearchAction","target":{"@type":"EntryPoint","urlTemplate":"https:\/\/agenciainfra.com\/blog\/?s={search_term_string}"},"query-input":{"@type":"PropertyValueSpecification","valueRequired":true,"valueName":"search_term_string"}}],"inLanguage":"pt-BR"},{"@type":"Organization","@id":"https:\/\/agenciainfra.com\/blog\/#organization","name":"Ag\u00eancia iNFRA","url":"https:\/\/agenciainfra.com\/blog\/","logo":{"@type":"ImageObject","inLanguage":"pt-BR","@id":"https:\/\/agenciainfra.com\/blog\/#\/schema\/logo\/image\/","url":"https:\/\/agenciainfra.com\/blog\/wp-content\/uploads\/2023\/09\/iNFRA_5-e1761735885940.png","contentUrl":"https:\/\/agenciainfra.com\/blog\/wp-content\/uploads\/2023\/09\/iNFRA_5-e1761735885940.png","width":1672,"height":454,"caption":"Ag\u00eancia iNFRA"},"image":{"@id":"https:\/\/agenciainfra.com\/blog\/#\/schema\/logo\/image\/"},"sameAs":["https:\/\/www.facebook.com\/ageninfra","https:\/\/x.com\/agencia_infra","https:\/\/www.linkedin.com\/company\/ag\u00eanciainfra\/","https:\/\/www.instagram.com\/agenciainfra\/"]},{"@type":"Person","@id":"https:\/\/agenciainfra.com\/blog\/#\/schema\/person\/04dbb79bd6d8951f063da71f3e4c1eb1","name":"Rodrigo Zuquim","image":{"@type":"ImageObject","inLanguage":"pt-BR","@id":"https:\/\/agenciainfra.com\/blog\/#\/schema\/person\/image\/","url":"https:\/\/secure.gravatar.com\/avatar\/594abfe82761d620726242ff34ca472a705a4b97f16c790053a6b4c4035274d0?s=96&d=mm&r=g","contentUrl":"https:\/\/secure.gravatar.com\/avatar\/594abfe82761d620726242ff34ca472a705a4b97f16c790053a6b4c4035274d0?s=96&d=mm&r=g","caption":"Rodrigo Zuquim"},"url":"https:\/\/agenciainfra.com\/blog\/author\/rodrigo-zuquim\/"}]}},"_links":{"self":[{"href":"https:\/\/agenciainfra.com\/blog\/wp-json\/wp\/v2\/posts\/4102","targetHints":{"allow":["GET"]}}],"collection":[{"href":"https:\/\/agenciainfra.com\/blog\/wp-json\/wp\/v2\/posts"}],"about":[{"href":"https:\/\/agenciainfra.com\/blog\/wp-json\/wp\/v2\/types\/post"}],"author":[{"embeddable":true,"href":"https:\/\/agenciainfra.com\/blog\/wp-json\/wp\/v2\/users\/9"}],"replies":[{"embeddable":true,"href":"https:\/\/agenciainfra.com\/blog\/wp-json\/wp\/v2\/comments?post=4102"}],"version-history":[{"count":0,"href":"https:\/\/agenciainfra.com\/blog\/wp-json\/wp\/v2\/posts\/4102\/revisions"}],"wp:featuredmedia":[{"embeddable":true,"href":"https:\/\/agenciainfra.com\/blog\/wp-json\/wp\/v2\/media\/3337"}],"wp:attachment":[{"href":"https:\/\/agenciainfra.com\/blog\/wp-json\/wp\/v2\/media?parent=4102"}],"wp:term":[{"taxonomy":"category","embeddable":true,"href":"https:\/\/agenciainfra.com\/blog\/wp-json\/wp\/v2\/categories?post=4102"},{"taxonomy":"post_tag","embeddable":true,"href":"https:\/\/agenciainfra.com\/blog\/wp-json\/wp\/v2\/tags?post=4102"}],"curies":[{"name":"wp","href":"https:\/\/api.w.org\/{rel}","templated":true}]}}