{"id":4108,"date":"2019-12-07T08:00:21","date_gmt":"2019-12-07T11:00:21","guid":{"rendered":"http:\/\/www.agenciainfra.com\/blog\/?p=4108"},"modified":"2019-12-05T11:28:58","modified_gmt":"2019-12-05T14:28:58","slug":"empresas-aereas-criticam-politicas-de-precos-da-petrobras-para-combustivel-de-aviacao","status":"publish","type":"post","link":"https:\/\/agenciainfra.com\/blog\/empresas-aereas-criticam-politicas-de-precos-da-petrobras-para-combustivel-de-aviacao\/","title":{"rendered":"Empresas a\u00e9reas criticam pol\u00edticas de pre\u00e7os da Petrobras para combust\u00edvel de avia\u00e7\u00e3o"},"content":{"rendered":"<div>\n<h5 style=\"text-align: right;\"><strong>Tales Silveira, da\u00a0Ag\u00eancia iNFRA<\/strong><\/h5>\n<p>A pol\u00edtica de pre\u00e7os adotada pela Petrobras foi motivo de queixa por parte das associa\u00e7\u00f5es que representam as empresas a\u00e9reas no pa\u00eds. As reclama\u00e7\u00f5es aconteceram durante audi\u00eancia p\u00fablica da CVT (Comiss\u00e3o de Via\u00e7\u00e3o e Transportes) realizada na \u00faltima ter\u00e7a-feira (3).<\/p>\n<p>De acordo com o diretor-executivo da ALTA (Associa\u00e7\u00e3o Latino-Americana de Transporte) e representante da ABEAR (Associa\u00e7\u00e3o Brasileira das Empresas A\u00e9reas), Lu\u00eds Felipe de Oliveira, o pre\u00e7o final do QAV (Querosene de Avia\u00e7\u00e3o) cobrado no Brasil, al\u00e9m de n\u00e3o possuir um c\u00e1lculo transparente, \u00e9 muito maior do que no exterior, que j\u00e1 possui margem de lucros e custo de refino inclu\u00eddos.<\/p>\n<p>\u201cNo mundo, o QAV representa, em m\u00e9dia, 23% dos custos operacionais de uma empresa a\u00e9rea, mas no Brasil esse \u00edndice supera 30%, o que gera despesas adicionais para voos em nosso pa\u00eds. O pre\u00e7o do combust\u00edvel na sa\u00edda nas refinarias brasileiras \u00e9 calculado de forma desconhecida\u201d, disse Oliveira.<\/p>\n<p>A fala\u00a0de Oliveira foi corroborada pelo diretor-adjunto para combust\u00edveis comerciais da IATA (Associa\u00e7\u00e3o Internacional de Transporte A\u00e9reo), Daniel Chereau.<\/p>\n<p>\u201c\u00c9 importante conhecer melhor os m\u00e9todos de c\u00e1lculo dos pre\u00e7os de combust\u00edvel de avia\u00e7\u00e3o no pa\u00eds, al\u00e9m de promover a concorr\u00eancia nos mercados de suprimento, transporte e abastecimento dos avi\u00f5es\u201d, afirmou.<\/p>\n<p><strong>Reivindica\u00e7\u00f5es<\/strong><br \/>\nDe acordo com as empresas, no Brasil, o pre\u00e7o final do produto cobrado \u00e9 acrescido de fretes e taxas de nacionaliza\u00e7\u00e3o, armazenamento e seguro. O QAV sofre ainda a incid\u00eancia de outros tributos como PIS e COFINS (2% do pre\u00e7o final), al\u00e9m do ICMS (que varia de 12% a 15%).<\/p>\n<p>A solu\u00e7\u00e3o, apontada por Oliveira, seria que a Petrobras praticasse, assim como a Am\u00e9rica Latina e o Caribe, os seus valores de acordo com os pre\u00e7os praticados no Golfo do M\u00e9xico.<\/p>\n<p>\u201cN\u00e3o estamos buscando subs\u00eddio algum e acreditamos que o pre\u00e7o do QAV tem que seguir de acordo com os mercados internacionais. O que queremos \u00e9 que fosse aplicado o pre\u00e7o de refinaria do Golfo dentro do Brasil, onde o produto \u00e9 realmente produzido, e nas regi\u00f5es onde ele \u00e9 importado o pre\u00e7o tamb\u00e9m fosse.\u201d<\/p>\n<p><strong>Petrobras responde<\/strong><br \/>\nSegundo o gerente de comercializa\u00e7\u00e3o no mercado interno da Petrobras, Cl\u00e1udio Mastella, a empresa segue a l\u00f3gica internacional de oferta e demanda para precifica\u00e7\u00e3o do QAV. \u201cA gente entende que o pre\u00e7o e a l\u00f3gica de precifica\u00e7\u00e3o que a gente pratica s\u00e3o justos, na medida que est\u00e3o em equil\u00edbrio com o mercado internacional.\u201d<\/p>\n<p>Mastella apontou ainda que a pol\u00edtica de pre\u00e7os da Petrobras para o QAV vendido \u00e0s companhias distribuidoras baseia-se nas varia\u00e7\u00f5es de mercado e na taxa de c\u00e2mbio. Al\u00e9m disso, a empresa cria uma esp\u00e9cie de estabilidade mensal para diminuir a oscila\u00e7\u00e3o no mercado.<\/p>\n<p>\u201cEfetivamente, o c\u00e2mbio tem uma influ\u00eancia nos pre\u00e7os praticados no diesel, gasolina e querosene no Brasil. A diferen\u00e7a \u00e9 que, no caso de querosene, a gente vem praticando pre\u00e7os com estabilidade mensal. Isso foi uma tentativa nossa de dar um pouco mais de estabilidade para que o mercado n\u00e3o tenha um movimento t\u00e3o nervoso\u201d, explicou.<\/p>\n<p>Tamb\u00e9m estavam presentes na audi\u00eancia representantes do Minist\u00e9rio de Minas e Energia, da ANP (Ag\u00eancia Nacional do Petr\u00f3leo, G\u00e1s Natural e Biocombust\u00edveis) e da Abag (Associa\u00e7\u00e3o Brasileira de Avia\u00e7\u00e3o Geral).<\/p>\n<\/div>\n","protected":false},"excerpt":{"rendered":"<p>Tales Silveira, da\u00a0Ag\u00eancia iNFRA A pol\u00edtica de pre\u00e7os adotada pela Petrobras foi motivo de queixa por parte das associa\u00e7\u00f5es que representam as empresas a\u00e9reas no pa\u00eds. As reclama\u00e7\u00f5es aconteceram durante audi\u00eancia p\u00fablica da CVT (Comiss\u00e3o de Via\u00e7\u00e3o e Transportes) realizada na \u00faltima ter\u00e7a-feira (3). De acordo com o diretor-executivo da ALTA (Associa\u00e7\u00e3o Latino-Americana de Transporte) [&hellip;]<\/p>\n","protected":false},"author":9,"featured_media":4109,"comment_status":"closed","ping_status":"closed","sticky":false,"template":"","format":"standard","meta":{"_monsterinsights_skip_tracking":false,"_monsterinsights_sitenote_active":false,"_monsterinsights_sitenote_note":"","_monsterinsights_sitenote_category":0,"footnotes":""},"categories":[7],"tags":[1393,1513,1516,878,1515,1390,1514,143,1512],"class_list":["post-4108","post","type-post","status-publish","format-standard","has-post-thumbnail","hentry","category-infratransporte","tag-abear","tag-alta","tag-claudio-mastella","tag-combustivel-de-aviacao","tag-daniel-chereau","tag-iata","tag-luis-felipe-de-oliveira","tag-petrobras","tag-qav"],"yoast_head":"<!-- This site is optimized with the Yoast SEO Premium plugin v25.4 (Yoast SEO v26.0) - https:\/\/yoast.com\/wordpress\/plugins\/seo\/ -->\n<title>Empresas a\u00e9reas criticam pol\u00edticas de pre\u00e7os da Petrobras para combust\u00edvel de avia\u00e7\u00e3o - Ag\u00eancia iNFRA<\/title>\n<meta name=\"robots\" content=\"index, follow, max-snippet:-1, max-image-preview:large, max-video-preview:-1\" \/>\n<link rel=\"canonical\" href=\"https:\/\/agenciainfra.com\/blog\/empresas-aereas-criticam-politicas-de-precos-da-petrobras-para-combustivel-de-aviacao\/\" \/>\n<meta property=\"og:locale\" content=\"pt_BR\" \/>\n<meta property=\"og:type\" content=\"article\" \/>\n<meta property=\"og:title\" content=\"Empresas a\u00e9reas criticam pol\u00edticas de pre\u00e7os da Petrobras para combust\u00edvel de avia\u00e7\u00e3o\" \/>\n<meta property=\"og:description\" content=\"Tales Silveira, da\u00a0Ag\u00eancia iNFRA A pol\u00edtica de pre\u00e7os adotada pela Petrobras foi motivo de queixa por parte das associa\u00e7\u00f5es que representam as empresas a\u00e9reas no pa\u00eds. As reclama\u00e7\u00f5es aconteceram durante audi\u00eancia p\u00fablica da CVT (Comiss\u00e3o de Via\u00e7\u00e3o e Transportes) realizada na \u00faltima ter\u00e7a-feira (3). De acordo com o diretor-executivo da ALTA (Associa\u00e7\u00e3o Latino-Americana de Transporte) [&hellip;]\" \/>\n<meta property=\"og:url\" content=\"https:\/\/agenciainfra.com\/blog\/empresas-aereas-criticam-politicas-de-precos-da-petrobras-para-combustivel-de-aviacao\/\" \/>\n<meta property=\"og:site_name\" content=\"Ag\u00eancia iNFRA\" \/>\n<meta property=\"article:publisher\" content=\"https:\/\/www.facebook.com\/ageninfra\" \/>\n<meta property=\"article:published_time\" content=\"2019-12-07T11:00:21+00:00\" \/>\n<meta property=\"og:image\" content=\"https:\/\/agenciainfra.com\/blog\/wp-content\/uploads\/2019\/12\/qav-combustivel-aviacao-petrobras-divulgacao.jpeg\" \/>\n\t<meta property=\"og:image:width\" content=\"860\" \/>\n\t<meta property=\"og:image:height\" content=\"570\" \/>\n\t<meta property=\"og:image:type\" content=\"image\/jpeg\" \/>\n<meta name=\"author\" content=\"Rodrigo Zuquim\" \/>\n<meta name=\"twitter:card\" content=\"summary_large_image\" \/>\n<meta name=\"twitter:creator\" content=\"@agencia_infra\" \/>\n<meta name=\"twitter:site\" content=\"@agencia_infra\" \/>\n<meta name=\"twitter:label1\" content=\"Escrito por\" \/>\n\t<meta name=\"twitter:data1\" content=\"Rodrigo Zuquim\" \/>\n\t<meta name=\"twitter:label2\" content=\"Est. tempo de leitura\" \/>\n\t<meta name=\"twitter:data2\" content=\"3 minutos\" \/>\n<script type=\"application\/ld+json\" class=\"yoast-schema-graph\">{\"@context\":\"https:\/\/schema.org\",\"@graph\":[{\"@type\":\"Article\",\"@id\":\"https:\/\/agenciainfra.com\/blog\/empresas-aereas-criticam-politicas-de-precos-da-petrobras-para-combustivel-de-aviacao\/#article\",\"isPartOf\":{\"@id\":\"https:\/\/agenciainfra.com\/blog\/empresas-aereas-criticam-politicas-de-precos-da-petrobras-para-combustivel-de-aviacao\/\"},\"author\":{\"name\":\"Rodrigo Zuquim\",\"@id\":\"https:\/\/agenciainfra.com\/blog\/#\/schema\/person\/04dbb79bd6d8951f063da71f3e4c1eb1\"},\"headline\":\"Empresas a\u00e9reas criticam pol\u00edticas de pre\u00e7os da Petrobras para combust\u00edvel de avia\u00e7\u00e3o\",\"datePublished\":\"2019-12-07T11:00:21+00:00\",\"mainEntityOfPage\":{\"@id\":\"https:\/\/agenciainfra.com\/blog\/empresas-aereas-criticam-politicas-de-precos-da-petrobras-para-combustivel-de-aviacao\/\"},\"wordCount\":616,\"publisher\":{\"@id\":\"https:\/\/agenciainfra.com\/blog\/#organization\"},\"image\":{\"@id\":\"https:\/\/agenciainfra.com\/blog\/empresas-aereas-criticam-politicas-de-precos-da-petrobras-para-combustivel-de-aviacao\/#primaryimage\"},\"thumbnailUrl\":\"https:\/\/agenciainfra.com\/blog\/wp-content\/uploads\/2019\/12\/qav-combustivel-aviacao-petrobras-divulgacao.jpeg\",\"keywords\":[\"Abear\",\"ALTA\",\"Cl\u00e1udio Mastella\",\"combust\u00edvel de avia\u00e7\u00e3o\",\"Daniel Chereau\",\"IATA\",\"Lu\u00eds Felipe de Oliveira\",\"Petrobras\",\"QAV\"],\"articleSection\":[\"iNFRATransporte\"],\"inLanguage\":\"pt-BR\",\"copyrightYear\":\"2019\",\"copyrightHolder\":{\"@id\":\"https:\/\/agenciainfra.com\/blog\/#organization\"}},{\"@type\":\"WebPage\",\"@id\":\"https:\/\/agenciainfra.com\/blog\/empresas-aereas-criticam-politicas-de-precos-da-petrobras-para-combustivel-de-aviacao\/\",\"url\":\"https:\/\/agenciainfra.com\/blog\/empresas-aereas-criticam-politicas-de-precos-da-petrobras-para-combustivel-de-aviacao\/\",\"name\":\"Empresas a\u00e9reas criticam pol\u00edticas de pre\u00e7os da Petrobras para combust\u00edvel de avia\u00e7\u00e3o - Ag\u00eancia iNFRA\",\"isPartOf\":{\"@id\":\"https:\/\/agenciainfra.com\/blog\/#website\"},\"primaryImageOfPage\":{\"@id\":\"https:\/\/agenciainfra.com\/blog\/empresas-aereas-criticam-politicas-de-precos-da-petrobras-para-combustivel-de-aviacao\/#primaryimage\"},\"image\":{\"@id\":\"https:\/\/agenciainfra.com\/blog\/empresas-aereas-criticam-politicas-de-precos-da-petrobras-para-combustivel-de-aviacao\/#primaryimage\"},\"thumbnailUrl\":\"https:\/\/agenciainfra.com\/blog\/wp-content\/uploads\/2019\/12\/qav-combustivel-aviacao-petrobras-divulgacao.jpeg\",\"datePublished\":\"2019-12-07T11:00:21+00:00\",\"breadcrumb\":{\"@id\":\"https:\/\/agenciainfra.com\/blog\/empresas-aereas-criticam-politicas-de-precos-da-petrobras-para-combustivel-de-aviacao\/#breadcrumb\"},\"inLanguage\":\"pt-BR\",\"potentialAction\":[{\"@type\":\"ReadAction\",\"target\":[\"https:\/\/agenciainfra.com\/blog\/empresas-aereas-criticam-politicas-de-precos-da-petrobras-para-combustivel-de-aviacao\/\"]}]},{\"@type\":\"ImageObject\",\"inLanguage\":\"pt-BR\",\"@id\":\"https:\/\/agenciainfra.com\/blog\/empresas-aereas-criticam-politicas-de-precos-da-petrobras-para-combustivel-de-aviacao\/#primaryimage\",\"url\":\"https:\/\/agenciainfra.com\/blog\/wp-content\/uploads\/2019\/12\/qav-combustivel-aviacao-petrobras-divulgacao.jpeg\",\"contentUrl\":\"https:\/\/agenciainfra.com\/blog\/wp-content\/uploads\/2019\/12\/qav-combustivel-aviacao-petrobras-divulgacao.jpeg\",\"width\":860,\"height\":570},{\"@type\":\"BreadcrumbList\",\"@id\":\"https:\/\/agenciainfra.com\/blog\/empresas-aereas-criticam-politicas-de-precos-da-petrobras-para-combustivel-de-aviacao\/#breadcrumb\",\"itemListElement\":[{\"@type\":\"ListItem\",\"position\":1,\"name\":\"In\u00edcio\",\"item\":\"https:\/\/agenciainfra.com\/blog\/\"},{\"@type\":\"ListItem\",\"position\":2,\"name\":\"Empresas a\u00e9reas criticam pol\u00edticas de pre\u00e7os da Petrobras para combust\u00edvel de avia\u00e7\u00e3o\"}]},{\"@type\":\"WebSite\",\"@id\":\"https:\/\/agenciainfra.com\/blog\/#website\",\"url\":\"https:\/\/agenciainfra.com\/blog\/\",\"name\":\"Ag\u00eancia iNFRA\",\"description\":\"Multiplataforma de informa\u00e7\u00e3o jornal\u00edstica refer\u00eancia na \u00e1rea de infraestrutura no Brasil!\",\"publisher\":{\"@id\":\"https:\/\/agenciainfra.com\/blog\/#organization\"},\"potentialAction\":[{\"@type\":\"SearchAction\",\"target\":{\"@type\":\"EntryPoint\",\"urlTemplate\":\"https:\/\/agenciainfra.com\/blog\/?s={search_term_string}\"},\"query-input\":{\"@type\":\"PropertyValueSpecification\",\"valueRequired\":true,\"valueName\":\"search_term_string\"}}],\"inLanguage\":\"pt-BR\"},{\"@type\":\"Organization\",\"@id\":\"https:\/\/agenciainfra.com\/blog\/#organization\",\"name\":\"Ag\u00eancia iNFRA\",\"url\":\"https:\/\/agenciainfra.com\/blog\/\",\"logo\":{\"@type\":\"ImageObject\",\"inLanguage\":\"pt-BR\",\"@id\":\"https:\/\/agenciainfra.com\/blog\/#\/schema\/logo\/image\/\",\"url\":\"https:\/\/agenciainfra.com\/blog\/wp-content\/uploads\/2023\/09\/iNFRA_5-e1761735885940.png\",\"contentUrl\":\"https:\/\/agenciainfra.com\/blog\/wp-content\/uploads\/2023\/09\/iNFRA_5-e1761735885940.png\",\"width\":1672,\"height\":454,\"caption\":\"Ag\u00eancia iNFRA\"},\"image\":{\"@id\":\"https:\/\/agenciainfra.com\/blog\/#\/schema\/logo\/image\/\"},\"sameAs\":[\"https:\/\/www.facebook.com\/ageninfra\",\"https:\/\/x.com\/agencia_infra\",\"https:\/\/www.linkedin.com\/company\/ag\u00eanciainfra\/\",\"https:\/\/www.instagram.com\/agenciainfra\/\"]},{\"@type\":\"Person\",\"@id\":\"https:\/\/agenciainfra.com\/blog\/#\/schema\/person\/04dbb79bd6d8951f063da71f3e4c1eb1\",\"name\":\"Rodrigo Zuquim\",\"image\":{\"@type\":\"ImageObject\",\"inLanguage\":\"pt-BR\",\"@id\":\"https:\/\/agenciainfra.com\/blog\/#\/schema\/person\/image\/\",\"url\":\"https:\/\/secure.gravatar.com\/avatar\/594abfe82761d620726242ff34ca472a705a4b97f16c790053a6b4c4035274d0?s=96&d=mm&r=g\",\"contentUrl\":\"https:\/\/secure.gravatar.com\/avatar\/594abfe82761d620726242ff34ca472a705a4b97f16c790053a6b4c4035274d0?s=96&d=mm&r=g\",\"caption\":\"Rodrigo Zuquim\"},\"url\":\"https:\/\/agenciainfra.com\/blog\/author\/rodrigo-zuquim\/\"}]}<\/script>\n<!-- \/ Yoast SEO Premium plugin. -->","yoast_head_json":{"title":"Empresas a\u00e9reas criticam pol\u00edticas de pre\u00e7os da Petrobras para combust\u00edvel de avia\u00e7\u00e3o - Ag\u00eancia iNFRA","robots":{"index":"index","follow":"follow","max-snippet":"max-snippet:-1","max-image-preview":"max-image-preview:large","max-video-preview":"max-video-preview:-1"},"canonical":"https:\/\/agenciainfra.com\/blog\/empresas-aereas-criticam-politicas-de-precos-da-petrobras-para-combustivel-de-aviacao\/","og_locale":"pt_BR","og_type":"article","og_title":"Empresas a\u00e9reas criticam pol\u00edticas de pre\u00e7os da Petrobras para combust\u00edvel de avia\u00e7\u00e3o","og_description":"Tales Silveira, da\u00a0Ag\u00eancia iNFRA A pol\u00edtica de pre\u00e7os adotada pela Petrobras foi motivo de queixa por parte das associa\u00e7\u00f5es que representam as empresas a\u00e9reas no pa\u00eds. As reclama\u00e7\u00f5es aconteceram durante audi\u00eancia p\u00fablica da CVT (Comiss\u00e3o de Via\u00e7\u00e3o e Transportes) realizada na \u00faltima ter\u00e7a-feira (3). De acordo com o diretor-executivo da ALTA (Associa\u00e7\u00e3o Latino-Americana de Transporte) [&hellip;]","og_url":"https:\/\/agenciainfra.com\/blog\/empresas-aereas-criticam-politicas-de-precos-da-petrobras-para-combustivel-de-aviacao\/","og_site_name":"Ag\u00eancia iNFRA","article_publisher":"https:\/\/www.facebook.com\/ageninfra","article_published_time":"2019-12-07T11:00:21+00:00","og_image":[{"width":860,"height":570,"url":"https:\/\/agenciainfra.com\/blog\/wp-content\/uploads\/2019\/12\/qav-combustivel-aviacao-petrobras-divulgacao.jpeg","type":"image\/jpeg"}],"author":"Rodrigo Zuquim","twitter_card":"summary_large_image","twitter_creator":"@agencia_infra","twitter_site":"@agencia_infra","twitter_misc":{"Escrito por":"Rodrigo Zuquim","Est. tempo de leitura":"3 minutos"},"schema":{"@context":"https:\/\/schema.org","@graph":[{"@type":"Article","@id":"https:\/\/agenciainfra.com\/blog\/empresas-aereas-criticam-politicas-de-precos-da-petrobras-para-combustivel-de-aviacao\/#article","isPartOf":{"@id":"https:\/\/agenciainfra.com\/blog\/empresas-aereas-criticam-politicas-de-precos-da-petrobras-para-combustivel-de-aviacao\/"},"author":{"name":"Rodrigo Zuquim","@id":"https:\/\/agenciainfra.com\/blog\/#\/schema\/person\/04dbb79bd6d8951f063da71f3e4c1eb1"},"headline":"Empresas a\u00e9reas criticam pol\u00edticas de pre\u00e7os da Petrobras para combust\u00edvel de avia\u00e7\u00e3o","datePublished":"2019-12-07T11:00:21+00:00","mainEntityOfPage":{"@id":"https:\/\/agenciainfra.com\/blog\/empresas-aereas-criticam-politicas-de-precos-da-petrobras-para-combustivel-de-aviacao\/"},"wordCount":616,"publisher":{"@id":"https:\/\/agenciainfra.com\/blog\/#organization"},"image":{"@id":"https:\/\/agenciainfra.com\/blog\/empresas-aereas-criticam-politicas-de-precos-da-petrobras-para-combustivel-de-aviacao\/#primaryimage"},"thumbnailUrl":"https:\/\/agenciainfra.com\/blog\/wp-content\/uploads\/2019\/12\/qav-combustivel-aviacao-petrobras-divulgacao.jpeg","keywords":["Abear","ALTA","Cl\u00e1udio Mastella","combust\u00edvel de avia\u00e7\u00e3o","Daniel Chereau","IATA","Lu\u00eds Felipe de Oliveira","Petrobras","QAV"],"articleSection":["iNFRATransporte"],"inLanguage":"pt-BR","copyrightYear":"2019","copyrightHolder":{"@id":"https:\/\/agenciainfra.com\/blog\/#organization"}},{"@type":"WebPage","@id":"https:\/\/agenciainfra.com\/blog\/empresas-aereas-criticam-politicas-de-precos-da-petrobras-para-combustivel-de-aviacao\/","url":"https:\/\/agenciainfra.com\/blog\/empresas-aereas-criticam-politicas-de-precos-da-petrobras-para-combustivel-de-aviacao\/","name":"Empresas a\u00e9reas criticam pol\u00edticas de pre\u00e7os da Petrobras para combust\u00edvel de avia\u00e7\u00e3o - Ag\u00eancia iNFRA","isPartOf":{"@id":"https:\/\/agenciainfra.com\/blog\/#website"},"primaryImageOfPage":{"@id":"https:\/\/agenciainfra.com\/blog\/empresas-aereas-criticam-politicas-de-precos-da-petrobras-para-combustivel-de-aviacao\/#primaryimage"},"image":{"@id":"https:\/\/agenciainfra.com\/blog\/empresas-aereas-criticam-politicas-de-precos-da-petrobras-para-combustivel-de-aviacao\/#primaryimage"},"thumbnailUrl":"https:\/\/agenciainfra.com\/blog\/wp-content\/uploads\/2019\/12\/qav-combustivel-aviacao-petrobras-divulgacao.jpeg","datePublished":"2019-12-07T11:00:21+00:00","breadcrumb":{"@id":"https:\/\/agenciainfra.com\/blog\/empresas-aereas-criticam-politicas-de-precos-da-petrobras-para-combustivel-de-aviacao\/#breadcrumb"},"inLanguage":"pt-BR","potentialAction":[{"@type":"ReadAction","target":["https:\/\/agenciainfra.com\/blog\/empresas-aereas-criticam-politicas-de-precos-da-petrobras-para-combustivel-de-aviacao\/"]}]},{"@type":"ImageObject","inLanguage":"pt-BR","@id":"https:\/\/agenciainfra.com\/blog\/empresas-aereas-criticam-politicas-de-precos-da-petrobras-para-combustivel-de-aviacao\/#primaryimage","url":"https:\/\/agenciainfra.com\/blog\/wp-content\/uploads\/2019\/12\/qav-combustivel-aviacao-petrobras-divulgacao.jpeg","contentUrl":"https:\/\/agenciainfra.com\/blog\/wp-content\/uploads\/2019\/12\/qav-combustivel-aviacao-petrobras-divulgacao.jpeg","width":860,"height":570},{"@type":"BreadcrumbList","@id":"https:\/\/agenciainfra.com\/blog\/empresas-aereas-criticam-politicas-de-precos-da-petrobras-para-combustivel-de-aviacao\/#breadcrumb","itemListElement":[{"@type":"ListItem","position":1,"name":"In\u00edcio","item":"https:\/\/agenciainfra.com\/blog\/"},{"@type":"ListItem","position":2,"name":"Empresas a\u00e9reas criticam pol\u00edticas de pre\u00e7os da Petrobras para combust\u00edvel de avia\u00e7\u00e3o"}]},{"@type":"WebSite","@id":"https:\/\/agenciainfra.com\/blog\/#website","url":"https:\/\/agenciainfra.com\/blog\/","name":"Ag\u00eancia iNFRA","description":"Multiplataforma de informa\u00e7\u00e3o jornal\u00edstica refer\u00eancia na \u00e1rea de infraestrutura no Brasil!","publisher":{"@id":"https:\/\/agenciainfra.com\/blog\/#organization"},"potentialAction":[{"@type":"SearchAction","target":{"@type":"EntryPoint","urlTemplate":"https:\/\/agenciainfra.com\/blog\/?s={search_term_string}"},"query-input":{"@type":"PropertyValueSpecification","valueRequired":true,"valueName":"search_term_string"}}],"inLanguage":"pt-BR"},{"@type":"Organization","@id":"https:\/\/agenciainfra.com\/blog\/#organization","name":"Ag\u00eancia iNFRA","url":"https:\/\/agenciainfra.com\/blog\/","logo":{"@type":"ImageObject","inLanguage":"pt-BR","@id":"https:\/\/agenciainfra.com\/blog\/#\/schema\/logo\/image\/","url":"https:\/\/agenciainfra.com\/blog\/wp-content\/uploads\/2023\/09\/iNFRA_5-e1761735885940.png","contentUrl":"https:\/\/agenciainfra.com\/blog\/wp-content\/uploads\/2023\/09\/iNFRA_5-e1761735885940.png","width":1672,"height":454,"caption":"Ag\u00eancia iNFRA"},"image":{"@id":"https:\/\/agenciainfra.com\/blog\/#\/schema\/logo\/image\/"},"sameAs":["https:\/\/www.facebook.com\/ageninfra","https:\/\/x.com\/agencia_infra","https:\/\/www.linkedin.com\/company\/ag\u00eanciainfra\/","https:\/\/www.instagram.com\/agenciainfra\/"]},{"@type":"Person","@id":"https:\/\/agenciainfra.com\/blog\/#\/schema\/person\/04dbb79bd6d8951f063da71f3e4c1eb1","name":"Rodrigo Zuquim","image":{"@type":"ImageObject","inLanguage":"pt-BR","@id":"https:\/\/agenciainfra.com\/blog\/#\/schema\/person\/image\/","url":"https:\/\/secure.gravatar.com\/avatar\/594abfe82761d620726242ff34ca472a705a4b97f16c790053a6b4c4035274d0?s=96&d=mm&r=g","contentUrl":"https:\/\/secure.gravatar.com\/avatar\/594abfe82761d620726242ff34ca472a705a4b97f16c790053a6b4c4035274d0?s=96&d=mm&r=g","caption":"Rodrigo Zuquim"},"url":"https:\/\/agenciainfra.com\/blog\/author\/rodrigo-zuquim\/"}]}},"_links":{"self":[{"href":"https:\/\/agenciainfra.com\/blog\/wp-json\/wp\/v2\/posts\/4108","targetHints":{"allow":["GET"]}}],"collection":[{"href":"https:\/\/agenciainfra.com\/blog\/wp-json\/wp\/v2\/posts"}],"about":[{"href":"https:\/\/agenciainfra.com\/blog\/wp-json\/wp\/v2\/types\/post"}],"author":[{"embeddable":true,"href":"https:\/\/agenciainfra.com\/blog\/wp-json\/wp\/v2\/users\/9"}],"replies":[{"embeddable":true,"href":"https:\/\/agenciainfra.com\/blog\/wp-json\/wp\/v2\/comments?post=4108"}],"version-history":[{"count":0,"href":"https:\/\/agenciainfra.com\/blog\/wp-json\/wp\/v2\/posts\/4108\/revisions"}],"wp:featuredmedia":[{"embeddable":true,"href":"https:\/\/agenciainfra.com\/blog\/wp-json\/wp\/v2\/media\/4109"}],"wp:attachment":[{"href":"https:\/\/agenciainfra.com\/blog\/wp-json\/wp\/v2\/media?parent=4108"}],"wp:term":[{"taxonomy":"category","embeddable":true,"href":"https:\/\/agenciainfra.com\/blog\/wp-json\/wp\/v2\/categories?post=4108"},{"taxonomy":"post_tag","embeddable":true,"href":"https:\/\/agenciainfra.com\/blog\/wp-json\/wp\/v2\/tags?post=4108"}],"curies":[{"name":"wp","href":"https:\/\/api.w.org\/{rel}","templated":true}]}}