{"id":4134,"date":"2019-12-11T08:00:56","date_gmt":"2019-12-11T11:00:56","guid":{"rendered":"http:\/\/www.agenciainfra.com\/blog\/?p=4134"},"modified":"2019-12-10T07:50:08","modified_gmt":"2019-12-10T10:50:08","slug":"fazenda-do-rj-diz-nao-ter-sido-consultada-sobre-mudanca-de-icms-de-combustivel-da-cabotagem","status":"publish","type":"post","link":"https:\/\/agenciainfra.com\/blog\/fazenda-do-rj-diz-nao-ter-sido-consultada-sobre-mudanca-de-icms-de-combustivel-da-cabotagem\/","title":{"rendered":"Fazenda do RJ diz n\u00e3o ter sido consultada sobre mudan\u00e7a de ICMS de combust\u00edvel da cabotagem"},"content":{"rendered":"<div>\n<h5 style=\"text-align: right;\"><strong>Dimmi Amora, da\u00a0Ag\u00eancia iNFRA<\/strong><\/h5>\n<p>O subsecret\u00e1rio de Fazenda do Governo do Rio de Janeiro, Thompson Lemos, afirmou que, at\u00e9 o momento, o governo do estado ainda n\u00e3o recebeu qualquer consulta de representantes do governo federal sobre a possibilidade de isentar o ICMS do bunker (combust\u00edvel de navega\u00e7\u00e3o) para navega\u00e7\u00e3o de cabotagem, uma das proposta do programa BR do Mar.<\/p>\n<p>\u201cAt\u00e9 agora, o que sabemos sobre isso \u00e9 pelos jornais\u201d, afirmou o subsecret\u00e1rio que participou do evento Cabotagem para Usu\u00e1rios, realizado no Rio de Janeiro nesta segunda-feira (9) pela Usuport-RJ (Associa\u00e7\u00e3o dos Usu\u00e1rios de Portos), com apoio da\u00a0<strong>Ag\u00eancia iNFRA<\/strong>.<\/p>\n<p>O Rio \u00e9 o segundo estado onde mais se vende esse tipo de combust\u00edvel no pa\u00eds, atr\u00e1s apenas de S\u00e3o Paulo. O ICMS \u00e9 cobrado apenas de navios brasileiros operando na cabotagem. Navios estrangeiros, mesmo fazendo o mesmo tipo de transporte, n\u00e3o pagam esse imposto, o que tem sido a reclama\u00e7\u00e3o das empresas brasileiras de navega\u00e7\u00e3o.<\/p>\n<p>O governo prometeu rever esse crit\u00e9rio e passar a cumprir a lei, que determina isonomia nessa cobran\u00e7a. Mas enfrenta dificuldades para tornar essa pol\u00edtica efetiva, visto que depende de decis\u00e3o do Confaz (Conselho Nacional de Pol\u00edtica Fazend\u00e1ria), que re\u00fane os secret\u00e1rios de Fazenda dos estados e precisa de unanimidade para tomar esse tipo de decis\u00e3o.<\/p>\n<p><strong>Recupera\u00e7\u00e3o Fiscal<\/strong><br \/>\nO subsecret\u00e1rio do Rio disse que no caso do estado h\u00e1 um problema adicional, j\u00e1 que, por estar em regime de recupera\u00e7\u00e3o fiscal, \u00e9 proibido pelo governo federal de dar isen\u00e7\u00e3o de impostos. Ele afirmou que \u00e9 poss\u00edvel fazer o c\u00e1lculo de perda e ganhos com essa isen\u00e7\u00e3o, mas isso ainda n\u00e3o ocorreu.<\/p>\n<p>A fala da Fazenda frustrou a expectativa criada pelo secret\u00e1rio de Transportes do estado, Delmo Pinho, que em sua fala na abertura pela manh\u00e3 alertou que o problema com ICMS era dif\u00edcil de solucionar, mas que estava disposto a \u201cabrir uma avenida\u201d para essa negocia\u00e7\u00e3o.<\/p>\n<p>Pinho alertou que o fato de o Brasil ter uma alta concentra\u00e7\u00e3o de mercado na cabotagem de carga geral e cont\u00eainer, com apenas tr\u00eas empresas detendo praticamente 100% do mercado, \u00e9 algo nocivo para a concorr\u00eancia. Mas que \u00e9 necess\u00e1rio pensar num planejamento log\u00edstico do pa\u00eds de melhor qualidade que o atual PNL (Plano Nacional de Log\u00edstica), contra o qual ele fez duras cr\u00edticas.<\/p>\n<p><strong>Relatora da MP<\/strong><br \/>\nA senadora K\u00e1tia Abreu (PDT-TO), que abriu o evento, afirmou que o ministro da Infraestrutura, Tarc\u00edsio de Freitas, sugeriu o nome dela para a relatoria de uma poss\u00edvel MP (medida provis\u00f3ria) sobre a cabotagem. A senadora lembrou que resolver o problema do bunker \u00e9 essencial para a redu\u00e7\u00e3o dos custos do setor, mas que isso s\u00f3 vai ocorrer se o governo negociar com RJ e SP alguma compensa\u00e7\u00e3o para as perdas.<\/p>\n<p>Abreu afirmou que j\u00e1 est\u00e1 preparada para apresentar emendas \u00e0 proposta que o governo apresentar, entre elas modifica\u00e7\u00f5es no AFRMM (Adicional de Frete da Marinha Mercante), que ela quer transformar num fundo de aval e acabar com a cobran\u00e7a; mudan\u00e7as no tratamento da Receita Federal \u00e0 cabotagem; suspens\u00e3o por sete anos da cobran\u00e7a de imposto para importa\u00e7\u00e3o de pe\u00e7as para navios brasileiros; e amplia\u00e7\u00e3o para permiss\u00e3o de navios com tripula\u00e7\u00e3o estrangeira.<\/p>\n<p>A senadora fez duras cr\u00edticas \u00e0 atua\u00e7\u00e3o das ag\u00eancias reguladoras de transportes do pa\u00eds, dizendo que elas permitem concentra\u00e7\u00e3o de mercado e que o TCU (Tribunal de Contas da Uni\u00e3o) \u00e9 quem tem que fazer o trabalho de criar os regulamentos para prote\u00e7\u00e3o dos usu\u00e1rios. Na vis\u00e3o dela, as ag\u00eancias precisam funcionar como uma esp\u00e9cie de Procon.<\/p>\n<p><strong>Pol\u00edticas P\u00fablicas<\/strong><br \/>\nO diretor da ANTAQ (Ag\u00eancia Nacional de Transportes Aquavi\u00e1rios) Adalberto Tokarski defendeu as decis\u00f5es da ag\u00eancia dizendo que, antes dos regulamentos, \u00e9 necess\u00e1rio que o governo elabore pol\u00edticas p\u00fablicas para a ag\u00eancia executar, o que nunca aconteceu no caso da cabotagem, por exemplo.<\/p>\n<p>Tokarski anunciou ainda que a ag\u00eancia est\u00e1 com novos regulamentos prontos para serem votados sobre o arrendamento simplificado de \u00e1reas portu\u00e1rias e sobre a padroniza\u00e7\u00e3o de rubricas de cobran\u00e7a aos usu\u00e1rios dos terminais portu\u00e1rios.<\/p>\n<p><strong>Programa Indefinido<\/strong><br \/>\nRepresentante do Minist\u00e9rio da Economia no evento, o secret\u00e1rio de Advocacia da Concorr\u00eancia da pasta, Cesar Mattos, afirmou que ainda n\u00e3o h\u00e1 uma defini\u00e7\u00e3o se haver\u00e1 um PL (projeto de lei) ou uma MP sobre o tema e que as discuss\u00f5es com a Infraestrutura sobre o lastro para afretamento de navios continuam. A Infraestrutura n\u00e3o mandou representante.<\/p>\n<p>Mattos disse que segue ainda mantendo a posi\u00e7\u00e3o de que o mercado deve ser todo aberto, sem que as empresas tenham que ter navios pr\u00f3prios para poder afretar navios de fora para o transporte no Brasil, o que para ele manteria a atual concentra\u00e7\u00e3o de mercado.<\/p>\n<p>A posi\u00e7\u00e3o da Fazenda de liberalizar a cabotagem, que hoje tem prote\u00e7\u00e3o para a constru\u00e7\u00e3o de navios no Brasil, foi duramente criticada pelo representante do Sinaval (Sindicado Nacional da Ind\u00fastria da Constru\u00e7\u00e3o e Repara\u00e7\u00e3o Naval e Offshore), S\u00e9rgio Bacci, que afirmou n\u00e3o estar havendo transpar\u00eancia no debate sobre o tema.<\/p>\n<p>Para ele, as medidas como anunciadas at\u00e9 o momento n\u00e3o v\u00e3o trazer benef\u00edcios aos usu\u00e1rios do transporte, al\u00e9m de irem na contram\u00e3o de outros pa\u00edses do mundo que protegem a ind\u00fastria naval local com barreiras e incentivos.<\/p>\n<\/div>\n","protected":false},"excerpt":{"rendered":"<p>Dimmi Amora, da\u00a0Ag\u00eancia iNFRA O subsecret\u00e1rio de Fazenda do Governo do Rio de Janeiro, Thompson Lemos, afirmou que, at\u00e9 o momento, o governo do estado ainda n\u00e3o recebeu qualquer consulta de representantes do governo federal sobre a possibilidade de isentar o ICMS do bunker (combust\u00edvel de navega\u00e7\u00e3o) para navega\u00e7\u00e3o de cabotagem, uma das proposta do [&hellip;]<\/p>\n","protected":false},"author":9,"featured_media":4135,"comment_status":"closed","ping_status":"closed","sticky":false,"template":"","format":"standard","meta":{"_monsterinsights_skip_tracking":false,"_monsterinsights_sitenote_active":false,"_monsterinsights_sitenote_note":"","_monsterinsights_sitenote_category":0,"footnotes":""},"categories":[7],"tags":[926,86,1245,1143,407,1296,1523,1521,1524,1526,1525,1522,1308],"class_list":["post-4134","post","type-post","status-publish","format-standard","has-post-thumbnail","hentry","category-infratransporte","tag-adalberto-tokarski","tag-antaq","tag-br-do-mar","tag-bunker","tag-cabotagem","tag-cesar-mattos","tag-delmo-pinho","tag-icms","tag-katia-abreu","tag-sergio-bacci","tag-sinaval","tag-thompson-lemos","tag-usuport-rj"],"yoast_head":"<!-- This site is optimized with the Yoast SEO Premium plugin v25.4 (Yoast SEO v26.0) - https:\/\/yoast.com\/wordpress\/plugins\/seo\/ -->\n<title>Fazenda do RJ diz n\u00e3o ter sido consultada sobre mudan\u00e7a de ICMS de combust\u00edvel da cabotagem - Ag\u00eancia iNFRA<\/title>\n<meta name=\"robots\" content=\"index, follow, max-snippet:-1, max-image-preview:large, max-video-preview:-1\" \/>\n<link rel=\"canonical\" href=\"https:\/\/agenciainfra.com\/blog\/fazenda-do-rj-diz-nao-ter-sido-consultada-sobre-mudanca-de-icms-de-combustivel-da-cabotagem\/\" \/>\n<meta property=\"og:locale\" content=\"pt_BR\" \/>\n<meta property=\"og:type\" content=\"article\" \/>\n<meta property=\"og:title\" content=\"Fazenda do RJ diz n\u00e3o ter sido consultada sobre mudan\u00e7a de ICMS de combust\u00edvel da cabotagem\" \/>\n<meta property=\"og:description\" content=\"Dimmi Amora, da\u00a0Ag\u00eancia iNFRA O subsecret\u00e1rio de Fazenda do Governo do Rio de Janeiro, Thompson Lemos, afirmou que, at\u00e9 o momento, o governo do estado ainda n\u00e3o recebeu qualquer consulta de representantes do governo federal sobre a possibilidade de isentar o ICMS do bunker (combust\u00edvel de navega\u00e7\u00e3o) para navega\u00e7\u00e3o de cabotagem, uma das proposta do [&hellip;]\" \/>\n<meta property=\"og:url\" content=\"https:\/\/agenciainfra.com\/blog\/fazenda-do-rj-diz-nao-ter-sido-consultada-sobre-mudanca-de-icms-de-combustivel-da-cabotagem\/\" \/>\n<meta property=\"og:site_name\" content=\"Ag\u00eancia iNFRA\" \/>\n<meta property=\"article:publisher\" content=\"https:\/\/www.facebook.com\/ageninfra\" \/>\n<meta property=\"article:published_time\" content=\"2019-12-11T11:00:56+00:00\" \/>\n<meta property=\"og:image\" content=\"https:\/\/agenciainfra.com\/blog\/wp-content\/uploads\/2019\/12\/divulgacao-governo-RJ.jpg\" \/>\n\t<meta property=\"og:image:width\" content=\"700\" \/>\n\t<meta property=\"og:image:height\" content=\"470\" \/>\n\t<meta property=\"og:image:type\" content=\"image\/jpeg\" \/>\n<meta name=\"author\" content=\"Rodrigo Zuquim\" \/>\n<meta name=\"twitter:card\" content=\"summary_large_image\" \/>\n<meta name=\"twitter:creator\" content=\"@agencia_infra\" \/>\n<meta name=\"twitter:site\" content=\"@agencia_infra\" \/>\n<meta name=\"twitter:label1\" content=\"Escrito por\" \/>\n\t<meta name=\"twitter:data1\" content=\"Rodrigo Zuquim\" \/>\n\t<meta name=\"twitter:label2\" content=\"Est. tempo de leitura\" \/>\n\t<meta name=\"twitter:data2\" content=\"5 minutos\" \/>\n<script type=\"application\/ld+json\" class=\"yoast-schema-graph\">{\"@context\":\"https:\/\/schema.org\",\"@graph\":[{\"@type\":\"Article\",\"@id\":\"https:\/\/agenciainfra.com\/blog\/fazenda-do-rj-diz-nao-ter-sido-consultada-sobre-mudanca-de-icms-de-combustivel-da-cabotagem\/#article\",\"isPartOf\":{\"@id\":\"https:\/\/agenciainfra.com\/blog\/fazenda-do-rj-diz-nao-ter-sido-consultada-sobre-mudanca-de-icms-de-combustivel-da-cabotagem\/\"},\"author\":{\"name\":\"Rodrigo Zuquim\",\"@id\":\"https:\/\/agenciainfra.com\/blog\/#\/schema\/person\/04dbb79bd6d8951f063da71f3e4c1eb1\"},\"headline\":\"Fazenda do RJ diz n\u00e3o ter sido consultada sobre mudan\u00e7a de ICMS de combust\u00edvel da cabotagem\",\"datePublished\":\"2019-12-11T11:00:56+00:00\",\"mainEntityOfPage\":{\"@id\":\"https:\/\/agenciainfra.com\/blog\/fazenda-do-rj-diz-nao-ter-sido-consultada-sobre-mudanca-de-icms-de-combustivel-da-cabotagem\/\"},\"wordCount\":969,\"publisher\":{\"@id\":\"https:\/\/agenciainfra.com\/blog\/#organization\"},\"image\":{\"@id\":\"https:\/\/agenciainfra.com\/blog\/fazenda-do-rj-diz-nao-ter-sido-consultada-sobre-mudanca-de-icms-de-combustivel-da-cabotagem\/#primaryimage\"},\"thumbnailUrl\":\"https:\/\/agenciainfra.com\/blog\/wp-content\/uploads\/2019\/12\/divulgacao-governo-RJ.jpg\",\"keywords\":[\"Adalberto Tokarski\",\"ANTAQ\",\"BR do Mar\",\"bunker\",\"cabotagem\",\"C\u00e9sar Mattos\",\"Delmo Pinho\",\"ICMS\",\"K\u00e1tia Abreu\",\"S\u00e9rgio Bacci\",\"Sinaval\",\"Thompson Lemos\",\"Usuport-RJ\"],\"articleSection\":[\"iNFRATransporte\"],\"inLanguage\":\"pt-BR\",\"copyrightYear\":\"2019\",\"copyrightHolder\":{\"@id\":\"https:\/\/agenciainfra.com\/blog\/#organization\"}},{\"@type\":\"WebPage\",\"@id\":\"https:\/\/agenciainfra.com\/blog\/fazenda-do-rj-diz-nao-ter-sido-consultada-sobre-mudanca-de-icms-de-combustivel-da-cabotagem\/\",\"url\":\"https:\/\/agenciainfra.com\/blog\/fazenda-do-rj-diz-nao-ter-sido-consultada-sobre-mudanca-de-icms-de-combustivel-da-cabotagem\/\",\"name\":\"Fazenda do RJ diz n\u00e3o ter sido consultada sobre mudan\u00e7a de ICMS de combust\u00edvel da cabotagem - Ag\u00eancia iNFRA\",\"isPartOf\":{\"@id\":\"https:\/\/agenciainfra.com\/blog\/#website\"},\"primaryImageOfPage\":{\"@id\":\"https:\/\/agenciainfra.com\/blog\/fazenda-do-rj-diz-nao-ter-sido-consultada-sobre-mudanca-de-icms-de-combustivel-da-cabotagem\/#primaryimage\"},\"image\":{\"@id\":\"https:\/\/agenciainfra.com\/blog\/fazenda-do-rj-diz-nao-ter-sido-consultada-sobre-mudanca-de-icms-de-combustivel-da-cabotagem\/#primaryimage\"},\"thumbnailUrl\":\"https:\/\/agenciainfra.com\/blog\/wp-content\/uploads\/2019\/12\/divulgacao-governo-RJ.jpg\",\"datePublished\":\"2019-12-11T11:00:56+00:00\",\"breadcrumb\":{\"@id\":\"https:\/\/agenciainfra.com\/blog\/fazenda-do-rj-diz-nao-ter-sido-consultada-sobre-mudanca-de-icms-de-combustivel-da-cabotagem\/#breadcrumb\"},\"inLanguage\":\"pt-BR\",\"potentialAction\":[{\"@type\":\"ReadAction\",\"target\":[\"https:\/\/agenciainfra.com\/blog\/fazenda-do-rj-diz-nao-ter-sido-consultada-sobre-mudanca-de-icms-de-combustivel-da-cabotagem\/\"]}]},{\"@type\":\"ImageObject\",\"inLanguage\":\"pt-BR\",\"@id\":\"https:\/\/agenciainfra.com\/blog\/fazenda-do-rj-diz-nao-ter-sido-consultada-sobre-mudanca-de-icms-de-combustivel-da-cabotagem\/#primaryimage\",\"url\":\"https:\/\/agenciainfra.com\/blog\/wp-content\/uploads\/2019\/12\/divulgacao-governo-RJ.jpg\",\"contentUrl\":\"https:\/\/agenciainfra.com\/blog\/wp-content\/uploads\/2019\/12\/divulgacao-governo-RJ.jpg\",\"width\":700,\"height\":470},{\"@type\":\"BreadcrumbList\",\"@id\":\"https:\/\/agenciainfra.com\/blog\/fazenda-do-rj-diz-nao-ter-sido-consultada-sobre-mudanca-de-icms-de-combustivel-da-cabotagem\/#breadcrumb\",\"itemListElement\":[{\"@type\":\"ListItem\",\"position\":1,\"name\":\"In\u00edcio\",\"item\":\"https:\/\/agenciainfra.com\/blog\/\"},{\"@type\":\"ListItem\",\"position\":2,\"name\":\"Fazenda do RJ diz n\u00e3o ter sido consultada sobre mudan\u00e7a de ICMS de combust\u00edvel da cabotagem\"}]},{\"@type\":\"WebSite\",\"@id\":\"https:\/\/agenciainfra.com\/blog\/#website\",\"url\":\"https:\/\/agenciainfra.com\/blog\/\",\"name\":\"Ag\u00eancia iNFRA\",\"description\":\"Multiplataforma de informa\u00e7\u00e3o jornal\u00edstica refer\u00eancia na \u00e1rea de infraestrutura no Brasil!\",\"publisher\":{\"@id\":\"https:\/\/agenciainfra.com\/blog\/#organization\"},\"potentialAction\":[{\"@type\":\"SearchAction\",\"target\":{\"@type\":\"EntryPoint\",\"urlTemplate\":\"https:\/\/agenciainfra.com\/blog\/?s={search_term_string}\"},\"query-input\":{\"@type\":\"PropertyValueSpecification\",\"valueRequired\":true,\"valueName\":\"search_term_string\"}}],\"inLanguage\":\"pt-BR\"},{\"@type\":\"Organization\",\"@id\":\"https:\/\/agenciainfra.com\/blog\/#organization\",\"name\":\"Ag\u00eancia iNFRA\",\"url\":\"https:\/\/agenciainfra.com\/blog\/\",\"logo\":{\"@type\":\"ImageObject\",\"inLanguage\":\"pt-BR\",\"@id\":\"https:\/\/agenciainfra.com\/blog\/#\/schema\/logo\/image\/\",\"url\":\"https:\/\/agenciainfra.com\/blog\/wp-content\/uploads\/2023\/09\/iNFRA_5-e1761735885940.png\",\"contentUrl\":\"https:\/\/agenciainfra.com\/blog\/wp-content\/uploads\/2023\/09\/iNFRA_5-e1761735885940.png\",\"width\":1672,\"height\":454,\"caption\":\"Ag\u00eancia iNFRA\"},\"image\":{\"@id\":\"https:\/\/agenciainfra.com\/blog\/#\/schema\/logo\/image\/\"},\"sameAs\":[\"https:\/\/www.facebook.com\/ageninfra\",\"https:\/\/x.com\/agencia_infra\",\"https:\/\/www.linkedin.com\/company\/ag\u00eanciainfra\/\",\"https:\/\/www.instagram.com\/agenciainfra\/\"]},{\"@type\":\"Person\",\"@id\":\"https:\/\/agenciainfra.com\/blog\/#\/schema\/person\/04dbb79bd6d8951f063da71f3e4c1eb1\",\"name\":\"Rodrigo Zuquim\",\"image\":{\"@type\":\"ImageObject\",\"inLanguage\":\"pt-BR\",\"@id\":\"https:\/\/agenciainfra.com\/blog\/#\/schema\/person\/image\/\",\"url\":\"https:\/\/secure.gravatar.com\/avatar\/594abfe82761d620726242ff34ca472a705a4b97f16c790053a6b4c4035274d0?s=96&d=mm&r=g\",\"contentUrl\":\"https:\/\/secure.gravatar.com\/avatar\/594abfe82761d620726242ff34ca472a705a4b97f16c790053a6b4c4035274d0?s=96&d=mm&r=g\",\"caption\":\"Rodrigo Zuquim\"},\"url\":\"https:\/\/agenciainfra.com\/blog\/author\/rodrigo-zuquim\/\"}]}<\/script>\n<!-- \/ Yoast SEO Premium plugin. -->","yoast_head_json":{"title":"Fazenda do RJ diz n\u00e3o ter sido consultada sobre mudan\u00e7a de ICMS de combust\u00edvel da cabotagem - Ag\u00eancia iNFRA","robots":{"index":"index","follow":"follow","max-snippet":"max-snippet:-1","max-image-preview":"max-image-preview:large","max-video-preview":"max-video-preview:-1"},"canonical":"https:\/\/agenciainfra.com\/blog\/fazenda-do-rj-diz-nao-ter-sido-consultada-sobre-mudanca-de-icms-de-combustivel-da-cabotagem\/","og_locale":"pt_BR","og_type":"article","og_title":"Fazenda do RJ diz n\u00e3o ter sido consultada sobre mudan\u00e7a de ICMS de combust\u00edvel da cabotagem","og_description":"Dimmi Amora, da\u00a0Ag\u00eancia iNFRA O subsecret\u00e1rio de Fazenda do Governo do Rio de Janeiro, Thompson Lemos, afirmou que, at\u00e9 o momento, o governo do estado ainda n\u00e3o recebeu qualquer consulta de representantes do governo federal sobre a possibilidade de isentar o ICMS do bunker (combust\u00edvel de navega\u00e7\u00e3o) para navega\u00e7\u00e3o de cabotagem, uma das proposta do [&hellip;]","og_url":"https:\/\/agenciainfra.com\/blog\/fazenda-do-rj-diz-nao-ter-sido-consultada-sobre-mudanca-de-icms-de-combustivel-da-cabotagem\/","og_site_name":"Ag\u00eancia iNFRA","article_publisher":"https:\/\/www.facebook.com\/ageninfra","article_published_time":"2019-12-11T11:00:56+00:00","og_image":[{"width":700,"height":470,"url":"https:\/\/agenciainfra.com\/blog\/wp-content\/uploads\/2019\/12\/divulgacao-governo-RJ.jpg","type":"image\/jpeg"}],"author":"Rodrigo Zuquim","twitter_card":"summary_large_image","twitter_creator":"@agencia_infra","twitter_site":"@agencia_infra","twitter_misc":{"Escrito por":"Rodrigo Zuquim","Est. tempo de leitura":"5 minutos"},"schema":{"@context":"https:\/\/schema.org","@graph":[{"@type":"Article","@id":"https:\/\/agenciainfra.com\/blog\/fazenda-do-rj-diz-nao-ter-sido-consultada-sobre-mudanca-de-icms-de-combustivel-da-cabotagem\/#article","isPartOf":{"@id":"https:\/\/agenciainfra.com\/blog\/fazenda-do-rj-diz-nao-ter-sido-consultada-sobre-mudanca-de-icms-de-combustivel-da-cabotagem\/"},"author":{"name":"Rodrigo Zuquim","@id":"https:\/\/agenciainfra.com\/blog\/#\/schema\/person\/04dbb79bd6d8951f063da71f3e4c1eb1"},"headline":"Fazenda do RJ diz n\u00e3o ter sido consultada sobre mudan\u00e7a de ICMS de combust\u00edvel da cabotagem","datePublished":"2019-12-11T11:00:56+00:00","mainEntityOfPage":{"@id":"https:\/\/agenciainfra.com\/blog\/fazenda-do-rj-diz-nao-ter-sido-consultada-sobre-mudanca-de-icms-de-combustivel-da-cabotagem\/"},"wordCount":969,"publisher":{"@id":"https:\/\/agenciainfra.com\/blog\/#organization"},"image":{"@id":"https:\/\/agenciainfra.com\/blog\/fazenda-do-rj-diz-nao-ter-sido-consultada-sobre-mudanca-de-icms-de-combustivel-da-cabotagem\/#primaryimage"},"thumbnailUrl":"https:\/\/agenciainfra.com\/blog\/wp-content\/uploads\/2019\/12\/divulgacao-governo-RJ.jpg","keywords":["Adalberto Tokarski","ANTAQ","BR do Mar","bunker","cabotagem","C\u00e9sar Mattos","Delmo Pinho","ICMS","K\u00e1tia Abreu","S\u00e9rgio Bacci","Sinaval","Thompson Lemos","Usuport-RJ"],"articleSection":["iNFRATransporte"],"inLanguage":"pt-BR","copyrightYear":"2019","copyrightHolder":{"@id":"https:\/\/agenciainfra.com\/blog\/#organization"}},{"@type":"WebPage","@id":"https:\/\/agenciainfra.com\/blog\/fazenda-do-rj-diz-nao-ter-sido-consultada-sobre-mudanca-de-icms-de-combustivel-da-cabotagem\/","url":"https:\/\/agenciainfra.com\/blog\/fazenda-do-rj-diz-nao-ter-sido-consultada-sobre-mudanca-de-icms-de-combustivel-da-cabotagem\/","name":"Fazenda do RJ diz n\u00e3o ter sido consultada sobre mudan\u00e7a de ICMS de combust\u00edvel da cabotagem - Ag\u00eancia iNFRA","isPartOf":{"@id":"https:\/\/agenciainfra.com\/blog\/#website"},"primaryImageOfPage":{"@id":"https:\/\/agenciainfra.com\/blog\/fazenda-do-rj-diz-nao-ter-sido-consultada-sobre-mudanca-de-icms-de-combustivel-da-cabotagem\/#primaryimage"},"image":{"@id":"https:\/\/agenciainfra.com\/blog\/fazenda-do-rj-diz-nao-ter-sido-consultada-sobre-mudanca-de-icms-de-combustivel-da-cabotagem\/#primaryimage"},"thumbnailUrl":"https:\/\/agenciainfra.com\/blog\/wp-content\/uploads\/2019\/12\/divulgacao-governo-RJ.jpg","datePublished":"2019-12-11T11:00:56+00:00","breadcrumb":{"@id":"https:\/\/agenciainfra.com\/blog\/fazenda-do-rj-diz-nao-ter-sido-consultada-sobre-mudanca-de-icms-de-combustivel-da-cabotagem\/#breadcrumb"},"inLanguage":"pt-BR","potentialAction":[{"@type":"ReadAction","target":["https:\/\/agenciainfra.com\/blog\/fazenda-do-rj-diz-nao-ter-sido-consultada-sobre-mudanca-de-icms-de-combustivel-da-cabotagem\/"]}]},{"@type":"ImageObject","inLanguage":"pt-BR","@id":"https:\/\/agenciainfra.com\/blog\/fazenda-do-rj-diz-nao-ter-sido-consultada-sobre-mudanca-de-icms-de-combustivel-da-cabotagem\/#primaryimage","url":"https:\/\/agenciainfra.com\/blog\/wp-content\/uploads\/2019\/12\/divulgacao-governo-RJ.jpg","contentUrl":"https:\/\/agenciainfra.com\/blog\/wp-content\/uploads\/2019\/12\/divulgacao-governo-RJ.jpg","width":700,"height":470},{"@type":"BreadcrumbList","@id":"https:\/\/agenciainfra.com\/blog\/fazenda-do-rj-diz-nao-ter-sido-consultada-sobre-mudanca-de-icms-de-combustivel-da-cabotagem\/#breadcrumb","itemListElement":[{"@type":"ListItem","position":1,"name":"In\u00edcio","item":"https:\/\/agenciainfra.com\/blog\/"},{"@type":"ListItem","position":2,"name":"Fazenda do RJ diz n\u00e3o ter sido consultada sobre mudan\u00e7a de ICMS de combust\u00edvel da cabotagem"}]},{"@type":"WebSite","@id":"https:\/\/agenciainfra.com\/blog\/#website","url":"https:\/\/agenciainfra.com\/blog\/","name":"Ag\u00eancia iNFRA","description":"Multiplataforma de informa\u00e7\u00e3o jornal\u00edstica refer\u00eancia na \u00e1rea de infraestrutura no Brasil!","publisher":{"@id":"https:\/\/agenciainfra.com\/blog\/#organization"},"potentialAction":[{"@type":"SearchAction","target":{"@type":"EntryPoint","urlTemplate":"https:\/\/agenciainfra.com\/blog\/?s={search_term_string}"},"query-input":{"@type":"PropertyValueSpecification","valueRequired":true,"valueName":"search_term_string"}}],"inLanguage":"pt-BR"},{"@type":"Organization","@id":"https:\/\/agenciainfra.com\/blog\/#organization","name":"Ag\u00eancia iNFRA","url":"https:\/\/agenciainfra.com\/blog\/","logo":{"@type":"ImageObject","inLanguage":"pt-BR","@id":"https:\/\/agenciainfra.com\/blog\/#\/schema\/logo\/image\/","url":"https:\/\/agenciainfra.com\/blog\/wp-content\/uploads\/2023\/09\/iNFRA_5-e1761735885940.png","contentUrl":"https:\/\/agenciainfra.com\/blog\/wp-content\/uploads\/2023\/09\/iNFRA_5-e1761735885940.png","width":1672,"height":454,"caption":"Ag\u00eancia iNFRA"},"image":{"@id":"https:\/\/agenciainfra.com\/blog\/#\/schema\/logo\/image\/"},"sameAs":["https:\/\/www.facebook.com\/ageninfra","https:\/\/x.com\/agencia_infra","https:\/\/www.linkedin.com\/company\/ag\u00eanciainfra\/","https:\/\/www.instagram.com\/agenciainfra\/"]},{"@type":"Person","@id":"https:\/\/agenciainfra.com\/blog\/#\/schema\/person\/04dbb79bd6d8951f063da71f3e4c1eb1","name":"Rodrigo Zuquim","image":{"@type":"ImageObject","inLanguage":"pt-BR","@id":"https:\/\/agenciainfra.com\/blog\/#\/schema\/person\/image\/","url":"https:\/\/secure.gravatar.com\/avatar\/594abfe82761d620726242ff34ca472a705a4b97f16c790053a6b4c4035274d0?s=96&d=mm&r=g","contentUrl":"https:\/\/secure.gravatar.com\/avatar\/594abfe82761d620726242ff34ca472a705a4b97f16c790053a6b4c4035274d0?s=96&d=mm&r=g","caption":"Rodrigo Zuquim"},"url":"https:\/\/agenciainfra.com\/blog\/author\/rodrigo-zuquim\/"}]}},"_links":{"self":[{"href":"https:\/\/agenciainfra.com\/blog\/wp-json\/wp\/v2\/posts\/4134","targetHints":{"allow":["GET"]}}],"collection":[{"href":"https:\/\/agenciainfra.com\/blog\/wp-json\/wp\/v2\/posts"}],"about":[{"href":"https:\/\/agenciainfra.com\/blog\/wp-json\/wp\/v2\/types\/post"}],"author":[{"embeddable":true,"href":"https:\/\/agenciainfra.com\/blog\/wp-json\/wp\/v2\/users\/9"}],"replies":[{"embeddable":true,"href":"https:\/\/agenciainfra.com\/blog\/wp-json\/wp\/v2\/comments?post=4134"}],"version-history":[{"count":0,"href":"https:\/\/agenciainfra.com\/blog\/wp-json\/wp\/v2\/posts\/4134\/revisions"}],"wp:featuredmedia":[{"embeddable":true,"href":"https:\/\/agenciainfra.com\/blog\/wp-json\/wp\/v2\/media\/4135"}],"wp:attachment":[{"href":"https:\/\/agenciainfra.com\/blog\/wp-json\/wp\/v2\/media?parent=4134"}],"wp:term":[{"taxonomy":"category","embeddable":true,"href":"https:\/\/agenciainfra.com\/blog\/wp-json\/wp\/v2\/categories?post=4134"},{"taxonomy":"post_tag","embeddable":true,"href":"https:\/\/agenciainfra.com\/blog\/wp-json\/wp\/v2\/tags?post=4134"}],"curies":[{"name":"wp","href":"https:\/\/api.w.org\/{rel}","templated":true}]}}