{"id":4147,"date":"2019-12-14T08:00:40","date_gmt":"2019-12-14T11:00:40","guid":{"rendered":"http:\/\/www.agenciainfra.com\/blog\/?p=4147"},"modified":"2019-12-12T11:08:07","modified_gmt":"2019-12-12T14:08:07","slug":"sem-consenso-cvt-adia-votacao-de-projeto-para-regulacao-da-praticagem","status":"publish","type":"post","link":"https:\/\/agenciainfra.com\/blog\/sem-consenso-cvt-adia-votacao-de-projeto-para-regulacao-da-praticagem\/","title":{"rendered":"Sem consenso, CVT adia vota\u00e7\u00e3o de projeto para regula\u00e7\u00e3o da praticagem"},"content":{"rendered":"<h5 style=\"text-align: right;\"><strong>Rodrigo Zuquim, da Ag\u00eancia iNFRA<\/strong><\/h5>\n<div>\n<p dir=\"ltr\">A CVT (Comiss\u00e3o de Via\u00e7\u00e3o e Transportes) da C\u00e2mara dos Deputados adiou mais uma vez, em reuni\u00e3o na \u00faltima quarta-feira (11), a vota\u00e7\u00e3o do PL (projeto de lei) 2.149\/15, que modifica a legisla\u00e7\u00e3o sobre tr\u00e1fego aquavi\u00e1rio em rela\u00e7\u00e3o ao servi\u00e7o de praticagem.<\/p>\n<p>A regula\u00e7\u00e3o econ\u00f4mica da atividade pelo governo \u00e9 o ponto de diverg\u00eancia entre o parecer do relator, Eli Corr\u00eaa Filho (DEM-SP), e o voto em separado apresentado pelo deputado Hugo Leal (PSD-RJ). O encontro para deliberar a mat\u00e9ria ser\u00e1 realizado na pr\u00f3xima ter\u00e7a-feira (17).<\/p>\n<p>O texto de Leal estabelece que a ANTAQ (Ag\u00eancia Nacional de Transportes Aquavi\u00e1rios) seja a respons\u00e1vel por realizar a regula\u00e7\u00e3o econ\u00f4mica da praticagem, enquanto o relat\u00f3rio de Corr\u00eaa prev\u00ea que, em casos excepcionais de tabelamento do pre\u00e7o do servi\u00e7o, os crit\u00e9rios sejam definidos por um conselho integrado pela Autoridade Mar\u00edtima.<\/p>\n<p>A maioria dos deputados que se manifestaram na discuss\u00e3o concordaram com a defesa da regula\u00e7\u00e3o da praticagem pela ANTAQ. O deputado Lucas Gonzalez (Novo-MG) chegou a apresentar tamb\u00e9m um voto em separado, propondo que a praticagem seja opcional e os pre\u00e7os, definidos por regime de concorr\u00eancia, mas ao fim aderiu \u00e0 proposta de Leal.<\/p>\n<p>Em favor do texto do relator, o deputado Vinicius Carvalho (Republicanos-SP) negou a exist\u00eancia de monop\u00f3lio no setor, enfatizou os custos da atividade e se posicionou contr\u00e1rio \u00e0 fixa\u00e7\u00e3o de pre\u00e7os. Carvalho foi o autor do requerimento para que a vota\u00e7\u00e3o fosse adiada.<\/p>\n<p><strong>Concess\u00e3o e arrendamento de portos<\/strong><br \/>\nEntre as propostas analisadas na reuni\u00e3o, o colegiado aprovou o parecer do deputado Alexandre Leite (DEM-SP) ao PL 910\/2019, que altera crit\u00e9rios de julgamento em licita\u00e7\u00f5es de concess\u00e3o e arrendamento de portos e instala\u00e7\u00f5es portu\u00e1rias e cria o Fundo de Investimento em Infraestrutura Portu\u00e1ria. A \u00edntegra do relat\u00f3rio est\u00e1 <a href=\"https:\/\/agenciainfra.us14.list-manage.com\/track\/click?u=d460dd1bcf9ba0ae040e1fc0f&amp;id=1ee2c894e0&amp;e=c099169394\" target=\"_blank\" rel=\"noopener noreferrer\" data-saferedirecturl=\"https:\/\/www.google.com\/url?q=https:\/\/agenciainfra.us14.list-manage.com\/track\/click?u%3Dd460dd1bcf9ba0ae040e1fc0f%26id%3D1ee2c894e0%26e%3Dc099169394&amp;source=gmail&amp;ust=1576231228594000&amp;usg=AFQjCNHnZrJD_rx1q6zmPTJxjumzfGwrlg\">neste link<\/a>.<\/p>\n<p>Tamb\u00e9m foi aprovado o\u00a0<a href=\"https:\/\/agenciainfra.us14.list-manage.com\/track\/click?u=d460dd1bcf9ba0ae040e1fc0f&amp;id=bdb89283b7&amp;e=c099169394\" target=\"_blank\" rel=\"noopener noreferrer\" data-saferedirecturl=\"https:\/\/www.google.com\/url?q=https:\/\/agenciainfra.us14.list-manage.com\/track\/click?u%3Dd460dd1bcf9ba0ae040e1fc0f%26id%3Dbdb89283b7%26e%3Dc099169394&amp;source=gmail&amp;ust=1576231228594000&amp;usg=AFQjCNFChjpYo1v5o2LCVbAqX8toBRgBXQ\">relat\u00f3rio<\/a>\u00a0do deputado Geninho Zuliani (DEM-SP) ao PL 9.789\/2018, que inclui o Fundo Geral de Turismo entre as fontes de recursos para a subven\u00e7\u00e3o da avia\u00e7\u00e3o regional destinada a facilitar o acesso a regi\u00f5es de potencial tur\u00edstico.<\/p>\n<\/div>\n","protected":false},"excerpt":{"rendered":"<p>Rodrigo Zuquim, da Ag\u00eancia iNFRA A CVT (Comiss\u00e3o de Via\u00e7\u00e3o e Transportes) da C\u00e2mara dos Deputados adiou mais uma vez, em reuni\u00e3o na \u00faltima quarta-feira (11), a vota\u00e7\u00e3o do PL (projeto de lei) 2.149\/15, que modifica a legisla\u00e7\u00e3o sobre tr\u00e1fego aquavi\u00e1rio em rela\u00e7\u00e3o ao servi\u00e7o de praticagem. A regula\u00e7\u00e3o econ\u00f4mica da atividade pelo governo \u00e9 [&hellip;]<\/p>\n","protected":false},"author":9,"featured_media":4148,"comment_status":"closed","ping_status":"closed","sticky":false,"template":"","format":"standard","meta":{"_monsterinsights_skip_tracking":false,"_monsterinsights_sitenote_active":false,"_monsterinsights_sitenote_note":"","_monsterinsights_sitenote_category":0,"footnotes":""},"categories":[7],"tags":[1535,86,1532,1531,118,1478,1300,1189,1533,1530,1473,1534],"class_list":["post-4147","post","type-post","status-publish","format-standard","has-post-thumbnail","hentry","category-infratransporte","tag-alexandre-leite","tag-antaq","tag-autoridade-maritima","tag-comissao-de-viacao-e-transportes","tag-cvt","tag-eli-correa-filho","tag-geninho-zuliani","tag-hugo-leal","tag-lucas-gonzalez","tag-pl-2-149-15","tag-praticagem","tag-vinicius-carvalho"],"yoast_head":"<!-- This site is optimized with the Yoast SEO Premium plugin v25.4 (Yoast SEO v26.0) - https:\/\/yoast.com\/wordpress\/plugins\/seo\/ -->\n<title>Sem consenso, CVT adia vota\u00e7\u00e3o de projeto para regula\u00e7\u00e3o da praticagem - Ag\u00eancia iNFRA<\/title>\n<meta name=\"robots\" content=\"index, follow, max-snippet:-1, max-image-preview:large, max-video-preview:-1\" \/>\n<link rel=\"canonical\" href=\"https:\/\/agenciainfra.com\/blog\/sem-consenso-cvt-adia-votacao-de-projeto-para-regulacao-da-praticagem\/\" \/>\n<meta property=\"og:locale\" content=\"pt_BR\" \/>\n<meta property=\"og:type\" content=\"article\" \/>\n<meta property=\"og:title\" content=\"Sem consenso, CVT adia vota\u00e7\u00e3o de projeto para regula\u00e7\u00e3o da praticagem\" \/>\n<meta property=\"og:description\" content=\"Rodrigo Zuquim, da Ag\u00eancia iNFRA A CVT (Comiss\u00e3o de Via\u00e7\u00e3o e Transportes) da C\u00e2mara dos Deputados adiou mais uma vez, em reuni\u00e3o na \u00faltima quarta-feira (11), a vota\u00e7\u00e3o do PL (projeto de lei) 2.149\/15, que modifica a legisla\u00e7\u00e3o sobre tr\u00e1fego aquavi\u00e1rio em rela\u00e7\u00e3o ao servi\u00e7o de praticagem. A regula\u00e7\u00e3o econ\u00f4mica da atividade pelo governo \u00e9 [&hellip;]\" \/>\n<meta property=\"og:url\" content=\"https:\/\/agenciainfra.com\/blog\/sem-consenso-cvt-adia-votacao-de-projeto-para-regulacao-da-praticagem\/\" \/>\n<meta property=\"og:site_name\" content=\"Ag\u00eancia iNFRA\" \/>\n<meta property=\"article:publisher\" content=\"https:\/\/www.facebook.com\/ageninfra\" \/>\n<meta property=\"article:published_time\" content=\"2019-12-14T11:00:40+00:00\" \/>\n<meta property=\"og:image\" content=\"https:\/\/agenciainfra.com\/blog\/wp-content\/uploads\/2019\/12\/eli-correa-filho-foto-cleia-viana-camara-deputados.jpg\" \/>\n\t<meta property=\"og:image:width\" content=\"1280\" \/>\n\t<meta property=\"og:image:height\" content=\"852\" \/>\n\t<meta property=\"og:image:type\" content=\"image\/jpeg\" \/>\n<meta name=\"author\" content=\"Rodrigo Zuquim\" \/>\n<meta name=\"twitter:card\" content=\"summary_large_image\" \/>\n<meta name=\"twitter:creator\" content=\"@agencia_infra\" \/>\n<meta name=\"twitter:site\" content=\"@agencia_infra\" \/>\n<meta name=\"twitter:label1\" content=\"Escrito por\" \/>\n\t<meta name=\"twitter:data1\" content=\"Rodrigo Zuquim\" \/>\n\t<meta name=\"twitter:label2\" content=\"Est. tempo de leitura\" \/>\n\t<meta name=\"twitter:data2\" content=\"2 minutos\" \/>\n<script type=\"application\/ld+json\" class=\"yoast-schema-graph\">{\"@context\":\"https:\/\/schema.org\",\"@graph\":[{\"@type\":\"Article\",\"@id\":\"https:\/\/agenciainfra.com\/blog\/sem-consenso-cvt-adia-votacao-de-projeto-para-regulacao-da-praticagem\/#article\",\"isPartOf\":{\"@id\":\"https:\/\/agenciainfra.com\/blog\/sem-consenso-cvt-adia-votacao-de-projeto-para-regulacao-da-praticagem\/\"},\"author\":{\"name\":\"Rodrigo Zuquim\",\"@id\":\"https:\/\/agenciainfra.com\/blog\/#\/schema\/person\/04dbb79bd6d8951f063da71f3e4c1eb1\"},\"headline\":\"Sem consenso, CVT adia vota\u00e7\u00e3o de projeto para regula\u00e7\u00e3o da praticagem\",\"datePublished\":\"2019-12-14T11:00:40+00:00\",\"mainEntityOfPage\":{\"@id\":\"https:\/\/agenciainfra.com\/blog\/sem-consenso-cvt-adia-votacao-de-projeto-para-regulacao-da-praticagem\/\"},\"wordCount\":395,\"publisher\":{\"@id\":\"https:\/\/agenciainfra.com\/blog\/#organization\"},\"image\":{\"@id\":\"https:\/\/agenciainfra.com\/blog\/sem-consenso-cvt-adia-votacao-de-projeto-para-regulacao-da-praticagem\/#primaryimage\"},\"thumbnailUrl\":\"https:\/\/agenciainfra.com\/blog\/wp-content\/uploads\/2019\/12\/eli-correa-filho-foto-cleia-viana-camara-deputados.jpg\",\"keywords\":[\"Alexandre Leite\",\"ANTAQ\",\"Autoridade Mar\u00edtima\",\"Comiss\u00e3o de Via\u00e7\u00e3o e Transportes\",\"CVT\",\"Eli Corr\u00eaa Filho\",\"Geninho Zuliani\",\"Hugo Leal\",\"Lucas Gonzalez\",\"PL 2.149\/15\",\"praticagem\",\"Vinicius Carvalho\"],\"articleSection\":[\"iNFRATransporte\"],\"inLanguage\":\"pt-BR\",\"copyrightYear\":\"2019\",\"copyrightHolder\":{\"@id\":\"https:\/\/agenciainfra.com\/blog\/#organization\"}},{\"@type\":\"WebPage\",\"@id\":\"https:\/\/agenciainfra.com\/blog\/sem-consenso-cvt-adia-votacao-de-projeto-para-regulacao-da-praticagem\/\",\"url\":\"https:\/\/agenciainfra.com\/blog\/sem-consenso-cvt-adia-votacao-de-projeto-para-regulacao-da-praticagem\/\",\"name\":\"Sem consenso, CVT adia vota\u00e7\u00e3o de projeto para regula\u00e7\u00e3o da praticagem - Ag\u00eancia iNFRA\",\"isPartOf\":{\"@id\":\"https:\/\/agenciainfra.com\/blog\/#website\"},\"primaryImageOfPage\":{\"@id\":\"https:\/\/agenciainfra.com\/blog\/sem-consenso-cvt-adia-votacao-de-projeto-para-regulacao-da-praticagem\/#primaryimage\"},\"image\":{\"@id\":\"https:\/\/agenciainfra.com\/blog\/sem-consenso-cvt-adia-votacao-de-projeto-para-regulacao-da-praticagem\/#primaryimage\"},\"thumbnailUrl\":\"https:\/\/agenciainfra.com\/blog\/wp-content\/uploads\/2019\/12\/eli-correa-filho-foto-cleia-viana-camara-deputados.jpg\",\"datePublished\":\"2019-12-14T11:00:40+00:00\",\"breadcrumb\":{\"@id\":\"https:\/\/agenciainfra.com\/blog\/sem-consenso-cvt-adia-votacao-de-projeto-para-regulacao-da-praticagem\/#breadcrumb\"},\"inLanguage\":\"pt-BR\",\"potentialAction\":[{\"@type\":\"ReadAction\",\"target\":[\"https:\/\/agenciainfra.com\/blog\/sem-consenso-cvt-adia-votacao-de-projeto-para-regulacao-da-praticagem\/\"]}]},{\"@type\":\"ImageObject\",\"inLanguage\":\"pt-BR\",\"@id\":\"https:\/\/agenciainfra.com\/blog\/sem-consenso-cvt-adia-votacao-de-projeto-para-regulacao-da-praticagem\/#primaryimage\",\"url\":\"https:\/\/agenciainfra.com\/blog\/wp-content\/uploads\/2019\/12\/eli-correa-filho-foto-cleia-viana-camara-deputados.jpg\",\"contentUrl\":\"https:\/\/agenciainfra.com\/blog\/wp-content\/uploads\/2019\/12\/eli-correa-filho-foto-cleia-viana-camara-deputados.jpg\",\"width\":1280,\"height\":852},{\"@type\":\"BreadcrumbList\",\"@id\":\"https:\/\/agenciainfra.com\/blog\/sem-consenso-cvt-adia-votacao-de-projeto-para-regulacao-da-praticagem\/#breadcrumb\",\"itemListElement\":[{\"@type\":\"ListItem\",\"position\":1,\"name\":\"In\u00edcio\",\"item\":\"https:\/\/agenciainfra.com\/blog\/\"},{\"@type\":\"ListItem\",\"position\":2,\"name\":\"Sem consenso, CVT adia vota\u00e7\u00e3o de projeto para regula\u00e7\u00e3o da praticagem\"}]},{\"@type\":\"WebSite\",\"@id\":\"https:\/\/agenciainfra.com\/blog\/#website\",\"url\":\"https:\/\/agenciainfra.com\/blog\/\",\"name\":\"Ag\u00eancia iNFRA\",\"description\":\"Multiplataforma de informa\u00e7\u00e3o jornal\u00edstica refer\u00eancia na \u00e1rea de infraestrutura no Brasil!\",\"publisher\":{\"@id\":\"https:\/\/agenciainfra.com\/blog\/#organization\"},\"potentialAction\":[{\"@type\":\"SearchAction\",\"target\":{\"@type\":\"EntryPoint\",\"urlTemplate\":\"https:\/\/agenciainfra.com\/blog\/?s={search_term_string}\"},\"query-input\":{\"@type\":\"PropertyValueSpecification\",\"valueRequired\":true,\"valueName\":\"search_term_string\"}}],\"inLanguage\":\"pt-BR\"},{\"@type\":\"Organization\",\"@id\":\"https:\/\/agenciainfra.com\/blog\/#organization\",\"name\":\"Ag\u00eancia iNFRA\",\"url\":\"https:\/\/agenciainfra.com\/blog\/\",\"logo\":{\"@type\":\"ImageObject\",\"inLanguage\":\"pt-BR\",\"@id\":\"https:\/\/agenciainfra.com\/blog\/#\/schema\/logo\/image\/\",\"url\":\"https:\/\/agenciainfra.com\/blog\/wp-content\/uploads\/2023\/09\/iNFRA_5-e1761735885940.png\",\"contentUrl\":\"https:\/\/agenciainfra.com\/blog\/wp-content\/uploads\/2023\/09\/iNFRA_5-e1761735885940.png\",\"width\":1672,\"height\":454,\"caption\":\"Ag\u00eancia iNFRA\"},\"image\":{\"@id\":\"https:\/\/agenciainfra.com\/blog\/#\/schema\/logo\/image\/\"},\"sameAs\":[\"https:\/\/www.facebook.com\/ageninfra\",\"https:\/\/x.com\/agencia_infra\",\"https:\/\/www.linkedin.com\/company\/ag\u00eanciainfra\/\",\"https:\/\/www.instagram.com\/agenciainfra\/\"]},{\"@type\":\"Person\",\"@id\":\"https:\/\/agenciainfra.com\/blog\/#\/schema\/person\/04dbb79bd6d8951f063da71f3e4c1eb1\",\"name\":\"Rodrigo Zuquim\",\"image\":{\"@type\":\"ImageObject\",\"inLanguage\":\"pt-BR\",\"@id\":\"https:\/\/agenciainfra.com\/blog\/#\/schema\/person\/image\/\",\"url\":\"https:\/\/secure.gravatar.com\/avatar\/594abfe82761d620726242ff34ca472a705a4b97f16c790053a6b4c4035274d0?s=96&d=mm&r=g\",\"contentUrl\":\"https:\/\/secure.gravatar.com\/avatar\/594abfe82761d620726242ff34ca472a705a4b97f16c790053a6b4c4035274d0?s=96&d=mm&r=g\",\"caption\":\"Rodrigo Zuquim\"},\"url\":\"https:\/\/agenciainfra.com\/blog\/author\/rodrigo-zuquim\/\"}]}<\/script>\n<!-- \/ Yoast SEO Premium plugin. -->","yoast_head_json":{"title":"Sem consenso, CVT adia vota\u00e7\u00e3o de projeto para regula\u00e7\u00e3o da praticagem - Ag\u00eancia iNFRA","robots":{"index":"index","follow":"follow","max-snippet":"max-snippet:-1","max-image-preview":"max-image-preview:large","max-video-preview":"max-video-preview:-1"},"canonical":"https:\/\/agenciainfra.com\/blog\/sem-consenso-cvt-adia-votacao-de-projeto-para-regulacao-da-praticagem\/","og_locale":"pt_BR","og_type":"article","og_title":"Sem consenso, CVT adia vota\u00e7\u00e3o de projeto para regula\u00e7\u00e3o da praticagem","og_description":"Rodrigo Zuquim, da Ag\u00eancia iNFRA A CVT (Comiss\u00e3o de Via\u00e7\u00e3o e Transportes) da C\u00e2mara dos Deputados adiou mais uma vez, em reuni\u00e3o na \u00faltima quarta-feira (11), a vota\u00e7\u00e3o do PL (projeto de lei) 2.149\/15, que modifica a legisla\u00e7\u00e3o sobre tr\u00e1fego aquavi\u00e1rio em rela\u00e7\u00e3o ao servi\u00e7o de praticagem. A regula\u00e7\u00e3o econ\u00f4mica da atividade pelo governo \u00e9 [&hellip;]","og_url":"https:\/\/agenciainfra.com\/blog\/sem-consenso-cvt-adia-votacao-de-projeto-para-regulacao-da-praticagem\/","og_site_name":"Ag\u00eancia iNFRA","article_publisher":"https:\/\/www.facebook.com\/ageninfra","article_published_time":"2019-12-14T11:00:40+00:00","og_image":[{"width":1280,"height":852,"url":"https:\/\/agenciainfra.com\/blog\/wp-content\/uploads\/2019\/12\/eli-correa-filho-foto-cleia-viana-camara-deputados.jpg","type":"image\/jpeg"}],"author":"Rodrigo Zuquim","twitter_card":"summary_large_image","twitter_creator":"@agencia_infra","twitter_site":"@agencia_infra","twitter_misc":{"Escrito por":"Rodrigo Zuquim","Est. tempo de leitura":"2 minutos"},"schema":{"@context":"https:\/\/schema.org","@graph":[{"@type":"Article","@id":"https:\/\/agenciainfra.com\/blog\/sem-consenso-cvt-adia-votacao-de-projeto-para-regulacao-da-praticagem\/#article","isPartOf":{"@id":"https:\/\/agenciainfra.com\/blog\/sem-consenso-cvt-adia-votacao-de-projeto-para-regulacao-da-praticagem\/"},"author":{"name":"Rodrigo Zuquim","@id":"https:\/\/agenciainfra.com\/blog\/#\/schema\/person\/04dbb79bd6d8951f063da71f3e4c1eb1"},"headline":"Sem consenso, CVT adia vota\u00e7\u00e3o de projeto para regula\u00e7\u00e3o da praticagem","datePublished":"2019-12-14T11:00:40+00:00","mainEntityOfPage":{"@id":"https:\/\/agenciainfra.com\/blog\/sem-consenso-cvt-adia-votacao-de-projeto-para-regulacao-da-praticagem\/"},"wordCount":395,"publisher":{"@id":"https:\/\/agenciainfra.com\/blog\/#organization"},"image":{"@id":"https:\/\/agenciainfra.com\/blog\/sem-consenso-cvt-adia-votacao-de-projeto-para-regulacao-da-praticagem\/#primaryimage"},"thumbnailUrl":"https:\/\/agenciainfra.com\/blog\/wp-content\/uploads\/2019\/12\/eli-correa-filho-foto-cleia-viana-camara-deputados.jpg","keywords":["Alexandre Leite","ANTAQ","Autoridade Mar\u00edtima","Comiss\u00e3o de Via\u00e7\u00e3o e Transportes","CVT","Eli Corr\u00eaa Filho","Geninho Zuliani","Hugo Leal","Lucas Gonzalez","PL 2.149\/15","praticagem","Vinicius Carvalho"],"articleSection":["iNFRATransporte"],"inLanguage":"pt-BR","copyrightYear":"2019","copyrightHolder":{"@id":"https:\/\/agenciainfra.com\/blog\/#organization"}},{"@type":"WebPage","@id":"https:\/\/agenciainfra.com\/blog\/sem-consenso-cvt-adia-votacao-de-projeto-para-regulacao-da-praticagem\/","url":"https:\/\/agenciainfra.com\/blog\/sem-consenso-cvt-adia-votacao-de-projeto-para-regulacao-da-praticagem\/","name":"Sem consenso, CVT adia vota\u00e7\u00e3o de projeto para regula\u00e7\u00e3o da praticagem - Ag\u00eancia iNFRA","isPartOf":{"@id":"https:\/\/agenciainfra.com\/blog\/#website"},"primaryImageOfPage":{"@id":"https:\/\/agenciainfra.com\/blog\/sem-consenso-cvt-adia-votacao-de-projeto-para-regulacao-da-praticagem\/#primaryimage"},"image":{"@id":"https:\/\/agenciainfra.com\/blog\/sem-consenso-cvt-adia-votacao-de-projeto-para-regulacao-da-praticagem\/#primaryimage"},"thumbnailUrl":"https:\/\/agenciainfra.com\/blog\/wp-content\/uploads\/2019\/12\/eli-correa-filho-foto-cleia-viana-camara-deputados.jpg","datePublished":"2019-12-14T11:00:40+00:00","breadcrumb":{"@id":"https:\/\/agenciainfra.com\/blog\/sem-consenso-cvt-adia-votacao-de-projeto-para-regulacao-da-praticagem\/#breadcrumb"},"inLanguage":"pt-BR","potentialAction":[{"@type":"ReadAction","target":["https:\/\/agenciainfra.com\/blog\/sem-consenso-cvt-adia-votacao-de-projeto-para-regulacao-da-praticagem\/"]}]},{"@type":"ImageObject","inLanguage":"pt-BR","@id":"https:\/\/agenciainfra.com\/blog\/sem-consenso-cvt-adia-votacao-de-projeto-para-regulacao-da-praticagem\/#primaryimage","url":"https:\/\/agenciainfra.com\/blog\/wp-content\/uploads\/2019\/12\/eli-correa-filho-foto-cleia-viana-camara-deputados.jpg","contentUrl":"https:\/\/agenciainfra.com\/blog\/wp-content\/uploads\/2019\/12\/eli-correa-filho-foto-cleia-viana-camara-deputados.jpg","width":1280,"height":852},{"@type":"BreadcrumbList","@id":"https:\/\/agenciainfra.com\/blog\/sem-consenso-cvt-adia-votacao-de-projeto-para-regulacao-da-praticagem\/#breadcrumb","itemListElement":[{"@type":"ListItem","position":1,"name":"In\u00edcio","item":"https:\/\/agenciainfra.com\/blog\/"},{"@type":"ListItem","position":2,"name":"Sem consenso, CVT adia vota\u00e7\u00e3o de projeto para regula\u00e7\u00e3o da praticagem"}]},{"@type":"WebSite","@id":"https:\/\/agenciainfra.com\/blog\/#website","url":"https:\/\/agenciainfra.com\/blog\/","name":"Ag\u00eancia iNFRA","description":"Multiplataforma de informa\u00e7\u00e3o jornal\u00edstica refer\u00eancia na \u00e1rea de infraestrutura no Brasil!","publisher":{"@id":"https:\/\/agenciainfra.com\/blog\/#organization"},"potentialAction":[{"@type":"SearchAction","target":{"@type":"EntryPoint","urlTemplate":"https:\/\/agenciainfra.com\/blog\/?s={search_term_string}"},"query-input":{"@type":"PropertyValueSpecification","valueRequired":true,"valueName":"search_term_string"}}],"inLanguage":"pt-BR"},{"@type":"Organization","@id":"https:\/\/agenciainfra.com\/blog\/#organization","name":"Ag\u00eancia iNFRA","url":"https:\/\/agenciainfra.com\/blog\/","logo":{"@type":"ImageObject","inLanguage":"pt-BR","@id":"https:\/\/agenciainfra.com\/blog\/#\/schema\/logo\/image\/","url":"https:\/\/agenciainfra.com\/blog\/wp-content\/uploads\/2023\/09\/iNFRA_5-e1761735885940.png","contentUrl":"https:\/\/agenciainfra.com\/blog\/wp-content\/uploads\/2023\/09\/iNFRA_5-e1761735885940.png","width":1672,"height":454,"caption":"Ag\u00eancia iNFRA"},"image":{"@id":"https:\/\/agenciainfra.com\/blog\/#\/schema\/logo\/image\/"},"sameAs":["https:\/\/www.facebook.com\/ageninfra","https:\/\/x.com\/agencia_infra","https:\/\/www.linkedin.com\/company\/ag\u00eanciainfra\/","https:\/\/www.instagram.com\/agenciainfra\/"]},{"@type":"Person","@id":"https:\/\/agenciainfra.com\/blog\/#\/schema\/person\/04dbb79bd6d8951f063da71f3e4c1eb1","name":"Rodrigo Zuquim","image":{"@type":"ImageObject","inLanguage":"pt-BR","@id":"https:\/\/agenciainfra.com\/blog\/#\/schema\/person\/image\/","url":"https:\/\/secure.gravatar.com\/avatar\/594abfe82761d620726242ff34ca472a705a4b97f16c790053a6b4c4035274d0?s=96&d=mm&r=g","contentUrl":"https:\/\/secure.gravatar.com\/avatar\/594abfe82761d620726242ff34ca472a705a4b97f16c790053a6b4c4035274d0?s=96&d=mm&r=g","caption":"Rodrigo Zuquim"},"url":"https:\/\/agenciainfra.com\/blog\/author\/rodrigo-zuquim\/"}]}},"_links":{"self":[{"href":"https:\/\/agenciainfra.com\/blog\/wp-json\/wp\/v2\/posts\/4147","targetHints":{"allow":["GET"]}}],"collection":[{"href":"https:\/\/agenciainfra.com\/blog\/wp-json\/wp\/v2\/posts"}],"about":[{"href":"https:\/\/agenciainfra.com\/blog\/wp-json\/wp\/v2\/types\/post"}],"author":[{"embeddable":true,"href":"https:\/\/agenciainfra.com\/blog\/wp-json\/wp\/v2\/users\/9"}],"replies":[{"embeddable":true,"href":"https:\/\/agenciainfra.com\/blog\/wp-json\/wp\/v2\/comments?post=4147"}],"version-history":[{"count":0,"href":"https:\/\/agenciainfra.com\/blog\/wp-json\/wp\/v2\/posts\/4147\/revisions"}],"wp:featuredmedia":[{"embeddable":true,"href":"https:\/\/agenciainfra.com\/blog\/wp-json\/wp\/v2\/media\/4148"}],"wp:attachment":[{"href":"https:\/\/agenciainfra.com\/blog\/wp-json\/wp\/v2\/media?parent=4147"}],"wp:term":[{"taxonomy":"category","embeddable":true,"href":"https:\/\/agenciainfra.com\/blog\/wp-json\/wp\/v2\/categories?post=4147"},{"taxonomy":"post_tag","embeddable":true,"href":"https:\/\/agenciainfra.com\/blog\/wp-json\/wp\/v2\/tags?post=4147"}],"curies":[{"name":"wp","href":"https:\/\/api.w.org\/{rel}","templated":true}]}}