{"id":4154,"date":"2019-12-16T08:00:31","date_gmt":"2019-12-16T11:00:31","guid":{"rendered":"http:\/\/www.agenciainfra.com\/blog\/?p=4154"},"modified":"2019-12-13T09:02:42","modified_gmt":"2019-12-13T12:02:42","slug":"orcamento-empenhado-do-dnit-em-2019-deve-ser-22-menor-que-o-do-ano-passado","status":"publish","type":"post","link":"https:\/\/agenciainfra.com\/blog\/orcamento-empenhado-do-dnit-em-2019-deve-ser-22-menor-que-o-do-ano-passado\/","title":{"rendered":"Or\u00e7amento empenhado do DNIT em 2019 deve ser 22% menor que o do ano passado"},"content":{"rendered":"<h5 style=\"text-align: right;\"><strong>Bernardo Gonzaga, da Ag\u00eancia iNFRA<\/strong><\/h5>\n<div>\n<p dir=\"ltr\">O DNIT (Departamento Nacional de Infraestrutura de Transportes) vai chegar ao final deste ano com cerca de 22% a menos de or\u00e7amento empenhado em rela\u00e7\u00e3o ao total investido no ano passado. At\u00e9 a semana passada, o departamento havia empenhado R$ 5,2 bilh\u00f5es contra R$ 6,7 bilh\u00f5es em 2018.<\/p>\n<p>Mesmo se a autarquia empenhar todo o restante dispon\u00edvel para este ano, ainda ficar\u00e1 muito distante do total investido no ano passado. Os dados foram obtidos pelo portal Siga Brasil, que disponibiliza dados or\u00e7ament\u00e1rios da Uni\u00e3o, autarquias e estatais.<\/p>\n<p>Neste ano, o \u00f3rg\u00e3o teve aprovado o seu menor or\u00e7amento da d\u00e9cada. Reportagem da\u00a0<strong>Ag\u00eancia iNFRA<\/strong>\u00a0de agosto j\u00e1 apontava que o \u00f3rg\u00e3o tinha at\u00e9 ent\u00e3o uma das mais baixas execu\u00e7\u00f5es or\u00e7ament\u00e1rias no per\u00edodo. A reportagem est\u00e1\u00a0<a href=\"https:\/\/agenciainfra.us14.list-manage.com\/track\/click?u=d460dd1bcf9ba0ae040e1fc0f&amp;id=a61ad9c7df&amp;e=c099169394\" target=\"_blank\" rel=\"noopener noreferrer\" data-saferedirecturl=\"https:\/\/www.google.com\/url?q=https:\/\/agenciainfra.us14.list-manage.com\/track\/click?u%3Dd460dd1bcf9ba0ae040e1fc0f%26id%3Da61ad9c7df%26e%3Dc099169394&amp;source=gmail&amp;ust=1576316701244000&amp;usg=AFQjCNHebLChtGldX5G5BBOtfYD332cdOw\">neste link<\/a>.<\/p>\n<p>Outra diferen\u00e7a or\u00e7ament\u00e1ria que o DNIT sofreu neste ano foram os contingenciamentos. At\u00e9 o momento, a autarquia conta com R$ 57,5 milh\u00f5es bloqueados. Os estados afetados foram Rio Grande do Norte, Santa Catarina, Para\u00edba e Rond\u00f4nia. No ano passado n\u00e3o houve contingenciamentos.<\/p>\n<p>Neste ano, somente dois estados conseguiram empenhar mais verbas or\u00e7ament\u00e1rias do que em 2018. S\u00e3o eles: Rio Grande do Sul e Goi\u00e1s. O estado sulista conseguiu empenhar R$ 4,6 milh\u00f5es a mais do que no ano passado. J\u00e1 o estado da regi\u00e3o Centro-Oeste, R$ 53,3 milh\u00f5es.<\/p>\n<p>Os cortes or\u00e7ament\u00e1rios que a autarquia vem sofrendo t\u00eam impactado diretamente na qualidade das rodovias. Pesquisa CNT (Confedera\u00e7\u00e3o Nacional do Transporte) de 2019 revelou que 68% das rodovias administradas pelo estado est\u00e3o em condi\u00e7\u00f5es inadequadas.<\/p>\n<p>Para o ano que vem, a perspectiva \u00e9 que o valor disponibilizado para investimento seja menor ainda. O diretor-geral do DNIT, general Santos Filho, j\u00e1 declarou que o ideal seria que a autarquia tivesse R$ 12 bilh\u00f5es para investir, mas que a LOA (Lei Or\u00e7ament\u00e1ria Anual) de 2020 dever\u00e1 disponibilizar somente R$ 3,1 bilh\u00f5es para investimento. O or\u00e7amento dever\u00e1 ser votado pelo Congresso na pr\u00f3xima semana.<\/p>\n<p>Com isso, a sa\u00edda que o DNIT tem buscado \u00e9 conversar com as bancadas estaduais para alocar recursos para obras priorit\u00e1rias, ou seja, aquelas de maior relev\u00e2ncia e que tenham condi\u00e7\u00f5es de serem finalizadas.<\/p>\n<p>Em resposta, o DNIT informou que j\u00e1 havia empenhado 91% do or\u00e7amento de 2019 e que at\u00e9 o fim do ano ter\u00e1 empenhado 100% da previs\u00e3o. Questionado novamente sobre as consequ\u00eancias de um gasto menor que em 2018, o \u00f3rg\u00e3o n\u00e3o respondeu.<\/p>\n<p><strong>Asfalto<\/strong><br \/>\nEm a\u00e7\u00e3o impetrada por associa\u00e7\u00f5es do setor de constru\u00e7\u00e3o, o juiz Renato Coelho Borelli, da 9\u00ba Vara Federal C\u00edvel da Se\u00e7\u00e3o Judici\u00e1ria do Distrito Federal,\u00a0intimou o DNIT para que esclare\u00e7a a abrang\u00eancia do per\u00edodo usado para aplicar a\u00a0metodologia de reequil\u00edbrio dos contratos de obras do \u00f3rg\u00e3o por causa do aumento do pre\u00e7o dos insumos de asfalto.<\/p>\n<p>Segundo Carlos Eduardo Lima Jorge, presidente da Comiss\u00e3o de Infraestrutura da CBIC (C\u00e2mara Brasileira da Ind\u00fastria da Constru\u00e7\u00e3o), o DNIT n\u00e3o cumprir\u00e1 a decis\u00e3o judicial proferida que determina o reequil\u00edbrio dos contratos se n\u00e3o utilizar o ano de 2018 no c\u00e1lculo, porque foi nele que ocorreu quase a totalidade do aumento dos insumos betuminosos.<\/p>\n<p>Caso tenha que reequilibrar contratos, a tend\u00eancia \u00e9 que o \u00f3rg\u00e3o possa fazer ainda menos obras nos anos posteriores, j\u00e1 que o or\u00e7amento est\u00e1 diminuindo e os custos para fazer as obras, aumentando.<\/p>\n<\/div>\n","protected":false},"excerpt":{"rendered":"<p>Bernardo Gonzaga, da Ag\u00eancia iNFRA O DNIT (Departamento Nacional de Infraestrutura de Transportes) vai chegar ao final deste ano com cerca de 22% a menos de or\u00e7amento empenhado em rela\u00e7\u00e3o ao total investido no ano passado. At\u00e9 a semana passada, o departamento havia empenhado R$ 5,2 bilh\u00f5es contra R$ 6,7 bilh\u00f5es em 2018. Mesmo se [&hellip;]<\/p>\n","protected":false},"author":9,"featured_media":4155,"comment_status":"closed","ping_status":"closed","sticky":false,"template":"","format":"standard","meta":{"_monsterinsights_skip_tracking":false,"_monsterinsights_sitenote_active":false,"_monsterinsights_sitenote_note":"","_monsterinsights_sitenote_category":0,"footnotes":""},"categories":[7],"tags":[130,328,1536,702,167],"class_list":["post-4154","post","type-post","status-publish","format-standard","has-post-thumbnail","hentry","category-infratransporte","tag-cbic","tag-dnit","tag-general-santos-filho","tag-investimento","tag-orcamento"],"yoast_head":"<!-- This site is optimized with the Yoast SEO Premium plugin v25.4 (Yoast SEO v26.0) - https:\/\/yoast.com\/wordpress\/plugins\/seo\/ -->\n<title>Or\u00e7amento empenhado do DNIT em 2019 deve ser 22% menor que o do ano passado - Ag\u00eancia iNFRA<\/title>\n<meta name=\"robots\" content=\"index, follow, max-snippet:-1, max-image-preview:large, max-video-preview:-1\" \/>\n<link rel=\"canonical\" href=\"https:\/\/agenciainfra.com\/blog\/orcamento-empenhado-do-dnit-em-2019-deve-ser-22-menor-que-o-do-ano-passado\/\" \/>\n<meta property=\"og:locale\" content=\"pt_BR\" \/>\n<meta property=\"og:type\" content=\"article\" \/>\n<meta property=\"og:title\" content=\"Or\u00e7amento empenhado do DNIT em 2019 deve ser 22% menor que o do ano passado\" \/>\n<meta property=\"og:description\" content=\"Bernardo Gonzaga, da Ag\u00eancia iNFRA O DNIT (Departamento Nacional de Infraestrutura de Transportes) vai chegar ao final deste ano com cerca de 22% a menos de or\u00e7amento empenhado em rela\u00e7\u00e3o ao total investido no ano passado. At\u00e9 a semana passada, o departamento havia empenhado R$ 5,2 bilh\u00f5es contra R$ 6,7 bilh\u00f5es em 2018. Mesmo se [&hellip;]\" \/>\n<meta property=\"og:url\" content=\"https:\/\/agenciainfra.com\/blog\/orcamento-empenhado-do-dnit-em-2019-deve-ser-22-menor-que-o-do-ano-passado\/\" \/>\n<meta property=\"og:site_name\" content=\"Ag\u00eancia iNFRA\" \/>\n<meta property=\"article:publisher\" content=\"https:\/\/www.facebook.com\/ageninfra\" \/>\n<meta property=\"article:published_time\" content=\"2019-12-16T11:00:31+00:00\" \/>\n<meta property=\"og:image\" content=\"https:\/\/agenciainfra.com\/blog\/wp-content\/uploads\/2019\/12\/sede-DNIT.jpeg\" \/>\n\t<meta property=\"og:image:width\" content=\"768\" \/>\n\t<meta property=\"og:image:height\" content=\"529\" \/>\n\t<meta property=\"og:image:type\" content=\"image\/jpeg\" \/>\n<meta name=\"author\" content=\"Rodrigo Zuquim\" \/>\n<meta name=\"twitter:card\" content=\"summary_large_image\" \/>\n<meta name=\"twitter:creator\" content=\"@agencia_infra\" \/>\n<meta name=\"twitter:site\" content=\"@agencia_infra\" \/>\n<meta name=\"twitter:label1\" content=\"Escrito por\" \/>\n\t<meta name=\"twitter:data1\" content=\"Rodrigo Zuquim\" \/>\n\t<meta name=\"twitter:label2\" content=\"Est. tempo de leitura\" \/>\n\t<meta name=\"twitter:data2\" content=\"3 minutos\" \/>\n<script type=\"application\/ld+json\" class=\"yoast-schema-graph\">{\"@context\":\"https:\/\/schema.org\",\"@graph\":[{\"@type\":\"Article\",\"@id\":\"https:\/\/agenciainfra.com\/blog\/orcamento-empenhado-do-dnit-em-2019-deve-ser-22-menor-que-o-do-ano-passado\/#article\",\"isPartOf\":{\"@id\":\"https:\/\/agenciainfra.com\/blog\/orcamento-empenhado-do-dnit-em-2019-deve-ser-22-menor-que-o-do-ano-passado\/\"},\"author\":{\"name\":\"Rodrigo Zuquim\",\"@id\":\"https:\/\/agenciainfra.com\/blog\/#\/schema\/person\/04dbb79bd6d8951f063da71f3e4c1eb1\"},\"headline\":\"Or\u00e7amento empenhado do DNIT em 2019 deve ser 22% menor que o do ano passado\",\"datePublished\":\"2019-12-16T11:00:31+00:00\",\"mainEntityOfPage\":{\"@id\":\"https:\/\/agenciainfra.com\/blog\/orcamento-empenhado-do-dnit-em-2019-deve-ser-22-menor-que-o-do-ano-passado\/\"},\"wordCount\":612,\"publisher\":{\"@id\":\"https:\/\/agenciainfra.com\/blog\/#organization\"},\"image\":{\"@id\":\"https:\/\/agenciainfra.com\/blog\/orcamento-empenhado-do-dnit-em-2019-deve-ser-22-menor-que-o-do-ano-passado\/#primaryimage\"},\"thumbnailUrl\":\"https:\/\/agenciainfra.com\/blog\/wp-content\/uploads\/2019\/12\/sede-DNIT.jpeg\",\"keywords\":[\"CBIC\",\"DNIT\",\"general Santos Filho\",\"Investimento\",\"Or\u00e7amento\"],\"articleSection\":[\"iNFRATransporte\"],\"inLanguage\":\"pt-BR\",\"copyrightYear\":\"2019\",\"copyrightHolder\":{\"@id\":\"https:\/\/agenciainfra.com\/blog\/#organization\"}},{\"@type\":\"WebPage\",\"@id\":\"https:\/\/agenciainfra.com\/blog\/orcamento-empenhado-do-dnit-em-2019-deve-ser-22-menor-que-o-do-ano-passado\/\",\"url\":\"https:\/\/agenciainfra.com\/blog\/orcamento-empenhado-do-dnit-em-2019-deve-ser-22-menor-que-o-do-ano-passado\/\",\"name\":\"Or\u00e7amento empenhado do DNIT em 2019 deve ser 22% menor que o do ano passado - Ag\u00eancia iNFRA\",\"isPartOf\":{\"@id\":\"https:\/\/agenciainfra.com\/blog\/#website\"},\"primaryImageOfPage\":{\"@id\":\"https:\/\/agenciainfra.com\/blog\/orcamento-empenhado-do-dnit-em-2019-deve-ser-22-menor-que-o-do-ano-passado\/#primaryimage\"},\"image\":{\"@id\":\"https:\/\/agenciainfra.com\/blog\/orcamento-empenhado-do-dnit-em-2019-deve-ser-22-menor-que-o-do-ano-passado\/#primaryimage\"},\"thumbnailUrl\":\"https:\/\/agenciainfra.com\/blog\/wp-content\/uploads\/2019\/12\/sede-DNIT.jpeg\",\"datePublished\":\"2019-12-16T11:00:31+00:00\",\"breadcrumb\":{\"@id\":\"https:\/\/agenciainfra.com\/blog\/orcamento-empenhado-do-dnit-em-2019-deve-ser-22-menor-que-o-do-ano-passado\/#breadcrumb\"},\"inLanguage\":\"pt-BR\",\"potentialAction\":[{\"@type\":\"ReadAction\",\"target\":[\"https:\/\/agenciainfra.com\/blog\/orcamento-empenhado-do-dnit-em-2019-deve-ser-22-menor-que-o-do-ano-passado\/\"]}]},{\"@type\":\"ImageObject\",\"inLanguage\":\"pt-BR\",\"@id\":\"https:\/\/agenciainfra.com\/blog\/orcamento-empenhado-do-dnit-em-2019-deve-ser-22-menor-que-o-do-ano-passado\/#primaryimage\",\"url\":\"https:\/\/agenciainfra.com\/blog\/wp-content\/uploads\/2019\/12\/sede-DNIT.jpeg\",\"contentUrl\":\"https:\/\/agenciainfra.com\/blog\/wp-content\/uploads\/2019\/12\/sede-DNIT.jpeg\",\"width\":768,\"height\":529},{\"@type\":\"BreadcrumbList\",\"@id\":\"https:\/\/agenciainfra.com\/blog\/orcamento-empenhado-do-dnit-em-2019-deve-ser-22-menor-que-o-do-ano-passado\/#breadcrumb\",\"itemListElement\":[{\"@type\":\"ListItem\",\"position\":1,\"name\":\"In\u00edcio\",\"item\":\"https:\/\/agenciainfra.com\/blog\/\"},{\"@type\":\"ListItem\",\"position\":2,\"name\":\"Or\u00e7amento empenhado do DNIT em 2019 deve ser 22% menor que o do ano passado\"}]},{\"@type\":\"WebSite\",\"@id\":\"https:\/\/agenciainfra.com\/blog\/#website\",\"url\":\"https:\/\/agenciainfra.com\/blog\/\",\"name\":\"Ag\u00eancia iNFRA\",\"description\":\"Multiplataforma de informa\u00e7\u00e3o jornal\u00edstica refer\u00eancia na \u00e1rea de infraestrutura no Brasil!\",\"publisher\":{\"@id\":\"https:\/\/agenciainfra.com\/blog\/#organization\"},\"potentialAction\":[{\"@type\":\"SearchAction\",\"target\":{\"@type\":\"EntryPoint\",\"urlTemplate\":\"https:\/\/agenciainfra.com\/blog\/?s={search_term_string}\"},\"query-input\":{\"@type\":\"PropertyValueSpecification\",\"valueRequired\":true,\"valueName\":\"search_term_string\"}}],\"inLanguage\":\"pt-BR\"},{\"@type\":\"Organization\",\"@id\":\"https:\/\/agenciainfra.com\/blog\/#organization\",\"name\":\"Ag\u00eancia iNFRA\",\"url\":\"https:\/\/agenciainfra.com\/blog\/\",\"logo\":{\"@type\":\"ImageObject\",\"inLanguage\":\"pt-BR\",\"@id\":\"https:\/\/agenciainfra.com\/blog\/#\/schema\/logo\/image\/\",\"url\":\"https:\/\/agenciainfra.com\/blog\/wp-content\/uploads\/2023\/09\/iNFRA_5-e1761735885940.png\",\"contentUrl\":\"https:\/\/agenciainfra.com\/blog\/wp-content\/uploads\/2023\/09\/iNFRA_5-e1761735885940.png\",\"width\":1672,\"height\":454,\"caption\":\"Ag\u00eancia iNFRA\"},\"image\":{\"@id\":\"https:\/\/agenciainfra.com\/blog\/#\/schema\/logo\/image\/\"},\"sameAs\":[\"https:\/\/www.facebook.com\/ageninfra\",\"https:\/\/x.com\/agencia_infra\",\"https:\/\/www.linkedin.com\/company\/ag\u00eanciainfra\/\",\"https:\/\/www.instagram.com\/agenciainfra\/\"]},{\"@type\":\"Person\",\"@id\":\"https:\/\/agenciainfra.com\/blog\/#\/schema\/person\/04dbb79bd6d8951f063da71f3e4c1eb1\",\"name\":\"Rodrigo Zuquim\",\"image\":{\"@type\":\"ImageObject\",\"inLanguage\":\"pt-BR\",\"@id\":\"https:\/\/agenciainfra.com\/blog\/#\/schema\/person\/image\/\",\"url\":\"https:\/\/secure.gravatar.com\/avatar\/594abfe82761d620726242ff34ca472a705a4b97f16c790053a6b4c4035274d0?s=96&d=mm&r=g\",\"contentUrl\":\"https:\/\/secure.gravatar.com\/avatar\/594abfe82761d620726242ff34ca472a705a4b97f16c790053a6b4c4035274d0?s=96&d=mm&r=g\",\"caption\":\"Rodrigo Zuquim\"},\"url\":\"https:\/\/agenciainfra.com\/blog\/author\/rodrigo-zuquim\/\"}]}<\/script>\n<!-- \/ Yoast SEO Premium plugin. -->","yoast_head_json":{"title":"Or\u00e7amento empenhado do DNIT em 2019 deve ser 22% menor que o do ano passado - Ag\u00eancia iNFRA","robots":{"index":"index","follow":"follow","max-snippet":"max-snippet:-1","max-image-preview":"max-image-preview:large","max-video-preview":"max-video-preview:-1"},"canonical":"https:\/\/agenciainfra.com\/blog\/orcamento-empenhado-do-dnit-em-2019-deve-ser-22-menor-que-o-do-ano-passado\/","og_locale":"pt_BR","og_type":"article","og_title":"Or\u00e7amento empenhado do DNIT em 2019 deve ser 22% menor que o do ano passado","og_description":"Bernardo Gonzaga, da Ag\u00eancia iNFRA O DNIT (Departamento Nacional de Infraestrutura de Transportes) vai chegar ao final deste ano com cerca de 22% a menos de or\u00e7amento empenhado em rela\u00e7\u00e3o ao total investido no ano passado. At\u00e9 a semana passada, o departamento havia empenhado R$ 5,2 bilh\u00f5es contra R$ 6,7 bilh\u00f5es em 2018. Mesmo se [&hellip;]","og_url":"https:\/\/agenciainfra.com\/blog\/orcamento-empenhado-do-dnit-em-2019-deve-ser-22-menor-que-o-do-ano-passado\/","og_site_name":"Ag\u00eancia iNFRA","article_publisher":"https:\/\/www.facebook.com\/ageninfra","article_published_time":"2019-12-16T11:00:31+00:00","og_image":[{"width":768,"height":529,"url":"https:\/\/agenciainfra.com\/blog\/wp-content\/uploads\/2019\/12\/sede-DNIT.jpeg","type":"image\/jpeg"}],"author":"Rodrigo Zuquim","twitter_card":"summary_large_image","twitter_creator":"@agencia_infra","twitter_site":"@agencia_infra","twitter_misc":{"Escrito por":"Rodrigo Zuquim","Est. tempo de leitura":"3 minutos"},"schema":{"@context":"https:\/\/schema.org","@graph":[{"@type":"Article","@id":"https:\/\/agenciainfra.com\/blog\/orcamento-empenhado-do-dnit-em-2019-deve-ser-22-menor-que-o-do-ano-passado\/#article","isPartOf":{"@id":"https:\/\/agenciainfra.com\/blog\/orcamento-empenhado-do-dnit-em-2019-deve-ser-22-menor-que-o-do-ano-passado\/"},"author":{"name":"Rodrigo Zuquim","@id":"https:\/\/agenciainfra.com\/blog\/#\/schema\/person\/04dbb79bd6d8951f063da71f3e4c1eb1"},"headline":"Or\u00e7amento empenhado do DNIT em 2019 deve ser 22% menor que o do ano passado","datePublished":"2019-12-16T11:00:31+00:00","mainEntityOfPage":{"@id":"https:\/\/agenciainfra.com\/blog\/orcamento-empenhado-do-dnit-em-2019-deve-ser-22-menor-que-o-do-ano-passado\/"},"wordCount":612,"publisher":{"@id":"https:\/\/agenciainfra.com\/blog\/#organization"},"image":{"@id":"https:\/\/agenciainfra.com\/blog\/orcamento-empenhado-do-dnit-em-2019-deve-ser-22-menor-que-o-do-ano-passado\/#primaryimage"},"thumbnailUrl":"https:\/\/agenciainfra.com\/blog\/wp-content\/uploads\/2019\/12\/sede-DNIT.jpeg","keywords":["CBIC","DNIT","general Santos Filho","Investimento","Or\u00e7amento"],"articleSection":["iNFRATransporte"],"inLanguage":"pt-BR","copyrightYear":"2019","copyrightHolder":{"@id":"https:\/\/agenciainfra.com\/blog\/#organization"}},{"@type":"WebPage","@id":"https:\/\/agenciainfra.com\/blog\/orcamento-empenhado-do-dnit-em-2019-deve-ser-22-menor-que-o-do-ano-passado\/","url":"https:\/\/agenciainfra.com\/blog\/orcamento-empenhado-do-dnit-em-2019-deve-ser-22-menor-que-o-do-ano-passado\/","name":"Or\u00e7amento empenhado do DNIT em 2019 deve ser 22% menor que o do ano passado - Ag\u00eancia iNFRA","isPartOf":{"@id":"https:\/\/agenciainfra.com\/blog\/#website"},"primaryImageOfPage":{"@id":"https:\/\/agenciainfra.com\/blog\/orcamento-empenhado-do-dnit-em-2019-deve-ser-22-menor-que-o-do-ano-passado\/#primaryimage"},"image":{"@id":"https:\/\/agenciainfra.com\/blog\/orcamento-empenhado-do-dnit-em-2019-deve-ser-22-menor-que-o-do-ano-passado\/#primaryimage"},"thumbnailUrl":"https:\/\/agenciainfra.com\/blog\/wp-content\/uploads\/2019\/12\/sede-DNIT.jpeg","datePublished":"2019-12-16T11:00:31+00:00","breadcrumb":{"@id":"https:\/\/agenciainfra.com\/blog\/orcamento-empenhado-do-dnit-em-2019-deve-ser-22-menor-que-o-do-ano-passado\/#breadcrumb"},"inLanguage":"pt-BR","potentialAction":[{"@type":"ReadAction","target":["https:\/\/agenciainfra.com\/blog\/orcamento-empenhado-do-dnit-em-2019-deve-ser-22-menor-que-o-do-ano-passado\/"]}]},{"@type":"ImageObject","inLanguage":"pt-BR","@id":"https:\/\/agenciainfra.com\/blog\/orcamento-empenhado-do-dnit-em-2019-deve-ser-22-menor-que-o-do-ano-passado\/#primaryimage","url":"https:\/\/agenciainfra.com\/blog\/wp-content\/uploads\/2019\/12\/sede-DNIT.jpeg","contentUrl":"https:\/\/agenciainfra.com\/blog\/wp-content\/uploads\/2019\/12\/sede-DNIT.jpeg","width":768,"height":529},{"@type":"BreadcrumbList","@id":"https:\/\/agenciainfra.com\/blog\/orcamento-empenhado-do-dnit-em-2019-deve-ser-22-menor-que-o-do-ano-passado\/#breadcrumb","itemListElement":[{"@type":"ListItem","position":1,"name":"In\u00edcio","item":"https:\/\/agenciainfra.com\/blog\/"},{"@type":"ListItem","position":2,"name":"Or\u00e7amento empenhado do DNIT em 2019 deve ser 22% menor que o do ano passado"}]},{"@type":"WebSite","@id":"https:\/\/agenciainfra.com\/blog\/#website","url":"https:\/\/agenciainfra.com\/blog\/","name":"Ag\u00eancia iNFRA","description":"Multiplataforma de informa\u00e7\u00e3o jornal\u00edstica refer\u00eancia na \u00e1rea de infraestrutura no Brasil!","publisher":{"@id":"https:\/\/agenciainfra.com\/blog\/#organization"},"potentialAction":[{"@type":"SearchAction","target":{"@type":"EntryPoint","urlTemplate":"https:\/\/agenciainfra.com\/blog\/?s={search_term_string}"},"query-input":{"@type":"PropertyValueSpecification","valueRequired":true,"valueName":"search_term_string"}}],"inLanguage":"pt-BR"},{"@type":"Organization","@id":"https:\/\/agenciainfra.com\/blog\/#organization","name":"Ag\u00eancia iNFRA","url":"https:\/\/agenciainfra.com\/blog\/","logo":{"@type":"ImageObject","inLanguage":"pt-BR","@id":"https:\/\/agenciainfra.com\/blog\/#\/schema\/logo\/image\/","url":"https:\/\/agenciainfra.com\/blog\/wp-content\/uploads\/2023\/09\/iNFRA_5-e1761735885940.png","contentUrl":"https:\/\/agenciainfra.com\/blog\/wp-content\/uploads\/2023\/09\/iNFRA_5-e1761735885940.png","width":1672,"height":454,"caption":"Ag\u00eancia iNFRA"},"image":{"@id":"https:\/\/agenciainfra.com\/blog\/#\/schema\/logo\/image\/"},"sameAs":["https:\/\/www.facebook.com\/ageninfra","https:\/\/x.com\/agencia_infra","https:\/\/www.linkedin.com\/company\/ag\u00eanciainfra\/","https:\/\/www.instagram.com\/agenciainfra\/"]},{"@type":"Person","@id":"https:\/\/agenciainfra.com\/blog\/#\/schema\/person\/04dbb79bd6d8951f063da71f3e4c1eb1","name":"Rodrigo Zuquim","image":{"@type":"ImageObject","inLanguage":"pt-BR","@id":"https:\/\/agenciainfra.com\/blog\/#\/schema\/person\/image\/","url":"https:\/\/secure.gravatar.com\/avatar\/594abfe82761d620726242ff34ca472a705a4b97f16c790053a6b4c4035274d0?s=96&d=mm&r=g","contentUrl":"https:\/\/secure.gravatar.com\/avatar\/594abfe82761d620726242ff34ca472a705a4b97f16c790053a6b4c4035274d0?s=96&d=mm&r=g","caption":"Rodrigo Zuquim"},"url":"https:\/\/agenciainfra.com\/blog\/author\/rodrigo-zuquim\/"}]}},"_links":{"self":[{"href":"https:\/\/agenciainfra.com\/blog\/wp-json\/wp\/v2\/posts\/4154","targetHints":{"allow":["GET"]}}],"collection":[{"href":"https:\/\/agenciainfra.com\/blog\/wp-json\/wp\/v2\/posts"}],"about":[{"href":"https:\/\/agenciainfra.com\/blog\/wp-json\/wp\/v2\/types\/post"}],"author":[{"embeddable":true,"href":"https:\/\/agenciainfra.com\/blog\/wp-json\/wp\/v2\/users\/9"}],"replies":[{"embeddable":true,"href":"https:\/\/agenciainfra.com\/blog\/wp-json\/wp\/v2\/comments?post=4154"}],"version-history":[{"count":0,"href":"https:\/\/agenciainfra.com\/blog\/wp-json\/wp\/v2\/posts\/4154\/revisions"}],"wp:featuredmedia":[{"embeddable":true,"href":"https:\/\/agenciainfra.com\/blog\/wp-json\/wp\/v2\/media\/4155"}],"wp:attachment":[{"href":"https:\/\/agenciainfra.com\/blog\/wp-json\/wp\/v2\/media?parent=4154"}],"wp:term":[{"taxonomy":"category","embeddable":true,"href":"https:\/\/agenciainfra.com\/blog\/wp-json\/wp\/v2\/categories?post=4154"},{"taxonomy":"post_tag","embeddable":true,"href":"https:\/\/agenciainfra.com\/blog\/wp-json\/wp\/v2\/tags?post=4154"}],"curies":[{"name":"wp","href":"https:\/\/api.w.org\/{rel}","templated":true}]}}