{"id":4181,"date":"2019-12-22T08:00:26","date_gmt":"2019-12-22T11:00:26","guid":{"rendered":"http:\/\/www.agenciainfra.com\/blog\/?p=4181"},"modified":"2019-12-19T20:05:12","modified_gmt":"2019-12-19T23:05:12","slug":"abraget-recebe-bem-sistematica-do-mme-para-leiloes-de-termicas-a-4-e-a-5","status":"publish","type":"post","link":"https:\/\/agenciainfra.com\/blog\/abraget-recebe-bem-sistematica-do-mme-para-leiloes-de-termicas-a-4-e-a-5\/","title":{"rendered":"Abraget recebe bem sistem\u00e1tica do MME para leil\u00f5es de t\u00e9rmicas A-4 e A-5"},"content":{"rendered":"<h5 style=\"text-align: right;\"><strong>Leila Coimbra,\u00a0da Ag\u00eancia iNFRA<\/strong><\/h5>\n<p dir=\"ltr\">A sistem\u00e1tica dos leil\u00f5es de gera\u00e7\u00e3o t\u00e9rmica A-4 e A-5 de 2020, elaborada pelo Minist\u00e9rio de Minas e Energia, agradou o presidente da Abraget (Associa\u00e7\u00e3o Brasileira de Gera\u00e7\u00e3o Termel\u00e9trica), Xisto Vieira Filho.\u201cQuase todas as contribui\u00e7\u00f5es foram atendidas, sem contar a iniciativa dos leil\u00f5es em si, que \u00e9 excelente, superimportante\u201d, disse Xisto. A consulta p\u00fablica com a metodologia dos certames, aberta no \u00faltimo dia 10 de dezembro, encerrou-se na \u00faltima sexta-feira, dia 20.<\/p>\n<p><strong>Pre\u00e7o do combust\u00edvel<\/strong><br \/>\nSegundo o executivo, um dos pontos relevantes foi a possibilidade de corre\u00e7\u00e3o do pre\u00e7o do combust\u00edvel das t\u00e9rmicas vendedoras pelo JKM (Japan\/Korea Market), que \u00e9 o valor do g\u00e1s natural\u00a0comprado na \u00c1sia. Nos contratos anteriores, apenas os pre\u00e7os do Henry Hub, que representam as cota\u00e7\u00f5es nos Estados Unidos, eram levados em considera\u00e7\u00e3o nos leil\u00f5es no Brasil, explicou o presidente da Abraget.<\/p>\n<p><strong>CVU de R$ 300<\/strong><br \/>\nSobre o pre\u00e7o teto de R$ 300 o MWh para o CVU (Custo Vari\u00e1vel Unit\u00e1rio) da energia produzida pelas usinas \u2013 determinado pela ANEEL (Ag\u00eancia Nacional de Energia El\u00e9trica) na \u00faltima ter\u00e7a (17) \u2013, Xisto disse que \u201cesse patamar j\u00e1 era esperado\u201d.<\/p>\n<p>O valor \u00e9 cerca de um ter\u00e7o do pre\u00e7o dos contratos atuais de t\u00e9rmicas a \u00f3leo combust\u00edvel e diesel, com CVU em torno de R$ 1 mil o MWh. Esses contratos antigos ser\u00e3o substitu\u00eddos pelos novos, com pre\u00e7os mais baixos.<\/p>\n<p><strong>Lance marginal<\/strong><br \/>\nO executivo fez uma ressalva em rela\u00e7\u00e3o \u00e0 manuten\u00e7\u00e3o do lance marginal nas regras dos leil\u00f5es pelo Minist\u00e9rio de Minas e Energia. O lance marginal foi uma regra introduzida nos leil\u00f5es a partir de 2018 para reduzir os riscos de sobrecontrata\u00e7\u00e3o nas distribuidoras, mas inviabiliza alguns projetos de gera\u00e7\u00e3o.<\/p>\n<p>Xisto\u00a0explicou: \u201cDigamos que voc\u00ea tenha uma t\u00e9rmica de 500 MW, mas est\u00e3o sobrando apenas 350 MW de demanda no leil\u00e3o. No \u00faltimo lance do leil\u00e3o, esses 500 MW seriam todos incorporados, sem a regra do lance marginal\u201d. Com a regra ainda vigente, o projeto termel\u00e9trico n\u00e3o seria viabilizado.<\/p>\n<p>Uma das alternativas propostas pela Abraget seria escalonar a quantidade excedente de energia nos pr\u00f3ximos anos para viabilizar o investimento. \u201cPor exemplo, se sobrassem 300 MW, entrariam 100 MW por ano, nos pr\u00f3ximos tr\u00eas anos\u201d, disse.<\/p>\n<p><strong>Os leil\u00f5es<\/strong><br \/>\nOs leil\u00f5es ser\u00e3o realizados, um ap\u00f3s o outro, no dia 30 de abril de 2020. Poder\u00e3o participar t\u00e9rmicas a carv\u00e3o mineral e a g\u00e1s natural. Uma eventual compra frustrada no leil\u00e3o \u201cA-4\u201d n\u00e3o ser\u00e1 contratada no \u201cA-5\u201d.\u00a0Para o A-4, ser\u00e3o aceitas propostas na modalidade disponibilidade, com in\u00edcio de suprimento em 1\u00ba de janeiro de 2024 e t\u00e9rmino de suprimento em 31 de dezembro de 2038. Para o A-5, o in\u00edcio de suprimento ocorre em 1\u00ba de janeiro de 2025 e o t\u00e9rmino de suprimento, em 2039.<\/p>\n","protected":false},"excerpt":{"rendered":"<p>Leila Coimbra,\u00a0da Ag\u00eancia iNFRA A sistem\u00e1tica dos leil\u00f5es de gera\u00e7\u00e3o t\u00e9rmica A-4 e A-5 de 2020, elaborada pelo Minist\u00e9rio de Minas e Energia, agradou o presidente da Abraget (Associa\u00e7\u00e3o Brasileira de Gera\u00e7\u00e3o Termel\u00e9trica), Xisto Vieira Filho.\u201cQuase todas as contribui\u00e7\u00f5es foram atendidas, sem contar a iniciativa dos leil\u00f5es em si, que \u00e9 excelente, superimportante\u201d, disse Xisto. [&hellip;]<\/p>\n","protected":false},"author":9,"featured_media":4182,"comment_status":"closed","ping_status":"closed","sticky":false,"template":"","format":"standard","meta":{"_monsterinsights_skip_tracking":false,"_monsterinsights_sitenote_active":false,"_monsterinsights_sitenote_note":"","_monsterinsights_sitenote_category":0,"footnotes":""},"categories":[10],"tags":[724,829,1547,1548,519,1552],"class_list":["post-4181","post","type-post","status-publish","format-standard","has-post-thumbnail","hentry","category-infraenergia","tag-abraget","tag-geracao-termica","tag-leilao-a-4","tag-leilao-a-5","tag-minas-e-energia","tag-xisto-vieira-filho"],"yoast_head":"<!-- This site is optimized with the Yoast SEO Premium plugin v25.4 (Yoast SEO v26.0) - https:\/\/yoast.com\/wordpress\/plugins\/seo\/ -->\n<title>Abraget recebe bem sistem\u00e1tica do MME para leil\u00f5es de t\u00e9rmicas A-4 e A-5 - Ag\u00eancia iNFRA<\/title>\n<meta name=\"robots\" content=\"index, follow, max-snippet:-1, max-image-preview:large, max-video-preview:-1\" \/>\n<link rel=\"canonical\" href=\"https:\/\/agenciainfra.com\/blog\/abraget-recebe-bem-sistematica-do-mme-para-leiloes-de-termicas-a-4-e-a-5\/\" \/>\n<meta property=\"og:locale\" content=\"pt_BR\" \/>\n<meta property=\"og:type\" content=\"article\" \/>\n<meta property=\"og:title\" content=\"Abraget recebe bem sistem\u00e1tica do MME para leil\u00f5es de t\u00e9rmicas A-4 e A-5\" \/>\n<meta property=\"og:description\" content=\"Leila Coimbra,\u00a0da Ag\u00eancia iNFRA A sistem\u00e1tica dos leil\u00f5es de gera\u00e7\u00e3o t\u00e9rmica A-4 e A-5 de 2020, elaborada pelo Minist\u00e9rio de Minas e Energia, agradou o presidente da Abraget (Associa\u00e7\u00e3o Brasileira de Gera\u00e7\u00e3o Termel\u00e9trica), Xisto Vieira Filho.\u201cQuase todas as contribui\u00e7\u00f5es foram atendidas, sem contar a iniciativa dos leil\u00f5es em si, que \u00e9 excelente, superimportante\u201d, disse Xisto. [&hellip;]\" \/>\n<meta property=\"og:url\" content=\"https:\/\/agenciainfra.com\/blog\/abraget-recebe-bem-sistematica-do-mme-para-leiloes-de-termicas-a-4-e-a-5\/\" \/>\n<meta property=\"og:site_name\" content=\"Ag\u00eancia iNFRA\" \/>\n<meta property=\"article:publisher\" content=\"https:\/\/www.facebook.com\/ageninfra\" \/>\n<meta property=\"article:published_time\" content=\"2019-12-22T11:00:26+00:00\" \/>\n<meta property=\"og:image\" content=\"https:\/\/agenciainfra.com\/blog\/wp-content\/uploads\/2019\/12\/usina-termica-dominio-publico.jpg\" \/>\n\t<meta property=\"og:image:width\" content=\"1200\" \/>\n\t<meta property=\"og:image:height\" content=\"675\" \/>\n\t<meta property=\"og:image:type\" content=\"image\/jpeg\" \/>\n<meta name=\"author\" content=\"Rodrigo Zuquim\" \/>\n<meta name=\"twitter:card\" content=\"summary_large_image\" \/>\n<meta name=\"twitter:creator\" content=\"@agencia_infra\" \/>\n<meta name=\"twitter:site\" content=\"@agencia_infra\" \/>\n<meta name=\"twitter:label1\" content=\"Escrito por\" \/>\n\t<meta name=\"twitter:data1\" content=\"Rodrigo Zuquim\" \/>\n\t<meta name=\"twitter:label2\" content=\"Est. tempo de leitura\" \/>\n\t<meta name=\"twitter:data2\" content=\"2 minutos\" \/>\n<script type=\"application\/ld+json\" class=\"yoast-schema-graph\">{\"@context\":\"https:\/\/schema.org\",\"@graph\":[{\"@type\":\"Article\",\"@id\":\"https:\/\/agenciainfra.com\/blog\/abraget-recebe-bem-sistematica-do-mme-para-leiloes-de-termicas-a-4-e-a-5\/#article\",\"isPartOf\":{\"@id\":\"https:\/\/agenciainfra.com\/blog\/abraget-recebe-bem-sistematica-do-mme-para-leiloes-de-termicas-a-4-e-a-5\/\"},\"author\":{\"name\":\"Rodrigo Zuquim\",\"@id\":\"https:\/\/agenciainfra.com\/blog\/#\/schema\/person\/04dbb79bd6d8951f063da71f3e4c1eb1\"},\"headline\":\"Abraget recebe bem sistem\u00e1tica do MME para leil\u00f5es de t\u00e9rmicas A-4 e A-5\",\"datePublished\":\"2019-12-22T11:00:26+00:00\",\"mainEntityOfPage\":{\"@id\":\"https:\/\/agenciainfra.com\/blog\/abraget-recebe-bem-sistematica-do-mme-para-leiloes-de-termicas-a-4-e-a-5\/\"},\"wordCount\":510,\"publisher\":{\"@id\":\"https:\/\/agenciainfra.com\/blog\/#organization\"},\"image\":{\"@id\":\"https:\/\/agenciainfra.com\/blog\/abraget-recebe-bem-sistematica-do-mme-para-leiloes-de-termicas-a-4-e-a-5\/#primaryimage\"},\"thumbnailUrl\":\"https:\/\/agenciainfra.com\/blog\/wp-content\/uploads\/2019\/12\/usina-termica-dominio-publico.jpg\",\"keywords\":[\"abraget\",\"gera\u00e7\u00e3o t\u00e9rmica\",\"leil\u00e3o A-4\",\"leil\u00e3o A-5\",\"Minas e Energia\",\"Xisto Vieira Filho\"],\"articleSection\":[\"iNFRAEnergia\"],\"inLanguage\":\"pt-BR\",\"copyrightYear\":\"2019\",\"copyrightHolder\":{\"@id\":\"https:\/\/agenciainfra.com\/blog\/#organization\"}},{\"@type\":\"WebPage\",\"@id\":\"https:\/\/agenciainfra.com\/blog\/abraget-recebe-bem-sistematica-do-mme-para-leiloes-de-termicas-a-4-e-a-5\/\",\"url\":\"https:\/\/agenciainfra.com\/blog\/abraget-recebe-bem-sistematica-do-mme-para-leiloes-de-termicas-a-4-e-a-5\/\",\"name\":\"Abraget recebe bem sistem\u00e1tica do MME para leil\u00f5es de t\u00e9rmicas A-4 e A-5 - Ag\u00eancia iNFRA\",\"isPartOf\":{\"@id\":\"https:\/\/agenciainfra.com\/blog\/#website\"},\"primaryImageOfPage\":{\"@id\":\"https:\/\/agenciainfra.com\/blog\/abraget-recebe-bem-sistematica-do-mme-para-leiloes-de-termicas-a-4-e-a-5\/#primaryimage\"},\"image\":{\"@id\":\"https:\/\/agenciainfra.com\/blog\/abraget-recebe-bem-sistematica-do-mme-para-leiloes-de-termicas-a-4-e-a-5\/#primaryimage\"},\"thumbnailUrl\":\"https:\/\/agenciainfra.com\/blog\/wp-content\/uploads\/2019\/12\/usina-termica-dominio-publico.jpg\",\"datePublished\":\"2019-12-22T11:00:26+00:00\",\"breadcrumb\":{\"@id\":\"https:\/\/agenciainfra.com\/blog\/abraget-recebe-bem-sistematica-do-mme-para-leiloes-de-termicas-a-4-e-a-5\/#breadcrumb\"},\"inLanguage\":\"pt-BR\",\"potentialAction\":[{\"@type\":\"ReadAction\",\"target\":[\"https:\/\/agenciainfra.com\/blog\/abraget-recebe-bem-sistematica-do-mme-para-leiloes-de-termicas-a-4-e-a-5\/\"]}]},{\"@type\":\"ImageObject\",\"inLanguage\":\"pt-BR\",\"@id\":\"https:\/\/agenciainfra.com\/blog\/abraget-recebe-bem-sistematica-do-mme-para-leiloes-de-termicas-a-4-e-a-5\/#primaryimage\",\"url\":\"https:\/\/agenciainfra.com\/blog\/wp-content\/uploads\/2019\/12\/usina-termica-dominio-publico.jpg\",\"contentUrl\":\"https:\/\/agenciainfra.com\/blog\/wp-content\/uploads\/2019\/12\/usina-termica-dominio-publico.jpg\",\"width\":1200,\"height\":675,\"caption\":\"Foto: Dom\u00ednio P\u00fablico\"},{\"@type\":\"BreadcrumbList\",\"@id\":\"https:\/\/agenciainfra.com\/blog\/abraget-recebe-bem-sistematica-do-mme-para-leiloes-de-termicas-a-4-e-a-5\/#breadcrumb\",\"itemListElement\":[{\"@type\":\"ListItem\",\"position\":1,\"name\":\"In\u00edcio\",\"item\":\"https:\/\/agenciainfra.com\/blog\/\"},{\"@type\":\"ListItem\",\"position\":2,\"name\":\"Abraget recebe bem sistem\u00e1tica do MME para leil\u00f5es de t\u00e9rmicas A-4 e A-5\"}]},{\"@type\":\"WebSite\",\"@id\":\"https:\/\/agenciainfra.com\/blog\/#website\",\"url\":\"https:\/\/agenciainfra.com\/blog\/\",\"name\":\"Ag\u00eancia iNFRA\",\"description\":\"Multiplataforma de informa\u00e7\u00e3o jornal\u00edstica refer\u00eancia na \u00e1rea de infraestrutura no Brasil!\",\"publisher\":{\"@id\":\"https:\/\/agenciainfra.com\/blog\/#organization\"},\"potentialAction\":[{\"@type\":\"SearchAction\",\"target\":{\"@type\":\"EntryPoint\",\"urlTemplate\":\"https:\/\/agenciainfra.com\/blog\/?s={search_term_string}\"},\"query-input\":{\"@type\":\"PropertyValueSpecification\",\"valueRequired\":true,\"valueName\":\"search_term_string\"}}],\"inLanguage\":\"pt-BR\"},{\"@type\":\"Organization\",\"@id\":\"https:\/\/agenciainfra.com\/blog\/#organization\",\"name\":\"Ag\u00eancia iNFRA\",\"url\":\"https:\/\/agenciainfra.com\/blog\/\",\"logo\":{\"@type\":\"ImageObject\",\"inLanguage\":\"pt-BR\",\"@id\":\"https:\/\/agenciainfra.com\/blog\/#\/schema\/logo\/image\/\",\"url\":\"https:\/\/agenciainfra.com\/blog\/wp-content\/uploads\/2023\/09\/iNFRA_5-e1761735885940.png\",\"contentUrl\":\"https:\/\/agenciainfra.com\/blog\/wp-content\/uploads\/2023\/09\/iNFRA_5-e1761735885940.png\",\"width\":1672,\"height\":454,\"caption\":\"Ag\u00eancia iNFRA\"},\"image\":{\"@id\":\"https:\/\/agenciainfra.com\/blog\/#\/schema\/logo\/image\/\"},\"sameAs\":[\"https:\/\/www.facebook.com\/ageninfra\",\"https:\/\/x.com\/agencia_infra\",\"https:\/\/www.linkedin.com\/company\/ag\u00eanciainfra\/\",\"https:\/\/www.instagram.com\/agenciainfra\/\"]},{\"@type\":\"Person\",\"@id\":\"https:\/\/agenciainfra.com\/blog\/#\/schema\/person\/04dbb79bd6d8951f063da71f3e4c1eb1\",\"name\":\"Rodrigo Zuquim\",\"image\":{\"@type\":\"ImageObject\",\"inLanguage\":\"pt-BR\",\"@id\":\"https:\/\/agenciainfra.com\/blog\/#\/schema\/person\/image\/\",\"url\":\"https:\/\/secure.gravatar.com\/avatar\/594abfe82761d620726242ff34ca472a705a4b97f16c790053a6b4c4035274d0?s=96&d=mm&r=g\",\"contentUrl\":\"https:\/\/secure.gravatar.com\/avatar\/594abfe82761d620726242ff34ca472a705a4b97f16c790053a6b4c4035274d0?s=96&d=mm&r=g\",\"caption\":\"Rodrigo Zuquim\"},\"url\":\"https:\/\/agenciainfra.com\/blog\/author\/rodrigo-zuquim\/\"}]}<\/script>\n<!-- \/ Yoast SEO Premium plugin. -->","yoast_head_json":{"title":"Abraget recebe bem sistem\u00e1tica do MME para leil\u00f5es de t\u00e9rmicas A-4 e A-5 - Ag\u00eancia iNFRA","robots":{"index":"index","follow":"follow","max-snippet":"max-snippet:-1","max-image-preview":"max-image-preview:large","max-video-preview":"max-video-preview:-1"},"canonical":"https:\/\/agenciainfra.com\/blog\/abraget-recebe-bem-sistematica-do-mme-para-leiloes-de-termicas-a-4-e-a-5\/","og_locale":"pt_BR","og_type":"article","og_title":"Abraget recebe bem sistem\u00e1tica do MME para leil\u00f5es de t\u00e9rmicas A-4 e A-5","og_description":"Leila Coimbra,\u00a0da Ag\u00eancia iNFRA A sistem\u00e1tica dos leil\u00f5es de gera\u00e7\u00e3o t\u00e9rmica A-4 e A-5 de 2020, elaborada pelo Minist\u00e9rio de Minas e Energia, agradou o presidente da Abraget (Associa\u00e7\u00e3o Brasileira de Gera\u00e7\u00e3o Termel\u00e9trica), Xisto Vieira Filho.\u201cQuase todas as contribui\u00e7\u00f5es foram atendidas, sem contar a iniciativa dos leil\u00f5es em si, que \u00e9 excelente, superimportante\u201d, disse Xisto. [&hellip;]","og_url":"https:\/\/agenciainfra.com\/blog\/abraget-recebe-bem-sistematica-do-mme-para-leiloes-de-termicas-a-4-e-a-5\/","og_site_name":"Ag\u00eancia iNFRA","article_publisher":"https:\/\/www.facebook.com\/ageninfra","article_published_time":"2019-12-22T11:00:26+00:00","og_image":[{"width":1200,"height":675,"url":"https:\/\/agenciainfra.com\/blog\/wp-content\/uploads\/2019\/12\/usina-termica-dominio-publico.jpg","type":"image\/jpeg"}],"author":"Rodrigo Zuquim","twitter_card":"summary_large_image","twitter_creator":"@agencia_infra","twitter_site":"@agencia_infra","twitter_misc":{"Escrito por":"Rodrigo Zuquim","Est. tempo de leitura":"2 minutos"},"schema":{"@context":"https:\/\/schema.org","@graph":[{"@type":"Article","@id":"https:\/\/agenciainfra.com\/blog\/abraget-recebe-bem-sistematica-do-mme-para-leiloes-de-termicas-a-4-e-a-5\/#article","isPartOf":{"@id":"https:\/\/agenciainfra.com\/blog\/abraget-recebe-bem-sistematica-do-mme-para-leiloes-de-termicas-a-4-e-a-5\/"},"author":{"name":"Rodrigo Zuquim","@id":"https:\/\/agenciainfra.com\/blog\/#\/schema\/person\/04dbb79bd6d8951f063da71f3e4c1eb1"},"headline":"Abraget recebe bem sistem\u00e1tica do MME para leil\u00f5es de t\u00e9rmicas A-4 e A-5","datePublished":"2019-12-22T11:00:26+00:00","mainEntityOfPage":{"@id":"https:\/\/agenciainfra.com\/blog\/abraget-recebe-bem-sistematica-do-mme-para-leiloes-de-termicas-a-4-e-a-5\/"},"wordCount":510,"publisher":{"@id":"https:\/\/agenciainfra.com\/blog\/#organization"},"image":{"@id":"https:\/\/agenciainfra.com\/blog\/abraget-recebe-bem-sistematica-do-mme-para-leiloes-de-termicas-a-4-e-a-5\/#primaryimage"},"thumbnailUrl":"https:\/\/agenciainfra.com\/blog\/wp-content\/uploads\/2019\/12\/usina-termica-dominio-publico.jpg","keywords":["abraget","gera\u00e7\u00e3o t\u00e9rmica","leil\u00e3o A-4","leil\u00e3o A-5","Minas e Energia","Xisto Vieira Filho"],"articleSection":["iNFRAEnergia"],"inLanguage":"pt-BR","copyrightYear":"2019","copyrightHolder":{"@id":"https:\/\/agenciainfra.com\/blog\/#organization"}},{"@type":"WebPage","@id":"https:\/\/agenciainfra.com\/blog\/abraget-recebe-bem-sistematica-do-mme-para-leiloes-de-termicas-a-4-e-a-5\/","url":"https:\/\/agenciainfra.com\/blog\/abraget-recebe-bem-sistematica-do-mme-para-leiloes-de-termicas-a-4-e-a-5\/","name":"Abraget recebe bem sistem\u00e1tica do MME para leil\u00f5es de t\u00e9rmicas A-4 e A-5 - Ag\u00eancia iNFRA","isPartOf":{"@id":"https:\/\/agenciainfra.com\/blog\/#website"},"primaryImageOfPage":{"@id":"https:\/\/agenciainfra.com\/blog\/abraget-recebe-bem-sistematica-do-mme-para-leiloes-de-termicas-a-4-e-a-5\/#primaryimage"},"image":{"@id":"https:\/\/agenciainfra.com\/blog\/abraget-recebe-bem-sistematica-do-mme-para-leiloes-de-termicas-a-4-e-a-5\/#primaryimage"},"thumbnailUrl":"https:\/\/agenciainfra.com\/blog\/wp-content\/uploads\/2019\/12\/usina-termica-dominio-publico.jpg","datePublished":"2019-12-22T11:00:26+00:00","breadcrumb":{"@id":"https:\/\/agenciainfra.com\/blog\/abraget-recebe-bem-sistematica-do-mme-para-leiloes-de-termicas-a-4-e-a-5\/#breadcrumb"},"inLanguage":"pt-BR","potentialAction":[{"@type":"ReadAction","target":["https:\/\/agenciainfra.com\/blog\/abraget-recebe-bem-sistematica-do-mme-para-leiloes-de-termicas-a-4-e-a-5\/"]}]},{"@type":"ImageObject","inLanguage":"pt-BR","@id":"https:\/\/agenciainfra.com\/blog\/abraget-recebe-bem-sistematica-do-mme-para-leiloes-de-termicas-a-4-e-a-5\/#primaryimage","url":"https:\/\/agenciainfra.com\/blog\/wp-content\/uploads\/2019\/12\/usina-termica-dominio-publico.jpg","contentUrl":"https:\/\/agenciainfra.com\/blog\/wp-content\/uploads\/2019\/12\/usina-termica-dominio-publico.jpg","width":1200,"height":675,"caption":"Foto: Dom\u00ednio P\u00fablico"},{"@type":"BreadcrumbList","@id":"https:\/\/agenciainfra.com\/blog\/abraget-recebe-bem-sistematica-do-mme-para-leiloes-de-termicas-a-4-e-a-5\/#breadcrumb","itemListElement":[{"@type":"ListItem","position":1,"name":"In\u00edcio","item":"https:\/\/agenciainfra.com\/blog\/"},{"@type":"ListItem","position":2,"name":"Abraget recebe bem sistem\u00e1tica do MME para leil\u00f5es de t\u00e9rmicas A-4 e A-5"}]},{"@type":"WebSite","@id":"https:\/\/agenciainfra.com\/blog\/#website","url":"https:\/\/agenciainfra.com\/blog\/","name":"Ag\u00eancia iNFRA","description":"Multiplataforma de informa\u00e7\u00e3o jornal\u00edstica refer\u00eancia na \u00e1rea de infraestrutura no Brasil!","publisher":{"@id":"https:\/\/agenciainfra.com\/blog\/#organization"},"potentialAction":[{"@type":"SearchAction","target":{"@type":"EntryPoint","urlTemplate":"https:\/\/agenciainfra.com\/blog\/?s={search_term_string}"},"query-input":{"@type":"PropertyValueSpecification","valueRequired":true,"valueName":"search_term_string"}}],"inLanguage":"pt-BR"},{"@type":"Organization","@id":"https:\/\/agenciainfra.com\/blog\/#organization","name":"Ag\u00eancia iNFRA","url":"https:\/\/agenciainfra.com\/blog\/","logo":{"@type":"ImageObject","inLanguage":"pt-BR","@id":"https:\/\/agenciainfra.com\/blog\/#\/schema\/logo\/image\/","url":"https:\/\/agenciainfra.com\/blog\/wp-content\/uploads\/2023\/09\/iNFRA_5-e1761735885940.png","contentUrl":"https:\/\/agenciainfra.com\/blog\/wp-content\/uploads\/2023\/09\/iNFRA_5-e1761735885940.png","width":1672,"height":454,"caption":"Ag\u00eancia iNFRA"},"image":{"@id":"https:\/\/agenciainfra.com\/blog\/#\/schema\/logo\/image\/"},"sameAs":["https:\/\/www.facebook.com\/ageninfra","https:\/\/x.com\/agencia_infra","https:\/\/www.linkedin.com\/company\/ag\u00eanciainfra\/","https:\/\/www.instagram.com\/agenciainfra\/"]},{"@type":"Person","@id":"https:\/\/agenciainfra.com\/blog\/#\/schema\/person\/04dbb79bd6d8951f063da71f3e4c1eb1","name":"Rodrigo Zuquim","image":{"@type":"ImageObject","inLanguage":"pt-BR","@id":"https:\/\/agenciainfra.com\/blog\/#\/schema\/person\/image\/","url":"https:\/\/secure.gravatar.com\/avatar\/594abfe82761d620726242ff34ca472a705a4b97f16c790053a6b4c4035274d0?s=96&d=mm&r=g","contentUrl":"https:\/\/secure.gravatar.com\/avatar\/594abfe82761d620726242ff34ca472a705a4b97f16c790053a6b4c4035274d0?s=96&d=mm&r=g","caption":"Rodrigo Zuquim"},"url":"https:\/\/agenciainfra.com\/blog\/author\/rodrigo-zuquim\/"}]}},"_links":{"self":[{"href":"https:\/\/agenciainfra.com\/blog\/wp-json\/wp\/v2\/posts\/4181","targetHints":{"allow":["GET"]}}],"collection":[{"href":"https:\/\/agenciainfra.com\/blog\/wp-json\/wp\/v2\/posts"}],"about":[{"href":"https:\/\/agenciainfra.com\/blog\/wp-json\/wp\/v2\/types\/post"}],"author":[{"embeddable":true,"href":"https:\/\/agenciainfra.com\/blog\/wp-json\/wp\/v2\/users\/9"}],"replies":[{"embeddable":true,"href":"https:\/\/agenciainfra.com\/blog\/wp-json\/wp\/v2\/comments?post=4181"}],"version-history":[{"count":0,"href":"https:\/\/agenciainfra.com\/blog\/wp-json\/wp\/v2\/posts\/4181\/revisions"}],"wp:featuredmedia":[{"embeddable":true,"href":"https:\/\/agenciainfra.com\/blog\/wp-json\/wp\/v2\/media\/4182"}],"wp:attachment":[{"href":"https:\/\/agenciainfra.com\/blog\/wp-json\/wp\/v2\/media?parent=4181"}],"wp:term":[{"taxonomy":"category","embeddable":true,"href":"https:\/\/agenciainfra.com\/blog\/wp-json\/wp\/v2\/categories?post=4181"},{"taxonomy":"post_tag","embeddable":true,"href":"https:\/\/agenciainfra.com\/blog\/wp-json\/wp\/v2\/tags?post=4181"}],"curies":[{"name":"wp","href":"https:\/\/api.w.org\/{rel}","templated":true}]}}