{"id":4194,"date":"2019-12-27T08:00:45","date_gmt":"2019-12-27T11:00:45","guid":{"rendered":"http:\/\/www.agenciainfra.com\/blog\/?p=4194"},"modified":"2019-12-20T19:56:21","modified_gmt":"2019-12-20T22:56:21","slug":"terminal-da-libra-em-santos-tem-audiencia-publica-concluida-para-virar-de-celulose","status":"publish","type":"post","link":"https:\/\/agenciainfra.com\/blog\/terminal-da-libra-em-santos-tem-audiencia-publica-concluida-para-virar-de-celulose\/","title":{"rendered":"Terminal da Libra em Santos tem audi\u00eancia p\u00fablica conclu\u00edda para virar de celulose"},"content":{"rendered":"<h5 style=\"text-align: right;\"><strong>Gabriel Tabatcheik, da Ag\u00eancia iNFRA<\/strong><\/h5>\n<div>\n<p dir=\"ltr\">A ANTAQ (Ag\u00eancia Nacional de Transportes Aquavi\u00e1rios) aprovou os resultados da audi\u00eancia p\u00fablica 09\/2019, que trata sobre a licita\u00e7\u00e3o para o arrendamento dos terminais portu\u00e1rios STS14A e STS14, em Santos (SP). A decis\u00e3o se deu durante a \u00faltima reuni\u00e3o da diretoria deste ano, no dia 19, em Bras\u00edlia.<\/p>\n<p>As estruturas s\u00e3o destinadas \u00e0 movimenta\u00e7\u00e3o e armazenagem de celulose. De acordo com o diretor relator, Francisval Mendes, a ag\u00eancia analisou 319 contribui\u00e7\u00f5es do setor regulado. Esse era o terminal de cont\u00eaineres da Libra, que teve seu contrato rescindido.<\/p>\n<p>A documenta\u00e7\u00e3o agora segue para o Minist\u00e9rio da Infraestrutura, que preencher\u00e1 as minutas de edital e contrato de arrendamento, para posterior supervis\u00e3o do TCU (Tribunal de Contas da Uni\u00e3o).<\/p>\n<p><strong>Terminais<\/strong><br \/>\nA diretoria aprovou a amplia\u00e7\u00e3o do terminal portu\u00e1rio do Pec\u00e9m, localizado em S\u00e3o Gon\u00e7alo do Amarante (CE), por meio de aditamento contratual. A estrutura, de titularidade da CIPP (Companhia de Desenvolvimento do Complexo Industrial e Portu\u00e1rio do Pec\u00e9m S\/A), passa agora a ocupar \u00e1rea total de 1,9 milh\u00e3o\u00a0de metros quadrados, tendo por objeto a movimenta\u00e7\u00e3o e armazenagem de carga geral, cont\u00eaineres e produtos sider\u00fargicos. O processo \u00e9 o de n\u00ba 50300.019917\/2018-17.<\/p>\n<p>A Granel Qu\u00edmica Ltda entrou com pedido requerendo a regulariza\u00e7\u00e3o de amplia\u00e7\u00f5es realizadas na \u00e1rea do terminal de uso privado de sua titularidade. O terminal fica em Lad\u00e1rio (MS) e conta com \u00e1rea total de 928 mil metros quadrados, j\u00e1 contemplando a amplia\u00e7\u00e3o, tendo por objeto a movimenta\u00e7\u00e3o e armazenagem de granel s\u00f3lido e l\u00edquido. O pedido foi aprovado pela diretoria e agora vai ao Minist\u00e9rio da Infraestrutura para as provid\u00eancias subsequentes.<\/p>\n<p><strong>TGSC em 2024<\/strong><br \/>\nA ANTAQ concordou com a prorroga\u00e7\u00e3o do prazo para in\u00edcio da opera\u00e7\u00e3o do TGSC (Terminal de Gran\u00e9is de Santa Catarina), mantido pelo \u00f3rg\u00e3o de mesmo nome. O come\u00e7o das atividades estava previsto para 11 de setembro deste ano. Por\u00e9m, a TGSC alegou dificuldades, principalmente em raz\u00e3o da crise econ\u00f4mica e demora de concess\u00e3o de incentivos fiscais. Assim, solicitou que o in\u00edcio possa se dar at\u00e9 10 de setembro de 2024.<\/p>\n<p>O diretor relator, Francisval Mendes, concordou com o pedido, acompanhado por todo o colegiado. Mas ressaltou que a decis\u00e3o final necessita ainda do assentimento do Minist\u00e9rio da Infraestrutura.<\/p>\n<p><strong>APPA<\/strong><br \/>\nA diretoria extinguiu o processo n\u00ba 50300.014256\/2019-14, de interesse da APPA (Administra\u00e7\u00e3o dos Portos de Paranagu\u00e1 e Antonina), pela perda superveniente de objeto. Ela requeria a dila\u00e7\u00e3o de prazo para atender o que manda a resolu\u00e7\u00e3o n\u00ba 31\/2019. Essa norma estabelece a obrigatoriedade de presta\u00e7\u00e3o de informa\u00e7\u00f5es para alimenta\u00e7\u00e3o do sistema de acompanhamento de pre\u00e7os da ANTAQ.<\/p>\n<p>O voto do relator, Francisval Mendes, foi no sentido de que o prazo para cumprimento dessas obriga\u00e7\u00f5es todas j\u00e1 terminaram em setembro deste ano. E que a decis\u00e3o judicial que suspendeu a efic\u00e1cia da resolu\u00e7\u00e3o (processo 1016246-10.2019.4.01.3400 da 3\u00aa Vara Federal C\u00edvel da Se\u00e7\u00e3o Judici\u00e1ria do Distrito Federal) n\u00e3o se aplica a autoridades portu\u00e1rias, como a APPA.<\/p>\n<p><strong>Chibat\u00e3o<\/strong><br \/>\nA ag\u00eancia n\u00e3o analisou o processo que d\u00e1\u00a0autoriza\u00e7\u00e3o para amplia\u00e7\u00e3o do terminal da Chibat\u00e3o Navega\u00e7\u00e3o e Com\u00e9rcio, em Manaus (AM). Uma\u00a0liminar obtida pela empresa na\u00a0Justi\u00e7a Federal determina\u00a0que o processo, que est\u00e1 h\u00e1 seis anos na ag\u00eancia,\u00a0deve ser analisado at\u00e9 janeiro.<\/p>\n<p><strong>Regula\u00e7\u00e3o<\/strong><br \/>\nA diretoria votou o documento intitulado \u201csistema de medi\u00e7\u00e3o do desempenho da navega\u00e7\u00e3o interior\u201d, elaborado pela \u00e1rea t\u00e9cnica da ag\u00eancia. A iniciativa tem a inten\u00e7\u00e3o de definir conceitos e indicadores de presta\u00e7\u00e3o de servi\u00e7o para o transporte de passageiros na navega\u00e7\u00e3o interior de percurso longitudinal e na navega\u00e7\u00e3o de travessia. O processo \u00e9 o de n\u00ba 50300.007083\/2019-70.<\/p>\n<p><strong>Fora da pauta<\/strong><br \/>\nAlguns processos foram retirados de pauta ou tiveram seus pedidos de vista renovados, atendendo requisi\u00e7\u00e3o dos respectivos diretores relatores. N\u00e3o foram apreciados os processos\u00a050300.005835\/2017-<wbr \/>04, da Coamo Industrial Cooperativa, tratando de prorroga\u00e7\u00e3o antecipada de contrato de arrendamento; e 50300.001380\/2015-88, relativo a proposta que visa estabelecer regras gerais dos processos decis\u00f3rios da diretoria colegiada da ANTAQ.<\/p>\n<\/div>\n","protected":false},"excerpt":{"rendered":"<p>Gabriel Tabatcheik, da Ag\u00eancia iNFRA A ANTAQ (Ag\u00eancia Nacional de Transportes Aquavi\u00e1rios) aprovou os resultados da audi\u00eancia p\u00fablica 09\/2019, que trata sobre a licita\u00e7\u00e3o para o arrendamento dos terminais portu\u00e1rios STS14A e STS14, em Santos (SP). A decis\u00e3o se deu durante a \u00faltima reuni\u00e3o da diretoria deste ano, no dia 19, em Bras\u00edlia. As estruturas [&hellip;]<\/p>\n","protected":false},"author":9,"featured_media":4197,"comment_status":"closed","ping_status":"closed","sticky":false,"template":"","format":"standard","meta":{"_monsterinsights_skip_tracking":false,"_monsterinsights_sitenote_active":false,"_monsterinsights_sitenote_note":"","_monsterinsights_sitenote_category":0,"footnotes":""},"categories":[7],"tags":[86,925,260,1560,1561,623],"class_list":["post-4194","post","type-post","status-publish","format-standard","has-post-thumbnail","hentry","category-infratransporte","tag-antaq","tag-francisval-mendes","tag-porto-de-santos","tag-sts14","tag-sts14a","tag-terminais-portuarios"],"yoast_head":"<!-- This site is optimized with the Yoast SEO Premium plugin v25.4 (Yoast SEO v26.0) - https:\/\/yoast.com\/wordpress\/plugins\/seo\/ -->\n<title>Terminal da Libra em Santos tem audi\u00eancia p\u00fablica conclu\u00edda para virar de celulose - Ag\u00eancia iNFRA<\/title>\n<meta name=\"robots\" content=\"index, follow, max-snippet:-1, max-image-preview:large, max-video-preview:-1\" \/>\n<link rel=\"canonical\" href=\"https:\/\/agenciainfra.com\/blog\/terminal-da-libra-em-santos-tem-audiencia-publica-concluida-para-virar-de-celulose\/\" \/>\n<meta property=\"og:locale\" content=\"pt_BR\" \/>\n<meta property=\"og:type\" content=\"article\" \/>\n<meta property=\"og:title\" content=\"Terminal da Libra em Santos tem audi\u00eancia p\u00fablica conclu\u00edda para virar de celulose\" \/>\n<meta property=\"og:description\" content=\"Gabriel Tabatcheik, da Ag\u00eancia iNFRA A ANTAQ (Ag\u00eancia Nacional de Transportes Aquavi\u00e1rios) aprovou os resultados da audi\u00eancia p\u00fablica 09\/2019, que trata sobre a licita\u00e7\u00e3o para o arrendamento dos terminais portu\u00e1rios STS14A e STS14, em Santos (SP). A decis\u00e3o se deu durante a \u00faltima reuni\u00e3o da diretoria deste ano, no dia 19, em Bras\u00edlia. As estruturas [&hellip;]\" \/>\n<meta property=\"og:url\" content=\"https:\/\/agenciainfra.com\/blog\/terminal-da-libra-em-santos-tem-audiencia-publica-concluida-para-virar-de-celulose\/\" \/>\n<meta property=\"og:site_name\" content=\"Ag\u00eancia iNFRA\" \/>\n<meta property=\"article:publisher\" content=\"https:\/\/www.facebook.com\/ageninfra\" \/>\n<meta property=\"article:published_time\" content=\"2019-12-27T11:00:45+00:00\" \/>\n<meta property=\"og:image\" content=\"https:\/\/agenciainfra.com\/blog\/wp-content\/uploads\/2019\/12\/reuniao-ANTAQ.png\" \/>\n\t<meta property=\"og:image:width\" content=\"1280\" \/>\n\t<meta property=\"og:image:height\" content=\"707\" \/>\n\t<meta property=\"og:image:type\" content=\"image\/png\" \/>\n<meta name=\"author\" content=\"Rodrigo Zuquim\" \/>\n<meta name=\"twitter:card\" content=\"summary_large_image\" \/>\n<meta name=\"twitter:creator\" content=\"@agencia_infra\" \/>\n<meta name=\"twitter:site\" content=\"@agencia_infra\" \/>\n<meta name=\"twitter:label1\" content=\"Escrito por\" \/>\n\t<meta name=\"twitter:data1\" content=\"Rodrigo Zuquim\" \/>\n\t<meta name=\"twitter:label2\" content=\"Est. tempo de leitura\" \/>\n\t<meta name=\"twitter:data2\" content=\"4 minutos\" \/>\n<script type=\"application\/ld+json\" class=\"yoast-schema-graph\">{\"@context\":\"https:\/\/schema.org\",\"@graph\":[{\"@type\":\"Article\",\"@id\":\"https:\/\/agenciainfra.com\/blog\/terminal-da-libra-em-santos-tem-audiencia-publica-concluida-para-virar-de-celulose\/#article\",\"isPartOf\":{\"@id\":\"https:\/\/agenciainfra.com\/blog\/terminal-da-libra-em-santos-tem-audiencia-publica-concluida-para-virar-de-celulose\/\"},\"author\":{\"name\":\"Rodrigo Zuquim\",\"@id\":\"https:\/\/agenciainfra.com\/blog\/#\/schema\/person\/04dbb79bd6d8951f063da71f3e4c1eb1\"},\"headline\":\"Terminal da Libra em Santos tem audi\u00eancia p\u00fablica conclu\u00edda para virar de celulose\",\"datePublished\":\"2019-12-27T11:00:45+00:00\",\"mainEntityOfPage\":{\"@id\":\"https:\/\/agenciainfra.com\/blog\/terminal-da-libra-em-santos-tem-audiencia-publica-concluida-para-virar-de-celulose\/\"},\"wordCount\":741,\"publisher\":{\"@id\":\"https:\/\/agenciainfra.com\/blog\/#organization\"},\"image\":{\"@id\":\"https:\/\/agenciainfra.com\/blog\/terminal-da-libra-em-santos-tem-audiencia-publica-concluida-para-virar-de-celulose\/#primaryimage\"},\"thumbnailUrl\":\"https:\/\/agenciainfra.com\/blog\/wp-content\/uploads\/2019\/12\/reuniao-ANTAQ.png\",\"keywords\":[\"ANTAQ\",\"Francisval Mendes\",\"Porto de Santos\",\"STS14\",\"STS14A\",\"terminais portu\u00e1rios\"],\"articleSection\":[\"iNFRATransporte\"],\"inLanguage\":\"pt-BR\",\"copyrightYear\":\"2019\",\"copyrightHolder\":{\"@id\":\"https:\/\/agenciainfra.com\/blog\/#organization\"}},{\"@type\":\"WebPage\",\"@id\":\"https:\/\/agenciainfra.com\/blog\/terminal-da-libra-em-santos-tem-audiencia-publica-concluida-para-virar-de-celulose\/\",\"url\":\"https:\/\/agenciainfra.com\/blog\/terminal-da-libra-em-santos-tem-audiencia-publica-concluida-para-virar-de-celulose\/\",\"name\":\"Terminal da Libra em Santos tem audi\u00eancia p\u00fablica conclu\u00edda para virar de celulose - Ag\u00eancia iNFRA\",\"isPartOf\":{\"@id\":\"https:\/\/agenciainfra.com\/blog\/#website\"},\"primaryImageOfPage\":{\"@id\":\"https:\/\/agenciainfra.com\/blog\/terminal-da-libra-em-santos-tem-audiencia-publica-concluida-para-virar-de-celulose\/#primaryimage\"},\"image\":{\"@id\":\"https:\/\/agenciainfra.com\/blog\/terminal-da-libra-em-santos-tem-audiencia-publica-concluida-para-virar-de-celulose\/#primaryimage\"},\"thumbnailUrl\":\"https:\/\/agenciainfra.com\/blog\/wp-content\/uploads\/2019\/12\/reuniao-ANTAQ.png\",\"datePublished\":\"2019-12-27T11:00:45+00:00\",\"breadcrumb\":{\"@id\":\"https:\/\/agenciainfra.com\/blog\/terminal-da-libra-em-santos-tem-audiencia-publica-concluida-para-virar-de-celulose\/#breadcrumb\"},\"inLanguage\":\"pt-BR\",\"potentialAction\":[{\"@type\":\"ReadAction\",\"target\":[\"https:\/\/agenciainfra.com\/blog\/terminal-da-libra-em-santos-tem-audiencia-publica-concluida-para-virar-de-celulose\/\"]}]},{\"@type\":\"ImageObject\",\"inLanguage\":\"pt-BR\",\"@id\":\"https:\/\/agenciainfra.com\/blog\/terminal-da-libra-em-santos-tem-audiencia-publica-concluida-para-virar-de-celulose\/#primaryimage\",\"url\":\"https:\/\/agenciainfra.com\/blog\/wp-content\/uploads\/2019\/12\/reuniao-ANTAQ.png\",\"contentUrl\":\"https:\/\/agenciainfra.com\/blog\/wp-content\/uploads\/2019\/12\/reuniao-ANTAQ.png\",\"width\":1280,\"height\":707},{\"@type\":\"BreadcrumbList\",\"@id\":\"https:\/\/agenciainfra.com\/blog\/terminal-da-libra-em-santos-tem-audiencia-publica-concluida-para-virar-de-celulose\/#breadcrumb\",\"itemListElement\":[{\"@type\":\"ListItem\",\"position\":1,\"name\":\"In\u00edcio\",\"item\":\"https:\/\/agenciainfra.com\/blog\/\"},{\"@type\":\"ListItem\",\"position\":2,\"name\":\"Terminal da Libra em Santos tem audi\u00eancia p\u00fablica conclu\u00edda para virar de celulose\"}]},{\"@type\":\"WebSite\",\"@id\":\"https:\/\/agenciainfra.com\/blog\/#website\",\"url\":\"https:\/\/agenciainfra.com\/blog\/\",\"name\":\"Ag\u00eancia iNFRA\",\"description\":\"Multiplataforma de informa\u00e7\u00e3o jornal\u00edstica refer\u00eancia na \u00e1rea de infraestrutura no Brasil!\",\"publisher\":{\"@id\":\"https:\/\/agenciainfra.com\/blog\/#organization\"},\"potentialAction\":[{\"@type\":\"SearchAction\",\"target\":{\"@type\":\"EntryPoint\",\"urlTemplate\":\"https:\/\/agenciainfra.com\/blog\/?s={search_term_string}\"},\"query-input\":{\"@type\":\"PropertyValueSpecification\",\"valueRequired\":true,\"valueName\":\"search_term_string\"}}],\"inLanguage\":\"pt-BR\"},{\"@type\":\"Organization\",\"@id\":\"https:\/\/agenciainfra.com\/blog\/#organization\",\"name\":\"Ag\u00eancia iNFRA\",\"url\":\"https:\/\/agenciainfra.com\/blog\/\",\"logo\":{\"@type\":\"ImageObject\",\"inLanguage\":\"pt-BR\",\"@id\":\"https:\/\/agenciainfra.com\/blog\/#\/schema\/logo\/image\/\",\"url\":\"https:\/\/agenciainfra.com\/blog\/wp-content\/uploads\/2023\/09\/iNFRA_5-e1761735885940.png\",\"contentUrl\":\"https:\/\/agenciainfra.com\/blog\/wp-content\/uploads\/2023\/09\/iNFRA_5-e1761735885940.png\",\"width\":1672,\"height\":454,\"caption\":\"Ag\u00eancia iNFRA\"},\"image\":{\"@id\":\"https:\/\/agenciainfra.com\/blog\/#\/schema\/logo\/image\/\"},\"sameAs\":[\"https:\/\/www.facebook.com\/ageninfra\",\"https:\/\/x.com\/agencia_infra\",\"https:\/\/www.linkedin.com\/company\/ag\u00eanciainfra\/\",\"https:\/\/www.instagram.com\/agenciainfra\/\"]},{\"@type\":\"Person\",\"@id\":\"https:\/\/agenciainfra.com\/blog\/#\/schema\/person\/04dbb79bd6d8951f063da71f3e4c1eb1\",\"name\":\"Rodrigo Zuquim\",\"image\":{\"@type\":\"ImageObject\",\"inLanguage\":\"pt-BR\",\"@id\":\"https:\/\/agenciainfra.com\/blog\/#\/schema\/person\/image\/\",\"url\":\"https:\/\/secure.gravatar.com\/avatar\/594abfe82761d620726242ff34ca472a705a4b97f16c790053a6b4c4035274d0?s=96&d=mm&r=g\",\"contentUrl\":\"https:\/\/secure.gravatar.com\/avatar\/594abfe82761d620726242ff34ca472a705a4b97f16c790053a6b4c4035274d0?s=96&d=mm&r=g\",\"caption\":\"Rodrigo Zuquim\"},\"url\":\"https:\/\/agenciainfra.com\/blog\/author\/rodrigo-zuquim\/\"}]}<\/script>\n<!-- \/ Yoast SEO Premium plugin. -->","yoast_head_json":{"title":"Terminal da Libra em Santos tem audi\u00eancia p\u00fablica conclu\u00edda para virar de celulose - Ag\u00eancia iNFRA","robots":{"index":"index","follow":"follow","max-snippet":"max-snippet:-1","max-image-preview":"max-image-preview:large","max-video-preview":"max-video-preview:-1"},"canonical":"https:\/\/agenciainfra.com\/blog\/terminal-da-libra-em-santos-tem-audiencia-publica-concluida-para-virar-de-celulose\/","og_locale":"pt_BR","og_type":"article","og_title":"Terminal da Libra em Santos tem audi\u00eancia p\u00fablica conclu\u00edda para virar de celulose","og_description":"Gabriel Tabatcheik, da Ag\u00eancia iNFRA A ANTAQ (Ag\u00eancia Nacional de Transportes Aquavi\u00e1rios) aprovou os resultados da audi\u00eancia p\u00fablica 09\/2019, que trata sobre a licita\u00e7\u00e3o para o arrendamento dos terminais portu\u00e1rios STS14A e STS14, em Santos (SP). A decis\u00e3o se deu durante a \u00faltima reuni\u00e3o da diretoria deste ano, no dia 19, em Bras\u00edlia. As estruturas [&hellip;]","og_url":"https:\/\/agenciainfra.com\/blog\/terminal-da-libra-em-santos-tem-audiencia-publica-concluida-para-virar-de-celulose\/","og_site_name":"Ag\u00eancia iNFRA","article_publisher":"https:\/\/www.facebook.com\/ageninfra","article_published_time":"2019-12-27T11:00:45+00:00","og_image":[{"width":1280,"height":707,"url":"https:\/\/agenciainfra.com\/blog\/wp-content\/uploads\/2019\/12\/reuniao-ANTAQ.png","type":"image\/png"}],"author":"Rodrigo Zuquim","twitter_card":"summary_large_image","twitter_creator":"@agencia_infra","twitter_site":"@agencia_infra","twitter_misc":{"Escrito por":"Rodrigo Zuquim","Est. tempo de leitura":"4 minutos"},"schema":{"@context":"https:\/\/schema.org","@graph":[{"@type":"Article","@id":"https:\/\/agenciainfra.com\/blog\/terminal-da-libra-em-santos-tem-audiencia-publica-concluida-para-virar-de-celulose\/#article","isPartOf":{"@id":"https:\/\/agenciainfra.com\/blog\/terminal-da-libra-em-santos-tem-audiencia-publica-concluida-para-virar-de-celulose\/"},"author":{"name":"Rodrigo Zuquim","@id":"https:\/\/agenciainfra.com\/blog\/#\/schema\/person\/04dbb79bd6d8951f063da71f3e4c1eb1"},"headline":"Terminal da Libra em Santos tem audi\u00eancia p\u00fablica conclu\u00edda para virar de celulose","datePublished":"2019-12-27T11:00:45+00:00","mainEntityOfPage":{"@id":"https:\/\/agenciainfra.com\/blog\/terminal-da-libra-em-santos-tem-audiencia-publica-concluida-para-virar-de-celulose\/"},"wordCount":741,"publisher":{"@id":"https:\/\/agenciainfra.com\/blog\/#organization"},"image":{"@id":"https:\/\/agenciainfra.com\/blog\/terminal-da-libra-em-santos-tem-audiencia-publica-concluida-para-virar-de-celulose\/#primaryimage"},"thumbnailUrl":"https:\/\/agenciainfra.com\/blog\/wp-content\/uploads\/2019\/12\/reuniao-ANTAQ.png","keywords":["ANTAQ","Francisval Mendes","Porto de Santos","STS14","STS14A","terminais portu\u00e1rios"],"articleSection":["iNFRATransporte"],"inLanguage":"pt-BR","copyrightYear":"2019","copyrightHolder":{"@id":"https:\/\/agenciainfra.com\/blog\/#organization"}},{"@type":"WebPage","@id":"https:\/\/agenciainfra.com\/blog\/terminal-da-libra-em-santos-tem-audiencia-publica-concluida-para-virar-de-celulose\/","url":"https:\/\/agenciainfra.com\/blog\/terminal-da-libra-em-santos-tem-audiencia-publica-concluida-para-virar-de-celulose\/","name":"Terminal da Libra em Santos tem audi\u00eancia p\u00fablica conclu\u00edda para virar de celulose - Ag\u00eancia iNFRA","isPartOf":{"@id":"https:\/\/agenciainfra.com\/blog\/#website"},"primaryImageOfPage":{"@id":"https:\/\/agenciainfra.com\/blog\/terminal-da-libra-em-santos-tem-audiencia-publica-concluida-para-virar-de-celulose\/#primaryimage"},"image":{"@id":"https:\/\/agenciainfra.com\/blog\/terminal-da-libra-em-santos-tem-audiencia-publica-concluida-para-virar-de-celulose\/#primaryimage"},"thumbnailUrl":"https:\/\/agenciainfra.com\/blog\/wp-content\/uploads\/2019\/12\/reuniao-ANTAQ.png","datePublished":"2019-12-27T11:00:45+00:00","breadcrumb":{"@id":"https:\/\/agenciainfra.com\/blog\/terminal-da-libra-em-santos-tem-audiencia-publica-concluida-para-virar-de-celulose\/#breadcrumb"},"inLanguage":"pt-BR","potentialAction":[{"@type":"ReadAction","target":["https:\/\/agenciainfra.com\/blog\/terminal-da-libra-em-santos-tem-audiencia-publica-concluida-para-virar-de-celulose\/"]}]},{"@type":"ImageObject","inLanguage":"pt-BR","@id":"https:\/\/agenciainfra.com\/blog\/terminal-da-libra-em-santos-tem-audiencia-publica-concluida-para-virar-de-celulose\/#primaryimage","url":"https:\/\/agenciainfra.com\/blog\/wp-content\/uploads\/2019\/12\/reuniao-ANTAQ.png","contentUrl":"https:\/\/agenciainfra.com\/blog\/wp-content\/uploads\/2019\/12\/reuniao-ANTAQ.png","width":1280,"height":707},{"@type":"BreadcrumbList","@id":"https:\/\/agenciainfra.com\/blog\/terminal-da-libra-em-santos-tem-audiencia-publica-concluida-para-virar-de-celulose\/#breadcrumb","itemListElement":[{"@type":"ListItem","position":1,"name":"In\u00edcio","item":"https:\/\/agenciainfra.com\/blog\/"},{"@type":"ListItem","position":2,"name":"Terminal da Libra em Santos tem audi\u00eancia p\u00fablica conclu\u00edda para virar de celulose"}]},{"@type":"WebSite","@id":"https:\/\/agenciainfra.com\/blog\/#website","url":"https:\/\/agenciainfra.com\/blog\/","name":"Ag\u00eancia iNFRA","description":"Multiplataforma de informa\u00e7\u00e3o jornal\u00edstica refer\u00eancia na \u00e1rea de infraestrutura no Brasil!","publisher":{"@id":"https:\/\/agenciainfra.com\/blog\/#organization"},"potentialAction":[{"@type":"SearchAction","target":{"@type":"EntryPoint","urlTemplate":"https:\/\/agenciainfra.com\/blog\/?s={search_term_string}"},"query-input":{"@type":"PropertyValueSpecification","valueRequired":true,"valueName":"search_term_string"}}],"inLanguage":"pt-BR"},{"@type":"Organization","@id":"https:\/\/agenciainfra.com\/blog\/#organization","name":"Ag\u00eancia iNFRA","url":"https:\/\/agenciainfra.com\/blog\/","logo":{"@type":"ImageObject","inLanguage":"pt-BR","@id":"https:\/\/agenciainfra.com\/blog\/#\/schema\/logo\/image\/","url":"https:\/\/agenciainfra.com\/blog\/wp-content\/uploads\/2023\/09\/iNFRA_5-e1761735885940.png","contentUrl":"https:\/\/agenciainfra.com\/blog\/wp-content\/uploads\/2023\/09\/iNFRA_5-e1761735885940.png","width":1672,"height":454,"caption":"Ag\u00eancia iNFRA"},"image":{"@id":"https:\/\/agenciainfra.com\/blog\/#\/schema\/logo\/image\/"},"sameAs":["https:\/\/www.facebook.com\/ageninfra","https:\/\/x.com\/agencia_infra","https:\/\/www.linkedin.com\/company\/ag\u00eanciainfra\/","https:\/\/www.instagram.com\/agenciainfra\/"]},{"@type":"Person","@id":"https:\/\/agenciainfra.com\/blog\/#\/schema\/person\/04dbb79bd6d8951f063da71f3e4c1eb1","name":"Rodrigo Zuquim","image":{"@type":"ImageObject","inLanguage":"pt-BR","@id":"https:\/\/agenciainfra.com\/blog\/#\/schema\/person\/image\/","url":"https:\/\/secure.gravatar.com\/avatar\/594abfe82761d620726242ff34ca472a705a4b97f16c790053a6b4c4035274d0?s=96&d=mm&r=g","contentUrl":"https:\/\/secure.gravatar.com\/avatar\/594abfe82761d620726242ff34ca472a705a4b97f16c790053a6b4c4035274d0?s=96&d=mm&r=g","caption":"Rodrigo Zuquim"},"url":"https:\/\/agenciainfra.com\/blog\/author\/rodrigo-zuquim\/"}]}},"_links":{"self":[{"href":"https:\/\/agenciainfra.com\/blog\/wp-json\/wp\/v2\/posts\/4194","targetHints":{"allow":["GET"]}}],"collection":[{"href":"https:\/\/agenciainfra.com\/blog\/wp-json\/wp\/v2\/posts"}],"about":[{"href":"https:\/\/agenciainfra.com\/blog\/wp-json\/wp\/v2\/types\/post"}],"author":[{"embeddable":true,"href":"https:\/\/agenciainfra.com\/blog\/wp-json\/wp\/v2\/users\/9"}],"replies":[{"embeddable":true,"href":"https:\/\/agenciainfra.com\/blog\/wp-json\/wp\/v2\/comments?post=4194"}],"version-history":[{"count":0,"href":"https:\/\/agenciainfra.com\/blog\/wp-json\/wp\/v2\/posts\/4194\/revisions"}],"wp:featuredmedia":[{"embeddable":true,"href":"https:\/\/agenciainfra.com\/blog\/wp-json\/wp\/v2\/media\/4197"}],"wp:attachment":[{"href":"https:\/\/agenciainfra.com\/blog\/wp-json\/wp\/v2\/media?parent=4194"}],"wp:term":[{"taxonomy":"category","embeddable":true,"href":"https:\/\/agenciainfra.com\/blog\/wp-json\/wp\/v2\/categories?post=4194"},{"taxonomy":"post_tag","embeddable":true,"href":"https:\/\/agenciainfra.com\/blog\/wp-json\/wp\/v2\/tags?post=4194"}],"curies":[{"name":"wp","href":"https:\/\/api.w.org\/{rel}","templated":true}]}}