{"id":4213,"date":"2020-01-06T08:00:13","date_gmt":"2020-01-06T11:00:13","guid":{"rendered":"http:\/\/www.agenciainfra.com\/blog\/?p=4213"},"modified":"2019-12-31T08:16:37","modified_gmt":"2019-12-31T11:16:37","slug":"infradebate-o-novo-perfil-da-infraestrutura-na-america-latina","status":"publish","type":"post","link":"https:\/\/agenciainfra.com\/blog\/infradebate-o-novo-perfil-da-infraestrutura-na-america-latina\/","title":{"rendered":"iNFRADebate: O novo perfil da infraestrutura na Am\u00e9rica Latina"},"content":{"rendered":"<h5 class=\"p1\" style=\"text-align: right;\"><strong><span class=\"s1\">Fernando Faria*<\/span><\/strong><\/h5>\n<p class=\"p1\">Cerca de 75% dos objetivos de desenvolvimento sustent\u00e1vel da ONU (Organiza\u00e7\u00e3o das Na\u00e7\u00f5es Unidas) est\u00e3o dependendo da capacidade de planejar, construir, aprimorar e gerenciar ativos de infraestrutura. O tamanho da oportunidade \u00e9 significativo e o mercado est\u00e1 aberto agora para a comunidade internacional, principalmente para a Am\u00e9rica Latina. Para atender a essa nova realidade, duas tend\u00eancias emergentes de infraestrutura est\u00e3o se tornando predominantes. O crescimento do mercado emergente e a import\u00e2ncia da sustentabilidade s\u00e3o os temas mais discutidos pelo setor atualmente, v\u00eam fundamentando as decis\u00f5es tomadas e criando um novo perfil de investidores para a ind\u00fastria.<\/p>\n<p style=\"font-weight: 400;\">No que diz respeito \u00e0 Am\u00e9rica Latina, esse \u00e9 um momento bom para a ind\u00fastria de infraestrutura pois coincide com o fato de os governos latino-americanos estarem procurando novos investidores que complementem ou substituam os\u00a0<em>players<\/em>\u00a0locais e regionais, muitos dos quais foram citados em esc\u00e2ndalos de corrup\u00e7\u00e3o. Nesse contexto, os governantes agora precisam criar um novo mercado privado disposto a trabalhar com o setor p\u00fablico para preencher as lacunas significativas no setor. Al\u00e9m disso, esses governos t\u00eam buscado fazer altera\u00e7\u00f5es em normas regulat\u00f3rias para que estas estejam mais pr\u00f3ximas das melhores pr\u00e1ticas internacionais. Pela primeira vez em anos, vemos governos implementando mecanismos para atrair financiamento privado.<\/p>\n<p style=\"font-weight: 400;\">No que diz respeito \u00e0 estrutura\u00e7\u00e3o de projetos, o Brasil est\u00e1 implementando uma metodologia elaborada pelo Tesouro do Reino Unido, para que assim o pa\u00eds seja capaz de diminuir a discrep\u00e2ncia entre as pr\u00e1ticas utilizadas e as implementadas internacionalmente, e aprimorar a qualidade dos projetos antes que eles sejam lan\u00e7ados no mercado.\u00a0 Al\u00e9m disso, o pa\u00eds tamb\u00e9m est\u00e1 mudando as regras financeiras para atrair financiamento privado, um grande avan\u00e7o para que os projetos cheguem melhores ao mercado.<\/p>\n<p style=\"font-weight: 400;\">H\u00e1 cinco anos, no Brasil e em grande parte da regi\u00e3o, a maior parte das licita\u00e7\u00f5es era ganha por um n\u00famero restrito de empresas regionais, sob o dom\u00ednio das empreiteiras. O mercado estava praticamente fechado para investidores internacionais.<\/p>\n<p style=\"font-weight: 400;\">A Col\u00f4mbia, por exemplo, est\u00e1 perto de financiar um dos maiores projetos de parceria p\u00fablico-privada na Am\u00e9rica Latina, a primeira linha do Metr\u00f4 Bogot\u00e1, um projeto de US$ 4,5 bilh\u00f5es. O governo colombiano entendeu que deveria assumir a lideran\u00e7a para certificar-se de que o projeto seria capaz de obter o financiamento requerido. At\u00e9 mesmo o Equador est\u00e1 avan\u00e7ando na agenda de monetiza\u00e7\u00e3o de ativos para atrair investidores. Com o risco monet\u00e1rio fora da equa\u00e7\u00e3o, uma vez que a economia est\u00e1 dolarizada, o pa\u00eds atrair\u00e1 investimentos internacionais.<\/p>\n<p style=\"font-weight: 400;\">O Peru, por sua vez, est\u00e1 deixando de usar o modelo de remunera\u00e7\u00e3o com base em\u00a0<em>milestones<\/em>\u00a0de constru\u00e7\u00e3o para passar a utilizar o modelo de pagamentos por desempenho. Paralelamente, o governo est\u00e1 criando contratos-padr\u00e3o de parceria p\u00fablico-privada para refletir as melhores pr\u00e1ticas internacionais e, com isso, n\u00e3o somente atrair investidores estrangeiros, mas tamb\u00e9m garantir o retorno dos investimentos.<\/p>\n<p style=\"font-weight: 400;\">J\u00e1 com rela\u00e7\u00e3o \u00e0 segunda tend\u00eancia, a sustentabilidade est\u00e1 se tornando predominante nas decis\u00f5es de investimento. O fato \u00e9 que novos projetos de infraestrutura est\u00e3o sendo pensados na Am\u00e9rica Latina como um todo da mesma forma que h\u00e1 dez ou 15 anos, quando foram implantados no Canad\u00e1 ou no Reino Unido. Esses projetos de infraestrutura n\u00e3o levaram em conta de forma adequada os impactos ambientais ou os potenciais efeitos da mudan\u00e7a clim\u00e1tica. As decis\u00f5es ainda s\u00e3o baseadas principalmente em termos financeiros porque a mudan\u00e7a clim\u00e1tica e a sustentabilidade n\u00e3o eram uma quest\u00e3o-chave quando esses projetos de infraestrutura padr\u00e3o no mundo desenvolvido foram criados. Quando se trata de sustentabilidade e mercados emergentes, ainda h\u00e1 muito, por isso, a ser feito. Ent\u00e3o, este \u00e9 o momento de incorporar crit\u00e9rios ambientais, sociais e de governan\u00e7a no processo de tomada de decis\u00e3o. Todos esses fatores est\u00e3o mudando o perfil da infraestrutura na Am\u00e9rica Latina, de investidores locais para <em>players<\/em> internacionais.<\/p>\n<h6><\/h6>\n<h6 class=\"p1\"><span class=\"s1\"><b>*Fernando Faria \u00e9 s\u00f3cio-l\u00edder de infraestrutura da KPMG<\/b><\/span><span class=\"s1\"><b>.<\/b><\/span><\/h6>\n<h5>O iNFRADebate \u00e9 o espa\u00e7o de artigos da Ag\u00eancia iNFRA com opini\u00f5es de seus atores que n\u00e3o refletem necessariamente o pensamento da Ag\u00eancia iNFRA, sendo de total responsabilidade do autor as informa\u00e7\u00f5es, ju\u00edzos de valor e conceitos descritos no texto.<\/h5>\n","protected":false},"excerpt":{"rendered":"<p>Fernando Faria* Cerca de 75% dos objetivos de desenvolvimento sustent\u00e1vel da ONU (Organiza\u00e7\u00e3o das Na\u00e7\u00f5es Unidas) est\u00e3o dependendo da capacidade de planejar, construir, aprimorar e gerenciar ativos de infraestrutura. O tamanho da oportunidade \u00e9 significativo e o mercado est\u00e1 aberto agora para a comunidade internacional, principalmente para a Am\u00e9rica Latina. Para atender a essa nova [&hellip;]<\/p>\n","protected":false},"author":9,"featured_media":4214,"comment_status":"closed","ping_status":"closed","sticky":false,"template":"","format":"standard","meta":{"_monsterinsights_skip_tracking":false,"_monsterinsights_sitenote_active":false,"_monsterinsights_sitenote_note":"","_monsterinsights_sitenote_category":0,"footnotes":""},"categories":[11],"tags":[877,1255,34,991,1573],"class_list":["post-4213","post","type-post","status-publish","format-standard","has-post-thumbnail","hentry","category-infradebate","tag-america-latina","tag-fernando-faria","tag-infraestrutura","tag-kpmg","tag-sustentabilidade"],"yoast_head":"<!-- This site is optimized with the Yoast SEO Premium plugin v25.4 (Yoast SEO v26.0) - https:\/\/yoast.com\/wordpress\/plugins\/seo\/ -->\n<title>iNFRADebate: O novo perfil da infraestrutura na Am\u00e9rica Latina - Ag\u00eancia iNFRA<\/title>\n<meta name=\"robots\" content=\"index, follow, max-snippet:-1, max-image-preview:large, max-video-preview:-1\" \/>\n<link rel=\"canonical\" href=\"https:\/\/agenciainfra.com\/blog\/infradebate-o-novo-perfil-da-infraestrutura-na-america-latina\/\" \/>\n<meta property=\"og:locale\" content=\"pt_BR\" \/>\n<meta property=\"og:type\" content=\"article\" \/>\n<meta property=\"og:title\" content=\"iNFRADebate: O novo perfil da infraestrutura na Am\u00e9rica Latina\" \/>\n<meta property=\"og:description\" content=\"Fernando Faria* Cerca de 75% dos objetivos de desenvolvimento sustent\u00e1vel da ONU (Organiza\u00e7\u00e3o das Na\u00e7\u00f5es Unidas) est\u00e3o dependendo da capacidade de planejar, construir, aprimorar e gerenciar ativos de infraestrutura. O tamanho da oportunidade \u00e9 significativo e o mercado est\u00e1 aberto agora para a comunidade internacional, principalmente para a Am\u00e9rica Latina. Para atender a essa nova [&hellip;]\" \/>\n<meta property=\"og:url\" content=\"https:\/\/agenciainfra.com\/blog\/infradebate-o-novo-perfil-da-infraestrutura-na-america-latina\/\" \/>\n<meta property=\"og:site_name\" content=\"Ag\u00eancia iNFRA\" \/>\n<meta property=\"article:publisher\" content=\"https:\/\/www.facebook.com\/ageninfra\" \/>\n<meta property=\"article:published_time\" content=\"2020-01-06T11:00:13+00:00\" \/>\n<meta property=\"og:image\" content=\"https:\/\/agenciainfra.com\/blog\/wp-content\/uploads\/2019\/12\/guindaste2.jpeg\" \/>\n\t<meta property=\"og:image:width\" content=\"1280\" \/>\n\t<meta property=\"og:image:height\" content=\"881\" \/>\n\t<meta property=\"og:image:type\" content=\"image\/jpeg\" \/>\n<meta name=\"author\" content=\"Rodrigo Zuquim\" \/>\n<meta name=\"twitter:card\" content=\"summary_large_image\" \/>\n<meta name=\"twitter:creator\" content=\"@agencia_infra\" \/>\n<meta name=\"twitter:site\" content=\"@agencia_infra\" \/>\n<meta name=\"twitter:label1\" content=\"Escrito por\" \/>\n\t<meta name=\"twitter:data1\" content=\"Rodrigo Zuquim\" \/>\n\t<meta name=\"twitter:label2\" content=\"Est. tempo de leitura\" \/>\n\t<meta name=\"twitter:data2\" content=\"4 minutos\" \/>\n<script type=\"application\/ld+json\" class=\"yoast-schema-graph\">{\"@context\":\"https:\/\/schema.org\",\"@graph\":[{\"@type\":\"Article\",\"@id\":\"https:\/\/agenciainfra.com\/blog\/infradebate-o-novo-perfil-da-infraestrutura-na-america-latina\/#article\",\"isPartOf\":{\"@id\":\"https:\/\/agenciainfra.com\/blog\/infradebate-o-novo-perfil-da-infraestrutura-na-america-latina\/\"},\"author\":{\"name\":\"Rodrigo Zuquim\",\"@id\":\"https:\/\/agenciainfra.com\/blog\/#\/schema\/person\/04dbb79bd6d8951f063da71f3e4c1eb1\"},\"headline\":\"iNFRADebate: O novo perfil da infraestrutura na Am\u00e9rica Latina\",\"datePublished\":\"2020-01-06T11:00:13+00:00\",\"mainEntityOfPage\":{\"@id\":\"https:\/\/agenciainfra.com\/blog\/infradebate-o-novo-perfil-da-infraestrutura-na-america-latina\/\"},\"wordCount\":750,\"publisher\":{\"@id\":\"https:\/\/agenciainfra.com\/blog\/#organization\"},\"image\":{\"@id\":\"https:\/\/agenciainfra.com\/blog\/infradebate-o-novo-perfil-da-infraestrutura-na-america-latina\/#primaryimage\"},\"thumbnailUrl\":\"https:\/\/agenciainfra.com\/blog\/wp-content\/uploads\/2019\/12\/guindaste2.jpeg\",\"keywords\":[\"Am\u00e9rica Latina\",\"Fernando Faria\",\"Infraestrutura\",\"KPMG\",\"sustentabilidade\"],\"articleSection\":[\"iNFRADebate\"],\"inLanguage\":\"pt-BR\",\"copyrightYear\":\"2020\",\"copyrightHolder\":{\"@id\":\"https:\/\/agenciainfra.com\/blog\/#organization\"}},{\"@type\":\"WebPage\",\"@id\":\"https:\/\/agenciainfra.com\/blog\/infradebate-o-novo-perfil-da-infraestrutura-na-america-latina\/\",\"url\":\"https:\/\/agenciainfra.com\/blog\/infradebate-o-novo-perfil-da-infraestrutura-na-america-latina\/\",\"name\":\"iNFRADebate: O novo perfil da infraestrutura na Am\u00e9rica Latina - Ag\u00eancia iNFRA\",\"isPartOf\":{\"@id\":\"https:\/\/agenciainfra.com\/blog\/#website\"},\"primaryImageOfPage\":{\"@id\":\"https:\/\/agenciainfra.com\/blog\/infradebate-o-novo-perfil-da-infraestrutura-na-america-latina\/#primaryimage\"},\"image\":{\"@id\":\"https:\/\/agenciainfra.com\/blog\/infradebate-o-novo-perfil-da-infraestrutura-na-america-latina\/#primaryimage\"},\"thumbnailUrl\":\"https:\/\/agenciainfra.com\/blog\/wp-content\/uploads\/2019\/12\/guindaste2.jpeg\",\"datePublished\":\"2020-01-06T11:00:13+00:00\",\"breadcrumb\":{\"@id\":\"https:\/\/agenciainfra.com\/blog\/infradebate-o-novo-perfil-da-infraestrutura-na-america-latina\/#breadcrumb\"},\"inLanguage\":\"pt-BR\",\"potentialAction\":[{\"@type\":\"ReadAction\",\"target\":[\"https:\/\/agenciainfra.com\/blog\/infradebate-o-novo-perfil-da-infraestrutura-na-america-latina\/\"]}]},{\"@type\":\"ImageObject\",\"inLanguage\":\"pt-BR\",\"@id\":\"https:\/\/agenciainfra.com\/blog\/infradebate-o-novo-perfil-da-infraestrutura-na-america-latina\/#primaryimage\",\"url\":\"https:\/\/agenciainfra.com\/blog\/wp-content\/uploads\/2019\/12\/guindaste2.jpeg\",\"contentUrl\":\"https:\/\/agenciainfra.com\/blog\/wp-content\/uploads\/2019\/12\/guindaste2.jpeg\",\"width\":1280,\"height\":881},{\"@type\":\"BreadcrumbList\",\"@id\":\"https:\/\/agenciainfra.com\/blog\/infradebate-o-novo-perfil-da-infraestrutura-na-america-latina\/#breadcrumb\",\"itemListElement\":[{\"@type\":\"ListItem\",\"position\":1,\"name\":\"In\u00edcio\",\"item\":\"https:\/\/agenciainfra.com\/blog\/\"},{\"@type\":\"ListItem\",\"position\":2,\"name\":\"iNFRADebate: O novo perfil da infraestrutura na Am\u00e9rica Latina\"}]},{\"@type\":\"WebSite\",\"@id\":\"https:\/\/agenciainfra.com\/blog\/#website\",\"url\":\"https:\/\/agenciainfra.com\/blog\/\",\"name\":\"Ag\u00eancia iNFRA\",\"description\":\"Multiplataforma de informa\u00e7\u00e3o jornal\u00edstica refer\u00eancia na \u00e1rea de infraestrutura no Brasil!\",\"publisher\":{\"@id\":\"https:\/\/agenciainfra.com\/blog\/#organization\"},\"potentialAction\":[{\"@type\":\"SearchAction\",\"target\":{\"@type\":\"EntryPoint\",\"urlTemplate\":\"https:\/\/agenciainfra.com\/blog\/?s={search_term_string}\"},\"query-input\":{\"@type\":\"PropertyValueSpecification\",\"valueRequired\":true,\"valueName\":\"search_term_string\"}}],\"inLanguage\":\"pt-BR\"},{\"@type\":\"Organization\",\"@id\":\"https:\/\/agenciainfra.com\/blog\/#organization\",\"name\":\"Ag\u00eancia iNFRA\",\"url\":\"https:\/\/agenciainfra.com\/blog\/\",\"logo\":{\"@type\":\"ImageObject\",\"inLanguage\":\"pt-BR\",\"@id\":\"https:\/\/agenciainfra.com\/blog\/#\/schema\/logo\/image\/\",\"url\":\"https:\/\/agenciainfra.com\/blog\/wp-content\/uploads\/2023\/09\/iNFRA_5-e1761735885940.png\",\"contentUrl\":\"https:\/\/agenciainfra.com\/blog\/wp-content\/uploads\/2023\/09\/iNFRA_5-e1761735885940.png\",\"width\":1672,\"height\":454,\"caption\":\"Ag\u00eancia iNFRA\"},\"image\":{\"@id\":\"https:\/\/agenciainfra.com\/blog\/#\/schema\/logo\/image\/\"},\"sameAs\":[\"https:\/\/www.facebook.com\/ageninfra\",\"https:\/\/x.com\/agencia_infra\",\"https:\/\/www.linkedin.com\/company\/ag\u00eanciainfra\/\",\"https:\/\/www.instagram.com\/agenciainfra\/\"]},{\"@type\":\"Person\",\"@id\":\"https:\/\/agenciainfra.com\/blog\/#\/schema\/person\/04dbb79bd6d8951f063da71f3e4c1eb1\",\"name\":\"Rodrigo Zuquim\",\"image\":{\"@type\":\"ImageObject\",\"inLanguage\":\"pt-BR\",\"@id\":\"https:\/\/agenciainfra.com\/blog\/#\/schema\/person\/image\/\",\"url\":\"https:\/\/secure.gravatar.com\/avatar\/594abfe82761d620726242ff34ca472a705a4b97f16c790053a6b4c4035274d0?s=96&d=mm&r=g\",\"contentUrl\":\"https:\/\/secure.gravatar.com\/avatar\/594abfe82761d620726242ff34ca472a705a4b97f16c790053a6b4c4035274d0?s=96&d=mm&r=g\",\"caption\":\"Rodrigo Zuquim\"},\"url\":\"https:\/\/agenciainfra.com\/blog\/author\/rodrigo-zuquim\/\"}]}<\/script>\n<!-- \/ Yoast SEO Premium plugin. -->","yoast_head_json":{"title":"iNFRADebate: O novo perfil da infraestrutura na Am\u00e9rica Latina - Ag\u00eancia iNFRA","robots":{"index":"index","follow":"follow","max-snippet":"max-snippet:-1","max-image-preview":"max-image-preview:large","max-video-preview":"max-video-preview:-1"},"canonical":"https:\/\/agenciainfra.com\/blog\/infradebate-o-novo-perfil-da-infraestrutura-na-america-latina\/","og_locale":"pt_BR","og_type":"article","og_title":"iNFRADebate: O novo perfil da infraestrutura na Am\u00e9rica Latina","og_description":"Fernando Faria* Cerca de 75% dos objetivos de desenvolvimento sustent\u00e1vel da ONU (Organiza\u00e7\u00e3o das Na\u00e7\u00f5es Unidas) est\u00e3o dependendo da capacidade de planejar, construir, aprimorar e gerenciar ativos de infraestrutura. O tamanho da oportunidade \u00e9 significativo e o mercado est\u00e1 aberto agora para a comunidade internacional, principalmente para a Am\u00e9rica Latina. Para atender a essa nova [&hellip;]","og_url":"https:\/\/agenciainfra.com\/blog\/infradebate-o-novo-perfil-da-infraestrutura-na-america-latina\/","og_site_name":"Ag\u00eancia iNFRA","article_publisher":"https:\/\/www.facebook.com\/ageninfra","article_published_time":"2020-01-06T11:00:13+00:00","og_image":[{"width":1280,"height":881,"url":"https:\/\/agenciainfra.com\/blog\/wp-content\/uploads\/2019\/12\/guindaste2.jpeg","type":"image\/jpeg"}],"author":"Rodrigo Zuquim","twitter_card":"summary_large_image","twitter_creator":"@agencia_infra","twitter_site":"@agencia_infra","twitter_misc":{"Escrito por":"Rodrigo Zuquim","Est. tempo de leitura":"4 minutos"},"schema":{"@context":"https:\/\/schema.org","@graph":[{"@type":"Article","@id":"https:\/\/agenciainfra.com\/blog\/infradebate-o-novo-perfil-da-infraestrutura-na-america-latina\/#article","isPartOf":{"@id":"https:\/\/agenciainfra.com\/blog\/infradebate-o-novo-perfil-da-infraestrutura-na-america-latina\/"},"author":{"name":"Rodrigo Zuquim","@id":"https:\/\/agenciainfra.com\/blog\/#\/schema\/person\/04dbb79bd6d8951f063da71f3e4c1eb1"},"headline":"iNFRADebate: O novo perfil da infraestrutura na Am\u00e9rica Latina","datePublished":"2020-01-06T11:00:13+00:00","mainEntityOfPage":{"@id":"https:\/\/agenciainfra.com\/blog\/infradebate-o-novo-perfil-da-infraestrutura-na-america-latina\/"},"wordCount":750,"publisher":{"@id":"https:\/\/agenciainfra.com\/blog\/#organization"},"image":{"@id":"https:\/\/agenciainfra.com\/blog\/infradebate-o-novo-perfil-da-infraestrutura-na-america-latina\/#primaryimage"},"thumbnailUrl":"https:\/\/agenciainfra.com\/blog\/wp-content\/uploads\/2019\/12\/guindaste2.jpeg","keywords":["Am\u00e9rica Latina","Fernando Faria","Infraestrutura","KPMG","sustentabilidade"],"articleSection":["iNFRADebate"],"inLanguage":"pt-BR","copyrightYear":"2020","copyrightHolder":{"@id":"https:\/\/agenciainfra.com\/blog\/#organization"}},{"@type":"WebPage","@id":"https:\/\/agenciainfra.com\/blog\/infradebate-o-novo-perfil-da-infraestrutura-na-america-latina\/","url":"https:\/\/agenciainfra.com\/blog\/infradebate-o-novo-perfil-da-infraestrutura-na-america-latina\/","name":"iNFRADebate: O novo perfil da infraestrutura na Am\u00e9rica Latina - Ag\u00eancia iNFRA","isPartOf":{"@id":"https:\/\/agenciainfra.com\/blog\/#website"},"primaryImageOfPage":{"@id":"https:\/\/agenciainfra.com\/blog\/infradebate-o-novo-perfil-da-infraestrutura-na-america-latina\/#primaryimage"},"image":{"@id":"https:\/\/agenciainfra.com\/blog\/infradebate-o-novo-perfil-da-infraestrutura-na-america-latina\/#primaryimage"},"thumbnailUrl":"https:\/\/agenciainfra.com\/blog\/wp-content\/uploads\/2019\/12\/guindaste2.jpeg","datePublished":"2020-01-06T11:00:13+00:00","breadcrumb":{"@id":"https:\/\/agenciainfra.com\/blog\/infradebate-o-novo-perfil-da-infraestrutura-na-america-latina\/#breadcrumb"},"inLanguage":"pt-BR","potentialAction":[{"@type":"ReadAction","target":["https:\/\/agenciainfra.com\/blog\/infradebate-o-novo-perfil-da-infraestrutura-na-america-latina\/"]}]},{"@type":"ImageObject","inLanguage":"pt-BR","@id":"https:\/\/agenciainfra.com\/blog\/infradebate-o-novo-perfil-da-infraestrutura-na-america-latina\/#primaryimage","url":"https:\/\/agenciainfra.com\/blog\/wp-content\/uploads\/2019\/12\/guindaste2.jpeg","contentUrl":"https:\/\/agenciainfra.com\/blog\/wp-content\/uploads\/2019\/12\/guindaste2.jpeg","width":1280,"height":881},{"@type":"BreadcrumbList","@id":"https:\/\/agenciainfra.com\/blog\/infradebate-o-novo-perfil-da-infraestrutura-na-america-latina\/#breadcrumb","itemListElement":[{"@type":"ListItem","position":1,"name":"In\u00edcio","item":"https:\/\/agenciainfra.com\/blog\/"},{"@type":"ListItem","position":2,"name":"iNFRADebate: O novo perfil da infraestrutura na Am\u00e9rica Latina"}]},{"@type":"WebSite","@id":"https:\/\/agenciainfra.com\/blog\/#website","url":"https:\/\/agenciainfra.com\/blog\/","name":"Ag\u00eancia iNFRA","description":"Multiplataforma de informa\u00e7\u00e3o jornal\u00edstica refer\u00eancia na \u00e1rea de infraestrutura no Brasil!","publisher":{"@id":"https:\/\/agenciainfra.com\/blog\/#organization"},"potentialAction":[{"@type":"SearchAction","target":{"@type":"EntryPoint","urlTemplate":"https:\/\/agenciainfra.com\/blog\/?s={search_term_string}"},"query-input":{"@type":"PropertyValueSpecification","valueRequired":true,"valueName":"search_term_string"}}],"inLanguage":"pt-BR"},{"@type":"Organization","@id":"https:\/\/agenciainfra.com\/blog\/#organization","name":"Ag\u00eancia iNFRA","url":"https:\/\/agenciainfra.com\/blog\/","logo":{"@type":"ImageObject","inLanguage":"pt-BR","@id":"https:\/\/agenciainfra.com\/blog\/#\/schema\/logo\/image\/","url":"https:\/\/agenciainfra.com\/blog\/wp-content\/uploads\/2023\/09\/iNFRA_5-e1761735885940.png","contentUrl":"https:\/\/agenciainfra.com\/blog\/wp-content\/uploads\/2023\/09\/iNFRA_5-e1761735885940.png","width":1672,"height":454,"caption":"Ag\u00eancia iNFRA"},"image":{"@id":"https:\/\/agenciainfra.com\/blog\/#\/schema\/logo\/image\/"},"sameAs":["https:\/\/www.facebook.com\/ageninfra","https:\/\/x.com\/agencia_infra","https:\/\/www.linkedin.com\/company\/ag\u00eanciainfra\/","https:\/\/www.instagram.com\/agenciainfra\/"]},{"@type":"Person","@id":"https:\/\/agenciainfra.com\/blog\/#\/schema\/person\/04dbb79bd6d8951f063da71f3e4c1eb1","name":"Rodrigo Zuquim","image":{"@type":"ImageObject","inLanguage":"pt-BR","@id":"https:\/\/agenciainfra.com\/blog\/#\/schema\/person\/image\/","url":"https:\/\/secure.gravatar.com\/avatar\/594abfe82761d620726242ff34ca472a705a4b97f16c790053a6b4c4035274d0?s=96&d=mm&r=g","contentUrl":"https:\/\/secure.gravatar.com\/avatar\/594abfe82761d620726242ff34ca472a705a4b97f16c790053a6b4c4035274d0?s=96&d=mm&r=g","caption":"Rodrigo Zuquim"},"url":"https:\/\/agenciainfra.com\/blog\/author\/rodrigo-zuquim\/"}]}},"_links":{"self":[{"href":"https:\/\/agenciainfra.com\/blog\/wp-json\/wp\/v2\/posts\/4213","targetHints":{"allow":["GET"]}}],"collection":[{"href":"https:\/\/agenciainfra.com\/blog\/wp-json\/wp\/v2\/posts"}],"about":[{"href":"https:\/\/agenciainfra.com\/blog\/wp-json\/wp\/v2\/types\/post"}],"author":[{"embeddable":true,"href":"https:\/\/agenciainfra.com\/blog\/wp-json\/wp\/v2\/users\/9"}],"replies":[{"embeddable":true,"href":"https:\/\/agenciainfra.com\/blog\/wp-json\/wp\/v2\/comments?post=4213"}],"version-history":[{"count":0,"href":"https:\/\/agenciainfra.com\/blog\/wp-json\/wp\/v2\/posts\/4213\/revisions"}],"wp:featuredmedia":[{"embeddable":true,"href":"https:\/\/agenciainfra.com\/blog\/wp-json\/wp\/v2\/media\/4214"}],"wp:attachment":[{"href":"https:\/\/agenciainfra.com\/blog\/wp-json\/wp\/v2\/media?parent=4213"}],"wp:term":[{"taxonomy":"category","embeddable":true,"href":"https:\/\/agenciainfra.com\/blog\/wp-json\/wp\/v2\/categories?post=4213"},{"taxonomy":"post_tag","embeddable":true,"href":"https:\/\/agenciainfra.com\/blog\/wp-json\/wp\/v2\/tags?post=4213"}],"curies":[{"name":"wp","href":"https:\/\/api.w.org\/{rel}","templated":true}]}}