{"id":4229,"date":"2020-01-11T08:00:42","date_gmt":"2020-01-11T11:00:42","guid":{"rendered":"http:\/\/www.agenciainfra.com\/blog\/?p=4229"},"modified":"2020-01-10T18:25:07","modified_gmt":"2020-01-10T21:25:07","slug":"pl-do-free-flow-quer-obrigar-colocacao-de-chip-em-veiculos","status":"publish","type":"post","link":"https:\/\/agenciainfra.com\/blog\/pl-do-free-flow-quer-obrigar-colocacao-de-chip-em-veiculos\/","title":{"rendered":"PL do Free Flow quer obrigar coloca\u00e7\u00e3o de chip em ve\u00edculos"},"content":{"rendered":"<div>\n<h5 style=\"text-align: right;\"><strong>Dimmi Amora, da\u00a0Ag\u00eancia iNFRA<\/strong><\/h5>\n<p>O novo relat\u00f3rio do Projeto de Lei 08\/2013 da C\u00e2mara, que trata da cobran\u00e7a de ped\u00e1gio em modo free flow, aprovado pela Comiss\u00e3o de Infraestrutura do Senado no final do ano passado, introduziu a obriga\u00e7\u00e3o de o Contran regulamentar dispositivo eletr\u00f4nico obrigat\u00f3rio em todas as placas de carros.<\/p>\n<p>O dispositivo obrigat\u00f3rio ter\u00e1 que ser regulamentado em 180 dias, caso a lei seja aprovada como est\u00e1. Ela agora ser\u00e1 avaliada pela CCJ (Comiss\u00e3o de Constitui\u00e7\u00e3o e Justi\u00e7a) do Senado.<\/p>\n<p>Essa obrigatoriedade do chamado chip nos ve\u00edculos j\u00e1 foi tentada em outros projetos de lei e em decis\u00f5es do Contran sobre o tema e sempre foi vetada. Al\u00e9m de implicar em um custo obrigat\u00f3rio para os motoristas, semelhante a outros j\u00e1 impostos pelas leis de tr\u00e2nsito, no caso do chip n\u00e3o h\u00e1 seguran\u00e7a de que ele seja efetivo.<\/p>\n<p>A nova tentativa de colocar o chip tamb\u00e9m est\u00e1 presente no substitutivo ao Projeto de Lei que o governo enviou \u00e0 C\u00e2mara para mudar o CTB (C\u00f3digo de Tr\u00e2nsito Brasileiro). No caso do CTB, o dispositivo \u00e9 ainda mais r\u00edgido e prev\u00ea at\u00e9 o tipo de identifica\u00e7\u00e3o que o chip dever\u00e1 ter.<\/p>\n<p><strong>Instrumentos de identifica\u00e7\u00e3o<\/strong><br \/>\nHoje no Brasil os ve\u00edculos t\u00eam v\u00e1rios tipos de identifica\u00e7\u00e3o al\u00e9m da placa. Cerca de 8 milh\u00f5es est\u00e3o com as chamadas TAGs de empresas privadas que permitem o uso para pagamento de ped\u00e1gios, estacionamentos, entre outros.<\/p>\n<p>A ANTT (Ag\u00eancia Nacional de Transportes Terrestres) obriga os ve\u00edculos de carga a ter um identificador com o chamado QR Code, uma impress\u00e3o gr\u00e1fica que permite que os sensores da ag\u00eancia espalhados pelo pa\u00eds possam identificar os ve\u00edculos por meio desse c\u00f3digo que \u00e9 pr\u00f3prio para cada ve\u00edculo. H\u00e1 sensores capazes at\u00e9 mesmo de ler as placas dos ve\u00edculos, cujo padr\u00e3o Mercosul tamb\u00e9m exige este instrumento de identifica\u00e7\u00e3o.<\/p>\n<p>A nova tentativa de obrigar a coloca\u00e7\u00e3o do chip poder\u00e1 reduzir investimentos que j\u00e1 est\u00e3o sendo trazidos para o pa\u00eds de empresas da \u00e1rea de meios de pagamento, que est\u00e3o trabalhando em formatos at\u00e9 mesmo com uso de celulares para fazer o pagamento do free flow.<\/p>\n<p>O governo foi alertado de que se o projeto passar como est\u00e1 pode ser criado um novo &#8220;kit primeiros socorros&#8221; dos carros e se comprometeu a n\u00e3o apoiar o dispositivo nas comiss\u00f5es em que ele vai tramitar.<\/p>\n<\/div>\n","protected":false},"excerpt":{"rendered":"<p>Dimmi Amora, da\u00a0Ag\u00eancia iNFRA O novo relat\u00f3rio do Projeto de Lei 08\/2013 da C\u00e2mara, que trata da cobran\u00e7a de ped\u00e1gio em modo free flow, aprovado pela Comiss\u00e3o de Infraestrutura do Senado no final do ano passado, introduziu a obriga\u00e7\u00e3o de o Contran regulamentar dispositivo eletr\u00f4nico obrigat\u00f3rio em todas as placas de carros. O dispositivo obrigat\u00f3rio [&hellip;]<\/p>\n","protected":false},"author":9,"featured_media":4231,"comment_status":"closed","ping_status":"closed","sticky":false,"template":"","format":"standard","meta":{"_monsterinsights_skip_tracking":false,"_monsterinsights_sitenote_active":false,"_monsterinsights_sitenote_note":"","_monsterinsights_sitenote_category":0,"footnotes":""},"categories":[7],"tags":[19,1582,1581,1106,20,1580],"class_list":["post-4229","post","type-post","status-publish","format-standard","has-post-thumbnail","hentry","category-infratransporte","tag-antt","tag-codigo-de-transito-brasileiro","tag-contran","tag-free-flow","tag-pedagio","tag-projeto-de-lei-08-2013"],"yoast_head":"<!-- This site is optimized with the Yoast SEO Premium plugin v25.4 (Yoast SEO v26.0) - https:\/\/yoast.com\/wordpress\/plugins\/seo\/ -->\n<title>PL do Free Flow quer obrigar coloca\u00e7\u00e3o de chip em ve\u00edculos - Ag\u00eancia iNFRA<\/title>\n<meta name=\"robots\" content=\"index, follow, max-snippet:-1, max-image-preview:large, max-video-preview:-1\" \/>\n<link rel=\"canonical\" href=\"https:\/\/agenciainfra.com\/blog\/pl-do-free-flow-quer-obrigar-colocacao-de-chip-em-veiculos\/\" \/>\n<meta property=\"og:locale\" content=\"pt_BR\" \/>\n<meta property=\"og:type\" content=\"article\" \/>\n<meta property=\"og:title\" content=\"PL do Free Flow quer obrigar coloca\u00e7\u00e3o de chip em ve\u00edculos\" \/>\n<meta property=\"og:description\" content=\"Dimmi Amora, da\u00a0Ag\u00eancia iNFRA O novo relat\u00f3rio do Projeto de Lei 08\/2013 da C\u00e2mara, que trata da cobran\u00e7a de ped\u00e1gio em modo free flow, aprovado pela Comiss\u00e3o de Infraestrutura do Senado no final do ano passado, introduziu a obriga\u00e7\u00e3o de o Contran regulamentar dispositivo eletr\u00f4nico obrigat\u00f3rio em todas as placas de carros. O dispositivo obrigat\u00f3rio [&hellip;]\" \/>\n<meta property=\"og:url\" content=\"https:\/\/agenciainfra.com\/blog\/pl-do-free-flow-quer-obrigar-colocacao-de-chip-em-veiculos\/\" \/>\n<meta property=\"og:site_name\" content=\"Ag\u00eancia iNFRA\" \/>\n<meta property=\"article:publisher\" content=\"https:\/\/www.facebook.com\/ageninfra\" \/>\n<meta property=\"article:published_time\" content=\"2020-01-11T11:00:42+00:00\" \/>\n<meta property=\"og:image\" content=\"https:\/\/agenciainfra.com\/blog\/wp-content\/uploads\/2020\/01\/transito-dominio-publico.jpeg\" \/>\n\t<meta property=\"og:image:width\" content=\"1280\" \/>\n\t<meta property=\"og:image:height\" content=\"960\" \/>\n\t<meta property=\"og:image:type\" content=\"image\/jpeg\" \/>\n<meta name=\"author\" content=\"Rodrigo Zuquim\" \/>\n<meta name=\"twitter:card\" content=\"summary_large_image\" \/>\n<meta name=\"twitter:creator\" content=\"@agencia_infra\" \/>\n<meta name=\"twitter:site\" content=\"@agencia_infra\" \/>\n<meta name=\"twitter:label1\" content=\"Escrito por\" \/>\n\t<meta name=\"twitter:data1\" content=\"Rodrigo Zuquim\" \/>\n\t<meta name=\"twitter:label2\" content=\"Est. tempo de leitura\" \/>\n\t<meta name=\"twitter:data2\" content=\"2 minutos\" \/>\n<script type=\"application\/ld+json\" class=\"yoast-schema-graph\">{\"@context\":\"https:\/\/schema.org\",\"@graph\":[{\"@type\":\"Article\",\"@id\":\"https:\/\/agenciainfra.com\/blog\/pl-do-free-flow-quer-obrigar-colocacao-de-chip-em-veiculos\/#article\",\"isPartOf\":{\"@id\":\"https:\/\/agenciainfra.com\/blog\/pl-do-free-flow-quer-obrigar-colocacao-de-chip-em-veiculos\/\"},\"author\":{\"name\":\"Rodrigo Zuquim\",\"@id\":\"https:\/\/agenciainfra.com\/blog\/#\/schema\/person\/04dbb79bd6d8951f063da71f3e4c1eb1\"},\"headline\":\"PL do Free Flow quer obrigar coloca\u00e7\u00e3o de chip em ve\u00edculos\",\"datePublished\":\"2020-01-11T11:00:42+00:00\",\"mainEntityOfPage\":{\"@id\":\"https:\/\/agenciainfra.com\/blog\/pl-do-free-flow-quer-obrigar-colocacao-de-chip-em-veiculos\/\"},\"wordCount\":445,\"publisher\":{\"@id\":\"https:\/\/agenciainfra.com\/blog\/#organization\"},\"image\":{\"@id\":\"https:\/\/agenciainfra.com\/blog\/pl-do-free-flow-quer-obrigar-colocacao-de-chip-em-veiculos\/#primaryimage\"},\"thumbnailUrl\":\"https:\/\/agenciainfra.com\/blog\/wp-content\/uploads\/2020\/01\/transito-dominio-publico.jpeg\",\"keywords\":[\"ANTT\",\"C\u00f3digo de Tr\u00e2nsito Brasileiro\",\"Contran\",\"free flow\",\"Ped\u00e1gio\",\"Projeto de Lei 08\/2013\"],\"articleSection\":[\"iNFRATransporte\"],\"inLanguage\":\"pt-BR\",\"copyrightYear\":\"2020\",\"copyrightHolder\":{\"@id\":\"https:\/\/agenciainfra.com\/blog\/#organization\"}},{\"@type\":\"WebPage\",\"@id\":\"https:\/\/agenciainfra.com\/blog\/pl-do-free-flow-quer-obrigar-colocacao-de-chip-em-veiculos\/\",\"url\":\"https:\/\/agenciainfra.com\/blog\/pl-do-free-flow-quer-obrigar-colocacao-de-chip-em-veiculos\/\",\"name\":\"PL do Free Flow quer obrigar coloca\u00e7\u00e3o de chip em ve\u00edculos - Ag\u00eancia iNFRA\",\"isPartOf\":{\"@id\":\"https:\/\/agenciainfra.com\/blog\/#website\"},\"primaryImageOfPage\":{\"@id\":\"https:\/\/agenciainfra.com\/blog\/pl-do-free-flow-quer-obrigar-colocacao-de-chip-em-veiculos\/#primaryimage\"},\"image\":{\"@id\":\"https:\/\/agenciainfra.com\/blog\/pl-do-free-flow-quer-obrigar-colocacao-de-chip-em-veiculos\/#primaryimage\"},\"thumbnailUrl\":\"https:\/\/agenciainfra.com\/blog\/wp-content\/uploads\/2020\/01\/transito-dominio-publico.jpeg\",\"datePublished\":\"2020-01-11T11:00:42+00:00\",\"breadcrumb\":{\"@id\":\"https:\/\/agenciainfra.com\/blog\/pl-do-free-flow-quer-obrigar-colocacao-de-chip-em-veiculos\/#breadcrumb\"},\"inLanguage\":\"pt-BR\",\"potentialAction\":[{\"@type\":\"ReadAction\",\"target\":[\"https:\/\/agenciainfra.com\/blog\/pl-do-free-flow-quer-obrigar-colocacao-de-chip-em-veiculos\/\"]}]},{\"@type\":\"ImageObject\",\"inLanguage\":\"pt-BR\",\"@id\":\"https:\/\/agenciainfra.com\/blog\/pl-do-free-flow-quer-obrigar-colocacao-de-chip-em-veiculos\/#primaryimage\",\"url\":\"https:\/\/agenciainfra.com\/blog\/wp-content\/uploads\/2020\/01\/transito-dominio-publico.jpeg\",\"contentUrl\":\"https:\/\/agenciainfra.com\/blog\/wp-content\/uploads\/2020\/01\/transito-dominio-publico.jpeg\",\"width\":1280,\"height\":960,\"caption\":\"Foto: Dom\u00ednio P\u00fablico\"},{\"@type\":\"BreadcrumbList\",\"@id\":\"https:\/\/agenciainfra.com\/blog\/pl-do-free-flow-quer-obrigar-colocacao-de-chip-em-veiculos\/#breadcrumb\",\"itemListElement\":[{\"@type\":\"ListItem\",\"position\":1,\"name\":\"In\u00edcio\",\"item\":\"https:\/\/agenciainfra.com\/blog\/\"},{\"@type\":\"ListItem\",\"position\":2,\"name\":\"PL do Free Flow quer obrigar coloca\u00e7\u00e3o de chip em ve\u00edculos\"}]},{\"@type\":\"WebSite\",\"@id\":\"https:\/\/agenciainfra.com\/blog\/#website\",\"url\":\"https:\/\/agenciainfra.com\/blog\/\",\"name\":\"Ag\u00eancia iNFRA\",\"description\":\"Multiplataforma de informa\u00e7\u00e3o jornal\u00edstica refer\u00eancia na \u00e1rea de infraestrutura no Brasil!\",\"publisher\":{\"@id\":\"https:\/\/agenciainfra.com\/blog\/#organization\"},\"potentialAction\":[{\"@type\":\"SearchAction\",\"target\":{\"@type\":\"EntryPoint\",\"urlTemplate\":\"https:\/\/agenciainfra.com\/blog\/?s={search_term_string}\"},\"query-input\":{\"@type\":\"PropertyValueSpecification\",\"valueRequired\":true,\"valueName\":\"search_term_string\"}}],\"inLanguage\":\"pt-BR\"},{\"@type\":\"Organization\",\"@id\":\"https:\/\/agenciainfra.com\/blog\/#organization\",\"name\":\"Ag\u00eancia iNFRA\",\"url\":\"https:\/\/agenciainfra.com\/blog\/\",\"logo\":{\"@type\":\"ImageObject\",\"inLanguage\":\"pt-BR\",\"@id\":\"https:\/\/agenciainfra.com\/blog\/#\/schema\/logo\/image\/\",\"url\":\"https:\/\/agenciainfra.com\/blog\/wp-content\/uploads\/2023\/09\/iNFRA_5-e1761735885940.png\",\"contentUrl\":\"https:\/\/agenciainfra.com\/blog\/wp-content\/uploads\/2023\/09\/iNFRA_5-e1761735885940.png\",\"width\":1672,\"height\":454,\"caption\":\"Ag\u00eancia iNFRA\"},\"image\":{\"@id\":\"https:\/\/agenciainfra.com\/blog\/#\/schema\/logo\/image\/\"},\"sameAs\":[\"https:\/\/www.facebook.com\/ageninfra\",\"https:\/\/x.com\/agencia_infra\",\"https:\/\/www.linkedin.com\/company\/ag\u00eanciainfra\/\",\"https:\/\/www.instagram.com\/agenciainfra\/\"]},{\"@type\":\"Person\",\"@id\":\"https:\/\/agenciainfra.com\/blog\/#\/schema\/person\/04dbb79bd6d8951f063da71f3e4c1eb1\",\"name\":\"Rodrigo Zuquim\",\"image\":{\"@type\":\"ImageObject\",\"inLanguage\":\"pt-BR\",\"@id\":\"https:\/\/agenciainfra.com\/blog\/#\/schema\/person\/image\/\",\"url\":\"https:\/\/secure.gravatar.com\/avatar\/594abfe82761d620726242ff34ca472a705a4b97f16c790053a6b4c4035274d0?s=96&d=mm&r=g\",\"contentUrl\":\"https:\/\/secure.gravatar.com\/avatar\/594abfe82761d620726242ff34ca472a705a4b97f16c790053a6b4c4035274d0?s=96&d=mm&r=g\",\"caption\":\"Rodrigo Zuquim\"},\"url\":\"https:\/\/agenciainfra.com\/blog\/author\/rodrigo-zuquim\/\"}]}<\/script>\n<!-- \/ Yoast SEO Premium plugin. -->","yoast_head_json":{"title":"PL do Free Flow quer obrigar coloca\u00e7\u00e3o de chip em ve\u00edculos - Ag\u00eancia iNFRA","robots":{"index":"index","follow":"follow","max-snippet":"max-snippet:-1","max-image-preview":"max-image-preview:large","max-video-preview":"max-video-preview:-1"},"canonical":"https:\/\/agenciainfra.com\/blog\/pl-do-free-flow-quer-obrigar-colocacao-de-chip-em-veiculos\/","og_locale":"pt_BR","og_type":"article","og_title":"PL do Free Flow quer obrigar coloca\u00e7\u00e3o de chip em ve\u00edculos","og_description":"Dimmi Amora, da\u00a0Ag\u00eancia iNFRA O novo relat\u00f3rio do Projeto de Lei 08\/2013 da C\u00e2mara, que trata da cobran\u00e7a de ped\u00e1gio em modo free flow, aprovado pela Comiss\u00e3o de Infraestrutura do Senado no final do ano passado, introduziu a obriga\u00e7\u00e3o de o Contran regulamentar dispositivo eletr\u00f4nico obrigat\u00f3rio em todas as placas de carros. O dispositivo obrigat\u00f3rio [&hellip;]","og_url":"https:\/\/agenciainfra.com\/blog\/pl-do-free-flow-quer-obrigar-colocacao-de-chip-em-veiculos\/","og_site_name":"Ag\u00eancia iNFRA","article_publisher":"https:\/\/www.facebook.com\/ageninfra","article_published_time":"2020-01-11T11:00:42+00:00","og_image":[{"width":1280,"height":960,"url":"https:\/\/agenciainfra.com\/blog\/wp-content\/uploads\/2020\/01\/transito-dominio-publico.jpeg","type":"image\/jpeg"}],"author":"Rodrigo Zuquim","twitter_card":"summary_large_image","twitter_creator":"@agencia_infra","twitter_site":"@agencia_infra","twitter_misc":{"Escrito por":"Rodrigo Zuquim","Est. tempo de leitura":"2 minutos"},"schema":{"@context":"https:\/\/schema.org","@graph":[{"@type":"Article","@id":"https:\/\/agenciainfra.com\/blog\/pl-do-free-flow-quer-obrigar-colocacao-de-chip-em-veiculos\/#article","isPartOf":{"@id":"https:\/\/agenciainfra.com\/blog\/pl-do-free-flow-quer-obrigar-colocacao-de-chip-em-veiculos\/"},"author":{"name":"Rodrigo Zuquim","@id":"https:\/\/agenciainfra.com\/blog\/#\/schema\/person\/04dbb79bd6d8951f063da71f3e4c1eb1"},"headline":"PL do Free Flow quer obrigar coloca\u00e7\u00e3o de chip em ve\u00edculos","datePublished":"2020-01-11T11:00:42+00:00","mainEntityOfPage":{"@id":"https:\/\/agenciainfra.com\/blog\/pl-do-free-flow-quer-obrigar-colocacao-de-chip-em-veiculos\/"},"wordCount":445,"publisher":{"@id":"https:\/\/agenciainfra.com\/blog\/#organization"},"image":{"@id":"https:\/\/agenciainfra.com\/blog\/pl-do-free-flow-quer-obrigar-colocacao-de-chip-em-veiculos\/#primaryimage"},"thumbnailUrl":"https:\/\/agenciainfra.com\/blog\/wp-content\/uploads\/2020\/01\/transito-dominio-publico.jpeg","keywords":["ANTT","C\u00f3digo de Tr\u00e2nsito Brasileiro","Contran","free flow","Ped\u00e1gio","Projeto de Lei 08\/2013"],"articleSection":["iNFRATransporte"],"inLanguage":"pt-BR","copyrightYear":"2020","copyrightHolder":{"@id":"https:\/\/agenciainfra.com\/blog\/#organization"}},{"@type":"WebPage","@id":"https:\/\/agenciainfra.com\/blog\/pl-do-free-flow-quer-obrigar-colocacao-de-chip-em-veiculos\/","url":"https:\/\/agenciainfra.com\/blog\/pl-do-free-flow-quer-obrigar-colocacao-de-chip-em-veiculos\/","name":"PL do Free Flow quer obrigar coloca\u00e7\u00e3o de chip em ve\u00edculos - Ag\u00eancia iNFRA","isPartOf":{"@id":"https:\/\/agenciainfra.com\/blog\/#website"},"primaryImageOfPage":{"@id":"https:\/\/agenciainfra.com\/blog\/pl-do-free-flow-quer-obrigar-colocacao-de-chip-em-veiculos\/#primaryimage"},"image":{"@id":"https:\/\/agenciainfra.com\/blog\/pl-do-free-flow-quer-obrigar-colocacao-de-chip-em-veiculos\/#primaryimage"},"thumbnailUrl":"https:\/\/agenciainfra.com\/blog\/wp-content\/uploads\/2020\/01\/transito-dominio-publico.jpeg","datePublished":"2020-01-11T11:00:42+00:00","breadcrumb":{"@id":"https:\/\/agenciainfra.com\/blog\/pl-do-free-flow-quer-obrigar-colocacao-de-chip-em-veiculos\/#breadcrumb"},"inLanguage":"pt-BR","potentialAction":[{"@type":"ReadAction","target":["https:\/\/agenciainfra.com\/blog\/pl-do-free-flow-quer-obrigar-colocacao-de-chip-em-veiculos\/"]}]},{"@type":"ImageObject","inLanguage":"pt-BR","@id":"https:\/\/agenciainfra.com\/blog\/pl-do-free-flow-quer-obrigar-colocacao-de-chip-em-veiculos\/#primaryimage","url":"https:\/\/agenciainfra.com\/blog\/wp-content\/uploads\/2020\/01\/transito-dominio-publico.jpeg","contentUrl":"https:\/\/agenciainfra.com\/blog\/wp-content\/uploads\/2020\/01\/transito-dominio-publico.jpeg","width":1280,"height":960,"caption":"Foto: Dom\u00ednio P\u00fablico"},{"@type":"BreadcrumbList","@id":"https:\/\/agenciainfra.com\/blog\/pl-do-free-flow-quer-obrigar-colocacao-de-chip-em-veiculos\/#breadcrumb","itemListElement":[{"@type":"ListItem","position":1,"name":"In\u00edcio","item":"https:\/\/agenciainfra.com\/blog\/"},{"@type":"ListItem","position":2,"name":"PL do Free Flow quer obrigar coloca\u00e7\u00e3o de chip em ve\u00edculos"}]},{"@type":"WebSite","@id":"https:\/\/agenciainfra.com\/blog\/#website","url":"https:\/\/agenciainfra.com\/blog\/","name":"Ag\u00eancia iNFRA","description":"Multiplataforma de informa\u00e7\u00e3o jornal\u00edstica refer\u00eancia na \u00e1rea de infraestrutura no Brasil!","publisher":{"@id":"https:\/\/agenciainfra.com\/blog\/#organization"},"potentialAction":[{"@type":"SearchAction","target":{"@type":"EntryPoint","urlTemplate":"https:\/\/agenciainfra.com\/blog\/?s={search_term_string}"},"query-input":{"@type":"PropertyValueSpecification","valueRequired":true,"valueName":"search_term_string"}}],"inLanguage":"pt-BR"},{"@type":"Organization","@id":"https:\/\/agenciainfra.com\/blog\/#organization","name":"Ag\u00eancia iNFRA","url":"https:\/\/agenciainfra.com\/blog\/","logo":{"@type":"ImageObject","inLanguage":"pt-BR","@id":"https:\/\/agenciainfra.com\/blog\/#\/schema\/logo\/image\/","url":"https:\/\/agenciainfra.com\/blog\/wp-content\/uploads\/2023\/09\/iNFRA_5-e1761735885940.png","contentUrl":"https:\/\/agenciainfra.com\/blog\/wp-content\/uploads\/2023\/09\/iNFRA_5-e1761735885940.png","width":1672,"height":454,"caption":"Ag\u00eancia iNFRA"},"image":{"@id":"https:\/\/agenciainfra.com\/blog\/#\/schema\/logo\/image\/"},"sameAs":["https:\/\/www.facebook.com\/ageninfra","https:\/\/x.com\/agencia_infra","https:\/\/www.linkedin.com\/company\/ag\u00eanciainfra\/","https:\/\/www.instagram.com\/agenciainfra\/"]},{"@type":"Person","@id":"https:\/\/agenciainfra.com\/blog\/#\/schema\/person\/04dbb79bd6d8951f063da71f3e4c1eb1","name":"Rodrigo Zuquim","image":{"@type":"ImageObject","inLanguage":"pt-BR","@id":"https:\/\/agenciainfra.com\/blog\/#\/schema\/person\/image\/","url":"https:\/\/secure.gravatar.com\/avatar\/594abfe82761d620726242ff34ca472a705a4b97f16c790053a6b4c4035274d0?s=96&d=mm&r=g","contentUrl":"https:\/\/secure.gravatar.com\/avatar\/594abfe82761d620726242ff34ca472a705a4b97f16c790053a6b4c4035274d0?s=96&d=mm&r=g","caption":"Rodrigo Zuquim"},"url":"https:\/\/agenciainfra.com\/blog\/author\/rodrigo-zuquim\/"}]}},"_links":{"self":[{"href":"https:\/\/agenciainfra.com\/blog\/wp-json\/wp\/v2\/posts\/4229","targetHints":{"allow":["GET"]}}],"collection":[{"href":"https:\/\/agenciainfra.com\/blog\/wp-json\/wp\/v2\/posts"}],"about":[{"href":"https:\/\/agenciainfra.com\/blog\/wp-json\/wp\/v2\/types\/post"}],"author":[{"embeddable":true,"href":"https:\/\/agenciainfra.com\/blog\/wp-json\/wp\/v2\/users\/9"}],"replies":[{"embeddable":true,"href":"https:\/\/agenciainfra.com\/blog\/wp-json\/wp\/v2\/comments?post=4229"}],"version-history":[{"count":0,"href":"https:\/\/agenciainfra.com\/blog\/wp-json\/wp\/v2\/posts\/4229\/revisions"}],"wp:featuredmedia":[{"embeddable":true,"href":"https:\/\/agenciainfra.com\/blog\/wp-json\/wp\/v2\/media\/4231"}],"wp:attachment":[{"href":"https:\/\/agenciainfra.com\/blog\/wp-json\/wp\/v2\/media?parent=4229"}],"wp:term":[{"taxonomy":"category","embeddable":true,"href":"https:\/\/agenciainfra.com\/blog\/wp-json\/wp\/v2\/categories?post=4229"},{"taxonomy":"post_tag","embeddable":true,"href":"https:\/\/agenciainfra.com\/blog\/wp-json\/wp\/v2\/tags?post=4229"}],"curies":[{"name":"wp","href":"https:\/\/api.w.org\/{rel}","templated":true}]}}