{"id":4236,"date":"2020-01-13T08:00:00","date_gmt":"2020-01-13T11:00:00","guid":{"rendered":"http:\/\/www.agenciainfra.com\/blog\/?p=4236"},"modified":"2020-01-10T19:36:47","modified_gmt":"2020-01-10T22:36:47","slug":"com-indicacoes-a-anac-emperradas-bolsonaro-nomeia-interinos","status":"publish","type":"post","link":"https:\/\/agenciainfra.com\/blog\/com-indicacoes-a-anac-emperradas-bolsonaro-nomeia-interinos\/","title":{"rendered":"Com indica\u00e7\u00f5es \u00e0 ANAC emperradas, Bolsonaro nomeia interinos"},"content":{"rendered":"<div>\n<h5 style=\"text-align: right;\"><strong>Tales Silveira, da\u00a0Ag\u00eancia iNFRA<\/strong><\/h5>\n<p>O presidente Jair Bolsonaro nomeou, na \u00faltima quinta-feira (9), como diretores substitutos da ANAC (Ag\u00eancia Nacional de Avia\u00e7\u00e3o Civil), Ricardo Bisinotto Catanant, Tiago Sousa Pereira e Rafael Jos\u00e9 Botelho Faria, respectivamente como primeiro, segundo e terceiro substitutos.<\/p>\n<p>Catanant j\u00e1 foi indicado, em novembro, junto com Thiago Costa Monteiro Caldeira, para ocupar as diretorias vagas da ag\u00eancia, mas as indica\u00e7\u00f5es foram travadas pelo presidente do Senado, Davi Alcolumbre (DEM-AP).<\/p>\n<p>Uma das diretorias est\u00e1 vaga h\u00e1 mais de um ano, com a sa\u00edda de H\u00e9lio Paes de Barros, hoje presidente da Infraero. A outra vagou com a sa\u00edda de Ricardo Fenelon J\u00fanior, em agosto do ano passado.<\/p>\n<p>Como o Senado s\u00f3 volta aos trabalhos em fevereiro, h\u00e1 uma significativa chance de a ANAC ficar com apenas um diretor com mandato a partir de 20 de mar\u00e7o, quando vencem os mandatos de outros dois diretores, Ricardo Bezerra e Jos\u00e9 Ricardo Botelho. \u00c9 necess\u00e1rio qu\u00f3rum de ao menos tr\u00eas diretores para que o colegiado possa realizar reuni\u00f5es deliberativas.<\/p>\n<p><strong>Barreira no Senado<\/strong><br \/>\nA vota\u00e7\u00e3o de projetos de interesse do governo vem encontrando dificuldades na Casa legislativa. Como j\u00e1\u00a0<a href=\"https:\/\/agenciainfra.us14.list-manage.com\/track\/click?u=d460dd1bcf9ba0ae040e1fc0f&amp;id=53f0b471bb&amp;e=c099169394\" target=\"_blank\" rel=\"noopener noreferrer\" data-saferedirecturl=\"https:\/\/www.google.com\/url?q=https:\/\/agenciainfra.us14.list-manage.com\/track\/click?u%3Dd460dd1bcf9ba0ae040e1fc0f%26id%3D53f0b471bb%26e%3Dc099169394&amp;source=gmail&amp;ust=1578736819205000&amp;usg=AFQjCNE_yFmAWaNWrNJwvWQzKKrTXq2zbA\">noticiado<\/a>\u00a0pela\u00a0<strong>Ag\u00eancia iNFRA<\/strong>, na edi\u00e7\u00e3o n\u00ba 496 da iNFRAEnergia, Alcolumbre mant\u00e9m sob press\u00e3o o presidente Jair Bolsonaro, com a inten\u00e7\u00e3o de conseguir indicar um nome de sua confian\u00e7a como titular do Minist\u00e9rio de Minas e Energia, no lugar do atual ministro, Bento Albuquerque. Com a resist\u00eancia do Planalto, o presidente do Senado segurou a indica\u00e7\u00f5es \u00e0 ANAC.<\/p>\n<p>Al\u00e9m da ag\u00eancia de avia\u00e7\u00e3o, os diretores-gerais da ANTT (Ag\u00eancia Nacional de Transportes), M\u00e1rio Rodrigues, e da ANTAQ (Ag\u00eancia Nacional de Transportes Aquavi\u00e1rios), M\u00e1rio Povia, tamb\u00e9m ter\u00e3o os mandatos encerrados em fevereiro.<\/p>\n<p>Para a ANTT, Bolsonaro designou, tamb\u00e9m na quinta-feira, os servidores Alexandre Porto Mendes de Souza, Murshed Menezes Ali e Eduardo Jos\u00e9 Marra como diretores interinos.<\/p>\n<p>Na sexta-feira (10), o Di\u00e1rio Oficial da Uni\u00e3o publicou (<a href=\"https:\/\/agenciainfra.us14.list-manage.com\/track\/click?u=d460dd1bcf9ba0ae040e1fc0f&amp;id=6989c7b4b7&amp;e=c099169394\" target=\"_blank\" rel=\"noopener noreferrer\" data-saferedirecturl=\"https:\/\/www.google.com\/url?q=https:\/\/agenciainfra.us14.list-manage.com\/track\/click?u%3Dd460dd1bcf9ba0ae040e1fc0f%26id%3D6989c7b4b7%26e%3Dc099169394&amp;source=gmail&amp;ust=1578736819205000&amp;usg=AFQjCNHVltF95gKnc5xtmtGa7aa-gx5MYA\">neste link<\/a>) a nomea\u00e7\u00e3o de Gabriela Coelho da Costa, Joelson Neves Miranda e Bruno de Oliveira Pinheiro para a lista de substitui\u00e7\u00e3o da ANTAQ (Ag\u00eancia Nacional de Transportes Aquavi\u00e1rios).<\/p>\n<\/div>\n","protected":false},"excerpt":{"rendered":"<p>Tales Silveira, da\u00a0Ag\u00eancia iNFRA O presidente Jair Bolsonaro nomeou, na \u00faltima quinta-feira (9), como diretores substitutos da ANAC (Ag\u00eancia Nacional de Avia\u00e7\u00e3o Civil), Ricardo Bisinotto Catanant, Tiago Sousa Pereira e Rafael Jos\u00e9 Botelho Faria, respectivamente como primeiro, segundo e terceiro substitutos. Catanant j\u00e1 foi indicado, em novembro, junto com Thiago Costa Monteiro Caldeira, para ocupar [&hellip;]<\/p>\n","protected":false},"author":9,"featured_media":4237,"comment_status":"closed","ping_status":"closed","sticky":false,"template":"","format":"standard","meta":{"_monsterinsights_skip_tracking":false,"_monsterinsights_sitenote_active":false,"_monsterinsights_sitenote_note":"","_monsterinsights_sitenote_category":0,"footnotes":""},"categories":[7],"tags":[1590,242,86,19,1595,1592,1593,1594,1591,1588,1586,1589,1587],"class_list":["post-4236","post","type-post","status-publish","format-standard","has-post-thumbnail","hentry","category-infratransporte","tag-alexandre-porto-mendes-de-souza","tag-anac","tag-antaq","tag-antt","tag-bruno-de-oliveira-pinheiro","tag-eduardo-jose-marra","tag-gabriela-coelho-da-costa","tag-joelson-neves-miranda","tag-murshed-menezes-ali","tag-rafael-jose-botelho-faria","tag-ricardo-bisinotto-catanant","tag-thiago-costa-monteiro-caldeira","tag-tiago-sousa-pereira"],"yoast_head":"<!-- This site is optimized with the Yoast SEO Premium plugin v25.4 (Yoast SEO v26.0) - https:\/\/yoast.com\/wordpress\/plugins\/seo\/ -->\n<title>Com indica\u00e7\u00f5es \u00e0 ANAC emperradas, Bolsonaro nomeia interinos - Ag\u00eancia iNFRA<\/title>\n<meta name=\"robots\" content=\"index, follow, max-snippet:-1, max-image-preview:large, max-video-preview:-1\" \/>\n<link rel=\"canonical\" href=\"https:\/\/agenciainfra.com\/blog\/com-indicacoes-a-anac-emperradas-bolsonaro-nomeia-interinos\/\" \/>\n<meta property=\"og:locale\" content=\"pt_BR\" \/>\n<meta property=\"og:type\" content=\"article\" \/>\n<meta property=\"og:title\" content=\"Com indica\u00e7\u00f5es \u00e0 ANAC emperradas, Bolsonaro nomeia interinos\" \/>\n<meta property=\"og:description\" content=\"Tales Silveira, da\u00a0Ag\u00eancia iNFRA O presidente Jair Bolsonaro nomeou, na \u00faltima quinta-feira (9), como diretores substitutos da ANAC (Ag\u00eancia Nacional de Avia\u00e7\u00e3o Civil), Ricardo Bisinotto Catanant, Tiago Sousa Pereira e Rafael Jos\u00e9 Botelho Faria, respectivamente como primeiro, segundo e terceiro substitutos. Catanant j\u00e1 foi indicado, em novembro, junto com Thiago Costa Monteiro Caldeira, para ocupar [&hellip;]\" \/>\n<meta property=\"og:url\" content=\"https:\/\/agenciainfra.com\/blog\/com-indicacoes-a-anac-emperradas-bolsonaro-nomeia-interinos\/\" \/>\n<meta property=\"og:site_name\" content=\"Ag\u00eancia iNFRA\" \/>\n<meta property=\"article:publisher\" content=\"https:\/\/www.facebook.com\/ageninfra\" \/>\n<meta property=\"article:published_time\" content=\"2020-01-13T11:00:00+00:00\" \/>\n<meta property=\"og:image\" content=\"https:\/\/agenciainfra.com\/blog\/wp-content\/uploads\/2020\/01\/bolsonaro-alcolumbre-foto-alan-santos-PR.jpg\" \/>\n\t<meta property=\"og:image:width\" content=\"1280\" \/>\n\t<meta property=\"og:image:height\" content=\"853\" \/>\n\t<meta property=\"og:image:type\" content=\"image\/jpeg\" \/>\n<meta name=\"author\" content=\"Rodrigo Zuquim\" \/>\n<meta name=\"twitter:card\" content=\"summary_large_image\" \/>\n<meta name=\"twitter:creator\" content=\"@agencia_infra\" \/>\n<meta name=\"twitter:site\" content=\"@agencia_infra\" \/>\n<meta name=\"twitter:label1\" content=\"Escrito por\" \/>\n\t<meta name=\"twitter:data1\" content=\"Rodrigo Zuquim\" \/>\n\t<meta name=\"twitter:label2\" content=\"Est. tempo de leitura\" \/>\n\t<meta name=\"twitter:data2\" content=\"2 minutos\" \/>\n<script type=\"application\/ld+json\" class=\"yoast-schema-graph\">{\"@context\":\"https:\/\/schema.org\",\"@graph\":[{\"@type\":\"Article\",\"@id\":\"https:\/\/agenciainfra.com\/blog\/com-indicacoes-a-anac-emperradas-bolsonaro-nomeia-interinos\/#article\",\"isPartOf\":{\"@id\":\"https:\/\/agenciainfra.com\/blog\/com-indicacoes-a-anac-emperradas-bolsonaro-nomeia-interinos\/\"},\"author\":{\"name\":\"Rodrigo Zuquim\",\"@id\":\"https:\/\/agenciainfra.com\/blog\/#\/schema\/person\/04dbb79bd6d8951f063da71f3e4c1eb1\"},\"headline\":\"Com indica\u00e7\u00f5es \u00e0 ANAC emperradas, Bolsonaro nomeia interinos\",\"datePublished\":\"2020-01-13T11:00:00+00:00\",\"mainEntityOfPage\":{\"@id\":\"https:\/\/agenciainfra.com\/blog\/com-indicacoes-a-anac-emperradas-bolsonaro-nomeia-interinos\/\"},\"wordCount\":384,\"publisher\":{\"@id\":\"https:\/\/agenciainfra.com\/blog\/#organization\"},\"image\":{\"@id\":\"https:\/\/agenciainfra.com\/blog\/com-indicacoes-a-anac-emperradas-bolsonaro-nomeia-interinos\/#primaryimage\"},\"thumbnailUrl\":\"https:\/\/agenciainfra.com\/blog\/wp-content\/uploads\/2020\/01\/bolsonaro-alcolumbre-foto-alan-santos-PR.jpg\",\"keywords\":[\"Alexandre Porto Mendes de Souza\",\"ANAC\",\"ANTAQ\",\"ANTT\",\"Bruno de Oliveira Pinheiro\",\"Eduardo Jos\u00e9 Marra\",\"Gabriela Coelho da Costa\",\"Joelson Neves Miranda\",\"Murshed Menezes Ali\",\"Rafael Jos\u00e9 Botelho Faria\",\"Ricardo Bisinotto Catanant\",\"Thiago Costa Monteiro Caldeira\",\"Tiago Sousa Pereira\"],\"articleSection\":[\"iNFRATransporte\"],\"inLanguage\":\"pt-BR\",\"copyrightYear\":\"2020\",\"copyrightHolder\":{\"@id\":\"https:\/\/agenciainfra.com\/blog\/#organization\"}},{\"@type\":\"WebPage\",\"@id\":\"https:\/\/agenciainfra.com\/blog\/com-indicacoes-a-anac-emperradas-bolsonaro-nomeia-interinos\/\",\"url\":\"https:\/\/agenciainfra.com\/blog\/com-indicacoes-a-anac-emperradas-bolsonaro-nomeia-interinos\/\",\"name\":\"Com indica\u00e7\u00f5es \u00e0 ANAC emperradas, Bolsonaro nomeia interinos - Ag\u00eancia iNFRA\",\"isPartOf\":{\"@id\":\"https:\/\/agenciainfra.com\/blog\/#website\"},\"primaryImageOfPage\":{\"@id\":\"https:\/\/agenciainfra.com\/blog\/com-indicacoes-a-anac-emperradas-bolsonaro-nomeia-interinos\/#primaryimage\"},\"image\":{\"@id\":\"https:\/\/agenciainfra.com\/blog\/com-indicacoes-a-anac-emperradas-bolsonaro-nomeia-interinos\/#primaryimage\"},\"thumbnailUrl\":\"https:\/\/agenciainfra.com\/blog\/wp-content\/uploads\/2020\/01\/bolsonaro-alcolumbre-foto-alan-santos-PR.jpg\",\"datePublished\":\"2020-01-13T11:00:00+00:00\",\"breadcrumb\":{\"@id\":\"https:\/\/agenciainfra.com\/blog\/com-indicacoes-a-anac-emperradas-bolsonaro-nomeia-interinos\/#breadcrumb\"},\"inLanguage\":\"pt-BR\",\"potentialAction\":[{\"@type\":\"ReadAction\",\"target\":[\"https:\/\/agenciainfra.com\/blog\/com-indicacoes-a-anac-emperradas-bolsonaro-nomeia-interinos\/\"]}]},{\"@type\":\"ImageObject\",\"inLanguage\":\"pt-BR\",\"@id\":\"https:\/\/agenciainfra.com\/blog\/com-indicacoes-a-anac-emperradas-bolsonaro-nomeia-interinos\/#primaryimage\",\"url\":\"https:\/\/agenciainfra.com\/blog\/wp-content\/uploads\/2020\/01\/bolsonaro-alcolumbre-foto-alan-santos-PR.jpg\",\"contentUrl\":\"https:\/\/agenciainfra.com\/blog\/wp-content\/uploads\/2020\/01\/bolsonaro-alcolumbre-foto-alan-santos-PR.jpg\",\"width\":1280,\"height\":853},{\"@type\":\"BreadcrumbList\",\"@id\":\"https:\/\/agenciainfra.com\/blog\/com-indicacoes-a-anac-emperradas-bolsonaro-nomeia-interinos\/#breadcrumb\",\"itemListElement\":[{\"@type\":\"ListItem\",\"position\":1,\"name\":\"In\u00edcio\",\"item\":\"https:\/\/agenciainfra.com\/blog\/\"},{\"@type\":\"ListItem\",\"position\":2,\"name\":\"Com indica\u00e7\u00f5es \u00e0 ANAC emperradas, Bolsonaro nomeia interinos\"}]},{\"@type\":\"WebSite\",\"@id\":\"https:\/\/agenciainfra.com\/blog\/#website\",\"url\":\"https:\/\/agenciainfra.com\/blog\/\",\"name\":\"Ag\u00eancia iNFRA\",\"description\":\"Multiplataforma de informa\u00e7\u00e3o jornal\u00edstica refer\u00eancia na \u00e1rea de infraestrutura no Brasil!\",\"publisher\":{\"@id\":\"https:\/\/agenciainfra.com\/blog\/#organization\"},\"potentialAction\":[{\"@type\":\"SearchAction\",\"target\":{\"@type\":\"EntryPoint\",\"urlTemplate\":\"https:\/\/agenciainfra.com\/blog\/?s={search_term_string}\"},\"query-input\":{\"@type\":\"PropertyValueSpecification\",\"valueRequired\":true,\"valueName\":\"search_term_string\"}}],\"inLanguage\":\"pt-BR\"},{\"@type\":\"Organization\",\"@id\":\"https:\/\/agenciainfra.com\/blog\/#organization\",\"name\":\"Ag\u00eancia iNFRA\",\"url\":\"https:\/\/agenciainfra.com\/blog\/\",\"logo\":{\"@type\":\"ImageObject\",\"inLanguage\":\"pt-BR\",\"@id\":\"https:\/\/agenciainfra.com\/blog\/#\/schema\/logo\/image\/\",\"url\":\"https:\/\/agenciainfra.com\/blog\/wp-content\/uploads\/2023\/09\/iNFRA_5-e1761735885940.png\",\"contentUrl\":\"https:\/\/agenciainfra.com\/blog\/wp-content\/uploads\/2023\/09\/iNFRA_5-e1761735885940.png\",\"width\":1672,\"height\":454,\"caption\":\"Ag\u00eancia iNFRA\"},\"image\":{\"@id\":\"https:\/\/agenciainfra.com\/blog\/#\/schema\/logo\/image\/\"},\"sameAs\":[\"https:\/\/www.facebook.com\/ageninfra\",\"https:\/\/x.com\/agencia_infra\",\"https:\/\/www.linkedin.com\/company\/ag\u00eanciainfra\/\",\"https:\/\/www.instagram.com\/agenciainfra\/\"]},{\"@type\":\"Person\",\"@id\":\"https:\/\/agenciainfra.com\/blog\/#\/schema\/person\/04dbb79bd6d8951f063da71f3e4c1eb1\",\"name\":\"Rodrigo Zuquim\",\"image\":{\"@type\":\"ImageObject\",\"inLanguage\":\"pt-BR\",\"@id\":\"https:\/\/agenciainfra.com\/blog\/#\/schema\/person\/image\/\",\"url\":\"https:\/\/secure.gravatar.com\/avatar\/594abfe82761d620726242ff34ca472a705a4b97f16c790053a6b4c4035274d0?s=96&d=mm&r=g\",\"contentUrl\":\"https:\/\/secure.gravatar.com\/avatar\/594abfe82761d620726242ff34ca472a705a4b97f16c790053a6b4c4035274d0?s=96&d=mm&r=g\",\"caption\":\"Rodrigo Zuquim\"},\"url\":\"https:\/\/agenciainfra.com\/blog\/author\/rodrigo-zuquim\/\"}]}<\/script>\n<!-- \/ Yoast SEO Premium plugin. -->","yoast_head_json":{"title":"Com indica\u00e7\u00f5es \u00e0 ANAC emperradas, Bolsonaro nomeia interinos - Ag\u00eancia iNFRA","robots":{"index":"index","follow":"follow","max-snippet":"max-snippet:-1","max-image-preview":"max-image-preview:large","max-video-preview":"max-video-preview:-1"},"canonical":"https:\/\/agenciainfra.com\/blog\/com-indicacoes-a-anac-emperradas-bolsonaro-nomeia-interinos\/","og_locale":"pt_BR","og_type":"article","og_title":"Com indica\u00e7\u00f5es \u00e0 ANAC emperradas, Bolsonaro nomeia interinos","og_description":"Tales Silveira, da\u00a0Ag\u00eancia iNFRA O presidente Jair Bolsonaro nomeou, na \u00faltima quinta-feira (9), como diretores substitutos da ANAC (Ag\u00eancia Nacional de Avia\u00e7\u00e3o Civil), Ricardo Bisinotto Catanant, Tiago Sousa Pereira e Rafael Jos\u00e9 Botelho Faria, respectivamente como primeiro, segundo e terceiro substitutos. Catanant j\u00e1 foi indicado, em novembro, junto com Thiago Costa Monteiro Caldeira, para ocupar [&hellip;]","og_url":"https:\/\/agenciainfra.com\/blog\/com-indicacoes-a-anac-emperradas-bolsonaro-nomeia-interinos\/","og_site_name":"Ag\u00eancia iNFRA","article_publisher":"https:\/\/www.facebook.com\/ageninfra","article_published_time":"2020-01-13T11:00:00+00:00","og_image":[{"width":1280,"height":853,"url":"https:\/\/agenciainfra.com\/blog\/wp-content\/uploads\/2020\/01\/bolsonaro-alcolumbre-foto-alan-santos-PR.jpg","type":"image\/jpeg"}],"author":"Rodrigo Zuquim","twitter_card":"summary_large_image","twitter_creator":"@agencia_infra","twitter_site":"@agencia_infra","twitter_misc":{"Escrito por":"Rodrigo Zuquim","Est. tempo de leitura":"2 minutos"},"schema":{"@context":"https:\/\/schema.org","@graph":[{"@type":"Article","@id":"https:\/\/agenciainfra.com\/blog\/com-indicacoes-a-anac-emperradas-bolsonaro-nomeia-interinos\/#article","isPartOf":{"@id":"https:\/\/agenciainfra.com\/blog\/com-indicacoes-a-anac-emperradas-bolsonaro-nomeia-interinos\/"},"author":{"name":"Rodrigo Zuquim","@id":"https:\/\/agenciainfra.com\/blog\/#\/schema\/person\/04dbb79bd6d8951f063da71f3e4c1eb1"},"headline":"Com indica\u00e7\u00f5es \u00e0 ANAC emperradas, Bolsonaro nomeia interinos","datePublished":"2020-01-13T11:00:00+00:00","mainEntityOfPage":{"@id":"https:\/\/agenciainfra.com\/blog\/com-indicacoes-a-anac-emperradas-bolsonaro-nomeia-interinos\/"},"wordCount":384,"publisher":{"@id":"https:\/\/agenciainfra.com\/blog\/#organization"},"image":{"@id":"https:\/\/agenciainfra.com\/blog\/com-indicacoes-a-anac-emperradas-bolsonaro-nomeia-interinos\/#primaryimage"},"thumbnailUrl":"https:\/\/agenciainfra.com\/blog\/wp-content\/uploads\/2020\/01\/bolsonaro-alcolumbre-foto-alan-santos-PR.jpg","keywords":["Alexandre Porto Mendes de Souza","ANAC","ANTAQ","ANTT","Bruno de Oliveira Pinheiro","Eduardo Jos\u00e9 Marra","Gabriela Coelho da Costa","Joelson Neves Miranda","Murshed Menezes Ali","Rafael Jos\u00e9 Botelho Faria","Ricardo Bisinotto Catanant","Thiago Costa Monteiro Caldeira","Tiago Sousa Pereira"],"articleSection":["iNFRATransporte"],"inLanguage":"pt-BR","copyrightYear":"2020","copyrightHolder":{"@id":"https:\/\/agenciainfra.com\/blog\/#organization"}},{"@type":"WebPage","@id":"https:\/\/agenciainfra.com\/blog\/com-indicacoes-a-anac-emperradas-bolsonaro-nomeia-interinos\/","url":"https:\/\/agenciainfra.com\/blog\/com-indicacoes-a-anac-emperradas-bolsonaro-nomeia-interinos\/","name":"Com indica\u00e7\u00f5es \u00e0 ANAC emperradas, Bolsonaro nomeia interinos - Ag\u00eancia iNFRA","isPartOf":{"@id":"https:\/\/agenciainfra.com\/blog\/#website"},"primaryImageOfPage":{"@id":"https:\/\/agenciainfra.com\/blog\/com-indicacoes-a-anac-emperradas-bolsonaro-nomeia-interinos\/#primaryimage"},"image":{"@id":"https:\/\/agenciainfra.com\/blog\/com-indicacoes-a-anac-emperradas-bolsonaro-nomeia-interinos\/#primaryimage"},"thumbnailUrl":"https:\/\/agenciainfra.com\/blog\/wp-content\/uploads\/2020\/01\/bolsonaro-alcolumbre-foto-alan-santos-PR.jpg","datePublished":"2020-01-13T11:00:00+00:00","breadcrumb":{"@id":"https:\/\/agenciainfra.com\/blog\/com-indicacoes-a-anac-emperradas-bolsonaro-nomeia-interinos\/#breadcrumb"},"inLanguage":"pt-BR","potentialAction":[{"@type":"ReadAction","target":["https:\/\/agenciainfra.com\/blog\/com-indicacoes-a-anac-emperradas-bolsonaro-nomeia-interinos\/"]}]},{"@type":"ImageObject","inLanguage":"pt-BR","@id":"https:\/\/agenciainfra.com\/blog\/com-indicacoes-a-anac-emperradas-bolsonaro-nomeia-interinos\/#primaryimage","url":"https:\/\/agenciainfra.com\/blog\/wp-content\/uploads\/2020\/01\/bolsonaro-alcolumbre-foto-alan-santos-PR.jpg","contentUrl":"https:\/\/agenciainfra.com\/blog\/wp-content\/uploads\/2020\/01\/bolsonaro-alcolumbre-foto-alan-santos-PR.jpg","width":1280,"height":853},{"@type":"BreadcrumbList","@id":"https:\/\/agenciainfra.com\/blog\/com-indicacoes-a-anac-emperradas-bolsonaro-nomeia-interinos\/#breadcrumb","itemListElement":[{"@type":"ListItem","position":1,"name":"In\u00edcio","item":"https:\/\/agenciainfra.com\/blog\/"},{"@type":"ListItem","position":2,"name":"Com indica\u00e7\u00f5es \u00e0 ANAC emperradas, Bolsonaro nomeia interinos"}]},{"@type":"WebSite","@id":"https:\/\/agenciainfra.com\/blog\/#website","url":"https:\/\/agenciainfra.com\/blog\/","name":"Ag\u00eancia iNFRA","description":"Multiplataforma de informa\u00e7\u00e3o jornal\u00edstica refer\u00eancia na \u00e1rea de infraestrutura no Brasil!","publisher":{"@id":"https:\/\/agenciainfra.com\/blog\/#organization"},"potentialAction":[{"@type":"SearchAction","target":{"@type":"EntryPoint","urlTemplate":"https:\/\/agenciainfra.com\/blog\/?s={search_term_string}"},"query-input":{"@type":"PropertyValueSpecification","valueRequired":true,"valueName":"search_term_string"}}],"inLanguage":"pt-BR"},{"@type":"Organization","@id":"https:\/\/agenciainfra.com\/blog\/#organization","name":"Ag\u00eancia iNFRA","url":"https:\/\/agenciainfra.com\/blog\/","logo":{"@type":"ImageObject","inLanguage":"pt-BR","@id":"https:\/\/agenciainfra.com\/blog\/#\/schema\/logo\/image\/","url":"https:\/\/agenciainfra.com\/blog\/wp-content\/uploads\/2023\/09\/iNFRA_5-e1761735885940.png","contentUrl":"https:\/\/agenciainfra.com\/blog\/wp-content\/uploads\/2023\/09\/iNFRA_5-e1761735885940.png","width":1672,"height":454,"caption":"Ag\u00eancia iNFRA"},"image":{"@id":"https:\/\/agenciainfra.com\/blog\/#\/schema\/logo\/image\/"},"sameAs":["https:\/\/www.facebook.com\/ageninfra","https:\/\/x.com\/agencia_infra","https:\/\/www.linkedin.com\/company\/ag\u00eanciainfra\/","https:\/\/www.instagram.com\/agenciainfra\/"]},{"@type":"Person","@id":"https:\/\/agenciainfra.com\/blog\/#\/schema\/person\/04dbb79bd6d8951f063da71f3e4c1eb1","name":"Rodrigo Zuquim","image":{"@type":"ImageObject","inLanguage":"pt-BR","@id":"https:\/\/agenciainfra.com\/blog\/#\/schema\/person\/image\/","url":"https:\/\/secure.gravatar.com\/avatar\/594abfe82761d620726242ff34ca472a705a4b97f16c790053a6b4c4035274d0?s=96&d=mm&r=g","contentUrl":"https:\/\/secure.gravatar.com\/avatar\/594abfe82761d620726242ff34ca472a705a4b97f16c790053a6b4c4035274d0?s=96&d=mm&r=g","caption":"Rodrigo Zuquim"},"url":"https:\/\/agenciainfra.com\/blog\/author\/rodrigo-zuquim\/"}]}},"_links":{"self":[{"href":"https:\/\/agenciainfra.com\/blog\/wp-json\/wp\/v2\/posts\/4236","targetHints":{"allow":["GET"]}}],"collection":[{"href":"https:\/\/agenciainfra.com\/blog\/wp-json\/wp\/v2\/posts"}],"about":[{"href":"https:\/\/agenciainfra.com\/blog\/wp-json\/wp\/v2\/types\/post"}],"author":[{"embeddable":true,"href":"https:\/\/agenciainfra.com\/blog\/wp-json\/wp\/v2\/users\/9"}],"replies":[{"embeddable":true,"href":"https:\/\/agenciainfra.com\/blog\/wp-json\/wp\/v2\/comments?post=4236"}],"version-history":[{"count":0,"href":"https:\/\/agenciainfra.com\/blog\/wp-json\/wp\/v2\/posts\/4236\/revisions"}],"wp:featuredmedia":[{"embeddable":true,"href":"https:\/\/agenciainfra.com\/blog\/wp-json\/wp\/v2\/media\/4237"}],"wp:attachment":[{"href":"https:\/\/agenciainfra.com\/blog\/wp-json\/wp\/v2\/media?parent=4236"}],"wp:term":[{"taxonomy":"category","embeddable":true,"href":"https:\/\/agenciainfra.com\/blog\/wp-json\/wp\/v2\/categories?post=4236"},{"taxonomy":"post_tag","embeddable":true,"href":"https:\/\/agenciainfra.com\/blog\/wp-json\/wp\/v2\/tags?post=4236"}],"curies":[{"name":"wp","href":"https:\/\/api.w.org\/{rel}","templated":true}]}}