{"id":4247,"date":"2020-01-15T08:00:51","date_gmt":"2020-01-15T11:00:51","guid":{"rendered":"http:\/\/www.agenciainfra.com\/blog\/?p=4247"},"modified":"2020-01-14T20:36:23","modified_gmt":"2020-01-14T23:36:23","slug":"governo-desiste-de-subsidio-na-conta-de-energia-para-as-igrejas-evangelicas","status":"publish","type":"post","link":"https:\/\/agenciainfra.com\/blog\/governo-desiste-de-subsidio-na-conta-de-energia-para-as-igrejas-evangelicas\/","title":{"rendered":"Governo desiste de subs\u00eddio na conta de energia para as igrejas evang\u00e9licas"},"content":{"rendered":"<h5 style=\"text-align: right;\"><strong>Leila Coimbra,\u00a0da Ag\u00eancia iNFRA<\/strong><\/h5>\n<p dir=\"ltr\">O presidente Jair Bolsonaro foi demovido da ideia de conceder subs\u00eddio para as igrejas evang\u00e9licas, nas contas de energia, pelo ministro da Economia, Paulo Guedes, que voltou ao trabalho na segunda-feira (13). No \u00faltimo fim de semana eles j\u00e1 haviam conversado por telefone e decidido que a medida n\u00e3o seria levada adiante, segundo uma fonte. O ministro de Minas e Energia, Bento Albuquerque, foi avisado sobre a determina\u00e7\u00e3o.<\/p>\n<p>O desconto aos templos religiosos, que custaria R$ 30 milh\u00f5es anuais \u2013\u00a0de acordo com informa\u00e7\u00e3o de Bento Albuquerque \u2013, encareceria a CDE (Conta de Desenvolvimento Energ\u00e9tico), impactando os demais consumidores de energia.<\/p>\n<p>O valor n\u00e3o \u00e9 significante diante das cifras que o setor el\u00e9trico envolve, de bilh\u00f5es de reais. O custo global da CDE neste ano ser\u00e1 de R$ 22 bilh\u00f5es, por exemplo. Mas o problema \u00e9 que pegou mal a enxurrada de benef\u00edcios nas tarifas de energia negociados com determinados segmentos na aus\u00eancia do ministro Paulo Guedes.<\/p>\n<p>O principal deles \u00e9 o destinado aos donos de pain\u00e9is solares para a chamada gera\u00e7\u00e3o distribu\u00edda, onde o consumidor produz o que consome sem pagar pelo uso da rede el\u00e9trica. Bolsonaro decidiu que seria mantido o desconto a esse tipo de produ\u00e7\u00e3o de energia, custo que \u00e9 bancado por outros consumidores cativos.<\/p>\n<p>O Minist\u00e9rio da Economia tamb\u00e9m \u00e9 contra esse subs\u00eddio, mas como o tema ser\u00e1 debatido no Congresso Nacional via projeto de lei, a equipe econ\u00f4mica n\u00e3o bateu o martelo a respeito. J\u00e1 a concess\u00e3o de est\u00edmulo fiscal para as igrejas evang\u00e9licas est\u00e1 fora de quest\u00e3o, diz a fonte.<\/p>\n<p><strong>Bancada da b\u00edblia<\/strong><br \/>\nO presidente da Rep\u00fablica quer agradar politicamente a chamada \u201cbancada da b\u00edblia\u201d, composta por parlamentares evang\u00e9licos, que hoje s\u00e3o praticamente a \u00fanica sustenta\u00e7\u00e3o do governo no Legislativo.<\/p>\n<p>Bolsonaro quer ainda contar com os evang\u00e9licos para conseguir o n\u00famero de assinaturas necess\u00e1rias para a cria\u00e7\u00e3o do seu novo partido, o Alian\u00e7a Pelo Brasil. Tudo indica que, com o veto de Guedes, ter\u00e1 que arrumar outro instrumento de negocia\u00e7\u00e3o.<\/p>\n","protected":false},"excerpt":{"rendered":"<p>Leila Coimbra,\u00a0da Ag\u00eancia iNFRA O presidente Jair Bolsonaro foi demovido da ideia de conceder subs\u00eddio para as igrejas evang\u00e9licas, nas contas de energia, pelo ministro da Economia, Paulo Guedes, que voltou ao trabalho na segunda-feira (13). No \u00faltimo fim de semana eles j\u00e1 haviam conversado por telefone e decidido que a medida n\u00e3o seria levada [&hellip;]<\/p>\n","protected":false},"author":9,"featured_media":4248,"comment_status":"closed","ping_status":"closed","sticky":false,"template":"","format":"standard","meta":{"_monsterinsights_skip_tracking":false,"_monsterinsights_sitenote_active":false,"_monsterinsights_sitenote_note":"","_monsterinsights_sitenote_category":0,"footnotes":""},"categories":[10],"tags":[710,25,1602,845,962,1601],"class_list":["post-4247","post","type-post","status-publish","format-standard","has-post-thumbnail","hentry","category-infraenergia","tag-bento-albuquerque","tag-energia","tag-igrejas-evangelicas","tag-jair-bolsonaro","tag-paulo-guedes","tag-subsidios"],"yoast_head":"<!-- This site is optimized with the Yoast SEO Premium plugin v25.4 (Yoast SEO v26.0) - https:\/\/yoast.com\/wordpress\/plugins\/seo\/ -->\n<title>Governo desiste de subs\u00eddio na conta de energia para as igrejas evang\u00e9licas - Ag\u00eancia iNFRA<\/title>\n<meta name=\"robots\" content=\"index, follow, max-snippet:-1, max-image-preview:large, max-video-preview:-1\" \/>\n<link rel=\"canonical\" href=\"https:\/\/agenciainfra.com\/blog\/governo-desiste-de-subsidio-na-conta-de-energia-para-as-igrejas-evangelicas\/\" \/>\n<meta property=\"og:locale\" content=\"pt_BR\" \/>\n<meta property=\"og:type\" content=\"article\" \/>\n<meta property=\"og:title\" content=\"Governo desiste de subs\u00eddio na conta de energia para as igrejas evang\u00e9licas\" \/>\n<meta property=\"og:description\" content=\"Leila Coimbra,\u00a0da Ag\u00eancia iNFRA O presidente Jair Bolsonaro foi demovido da ideia de conceder subs\u00eddio para as igrejas evang\u00e9licas, nas contas de energia, pelo ministro da Economia, Paulo Guedes, que voltou ao trabalho na segunda-feira (13). No \u00faltimo fim de semana eles j\u00e1 haviam conversado por telefone e decidido que a medida n\u00e3o seria levada [&hellip;]\" \/>\n<meta property=\"og:url\" content=\"https:\/\/agenciainfra.com\/blog\/governo-desiste-de-subsidio-na-conta-de-energia-para-as-igrejas-evangelicas\/\" \/>\n<meta property=\"og:site_name\" content=\"Ag\u00eancia iNFRA\" \/>\n<meta property=\"article:publisher\" content=\"https:\/\/www.facebook.com\/ageninfra\" \/>\n<meta property=\"article:published_time\" content=\"2020-01-15T11:00:51+00:00\" \/>\n<meta property=\"og:image\" content=\"https:\/\/agenciainfra.com\/blog\/wp-content\/uploads\/2020\/01\/bolsonaro-guedes-foto-marcos-correa-pr.jpg\" \/>\n\t<meta property=\"og:image:width\" content=\"1280\" \/>\n\t<meta property=\"og:image:height\" content=\"853\" \/>\n\t<meta property=\"og:image:type\" content=\"image\/jpeg\" \/>\n<meta name=\"author\" content=\"Rodrigo Zuquim\" \/>\n<meta name=\"twitter:card\" content=\"summary_large_image\" \/>\n<meta name=\"twitter:creator\" content=\"@agencia_infra\" \/>\n<meta name=\"twitter:site\" content=\"@agencia_infra\" \/>\n<meta name=\"twitter:label1\" content=\"Escrito por\" \/>\n\t<meta name=\"twitter:data1\" content=\"Rodrigo Zuquim\" \/>\n\t<meta name=\"twitter:label2\" content=\"Est. tempo de leitura\" \/>\n\t<meta name=\"twitter:data2\" content=\"2 minutos\" \/>\n<script type=\"application\/ld+json\" class=\"yoast-schema-graph\">{\"@context\":\"https:\/\/schema.org\",\"@graph\":[{\"@type\":\"Article\",\"@id\":\"https:\/\/agenciainfra.com\/blog\/governo-desiste-de-subsidio-na-conta-de-energia-para-as-igrejas-evangelicas\/#article\",\"isPartOf\":{\"@id\":\"https:\/\/agenciainfra.com\/blog\/governo-desiste-de-subsidio-na-conta-de-energia-para-as-igrejas-evangelicas\/\"},\"author\":{\"name\":\"Rodrigo Zuquim\",\"@id\":\"https:\/\/agenciainfra.com\/blog\/#\/schema\/person\/04dbb79bd6d8951f063da71f3e4c1eb1\"},\"headline\":\"Governo desiste de subs\u00eddio na conta de energia para as igrejas evang\u00e9licas\",\"datePublished\":\"2020-01-15T11:00:51+00:00\",\"mainEntityOfPage\":{\"@id\":\"https:\/\/agenciainfra.com\/blog\/governo-desiste-de-subsidio-na-conta-de-energia-para-as-igrejas-evangelicas\/\"},\"wordCount\":376,\"publisher\":{\"@id\":\"https:\/\/agenciainfra.com\/blog\/#organization\"},\"image\":{\"@id\":\"https:\/\/agenciainfra.com\/blog\/governo-desiste-de-subsidio-na-conta-de-energia-para-as-igrejas-evangelicas\/#primaryimage\"},\"thumbnailUrl\":\"https:\/\/agenciainfra.com\/blog\/wp-content\/uploads\/2020\/01\/bolsonaro-guedes-foto-marcos-correa-pr.jpg\",\"keywords\":[\"bento albuquerque\",\"energia\",\"igrejas evang\u00e9licas\",\"Jair Bolsonaro\",\"Paulo Guedes\",\"subs\u00eddios\"],\"articleSection\":[\"iNFRAEnergia\"],\"inLanguage\":\"pt-BR\",\"copyrightYear\":\"2020\",\"copyrightHolder\":{\"@id\":\"https:\/\/agenciainfra.com\/blog\/#organization\"}},{\"@type\":\"WebPage\",\"@id\":\"https:\/\/agenciainfra.com\/blog\/governo-desiste-de-subsidio-na-conta-de-energia-para-as-igrejas-evangelicas\/\",\"url\":\"https:\/\/agenciainfra.com\/blog\/governo-desiste-de-subsidio-na-conta-de-energia-para-as-igrejas-evangelicas\/\",\"name\":\"Governo desiste de subs\u00eddio na conta de energia para as igrejas evang\u00e9licas - Ag\u00eancia iNFRA\",\"isPartOf\":{\"@id\":\"https:\/\/agenciainfra.com\/blog\/#website\"},\"primaryImageOfPage\":{\"@id\":\"https:\/\/agenciainfra.com\/blog\/governo-desiste-de-subsidio-na-conta-de-energia-para-as-igrejas-evangelicas\/#primaryimage\"},\"image\":{\"@id\":\"https:\/\/agenciainfra.com\/blog\/governo-desiste-de-subsidio-na-conta-de-energia-para-as-igrejas-evangelicas\/#primaryimage\"},\"thumbnailUrl\":\"https:\/\/agenciainfra.com\/blog\/wp-content\/uploads\/2020\/01\/bolsonaro-guedes-foto-marcos-correa-pr.jpg\",\"datePublished\":\"2020-01-15T11:00:51+00:00\",\"breadcrumb\":{\"@id\":\"https:\/\/agenciainfra.com\/blog\/governo-desiste-de-subsidio-na-conta-de-energia-para-as-igrejas-evangelicas\/#breadcrumb\"},\"inLanguage\":\"pt-BR\",\"potentialAction\":[{\"@type\":\"ReadAction\",\"target\":[\"https:\/\/agenciainfra.com\/blog\/governo-desiste-de-subsidio-na-conta-de-energia-para-as-igrejas-evangelicas\/\"]}]},{\"@type\":\"ImageObject\",\"inLanguage\":\"pt-BR\",\"@id\":\"https:\/\/agenciainfra.com\/blog\/governo-desiste-de-subsidio-na-conta-de-energia-para-as-igrejas-evangelicas\/#primaryimage\",\"url\":\"https:\/\/agenciainfra.com\/blog\/wp-content\/uploads\/2020\/01\/bolsonaro-guedes-foto-marcos-correa-pr.jpg\",\"contentUrl\":\"https:\/\/agenciainfra.com\/blog\/wp-content\/uploads\/2020\/01\/bolsonaro-guedes-foto-marcos-correa-pr.jpg\",\"width\":1280,\"height\":853},{\"@type\":\"BreadcrumbList\",\"@id\":\"https:\/\/agenciainfra.com\/blog\/governo-desiste-de-subsidio-na-conta-de-energia-para-as-igrejas-evangelicas\/#breadcrumb\",\"itemListElement\":[{\"@type\":\"ListItem\",\"position\":1,\"name\":\"In\u00edcio\",\"item\":\"https:\/\/agenciainfra.com\/blog\/\"},{\"@type\":\"ListItem\",\"position\":2,\"name\":\"Governo desiste de subs\u00eddio na conta de energia para as igrejas evang\u00e9licas\"}]},{\"@type\":\"WebSite\",\"@id\":\"https:\/\/agenciainfra.com\/blog\/#website\",\"url\":\"https:\/\/agenciainfra.com\/blog\/\",\"name\":\"Ag\u00eancia iNFRA\",\"description\":\"Multiplataforma de informa\u00e7\u00e3o jornal\u00edstica refer\u00eancia na \u00e1rea de infraestrutura no Brasil!\",\"publisher\":{\"@id\":\"https:\/\/agenciainfra.com\/blog\/#organization\"},\"potentialAction\":[{\"@type\":\"SearchAction\",\"target\":{\"@type\":\"EntryPoint\",\"urlTemplate\":\"https:\/\/agenciainfra.com\/blog\/?s={search_term_string}\"},\"query-input\":{\"@type\":\"PropertyValueSpecification\",\"valueRequired\":true,\"valueName\":\"search_term_string\"}}],\"inLanguage\":\"pt-BR\"},{\"@type\":\"Organization\",\"@id\":\"https:\/\/agenciainfra.com\/blog\/#organization\",\"name\":\"Ag\u00eancia iNFRA\",\"url\":\"https:\/\/agenciainfra.com\/blog\/\",\"logo\":{\"@type\":\"ImageObject\",\"inLanguage\":\"pt-BR\",\"@id\":\"https:\/\/agenciainfra.com\/blog\/#\/schema\/logo\/image\/\",\"url\":\"https:\/\/agenciainfra.com\/blog\/wp-content\/uploads\/2023\/09\/iNFRA_5-e1761735885940.png\",\"contentUrl\":\"https:\/\/agenciainfra.com\/blog\/wp-content\/uploads\/2023\/09\/iNFRA_5-e1761735885940.png\",\"width\":1672,\"height\":454,\"caption\":\"Ag\u00eancia iNFRA\"},\"image\":{\"@id\":\"https:\/\/agenciainfra.com\/blog\/#\/schema\/logo\/image\/\"},\"sameAs\":[\"https:\/\/www.facebook.com\/ageninfra\",\"https:\/\/x.com\/agencia_infra\",\"https:\/\/www.linkedin.com\/company\/ag\u00eanciainfra\/\",\"https:\/\/www.instagram.com\/agenciainfra\/\"]},{\"@type\":\"Person\",\"@id\":\"https:\/\/agenciainfra.com\/blog\/#\/schema\/person\/04dbb79bd6d8951f063da71f3e4c1eb1\",\"name\":\"Rodrigo Zuquim\",\"image\":{\"@type\":\"ImageObject\",\"inLanguage\":\"pt-BR\",\"@id\":\"https:\/\/agenciainfra.com\/blog\/#\/schema\/person\/image\/\",\"url\":\"https:\/\/secure.gravatar.com\/avatar\/594abfe82761d620726242ff34ca472a705a4b97f16c790053a6b4c4035274d0?s=96&d=mm&r=g\",\"contentUrl\":\"https:\/\/secure.gravatar.com\/avatar\/594abfe82761d620726242ff34ca472a705a4b97f16c790053a6b4c4035274d0?s=96&d=mm&r=g\",\"caption\":\"Rodrigo Zuquim\"},\"url\":\"https:\/\/agenciainfra.com\/blog\/author\/rodrigo-zuquim\/\"}]}<\/script>\n<!-- \/ Yoast SEO Premium plugin. -->","yoast_head_json":{"title":"Governo desiste de subs\u00eddio na conta de energia para as igrejas evang\u00e9licas - Ag\u00eancia iNFRA","robots":{"index":"index","follow":"follow","max-snippet":"max-snippet:-1","max-image-preview":"max-image-preview:large","max-video-preview":"max-video-preview:-1"},"canonical":"https:\/\/agenciainfra.com\/blog\/governo-desiste-de-subsidio-na-conta-de-energia-para-as-igrejas-evangelicas\/","og_locale":"pt_BR","og_type":"article","og_title":"Governo desiste de subs\u00eddio na conta de energia para as igrejas evang\u00e9licas","og_description":"Leila Coimbra,\u00a0da Ag\u00eancia iNFRA O presidente Jair Bolsonaro foi demovido da ideia de conceder subs\u00eddio para as igrejas evang\u00e9licas, nas contas de energia, pelo ministro da Economia, Paulo Guedes, que voltou ao trabalho na segunda-feira (13). No \u00faltimo fim de semana eles j\u00e1 haviam conversado por telefone e decidido que a medida n\u00e3o seria levada [&hellip;]","og_url":"https:\/\/agenciainfra.com\/blog\/governo-desiste-de-subsidio-na-conta-de-energia-para-as-igrejas-evangelicas\/","og_site_name":"Ag\u00eancia iNFRA","article_publisher":"https:\/\/www.facebook.com\/ageninfra","article_published_time":"2020-01-15T11:00:51+00:00","og_image":[{"width":1280,"height":853,"url":"https:\/\/agenciainfra.com\/blog\/wp-content\/uploads\/2020\/01\/bolsonaro-guedes-foto-marcos-correa-pr.jpg","type":"image\/jpeg"}],"author":"Rodrigo Zuquim","twitter_card":"summary_large_image","twitter_creator":"@agencia_infra","twitter_site":"@agencia_infra","twitter_misc":{"Escrito por":"Rodrigo Zuquim","Est. tempo de leitura":"2 minutos"},"schema":{"@context":"https:\/\/schema.org","@graph":[{"@type":"Article","@id":"https:\/\/agenciainfra.com\/blog\/governo-desiste-de-subsidio-na-conta-de-energia-para-as-igrejas-evangelicas\/#article","isPartOf":{"@id":"https:\/\/agenciainfra.com\/blog\/governo-desiste-de-subsidio-na-conta-de-energia-para-as-igrejas-evangelicas\/"},"author":{"name":"Rodrigo Zuquim","@id":"https:\/\/agenciainfra.com\/blog\/#\/schema\/person\/04dbb79bd6d8951f063da71f3e4c1eb1"},"headline":"Governo desiste de subs\u00eddio na conta de energia para as igrejas evang\u00e9licas","datePublished":"2020-01-15T11:00:51+00:00","mainEntityOfPage":{"@id":"https:\/\/agenciainfra.com\/blog\/governo-desiste-de-subsidio-na-conta-de-energia-para-as-igrejas-evangelicas\/"},"wordCount":376,"publisher":{"@id":"https:\/\/agenciainfra.com\/blog\/#organization"},"image":{"@id":"https:\/\/agenciainfra.com\/blog\/governo-desiste-de-subsidio-na-conta-de-energia-para-as-igrejas-evangelicas\/#primaryimage"},"thumbnailUrl":"https:\/\/agenciainfra.com\/blog\/wp-content\/uploads\/2020\/01\/bolsonaro-guedes-foto-marcos-correa-pr.jpg","keywords":["bento albuquerque","energia","igrejas evang\u00e9licas","Jair Bolsonaro","Paulo Guedes","subs\u00eddios"],"articleSection":["iNFRAEnergia"],"inLanguage":"pt-BR","copyrightYear":"2020","copyrightHolder":{"@id":"https:\/\/agenciainfra.com\/blog\/#organization"}},{"@type":"WebPage","@id":"https:\/\/agenciainfra.com\/blog\/governo-desiste-de-subsidio-na-conta-de-energia-para-as-igrejas-evangelicas\/","url":"https:\/\/agenciainfra.com\/blog\/governo-desiste-de-subsidio-na-conta-de-energia-para-as-igrejas-evangelicas\/","name":"Governo desiste de subs\u00eddio na conta de energia para as igrejas evang\u00e9licas - Ag\u00eancia iNFRA","isPartOf":{"@id":"https:\/\/agenciainfra.com\/blog\/#website"},"primaryImageOfPage":{"@id":"https:\/\/agenciainfra.com\/blog\/governo-desiste-de-subsidio-na-conta-de-energia-para-as-igrejas-evangelicas\/#primaryimage"},"image":{"@id":"https:\/\/agenciainfra.com\/blog\/governo-desiste-de-subsidio-na-conta-de-energia-para-as-igrejas-evangelicas\/#primaryimage"},"thumbnailUrl":"https:\/\/agenciainfra.com\/blog\/wp-content\/uploads\/2020\/01\/bolsonaro-guedes-foto-marcos-correa-pr.jpg","datePublished":"2020-01-15T11:00:51+00:00","breadcrumb":{"@id":"https:\/\/agenciainfra.com\/blog\/governo-desiste-de-subsidio-na-conta-de-energia-para-as-igrejas-evangelicas\/#breadcrumb"},"inLanguage":"pt-BR","potentialAction":[{"@type":"ReadAction","target":["https:\/\/agenciainfra.com\/blog\/governo-desiste-de-subsidio-na-conta-de-energia-para-as-igrejas-evangelicas\/"]}]},{"@type":"ImageObject","inLanguage":"pt-BR","@id":"https:\/\/agenciainfra.com\/blog\/governo-desiste-de-subsidio-na-conta-de-energia-para-as-igrejas-evangelicas\/#primaryimage","url":"https:\/\/agenciainfra.com\/blog\/wp-content\/uploads\/2020\/01\/bolsonaro-guedes-foto-marcos-correa-pr.jpg","contentUrl":"https:\/\/agenciainfra.com\/blog\/wp-content\/uploads\/2020\/01\/bolsonaro-guedes-foto-marcos-correa-pr.jpg","width":1280,"height":853},{"@type":"BreadcrumbList","@id":"https:\/\/agenciainfra.com\/blog\/governo-desiste-de-subsidio-na-conta-de-energia-para-as-igrejas-evangelicas\/#breadcrumb","itemListElement":[{"@type":"ListItem","position":1,"name":"In\u00edcio","item":"https:\/\/agenciainfra.com\/blog\/"},{"@type":"ListItem","position":2,"name":"Governo desiste de subs\u00eddio na conta de energia para as igrejas evang\u00e9licas"}]},{"@type":"WebSite","@id":"https:\/\/agenciainfra.com\/blog\/#website","url":"https:\/\/agenciainfra.com\/blog\/","name":"Ag\u00eancia iNFRA","description":"Multiplataforma de informa\u00e7\u00e3o jornal\u00edstica refer\u00eancia na \u00e1rea de infraestrutura no Brasil!","publisher":{"@id":"https:\/\/agenciainfra.com\/blog\/#organization"},"potentialAction":[{"@type":"SearchAction","target":{"@type":"EntryPoint","urlTemplate":"https:\/\/agenciainfra.com\/blog\/?s={search_term_string}"},"query-input":{"@type":"PropertyValueSpecification","valueRequired":true,"valueName":"search_term_string"}}],"inLanguage":"pt-BR"},{"@type":"Organization","@id":"https:\/\/agenciainfra.com\/blog\/#organization","name":"Ag\u00eancia iNFRA","url":"https:\/\/agenciainfra.com\/blog\/","logo":{"@type":"ImageObject","inLanguage":"pt-BR","@id":"https:\/\/agenciainfra.com\/blog\/#\/schema\/logo\/image\/","url":"https:\/\/agenciainfra.com\/blog\/wp-content\/uploads\/2023\/09\/iNFRA_5-e1761735885940.png","contentUrl":"https:\/\/agenciainfra.com\/blog\/wp-content\/uploads\/2023\/09\/iNFRA_5-e1761735885940.png","width":1672,"height":454,"caption":"Ag\u00eancia iNFRA"},"image":{"@id":"https:\/\/agenciainfra.com\/blog\/#\/schema\/logo\/image\/"},"sameAs":["https:\/\/www.facebook.com\/ageninfra","https:\/\/x.com\/agencia_infra","https:\/\/www.linkedin.com\/company\/ag\u00eanciainfra\/","https:\/\/www.instagram.com\/agenciainfra\/"]},{"@type":"Person","@id":"https:\/\/agenciainfra.com\/blog\/#\/schema\/person\/04dbb79bd6d8951f063da71f3e4c1eb1","name":"Rodrigo Zuquim","image":{"@type":"ImageObject","inLanguage":"pt-BR","@id":"https:\/\/agenciainfra.com\/blog\/#\/schema\/person\/image\/","url":"https:\/\/secure.gravatar.com\/avatar\/594abfe82761d620726242ff34ca472a705a4b97f16c790053a6b4c4035274d0?s=96&d=mm&r=g","contentUrl":"https:\/\/secure.gravatar.com\/avatar\/594abfe82761d620726242ff34ca472a705a4b97f16c790053a6b4c4035274d0?s=96&d=mm&r=g","caption":"Rodrigo Zuquim"},"url":"https:\/\/agenciainfra.com\/blog\/author\/rodrigo-zuquim\/"}]}},"_links":{"self":[{"href":"https:\/\/agenciainfra.com\/blog\/wp-json\/wp\/v2\/posts\/4247","targetHints":{"allow":["GET"]}}],"collection":[{"href":"https:\/\/agenciainfra.com\/blog\/wp-json\/wp\/v2\/posts"}],"about":[{"href":"https:\/\/agenciainfra.com\/blog\/wp-json\/wp\/v2\/types\/post"}],"author":[{"embeddable":true,"href":"https:\/\/agenciainfra.com\/blog\/wp-json\/wp\/v2\/users\/9"}],"replies":[{"embeddable":true,"href":"https:\/\/agenciainfra.com\/blog\/wp-json\/wp\/v2\/comments?post=4247"}],"version-history":[{"count":0,"href":"https:\/\/agenciainfra.com\/blog\/wp-json\/wp\/v2\/posts\/4247\/revisions"}],"wp:featuredmedia":[{"embeddable":true,"href":"https:\/\/agenciainfra.com\/blog\/wp-json\/wp\/v2\/media\/4248"}],"wp:attachment":[{"href":"https:\/\/agenciainfra.com\/blog\/wp-json\/wp\/v2\/media?parent=4247"}],"wp:term":[{"taxonomy":"category","embeddable":true,"href":"https:\/\/agenciainfra.com\/blog\/wp-json\/wp\/v2\/categories?post=4247"},{"taxonomy":"post_tag","embeddable":true,"href":"https:\/\/agenciainfra.com\/blog\/wp-json\/wp\/v2\/tags?post=4247"}],"curies":[{"name":"wp","href":"https:\/\/api.w.org\/{rel}","templated":true}]}}