{"id":4250,"date":"2020-01-15T13:00:27","date_gmt":"2020-01-15T16:00:27","guid":{"rendered":"http:\/\/www.agenciainfra.com\/blog\/?p=4250"},"modified":"2020-01-14T20:56:51","modified_gmt":"2020-01-14T23:56:51","slug":"br-do-mar-baixo-volume-de-cargas-leva-a-teto-de-crescimento-da-cabotagem","status":"publish","type":"post","link":"https:\/\/agenciainfra.com\/blog\/br-do-mar-baixo-volume-de-cargas-leva-a-teto-de-crescimento-da-cabotagem\/","title":{"rendered":"BR do Mar: Baixo volume de cargas leva a teto de crescimento da cabotagem"},"content":{"rendered":"<div>\n<h5 style=\"text-align: right;\"><strong>Dimmi Amora, da\u00a0Ag\u00eancia iNFRA<\/strong><\/h5>\n<p>As cargas que podem migrar do setor rodovi\u00e1rio para o navega\u00e7\u00e3o de cabotagem v\u00e3o chegar a um teto, talvez rapidamente, mesmo se o governo conseguir aprovar sua proposta para abertura do mercado de cabotagem, a BR do Mar.<\/p>\n<p>\u00c9 o que previu a chefe de gabinete da SPA (Santos Port Authority), Jacqueline Wendpap, que foi at\u00e9 novembro chefe de gabinete da diretoria da ANTAQ (Ag\u00eancia Nacional de Transportes Aquavi\u00e1rios).<\/p>\n<p>Em evento &#8220;Cabotagem para Usu\u00e1rios&#8221;, realizado pela Usuport-RJ (Associa\u00e7\u00e3o dos Usu\u00e1rios de Portos do Rio de Janeiro) no final do ano passado, Jacqueline disse que o pa\u00eds sofre por ter pouca carga t\u00edpica da cabotagem para transportar de forma econ\u00f4mica e que ser\u00e1 necess\u00e1rio maior crescimento do pa\u00eds para ampliar mais o setor.<\/p>\n<p>Outro tema tratado em rela\u00e7\u00e3o \u00e0 proposta do governo foi apresentado pelo presidente do Tribunal Mar\u00edtimo, Wilson Lima Filho. Segundo ele, \u00e9 necess\u00e1rio entender sobre como ser\u00e3o os impactos para os trabalhadores aquavi\u00e1rios nessa proposta, al\u00e9m do estado dos navios que poder\u00e3o vir.<\/p>\n<p>A ideia do governo \u00e9 liberar que navios sejam afretados com as regras para tripula\u00e7\u00e3o de sua bandeira original, sem que sejam obrigados a contratar trabalhadores mar\u00edtimos com as regras nacionais, que pelas estimativas s\u00e3o 50% mais caras que o custo dos estrangeiros.<\/p>\n<p>Advogados que atuam\u00a0na \u00e1rea trabalhista, entretanto, alertaram que, se essa decis\u00e3o for tomada, n\u00e3o haver\u00e1 como garantir a seguran\u00e7a jur\u00eddica de que valer\u00e3o as regras estrangeiras.<\/p>\n<p>O advogado Thiago Oliveira, do Barreto Advogados, levou duas posi\u00e7\u00f5es divergentes do TST (Tribunal Superior do Trabalho) sobre o mesmo tema: se um trabalhador que trabalha sobre regras estrangeiras tem direito a benef\u00edcios da lei brasileira.<\/p>\n<p>&#8220;Se eu disser sim ou n\u00e3o [sobre haver seguran\u00e7a jur\u00eddica], eu estaria sendo leviano&#8221;, brincou o advogado.<\/p>\n<p><strong>Concentra\u00e7\u00e3o de mercado<\/strong><br \/>\nDurante as palestras, foram apresentados dados sobre a concentra\u00e7\u00e3o de mercado na cabotagem do Brasil baseados em apura\u00e7\u00e3o do TCU (Tribunal de Contas da Uni\u00e3o) cujas conclus\u00f5es foram antecipadas nesta\u00a0<a href=\"https:\/\/agenciainfra.us14.list-manage.com\/track\/click?u=d460dd1bcf9ba0ae040e1fc0f&amp;id=0edf196ec9&amp;e=c099169394\" target=\"_blank\" rel=\"noopener noreferrer\" data-saferedirecturl=\"https:\/\/www.google.com\/url?q=https:\/\/agenciainfra.us14.list-manage.com\/track\/click?u%3Dd460dd1bcf9ba0ae040e1fc0f%26id%3D0edf196ec9%26e%3Dc099169394&amp;source=gmail&amp;ust=1579130473729000&amp;usg=AFQjCNGXbmN6IC4jEJBIQw3hNANHrb1vxw\">reportagem especial<\/a>\u00a0da\u00a0<strong>Ag\u00eancia iNFRA<\/strong>.<\/p>\n<p>Segundo o representante do TCU, o auditor Get\u00falio Padilha, os dados de concentra\u00e7\u00e3o s\u00e3o provenientes de investiga\u00e7\u00e3o feita pelo CADE (Conselho Administrativo de Defesa Econ\u00f4mica) no setor, o que leva a pre\u00e7os elevados na cabotagem no pa\u00eds. Para ele, o aumento da competi\u00e7\u00e3o poderia ser um elemento de redu\u00e7\u00e3o de pre\u00e7os, mas n\u00e3o \u00e9 poss\u00edvel ter a garantia sobre isso.<\/p>\n<p><strong>Impostos sobre o THC<\/strong><br \/>\nUm dos temas em debate foi sobre a falta de emiss\u00e3o de notas fiscais para o pagamento da chamada THC (Terminal Handling Charge), que \u00e9 feito pelos clientes aos armadores, donos de navios.<\/p>\n<p>Segundo Andr\u00e9 de Seixas, presidente da Usuport-RJ, esse pagamento \u00e9 enquadrado como um ressarcimento de custos e deveria ser igual ao valor que \u00e9 pago pelos armadores aos terminais, o que nem sempre ocorre. A diferen\u00e7a entre o pagamento pode gerar evas\u00e3o de impostos.<\/p>\n<p>Os advogados Thiago Severine e Caroline Albernand afirmaram que \u00e9 necess\u00e1rio que os clientes fa\u00e7am os pedidos dos documentos para quem foi contratado para evitar poss\u00edveis cobran\u00e7as futuras do fisco federal e dos munic\u00edpios.<\/p>\n<\/div>\n","protected":false},"excerpt":{"rendered":"<p>Dimmi Amora, da\u00a0Ag\u00eancia iNFRA As cargas que podem migrar do setor rodovi\u00e1rio para o navega\u00e7\u00e3o de cabotagem v\u00e3o chegar a um teto, talvez rapidamente, mesmo se o governo conseguir aprovar sua proposta para abertura do mercado de cabotagem, a BR do Mar. \u00c9 o que previu a chefe de gabinete da SPA (Santos Port Authority), [&hellip;]<\/p>\n","protected":false},"author":9,"featured_media":4251,"comment_status":"closed","ping_status":"closed","sticky":false,"template":"","format":"standard","meta":{"_monsterinsights_skip_tracking":false,"_monsterinsights_sitenote_active":false,"_monsterinsights_sitenote_note":"","_monsterinsights_sitenote_category":0,"footnotes":""},"categories":[7],"tags":[1307,1605,1245,407,1608,1606,1603,106,1607,1308,1604],"class_list":["post-4250","post","type-post","status-publish","format-standard","has-post-thumbnail","hentry","category-infratransporte","tag-andre-de-seixas","tag-barreto-advogados","tag-br-do-mar","tag-cabotagem","tag-caroline-albernand","tag-getulio-padilha","tag-jacqueline-wendpap","tag-navegacao","tag-thiago-severine","tag-usuport-rj","tag-wilson-lima-filho"],"yoast_head":"<!-- This site is optimized with the Yoast SEO Premium plugin v25.4 (Yoast SEO v26.0) - https:\/\/yoast.com\/wordpress\/plugins\/seo\/ -->\n<title>BR do Mar: Baixo volume de cargas leva a teto de crescimento da cabotagem - Ag\u00eancia iNFRA<\/title>\n<meta name=\"robots\" content=\"index, follow, max-snippet:-1, max-image-preview:large, max-video-preview:-1\" \/>\n<link rel=\"canonical\" href=\"https:\/\/agenciainfra.com\/blog\/br-do-mar-baixo-volume-de-cargas-leva-a-teto-de-crescimento-da-cabotagem\/\" \/>\n<meta property=\"og:locale\" content=\"pt_BR\" \/>\n<meta property=\"og:type\" content=\"article\" \/>\n<meta property=\"og:title\" content=\"BR do Mar: Baixo volume de cargas leva a teto de crescimento da cabotagem\" \/>\n<meta property=\"og:description\" content=\"Dimmi Amora, da\u00a0Ag\u00eancia iNFRA As cargas que podem migrar do setor rodovi\u00e1rio para o navega\u00e7\u00e3o de cabotagem v\u00e3o chegar a um teto, talvez rapidamente, mesmo se o governo conseguir aprovar sua proposta para abertura do mercado de cabotagem, a BR do Mar. \u00c9 o que previu a chefe de gabinete da SPA (Santos Port Authority), [&hellip;]\" \/>\n<meta property=\"og:url\" content=\"https:\/\/agenciainfra.com\/blog\/br-do-mar-baixo-volume-de-cargas-leva-a-teto-de-crescimento-da-cabotagem\/\" \/>\n<meta property=\"og:site_name\" content=\"Ag\u00eancia iNFRA\" \/>\n<meta property=\"article:publisher\" content=\"https:\/\/www.facebook.com\/ageninfra\" \/>\n<meta property=\"article:published_time\" content=\"2020-01-15T16:00:27+00:00\" \/>\n<meta property=\"og:image\" content=\"https:\/\/agenciainfra.com\/blog\/wp-content\/uploads\/2020\/01\/conteineres-carga-cabotagem-dominio-publico.jpg\" \/>\n\t<meta property=\"og:image:width\" content=\"1200\" \/>\n\t<meta property=\"og:image:height\" content=\"774\" \/>\n\t<meta property=\"og:image:type\" content=\"image\/jpeg\" \/>\n<meta name=\"author\" content=\"Rodrigo Zuquim\" \/>\n<meta name=\"twitter:card\" content=\"summary_large_image\" \/>\n<meta name=\"twitter:creator\" content=\"@agencia_infra\" \/>\n<meta name=\"twitter:site\" content=\"@agencia_infra\" \/>\n<meta name=\"twitter:label1\" content=\"Escrito por\" \/>\n\t<meta name=\"twitter:data1\" content=\"Rodrigo Zuquim\" \/>\n\t<meta name=\"twitter:label2\" content=\"Est. tempo de leitura\" \/>\n\t<meta name=\"twitter:data2\" content=\"3 minutos\" \/>\n<script type=\"application\/ld+json\" class=\"yoast-schema-graph\">{\"@context\":\"https:\/\/schema.org\",\"@graph\":[{\"@type\":\"Article\",\"@id\":\"https:\/\/agenciainfra.com\/blog\/br-do-mar-baixo-volume-de-cargas-leva-a-teto-de-crescimento-da-cabotagem\/#article\",\"isPartOf\":{\"@id\":\"https:\/\/agenciainfra.com\/blog\/br-do-mar-baixo-volume-de-cargas-leva-a-teto-de-crescimento-da-cabotagem\/\"},\"author\":{\"name\":\"Rodrigo Zuquim\",\"@id\":\"https:\/\/agenciainfra.com\/blog\/#\/schema\/person\/04dbb79bd6d8951f063da71f3e4c1eb1\"},\"headline\":\"BR do Mar: Baixo volume de cargas leva a teto de crescimento da cabotagem\",\"datePublished\":\"2020-01-15T16:00:27+00:00\",\"mainEntityOfPage\":{\"@id\":\"https:\/\/agenciainfra.com\/blog\/br-do-mar-baixo-volume-de-cargas-leva-a-teto-de-crescimento-da-cabotagem\/\"},\"wordCount\":570,\"publisher\":{\"@id\":\"https:\/\/agenciainfra.com\/blog\/#organization\"},\"image\":{\"@id\":\"https:\/\/agenciainfra.com\/blog\/br-do-mar-baixo-volume-de-cargas-leva-a-teto-de-crescimento-da-cabotagem\/#primaryimage\"},\"thumbnailUrl\":\"https:\/\/agenciainfra.com\/blog\/wp-content\/uploads\/2020\/01\/conteineres-carga-cabotagem-dominio-publico.jpg\",\"keywords\":[\"Andr\u00e9 de Seixas\",\"Barreto Advogados\",\"BR do Mar\",\"cabotagem\",\"Caroline Albernand\",\"Get\u00falio Padilha\",\"Jacqueline Wendpap\",\"Navega\u00e7\u00e3o\",\"Thiago Severine\",\"Usuport-RJ\",\"Wilson Lima Filho\"],\"articleSection\":[\"iNFRATransporte\"],\"inLanguage\":\"pt-BR\",\"copyrightYear\":\"2020\",\"copyrightHolder\":{\"@id\":\"https:\/\/agenciainfra.com\/blog\/#organization\"}},{\"@type\":\"WebPage\",\"@id\":\"https:\/\/agenciainfra.com\/blog\/br-do-mar-baixo-volume-de-cargas-leva-a-teto-de-crescimento-da-cabotagem\/\",\"url\":\"https:\/\/agenciainfra.com\/blog\/br-do-mar-baixo-volume-de-cargas-leva-a-teto-de-crescimento-da-cabotagem\/\",\"name\":\"BR do Mar: Baixo volume de cargas leva a teto de crescimento da cabotagem - Ag\u00eancia iNFRA\",\"isPartOf\":{\"@id\":\"https:\/\/agenciainfra.com\/blog\/#website\"},\"primaryImageOfPage\":{\"@id\":\"https:\/\/agenciainfra.com\/blog\/br-do-mar-baixo-volume-de-cargas-leva-a-teto-de-crescimento-da-cabotagem\/#primaryimage\"},\"image\":{\"@id\":\"https:\/\/agenciainfra.com\/blog\/br-do-mar-baixo-volume-de-cargas-leva-a-teto-de-crescimento-da-cabotagem\/#primaryimage\"},\"thumbnailUrl\":\"https:\/\/agenciainfra.com\/blog\/wp-content\/uploads\/2020\/01\/conteineres-carga-cabotagem-dominio-publico.jpg\",\"datePublished\":\"2020-01-15T16:00:27+00:00\",\"breadcrumb\":{\"@id\":\"https:\/\/agenciainfra.com\/blog\/br-do-mar-baixo-volume-de-cargas-leva-a-teto-de-crescimento-da-cabotagem\/#breadcrumb\"},\"inLanguage\":\"pt-BR\",\"potentialAction\":[{\"@type\":\"ReadAction\",\"target\":[\"https:\/\/agenciainfra.com\/blog\/br-do-mar-baixo-volume-de-cargas-leva-a-teto-de-crescimento-da-cabotagem\/\"]}]},{\"@type\":\"ImageObject\",\"inLanguage\":\"pt-BR\",\"@id\":\"https:\/\/agenciainfra.com\/blog\/br-do-mar-baixo-volume-de-cargas-leva-a-teto-de-crescimento-da-cabotagem\/#primaryimage\",\"url\":\"https:\/\/agenciainfra.com\/blog\/wp-content\/uploads\/2020\/01\/conteineres-carga-cabotagem-dominio-publico.jpg\",\"contentUrl\":\"https:\/\/agenciainfra.com\/blog\/wp-content\/uploads\/2020\/01\/conteineres-carga-cabotagem-dominio-publico.jpg\",\"width\":1200,\"height\":774,\"caption\":\"Foto: Dom\u00ednio P\u00fablico\"},{\"@type\":\"BreadcrumbList\",\"@id\":\"https:\/\/agenciainfra.com\/blog\/br-do-mar-baixo-volume-de-cargas-leva-a-teto-de-crescimento-da-cabotagem\/#breadcrumb\",\"itemListElement\":[{\"@type\":\"ListItem\",\"position\":1,\"name\":\"In\u00edcio\",\"item\":\"https:\/\/agenciainfra.com\/blog\/\"},{\"@type\":\"ListItem\",\"position\":2,\"name\":\"BR do Mar: Baixo volume de cargas leva a teto de crescimento da cabotagem\"}]},{\"@type\":\"WebSite\",\"@id\":\"https:\/\/agenciainfra.com\/blog\/#website\",\"url\":\"https:\/\/agenciainfra.com\/blog\/\",\"name\":\"Ag\u00eancia iNFRA\",\"description\":\"Multiplataforma de informa\u00e7\u00e3o jornal\u00edstica refer\u00eancia na \u00e1rea de infraestrutura no Brasil!\",\"publisher\":{\"@id\":\"https:\/\/agenciainfra.com\/blog\/#organization\"},\"potentialAction\":[{\"@type\":\"SearchAction\",\"target\":{\"@type\":\"EntryPoint\",\"urlTemplate\":\"https:\/\/agenciainfra.com\/blog\/?s={search_term_string}\"},\"query-input\":{\"@type\":\"PropertyValueSpecification\",\"valueRequired\":true,\"valueName\":\"search_term_string\"}}],\"inLanguage\":\"pt-BR\"},{\"@type\":\"Organization\",\"@id\":\"https:\/\/agenciainfra.com\/blog\/#organization\",\"name\":\"Ag\u00eancia iNFRA\",\"url\":\"https:\/\/agenciainfra.com\/blog\/\",\"logo\":{\"@type\":\"ImageObject\",\"inLanguage\":\"pt-BR\",\"@id\":\"https:\/\/agenciainfra.com\/blog\/#\/schema\/logo\/image\/\",\"url\":\"https:\/\/agenciainfra.com\/blog\/wp-content\/uploads\/2023\/09\/iNFRA_5-e1761735885940.png\",\"contentUrl\":\"https:\/\/agenciainfra.com\/blog\/wp-content\/uploads\/2023\/09\/iNFRA_5-e1761735885940.png\",\"width\":1672,\"height\":454,\"caption\":\"Ag\u00eancia iNFRA\"},\"image\":{\"@id\":\"https:\/\/agenciainfra.com\/blog\/#\/schema\/logo\/image\/\"},\"sameAs\":[\"https:\/\/www.facebook.com\/ageninfra\",\"https:\/\/x.com\/agencia_infra\",\"https:\/\/www.linkedin.com\/company\/ag\u00eanciainfra\/\",\"https:\/\/www.instagram.com\/agenciainfra\/\"]},{\"@type\":\"Person\",\"@id\":\"https:\/\/agenciainfra.com\/blog\/#\/schema\/person\/04dbb79bd6d8951f063da71f3e4c1eb1\",\"name\":\"Rodrigo Zuquim\",\"image\":{\"@type\":\"ImageObject\",\"inLanguage\":\"pt-BR\",\"@id\":\"https:\/\/agenciainfra.com\/blog\/#\/schema\/person\/image\/\",\"url\":\"https:\/\/secure.gravatar.com\/avatar\/594abfe82761d620726242ff34ca472a705a4b97f16c790053a6b4c4035274d0?s=96&d=mm&r=g\",\"contentUrl\":\"https:\/\/secure.gravatar.com\/avatar\/594abfe82761d620726242ff34ca472a705a4b97f16c790053a6b4c4035274d0?s=96&d=mm&r=g\",\"caption\":\"Rodrigo Zuquim\"},\"url\":\"https:\/\/agenciainfra.com\/blog\/author\/rodrigo-zuquim\/\"}]}<\/script>\n<!-- \/ Yoast SEO Premium plugin. -->","yoast_head_json":{"title":"BR do Mar: Baixo volume de cargas leva a teto de crescimento da cabotagem - Ag\u00eancia iNFRA","robots":{"index":"index","follow":"follow","max-snippet":"max-snippet:-1","max-image-preview":"max-image-preview:large","max-video-preview":"max-video-preview:-1"},"canonical":"https:\/\/agenciainfra.com\/blog\/br-do-mar-baixo-volume-de-cargas-leva-a-teto-de-crescimento-da-cabotagem\/","og_locale":"pt_BR","og_type":"article","og_title":"BR do Mar: Baixo volume de cargas leva a teto de crescimento da cabotagem","og_description":"Dimmi Amora, da\u00a0Ag\u00eancia iNFRA As cargas que podem migrar do setor rodovi\u00e1rio para o navega\u00e7\u00e3o de cabotagem v\u00e3o chegar a um teto, talvez rapidamente, mesmo se o governo conseguir aprovar sua proposta para abertura do mercado de cabotagem, a BR do Mar. \u00c9 o que previu a chefe de gabinete da SPA (Santos Port Authority), [&hellip;]","og_url":"https:\/\/agenciainfra.com\/blog\/br-do-mar-baixo-volume-de-cargas-leva-a-teto-de-crescimento-da-cabotagem\/","og_site_name":"Ag\u00eancia iNFRA","article_publisher":"https:\/\/www.facebook.com\/ageninfra","article_published_time":"2020-01-15T16:00:27+00:00","og_image":[{"width":1200,"height":774,"url":"https:\/\/agenciainfra.com\/blog\/wp-content\/uploads\/2020\/01\/conteineres-carga-cabotagem-dominio-publico.jpg","type":"image\/jpeg"}],"author":"Rodrigo Zuquim","twitter_card":"summary_large_image","twitter_creator":"@agencia_infra","twitter_site":"@agencia_infra","twitter_misc":{"Escrito por":"Rodrigo Zuquim","Est. tempo de leitura":"3 minutos"},"schema":{"@context":"https:\/\/schema.org","@graph":[{"@type":"Article","@id":"https:\/\/agenciainfra.com\/blog\/br-do-mar-baixo-volume-de-cargas-leva-a-teto-de-crescimento-da-cabotagem\/#article","isPartOf":{"@id":"https:\/\/agenciainfra.com\/blog\/br-do-mar-baixo-volume-de-cargas-leva-a-teto-de-crescimento-da-cabotagem\/"},"author":{"name":"Rodrigo Zuquim","@id":"https:\/\/agenciainfra.com\/blog\/#\/schema\/person\/04dbb79bd6d8951f063da71f3e4c1eb1"},"headline":"BR do Mar: Baixo volume de cargas leva a teto de crescimento da cabotagem","datePublished":"2020-01-15T16:00:27+00:00","mainEntityOfPage":{"@id":"https:\/\/agenciainfra.com\/blog\/br-do-mar-baixo-volume-de-cargas-leva-a-teto-de-crescimento-da-cabotagem\/"},"wordCount":570,"publisher":{"@id":"https:\/\/agenciainfra.com\/blog\/#organization"},"image":{"@id":"https:\/\/agenciainfra.com\/blog\/br-do-mar-baixo-volume-de-cargas-leva-a-teto-de-crescimento-da-cabotagem\/#primaryimage"},"thumbnailUrl":"https:\/\/agenciainfra.com\/blog\/wp-content\/uploads\/2020\/01\/conteineres-carga-cabotagem-dominio-publico.jpg","keywords":["Andr\u00e9 de Seixas","Barreto Advogados","BR do Mar","cabotagem","Caroline Albernand","Get\u00falio Padilha","Jacqueline Wendpap","Navega\u00e7\u00e3o","Thiago Severine","Usuport-RJ","Wilson Lima Filho"],"articleSection":["iNFRATransporte"],"inLanguage":"pt-BR","copyrightYear":"2020","copyrightHolder":{"@id":"https:\/\/agenciainfra.com\/blog\/#organization"}},{"@type":"WebPage","@id":"https:\/\/agenciainfra.com\/blog\/br-do-mar-baixo-volume-de-cargas-leva-a-teto-de-crescimento-da-cabotagem\/","url":"https:\/\/agenciainfra.com\/blog\/br-do-mar-baixo-volume-de-cargas-leva-a-teto-de-crescimento-da-cabotagem\/","name":"BR do Mar: Baixo volume de cargas leva a teto de crescimento da cabotagem - Ag\u00eancia iNFRA","isPartOf":{"@id":"https:\/\/agenciainfra.com\/blog\/#website"},"primaryImageOfPage":{"@id":"https:\/\/agenciainfra.com\/blog\/br-do-mar-baixo-volume-de-cargas-leva-a-teto-de-crescimento-da-cabotagem\/#primaryimage"},"image":{"@id":"https:\/\/agenciainfra.com\/blog\/br-do-mar-baixo-volume-de-cargas-leva-a-teto-de-crescimento-da-cabotagem\/#primaryimage"},"thumbnailUrl":"https:\/\/agenciainfra.com\/blog\/wp-content\/uploads\/2020\/01\/conteineres-carga-cabotagem-dominio-publico.jpg","datePublished":"2020-01-15T16:00:27+00:00","breadcrumb":{"@id":"https:\/\/agenciainfra.com\/blog\/br-do-mar-baixo-volume-de-cargas-leva-a-teto-de-crescimento-da-cabotagem\/#breadcrumb"},"inLanguage":"pt-BR","potentialAction":[{"@type":"ReadAction","target":["https:\/\/agenciainfra.com\/blog\/br-do-mar-baixo-volume-de-cargas-leva-a-teto-de-crescimento-da-cabotagem\/"]}]},{"@type":"ImageObject","inLanguage":"pt-BR","@id":"https:\/\/agenciainfra.com\/blog\/br-do-mar-baixo-volume-de-cargas-leva-a-teto-de-crescimento-da-cabotagem\/#primaryimage","url":"https:\/\/agenciainfra.com\/blog\/wp-content\/uploads\/2020\/01\/conteineres-carga-cabotagem-dominio-publico.jpg","contentUrl":"https:\/\/agenciainfra.com\/blog\/wp-content\/uploads\/2020\/01\/conteineres-carga-cabotagem-dominio-publico.jpg","width":1200,"height":774,"caption":"Foto: Dom\u00ednio P\u00fablico"},{"@type":"BreadcrumbList","@id":"https:\/\/agenciainfra.com\/blog\/br-do-mar-baixo-volume-de-cargas-leva-a-teto-de-crescimento-da-cabotagem\/#breadcrumb","itemListElement":[{"@type":"ListItem","position":1,"name":"In\u00edcio","item":"https:\/\/agenciainfra.com\/blog\/"},{"@type":"ListItem","position":2,"name":"BR do Mar: Baixo volume de cargas leva a teto de crescimento da cabotagem"}]},{"@type":"WebSite","@id":"https:\/\/agenciainfra.com\/blog\/#website","url":"https:\/\/agenciainfra.com\/blog\/","name":"Ag\u00eancia iNFRA","description":"Multiplataforma de informa\u00e7\u00e3o jornal\u00edstica refer\u00eancia na \u00e1rea de infraestrutura no Brasil!","publisher":{"@id":"https:\/\/agenciainfra.com\/blog\/#organization"},"potentialAction":[{"@type":"SearchAction","target":{"@type":"EntryPoint","urlTemplate":"https:\/\/agenciainfra.com\/blog\/?s={search_term_string}"},"query-input":{"@type":"PropertyValueSpecification","valueRequired":true,"valueName":"search_term_string"}}],"inLanguage":"pt-BR"},{"@type":"Organization","@id":"https:\/\/agenciainfra.com\/blog\/#organization","name":"Ag\u00eancia iNFRA","url":"https:\/\/agenciainfra.com\/blog\/","logo":{"@type":"ImageObject","inLanguage":"pt-BR","@id":"https:\/\/agenciainfra.com\/blog\/#\/schema\/logo\/image\/","url":"https:\/\/agenciainfra.com\/blog\/wp-content\/uploads\/2023\/09\/iNFRA_5-e1761735885940.png","contentUrl":"https:\/\/agenciainfra.com\/blog\/wp-content\/uploads\/2023\/09\/iNFRA_5-e1761735885940.png","width":1672,"height":454,"caption":"Ag\u00eancia iNFRA"},"image":{"@id":"https:\/\/agenciainfra.com\/blog\/#\/schema\/logo\/image\/"},"sameAs":["https:\/\/www.facebook.com\/ageninfra","https:\/\/x.com\/agencia_infra","https:\/\/www.linkedin.com\/company\/ag\u00eanciainfra\/","https:\/\/www.instagram.com\/agenciainfra\/"]},{"@type":"Person","@id":"https:\/\/agenciainfra.com\/blog\/#\/schema\/person\/04dbb79bd6d8951f063da71f3e4c1eb1","name":"Rodrigo Zuquim","image":{"@type":"ImageObject","inLanguage":"pt-BR","@id":"https:\/\/agenciainfra.com\/blog\/#\/schema\/person\/image\/","url":"https:\/\/secure.gravatar.com\/avatar\/594abfe82761d620726242ff34ca472a705a4b97f16c790053a6b4c4035274d0?s=96&d=mm&r=g","contentUrl":"https:\/\/secure.gravatar.com\/avatar\/594abfe82761d620726242ff34ca472a705a4b97f16c790053a6b4c4035274d0?s=96&d=mm&r=g","caption":"Rodrigo Zuquim"},"url":"https:\/\/agenciainfra.com\/blog\/author\/rodrigo-zuquim\/"}]}},"_links":{"self":[{"href":"https:\/\/agenciainfra.com\/blog\/wp-json\/wp\/v2\/posts\/4250","targetHints":{"allow":["GET"]}}],"collection":[{"href":"https:\/\/agenciainfra.com\/blog\/wp-json\/wp\/v2\/posts"}],"about":[{"href":"https:\/\/agenciainfra.com\/blog\/wp-json\/wp\/v2\/types\/post"}],"author":[{"embeddable":true,"href":"https:\/\/agenciainfra.com\/blog\/wp-json\/wp\/v2\/users\/9"}],"replies":[{"embeddable":true,"href":"https:\/\/agenciainfra.com\/blog\/wp-json\/wp\/v2\/comments?post=4250"}],"version-history":[{"count":0,"href":"https:\/\/agenciainfra.com\/blog\/wp-json\/wp\/v2\/posts\/4250\/revisions"}],"wp:featuredmedia":[{"embeddable":true,"href":"https:\/\/agenciainfra.com\/blog\/wp-json\/wp\/v2\/media\/4251"}],"wp:attachment":[{"href":"https:\/\/agenciainfra.com\/blog\/wp-json\/wp\/v2\/media?parent=4250"}],"wp:term":[{"taxonomy":"category","embeddable":true,"href":"https:\/\/agenciainfra.com\/blog\/wp-json\/wp\/v2\/categories?post=4250"},{"taxonomy":"post_tag","embeddable":true,"href":"https:\/\/agenciainfra.com\/blog\/wp-json\/wp\/v2\/tags?post=4250"}],"curies":[{"name":"wp","href":"https:\/\/api.w.org\/{rel}","templated":true}]}}