{"id":4271,"date":"2020-01-21T08:00:49","date_gmt":"2020-01-21T11:00:49","guid":{"rendered":"http:\/\/www.agenciainfra.com\/blog\/?p=4271"},"modified":"2020-01-20T09:23:29","modified_gmt":"2020-01-20T12:23:29","slug":"despachos-termicos-deverao-ser-menores-em-2020-diz-diretor-geral-do-ons","status":"publish","type":"post","link":"https:\/\/agenciainfra.com\/blog\/despachos-termicos-deverao-ser-menores-em-2020-diz-diretor-geral-do-ons\/","title":{"rendered":"Despachos t\u00e9rmicos dever\u00e3o ser menores em 2020, diz diretor-geral do ONS"},"content":{"rendered":"<h5 style=\"text-align: right;\"><strong>Tales Silveira,\u00a0da Ag\u00eancia iNFRA<\/strong><\/h5>\n<p dir=\"ltr\">O n\u00famero de despachos t\u00e9rmicos no Brasil em 2020 dever\u00e1 diminuir em rela\u00e7\u00e3o ao ano passado, ao menos no per\u00edodo \u00famido, que vai at\u00e9 abril. Foi isso o que disse o diretor-geral do ONS\u00a0(Operador Nacional do Sistema El\u00e9trico), Luiz\u00a0Barata, em entrevista \u00e0\u00a0<strong>Ag\u00eancia iNFRA<\/strong>.<\/p>\n<p>\u201cJ\u00e1 podemos at\u00e9 falar em melhora uma vez que, no come\u00e7o do ano passado, batemos cinco vezes o recorde de consumo de energia. Em 2020 estamos longe desse recorde de consumo de 2019. E ainda a expectativa \u00e9 que, pelo menos ao longo do per\u00edodo chuvoso, diminua a quantidade de despachos t\u00e9rmicos para o pa\u00eds\u201d, explicou.<\/p>\n<p>Apesar da diminui\u00e7\u00e3o no uso das termel\u00e9tricas, Barata afirmou que os despachos das usinas dever\u00e3o continuar no pa\u00eds.<\/p>\n<p>\u201cNormalmente, mesmo no per\u00edodo chuvoso, temos um despacho t\u00e9rmico dependente do custo marginal de opera\u00e7\u00e3o e, neste momento, estamos despachando t\u00e9rmica de acordo com esse modelo. Se tivermos boa precipita\u00e7\u00e3o, dependendo da quantidade de volume de chuvas, acredito que logo j\u00e1 iremos reduzir bastante a quantidade de despachos t\u00e9rmicos\u201d, disse.<\/p>\n<p><strong>2020 mais chuvoso<\/strong><br \/>\nSegundo Barata, a probabilidade \u00e9 que este ano n\u00e3o seja t\u00e3o seco como foi 2019. \u201cA expectativa \u00e9 que continuemos operando o sistema sem sobressaltos. Com continuidade e com custo de opera\u00e7\u00e3o menor. Acreditamos que teremos um despacho t\u00e9rmico menor. N\u00e3o h\u00e1 raz\u00e3o para n\u00e3o esperar um ano bom. Temos a convic\u00e7\u00e3o que teremos um abastecimento de energia coeso para o Brasil.\u201d<\/p>\n<p>\u201cHoje, o INPE (Instituto Nacional de Pesquisas Espaciais) n\u00e3o sinalizou nenhum problema para a esta\u00e7\u00e3o de chuvas. Com essa an\u00e1lise semanal trazida pelo instituto, n\u00f3s desenhamos a nossa estrat\u00e9gia, que n\u00e3o aponta para repeti\u00e7\u00e3o de estiagem [como a que ocorreu no ver\u00e3o passado]. Quanto \u00e0 quest\u00e3o de que as chuvas ser\u00e3o generosas ou n\u00e3o, o INPE n\u00e3o prev\u00ea. Por\u00e9m n\u00e3o temos um cen\u00e1rio de falta de chuvas e, por isso, estamos tranquilos\u201d, disse Barata.<\/p>\n<p><strong>Usinas do Norte<\/strong><br \/>\nDe acordo com o comandante do ONS, at\u00e9 abril deste ano, as usinas hidrel\u00e9tricas do Norte amenizar\u00e3o o uso de energia el\u00e9trica das usinas do Sudeste e Centro-Oeste do Brasil. Durante o per\u00edodo \u00famido, as usinas de Belo Monte e do\u00a0Complexo\u00a0Hidrel\u00e9trico do Rio\u00a0Madeira, no Norte do pa\u00eds, dever\u00e3o concentrar o abastecimento dos principais centros de consumo.<\/p>\n<p>\u201cOs n\u00edveis de reservat\u00f3rios dever\u00e3o estar melhor neste ano no per\u00edodo \u00famido e seco. Isso porque n\u00f3s passamos a poder explorar o Complexo do Madeira, que, ao todo, totaliza 6,5 mil MW, e Belo Monte, que, com a transmiss\u00e3o completa, gera 11 mil MW. Esse j\u00e1 \u00e9 um cen\u00e1rio bom para o pa\u00eds. A expectativa \u00e9 poder maximizar o volume de energia para usar menos as usinas do Sudeste e Centro-Oeste\u201d, explicou.<\/p>\n<p><strong>Balan\u00e7o 2019<\/strong><br \/>\nBarata afirmou que mesmo com o baixo volume de chuvas ao longo de todo o ano passado, o balan\u00e7o de 2019 foi positivo para o ONS.<\/p>\n<p>\u201cTivemos baixas precipita\u00e7\u00f5es em 2019 e, por falta de chuvas, mesmo com a nossa componente hidro sendo muito alta, n\u00e3o pudemos usar a plenitude da nossa capacidade instalada. Mas, mesmo com as condi\u00e7\u00f5es meteorol\u00f3gicas n\u00e3o generosas ao longo de 2019, em especial de maio a novembro, os abastecimentos foram assegurados ao longo do ano.\u201d<\/p>\n<p><strong>Pre\u00e7o hor\u00e1rio<\/strong><br \/>\nO diretor do ONS tamb\u00e9m falou sobre implanta\u00e7\u00e3o do pre\u00e7o hor\u00e1rio. Neste ano est\u00e1 em implementa\u00e7\u00e3o o Dessem (modelo de despacho hidrot\u00e9rmico de curt\u00edssimo prazo) na programa\u00e7\u00e3o de opera\u00e7\u00e3o.<\/p>\n<p>\u201cAgora n\u00f3s j\u00e1 passaremos a saber esse custo com mais precis\u00e3o, o que ajuda a\u00a0modelar e resolver o problema de otimiza\u00e7\u00e3o da opera\u00e7\u00e3o di\u00e1ria de sistemas hidrot\u00e9rmicos da forma mais apurada poss\u00edvel\u201d, disse.<\/p>\n<p>De acordo com Barata, a mudan\u00e7a na metodologia trazida ao longo de todo o ano ser\u00e1 muito importante, uma vez que, em 2021,\u00a0a CCEE (C\u00e2mara de Comercializa\u00e7\u00e3o de Energia El\u00e9trica) vai adotar o Dessem para o c\u00e1lculo do PLD (Pre\u00e7o de Liquida\u00e7\u00e3o das Diferen\u00e7as), na contabiliza\u00e7\u00e3o e na liquida\u00e7\u00e3o do Mercado de Curto Prazo.<\/p>\n<p>\u201cA\u00a0partir do ano que vem o pre\u00e7o deixar\u00e1 de ser semanal e passar\u00e1 a ser de hora em hora. Por j\u00e1 termos um ano de contato com essa opera\u00e7\u00e3o, teremos mais familiaridade e conhecimento para trabalharmos com o pre\u00e7o hor\u00e1rio. Isso vai permitir que os agentes que atuam estabele\u00e7am estrat\u00e9gias para esse novo modelo hor\u00e1rio a ser implantado no ano que vem\u201d, afirmou.<\/p>\n","protected":false},"excerpt":{"rendered":"<p>Tales Silveira,\u00a0da Ag\u00eancia iNFRA O n\u00famero de despachos t\u00e9rmicos no Brasil em 2020 dever\u00e1 diminuir em rela\u00e7\u00e3o ao ano passado, ao menos no per\u00edodo \u00famido, que vai at\u00e9 abril. Foi isso o que disse o diretor-geral do ONS\u00a0(Operador Nacional do Sistema El\u00e9trico), Luiz\u00a0Barata, em entrevista \u00e0\u00a0Ag\u00eancia iNFRA. \u201cJ\u00e1 podemos at\u00e9 falar em melhora uma vez [&hellip;]<\/p>\n","protected":false},"author":9,"featured_media":4272,"comment_status":"closed","ping_status":"closed","sticky":false,"template":"","format":"standard","meta":{"_monsterinsights_skip_tracking":false,"_monsterinsights_sitenote_active":false,"_monsterinsights_sitenote_note":"","_monsterinsights_sitenote_category":0,"footnotes":""},"categories":[10],"tags":[1025,216,827,1036,1154],"class_list":["post-4271","post","type-post","status-publish","format-standard","has-post-thumbnail","hentry","category-infraenergia","tag-luiz-barata","tag-ons","tag-operador-nacional-do-sistema-eletrico","tag-preco-horario","tag-termeletricas"],"yoast_head":"<!-- This site is optimized with the Yoast SEO Premium plugin v25.4 (Yoast SEO v26.0) - https:\/\/yoast.com\/wordpress\/plugins\/seo\/ -->\n<title>Despachos t\u00e9rmicos dever\u00e3o ser menores em 2020, diz diretor-geral do ONS - Ag\u00eancia iNFRA<\/title>\n<meta name=\"robots\" content=\"index, follow, max-snippet:-1, max-image-preview:large, max-video-preview:-1\" \/>\n<link rel=\"canonical\" href=\"https:\/\/agenciainfra.com\/blog\/despachos-termicos-deverao-ser-menores-em-2020-diz-diretor-geral-do-ons\/\" \/>\n<meta property=\"og:locale\" content=\"pt_BR\" \/>\n<meta property=\"og:type\" content=\"article\" \/>\n<meta property=\"og:title\" content=\"Despachos t\u00e9rmicos dever\u00e3o ser menores em 2020, diz diretor-geral do ONS\" \/>\n<meta property=\"og:description\" content=\"Tales Silveira,\u00a0da Ag\u00eancia iNFRA O n\u00famero de despachos t\u00e9rmicos no Brasil em 2020 dever\u00e1 diminuir em rela\u00e7\u00e3o ao ano passado, ao menos no per\u00edodo \u00famido, que vai at\u00e9 abril. Foi isso o que disse o diretor-geral do ONS\u00a0(Operador Nacional do Sistema El\u00e9trico), Luiz\u00a0Barata, em entrevista \u00e0\u00a0Ag\u00eancia iNFRA. \u201cJ\u00e1 podemos at\u00e9 falar em melhora uma vez [&hellip;]\" \/>\n<meta property=\"og:url\" content=\"https:\/\/agenciainfra.com\/blog\/despachos-termicos-deverao-ser-menores-em-2020-diz-diretor-geral-do-ons\/\" \/>\n<meta property=\"og:site_name\" content=\"Ag\u00eancia iNFRA\" \/>\n<meta property=\"article:publisher\" content=\"https:\/\/www.facebook.com\/ageninfra\" \/>\n<meta property=\"article:published_time\" content=\"2020-01-21T11:00:49+00:00\" \/>\n<meta property=\"og:image\" content=\"https:\/\/agenciainfra.com\/blog\/wp-content\/uploads\/2020\/01\/luiz-eduardo-barata-foto-francisco-stuckert-mme.jpg\" \/>\n\t<meta property=\"og:image:width\" content=\"1280\" \/>\n\t<meta property=\"og:image:height\" content=\"854\" \/>\n\t<meta property=\"og:image:type\" content=\"image\/jpeg\" \/>\n<meta name=\"author\" content=\"Rodrigo Zuquim\" \/>\n<meta name=\"twitter:card\" content=\"summary_large_image\" \/>\n<meta name=\"twitter:creator\" content=\"@agencia_infra\" \/>\n<meta name=\"twitter:site\" content=\"@agencia_infra\" \/>\n<meta name=\"twitter:label1\" content=\"Escrito por\" \/>\n\t<meta name=\"twitter:data1\" content=\"Rodrigo Zuquim\" \/>\n\t<meta name=\"twitter:label2\" content=\"Est. tempo de leitura\" \/>\n\t<meta name=\"twitter:data2\" content=\"4 minutos\" \/>\n<script type=\"application\/ld+json\" class=\"yoast-schema-graph\">{\"@context\":\"https:\/\/schema.org\",\"@graph\":[{\"@type\":\"Article\",\"@id\":\"https:\/\/agenciainfra.com\/blog\/despachos-termicos-deverao-ser-menores-em-2020-diz-diretor-geral-do-ons\/#article\",\"isPartOf\":{\"@id\":\"https:\/\/agenciainfra.com\/blog\/despachos-termicos-deverao-ser-menores-em-2020-diz-diretor-geral-do-ons\/\"},\"author\":{\"name\":\"Rodrigo Zuquim\",\"@id\":\"https:\/\/agenciainfra.com\/blog\/#\/schema\/person\/04dbb79bd6d8951f063da71f3e4c1eb1\"},\"headline\":\"Despachos t\u00e9rmicos dever\u00e3o ser menores em 2020, diz diretor-geral do ONS\",\"datePublished\":\"2020-01-21T11:00:49+00:00\",\"mainEntityOfPage\":{\"@id\":\"https:\/\/agenciainfra.com\/blog\/despachos-termicos-deverao-ser-menores-em-2020-diz-diretor-geral-do-ons\/\"},\"wordCount\":808,\"publisher\":{\"@id\":\"https:\/\/agenciainfra.com\/blog\/#organization\"},\"image\":{\"@id\":\"https:\/\/agenciainfra.com\/blog\/despachos-termicos-deverao-ser-menores-em-2020-diz-diretor-geral-do-ons\/#primaryimage\"},\"thumbnailUrl\":\"https:\/\/agenciainfra.com\/blog\/wp-content\/uploads\/2020\/01\/luiz-eduardo-barata-foto-francisco-stuckert-mme.jpg\",\"keywords\":[\"Luiz Barata\",\"ONS\",\"Operador Nacional do Sistema El\u00e9trico\",\"pre\u00e7o hor\u00e1rio\",\"termel\u00e9tricas\"],\"articleSection\":[\"iNFRAEnergia\"],\"inLanguage\":\"pt-BR\",\"copyrightYear\":\"2020\",\"copyrightHolder\":{\"@id\":\"https:\/\/agenciainfra.com\/blog\/#organization\"}},{\"@type\":\"WebPage\",\"@id\":\"https:\/\/agenciainfra.com\/blog\/despachos-termicos-deverao-ser-menores-em-2020-diz-diretor-geral-do-ons\/\",\"url\":\"https:\/\/agenciainfra.com\/blog\/despachos-termicos-deverao-ser-menores-em-2020-diz-diretor-geral-do-ons\/\",\"name\":\"Despachos t\u00e9rmicos dever\u00e3o ser menores em 2020, diz diretor-geral do ONS - Ag\u00eancia iNFRA\",\"isPartOf\":{\"@id\":\"https:\/\/agenciainfra.com\/blog\/#website\"},\"primaryImageOfPage\":{\"@id\":\"https:\/\/agenciainfra.com\/blog\/despachos-termicos-deverao-ser-menores-em-2020-diz-diretor-geral-do-ons\/#primaryimage\"},\"image\":{\"@id\":\"https:\/\/agenciainfra.com\/blog\/despachos-termicos-deverao-ser-menores-em-2020-diz-diretor-geral-do-ons\/#primaryimage\"},\"thumbnailUrl\":\"https:\/\/agenciainfra.com\/blog\/wp-content\/uploads\/2020\/01\/luiz-eduardo-barata-foto-francisco-stuckert-mme.jpg\",\"datePublished\":\"2020-01-21T11:00:49+00:00\",\"breadcrumb\":{\"@id\":\"https:\/\/agenciainfra.com\/blog\/despachos-termicos-deverao-ser-menores-em-2020-diz-diretor-geral-do-ons\/#breadcrumb\"},\"inLanguage\":\"pt-BR\",\"potentialAction\":[{\"@type\":\"ReadAction\",\"target\":[\"https:\/\/agenciainfra.com\/blog\/despachos-termicos-deverao-ser-menores-em-2020-diz-diretor-geral-do-ons\/\"]}]},{\"@type\":\"ImageObject\",\"inLanguage\":\"pt-BR\",\"@id\":\"https:\/\/agenciainfra.com\/blog\/despachos-termicos-deverao-ser-menores-em-2020-diz-diretor-geral-do-ons\/#primaryimage\",\"url\":\"https:\/\/agenciainfra.com\/blog\/wp-content\/uploads\/2020\/01\/luiz-eduardo-barata-foto-francisco-stuckert-mme.jpg\",\"contentUrl\":\"https:\/\/agenciainfra.com\/blog\/wp-content\/uploads\/2020\/01\/luiz-eduardo-barata-foto-francisco-stuckert-mme.jpg\",\"width\":1280,\"height\":854},{\"@type\":\"BreadcrumbList\",\"@id\":\"https:\/\/agenciainfra.com\/blog\/despachos-termicos-deverao-ser-menores-em-2020-diz-diretor-geral-do-ons\/#breadcrumb\",\"itemListElement\":[{\"@type\":\"ListItem\",\"position\":1,\"name\":\"In\u00edcio\",\"item\":\"https:\/\/agenciainfra.com\/blog\/\"},{\"@type\":\"ListItem\",\"position\":2,\"name\":\"Despachos t\u00e9rmicos dever\u00e3o ser menores em 2020, diz diretor-geral do ONS\"}]},{\"@type\":\"WebSite\",\"@id\":\"https:\/\/agenciainfra.com\/blog\/#website\",\"url\":\"https:\/\/agenciainfra.com\/blog\/\",\"name\":\"Ag\u00eancia iNFRA\",\"description\":\"Multiplataforma de informa\u00e7\u00e3o jornal\u00edstica refer\u00eancia na \u00e1rea de infraestrutura no Brasil!\",\"publisher\":{\"@id\":\"https:\/\/agenciainfra.com\/blog\/#organization\"},\"potentialAction\":[{\"@type\":\"SearchAction\",\"target\":{\"@type\":\"EntryPoint\",\"urlTemplate\":\"https:\/\/agenciainfra.com\/blog\/?s={search_term_string}\"},\"query-input\":{\"@type\":\"PropertyValueSpecification\",\"valueRequired\":true,\"valueName\":\"search_term_string\"}}],\"inLanguage\":\"pt-BR\"},{\"@type\":\"Organization\",\"@id\":\"https:\/\/agenciainfra.com\/blog\/#organization\",\"name\":\"Ag\u00eancia iNFRA\",\"url\":\"https:\/\/agenciainfra.com\/blog\/\",\"logo\":{\"@type\":\"ImageObject\",\"inLanguage\":\"pt-BR\",\"@id\":\"https:\/\/agenciainfra.com\/blog\/#\/schema\/logo\/image\/\",\"url\":\"https:\/\/agenciainfra.com\/blog\/wp-content\/uploads\/2023\/09\/iNFRA_5-e1761735885940.png\",\"contentUrl\":\"https:\/\/agenciainfra.com\/blog\/wp-content\/uploads\/2023\/09\/iNFRA_5-e1761735885940.png\",\"width\":1672,\"height\":454,\"caption\":\"Ag\u00eancia iNFRA\"},\"image\":{\"@id\":\"https:\/\/agenciainfra.com\/blog\/#\/schema\/logo\/image\/\"},\"sameAs\":[\"https:\/\/www.facebook.com\/ageninfra\",\"https:\/\/x.com\/agencia_infra\",\"https:\/\/www.linkedin.com\/company\/ag\u00eanciainfra\/\",\"https:\/\/www.instagram.com\/agenciainfra\/\"]},{\"@type\":\"Person\",\"@id\":\"https:\/\/agenciainfra.com\/blog\/#\/schema\/person\/04dbb79bd6d8951f063da71f3e4c1eb1\",\"name\":\"Rodrigo Zuquim\",\"image\":{\"@type\":\"ImageObject\",\"inLanguage\":\"pt-BR\",\"@id\":\"https:\/\/agenciainfra.com\/blog\/#\/schema\/person\/image\/\",\"url\":\"https:\/\/secure.gravatar.com\/avatar\/594abfe82761d620726242ff34ca472a705a4b97f16c790053a6b4c4035274d0?s=96&d=mm&r=g\",\"contentUrl\":\"https:\/\/secure.gravatar.com\/avatar\/594abfe82761d620726242ff34ca472a705a4b97f16c790053a6b4c4035274d0?s=96&d=mm&r=g\",\"caption\":\"Rodrigo Zuquim\"},\"url\":\"https:\/\/agenciainfra.com\/blog\/author\/rodrigo-zuquim\/\"}]}<\/script>\n<!-- \/ Yoast SEO Premium plugin. -->","yoast_head_json":{"title":"Despachos t\u00e9rmicos dever\u00e3o ser menores em 2020, diz diretor-geral do ONS - Ag\u00eancia iNFRA","robots":{"index":"index","follow":"follow","max-snippet":"max-snippet:-1","max-image-preview":"max-image-preview:large","max-video-preview":"max-video-preview:-1"},"canonical":"https:\/\/agenciainfra.com\/blog\/despachos-termicos-deverao-ser-menores-em-2020-diz-diretor-geral-do-ons\/","og_locale":"pt_BR","og_type":"article","og_title":"Despachos t\u00e9rmicos dever\u00e3o ser menores em 2020, diz diretor-geral do ONS","og_description":"Tales Silveira,\u00a0da Ag\u00eancia iNFRA O n\u00famero de despachos t\u00e9rmicos no Brasil em 2020 dever\u00e1 diminuir em rela\u00e7\u00e3o ao ano passado, ao menos no per\u00edodo \u00famido, que vai at\u00e9 abril. Foi isso o que disse o diretor-geral do ONS\u00a0(Operador Nacional do Sistema El\u00e9trico), Luiz\u00a0Barata, em entrevista \u00e0\u00a0Ag\u00eancia iNFRA. \u201cJ\u00e1 podemos at\u00e9 falar em melhora uma vez [&hellip;]","og_url":"https:\/\/agenciainfra.com\/blog\/despachos-termicos-deverao-ser-menores-em-2020-diz-diretor-geral-do-ons\/","og_site_name":"Ag\u00eancia iNFRA","article_publisher":"https:\/\/www.facebook.com\/ageninfra","article_published_time":"2020-01-21T11:00:49+00:00","og_image":[{"width":1280,"height":854,"url":"https:\/\/agenciainfra.com\/blog\/wp-content\/uploads\/2020\/01\/luiz-eduardo-barata-foto-francisco-stuckert-mme.jpg","type":"image\/jpeg"}],"author":"Rodrigo Zuquim","twitter_card":"summary_large_image","twitter_creator":"@agencia_infra","twitter_site":"@agencia_infra","twitter_misc":{"Escrito por":"Rodrigo Zuquim","Est. tempo de leitura":"4 minutos"},"schema":{"@context":"https:\/\/schema.org","@graph":[{"@type":"Article","@id":"https:\/\/agenciainfra.com\/blog\/despachos-termicos-deverao-ser-menores-em-2020-diz-diretor-geral-do-ons\/#article","isPartOf":{"@id":"https:\/\/agenciainfra.com\/blog\/despachos-termicos-deverao-ser-menores-em-2020-diz-diretor-geral-do-ons\/"},"author":{"name":"Rodrigo Zuquim","@id":"https:\/\/agenciainfra.com\/blog\/#\/schema\/person\/04dbb79bd6d8951f063da71f3e4c1eb1"},"headline":"Despachos t\u00e9rmicos dever\u00e3o ser menores em 2020, diz diretor-geral do ONS","datePublished":"2020-01-21T11:00:49+00:00","mainEntityOfPage":{"@id":"https:\/\/agenciainfra.com\/blog\/despachos-termicos-deverao-ser-menores-em-2020-diz-diretor-geral-do-ons\/"},"wordCount":808,"publisher":{"@id":"https:\/\/agenciainfra.com\/blog\/#organization"},"image":{"@id":"https:\/\/agenciainfra.com\/blog\/despachos-termicos-deverao-ser-menores-em-2020-diz-diretor-geral-do-ons\/#primaryimage"},"thumbnailUrl":"https:\/\/agenciainfra.com\/blog\/wp-content\/uploads\/2020\/01\/luiz-eduardo-barata-foto-francisco-stuckert-mme.jpg","keywords":["Luiz Barata","ONS","Operador Nacional do Sistema El\u00e9trico","pre\u00e7o hor\u00e1rio","termel\u00e9tricas"],"articleSection":["iNFRAEnergia"],"inLanguage":"pt-BR","copyrightYear":"2020","copyrightHolder":{"@id":"https:\/\/agenciainfra.com\/blog\/#organization"}},{"@type":"WebPage","@id":"https:\/\/agenciainfra.com\/blog\/despachos-termicos-deverao-ser-menores-em-2020-diz-diretor-geral-do-ons\/","url":"https:\/\/agenciainfra.com\/blog\/despachos-termicos-deverao-ser-menores-em-2020-diz-diretor-geral-do-ons\/","name":"Despachos t\u00e9rmicos dever\u00e3o ser menores em 2020, diz diretor-geral do ONS - Ag\u00eancia iNFRA","isPartOf":{"@id":"https:\/\/agenciainfra.com\/blog\/#website"},"primaryImageOfPage":{"@id":"https:\/\/agenciainfra.com\/blog\/despachos-termicos-deverao-ser-menores-em-2020-diz-diretor-geral-do-ons\/#primaryimage"},"image":{"@id":"https:\/\/agenciainfra.com\/blog\/despachos-termicos-deverao-ser-menores-em-2020-diz-diretor-geral-do-ons\/#primaryimage"},"thumbnailUrl":"https:\/\/agenciainfra.com\/blog\/wp-content\/uploads\/2020\/01\/luiz-eduardo-barata-foto-francisco-stuckert-mme.jpg","datePublished":"2020-01-21T11:00:49+00:00","breadcrumb":{"@id":"https:\/\/agenciainfra.com\/blog\/despachos-termicos-deverao-ser-menores-em-2020-diz-diretor-geral-do-ons\/#breadcrumb"},"inLanguage":"pt-BR","potentialAction":[{"@type":"ReadAction","target":["https:\/\/agenciainfra.com\/blog\/despachos-termicos-deverao-ser-menores-em-2020-diz-diretor-geral-do-ons\/"]}]},{"@type":"ImageObject","inLanguage":"pt-BR","@id":"https:\/\/agenciainfra.com\/blog\/despachos-termicos-deverao-ser-menores-em-2020-diz-diretor-geral-do-ons\/#primaryimage","url":"https:\/\/agenciainfra.com\/blog\/wp-content\/uploads\/2020\/01\/luiz-eduardo-barata-foto-francisco-stuckert-mme.jpg","contentUrl":"https:\/\/agenciainfra.com\/blog\/wp-content\/uploads\/2020\/01\/luiz-eduardo-barata-foto-francisco-stuckert-mme.jpg","width":1280,"height":854},{"@type":"BreadcrumbList","@id":"https:\/\/agenciainfra.com\/blog\/despachos-termicos-deverao-ser-menores-em-2020-diz-diretor-geral-do-ons\/#breadcrumb","itemListElement":[{"@type":"ListItem","position":1,"name":"In\u00edcio","item":"https:\/\/agenciainfra.com\/blog\/"},{"@type":"ListItem","position":2,"name":"Despachos t\u00e9rmicos dever\u00e3o ser menores em 2020, diz diretor-geral do ONS"}]},{"@type":"WebSite","@id":"https:\/\/agenciainfra.com\/blog\/#website","url":"https:\/\/agenciainfra.com\/blog\/","name":"Ag\u00eancia iNFRA","description":"Multiplataforma de informa\u00e7\u00e3o jornal\u00edstica refer\u00eancia na \u00e1rea de infraestrutura no Brasil!","publisher":{"@id":"https:\/\/agenciainfra.com\/blog\/#organization"},"potentialAction":[{"@type":"SearchAction","target":{"@type":"EntryPoint","urlTemplate":"https:\/\/agenciainfra.com\/blog\/?s={search_term_string}"},"query-input":{"@type":"PropertyValueSpecification","valueRequired":true,"valueName":"search_term_string"}}],"inLanguage":"pt-BR"},{"@type":"Organization","@id":"https:\/\/agenciainfra.com\/blog\/#organization","name":"Ag\u00eancia iNFRA","url":"https:\/\/agenciainfra.com\/blog\/","logo":{"@type":"ImageObject","inLanguage":"pt-BR","@id":"https:\/\/agenciainfra.com\/blog\/#\/schema\/logo\/image\/","url":"https:\/\/agenciainfra.com\/blog\/wp-content\/uploads\/2023\/09\/iNFRA_5-e1761735885940.png","contentUrl":"https:\/\/agenciainfra.com\/blog\/wp-content\/uploads\/2023\/09\/iNFRA_5-e1761735885940.png","width":1672,"height":454,"caption":"Ag\u00eancia iNFRA"},"image":{"@id":"https:\/\/agenciainfra.com\/blog\/#\/schema\/logo\/image\/"},"sameAs":["https:\/\/www.facebook.com\/ageninfra","https:\/\/x.com\/agencia_infra","https:\/\/www.linkedin.com\/company\/ag\u00eanciainfra\/","https:\/\/www.instagram.com\/agenciainfra\/"]},{"@type":"Person","@id":"https:\/\/agenciainfra.com\/blog\/#\/schema\/person\/04dbb79bd6d8951f063da71f3e4c1eb1","name":"Rodrigo Zuquim","image":{"@type":"ImageObject","inLanguage":"pt-BR","@id":"https:\/\/agenciainfra.com\/blog\/#\/schema\/person\/image\/","url":"https:\/\/secure.gravatar.com\/avatar\/594abfe82761d620726242ff34ca472a705a4b97f16c790053a6b4c4035274d0?s=96&d=mm&r=g","contentUrl":"https:\/\/secure.gravatar.com\/avatar\/594abfe82761d620726242ff34ca472a705a4b97f16c790053a6b4c4035274d0?s=96&d=mm&r=g","caption":"Rodrigo Zuquim"},"url":"https:\/\/agenciainfra.com\/blog\/author\/rodrigo-zuquim\/"}]}},"_links":{"self":[{"href":"https:\/\/agenciainfra.com\/blog\/wp-json\/wp\/v2\/posts\/4271","targetHints":{"allow":["GET"]}}],"collection":[{"href":"https:\/\/agenciainfra.com\/blog\/wp-json\/wp\/v2\/posts"}],"about":[{"href":"https:\/\/agenciainfra.com\/blog\/wp-json\/wp\/v2\/types\/post"}],"author":[{"embeddable":true,"href":"https:\/\/agenciainfra.com\/blog\/wp-json\/wp\/v2\/users\/9"}],"replies":[{"embeddable":true,"href":"https:\/\/agenciainfra.com\/blog\/wp-json\/wp\/v2\/comments?post=4271"}],"version-history":[{"count":0,"href":"https:\/\/agenciainfra.com\/blog\/wp-json\/wp\/v2\/posts\/4271\/revisions"}],"wp:featuredmedia":[{"embeddable":true,"href":"https:\/\/agenciainfra.com\/blog\/wp-json\/wp\/v2\/media\/4272"}],"wp:attachment":[{"href":"https:\/\/agenciainfra.com\/blog\/wp-json\/wp\/v2\/media?parent=4271"}],"wp:term":[{"taxonomy":"category","embeddable":true,"href":"https:\/\/agenciainfra.com\/blog\/wp-json\/wp\/v2\/categories?post=4271"},{"taxonomy":"post_tag","embeddable":true,"href":"https:\/\/agenciainfra.com\/blog\/wp-json\/wp\/v2\/tags?post=4271"}],"curies":[{"name":"wp","href":"https:\/\/api.w.org\/{rel}","templated":true}]}}