{"id":4289,"date":"2020-01-24T08:00:06","date_gmt":"2020-01-24T11:00:06","guid":{"rendered":"http:\/\/www.agenciainfra.com\/blog\/?p=4289"},"modified":"2020-01-23T10:33:59","modified_gmt":"2020-01-23T13:33:59","slug":"r-32-bi-em-equipamentos-de-transmissao-podem-ter-que-ser-substituidos-ate-2023-diz-abrate","status":"publish","type":"post","link":"https:\/\/agenciainfra.com\/blog\/r-32-bi-em-equipamentos-de-transmissao-podem-ter-que-ser-substituidos-ate-2023-diz-abrate\/","title":{"rendered":"R$ 32 bi em equipamentos de transmiss\u00e3o podem ter que ser substitu\u00eddos at\u00e9 2023, diz Abrate"},"content":{"rendered":"<h5 style=\"text-align: right;\"><strong>Lucas Santin, da Ag\u00eancia iNFRA<\/strong><\/h5>\n<p dir=\"ltr\">Cerca de R$ 32 bilh\u00f5es em equipamentos de transmiss\u00e3o de energia poder\u00e3o ter que ser substitu\u00eddos at\u00e9 2023, disse o presidente da Abrate (Associa\u00e7\u00e3o Brasileira de Empresas de Transmiss\u00e3o de Energia El\u00e9trica), M\u00e1rio Miranda, em entrevista \u00e0\u00a0<strong>Ag\u00eancia iNFRA<\/strong>.<\/p>\n<p>De acordo com o executivo, a vida regulat\u00f3ria dos equipamentos \u00e9 de 30 anos, mas n\u00e3o existem incentivos econ\u00f4micos para que os ativos durem mais que este per\u00edodo.<\/p>\n<p>Miranda comemora o sucesso dos leil\u00f5es de transmiss\u00e3o e afirma que o ambiente legal desse tipo de investimento \u00e9 seguro, apesar da rentabilidade menor que outros segmentos da cadeia energ\u00e9tica.<\/p>\n<p>Sobre a discuss\u00e3o a respeito do pagamento pelo uso do fio, que veio \u00e0 tona com os subs\u00eddios dados \u00e0\u00a0gera\u00e7\u00e3o distribu\u00edda, Miranda diz que na transmiss\u00e3o \u00e9 diferente da distribui\u00e7\u00e3o:\u00a0n\u00e3o existe o pagamento pelo \u201cped\u00e1gio\u201d (quantidade de energia), mas sim pela disponibilidade da infraestrutura, independente do volume de transporte. Leia a seguir os principais trechos da entrevista:<\/p>\n<p><strong>Ag\u00eancia iNFRA &#8211; Em 2019 houve apenas um leil\u00e3o de transmiss\u00e3o, em vez de dois, como \u00e9 usualmente, e com des\u00e1gio recorde. Os que os investidores acharam?<\/strong><br \/>\nM\u00e1rio Miranda &#8211; Sim, em 2019 foi somente um, mas foi de pleno sucesso. Esse sucesso que tem atra\u00eddo bastante os investidores, porque as regras s\u00e3o claras, o ambiente legal regulat\u00f3rio \u00e9 bem assimilado por todos.<\/p>\n<p>A programa\u00e7\u00e3o normal \u00e9 sim de dois leil\u00f5es. Normalmente, o primeiro \u00e9 entre abril e junho, e depois outro de novembro para dezembro. Esse \u00e9 o normal. Mas em 2019 teve um s\u00f3 e n\u00e3o houve problema. E uma portaria do minist\u00e9rio j\u00e1 deu uma previsibilidade, lan\u00e7ou com tr\u00eas, quatro anos na frente qual \u00e9 a previs\u00e3o de programa\u00e7\u00e3o de leil\u00f5es para os pr\u00f3ximos anos. Ou seja, o investidor j\u00e1 olha com anteced\u00eancia quais s\u00e3o os lotes de interesse.<\/p>\n<p><strong>Os investimentos em transmiss\u00e3o est\u00e3o maiores do que os em gera\u00e7\u00e3o e distribui\u00e7\u00e3o, comparativamente? H\u00e1 um maior apetite do investidor por esse segmento?<\/strong><br \/>\n\u00c9 bom lembrar que a rentabilidade da transmiss\u00e3o \u00e9 mais baixa se comparada com outras modalidades de servi\u00e7os p\u00fablicos. \u00c9, como a gente sempre fala, uma renda fixa. \u00c9 um valor menor, mas ele \u00e9 garantido, \u00e9 assegurado e \u00e9 previs\u00edvel.<\/p>\n<p>Por outro lado, como a economia est\u00e1 andando de lado desde 2014, ent\u00e3o todo o ambiente n\u00e3o est\u00e1 crescendo. N\u00e3o cresce a distribui\u00e7\u00e3o, e n\u00e3o temos grande expans\u00e3o da gera\u00e7\u00e3o, porque tamb\u00e9m n\u00e3o cresce a carga (consumo), e muitos migraram para o ambiente de contrata\u00e7\u00e3o livre. Ent\u00e3o, todo o recurso que est\u00e1 dispon\u00edvel est\u00e1 sendo carreado para a transmiss\u00e3o.<\/p>\n<p>Em condi\u00e7\u00f5es normais, a transmiss\u00e3o equivale a 4% de toda a fatia de receita dessa pizza: gera\u00e7\u00e3o, transmiss\u00e3o e distribui\u00e7\u00e3o. Ali\u00e1s, a metade \u00e9 do governo, viu? S\u00e3o encargos e tributos, impostos.<\/p>\n<p><strong>Nessa discuss\u00e3o sobre gera\u00e7\u00e3o distribu\u00edda, como o senhor enxerga o pagamento pelo fio no Brasil?<\/strong><br \/>\nNa transmiss\u00e3o \u00e9 diferente da distribui\u00e7\u00e3o. S\u00e3o dois ambientes diferentes. Como \u00e9 que funciona? Na transmiss\u00e3o, o concession\u00e1rio vence um leil\u00e3o reverso, quem der o menor valor da receita vence o leil\u00e3o.<\/p>\n<p>A partir da\u00ed, ele faz a obra p\u00fablica, dentro do prazo, e tem direito a ganhar sua receita. Quem \u00e9 que paga esse dinheiro? 50% s\u00e3o os agentes de gera\u00e7\u00e3o e 50% os agentes consumidores, de distribui\u00e7\u00e3o.<\/p>\n<p>N\u00f3s n\u00e3o sabemos qual \u00e9 a movimenta\u00e7\u00e3o de energia que est\u00e1 passando por cada linha e n\u00e3o recebemos como se fosse um ped\u00e1gio, mas ganhamos pela disponibilidade. A gente disponibiliza o equipamento.<\/p>\n<p><strong>H\u00e1 equipamentos de transmiss\u00e3o com vida \u00fatil perto do fim. Qual o custo e o que pode ser feito quanto a isso?<\/strong><br \/>\nA ANEEL [Ag\u00eancia Nacional de Energia El\u00e9trica] fixou que, de uma maneira geral, o transformador tem uma vida regulat\u00f3ria de aproximadamente 30 anos.\u00a0Ent\u00e3o, isso j\u00e1 tem sido normalmente substitu\u00eddo. O que n\u00f3s estamos levando agora \u00e9 que, devido \u00e0 famosa medida provis\u00f3ria 579, convertida na Lei 12.783, as empresas ficaram com o m\u00ednimo de recurso para investir na presta\u00e7\u00e3o de servi\u00e7o. Ent\u00e3o, muitos equipamentos que deveriam ter sido substitu\u00eddos foram sendo empurrados. \u00c9 isso que aconteceu.<\/p>\n<p>E os contratos de concess\u00e3o da transmiss\u00e3o feitos l\u00e1 em 1995, depois repactuados, v\u00e3o encerrar em 2024. Muitos ativos v\u00e3o durar mais do que isso e alguns j\u00e1 duraram bem menos que isso. Por exemplo, n\u00f3s estamos sendo obrigados a substituir 1.200 transformadores de corrente, porque eles apresentaram falhas, e est\u00e3o explodindo ao longo do sistema. Ent\u00e3o, tomou-se a decis\u00e3o.<\/p>\n<p>Isso \u00e9 o risco do neg\u00f3cio. E neste caso, a transmissora, quando a vida f\u00edsica \u00e9 anterior \u00e0 regulat\u00f3ria, \u00e9 preju\u00edzo da transmissora. Quando a vida do ativo \u00e9 maior do que a regulat\u00f3ria, n\u00e3o tem nenhum incentivo para permanecer com esses equipamentos. \u00c9 isso que n\u00f3s estamos apresentando \u00e0 ANEEL, ao Minist\u00e9rio de Minas e Energia. Uma solu\u00e7\u00e3o de equil\u00edbrio para os dois lados: para o consumidor e para a concession\u00e1ria de transmiss\u00e3o.<\/p>\n<p><strong>Qual o valor total de ativos que precisam de substitui\u00e7\u00e3o?<\/strong><br \/>\nNeste caso espec\u00edfico da sua pergunta, at\u00e9 2023, n\u00f3s estamos trabalhando na ordem de R$ 32 bilh\u00f5es de potencial a ser substitu\u00eddo. N\u00e3o quer dizer que ser\u00e3o todos substitu\u00eddos nessa data, mas \u00e9 o potencial que, a partir da\u00ed, j\u00e1 venceu a vida regulat\u00f3ria.<\/p>\n<p><strong>Como est\u00e3o as expectativas quanto \u00e0 linha de transmiss\u00e3o para Roraima?<\/strong><br \/>\nA expectativa nossa \u00e9 que ela saia dentro das regras convencionadas. Ou seja, a linha \u00e9 de Manaus at\u00e9 Boa Vista. L\u00e1, dentro da terra ind\u00edgena, j\u00e1 passa a rodovia, j\u00e1 tem a usina hidrel\u00e9trica Balbina, j\u00e1 tem a usina hidrel\u00e9trica Pitinga e tem a mineradora da Paranapanema. E eles recebem royalties por isso e convivem muito bem nesse ambiente. Isso n\u00e3o afeta, no meu ver, a conviv\u00eancia deles e a aceita\u00e7\u00e3o, j\u00e1 que a linha passar\u00e1 ao longo da estrada.<\/p>\n<p>Agora, o que n\u00e3o pode \u00e9 a popula\u00e7\u00e3o de Roraima ficar submetida e ref\u00e9m de uma quest\u00e3o como essa. A gente quer uma solu\u00e7\u00e3o r\u00e1pida, mas que seja uma solu\u00e7\u00e3o dentro das regras.<\/p>\n<p><strong>E em rela\u00e7\u00e3o aos projetos de lei do Congresso Nacional sobre a moderniza\u00e7\u00e3o do setor, o que o senhor espera?<\/strong><br \/>\nAli afeta mais ao ambiente de comercializa\u00e7\u00e3o de energia, de dar mais liberdade aos consumidores. No caso da moderniza\u00e7\u00e3o, n\u00f3s temos um ou outro ponto que a gente luta, mas a maioria dos nossos debates, a gente conduz no Minist\u00e9rio de Minas e Energia e na ANEEL. Poderia a maioria ser resolvida infralegalmente. A gente est\u00e1 num ambiente bastante polido, viu? \u00c9 claro que sempre pode dar uma melhorada. Mas n\u00e3o temos grandes transforma\u00e7\u00f5es, grandes mudan\u00e7as que a gente tem lutado por elas, n\u00e3o.<\/p>\n<p><strong>Quais mudan\u00e7as s\u00e3o importantes para voc\u00eas?<\/strong><br \/>\nEu vou dar um exemplo: as transmissoras, elas s\u00e3o fi\u00e9is arrecadadoras dos consumidores livres da rede b\u00e1sica, as grandes ind\u00fastrias, da conta CDE. N\u00e3o tem razoabilidade de n\u00f3s fazermos isso.\u00a0 Por que a transmissora precisa cobrar do consumidor industrial, para repassar o dinheiro que n\u00e3o \u00e9 nosso, de um assunto que n\u00e3o \u00e9 nosso?<\/p>\n","protected":false},"excerpt":{"rendered":"<p>Lucas Santin, da Ag\u00eancia iNFRA Cerca de R$ 32 bilh\u00f5es em equipamentos de transmiss\u00e3o de energia poder\u00e3o ter que ser substitu\u00eddos at\u00e9 2023, disse o presidente da Abrate (Associa\u00e7\u00e3o Brasileira de Empresas de Transmiss\u00e3o de Energia El\u00e9trica), M\u00e1rio Miranda, em entrevista \u00e0\u00a0Ag\u00eancia iNFRA. De acordo com o executivo, a vida regulat\u00f3ria dos equipamentos \u00e9 de [&hellip;]<\/p>\n","protected":false},"author":9,"featured_media":4290,"comment_status":"closed","ping_status":"closed","sticky":false,"template":"","format":"standard","meta":{"_monsterinsights_skip_tracking":false,"_monsterinsights_sitenote_active":false,"_monsterinsights_sitenote_note":"","_monsterinsights_sitenote_category":0,"footnotes":""},"categories":[10],"tags":[576,1630,850,1631,634,575],"class_list":["post-4289","post","type-post","status-publish","format-standard","has-post-thumbnail","hentry","category-infraenergia","tag-abrate","tag-associacao-brasileira-de-empresas-de-transmissao-de-energia-eletrica","tag-geracao-distribuida","tag-mario-miranda","tag-roraima","tag-transmissao-de-energia"],"yoast_head":"<!-- This site is optimized with the Yoast SEO Premium plugin v25.4 (Yoast SEO v26.0) - https:\/\/yoast.com\/wordpress\/plugins\/seo\/ -->\n<title>R$ 32 bi em equipamentos de transmiss\u00e3o podem ter que ser substitu\u00eddos at\u00e9 2023, diz Abrate - Ag\u00eancia iNFRA<\/title>\n<meta name=\"robots\" content=\"index, follow, max-snippet:-1, max-image-preview:large, max-video-preview:-1\" \/>\n<link rel=\"canonical\" href=\"https:\/\/agenciainfra.com\/blog\/r-32-bi-em-equipamentos-de-transmissao-podem-ter-que-ser-substituidos-ate-2023-diz-abrate\/\" \/>\n<meta property=\"og:locale\" content=\"pt_BR\" \/>\n<meta property=\"og:type\" content=\"article\" \/>\n<meta property=\"og:title\" content=\"R$ 32 bi em equipamentos de transmiss\u00e3o podem ter que ser substitu\u00eddos at\u00e9 2023, diz Abrate\" \/>\n<meta property=\"og:description\" content=\"Lucas Santin, da Ag\u00eancia iNFRA Cerca de R$ 32 bilh\u00f5es em equipamentos de transmiss\u00e3o de energia poder\u00e3o ter que ser substitu\u00eddos at\u00e9 2023, disse o presidente da Abrate (Associa\u00e7\u00e3o Brasileira de Empresas de Transmiss\u00e3o de Energia El\u00e9trica), M\u00e1rio Miranda, em entrevista \u00e0\u00a0Ag\u00eancia iNFRA. De acordo com o executivo, a vida regulat\u00f3ria dos equipamentos \u00e9 de [&hellip;]\" \/>\n<meta property=\"og:url\" content=\"https:\/\/agenciainfra.com\/blog\/r-32-bi-em-equipamentos-de-transmissao-podem-ter-que-ser-substituidos-ate-2023-diz-abrate\/\" \/>\n<meta property=\"og:site_name\" content=\"Ag\u00eancia iNFRA\" \/>\n<meta property=\"article:publisher\" content=\"https:\/\/www.facebook.com\/ageninfra\" \/>\n<meta property=\"article:published_time\" content=\"2020-01-24T11:00:06+00:00\" \/>\n<meta property=\"og:image\" content=\"https:\/\/agenciainfra.com\/blog\/wp-content\/uploads\/2020\/01\/mario-miranda-abrate-foto-saulo-cruz-mme.jpg\" \/>\n\t<meta property=\"og:image:width\" content=\"1280\" \/>\n\t<meta property=\"og:image:height\" content=\"853\" \/>\n\t<meta property=\"og:image:type\" content=\"image\/jpeg\" \/>\n<meta name=\"author\" content=\"Rodrigo Zuquim\" \/>\n<meta name=\"twitter:card\" content=\"summary_large_image\" \/>\n<meta name=\"twitter:creator\" content=\"@agencia_infra\" \/>\n<meta name=\"twitter:site\" content=\"@agencia_infra\" \/>\n<meta name=\"twitter:label1\" content=\"Escrito por\" \/>\n\t<meta name=\"twitter:data1\" content=\"Rodrigo Zuquim\" \/>\n\t<meta name=\"twitter:label2\" content=\"Est. tempo de leitura\" \/>\n\t<meta name=\"twitter:data2\" content=\"6 minutos\" \/>\n<script type=\"application\/ld+json\" class=\"yoast-schema-graph\">{\"@context\":\"https:\/\/schema.org\",\"@graph\":[{\"@type\":\"Article\",\"@id\":\"https:\/\/agenciainfra.com\/blog\/r-32-bi-em-equipamentos-de-transmissao-podem-ter-que-ser-substituidos-ate-2023-diz-abrate\/#article\",\"isPartOf\":{\"@id\":\"https:\/\/agenciainfra.com\/blog\/r-32-bi-em-equipamentos-de-transmissao-podem-ter-que-ser-substituidos-ate-2023-diz-abrate\/\"},\"author\":{\"name\":\"Rodrigo Zuquim\",\"@id\":\"https:\/\/agenciainfra.com\/blog\/#\/schema\/person\/04dbb79bd6d8951f063da71f3e4c1eb1\"},\"headline\":\"R$ 32 bi em equipamentos de transmiss\u00e3o podem ter que ser substitu\u00eddos at\u00e9 2023, diz Abrate\",\"datePublished\":\"2020-01-24T11:00:06+00:00\",\"mainEntityOfPage\":{\"@id\":\"https:\/\/agenciainfra.com\/blog\/r-32-bi-em-equipamentos-de-transmissao-podem-ter-que-ser-substituidos-ate-2023-diz-abrate\/\"},\"wordCount\":1276,\"publisher\":{\"@id\":\"https:\/\/agenciainfra.com\/blog\/#organization\"},\"image\":{\"@id\":\"https:\/\/agenciainfra.com\/blog\/r-32-bi-em-equipamentos-de-transmissao-podem-ter-que-ser-substituidos-ate-2023-diz-abrate\/#primaryimage\"},\"thumbnailUrl\":\"https:\/\/agenciainfra.com\/blog\/wp-content\/uploads\/2020\/01\/mario-miranda-abrate-foto-saulo-cruz-mme.jpg\",\"keywords\":[\"Abrate\",\"Associa\u00e7\u00e3o Brasileira de Empresas de Transmiss\u00e3o de Energia El\u00e9trica\",\"gera\u00e7\u00e3o distribu\u00edda\",\"M\u00e1rio Miranda\",\"Roraima\",\"transmiss\u00e3o de energia\"],\"articleSection\":[\"iNFRAEnergia\"],\"inLanguage\":\"pt-BR\",\"copyrightYear\":\"2020\",\"copyrightHolder\":{\"@id\":\"https:\/\/agenciainfra.com\/blog\/#organization\"}},{\"@type\":\"WebPage\",\"@id\":\"https:\/\/agenciainfra.com\/blog\/r-32-bi-em-equipamentos-de-transmissao-podem-ter-que-ser-substituidos-ate-2023-diz-abrate\/\",\"url\":\"https:\/\/agenciainfra.com\/blog\/r-32-bi-em-equipamentos-de-transmissao-podem-ter-que-ser-substituidos-ate-2023-diz-abrate\/\",\"name\":\"R$ 32 bi em equipamentos de transmiss\u00e3o podem ter que ser substitu\u00eddos at\u00e9 2023, diz Abrate - Ag\u00eancia iNFRA\",\"isPartOf\":{\"@id\":\"https:\/\/agenciainfra.com\/blog\/#website\"},\"primaryImageOfPage\":{\"@id\":\"https:\/\/agenciainfra.com\/blog\/r-32-bi-em-equipamentos-de-transmissao-podem-ter-que-ser-substituidos-ate-2023-diz-abrate\/#primaryimage\"},\"image\":{\"@id\":\"https:\/\/agenciainfra.com\/blog\/r-32-bi-em-equipamentos-de-transmissao-podem-ter-que-ser-substituidos-ate-2023-diz-abrate\/#primaryimage\"},\"thumbnailUrl\":\"https:\/\/agenciainfra.com\/blog\/wp-content\/uploads\/2020\/01\/mario-miranda-abrate-foto-saulo-cruz-mme.jpg\",\"datePublished\":\"2020-01-24T11:00:06+00:00\",\"breadcrumb\":{\"@id\":\"https:\/\/agenciainfra.com\/blog\/r-32-bi-em-equipamentos-de-transmissao-podem-ter-que-ser-substituidos-ate-2023-diz-abrate\/#breadcrumb\"},\"inLanguage\":\"pt-BR\",\"potentialAction\":[{\"@type\":\"ReadAction\",\"target\":[\"https:\/\/agenciainfra.com\/blog\/r-32-bi-em-equipamentos-de-transmissao-podem-ter-que-ser-substituidos-ate-2023-diz-abrate\/\"]}]},{\"@type\":\"ImageObject\",\"inLanguage\":\"pt-BR\",\"@id\":\"https:\/\/agenciainfra.com\/blog\/r-32-bi-em-equipamentos-de-transmissao-podem-ter-que-ser-substituidos-ate-2023-diz-abrate\/#primaryimage\",\"url\":\"https:\/\/agenciainfra.com\/blog\/wp-content\/uploads\/2020\/01\/mario-miranda-abrate-foto-saulo-cruz-mme.jpg\",\"contentUrl\":\"https:\/\/agenciainfra.com\/blog\/wp-content\/uploads\/2020\/01\/mario-miranda-abrate-foto-saulo-cruz-mme.jpg\",\"width\":1280,\"height\":853},{\"@type\":\"BreadcrumbList\",\"@id\":\"https:\/\/agenciainfra.com\/blog\/r-32-bi-em-equipamentos-de-transmissao-podem-ter-que-ser-substituidos-ate-2023-diz-abrate\/#breadcrumb\",\"itemListElement\":[{\"@type\":\"ListItem\",\"position\":1,\"name\":\"In\u00edcio\",\"item\":\"https:\/\/agenciainfra.com\/blog\/\"},{\"@type\":\"ListItem\",\"position\":2,\"name\":\"R$ 32 bi em equipamentos de transmiss\u00e3o podem ter que ser substitu\u00eddos at\u00e9 2023, diz Abrate\"}]},{\"@type\":\"WebSite\",\"@id\":\"https:\/\/agenciainfra.com\/blog\/#website\",\"url\":\"https:\/\/agenciainfra.com\/blog\/\",\"name\":\"Ag\u00eancia iNFRA\",\"description\":\"Multiplataforma de informa\u00e7\u00e3o jornal\u00edstica refer\u00eancia na \u00e1rea de infraestrutura no Brasil!\",\"publisher\":{\"@id\":\"https:\/\/agenciainfra.com\/blog\/#organization\"},\"potentialAction\":[{\"@type\":\"SearchAction\",\"target\":{\"@type\":\"EntryPoint\",\"urlTemplate\":\"https:\/\/agenciainfra.com\/blog\/?s={search_term_string}\"},\"query-input\":{\"@type\":\"PropertyValueSpecification\",\"valueRequired\":true,\"valueName\":\"search_term_string\"}}],\"inLanguage\":\"pt-BR\"},{\"@type\":\"Organization\",\"@id\":\"https:\/\/agenciainfra.com\/blog\/#organization\",\"name\":\"Ag\u00eancia iNFRA\",\"url\":\"https:\/\/agenciainfra.com\/blog\/\",\"logo\":{\"@type\":\"ImageObject\",\"inLanguage\":\"pt-BR\",\"@id\":\"https:\/\/agenciainfra.com\/blog\/#\/schema\/logo\/image\/\",\"url\":\"https:\/\/agenciainfra.com\/blog\/wp-content\/uploads\/2023\/09\/iNFRA_5-e1761735885940.png\",\"contentUrl\":\"https:\/\/agenciainfra.com\/blog\/wp-content\/uploads\/2023\/09\/iNFRA_5-e1761735885940.png\",\"width\":1672,\"height\":454,\"caption\":\"Ag\u00eancia iNFRA\"},\"image\":{\"@id\":\"https:\/\/agenciainfra.com\/blog\/#\/schema\/logo\/image\/\"},\"sameAs\":[\"https:\/\/www.facebook.com\/ageninfra\",\"https:\/\/x.com\/agencia_infra\",\"https:\/\/www.linkedin.com\/company\/ag\u00eanciainfra\/\",\"https:\/\/www.instagram.com\/agenciainfra\/\"]},{\"@type\":\"Person\",\"@id\":\"https:\/\/agenciainfra.com\/blog\/#\/schema\/person\/04dbb79bd6d8951f063da71f3e4c1eb1\",\"name\":\"Rodrigo Zuquim\",\"image\":{\"@type\":\"ImageObject\",\"inLanguage\":\"pt-BR\",\"@id\":\"https:\/\/agenciainfra.com\/blog\/#\/schema\/person\/image\/\",\"url\":\"https:\/\/secure.gravatar.com\/avatar\/594abfe82761d620726242ff34ca472a705a4b97f16c790053a6b4c4035274d0?s=96&d=mm&r=g\",\"contentUrl\":\"https:\/\/secure.gravatar.com\/avatar\/594abfe82761d620726242ff34ca472a705a4b97f16c790053a6b4c4035274d0?s=96&d=mm&r=g\",\"caption\":\"Rodrigo Zuquim\"},\"url\":\"https:\/\/agenciainfra.com\/blog\/author\/rodrigo-zuquim\/\"}]}<\/script>\n<!-- \/ Yoast SEO Premium plugin. -->","yoast_head_json":{"title":"R$ 32 bi em equipamentos de transmiss\u00e3o podem ter que ser substitu\u00eddos at\u00e9 2023, diz Abrate - Ag\u00eancia iNFRA","robots":{"index":"index","follow":"follow","max-snippet":"max-snippet:-1","max-image-preview":"max-image-preview:large","max-video-preview":"max-video-preview:-1"},"canonical":"https:\/\/agenciainfra.com\/blog\/r-32-bi-em-equipamentos-de-transmissao-podem-ter-que-ser-substituidos-ate-2023-diz-abrate\/","og_locale":"pt_BR","og_type":"article","og_title":"R$ 32 bi em equipamentos de transmiss\u00e3o podem ter que ser substitu\u00eddos at\u00e9 2023, diz Abrate","og_description":"Lucas Santin, da Ag\u00eancia iNFRA Cerca de R$ 32 bilh\u00f5es em equipamentos de transmiss\u00e3o de energia poder\u00e3o ter que ser substitu\u00eddos at\u00e9 2023, disse o presidente da Abrate (Associa\u00e7\u00e3o Brasileira de Empresas de Transmiss\u00e3o de Energia El\u00e9trica), M\u00e1rio Miranda, em entrevista \u00e0\u00a0Ag\u00eancia iNFRA. De acordo com o executivo, a vida regulat\u00f3ria dos equipamentos \u00e9 de [&hellip;]","og_url":"https:\/\/agenciainfra.com\/blog\/r-32-bi-em-equipamentos-de-transmissao-podem-ter-que-ser-substituidos-ate-2023-diz-abrate\/","og_site_name":"Ag\u00eancia iNFRA","article_publisher":"https:\/\/www.facebook.com\/ageninfra","article_published_time":"2020-01-24T11:00:06+00:00","og_image":[{"width":1280,"height":853,"url":"https:\/\/agenciainfra.com\/blog\/wp-content\/uploads\/2020\/01\/mario-miranda-abrate-foto-saulo-cruz-mme.jpg","type":"image\/jpeg"}],"author":"Rodrigo Zuquim","twitter_card":"summary_large_image","twitter_creator":"@agencia_infra","twitter_site":"@agencia_infra","twitter_misc":{"Escrito por":"Rodrigo Zuquim","Est. tempo de leitura":"6 minutos"},"schema":{"@context":"https:\/\/schema.org","@graph":[{"@type":"Article","@id":"https:\/\/agenciainfra.com\/blog\/r-32-bi-em-equipamentos-de-transmissao-podem-ter-que-ser-substituidos-ate-2023-diz-abrate\/#article","isPartOf":{"@id":"https:\/\/agenciainfra.com\/blog\/r-32-bi-em-equipamentos-de-transmissao-podem-ter-que-ser-substituidos-ate-2023-diz-abrate\/"},"author":{"name":"Rodrigo Zuquim","@id":"https:\/\/agenciainfra.com\/blog\/#\/schema\/person\/04dbb79bd6d8951f063da71f3e4c1eb1"},"headline":"R$ 32 bi em equipamentos de transmiss\u00e3o podem ter que ser substitu\u00eddos at\u00e9 2023, diz Abrate","datePublished":"2020-01-24T11:00:06+00:00","mainEntityOfPage":{"@id":"https:\/\/agenciainfra.com\/blog\/r-32-bi-em-equipamentos-de-transmissao-podem-ter-que-ser-substituidos-ate-2023-diz-abrate\/"},"wordCount":1276,"publisher":{"@id":"https:\/\/agenciainfra.com\/blog\/#organization"},"image":{"@id":"https:\/\/agenciainfra.com\/blog\/r-32-bi-em-equipamentos-de-transmissao-podem-ter-que-ser-substituidos-ate-2023-diz-abrate\/#primaryimage"},"thumbnailUrl":"https:\/\/agenciainfra.com\/blog\/wp-content\/uploads\/2020\/01\/mario-miranda-abrate-foto-saulo-cruz-mme.jpg","keywords":["Abrate","Associa\u00e7\u00e3o Brasileira de Empresas de Transmiss\u00e3o de Energia El\u00e9trica","gera\u00e7\u00e3o distribu\u00edda","M\u00e1rio Miranda","Roraima","transmiss\u00e3o de energia"],"articleSection":["iNFRAEnergia"],"inLanguage":"pt-BR","copyrightYear":"2020","copyrightHolder":{"@id":"https:\/\/agenciainfra.com\/blog\/#organization"}},{"@type":"WebPage","@id":"https:\/\/agenciainfra.com\/blog\/r-32-bi-em-equipamentos-de-transmissao-podem-ter-que-ser-substituidos-ate-2023-diz-abrate\/","url":"https:\/\/agenciainfra.com\/blog\/r-32-bi-em-equipamentos-de-transmissao-podem-ter-que-ser-substituidos-ate-2023-diz-abrate\/","name":"R$ 32 bi em equipamentos de transmiss\u00e3o podem ter que ser substitu\u00eddos at\u00e9 2023, diz Abrate - Ag\u00eancia iNFRA","isPartOf":{"@id":"https:\/\/agenciainfra.com\/blog\/#website"},"primaryImageOfPage":{"@id":"https:\/\/agenciainfra.com\/blog\/r-32-bi-em-equipamentos-de-transmissao-podem-ter-que-ser-substituidos-ate-2023-diz-abrate\/#primaryimage"},"image":{"@id":"https:\/\/agenciainfra.com\/blog\/r-32-bi-em-equipamentos-de-transmissao-podem-ter-que-ser-substituidos-ate-2023-diz-abrate\/#primaryimage"},"thumbnailUrl":"https:\/\/agenciainfra.com\/blog\/wp-content\/uploads\/2020\/01\/mario-miranda-abrate-foto-saulo-cruz-mme.jpg","datePublished":"2020-01-24T11:00:06+00:00","breadcrumb":{"@id":"https:\/\/agenciainfra.com\/blog\/r-32-bi-em-equipamentos-de-transmissao-podem-ter-que-ser-substituidos-ate-2023-diz-abrate\/#breadcrumb"},"inLanguage":"pt-BR","potentialAction":[{"@type":"ReadAction","target":["https:\/\/agenciainfra.com\/blog\/r-32-bi-em-equipamentos-de-transmissao-podem-ter-que-ser-substituidos-ate-2023-diz-abrate\/"]}]},{"@type":"ImageObject","inLanguage":"pt-BR","@id":"https:\/\/agenciainfra.com\/blog\/r-32-bi-em-equipamentos-de-transmissao-podem-ter-que-ser-substituidos-ate-2023-diz-abrate\/#primaryimage","url":"https:\/\/agenciainfra.com\/blog\/wp-content\/uploads\/2020\/01\/mario-miranda-abrate-foto-saulo-cruz-mme.jpg","contentUrl":"https:\/\/agenciainfra.com\/blog\/wp-content\/uploads\/2020\/01\/mario-miranda-abrate-foto-saulo-cruz-mme.jpg","width":1280,"height":853},{"@type":"BreadcrumbList","@id":"https:\/\/agenciainfra.com\/blog\/r-32-bi-em-equipamentos-de-transmissao-podem-ter-que-ser-substituidos-ate-2023-diz-abrate\/#breadcrumb","itemListElement":[{"@type":"ListItem","position":1,"name":"In\u00edcio","item":"https:\/\/agenciainfra.com\/blog\/"},{"@type":"ListItem","position":2,"name":"R$ 32 bi em equipamentos de transmiss\u00e3o podem ter que ser substitu\u00eddos at\u00e9 2023, diz Abrate"}]},{"@type":"WebSite","@id":"https:\/\/agenciainfra.com\/blog\/#website","url":"https:\/\/agenciainfra.com\/blog\/","name":"Ag\u00eancia iNFRA","description":"Multiplataforma de informa\u00e7\u00e3o jornal\u00edstica refer\u00eancia na \u00e1rea de infraestrutura no Brasil!","publisher":{"@id":"https:\/\/agenciainfra.com\/blog\/#organization"},"potentialAction":[{"@type":"SearchAction","target":{"@type":"EntryPoint","urlTemplate":"https:\/\/agenciainfra.com\/blog\/?s={search_term_string}"},"query-input":{"@type":"PropertyValueSpecification","valueRequired":true,"valueName":"search_term_string"}}],"inLanguage":"pt-BR"},{"@type":"Organization","@id":"https:\/\/agenciainfra.com\/blog\/#organization","name":"Ag\u00eancia iNFRA","url":"https:\/\/agenciainfra.com\/blog\/","logo":{"@type":"ImageObject","inLanguage":"pt-BR","@id":"https:\/\/agenciainfra.com\/blog\/#\/schema\/logo\/image\/","url":"https:\/\/agenciainfra.com\/blog\/wp-content\/uploads\/2023\/09\/iNFRA_5-e1761735885940.png","contentUrl":"https:\/\/agenciainfra.com\/blog\/wp-content\/uploads\/2023\/09\/iNFRA_5-e1761735885940.png","width":1672,"height":454,"caption":"Ag\u00eancia iNFRA"},"image":{"@id":"https:\/\/agenciainfra.com\/blog\/#\/schema\/logo\/image\/"},"sameAs":["https:\/\/www.facebook.com\/ageninfra","https:\/\/x.com\/agencia_infra","https:\/\/www.linkedin.com\/company\/ag\u00eanciainfra\/","https:\/\/www.instagram.com\/agenciainfra\/"]},{"@type":"Person","@id":"https:\/\/agenciainfra.com\/blog\/#\/schema\/person\/04dbb79bd6d8951f063da71f3e4c1eb1","name":"Rodrigo Zuquim","image":{"@type":"ImageObject","inLanguage":"pt-BR","@id":"https:\/\/agenciainfra.com\/blog\/#\/schema\/person\/image\/","url":"https:\/\/secure.gravatar.com\/avatar\/594abfe82761d620726242ff34ca472a705a4b97f16c790053a6b4c4035274d0?s=96&d=mm&r=g","contentUrl":"https:\/\/secure.gravatar.com\/avatar\/594abfe82761d620726242ff34ca472a705a4b97f16c790053a6b4c4035274d0?s=96&d=mm&r=g","caption":"Rodrigo Zuquim"},"url":"https:\/\/agenciainfra.com\/blog\/author\/rodrigo-zuquim\/"}]}},"_links":{"self":[{"href":"https:\/\/agenciainfra.com\/blog\/wp-json\/wp\/v2\/posts\/4289","targetHints":{"allow":["GET"]}}],"collection":[{"href":"https:\/\/agenciainfra.com\/blog\/wp-json\/wp\/v2\/posts"}],"about":[{"href":"https:\/\/agenciainfra.com\/blog\/wp-json\/wp\/v2\/types\/post"}],"author":[{"embeddable":true,"href":"https:\/\/agenciainfra.com\/blog\/wp-json\/wp\/v2\/users\/9"}],"replies":[{"embeddable":true,"href":"https:\/\/agenciainfra.com\/blog\/wp-json\/wp\/v2\/comments?post=4289"}],"version-history":[{"count":0,"href":"https:\/\/agenciainfra.com\/blog\/wp-json\/wp\/v2\/posts\/4289\/revisions"}],"wp:featuredmedia":[{"embeddable":true,"href":"https:\/\/agenciainfra.com\/blog\/wp-json\/wp\/v2\/media\/4290"}],"wp:attachment":[{"href":"https:\/\/agenciainfra.com\/blog\/wp-json\/wp\/v2\/media?parent=4289"}],"wp:term":[{"taxonomy":"category","embeddable":true,"href":"https:\/\/agenciainfra.com\/blog\/wp-json\/wp\/v2\/categories?post=4289"},{"taxonomy":"post_tag","embeddable":true,"href":"https:\/\/agenciainfra.com\/blog\/wp-json\/wp\/v2\/tags?post=4289"}],"curies":[{"name":"wp","href":"https:\/\/api.w.org\/{rel}","templated":true}]}}