{"id":4292,"date":"2020-01-25T08:00:25","date_gmt":"2020-01-25T11:00:25","guid":{"rendered":"http:\/\/www.agenciainfra.com\/blog\/?p=4292"},"modified":"2020-01-23T10:54:30","modified_gmt":"2020-01-23T13:54:30","slug":"bolsonaro-diz-que-veta-modelo-de-novos-pedagios-na-dutra-e-pega-de-surpresa-antt","status":"publish","type":"post","link":"https:\/\/agenciainfra.com\/blog\/bolsonaro-diz-que-veta-modelo-de-novos-pedagios-na-dutra-e-pega-de-surpresa-antt\/","title":{"rendered":"Bolsonaro diz que veta modelo de novos ped\u00e1gios na Dutra e pega de surpresa ANTT"},"content":{"rendered":"<div>\n<h5 style=\"text-align: right;\"><strong>Dimmi Amora, da\u00a0Ag\u00eancia iNFRA<\/strong><\/h5>\n<\/div>\n<p dir=\"ltr\">O presidente Jair Bolsonaro publicou em sua conta no Twitter que n\u00e3o vai permitir a cobran\u00e7a de ped\u00e1gio nas cidades de Barra Mansa (RJ) e Guarulhos (SP), hoje cortadas pela concess\u00e3o da Rodovia Presidente Dutra.<\/p>\n<p dir=\"ltr\">As cobran\u00e7as estavam previstas na proposta levada \u00e0 audi\u00eancia p\u00fablica no fim do ano passado pela ANTT (Ag\u00eancia Nacional de Transportes Terrestres). Em Barra Mansa, haveria uma nova pra\u00e7a de ped\u00e1gio.<\/p>\n<p dir=\"ltr\">J\u00e1 em Guarulhos, o governo pretendia experimentar a primeira cobran\u00e7a federal do modelo free flow, em que o usu\u00e1rio paga por quilometragem utilizada da rodovia.<\/p>\n<p dir=\"ltr\">As tr\u00eas sess\u00f5es presenciais da audi\u00eancia p\u00fablica mostraram forte oposi\u00e7\u00e3o a v\u00e1rios temas propostos pelo governo na nova concess\u00e3o da rodovia, que pretende incluir um trecho da BR-101 entre S\u00e3o Paulo e Rio de Janeiro.<\/p>\n<p dir=\"ltr\">No caso do free flow, a reclama\u00e7\u00e3o era que a cobran\u00e7a deveria ser em toda a via, e n\u00e3o apenas na regi\u00e3o metropolitana de S\u00e3o Paulo. H\u00e1 ainda forte oposi\u00e7\u00e3o ao modelo de juntar as duas concess\u00f5es e tamb\u00e9m o de cobrar outorga para definir o vencedor da disputa.<\/p>\n<p dir=\"ltr\"><strong>Interfer\u00eancia<\/strong><\/p>\n<p dir=\"ltr\">A publica\u00e7\u00e3o do presidente foi considerada mais uma interfer\u00eancia dele no trabalho das ag\u00eancias reguladoras. Bolsonaro j\u00e1 havia anunciado contrariedade p\u00fablica em rela\u00e7\u00e3o a posicionamentos defendidos por duas ag\u00eancias, a Ancine (Ag\u00eancia Nacional do Cinema) e a ANEEL (Ag\u00eancia Nacional de Energia El\u00e9trica).<\/p>\n<p dir=\"ltr\">Ap\u00f3s a publica\u00e7\u00e3o de Bolsonaro, o ministro da Infraestrutura, Tarc\u00edsio de Freitas, entrou na rede social sem contestar o presidente. Em sua postagem, Freitas disse que a audi\u00eancia est\u00e1 em andamento. &#8220;Seguimos firmes a orienta\u00e7\u00e3o do presidente @JairBolsonaro: foco no cidad\u00e3o. Modelo inicial apresentado em audi\u00eancia p\u00fablica j\u00e1 consolidando contribui\u00e7\u00f5es da sociedade&#8221;, postou.<\/p>\n<p dir=\"ltr\">O minist\u00e9rio informou que j\u00e1 havia um direcionamento para alterar esses dois pontos do projeto ap\u00f3s as cr\u00edticas da audi\u00eancia p\u00fablica. Mas na ANTT, a respons\u00e1vel pela an\u00e1lise das contribui\u00e7\u00f5es, a publica\u00e7\u00e3o de Bolsonaro pegou a equipe de surpresa. N\u00e3o havia qualquer informa\u00e7\u00e3o sobre esse tipo de mudan\u00e7a.<\/p>\n<p dir=\"ltr\">A ag\u00eancia ainda est\u00e1 no processo de audi\u00eancia p\u00fablica. Ap\u00f3s prometer realizar mais sess\u00f5es presenciais, a diretoria deve aprovar na pr\u00f3xima semana a autoriza\u00e7\u00e3o para realizar mais duas ou tr\u00eas sess\u00f5es no interior dos estados do Rio de Janeiro e em S\u00e3o Paulo.<\/p>\n<p dir=\"ltr\">O fato \u00e9 que h\u00e1 muitas d\u00favidas entre os t\u00e9cnicos sobre a qualidade e a solidez do projeto apresentado para essa concess\u00e3o, que \u00e9 a do trecho rodovi\u00e1rio mais importante do pa\u00eds. O contrato com a atual concession\u00e1ria, a CCR, vence em fevereiro de 2021.<\/p>\n<p dir=\"ltr\"><strong>Fim de contrato tumultuado<\/strong><\/p>\n<p dir=\"ltr\">Se n\u00e3o houver um novo concession\u00e1rio at\u00e9 l\u00e1, o governo vai ter que operar a via ou dar mais prazo para a empresa operar. Na \u00faltima vez que isso ocorreu, o processo foi tumultuado. A ANTT n\u00e3o conseguiu assinar um contrato novo antes do encerramento com a concessionaria da BR-116\/RS, a Triunfo. A concession\u00e1ria topou se manter na opera\u00e7\u00e3o da via por um ped\u00e1gio maior.<\/p>\n<p dir=\"ltr\">Mas, durante a execu\u00e7\u00e3o desse aditivo, o TCU (Tribunal de Contas da Uni\u00e3o) apontou que o valor deveria ser ainda mais baixo e a concession\u00e1ria pediu o encerramento do contrato. Durante quase um ano a via foi operada pelo DNIT (Departamento Nacional de Infraestrutura de Transportes), sem ped\u00e1gio, mas com piora na qualidade da via e da opera\u00e7\u00e3o.<\/p>\n","protected":false},"excerpt":{"rendered":"<p>Dimmi Amora, da\u00a0Ag\u00eancia iNFRA O presidente Jair Bolsonaro publicou em sua conta no Twitter que n\u00e3o vai permitir a cobran\u00e7a de ped\u00e1gio nas cidades de Barra Mansa (RJ) e Guarulhos (SP), hoje cortadas pela concess\u00e3o da Rodovia Presidente Dutra. As cobran\u00e7as estavam previstas na proposta levada \u00e0 audi\u00eancia p\u00fablica no fim do ano passado pela [&hellip;]<\/p>\n","protected":false},"author":9,"featured_media":4293,"comment_status":"closed","ping_status":"closed","sticky":false,"template":"","format":"standard","meta":{"_monsterinsights_skip_tracking":false,"_monsterinsights_sitenote_active":false,"_monsterinsights_sitenote_note":"","_monsterinsights_sitenote_category":0,"footnotes":""},"categories":[7],"tags":[19,581,1106,20,1576],"class_list":["post-4292","post","type-post","status-publish","format-standard","has-post-thumbnail","hentry","category-infratransporte","tag-antt","tag-bolsonaro","tag-free-flow","tag-pedagio","tag-rodovia-presidente-dutra"],"yoast_head":"<!-- This site is optimized with the Yoast SEO Premium plugin v25.4 (Yoast SEO v26.0) - https:\/\/yoast.com\/wordpress\/plugins\/seo\/ -->\n<title>Bolsonaro diz que veta modelo de novos ped\u00e1gios na Dutra e pega de surpresa ANTT - Ag\u00eancia iNFRA<\/title>\n<meta name=\"robots\" content=\"index, follow, max-snippet:-1, max-image-preview:large, max-video-preview:-1\" \/>\n<link rel=\"canonical\" href=\"https:\/\/agenciainfra.com\/blog\/bolsonaro-diz-que-veta-modelo-de-novos-pedagios-na-dutra-e-pega-de-surpresa-antt\/\" \/>\n<meta property=\"og:locale\" content=\"pt_BR\" \/>\n<meta property=\"og:type\" content=\"article\" \/>\n<meta property=\"og:title\" content=\"Bolsonaro diz que veta modelo de novos ped\u00e1gios na Dutra e pega de surpresa ANTT\" \/>\n<meta property=\"og:description\" content=\"Dimmi Amora, da\u00a0Ag\u00eancia iNFRA O presidente Jair Bolsonaro publicou em sua conta no Twitter que n\u00e3o vai permitir a cobran\u00e7a de ped\u00e1gio nas cidades de Barra Mansa (RJ) e Guarulhos (SP), hoje cortadas pela concess\u00e3o da Rodovia Presidente Dutra. As cobran\u00e7as estavam previstas na proposta levada \u00e0 audi\u00eancia p\u00fablica no fim do ano passado pela [&hellip;]\" \/>\n<meta property=\"og:url\" content=\"https:\/\/agenciainfra.com\/blog\/bolsonaro-diz-que-veta-modelo-de-novos-pedagios-na-dutra-e-pega-de-surpresa-antt\/\" \/>\n<meta property=\"og:site_name\" content=\"Ag\u00eancia iNFRA\" \/>\n<meta property=\"article:publisher\" content=\"https:\/\/www.facebook.com\/ageninfra\" \/>\n<meta property=\"article:published_time\" content=\"2020-01-25T11:00:25+00:00\" \/>\n<meta property=\"og:image\" content=\"https:\/\/agenciainfra.com\/blog\/wp-content\/uploads\/2020\/01\/bolsonaro-tarcisio-foto-carolina-antunes-pr.jpg\" \/>\n\t<meta property=\"og:image:width\" content=\"1280\" \/>\n\t<meta property=\"og:image:height\" content=\"853\" \/>\n\t<meta property=\"og:image:type\" content=\"image\/jpeg\" \/>\n<meta name=\"author\" content=\"Rodrigo Zuquim\" \/>\n<meta name=\"twitter:card\" content=\"summary_large_image\" \/>\n<meta name=\"twitter:creator\" content=\"@agencia_infra\" \/>\n<meta name=\"twitter:site\" content=\"@agencia_infra\" \/>\n<meta name=\"twitter:label1\" content=\"Escrito por\" \/>\n\t<meta name=\"twitter:data1\" content=\"Rodrigo Zuquim\" \/>\n\t<meta name=\"twitter:label2\" content=\"Est. tempo de leitura\" \/>\n\t<meta name=\"twitter:data2\" content=\"3 minutos\" \/>\n<script type=\"application\/ld+json\" class=\"yoast-schema-graph\">{\"@context\":\"https:\/\/schema.org\",\"@graph\":[{\"@type\":\"Article\",\"@id\":\"https:\/\/agenciainfra.com\/blog\/bolsonaro-diz-que-veta-modelo-de-novos-pedagios-na-dutra-e-pega-de-surpresa-antt\/#article\",\"isPartOf\":{\"@id\":\"https:\/\/agenciainfra.com\/blog\/bolsonaro-diz-que-veta-modelo-de-novos-pedagios-na-dutra-e-pega-de-surpresa-antt\/\"},\"author\":{\"name\":\"Rodrigo Zuquim\",\"@id\":\"https:\/\/agenciainfra.com\/blog\/#\/schema\/person\/04dbb79bd6d8951f063da71f3e4c1eb1\"},\"headline\":\"Bolsonaro diz que veta modelo de novos ped\u00e1gios na Dutra e pega de surpresa ANTT\",\"datePublished\":\"2020-01-25T11:00:25+00:00\",\"mainEntityOfPage\":{\"@id\":\"https:\/\/agenciainfra.com\/blog\/bolsonaro-diz-que-veta-modelo-de-novos-pedagios-na-dutra-e-pega-de-surpresa-antt\/\"},\"wordCount\":640,\"publisher\":{\"@id\":\"https:\/\/agenciainfra.com\/blog\/#organization\"},\"image\":{\"@id\":\"https:\/\/agenciainfra.com\/blog\/bolsonaro-diz-que-veta-modelo-de-novos-pedagios-na-dutra-e-pega-de-surpresa-antt\/#primaryimage\"},\"thumbnailUrl\":\"https:\/\/agenciainfra.com\/blog\/wp-content\/uploads\/2020\/01\/bolsonaro-tarcisio-foto-carolina-antunes-pr.jpg\",\"keywords\":[\"ANTT\",\"Bolsonaro\",\"free flow\",\"Ped\u00e1gio\",\"Rodovia Presidente Dutra\"],\"articleSection\":[\"iNFRATransporte\"],\"inLanguage\":\"pt-BR\",\"copyrightYear\":\"2020\",\"copyrightHolder\":{\"@id\":\"https:\/\/agenciainfra.com\/blog\/#organization\"}},{\"@type\":\"WebPage\",\"@id\":\"https:\/\/agenciainfra.com\/blog\/bolsonaro-diz-que-veta-modelo-de-novos-pedagios-na-dutra-e-pega-de-surpresa-antt\/\",\"url\":\"https:\/\/agenciainfra.com\/blog\/bolsonaro-diz-que-veta-modelo-de-novos-pedagios-na-dutra-e-pega-de-surpresa-antt\/\",\"name\":\"Bolsonaro diz que veta modelo de novos ped\u00e1gios na Dutra e pega de surpresa ANTT - Ag\u00eancia iNFRA\",\"isPartOf\":{\"@id\":\"https:\/\/agenciainfra.com\/blog\/#website\"},\"primaryImageOfPage\":{\"@id\":\"https:\/\/agenciainfra.com\/blog\/bolsonaro-diz-que-veta-modelo-de-novos-pedagios-na-dutra-e-pega-de-surpresa-antt\/#primaryimage\"},\"image\":{\"@id\":\"https:\/\/agenciainfra.com\/blog\/bolsonaro-diz-que-veta-modelo-de-novos-pedagios-na-dutra-e-pega-de-surpresa-antt\/#primaryimage\"},\"thumbnailUrl\":\"https:\/\/agenciainfra.com\/blog\/wp-content\/uploads\/2020\/01\/bolsonaro-tarcisio-foto-carolina-antunes-pr.jpg\",\"datePublished\":\"2020-01-25T11:00:25+00:00\",\"breadcrumb\":{\"@id\":\"https:\/\/agenciainfra.com\/blog\/bolsonaro-diz-que-veta-modelo-de-novos-pedagios-na-dutra-e-pega-de-surpresa-antt\/#breadcrumb\"},\"inLanguage\":\"pt-BR\",\"potentialAction\":[{\"@type\":\"ReadAction\",\"target\":[\"https:\/\/agenciainfra.com\/blog\/bolsonaro-diz-que-veta-modelo-de-novos-pedagios-na-dutra-e-pega-de-surpresa-antt\/\"]}]},{\"@type\":\"ImageObject\",\"inLanguage\":\"pt-BR\",\"@id\":\"https:\/\/agenciainfra.com\/blog\/bolsonaro-diz-que-veta-modelo-de-novos-pedagios-na-dutra-e-pega-de-surpresa-antt\/#primaryimage\",\"url\":\"https:\/\/agenciainfra.com\/blog\/wp-content\/uploads\/2020\/01\/bolsonaro-tarcisio-foto-carolina-antunes-pr.jpg\",\"contentUrl\":\"https:\/\/agenciainfra.com\/blog\/wp-content\/uploads\/2020\/01\/bolsonaro-tarcisio-foto-carolina-antunes-pr.jpg\",\"width\":1280,\"height\":853},{\"@type\":\"BreadcrumbList\",\"@id\":\"https:\/\/agenciainfra.com\/blog\/bolsonaro-diz-que-veta-modelo-de-novos-pedagios-na-dutra-e-pega-de-surpresa-antt\/#breadcrumb\",\"itemListElement\":[{\"@type\":\"ListItem\",\"position\":1,\"name\":\"In\u00edcio\",\"item\":\"https:\/\/agenciainfra.com\/blog\/\"},{\"@type\":\"ListItem\",\"position\":2,\"name\":\"Bolsonaro diz que veta modelo de novos ped\u00e1gios na Dutra e pega de surpresa ANTT\"}]},{\"@type\":\"WebSite\",\"@id\":\"https:\/\/agenciainfra.com\/blog\/#website\",\"url\":\"https:\/\/agenciainfra.com\/blog\/\",\"name\":\"Ag\u00eancia iNFRA\",\"description\":\"Multiplataforma de informa\u00e7\u00e3o jornal\u00edstica refer\u00eancia na \u00e1rea de infraestrutura no Brasil!\",\"publisher\":{\"@id\":\"https:\/\/agenciainfra.com\/blog\/#organization\"},\"potentialAction\":[{\"@type\":\"SearchAction\",\"target\":{\"@type\":\"EntryPoint\",\"urlTemplate\":\"https:\/\/agenciainfra.com\/blog\/?s={search_term_string}\"},\"query-input\":{\"@type\":\"PropertyValueSpecification\",\"valueRequired\":true,\"valueName\":\"search_term_string\"}}],\"inLanguage\":\"pt-BR\"},{\"@type\":\"Organization\",\"@id\":\"https:\/\/agenciainfra.com\/blog\/#organization\",\"name\":\"Ag\u00eancia iNFRA\",\"url\":\"https:\/\/agenciainfra.com\/blog\/\",\"logo\":{\"@type\":\"ImageObject\",\"inLanguage\":\"pt-BR\",\"@id\":\"https:\/\/agenciainfra.com\/blog\/#\/schema\/logo\/image\/\",\"url\":\"https:\/\/agenciainfra.com\/blog\/wp-content\/uploads\/2023\/09\/iNFRA_5-e1761735885940.png\",\"contentUrl\":\"https:\/\/agenciainfra.com\/blog\/wp-content\/uploads\/2023\/09\/iNFRA_5-e1761735885940.png\",\"width\":1672,\"height\":454,\"caption\":\"Ag\u00eancia iNFRA\"},\"image\":{\"@id\":\"https:\/\/agenciainfra.com\/blog\/#\/schema\/logo\/image\/\"},\"sameAs\":[\"https:\/\/www.facebook.com\/ageninfra\",\"https:\/\/x.com\/agencia_infra\",\"https:\/\/www.linkedin.com\/company\/ag\u00eanciainfra\/\",\"https:\/\/www.instagram.com\/agenciainfra\/\"]},{\"@type\":\"Person\",\"@id\":\"https:\/\/agenciainfra.com\/blog\/#\/schema\/person\/04dbb79bd6d8951f063da71f3e4c1eb1\",\"name\":\"Rodrigo Zuquim\",\"image\":{\"@type\":\"ImageObject\",\"inLanguage\":\"pt-BR\",\"@id\":\"https:\/\/agenciainfra.com\/blog\/#\/schema\/person\/image\/\",\"url\":\"https:\/\/secure.gravatar.com\/avatar\/594abfe82761d620726242ff34ca472a705a4b97f16c790053a6b4c4035274d0?s=96&d=mm&r=g\",\"contentUrl\":\"https:\/\/secure.gravatar.com\/avatar\/594abfe82761d620726242ff34ca472a705a4b97f16c790053a6b4c4035274d0?s=96&d=mm&r=g\",\"caption\":\"Rodrigo Zuquim\"},\"url\":\"https:\/\/agenciainfra.com\/blog\/author\/rodrigo-zuquim\/\"}]}<\/script>\n<!-- \/ Yoast SEO Premium plugin. -->","yoast_head_json":{"title":"Bolsonaro diz que veta modelo de novos ped\u00e1gios na Dutra e pega de surpresa ANTT - Ag\u00eancia iNFRA","robots":{"index":"index","follow":"follow","max-snippet":"max-snippet:-1","max-image-preview":"max-image-preview:large","max-video-preview":"max-video-preview:-1"},"canonical":"https:\/\/agenciainfra.com\/blog\/bolsonaro-diz-que-veta-modelo-de-novos-pedagios-na-dutra-e-pega-de-surpresa-antt\/","og_locale":"pt_BR","og_type":"article","og_title":"Bolsonaro diz que veta modelo de novos ped\u00e1gios na Dutra e pega de surpresa ANTT","og_description":"Dimmi Amora, da\u00a0Ag\u00eancia iNFRA O presidente Jair Bolsonaro publicou em sua conta no Twitter que n\u00e3o vai permitir a cobran\u00e7a de ped\u00e1gio nas cidades de Barra Mansa (RJ) e Guarulhos (SP), hoje cortadas pela concess\u00e3o da Rodovia Presidente Dutra. As cobran\u00e7as estavam previstas na proposta levada \u00e0 audi\u00eancia p\u00fablica no fim do ano passado pela [&hellip;]","og_url":"https:\/\/agenciainfra.com\/blog\/bolsonaro-diz-que-veta-modelo-de-novos-pedagios-na-dutra-e-pega-de-surpresa-antt\/","og_site_name":"Ag\u00eancia iNFRA","article_publisher":"https:\/\/www.facebook.com\/ageninfra","article_published_time":"2020-01-25T11:00:25+00:00","og_image":[{"width":1280,"height":853,"url":"https:\/\/agenciainfra.com\/blog\/wp-content\/uploads\/2020\/01\/bolsonaro-tarcisio-foto-carolina-antunes-pr.jpg","type":"image\/jpeg"}],"author":"Rodrigo Zuquim","twitter_card":"summary_large_image","twitter_creator":"@agencia_infra","twitter_site":"@agencia_infra","twitter_misc":{"Escrito por":"Rodrigo Zuquim","Est. tempo de leitura":"3 minutos"},"schema":{"@context":"https:\/\/schema.org","@graph":[{"@type":"Article","@id":"https:\/\/agenciainfra.com\/blog\/bolsonaro-diz-que-veta-modelo-de-novos-pedagios-na-dutra-e-pega-de-surpresa-antt\/#article","isPartOf":{"@id":"https:\/\/agenciainfra.com\/blog\/bolsonaro-diz-que-veta-modelo-de-novos-pedagios-na-dutra-e-pega-de-surpresa-antt\/"},"author":{"name":"Rodrigo Zuquim","@id":"https:\/\/agenciainfra.com\/blog\/#\/schema\/person\/04dbb79bd6d8951f063da71f3e4c1eb1"},"headline":"Bolsonaro diz que veta modelo de novos ped\u00e1gios na Dutra e pega de surpresa ANTT","datePublished":"2020-01-25T11:00:25+00:00","mainEntityOfPage":{"@id":"https:\/\/agenciainfra.com\/blog\/bolsonaro-diz-que-veta-modelo-de-novos-pedagios-na-dutra-e-pega-de-surpresa-antt\/"},"wordCount":640,"publisher":{"@id":"https:\/\/agenciainfra.com\/blog\/#organization"},"image":{"@id":"https:\/\/agenciainfra.com\/blog\/bolsonaro-diz-que-veta-modelo-de-novos-pedagios-na-dutra-e-pega-de-surpresa-antt\/#primaryimage"},"thumbnailUrl":"https:\/\/agenciainfra.com\/blog\/wp-content\/uploads\/2020\/01\/bolsonaro-tarcisio-foto-carolina-antunes-pr.jpg","keywords":["ANTT","Bolsonaro","free flow","Ped\u00e1gio","Rodovia Presidente Dutra"],"articleSection":["iNFRATransporte"],"inLanguage":"pt-BR","copyrightYear":"2020","copyrightHolder":{"@id":"https:\/\/agenciainfra.com\/blog\/#organization"}},{"@type":"WebPage","@id":"https:\/\/agenciainfra.com\/blog\/bolsonaro-diz-que-veta-modelo-de-novos-pedagios-na-dutra-e-pega-de-surpresa-antt\/","url":"https:\/\/agenciainfra.com\/blog\/bolsonaro-diz-que-veta-modelo-de-novos-pedagios-na-dutra-e-pega-de-surpresa-antt\/","name":"Bolsonaro diz que veta modelo de novos ped\u00e1gios na Dutra e pega de surpresa ANTT - Ag\u00eancia iNFRA","isPartOf":{"@id":"https:\/\/agenciainfra.com\/blog\/#website"},"primaryImageOfPage":{"@id":"https:\/\/agenciainfra.com\/blog\/bolsonaro-diz-que-veta-modelo-de-novos-pedagios-na-dutra-e-pega-de-surpresa-antt\/#primaryimage"},"image":{"@id":"https:\/\/agenciainfra.com\/blog\/bolsonaro-diz-que-veta-modelo-de-novos-pedagios-na-dutra-e-pega-de-surpresa-antt\/#primaryimage"},"thumbnailUrl":"https:\/\/agenciainfra.com\/blog\/wp-content\/uploads\/2020\/01\/bolsonaro-tarcisio-foto-carolina-antunes-pr.jpg","datePublished":"2020-01-25T11:00:25+00:00","breadcrumb":{"@id":"https:\/\/agenciainfra.com\/blog\/bolsonaro-diz-que-veta-modelo-de-novos-pedagios-na-dutra-e-pega-de-surpresa-antt\/#breadcrumb"},"inLanguage":"pt-BR","potentialAction":[{"@type":"ReadAction","target":["https:\/\/agenciainfra.com\/blog\/bolsonaro-diz-que-veta-modelo-de-novos-pedagios-na-dutra-e-pega-de-surpresa-antt\/"]}]},{"@type":"ImageObject","inLanguage":"pt-BR","@id":"https:\/\/agenciainfra.com\/blog\/bolsonaro-diz-que-veta-modelo-de-novos-pedagios-na-dutra-e-pega-de-surpresa-antt\/#primaryimage","url":"https:\/\/agenciainfra.com\/blog\/wp-content\/uploads\/2020\/01\/bolsonaro-tarcisio-foto-carolina-antunes-pr.jpg","contentUrl":"https:\/\/agenciainfra.com\/blog\/wp-content\/uploads\/2020\/01\/bolsonaro-tarcisio-foto-carolina-antunes-pr.jpg","width":1280,"height":853},{"@type":"BreadcrumbList","@id":"https:\/\/agenciainfra.com\/blog\/bolsonaro-diz-que-veta-modelo-de-novos-pedagios-na-dutra-e-pega-de-surpresa-antt\/#breadcrumb","itemListElement":[{"@type":"ListItem","position":1,"name":"In\u00edcio","item":"https:\/\/agenciainfra.com\/blog\/"},{"@type":"ListItem","position":2,"name":"Bolsonaro diz que veta modelo de novos ped\u00e1gios na Dutra e pega de surpresa ANTT"}]},{"@type":"WebSite","@id":"https:\/\/agenciainfra.com\/blog\/#website","url":"https:\/\/agenciainfra.com\/blog\/","name":"Ag\u00eancia iNFRA","description":"Multiplataforma de informa\u00e7\u00e3o jornal\u00edstica refer\u00eancia na \u00e1rea de infraestrutura no Brasil!","publisher":{"@id":"https:\/\/agenciainfra.com\/blog\/#organization"},"potentialAction":[{"@type":"SearchAction","target":{"@type":"EntryPoint","urlTemplate":"https:\/\/agenciainfra.com\/blog\/?s={search_term_string}"},"query-input":{"@type":"PropertyValueSpecification","valueRequired":true,"valueName":"search_term_string"}}],"inLanguage":"pt-BR"},{"@type":"Organization","@id":"https:\/\/agenciainfra.com\/blog\/#organization","name":"Ag\u00eancia iNFRA","url":"https:\/\/agenciainfra.com\/blog\/","logo":{"@type":"ImageObject","inLanguage":"pt-BR","@id":"https:\/\/agenciainfra.com\/blog\/#\/schema\/logo\/image\/","url":"https:\/\/agenciainfra.com\/blog\/wp-content\/uploads\/2023\/09\/iNFRA_5-e1761735885940.png","contentUrl":"https:\/\/agenciainfra.com\/blog\/wp-content\/uploads\/2023\/09\/iNFRA_5-e1761735885940.png","width":1672,"height":454,"caption":"Ag\u00eancia iNFRA"},"image":{"@id":"https:\/\/agenciainfra.com\/blog\/#\/schema\/logo\/image\/"},"sameAs":["https:\/\/www.facebook.com\/ageninfra","https:\/\/x.com\/agencia_infra","https:\/\/www.linkedin.com\/company\/ag\u00eanciainfra\/","https:\/\/www.instagram.com\/agenciainfra\/"]},{"@type":"Person","@id":"https:\/\/agenciainfra.com\/blog\/#\/schema\/person\/04dbb79bd6d8951f063da71f3e4c1eb1","name":"Rodrigo Zuquim","image":{"@type":"ImageObject","inLanguage":"pt-BR","@id":"https:\/\/agenciainfra.com\/blog\/#\/schema\/person\/image\/","url":"https:\/\/secure.gravatar.com\/avatar\/594abfe82761d620726242ff34ca472a705a4b97f16c790053a6b4c4035274d0?s=96&d=mm&r=g","contentUrl":"https:\/\/secure.gravatar.com\/avatar\/594abfe82761d620726242ff34ca472a705a4b97f16c790053a6b4c4035274d0?s=96&d=mm&r=g","caption":"Rodrigo Zuquim"},"url":"https:\/\/agenciainfra.com\/blog\/author\/rodrigo-zuquim\/"}]}},"_links":{"self":[{"href":"https:\/\/agenciainfra.com\/blog\/wp-json\/wp\/v2\/posts\/4292","targetHints":{"allow":["GET"]}}],"collection":[{"href":"https:\/\/agenciainfra.com\/blog\/wp-json\/wp\/v2\/posts"}],"about":[{"href":"https:\/\/agenciainfra.com\/blog\/wp-json\/wp\/v2\/types\/post"}],"author":[{"embeddable":true,"href":"https:\/\/agenciainfra.com\/blog\/wp-json\/wp\/v2\/users\/9"}],"replies":[{"embeddable":true,"href":"https:\/\/agenciainfra.com\/blog\/wp-json\/wp\/v2\/comments?post=4292"}],"version-history":[{"count":0,"href":"https:\/\/agenciainfra.com\/blog\/wp-json\/wp\/v2\/posts\/4292\/revisions"}],"wp:featuredmedia":[{"embeddable":true,"href":"https:\/\/agenciainfra.com\/blog\/wp-json\/wp\/v2\/media\/4293"}],"wp:attachment":[{"href":"https:\/\/agenciainfra.com\/blog\/wp-json\/wp\/v2\/media?parent=4292"}],"wp:term":[{"taxonomy":"category","embeddable":true,"href":"https:\/\/agenciainfra.com\/blog\/wp-json\/wp\/v2\/categories?post=4292"},{"taxonomy":"post_tag","embeddable":true,"href":"https:\/\/agenciainfra.com\/blog\/wp-json\/wp\/v2\/tags?post=4292"}],"curies":[{"name":"wp","href":"https:\/\/api.w.org\/{rel}","templated":true}]}}