{"id":4309,"date":"2020-01-28T08:00:54","date_gmt":"2020-01-28T11:00:54","guid":{"rendered":"http:\/\/www.agenciainfra.com\/blog\/?p=4309"},"modified":"2020-01-27T19:28:24","modified_gmt":"2020-01-27T22:28:24","slug":"estados-e-municipios-investem-em-ppps-de-geracao-distribuida-para-diminuir-custos-com-energia","status":"publish","type":"post","link":"https:\/\/agenciainfra.com\/blog\/estados-e-municipios-investem-em-ppps-de-geracao-distribuida-para-diminuir-custos-com-energia\/","title":{"rendered":"Estados e munic\u00edpios investem em PPPs de gera\u00e7\u00e3o distribu\u00edda para diminuir custos com energia"},"content":{"rendered":"<h5 style=\"text-align: right;\"><strong>Lucas Santin,\u00a0da Ag\u00eancia iNFRA<\/strong><\/h5>\n<p dir=\"ltr\">Estados brasileiros como o Piau\u00ed e o Esp\u00edrito Santo, al\u00e9m do munic\u00edpio de Uberaba (MG), est\u00e3o investindo em PPPs (parcerias p\u00fablico-privadas) de energia solar para suprir a demanda dos pr\u00e9dios de \u00f3rg\u00e3os administrativos. Trata-se do uso de GD (gera\u00e7\u00e3o distribu\u00edda) remota, com usinas de at\u00e9 5 MW. A ideia \u00e9 reduzir gastos da administra\u00e7\u00e3o p\u00fablica com energia.<\/p>\n<p>As regras para a gera\u00e7\u00e3o distribu\u00edda est\u00e3o atualmente em discuss\u00e3o. A\u00a0ANEEL (Ag\u00eancia Nacional de Energia El\u00e9trica) realizou audi\u00eancia p\u00fablica e, em breve, divulgar\u00e1 as novas normas. Haver\u00e1 tamb\u00e9m um projeto de lei no Congresso Nacional sobre o assunto. A principal discuss\u00e3o \u00e9 acerca dos subs\u00eddios recebidos pelos usu\u00e1rios de GD, que n\u00e3o pagam os sistemas de distribui\u00e7\u00e3o e transmiss\u00e3o nem encargos do setor el\u00e9trico.<\/p>\n<p>Os projetos no Piau\u00ed e em Uberaba est\u00e3o com licita\u00e7\u00e3o marcada para o primeiro semestre deste ano. As empresas vencedoras ser\u00e3o as que oferecerem a menor contrapresta\u00e7\u00e3o mensal no per\u00edodo de concess\u00e3o. A terceira parceria, para suprir a demanda do governo do Esp\u00edrito Santo, est\u00e1 em fase de an\u00e1lise.<\/p>\n<p><strong>Piau\u00ed: economia de 50%<\/strong><br \/>\nO governo do Piau\u00ed estima uma economia de 50% nos gastos com energia a partir de 2021. O estado contar\u00e1 com oito usinas solares para fornecer o insumo a toda a estrutura da administra\u00e7\u00e3o. A licita\u00e7\u00e3o ocorrer\u00e1 em mar\u00e7o, e os contratos s\u00e3o de 25 anos, com previs\u00e3o total de investimentos em cerca de R$ 175 milh\u00f5es.<\/p>\n<p>De acordo com a superintendente de Parcerias e Concess\u00f5es do Piau\u00ed, Viviane Moura, o gasto com energia el\u00e9trica \u00e9 de mais de R$ 40 milh\u00f5es ao ano. Para o edital, estabeleceu-se economia de R$ 7,5 milh\u00f5es. \u201cA gente est\u00e1 trabalhando j\u00e1 no in\u00edcio do projeto com quase 35% de economia. Com a disputa, a gente acha que vai chegar a uns 50%\u201d, disse Viviane.<\/p>\n<p>Tr\u00eas munic\u00edpios j\u00e1 foram selecionados pelo governo para a implanta\u00e7\u00e3o de usinas: Cara\u00fabas do Piau\u00ed, Cabeceiras do Piau\u00ed e Canto do Buriti. Viviane explicou que essas cidades foram escolhidas porque t\u00eam terrenos p\u00fablicos j\u00e1 avaliados. Outros cinco locais ser\u00e3o escolhidos depois da licita\u00e7\u00e3o, pela empresa vencedora do lote.<\/p>\n<p>O processo de implanta\u00e7\u00e3o das usinas envolve pr\u00e9-requisitos que ser\u00e3o avaliados pelo governo e pela distribuidora de energia local. \u201c\u00c9 o caso de aproxima\u00e7\u00e3o do ponto de conex\u00e3o, o tamanho do terreno e a incid\u00eancia solar. Esses projetos v\u00e3o ser apresentados pelas empresas ao governo e, depois de aprovados, v\u00e3o ser submetidos \u00e0 concession\u00e1ria distribuidora. Depois \u00e9 que come\u00e7a o processo de implanta\u00e7\u00e3o\u201d, explicou a superintendente.<\/p>\n<p><strong>Uberaba: neg\u00f3cio da China<\/strong><br \/>\nO munic\u00edpio mineiro de Uberaba tamb\u00e9m est\u00e1 com licita\u00e7\u00e3o em andamento para que a gera\u00e7\u00e3o distribu\u00edda atenda \u00e0 demanda dos pr\u00e9dios p\u00fablicos. Segundo o assessor de Assuntos Estrat\u00e9gicos da prefeitura, Glauber Faquineli, a ideia de fazer uma concess\u00e3o desse tipo surgiu ap\u00f3s uma miss\u00e3o na China. O prefeito Paulo Piau (MDB) conheceu o servi\u00e7o, discutiu com empresas que atuam em Minas Gerais e decidiu realizar as PPPs.<\/p>\n<p>A licita\u00e7\u00e3o ser\u00e1 em fevereiro. Tr\u00eas usinas fornecer\u00e3o energia equivalente \u00e0 necessidade dos pr\u00e9dios p\u00fablicos. \u201cN\u00f3s precisamos de 11 MW. Com possibilidade de produ\u00e7\u00e3o de 15 MW, o [investidor] privado explora o mercado com receita acess\u00f3ria de 4 MW\u201d, observou Glauber. A concess\u00e3o ser\u00e1 de 26 anos: um ano para a constru\u00e7\u00e3o das usinas e 25 para opera\u00e7\u00e3o.<\/p>\n<p>O investimento total previsto \u00e9 superior a R$ 200 milh\u00f5es. Neste caso, a contrapresta\u00e7\u00e3o m\u00e1xima est\u00e1 estabelecida em R$ 728 mil. \u201cA inten\u00e7\u00e3o da prefeitura \u00e9 comprar ou usar o mesmo tanto de energia gastando menos.\u201d\u00a0Espera-se a economia de 10% por m\u00eas.<\/p>\n<p><strong>Esp\u00edrito Santo: estudos em andamento<\/strong><br \/>\nO projeto do governo capixaba est\u00e1 em fase de estudos. O Bandes (Banco de Desenvolvimento do Esp\u00edrito Santo), \u00f3rg\u00e3o que cuida de PPPs e concess\u00f5es do estado, informou que o edital est\u00e1 em fase de estrutura\u00e7\u00e3o e modelagem de estudos t\u00e9cnicos, de viabilidade econ\u00f4mica e jur\u00eddicos, com publica\u00e7\u00e3o prevista para o segundo semestre.<\/p>\n<p>A estimativa \u00e9 que sejam constru\u00eddas entre oito e dez usinas para atender a toda a demanda da administra\u00e7\u00e3o direta. A economia esperada \u00e9 de R$ 60 milh\u00f5es ao ano, com investimento total na faixa de R$ 200 milh\u00f5es.<\/p>\n<p><strong>Abradee: transfer\u00eancia de gastos<\/strong><br \/>\nPara a Abradee (Associa\u00e7\u00e3o Brasileira de Distribuidores de Energia El\u00e9trica), os governos e a prefeitura podem estar cortando gastos, mas onerando o cidad\u00e3o. O presidente da associa\u00e7\u00e3o, Marcos Aur\u00e9lio Madureira, disse que esses s\u00e3o casos de gera\u00e7\u00e3o distribu\u00edda comuns e precisam arcar com os encargos do setor el\u00e9trico.<\/p>\n<p>\u201cVoc\u00ea reduzir gastos \u00e9 sempre bom. Mas voc\u00ea n\u00e3o pode considerar que voc\u00ea est\u00e1 reduzindo gastos quando se est\u00e1 transferindo os gastos para outro. Isso n\u00e3o \u00e9 adequado\u201d, disse Madureira. O argumento da associa\u00e7\u00e3o \u00e9 que, quando um consumidor tem um benef\u00edcio, outros t\u00eam de pagar por ele.<\/p>\n<p>Mesmo em gera\u00e7\u00e3o remota, usu\u00e1rios de GD s\u00e3o classificados como consumidores, e n\u00e3o como geradores de energia. Por isso, Madureira sugere que as usinas sejam tratadas como geradoras solares de pequeno porte, recebendo o subs\u00eddio que a fonte tem direito.<\/p>\n<p>\u201cPode ser uma modelagem como essa, em que o gerador seja categorizado com um gerador e n\u00e3o como um consumidor e arque com os \u00f4nus de uso da rede tendo os benef\u00edcios de subs\u00eddios que s\u00e3o dados como os demais geradores\u201d, comentou o executivo.<\/p>\n","protected":false},"excerpt":{"rendered":"<p>Lucas Santin,\u00a0da Ag\u00eancia iNFRA Estados brasileiros como o Piau\u00ed e o Esp\u00edrito Santo, al\u00e9m do munic\u00edpio de Uberaba (MG), est\u00e3o investindo em PPPs (parcerias p\u00fablico-privadas) de energia solar para suprir a demanda dos pr\u00e9dios de \u00f3rg\u00e3os administrativos. Trata-se do uso de GD (gera\u00e7\u00e3o distribu\u00edda) remota, com usinas de at\u00e9 5 MW. A ideia \u00e9 reduzir [&hellip;]<\/p>\n","protected":false},"author":9,"featured_media":4310,"comment_status":"closed","ping_status":"closed","sticky":false,"template":"","format":"standard","meta":{"_monsterinsights_skip_tracking":false,"_monsterinsights_sitenote_active":false,"_monsterinsights_sitenote_note":"","_monsterinsights_sitenote_category":0,"footnotes":""},"categories":[10],"tags":[494,53,1093,850,1639,1585,1638],"class_list":["post-4309","post","type-post","status-publish","format-standard","has-post-thumbnail","hentry","category-infraenergia","tag-abradee","tag-aneel","tag-energia-solar","tag-geracao-distribuida","tag-glauber-faquineli","tag-marcos-aurelio-madureira","tag-viviane-moura"],"yoast_head":"<!-- This site is optimized with the Yoast SEO Premium plugin v25.4 (Yoast SEO v26.0) - https:\/\/yoast.com\/wordpress\/plugins\/seo\/ -->\n<title>Estados e munic\u00edpios investem em PPPs de gera\u00e7\u00e3o distribu\u00edda para diminuir custos com energia - Ag\u00eancia iNFRA<\/title>\n<meta name=\"robots\" content=\"index, follow, max-snippet:-1, max-image-preview:large, max-video-preview:-1\" \/>\n<link rel=\"canonical\" href=\"https:\/\/agenciainfra.com\/blog\/estados-e-municipios-investem-em-ppps-de-geracao-distribuida-para-diminuir-custos-com-energia\/\" \/>\n<meta property=\"og:locale\" content=\"pt_BR\" \/>\n<meta property=\"og:type\" content=\"article\" \/>\n<meta property=\"og:title\" content=\"Estados e munic\u00edpios investem em PPPs de gera\u00e7\u00e3o distribu\u00edda para diminuir custos com energia\" \/>\n<meta property=\"og:description\" content=\"Lucas Santin,\u00a0da Ag\u00eancia iNFRA Estados brasileiros como o Piau\u00ed e o Esp\u00edrito Santo, al\u00e9m do munic\u00edpio de Uberaba (MG), est\u00e3o investindo em PPPs (parcerias p\u00fablico-privadas) de energia solar para suprir a demanda dos pr\u00e9dios de \u00f3rg\u00e3os administrativos. Trata-se do uso de GD (gera\u00e7\u00e3o distribu\u00edda) remota, com usinas de at\u00e9 5 MW. A ideia \u00e9 reduzir [&hellip;]\" \/>\n<meta property=\"og:url\" content=\"https:\/\/agenciainfra.com\/blog\/estados-e-municipios-investem-em-ppps-de-geracao-distribuida-para-diminuir-custos-com-energia\/\" \/>\n<meta property=\"og:site_name\" content=\"Ag\u00eancia iNFRA\" \/>\n<meta property=\"article:publisher\" content=\"https:\/\/www.facebook.com\/ageninfra\" \/>\n<meta property=\"article:published_time\" content=\"2020-01-28T11:00:54+00:00\" \/>\n<meta property=\"og:image\" content=\"https:\/\/agenciainfra.com\/blog\/wp-content\/uploads\/2020\/01\/painel-solar-foto-dominio-publico.jpg\" \/>\n\t<meta property=\"og:image:width\" content=\"1200\" \/>\n\t<meta property=\"og:image:height\" content=\"799\" \/>\n\t<meta property=\"og:image:type\" content=\"image\/jpeg\" \/>\n<meta name=\"author\" content=\"Rodrigo Zuquim\" \/>\n<meta name=\"twitter:card\" content=\"summary_large_image\" \/>\n<meta name=\"twitter:creator\" content=\"@agencia_infra\" \/>\n<meta name=\"twitter:site\" content=\"@agencia_infra\" \/>\n<meta name=\"twitter:label1\" content=\"Escrito por\" \/>\n\t<meta name=\"twitter:data1\" content=\"Rodrigo Zuquim\" \/>\n\t<meta name=\"twitter:label2\" content=\"Est. tempo de leitura\" \/>\n\t<meta name=\"twitter:data2\" content=\"5 minutos\" \/>\n<script type=\"application\/ld+json\" class=\"yoast-schema-graph\">{\"@context\":\"https:\/\/schema.org\",\"@graph\":[{\"@type\":\"Article\",\"@id\":\"https:\/\/agenciainfra.com\/blog\/estados-e-municipios-investem-em-ppps-de-geracao-distribuida-para-diminuir-custos-com-energia\/#article\",\"isPartOf\":{\"@id\":\"https:\/\/agenciainfra.com\/blog\/estados-e-municipios-investem-em-ppps-de-geracao-distribuida-para-diminuir-custos-com-energia\/\"},\"author\":{\"name\":\"Rodrigo Zuquim\",\"@id\":\"https:\/\/agenciainfra.com\/blog\/#\/schema\/person\/04dbb79bd6d8951f063da71f3e4c1eb1\"},\"headline\":\"Estados e munic\u00edpios investem em PPPs de gera\u00e7\u00e3o distribu\u00edda para diminuir custos com energia\",\"datePublished\":\"2020-01-28T11:00:54+00:00\",\"mainEntityOfPage\":{\"@id\":\"https:\/\/agenciainfra.com\/blog\/estados-e-municipios-investem-em-ppps-de-geracao-distribuida-para-diminuir-custos-com-energia\/\"},\"wordCount\":982,\"publisher\":{\"@id\":\"https:\/\/agenciainfra.com\/blog\/#organization\"},\"image\":{\"@id\":\"https:\/\/agenciainfra.com\/blog\/estados-e-municipios-investem-em-ppps-de-geracao-distribuida-para-diminuir-custos-com-energia\/#primaryimage\"},\"thumbnailUrl\":\"https:\/\/agenciainfra.com\/blog\/wp-content\/uploads\/2020\/01\/painel-solar-foto-dominio-publico.jpg\",\"keywords\":[\"Abradee\",\"ANEEL\",\"energia solar\",\"gera\u00e7\u00e3o distribu\u00edda\",\"Glauber Faquineli\",\"Marcos Aur\u00e9lio Madureira\",\"Viviane Moura\"],\"articleSection\":[\"iNFRAEnergia\"],\"inLanguage\":\"pt-BR\",\"copyrightYear\":\"2020\",\"copyrightHolder\":{\"@id\":\"https:\/\/agenciainfra.com\/blog\/#organization\"}},{\"@type\":\"WebPage\",\"@id\":\"https:\/\/agenciainfra.com\/blog\/estados-e-municipios-investem-em-ppps-de-geracao-distribuida-para-diminuir-custos-com-energia\/\",\"url\":\"https:\/\/agenciainfra.com\/blog\/estados-e-municipios-investem-em-ppps-de-geracao-distribuida-para-diminuir-custos-com-energia\/\",\"name\":\"Estados e munic\u00edpios investem em PPPs de gera\u00e7\u00e3o distribu\u00edda para diminuir custos com energia - Ag\u00eancia iNFRA\",\"isPartOf\":{\"@id\":\"https:\/\/agenciainfra.com\/blog\/#website\"},\"primaryImageOfPage\":{\"@id\":\"https:\/\/agenciainfra.com\/blog\/estados-e-municipios-investem-em-ppps-de-geracao-distribuida-para-diminuir-custos-com-energia\/#primaryimage\"},\"image\":{\"@id\":\"https:\/\/agenciainfra.com\/blog\/estados-e-municipios-investem-em-ppps-de-geracao-distribuida-para-diminuir-custos-com-energia\/#primaryimage\"},\"thumbnailUrl\":\"https:\/\/agenciainfra.com\/blog\/wp-content\/uploads\/2020\/01\/painel-solar-foto-dominio-publico.jpg\",\"datePublished\":\"2020-01-28T11:00:54+00:00\",\"breadcrumb\":{\"@id\":\"https:\/\/agenciainfra.com\/blog\/estados-e-municipios-investem-em-ppps-de-geracao-distribuida-para-diminuir-custos-com-energia\/#breadcrumb\"},\"inLanguage\":\"pt-BR\",\"potentialAction\":[{\"@type\":\"ReadAction\",\"target\":[\"https:\/\/agenciainfra.com\/blog\/estados-e-municipios-investem-em-ppps-de-geracao-distribuida-para-diminuir-custos-com-energia\/\"]}]},{\"@type\":\"ImageObject\",\"inLanguage\":\"pt-BR\",\"@id\":\"https:\/\/agenciainfra.com\/blog\/estados-e-municipios-investem-em-ppps-de-geracao-distribuida-para-diminuir-custos-com-energia\/#primaryimage\",\"url\":\"https:\/\/agenciainfra.com\/blog\/wp-content\/uploads\/2020\/01\/painel-solar-foto-dominio-publico.jpg\",\"contentUrl\":\"https:\/\/agenciainfra.com\/blog\/wp-content\/uploads\/2020\/01\/painel-solar-foto-dominio-publico.jpg\",\"width\":1200,\"height\":799},{\"@type\":\"BreadcrumbList\",\"@id\":\"https:\/\/agenciainfra.com\/blog\/estados-e-municipios-investem-em-ppps-de-geracao-distribuida-para-diminuir-custos-com-energia\/#breadcrumb\",\"itemListElement\":[{\"@type\":\"ListItem\",\"position\":1,\"name\":\"In\u00edcio\",\"item\":\"https:\/\/agenciainfra.com\/blog\/\"},{\"@type\":\"ListItem\",\"position\":2,\"name\":\"Estados e munic\u00edpios investem em PPPs de gera\u00e7\u00e3o distribu\u00edda para diminuir custos com energia\"}]},{\"@type\":\"WebSite\",\"@id\":\"https:\/\/agenciainfra.com\/blog\/#website\",\"url\":\"https:\/\/agenciainfra.com\/blog\/\",\"name\":\"Ag\u00eancia iNFRA\",\"description\":\"Multiplataforma de informa\u00e7\u00e3o jornal\u00edstica refer\u00eancia na \u00e1rea de infraestrutura no Brasil!\",\"publisher\":{\"@id\":\"https:\/\/agenciainfra.com\/blog\/#organization\"},\"potentialAction\":[{\"@type\":\"SearchAction\",\"target\":{\"@type\":\"EntryPoint\",\"urlTemplate\":\"https:\/\/agenciainfra.com\/blog\/?s={search_term_string}\"},\"query-input\":{\"@type\":\"PropertyValueSpecification\",\"valueRequired\":true,\"valueName\":\"search_term_string\"}}],\"inLanguage\":\"pt-BR\"},{\"@type\":\"Organization\",\"@id\":\"https:\/\/agenciainfra.com\/blog\/#organization\",\"name\":\"Ag\u00eancia iNFRA\",\"url\":\"https:\/\/agenciainfra.com\/blog\/\",\"logo\":{\"@type\":\"ImageObject\",\"inLanguage\":\"pt-BR\",\"@id\":\"https:\/\/agenciainfra.com\/blog\/#\/schema\/logo\/image\/\",\"url\":\"https:\/\/agenciainfra.com\/blog\/wp-content\/uploads\/2023\/09\/iNFRA_5-e1761735885940.png\",\"contentUrl\":\"https:\/\/agenciainfra.com\/blog\/wp-content\/uploads\/2023\/09\/iNFRA_5-e1761735885940.png\",\"width\":1672,\"height\":454,\"caption\":\"Ag\u00eancia iNFRA\"},\"image\":{\"@id\":\"https:\/\/agenciainfra.com\/blog\/#\/schema\/logo\/image\/\"},\"sameAs\":[\"https:\/\/www.facebook.com\/ageninfra\",\"https:\/\/x.com\/agencia_infra\",\"https:\/\/www.linkedin.com\/company\/ag\u00eanciainfra\/\",\"https:\/\/www.instagram.com\/agenciainfra\/\"]},{\"@type\":\"Person\",\"@id\":\"https:\/\/agenciainfra.com\/blog\/#\/schema\/person\/04dbb79bd6d8951f063da71f3e4c1eb1\",\"name\":\"Rodrigo Zuquim\",\"image\":{\"@type\":\"ImageObject\",\"inLanguage\":\"pt-BR\",\"@id\":\"https:\/\/agenciainfra.com\/blog\/#\/schema\/person\/image\/\",\"url\":\"https:\/\/secure.gravatar.com\/avatar\/594abfe82761d620726242ff34ca472a705a4b97f16c790053a6b4c4035274d0?s=96&d=mm&r=g\",\"contentUrl\":\"https:\/\/secure.gravatar.com\/avatar\/594abfe82761d620726242ff34ca472a705a4b97f16c790053a6b4c4035274d0?s=96&d=mm&r=g\",\"caption\":\"Rodrigo Zuquim\"},\"url\":\"https:\/\/agenciainfra.com\/blog\/author\/rodrigo-zuquim\/\"}]}<\/script>\n<!-- \/ Yoast SEO Premium plugin. -->","yoast_head_json":{"title":"Estados e munic\u00edpios investem em PPPs de gera\u00e7\u00e3o distribu\u00edda para diminuir custos com energia - Ag\u00eancia iNFRA","robots":{"index":"index","follow":"follow","max-snippet":"max-snippet:-1","max-image-preview":"max-image-preview:large","max-video-preview":"max-video-preview:-1"},"canonical":"https:\/\/agenciainfra.com\/blog\/estados-e-municipios-investem-em-ppps-de-geracao-distribuida-para-diminuir-custos-com-energia\/","og_locale":"pt_BR","og_type":"article","og_title":"Estados e munic\u00edpios investem em PPPs de gera\u00e7\u00e3o distribu\u00edda para diminuir custos com energia","og_description":"Lucas Santin,\u00a0da Ag\u00eancia iNFRA Estados brasileiros como o Piau\u00ed e o Esp\u00edrito Santo, al\u00e9m do munic\u00edpio de Uberaba (MG), est\u00e3o investindo em PPPs (parcerias p\u00fablico-privadas) de energia solar para suprir a demanda dos pr\u00e9dios de \u00f3rg\u00e3os administrativos. Trata-se do uso de GD (gera\u00e7\u00e3o distribu\u00edda) remota, com usinas de at\u00e9 5 MW. A ideia \u00e9 reduzir [&hellip;]","og_url":"https:\/\/agenciainfra.com\/blog\/estados-e-municipios-investem-em-ppps-de-geracao-distribuida-para-diminuir-custos-com-energia\/","og_site_name":"Ag\u00eancia iNFRA","article_publisher":"https:\/\/www.facebook.com\/ageninfra","article_published_time":"2020-01-28T11:00:54+00:00","og_image":[{"width":1200,"height":799,"url":"https:\/\/agenciainfra.com\/blog\/wp-content\/uploads\/2020\/01\/painel-solar-foto-dominio-publico.jpg","type":"image\/jpeg"}],"author":"Rodrigo Zuquim","twitter_card":"summary_large_image","twitter_creator":"@agencia_infra","twitter_site":"@agencia_infra","twitter_misc":{"Escrito por":"Rodrigo Zuquim","Est. tempo de leitura":"5 minutos"},"schema":{"@context":"https:\/\/schema.org","@graph":[{"@type":"Article","@id":"https:\/\/agenciainfra.com\/blog\/estados-e-municipios-investem-em-ppps-de-geracao-distribuida-para-diminuir-custos-com-energia\/#article","isPartOf":{"@id":"https:\/\/agenciainfra.com\/blog\/estados-e-municipios-investem-em-ppps-de-geracao-distribuida-para-diminuir-custos-com-energia\/"},"author":{"name":"Rodrigo Zuquim","@id":"https:\/\/agenciainfra.com\/blog\/#\/schema\/person\/04dbb79bd6d8951f063da71f3e4c1eb1"},"headline":"Estados e munic\u00edpios investem em PPPs de gera\u00e7\u00e3o distribu\u00edda para diminuir custos com energia","datePublished":"2020-01-28T11:00:54+00:00","mainEntityOfPage":{"@id":"https:\/\/agenciainfra.com\/blog\/estados-e-municipios-investem-em-ppps-de-geracao-distribuida-para-diminuir-custos-com-energia\/"},"wordCount":982,"publisher":{"@id":"https:\/\/agenciainfra.com\/blog\/#organization"},"image":{"@id":"https:\/\/agenciainfra.com\/blog\/estados-e-municipios-investem-em-ppps-de-geracao-distribuida-para-diminuir-custos-com-energia\/#primaryimage"},"thumbnailUrl":"https:\/\/agenciainfra.com\/blog\/wp-content\/uploads\/2020\/01\/painel-solar-foto-dominio-publico.jpg","keywords":["Abradee","ANEEL","energia solar","gera\u00e7\u00e3o distribu\u00edda","Glauber Faquineli","Marcos Aur\u00e9lio Madureira","Viviane Moura"],"articleSection":["iNFRAEnergia"],"inLanguage":"pt-BR","copyrightYear":"2020","copyrightHolder":{"@id":"https:\/\/agenciainfra.com\/blog\/#organization"}},{"@type":"WebPage","@id":"https:\/\/agenciainfra.com\/blog\/estados-e-municipios-investem-em-ppps-de-geracao-distribuida-para-diminuir-custos-com-energia\/","url":"https:\/\/agenciainfra.com\/blog\/estados-e-municipios-investem-em-ppps-de-geracao-distribuida-para-diminuir-custos-com-energia\/","name":"Estados e munic\u00edpios investem em PPPs de gera\u00e7\u00e3o distribu\u00edda para diminuir custos com energia - Ag\u00eancia iNFRA","isPartOf":{"@id":"https:\/\/agenciainfra.com\/blog\/#website"},"primaryImageOfPage":{"@id":"https:\/\/agenciainfra.com\/blog\/estados-e-municipios-investem-em-ppps-de-geracao-distribuida-para-diminuir-custos-com-energia\/#primaryimage"},"image":{"@id":"https:\/\/agenciainfra.com\/blog\/estados-e-municipios-investem-em-ppps-de-geracao-distribuida-para-diminuir-custos-com-energia\/#primaryimage"},"thumbnailUrl":"https:\/\/agenciainfra.com\/blog\/wp-content\/uploads\/2020\/01\/painel-solar-foto-dominio-publico.jpg","datePublished":"2020-01-28T11:00:54+00:00","breadcrumb":{"@id":"https:\/\/agenciainfra.com\/blog\/estados-e-municipios-investem-em-ppps-de-geracao-distribuida-para-diminuir-custos-com-energia\/#breadcrumb"},"inLanguage":"pt-BR","potentialAction":[{"@type":"ReadAction","target":["https:\/\/agenciainfra.com\/blog\/estados-e-municipios-investem-em-ppps-de-geracao-distribuida-para-diminuir-custos-com-energia\/"]}]},{"@type":"ImageObject","inLanguage":"pt-BR","@id":"https:\/\/agenciainfra.com\/blog\/estados-e-municipios-investem-em-ppps-de-geracao-distribuida-para-diminuir-custos-com-energia\/#primaryimage","url":"https:\/\/agenciainfra.com\/blog\/wp-content\/uploads\/2020\/01\/painel-solar-foto-dominio-publico.jpg","contentUrl":"https:\/\/agenciainfra.com\/blog\/wp-content\/uploads\/2020\/01\/painel-solar-foto-dominio-publico.jpg","width":1200,"height":799},{"@type":"BreadcrumbList","@id":"https:\/\/agenciainfra.com\/blog\/estados-e-municipios-investem-em-ppps-de-geracao-distribuida-para-diminuir-custos-com-energia\/#breadcrumb","itemListElement":[{"@type":"ListItem","position":1,"name":"In\u00edcio","item":"https:\/\/agenciainfra.com\/blog\/"},{"@type":"ListItem","position":2,"name":"Estados e munic\u00edpios investem em PPPs de gera\u00e7\u00e3o distribu\u00edda para diminuir custos com energia"}]},{"@type":"WebSite","@id":"https:\/\/agenciainfra.com\/blog\/#website","url":"https:\/\/agenciainfra.com\/blog\/","name":"Ag\u00eancia iNFRA","description":"Multiplataforma de informa\u00e7\u00e3o jornal\u00edstica refer\u00eancia na \u00e1rea de infraestrutura no Brasil!","publisher":{"@id":"https:\/\/agenciainfra.com\/blog\/#organization"},"potentialAction":[{"@type":"SearchAction","target":{"@type":"EntryPoint","urlTemplate":"https:\/\/agenciainfra.com\/blog\/?s={search_term_string}"},"query-input":{"@type":"PropertyValueSpecification","valueRequired":true,"valueName":"search_term_string"}}],"inLanguage":"pt-BR"},{"@type":"Organization","@id":"https:\/\/agenciainfra.com\/blog\/#organization","name":"Ag\u00eancia iNFRA","url":"https:\/\/agenciainfra.com\/blog\/","logo":{"@type":"ImageObject","inLanguage":"pt-BR","@id":"https:\/\/agenciainfra.com\/blog\/#\/schema\/logo\/image\/","url":"https:\/\/agenciainfra.com\/blog\/wp-content\/uploads\/2023\/09\/iNFRA_5-e1761735885940.png","contentUrl":"https:\/\/agenciainfra.com\/blog\/wp-content\/uploads\/2023\/09\/iNFRA_5-e1761735885940.png","width":1672,"height":454,"caption":"Ag\u00eancia iNFRA"},"image":{"@id":"https:\/\/agenciainfra.com\/blog\/#\/schema\/logo\/image\/"},"sameAs":["https:\/\/www.facebook.com\/ageninfra","https:\/\/x.com\/agencia_infra","https:\/\/www.linkedin.com\/company\/ag\u00eanciainfra\/","https:\/\/www.instagram.com\/agenciainfra\/"]},{"@type":"Person","@id":"https:\/\/agenciainfra.com\/blog\/#\/schema\/person\/04dbb79bd6d8951f063da71f3e4c1eb1","name":"Rodrigo Zuquim","image":{"@type":"ImageObject","inLanguage":"pt-BR","@id":"https:\/\/agenciainfra.com\/blog\/#\/schema\/person\/image\/","url":"https:\/\/secure.gravatar.com\/avatar\/594abfe82761d620726242ff34ca472a705a4b97f16c790053a6b4c4035274d0?s=96&d=mm&r=g","contentUrl":"https:\/\/secure.gravatar.com\/avatar\/594abfe82761d620726242ff34ca472a705a4b97f16c790053a6b4c4035274d0?s=96&d=mm&r=g","caption":"Rodrigo Zuquim"},"url":"https:\/\/agenciainfra.com\/blog\/author\/rodrigo-zuquim\/"}]}},"_links":{"self":[{"href":"https:\/\/agenciainfra.com\/blog\/wp-json\/wp\/v2\/posts\/4309","targetHints":{"allow":["GET"]}}],"collection":[{"href":"https:\/\/agenciainfra.com\/blog\/wp-json\/wp\/v2\/posts"}],"about":[{"href":"https:\/\/agenciainfra.com\/blog\/wp-json\/wp\/v2\/types\/post"}],"author":[{"embeddable":true,"href":"https:\/\/agenciainfra.com\/blog\/wp-json\/wp\/v2\/users\/9"}],"replies":[{"embeddable":true,"href":"https:\/\/agenciainfra.com\/blog\/wp-json\/wp\/v2\/comments?post=4309"}],"version-history":[{"count":0,"href":"https:\/\/agenciainfra.com\/blog\/wp-json\/wp\/v2\/posts\/4309\/revisions"}],"wp:featuredmedia":[{"embeddable":true,"href":"https:\/\/agenciainfra.com\/blog\/wp-json\/wp\/v2\/media\/4310"}],"wp:attachment":[{"href":"https:\/\/agenciainfra.com\/blog\/wp-json\/wp\/v2\/media?parent=4309"}],"wp:term":[{"taxonomy":"category","embeddable":true,"href":"https:\/\/agenciainfra.com\/blog\/wp-json\/wp\/v2\/categories?post=4309"},{"taxonomy":"post_tag","embeddable":true,"href":"https:\/\/agenciainfra.com\/blog\/wp-json\/wp\/v2\/tags?post=4309"}],"curies":[{"name":"wp","href":"https:\/\/api.w.org\/{rel}","templated":true}]}}