{"id":4314,"date":"2020-01-31T08:00:36","date_gmt":"2020-01-31T11:00:36","guid":{"rendered":"http:\/\/www.agenciainfra.com\/blog\/?p=4314"},"modified":"2020-01-30T11:33:56","modified_gmt":"2020-01-30T14:33:56","slug":"tcu-aponta-falta-de-planejamento-e-desperdicio-de-recursos-nas-obras-de-rodovias-federais","status":"publish","type":"post","link":"https:\/\/agenciainfra.com\/blog\/tcu-aponta-falta-de-planejamento-e-desperdicio-de-recursos-nas-obras-de-rodovias-federais\/","title":{"rendered":"TCU aponta falta de planejamento e desperd\u00edcio de recursos nas obras de rodovias federais"},"content":{"rendered":"<div>\n<h5 style=\"text-align: right;\"><strong>Dimmi Amora, da\u00a0Ag\u00eancia iNFRA<\/strong><\/h5>\n<p>Duas auditorias conclu\u00eddas pelo TCU (Tribunal de Contas da Uni\u00e3o) no ano passado mostraram que as obras para a implanta\u00e7\u00e3o e de manuten\u00e7\u00e3o de rodovias federais sofrem com falta de planejamento, desperdi\u00e7am recursos p\u00fablicos e est\u00e3o aqu\u00e9m do necess\u00e1rio.<\/p>\n<p>Os trabalhos foram aprovados pelo plen\u00e1rio do \u00f3rg\u00e3o na semana passada e levaram \u00e0 expedi\u00e7\u00e3o de uma s\u00e9rie de recomenda\u00e7\u00f5es e determina\u00e7\u00f5es ao DNIT (Departamento Nacional de Infraestrutura de Transportes), respons\u00e1vel pela execu\u00e7\u00e3o dos servi\u00e7os.<\/p>\n<p>Os auditores da SeinfraRodoviasAvia\u00e7\u00e3o realizaram o levantamento de informa\u00e7\u00f5es no \u00f3rg\u00e3o no ano de 2018. Em uma primeira fiscaliza\u00e7\u00e3o, focaram em contratos de manuten\u00e7\u00e3o de rodovias. Na outra, a auditoria se concentrou nos contratos de supervis\u00e3o e gerenciamento das obras de rodovias.<\/p>\n<p>A falta de qualidade dos servi\u00e7os faz com que o levantamento do pr\u00f3prio \u00f3rg\u00e3o mostre que 22% da sua malha estejam em estado ruim ou p\u00e9ssimo, o que equivale a 12,8 mil quil\u00f4metros de rodovias. Em alguns estados, esse percentual passa dos 30%.<\/p>\n<p>De acordo com o relator, ministro Bruno Dantas, o \u00f3rg\u00e3o estava em 2019 sem contrato de manuten\u00e7\u00e3o para pelo menos 10% da extens\u00e3o que tem que cuidar. A \u00e1rea t\u00e9cnica prop\u00f4s uma determina\u00e7\u00e3o para dar prazo ao \u00f3rg\u00e3o para contratar manuten\u00e7\u00e3o para toda a malha, mas o ministro entendeu que o \u00f3rg\u00e3o j\u00e1 estava tomando as provid\u00eancias e que h\u00e1 falta de or\u00e7amento para tal. Por isso, n\u00e3o houve determina\u00e7\u00e3o.<\/p>\n<p>Os contratos existentes, segundo a auditoria, sofrem de m\u00e1 qualidade desde o planejamento da contrata\u00e7\u00e3o. H\u00e1 ainda falhas na forma de medi\u00e7\u00e3o e gest\u00e3o desses contratos durante sua execu\u00e7\u00e3o. Os ministros emitiram uma recomenda\u00e7\u00e3o para que o DNIT mude sua forma de contratar a manuten\u00e7\u00e3o das rodovias.<\/p>\n<p>&#8220;(&#8230;) remunera\u00e7\u00e3o do contratado ao efetivo alcance de resultados, com a fixa\u00e7\u00e3o de um pre\u00e7o global a ser pago mensalmente na propor\u00e7\u00e3o do grau de atingimento de padr\u00f5es de desempenho previamente acordados para privilegiar o conforto e a seguran\u00e7a dos usu\u00e1rios, em vez do modelo alicer\u00e7ado unicamente no volume dos servi\u00e7os executados&#8221;, recomenda o \u00f3rg\u00e3o.<\/p>\n<p>O ac\u00f3rd\u00e3o est\u00e1 dispon\u00edvel\u00a0<a href=\"https:\/\/agenciainfra.us14.list-manage.com\/track\/click?u=d460dd1bcf9ba0ae040e1fc0f&amp;id=20a080f92e&amp;e=c099169394\" target=\"_blank\" rel=\"noopener noreferrer\" data-saferedirecturl=\"https:\/\/www.google.com\/url?q=https:\/\/agenciainfra.us14.list-manage.com\/track\/click?u%3Dd460dd1bcf9ba0ae040e1fc0f%26id%3D20a080f92e%26e%3Dc099169394&amp;source=gmail&amp;ust=1580249757919000&amp;usg=AFQjCNHddcJf1LuCe608XTpS6B8dKxM56A\">neste link<\/a>.<\/p>\n<p><strong>Supervis\u00e3o e Gerenciamento<\/strong><br \/>\nNos contratos de supervis\u00e3o e gerenciamento, as falhas encontradas foram mais graves e geraram dos ministros uma s\u00e9rie de determina\u00e7\u00f5es ao DNIT, com prazos para execu\u00e7\u00e3o de mudan\u00e7as em at\u00e9 90 dias.<\/p>\n<p>O principal problema constatado foi o descasamento entre os contratos de obras e de supervis\u00e3o e gerenciamento. Quando as obras n\u00e3o recebem recursos, os contratos de supervis\u00e3o e gerenciamento acabam ficando superdimensionados, levando ao que os t\u00e9cnicos classificaram como &#8220;desperd\u00edcio de recursos&#8221;.<\/p>\n<p>O \u00f3rg\u00e3o deu 90 dias para que o DNIT elabore um plano para redimensionamento de equipes de contratos de supervis\u00e3o e gerenciamento e 60 dias para reequilibrar os contratos que est\u00e3o desperdi\u00e7ando recursos. O \u00f3rg\u00e3o tamb\u00e9m proibiu o departamento de fazer reajustes acima de 25% do contrato, o que foi encontrado em v\u00e1rias situa\u00e7\u00f5es e n\u00e3o \u00e9 permitido.<\/p>\n<p>Foram apontadas ainda inexecu\u00e7\u00e3o por parte das contratadas de itens dos contratos para o qual elas foram pagas. Na decis\u00e3o, os ministros tamb\u00e9m recomendaram diversas mudan\u00e7as em normativos do pr\u00f3prio \u00f3rg\u00e3o para melhorar a transpar\u00eancia e a execu\u00e7\u00e3o desses contratos.<\/p>\n<p>A decis\u00e3o est\u00e1 dispon\u00edvel\u00a0<a href=\"https:\/\/agenciainfra.us14.list-manage.com\/track\/click?u=d460dd1bcf9ba0ae040e1fc0f&amp;id=ab4bc77285&amp;e=c099169394\" target=\"_blank\" rel=\"noopener noreferrer\" data-saferedirecturl=\"https:\/\/www.google.com\/url?q=https:\/\/agenciainfra.us14.list-manage.com\/track\/click?u%3Dd460dd1bcf9ba0ae040e1fc0f%26id%3Dab4bc77285%26e%3Dc099169394&amp;source=gmail&amp;ust=1580249757919000&amp;usg=AFQjCNH8LEf0H2hmWVHZfaciCmVqvaURWA\">neste link<\/a>.<\/p>\n<\/div>\n","protected":false},"excerpt":{"rendered":"<p>Dimmi Amora, da\u00a0Ag\u00eancia iNFRA Duas auditorias conclu\u00eddas pelo TCU (Tribunal de Contas da Uni\u00e3o) no ano passado mostraram que as obras para a implanta\u00e7\u00e3o e de manuten\u00e7\u00e3o de rodovias federais sofrem com falta de planejamento, desperdi\u00e7am recursos p\u00fablicos e est\u00e3o aqu\u00e9m do necess\u00e1rio. Os trabalhos foram aprovados pelo plen\u00e1rio do \u00f3rg\u00e3o na semana passada e [&hellip;]<\/p>\n","protected":false},"author":9,"featured_media":4315,"comment_status":"closed","ping_status":"closed","sticky":false,"template":"","format":"standard","meta":{"_monsterinsights_skip_tracking":false,"_monsterinsights_sitenote_active":false,"_monsterinsights_sitenote_note":"","_monsterinsights_sitenote_category":0,"footnotes":""},"categories":[7],"tags":[396,1640,328,433,18,927],"class_list":["post-4314","post","type-post","status-publish","format-standard","has-post-thumbnail","hentry","category-infratransporte","tag-bruno-dantas","tag-departamento-nacional-de-infraestrutura-de-transportes","tag-dnit","tag-rodovias-federais","tag-tcu","tag-tribunal-de-contas-da-uniao"],"yoast_head":"<!-- This site is optimized with the Yoast SEO Premium plugin v25.4 (Yoast SEO v26.0) - https:\/\/yoast.com\/wordpress\/plugins\/seo\/ -->\n<title>TCU aponta falta de planejamento e desperd\u00edcio de recursos nas obras de rodovias federais - Ag\u00eancia iNFRA<\/title>\n<meta name=\"robots\" content=\"index, follow, max-snippet:-1, max-image-preview:large, max-video-preview:-1\" \/>\n<link rel=\"canonical\" href=\"https:\/\/agenciainfra.com\/blog\/tcu-aponta-falta-de-planejamento-e-desperdicio-de-recursos-nas-obras-de-rodovias-federais\/\" \/>\n<meta property=\"og:locale\" content=\"pt_BR\" \/>\n<meta property=\"og:type\" content=\"article\" \/>\n<meta property=\"og:title\" content=\"TCU aponta falta de planejamento e desperd\u00edcio de recursos nas obras de rodovias federais\" \/>\n<meta property=\"og:description\" content=\"Dimmi Amora, da\u00a0Ag\u00eancia iNFRA Duas auditorias conclu\u00eddas pelo TCU (Tribunal de Contas da Uni\u00e3o) no ano passado mostraram que as obras para a implanta\u00e7\u00e3o e de manuten\u00e7\u00e3o de rodovias federais sofrem com falta de planejamento, desperdi\u00e7am recursos p\u00fablicos e est\u00e3o aqu\u00e9m do necess\u00e1rio. Os trabalhos foram aprovados pelo plen\u00e1rio do \u00f3rg\u00e3o na semana passada e [&hellip;]\" \/>\n<meta property=\"og:url\" content=\"https:\/\/agenciainfra.com\/blog\/tcu-aponta-falta-de-planejamento-e-desperdicio-de-recursos-nas-obras-de-rodovias-federais\/\" \/>\n<meta property=\"og:site_name\" content=\"Ag\u00eancia iNFRA\" \/>\n<meta property=\"article:publisher\" content=\"https:\/\/www.facebook.com\/ageninfra\" \/>\n<meta property=\"article:published_time\" content=\"2020-01-31T11:00:36+00:00\" \/>\n<meta property=\"og:image\" content=\"https:\/\/agenciainfra.com\/blog\/wp-content\/uploads\/2020\/01\/obra-dnit-e1662127342868.jpeg\" \/>\n\t<meta property=\"og:image:width\" content=\"768\" \/>\n\t<meta property=\"og:image:height\" content=\"575\" \/>\n\t<meta property=\"og:image:type\" content=\"image\/jpeg\" \/>\n<meta name=\"author\" content=\"Rodrigo Zuquim\" \/>\n<meta name=\"twitter:card\" content=\"summary_large_image\" \/>\n<meta name=\"twitter:creator\" content=\"@agencia_infra\" \/>\n<meta name=\"twitter:site\" content=\"@agencia_infra\" \/>\n<meta name=\"twitter:label1\" content=\"Escrito por\" \/>\n\t<meta name=\"twitter:data1\" content=\"Rodrigo Zuquim\" \/>\n\t<meta name=\"twitter:label2\" content=\"Est. tempo de leitura\" \/>\n\t<meta name=\"twitter:data2\" content=\"3 minutos\" \/>\n<script type=\"application\/ld+json\" class=\"yoast-schema-graph\">{\"@context\":\"https:\/\/schema.org\",\"@graph\":[{\"@type\":\"Article\",\"@id\":\"https:\/\/agenciainfra.com\/blog\/tcu-aponta-falta-de-planejamento-e-desperdicio-de-recursos-nas-obras-de-rodovias-federais\/#article\",\"isPartOf\":{\"@id\":\"https:\/\/agenciainfra.com\/blog\/tcu-aponta-falta-de-planejamento-e-desperdicio-de-recursos-nas-obras-de-rodovias-federais\/\"},\"author\":{\"name\":\"Rodrigo Zuquim\",\"@id\":\"https:\/\/agenciainfra.com\/blog\/#\/schema\/person\/04dbb79bd6d8951f063da71f3e4c1eb1\"},\"headline\":\"TCU aponta falta de planejamento e desperd\u00edcio de recursos nas obras de rodovias federais\",\"datePublished\":\"2020-01-31T11:00:36+00:00\",\"mainEntityOfPage\":{\"@id\":\"https:\/\/agenciainfra.com\/blog\/tcu-aponta-falta-de-planejamento-e-desperdicio-de-recursos-nas-obras-de-rodovias-federais\/\"},\"wordCount\":617,\"publisher\":{\"@id\":\"https:\/\/agenciainfra.com\/blog\/#organization\"},\"image\":{\"@id\":\"https:\/\/agenciainfra.com\/blog\/tcu-aponta-falta-de-planejamento-e-desperdicio-de-recursos-nas-obras-de-rodovias-federais\/#primaryimage\"},\"thumbnailUrl\":\"https:\/\/agenciainfra.com\/blog\/wp-content\/uploads\/2020\/01\/obra-dnit-e1662127342868.jpeg\",\"keywords\":[\"Bruno Dantas\",\"Departamento Nacional de Infraestrutura de Transportes\",\"DNIT\",\"rodovias federais\",\"TCU\",\"Tribunal de Contas da Uni\u00e3o\"],\"articleSection\":[\"iNFRATransporte\"],\"inLanguage\":\"pt-BR\",\"copyrightYear\":\"2020\",\"copyrightHolder\":{\"@id\":\"https:\/\/agenciainfra.com\/blog\/#organization\"}},{\"@type\":\"WebPage\",\"@id\":\"https:\/\/agenciainfra.com\/blog\/tcu-aponta-falta-de-planejamento-e-desperdicio-de-recursos-nas-obras-de-rodovias-federais\/\",\"url\":\"https:\/\/agenciainfra.com\/blog\/tcu-aponta-falta-de-planejamento-e-desperdicio-de-recursos-nas-obras-de-rodovias-federais\/\",\"name\":\"TCU aponta falta de planejamento e desperd\u00edcio de recursos nas obras de rodovias federais - Ag\u00eancia iNFRA\",\"isPartOf\":{\"@id\":\"https:\/\/agenciainfra.com\/blog\/#website\"},\"primaryImageOfPage\":{\"@id\":\"https:\/\/agenciainfra.com\/blog\/tcu-aponta-falta-de-planejamento-e-desperdicio-de-recursos-nas-obras-de-rodovias-federais\/#primaryimage\"},\"image\":{\"@id\":\"https:\/\/agenciainfra.com\/blog\/tcu-aponta-falta-de-planejamento-e-desperdicio-de-recursos-nas-obras-de-rodovias-federais\/#primaryimage\"},\"thumbnailUrl\":\"https:\/\/agenciainfra.com\/blog\/wp-content\/uploads\/2020\/01\/obra-dnit-e1662127342868.jpeg\",\"datePublished\":\"2020-01-31T11:00:36+00:00\",\"breadcrumb\":{\"@id\":\"https:\/\/agenciainfra.com\/blog\/tcu-aponta-falta-de-planejamento-e-desperdicio-de-recursos-nas-obras-de-rodovias-federais\/#breadcrumb\"},\"inLanguage\":\"pt-BR\",\"potentialAction\":[{\"@type\":\"ReadAction\",\"target\":[\"https:\/\/agenciainfra.com\/blog\/tcu-aponta-falta-de-planejamento-e-desperdicio-de-recursos-nas-obras-de-rodovias-federais\/\"]}]},{\"@type\":\"ImageObject\",\"inLanguage\":\"pt-BR\",\"@id\":\"https:\/\/agenciainfra.com\/blog\/tcu-aponta-falta-de-planejamento-e-desperdicio-de-recursos-nas-obras-de-rodovias-federais\/#primaryimage\",\"url\":\"https:\/\/agenciainfra.com\/blog\/wp-content\/uploads\/2020\/01\/obra-dnit-e1662127342868.jpeg\",\"contentUrl\":\"https:\/\/agenciainfra.com\/blog\/wp-content\/uploads\/2020\/01\/obra-dnit-e1662127342868.jpeg\",\"width\":768,\"height\":575,\"caption\":\"Foto: Divulga\u00e7\u00e3o\/DNIT\"},{\"@type\":\"BreadcrumbList\",\"@id\":\"https:\/\/agenciainfra.com\/blog\/tcu-aponta-falta-de-planejamento-e-desperdicio-de-recursos-nas-obras-de-rodovias-federais\/#breadcrumb\",\"itemListElement\":[{\"@type\":\"ListItem\",\"position\":1,\"name\":\"In\u00edcio\",\"item\":\"https:\/\/agenciainfra.com\/blog\/\"},{\"@type\":\"ListItem\",\"position\":2,\"name\":\"TCU aponta falta de planejamento e desperd\u00edcio de recursos nas obras de rodovias federais\"}]},{\"@type\":\"WebSite\",\"@id\":\"https:\/\/agenciainfra.com\/blog\/#website\",\"url\":\"https:\/\/agenciainfra.com\/blog\/\",\"name\":\"Ag\u00eancia iNFRA\",\"description\":\"Multiplataforma de informa\u00e7\u00e3o jornal\u00edstica refer\u00eancia na \u00e1rea de infraestrutura no Brasil!\",\"publisher\":{\"@id\":\"https:\/\/agenciainfra.com\/blog\/#organization\"},\"potentialAction\":[{\"@type\":\"SearchAction\",\"target\":{\"@type\":\"EntryPoint\",\"urlTemplate\":\"https:\/\/agenciainfra.com\/blog\/?s={search_term_string}\"},\"query-input\":{\"@type\":\"PropertyValueSpecification\",\"valueRequired\":true,\"valueName\":\"search_term_string\"}}],\"inLanguage\":\"pt-BR\"},{\"@type\":\"Organization\",\"@id\":\"https:\/\/agenciainfra.com\/blog\/#organization\",\"name\":\"Ag\u00eancia iNFRA\",\"url\":\"https:\/\/agenciainfra.com\/blog\/\",\"logo\":{\"@type\":\"ImageObject\",\"inLanguage\":\"pt-BR\",\"@id\":\"https:\/\/agenciainfra.com\/blog\/#\/schema\/logo\/image\/\",\"url\":\"https:\/\/agenciainfra.com\/blog\/wp-content\/uploads\/2023\/09\/iNFRA_5-e1761735885940.png\",\"contentUrl\":\"https:\/\/agenciainfra.com\/blog\/wp-content\/uploads\/2023\/09\/iNFRA_5-e1761735885940.png\",\"width\":1672,\"height\":454,\"caption\":\"Ag\u00eancia iNFRA\"},\"image\":{\"@id\":\"https:\/\/agenciainfra.com\/blog\/#\/schema\/logo\/image\/\"},\"sameAs\":[\"https:\/\/www.facebook.com\/ageninfra\",\"https:\/\/x.com\/agencia_infra\",\"https:\/\/www.linkedin.com\/company\/ag\u00eanciainfra\/\",\"https:\/\/www.instagram.com\/agenciainfra\/\"]},{\"@type\":\"Person\",\"@id\":\"https:\/\/agenciainfra.com\/blog\/#\/schema\/person\/04dbb79bd6d8951f063da71f3e4c1eb1\",\"name\":\"Rodrigo Zuquim\",\"image\":{\"@type\":\"ImageObject\",\"inLanguage\":\"pt-BR\",\"@id\":\"https:\/\/agenciainfra.com\/blog\/#\/schema\/person\/image\/\",\"url\":\"https:\/\/secure.gravatar.com\/avatar\/594abfe82761d620726242ff34ca472a705a4b97f16c790053a6b4c4035274d0?s=96&d=mm&r=g\",\"contentUrl\":\"https:\/\/secure.gravatar.com\/avatar\/594abfe82761d620726242ff34ca472a705a4b97f16c790053a6b4c4035274d0?s=96&d=mm&r=g\",\"caption\":\"Rodrigo Zuquim\"},\"url\":\"https:\/\/agenciainfra.com\/blog\/author\/rodrigo-zuquim\/\"}]}<\/script>\n<!-- \/ Yoast SEO Premium plugin. -->","yoast_head_json":{"title":"TCU aponta falta de planejamento e desperd\u00edcio de recursos nas obras de rodovias federais - Ag\u00eancia iNFRA","robots":{"index":"index","follow":"follow","max-snippet":"max-snippet:-1","max-image-preview":"max-image-preview:large","max-video-preview":"max-video-preview:-1"},"canonical":"https:\/\/agenciainfra.com\/blog\/tcu-aponta-falta-de-planejamento-e-desperdicio-de-recursos-nas-obras-de-rodovias-federais\/","og_locale":"pt_BR","og_type":"article","og_title":"TCU aponta falta de planejamento e desperd\u00edcio de recursos nas obras de rodovias federais","og_description":"Dimmi Amora, da\u00a0Ag\u00eancia iNFRA Duas auditorias conclu\u00eddas pelo TCU (Tribunal de Contas da Uni\u00e3o) no ano passado mostraram que as obras para a implanta\u00e7\u00e3o e de manuten\u00e7\u00e3o de rodovias federais sofrem com falta de planejamento, desperdi\u00e7am recursos p\u00fablicos e est\u00e3o aqu\u00e9m do necess\u00e1rio. Os trabalhos foram aprovados pelo plen\u00e1rio do \u00f3rg\u00e3o na semana passada e [&hellip;]","og_url":"https:\/\/agenciainfra.com\/blog\/tcu-aponta-falta-de-planejamento-e-desperdicio-de-recursos-nas-obras-de-rodovias-federais\/","og_site_name":"Ag\u00eancia iNFRA","article_publisher":"https:\/\/www.facebook.com\/ageninfra","article_published_time":"2020-01-31T11:00:36+00:00","og_image":[{"width":768,"height":575,"url":"https:\/\/agenciainfra.com\/blog\/wp-content\/uploads\/2020\/01\/obra-dnit-e1662127342868.jpeg","type":"image\/jpeg"}],"author":"Rodrigo Zuquim","twitter_card":"summary_large_image","twitter_creator":"@agencia_infra","twitter_site":"@agencia_infra","twitter_misc":{"Escrito por":"Rodrigo Zuquim","Est. tempo de leitura":"3 minutos"},"schema":{"@context":"https:\/\/schema.org","@graph":[{"@type":"Article","@id":"https:\/\/agenciainfra.com\/blog\/tcu-aponta-falta-de-planejamento-e-desperdicio-de-recursos-nas-obras-de-rodovias-federais\/#article","isPartOf":{"@id":"https:\/\/agenciainfra.com\/blog\/tcu-aponta-falta-de-planejamento-e-desperdicio-de-recursos-nas-obras-de-rodovias-federais\/"},"author":{"name":"Rodrigo Zuquim","@id":"https:\/\/agenciainfra.com\/blog\/#\/schema\/person\/04dbb79bd6d8951f063da71f3e4c1eb1"},"headline":"TCU aponta falta de planejamento e desperd\u00edcio de recursos nas obras de rodovias federais","datePublished":"2020-01-31T11:00:36+00:00","mainEntityOfPage":{"@id":"https:\/\/agenciainfra.com\/blog\/tcu-aponta-falta-de-planejamento-e-desperdicio-de-recursos-nas-obras-de-rodovias-federais\/"},"wordCount":617,"publisher":{"@id":"https:\/\/agenciainfra.com\/blog\/#organization"},"image":{"@id":"https:\/\/agenciainfra.com\/blog\/tcu-aponta-falta-de-planejamento-e-desperdicio-de-recursos-nas-obras-de-rodovias-federais\/#primaryimage"},"thumbnailUrl":"https:\/\/agenciainfra.com\/blog\/wp-content\/uploads\/2020\/01\/obra-dnit-e1662127342868.jpeg","keywords":["Bruno Dantas","Departamento Nacional de Infraestrutura de Transportes","DNIT","rodovias federais","TCU","Tribunal de Contas da Uni\u00e3o"],"articleSection":["iNFRATransporte"],"inLanguage":"pt-BR","copyrightYear":"2020","copyrightHolder":{"@id":"https:\/\/agenciainfra.com\/blog\/#organization"}},{"@type":"WebPage","@id":"https:\/\/agenciainfra.com\/blog\/tcu-aponta-falta-de-planejamento-e-desperdicio-de-recursos-nas-obras-de-rodovias-federais\/","url":"https:\/\/agenciainfra.com\/blog\/tcu-aponta-falta-de-planejamento-e-desperdicio-de-recursos-nas-obras-de-rodovias-federais\/","name":"TCU aponta falta de planejamento e desperd\u00edcio de recursos nas obras de rodovias federais - Ag\u00eancia iNFRA","isPartOf":{"@id":"https:\/\/agenciainfra.com\/blog\/#website"},"primaryImageOfPage":{"@id":"https:\/\/agenciainfra.com\/blog\/tcu-aponta-falta-de-planejamento-e-desperdicio-de-recursos-nas-obras-de-rodovias-federais\/#primaryimage"},"image":{"@id":"https:\/\/agenciainfra.com\/blog\/tcu-aponta-falta-de-planejamento-e-desperdicio-de-recursos-nas-obras-de-rodovias-federais\/#primaryimage"},"thumbnailUrl":"https:\/\/agenciainfra.com\/blog\/wp-content\/uploads\/2020\/01\/obra-dnit-e1662127342868.jpeg","datePublished":"2020-01-31T11:00:36+00:00","breadcrumb":{"@id":"https:\/\/agenciainfra.com\/blog\/tcu-aponta-falta-de-planejamento-e-desperdicio-de-recursos-nas-obras-de-rodovias-federais\/#breadcrumb"},"inLanguage":"pt-BR","potentialAction":[{"@type":"ReadAction","target":["https:\/\/agenciainfra.com\/blog\/tcu-aponta-falta-de-planejamento-e-desperdicio-de-recursos-nas-obras-de-rodovias-federais\/"]}]},{"@type":"ImageObject","inLanguage":"pt-BR","@id":"https:\/\/agenciainfra.com\/blog\/tcu-aponta-falta-de-planejamento-e-desperdicio-de-recursos-nas-obras-de-rodovias-federais\/#primaryimage","url":"https:\/\/agenciainfra.com\/blog\/wp-content\/uploads\/2020\/01\/obra-dnit-e1662127342868.jpeg","contentUrl":"https:\/\/agenciainfra.com\/blog\/wp-content\/uploads\/2020\/01\/obra-dnit-e1662127342868.jpeg","width":768,"height":575,"caption":"Foto: Divulga\u00e7\u00e3o\/DNIT"},{"@type":"BreadcrumbList","@id":"https:\/\/agenciainfra.com\/blog\/tcu-aponta-falta-de-planejamento-e-desperdicio-de-recursos-nas-obras-de-rodovias-federais\/#breadcrumb","itemListElement":[{"@type":"ListItem","position":1,"name":"In\u00edcio","item":"https:\/\/agenciainfra.com\/blog\/"},{"@type":"ListItem","position":2,"name":"TCU aponta falta de planejamento e desperd\u00edcio de recursos nas obras de rodovias federais"}]},{"@type":"WebSite","@id":"https:\/\/agenciainfra.com\/blog\/#website","url":"https:\/\/agenciainfra.com\/blog\/","name":"Ag\u00eancia iNFRA","description":"Multiplataforma de informa\u00e7\u00e3o jornal\u00edstica refer\u00eancia na \u00e1rea de infraestrutura no Brasil!","publisher":{"@id":"https:\/\/agenciainfra.com\/blog\/#organization"},"potentialAction":[{"@type":"SearchAction","target":{"@type":"EntryPoint","urlTemplate":"https:\/\/agenciainfra.com\/blog\/?s={search_term_string}"},"query-input":{"@type":"PropertyValueSpecification","valueRequired":true,"valueName":"search_term_string"}}],"inLanguage":"pt-BR"},{"@type":"Organization","@id":"https:\/\/agenciainfra.com\/blog\/#organization","name":"Ag\u00eancia iNFRA","url":"https:\/\/agenciainfra.com\/blog\/","logo":{"@type":"ImageObject","inLanguage":"pt-BR","@id":"https:\/\/agenciainfra.com\/blog\/#\/schema\/logo\/image\/","url":"https:\/\/agenciainfra.com\/blog\/wp-content\/uploads\/2023\/09\/iNFRA_5-e1761735885940.png","contentUrl":"https:\/\/agenciainfra.com\/blog\/wp-content\/uploads\/2023\/09\/iNFRA_5-e1761735885940.png","width":1672,"height":454,"caption":"Ag\u00eancia iNFRA"},"image":{"@id":"https:\/\/agenciainfra.com\/blog\/#\/schema\/logo\/image\/"},"sameAs":["https:\/\/www.facebook.com\/ageninfra","https:\/\/x.com\/agencia_infra","https:\/\/www.linkedin.com\/company\/ag\u00eanciainfra\/","https:\/\/www.instagram.com\/agenciainfra\/"]},{"@type":"Person","@id":"https:\/\/agenciainfra.com\/blog\/#\/schema\/person\/04dbb79bd6d8951f063da71f3e4c1eb1","name":"Rodrigo Zuquim","image":{"@type":"ImageObject","inLanguage":"pt-BR","@id":"https:\/\/agenciainfra.com\/blog\/#\/schema\/person\/image\/","url":"https:\/\/secure.gravatar.com\/avatar\/594abfe82761d620726242ff34ca472a705a4b97f16c790053a6b4c4035274d0?s=96&d=mm&r=g","contentUrl":"https:\/\/secure.gravatar.com\/avatar\/594abfe82761d620726242ff34ca472a705a4b97f16c790053a6b4c4035274d0?s=96&d=mm&r=g","caption":"Rodrigo Zuquim"},"url":"https:\/\/agenciainfra.com\/blog\/author\/rodrigo-zuquim\/"}]}},"_links":{"self":[{"href":"https:\/\/agenciainfra.com\/blog\/wp-json\/wp\/v2\/posts\/4314","targetHints":{"allow":["GET"]}}],"collection":[{"href":"https:\/\/agenciainfra.com\/blog\/wp-json\/wp\/v2\/posts"}],"about":[{"href":"https:\/\/agenciainfra.com\/blog\/wp-json\/wp\/v2\/types\/post"}],"author":[{"embeddable":true,"href":"https:\/\/agenciainfra.com\/blog\/wp-json\/wp\/v2\/users\/9"}],"replies":[{"embeddable":true,"href":"https:\/\/agenciainfra.com\/blog\/wp-json\/wp\/v2\/comments?post=4314"}],"version-history":[{"count":0,"href":"https:\/\/agenciainfra.com\/blog\/wp-json\/wp\/v2\/posts\/4314\/revisions"}],"wp:featuredmedia":[{"embeddable":true,"href":"https:\/\/agenciainfra.com\/blog\/wp-json\/wp\/v2\/media\/4315"}],"wp:attachment":[{"href":"https:\/\/agenciainfra.com\/blog\/wp-json\/wp\/v2\/media?parent=4314"}],"wp:term":[{"taxonomy":"category","embeddable":true,"href":"https:\/\/agenciainfra.com\/blog\/wp-json\/wp\/v2\/categories?post=4314"},{"taxonomy":"post_tag","embeddable":true,"href":"https:\/\/agenciainfra.com\/blog\/wp-json\/wp\/v2\/tags?post=4314"}],"curies":[{"name":"wp","href":"https:\/\/api.w.org\/{rel}","templated":true}]}}