{"id":43290,"date":"2019-10-03T13:30:00","date_gmt":"2019-10-03T16:30:00","guid":{"rendered":"https:\/\/agenciainfra.com\/blog\/?p=43290"},"modified":"2026-06-22T16:40:09","modified_gmt":"2026-06-22T19:40:09","slug":"para-senador-pacote-precisara-de-defesa-do-empresariado-junto-ao-parlamento","status":"publish","type":"post","link":"https:\/\/agenciainfra.com\/blog\/para-senador-pacote-precisara-de-defesa-do-empresariado-junto-ao-parlamento\/","title":{"rendered":"Para senador, pacote precisar\u00e1 de defesa do empresariado junto ao Parlamento"},"content":{"rendered":"\n<p class=\"has-text-align-right\"><strong>da Ag\u00eancia iNFRA<\/strong><\/p>\n\n\n\n<p>O senador Wellington Fagundes (PL-MT), presidente da Frenlogi (Frente Parlamentar Mista de Log\u00edstica e Infraestrutura) do Congresso Nacional, declarou que o fortalecimento da navega\u00e7\u00e3o de cabotagem \u00e9 necess\u00e1rio e urgente para o pa\u00eds, mas lembrou que o setor empresarial vai precisar organizar-se para defender as medidas legislativas que ser\u00e3o propostas pelo governo.<\/p>\n\n\n\n<p>&#8220;O Brasil foi premiado pela natureza com um litoral que se estende por quase 8 mil quil\u00f4metros, ou 10 mil quil\u00f4metros se acrescentarmos o trecho at\u00e9 Manaus (AM). \u00c9 a nossa Amaz\u00f4nia Azul, a nossa BR do mar&#8221;, destacou ele que participou do painel de abertura do &#8220;Caf\u00e9 com iNFRA&#8221;.<\/p>\n\n\n\n<p>Fagundes&nbsp;argumentou que os benef\u00edcios econ\u00f4micos e socioecon\u00f4micos do modal de transporte aquavi\u00e1rio s\u00e3o expressivos, al\u00e9m de ser menos poluente. Da\u00ed a import\u00e2ncia de se repensar o atual modelo de transporte de carga nacional.<\/p>\n\n\n\n<p>&#8220;Um navio emite quatro vezes menos carbono por tonelada transportada do que um caminh\u00e3o&#8221;, comparou. &#8220;Uma \u00fanica embarca\u00e7\u00e3o de seis mil toneladas transporta a mesma carga que 172 carretas de 35 toneladas.&#8221;<\/p>\n\n\n\n<p>O parlamentar ressaltou que o mercado aguarda ansiosamente a edi\u00e7\u00e3o da medida provis\u00f3ria da cabotagem e que assume o compromisso de tratar as medidas legislativas do governo sobre a cabotagem com prioridade.<\/p>\n\n\n\n<p>&#8220;N\u00f3s, os senadores e deputados federais integrantes da Frenlogi, reiteramos aqui o nosso compromisso com o di\u00e1logo entre o Congresso Nacional e o Poder Executivo, o mercado, as ag\u00eancias reguladoras e as institui\u00e7\u00f5es de fiscaliza\u00e7\u00e3o e controle para o debate dos problemas e o encaminhamento de solu\u00e7\u00f5es de modo a desatar os n\u00f3s burocr\u00e1ticos que travam a infraestrutura&#8221;, avisou.<\/p>\n\n\n\n<p>Fagundes confirmou que a rela\u00e7\u00e3o do governo com o Congresso hoje \u00e9 complicada e que ser\u00e1&nbsp;necess\u00e1rio que o empresariado assuma posi\u00e7\u00e3o para defender o projeto.<\/p>\n\n\n\n<p>&#8220;O mais importante \u00e9 a sociedade se organizar para fazer press\u00e3o no Congresso&#8221;, afirmou ele. &#8220;Nada melhor ao meu ver do que o Decreto dos Portos. Esse decreto foi totalmente mal interpretado pela sociedade, principalmente pela imprensa. O governo n\u00e3o soube comunicar e principalmente os empres\u00e1rios interessados na \u00e1rea se acovardaram.&#8221;<\/p>\n\n\n\n<p>Fagundes citou ainda a PEC da Seguran\u00e7a Jur\u00eddica, de sua autoria, dizendo que&nbsp;ela precisa do apoio contra &#8220;certa resist\u00eancia&#8221; \u00e0 medida.<\/p>\n\n\n\n<p>&#8220;Investir em algo que \u00e9 de m\u00e9dio e longo prazo realmente n\u00e3o pode ser pol\u00edtica de governo, tem que ser pol\u00edtica do estado. Muda governo, mas o contrato tem que ser o mesmo. Sen\u00e3o, n\u00e3o tem como uma empresa fazer o seu planejamento.&#8221;<\/p>\n","protected":false},"excerpt":{"rendered":"<p>da Ag\u00eancia iNFRA O senador Wellington Fagundes (PL-MT), presidente da Frenlogi (Frente Parlamentar Mista de Log\u00edstica e Infraestrutura) do Congresso Nacional, declarou que o fortalecimento da navega\u00e7\u00e3o de cabotagem \u00e9 necess\u00e1rio e urgente para o pa\u00eds, mas lembrou que o setor empresarial vai precisar organizar-se para defender as medidas legislativas que ser\u00e3o propostas pelo governo. [&hellip;]<\/p>\n","protected":false},"author":1,"featured_media":3825,"comment_status":"closed","ping_status":"closed","sticky":false,"template":"","format":"standard","meta":{"_monsterinsights_skip_tracking":false,"_monsterinsights_sitenote_active":false,"_monsterinsights_sitenote_note":"","_monsterinsights_sitenote_category":0,"footnotes":""},"categories":[2053],"tags":[1245,407,1282,1144,816,15],"class_list":["post-43290","post","type-post","status-publish","format-standard","has-post-thumbnail","hentry","category-infraliveventos","tag-br-do-mar","tag-cabotagem","tag-cafe-com-infra","tag-frenlogi","tag-transporte-aquaviario","tag-wellington-fagundes"],"yoast_head":"<!-- This site is optimized with the Yoast SEO Premium plugin v25.4 (Yoast SEO v28.2) - https:\/\/yoast.com\/product\/yoast-seo-premium-wordpress\/ -->\n<title>Para senador, pacote precisar\u00e1 de defesa do empresariado junto ao Parlamento - Ag\u00eancia iNFRA<\/title>\n<meta name=\"robots\" content=\"index, follow, max-snippet:-1, max-image-preview:large, max-video-preview:-1\" \/>\n<link rel=\"canonical\" href=\"https:\/\/agenciainfra.com\/blog\/para-senador-pacote-precisara-de-defesa-do-empresariado-junto-ao-parlamento\/\" \/>\n<meta property=\"og:locale\" content=\"pt_BR\" \/>\n<meta property=\"og:type\" content=\"article\" \/>\n<meta property=\"og:title\" content=\"Para senador, pacote precisar\u00e1 de defesa do empresariado junto ao Parlamento\" \/>\n<meta property=\"og:description\" content=\"da Ag\u00eancia iNFRA O senador Wellington Fagundes (PL-MT), presidente da Frenlogi (Frente Parlamentar Mista de Log\u00edstica e Infraestrutura) do Congresso Nacional, declarou que o fortalecimento da navega\u00e7\u00e3o de cabotagem \u00e9 necess\u00e1rio e urgente para o pa\u00eds, mas lembrou que o setor empresarial vai precisar organizar-se para defender as medidas legislativas que ser\u00e3o propostas pelo governo. [&hellip;]\" \/>\n<meta property=\"og:url\" content=\"https:\/\/agenciainfra.com\/blog\/para-senador-pacote-precisara-de-defesa-do-empresariado-junto-ao-parlamento\/\" \/>\n<meta property=\"og:site_name\" content=\"Ag\u00eancia iNFRA\" \/>\n<meta property=\"article:publisher\" content=\"https:\/\/www.facebook.com\/ageninfra\" \/>\n<meta property=\"article:published_time\" content=\"2019-10-03T16:30:00+00:00\" \/>\n<meta property=\"article:modified_time\" content=\"2026-06-22T19:40:09+00:00\" \/>\n<meta property=\"og:image\" content=\"https:\/\/agenciainfra.com\/blog\/wp-content\/uploads\/2019\/10\/wellington-fagundes-foto-andre-coelho-agencia-infra.jpeg\" \/>\n\t<meta property=\"og:image:width\" content=\"1280\" \/>\n\t<meta property=\"og:image:height\" content=\"853\" \/>\n\t<meta property=\"og:image:type\" content=\"image\/jpeg\" \/>\n<meta name=\"author\" content=\"Ag\u00eancia iNFRA\" \/>\n<meta name=\"twitter:card\" content=\"summary_large_image\" \/>\n<meta name=\"twitter:creator\" content=\"@agencia_infra\" \/>\n<meta name=\"twitter:site\" content=\"@agencia_infra\" \/>\n<meta name=\"twitter:label1\" content=\"Escrito por\" \/>\n\t<meta name=\"twitter:data1\" content=\"Ag\u00eancia iNFRA\" \/>\n\t<meta name=\"twitter:label2\" content=\"Est. tempo de leitura\" \/>\n\t<meta name=\"twitter:data2\" content=\"2 minutos\" \/>\n<script type=\"application\/ld+json\" class=\"yoast-schema-graph\">{\"@context\":\"https:\\\/\\\/schema.org\",\"@graph\":[{\"@type\":\"Article\",\"@id\":\"https:\\\/\\\/agenciainfra.com\\\/blog\\\/para-senador-pacote-precisara-de-defesa-do-empresariado-junto-ao-parlamento\\\/#article\",\"isPartOf\":{\"@id\":\"https:\\\/\\\/agenciainfra.com\\\/blog\\\/para-senador-pacote-precisara-de-defesa-do-empresariado-junto-ao-parlamento\\\/\"},\"author\":{\"name\":\"Ag\u00eancia iNFRA\",\"@id\":\"https:\\\/\\\/agenciainfra.com\\\/blog\\\/#\\\/schema\\\/person\\\/34af08dff6adea4cb22b06612ba7acfa\"},\"headline\":\"Para senador, pacote precisar\u00e1 de defesa do empresariado junto ao Parlamento\",\"datePublished\":\"2019-10-03T16:30:00+00:00\",\"dateModified\":\"2026-06-22T19:40:09+00:00\",\"mainEntityOfPage\":{\"@id\":\"https:\\\/\\\/agenciainfra.com\\\/blog\\\/para-senador-pacote-precisara-de-defesa-do-empresariado-junto-ao-parlamento\\\/\"},\"wordCount\":451,\"publisher\":{\"@id\":\"https:\\\/\\\/agenciainfra.com\\\/blog\\\/#organization\"},\"image\":{\"@id\":\"https:\\\/\\\/agenciainfra.com\\\/blog\\\/para-senador-pacote-precisara-de-defesa-do-empresariado-junto-ao-parlamento\\\/#primaryimage\"},\"thumbnailUrl\":\"https:\\\/\\\/agenciainfra.com\\\/blog\\\/wp-content\\\/uploads\\\/2019\\\/10\\\/wellington-fagundes-foto-andre-coelho-agencia-infra.jpeg\",\"keywords\":[\"BR do Mar\",\"cabotagem\",\"Caf\u00e9 com iNFRA\",\"Frenlogi\",\"transporte aquavi\u00e1rio\",\"wellington fagundes\"],\"articleSection\":[\"iNFRALive e Eventos\"],\"inLanguage\":\"pt-BR\",\"copyrightYear\":\"2019\",\"copyrightHolder\":{\"@id\":\"https:\\\/\\\/agenciainfra.com\\\/blog\\\/#organization\"}},{\"@type\":\"WebPage\",\"@id\":\"https:\\\/\\\/agenciainfra.com\\\/blog\\\/para-senador-pacote-precisara-de-defesa-do-empresariado-junto-ao-parlamento\\\/\",\"url\":\"https:\\\/\\\/agenciainfra.com\\\/blog\\\/para-senador-pacote-precisara-de-defesa-do-empresariado-junto-ao-parlamento\\\/\",\"name\":\"Para senador, pacote precisar\u00e1 de defesa do empresariado junto ao Parlamento - Ag\u00eancia iNFRA\",\"isPartOf\":{\"@id\":\"https:\\\/\\\/agenciainfra.com\\\/blog\\\/#website\"},\"primaryImageOfPage\":{\"@id\":\"https:\\\/\\\/agenciainfra.com\\\/blog\\\/para-senador-pacote-precisara-de-defesa-do-empresariado-junto-ao-parlamento\\\/#primaryimage\"},\"image\":{\"@id\":\"https:\\\/\\\/agenciainfra.com\\\/blog\\\/para-senador-pacote-precisara-de-defesa-do-empresariado-junto-ao-parlamento\\\/#primaryimage\"},\"thumbnailUrl\":\"https:\\\/\\\/agenciainfra.com\\\/blog\\\/wp-content\\\/uploads\\\/2019\\\/10\\\/wellington-fagundes-foto-andre-coelho-agencia-infra.jpeg\",\"datePublished\":\"2019-10-03T16:30:00+00:00\",\"dateModified\":\"2026-06-22T19:40:09+00:00\",\"breadcrumb\":{\"@id\":\"https:\\\/\\\/agenciainfra.com\\\/blog\\\/para-senador-pacote-precisara-de-defesa-do-empresariado-junto-ao-parlamento\\\/#breadcrumb\"},\"inLanguage\":\"pt-BR\",\"potentialAction\":[{\"@type\":\"ReadAction\",\"target\":[\"https:\\\/\\\/agenciainfra.com\\\/blog\\\/para-senador-pacote-precisara-de-defesa-do-empresariado-junto-ao-parlamento\\\/\"]}]},{\"@type\":\"ImageObject\",\"inLanguage\":\"pt-BR\",\"@id\":\"https:\\\/\\\/agenciainfra.com\\\/blog\\\/para-senador-pacote-precisara-de-defesa-do-empresariado-junto-ao-parlamento\\\/#primaryimage\",\"url\":\"https:\\\/\\\/agenciainfra.com\\\/blog\\\/wp-content\\\/uploads\\\/2019\\\/10\\\/wellington-fagundes-foto-andre-coelho-agencia-infra.jpeg\",\"contentUrl\":\"https:\\\/\\\/agenciainfra.com\\\/blog\\\/wp-content\\\/uploads\\\/2019\\\/10\\\/wellington-fagundes-foto-andre-coelho-agencia-infra.jpeg\",\"width\":1280,\"height\":853,\"caption\":\"Foto: Andr\u00e9 Coelho\\\/Ag\u00eancia iNFRA\"},{\"@type\":\"BreadcrumbList\",\"@id\":\"https:\\\/\\\/agenciainfra.com\\\/blog\\\/para-senador-pacote-precisara-de-defesa-do-empresariado-junto-ao-parlamento\\\/#breadcrumb\",\"itemListElement\":[{\"@type\":\"ListItem\",\"position\":1,\"name\":\"In\u00edcio\",\"item\":\"https:\\\/\\\/agenciainfra.com\\\/blog\\\/\"},{\"@type\":\"ListItem\",\"position\":2,\"name\":\"Para senador, pacote precisar\u00e1 de defesa do empresariado junto ao Parlamento\"}]},{\"@type\":\"WebSite\",\"@id\":\"https:\\\/\\\/agenciainfra.com\\\/blog\\\/#website\",\"url\":\"https:\\\/\\\/agenciainfra.com\\\/blog\\\/\",\"name\":\"Ag\u00eancia iNFRA\",\"description\":\"Multiplataforma de informa\u00e7\u00e3o jornal\u00edstica refer\u00eancia na \u00e1rea de infraestrutura no Brasil!\",\"publisher\":{\"@id\":\"https:\\\/\\\/agenciainfra.com\\\/blog\\\/#organization\"},\"potentialAction\":[{\"@type\":\"SearchAction\",\"target\":{\"@type\":\"EntryPoint\",\"urlTemplate\":\"https:\\\/\\\/agenciainfra.com\\\/blog\\\/?s={search_term_string}\"},\"query-input\":{\"@type\":\"PropertyValueSpecification\",\"valueRequired\":true,\"valueName\":\"search_term_string\"}}],\"inLanguage\":\"pt-BR\"},{\"@type\":\"Organization\",\"@id\":\"https:\\\/\\\/agenciainfra.com\\\/blog\\\/#organization\",\"name\":\"Ag\u00eancia iNFRA\",\"url\":\"https:\\\/\\\/agenciainfra.com\\\/blog\\\/\",\"logo\":{\"@type\":\"ImageObject\",\"inLanguage\":\"pt-BR\",\"@id\":\"https:\\\/\\\/agenciainfra.com\\\/blog\\\/#\\\/schema\\\/logo\\\/image\\\/\",\"url\":\"https:\\\/\\\/agenciainfra.com\\\/blog\\\/wp-content\\\/uploads\\\/2023\\\/09\\\/iNFRA_5-e1761735885940.png\",\"contentUrl\":\"https:\\\/\\\/agenciainfra.com\\\/blog\\\/wp-content\\\/uploads\\\/2023\\\/09\\\/iNFRA_5-e1761735885940.png\",\"width\":1672,\"height\":454,\"caption\":\"Ag\u00eancia iNFRA\"},\"image\":{\"@id\":\"https:\\\/\\\/agenciainfra.com\\\/blog\\\/#\\\/schema\\\/logo\\\/image\\\/\"},\"sameAs\":[\"https:\\\/\\\/www.facebook.com\\\/ageninfra\",\"https:\\\/\\\/x.com\\\/agencia_infra\",\"https:\\\/\\\/www.linkedin.com\\\/company\\\/ag\u00eanciainfra\\\/\",\"https:\\\/\\\/www.instagram.com\\\/agenciainfra\\\/\"]},{\"@type\":\"Person\",\"@id\":\"https:\\\/\\\/agenciainfra.com\\\/blog\\\/#\\\/schema\\\/person\\\/34af08dff6adea4cb22b06612ba7acfa\",\"name\":\"Ag\u00eancia iNFRA\",\"image\":{\"@type\":\"ImageObject\",\"inLanguage\":\"pt-BR\",\"@id\":\"https:\\\/\\\/secure.gravatar.com\\\/avatar\\\/d189e01678f06d8eb84d4e01f08eb848b3fffe3f8443818d3c356c66892f5be8?s=96&d=mm&r=g\",\"url\":\"https:\\\/\\\/secure.gravatar.com\\\/avatar\\\/d189e01678f06d8eb84d4e01f08eb848b3fffe3f8443818d3c356c66892f5be8?s=96&d=mm&r=g\",\"contentUrl\":\"https:\\\/\\\/secure.gravatar.com\\\/avatar\\\/d189e01678f06d8eb84d4e01f08eb848b3fffe3f8443818d3c356c66892f5be8?s=96&d=mm&r=g\",\"caption\":\"Ag\u00eancia iNFRA\"},\"url\":\"https:\\\/\\\/agenciainfra.com\\\/blog\\\/author\\\/admin\\\/\"}]}<\/script>\n<!-- \/ Yoast SEO Premium plugin. -->","yoast_head_json":{"title":"Para senador, pacote precisar\u00e1 de defesa do empresariado junto ao Parlamento - Ag\u00eancia iNFRA","robots":{"index":"index","follow":"follow","max-snippet":"max-snippet:-1","max-image-preview":"max-image-preview:large","max-video-preview":"max-video-preview:-1"},"canonical":"https:\/\/agenciainfra.com\/blog\/para-senador-pacote-precisara-de-defesa-do-empresariado-junto-ao-parlamento\/","og_locale":"pt_BR","og_type":"article","og_title":"Para senador, pacote precisar\u00e1 de defesa do empresariado junto ao Parlamento","og_description":"da Ag\u00eancia iNFRA O senador Wellington Fagundes (PL-MT), presidente da Frenlogi (Frente Parlamentar Mista de Log\u00edstica e Infraestrutura) do Congresso Nacional, declarou que o fortalecimento da navega\u00e7\u00e3o de cabotagem \u00e9 necess\u00e1rio e urgente para o pa\u00eds, mas lembrou que o setor empresarial vai precisar organizar-se para defender as medidas legislativas que ser\u00e3o propostas pelo governo. [&hellip;]","og_url":"https:\/\/agenciainfra.com\/blog\/para-senador-pacote-precisara-de-defesa-do-empresariado-junto-ao-parlamento\/","og_site_name":"Ag\u00eancia iNFRA","article_publisher":"https:\/\/www.facebook.com\/ageninfra","article_published_time":"2019-10-03T16:30:00+00:00","article_modified_time":"2026-06-22T19:40:09+00:00","og_image":[{"width":1280,"height":853,"url":"https:\/\/agenciainfra.com\/blog\/wp-content\/uploads\/2019\/10\/wellington-fagundes-foto-andre-coelho-agencia-infra.jpeg","type":"image\/jpeg"}],"author":"Ag\u00eancia iNFRA","twitter_card":"summary_large_image","twitter_creator":"@agencia_infra","twitter_site":"@agencia_infra","twitter_misc":{"Escrito por":"Ag\u00eancia iNFRA","Est. tempo de leitura":"2 minutos"},"schema":{"@context":"https:\/\/schema.org","@graph":[{"@type":"Article","@id":"https:\/\/agenciainfra.com\/blog\/para-senador-pacote-precisara-de-defesa-do-empresariado-junto-ao-parlamento\/#article","isPartOf":{"@id":"https:\/\/agenciainfra.com\/blog\/para-senador-pacote-precisara-de-defesa-do-empresariado-junto-ao-parlamento\/"},"author":{"name":"Ag\u00eancia iNFRA","@id":"https:\/\/agenciainfra.com\/blog\/#\/schema\/person\/34af08dff6adea4cb22b06612ba7acfa"},"headline":"Para senador, pacote precisar\u00e1 de defesa do empresariado junto ao Parlamento","datePublished":"2019-10-03T16:30:00+00:00","dateModified":"2026-06-22T19:40:09+00:00","mainEntityOfPage":{"@id":"https:\/\/agenciainfra.com\/blog\/para-senador-pacote-precisara-de-defesa-do-empresariado-junto-ao-parlamento\/"},"wordCount":451,"publisher":{"@id":"https:\/\/agenciainfra.com\/blog\/#organization"},"image":{"@id":"https:\/\/agenciainfra.com\/blog\/para-senador-pacote-precisara-de-defesa-do-empresariado-junto-ao-parlamento\/#primaryimage"},"thumbnailUrl":"https:\/\/agenciainfra.com\/blog\/wp-content\/uploads\/2019\/10\/wellington-fagundes-foto-andre-coelho-agencia-infra.jpeg","keywords":["BR do Mar","cabotagem","Caf\u00e9 com iNFRA","Frenlogi","transporte aquavi\u00e1rio","wellington fagundes"],"articleSection":["iNFRALive e Eventos"],"inLanguage":"pt-BR","copyrightYear":"2019","copyrightHolder":{"@id":"https:\/\/agenciainfra.com\/blog\/#organization"}},{"@type":"WebPage","@id":"https:\/\/agenciainfra.com\/blog\/para-senador-pacote-precisara-de-defesa-do-empresariado-junto-ao-parlamento\/","url":"https:\/\/agenciainfra.com\/blog\/para-senador-pacote-precisara-de-defesa-do-empresariado-junto-ao-parlamento\/","name":"Para senador, pacote precisar\u00e1 de defesa do empresariado junto ao Parlamento - Ag\u00eancia iNFRA","isPartOf":{"@id":"https:\/\/agenciainfra.com\/blog\/#website"},"primaryImageOfPage":{"@id":"https:\/\/agenciainfra.com\/blog\/para-senador-pacote-precisara-de-defesa-do-empresariado-junto-ao-parlamento\/#primaryimage"},"image":{"@id":"https:\/\/agenciainfra.com\/blog\/para-senador-pacote-precisara-de-defesa-do-empresariado-junto-ao-parlamento\/#primaryimage"},"thumbnailUrl":"https:\/\/agenciainfra.com\/blog\/wp-content\/uploads\/2019\/10\/wellington-fagundes-foto-andre-coelho-agencia-infra.jpeg","datePublished":"2019-10-03T16:30:00+00:00","dateModified":"2026-06-22T19:40:09+00:00","breadcrumb":{"@id":"https:\/\/agenciainfra.com\/blog\/para-senador-pacote-precisara-de-defesa-do-empresariado-junto-ao-parlamento\/#breadcrumb"},"inLanguage":"pt-BR","potentialAction":[{"@type":"ReadAction","target":["https:\/\/agenciainfra.com\/blog\/para-senador-pacote-precisara-de-defesa-do-empresariado-junto-ao-parlamento\/"]}]},{"@type":"ImageObject","inLanguage":"pt-BR","@id":"https:\/\/agenciainfra.com\/blog\/para-senador-pacote-precisara-de-defesa-do-empresariado-junto-ao-parlamento\/#primaryimage","url":"https:\/\/agenciainfra.com\/blog\/wp-content\/uploads\/2019\/10\/wellington-fagundes-foto-andre-coelho-agencia-infra.jpeg","contentUrl":"https:\/\/agenciainfra.com\/blog\/wp-content\/uploads\/2019\/10\/wellington-fagundes-foto-andre-coelho-agencia-infra.jpeg","width":1280,"height":853,"caption":"Foto: Andr\u00e9 Coelho\/Ag\u00eancia iNFRA"},{"@type":"BreadcrumbList","@id":"https:\/\/agenciainfra.com\/blog\/para-senador-pacote-precisara-de-defesa-do-empresariado-junto-ao-parlamento\/#breadcrumb","itemListElement":[{"@type":"ListItem","position":1,"name":"In\u00edcio","item":"https:\/\/agenciainfra.com\/blog\/"},{"@type":"ListItem","position":2,"name":"Para senador, pacote precisar\u00e1 de defesa do empresariado junto ao Parlamento"}]},{"@type":"WebSite","@id":"https:\/\/agenciainfra.com\/blog\/#website","url":"https:\/\/agenciainfra.com\/blog\/","name":"Ag\u00eancia iNFRA","description":"Multiplataforma de informa\u00e7\u00e3o jornal\u00edstica refer\u00eancia na \u00e1rea de infraestrutura no Brasil!","publisher":{"@id":"https:\/\/agenciainfra.com\/blog\/#organization"},"potentialAction":[{"@type":"SearchAction","target":{"@type":"EntryPoint","urlTemplate":"https:\/\/agenciainfra.com\/blog\/?s={search_term_string}"},"query-input":{"@type":"PropertyValueSpecification","valueRequired":true,"valueName":"search_term_string"}}],"inLanguage":"pt-BR"},{"@type":"Organization","@id":"https:\/\/agenciainfra.com\/blog\/#organization","name":"Ag\u00eancia iNFRA","url":"https:\/\/agenciainfra.com\/blog\/","logo":{"@type":"ImageObject","inLanguage":"pt-BR","@id":"https:\/\/agenciainfra.com\/blog\/#\/schema\/logo\/image\/","url":"https:\/\/agenciainfra.com\/blog\/wp-content\/uploads\/2023\/09\/iNFRA_5-e1761735885940.png","contentUrl":"https:\/\/agenciainfra.com\/blog\/wp-content\/uploads\/2023\/09\/iNFRA_5-e1761735885940.png","width":1672,"height":454,"caption":"Ag\u00eancia iNFRA"},"image":{"@id":"https:\/\/agenciainfra.com\/blog\/#\/schema\/logo\/image\/"},"sameAs":["https:\/\/www.facebook.com\/ageninfra","https:\/\/x.com\/agencia_infra","https:\/\/www.linkedin.com\/company\/ag\u00eanciainfra\/","https:\/\/www.instagram.com\/agenciainfra\/"]},{"@type":"Person","@id":"https:\/\/agenciainfra.com\/blog\/#\/schema\/person\/34af08dff6adea4cb22b06612ba7acfa","name":"Ag\u00eancia iNFRA","image":{"@type":"ImageObject","inLanguage":"pt-BR","@id":"https:\/\/secure.gravatar.com\/avatar\/d189e01678f06d8eb84d4e01f08eb848b3fffe3f8443818d3c356c66892f5be8?s=96&d=mm&r=g","url":"https:\/\/secure.gravatar.com\/avatar\/d189e01678f06d8eb84d4e01f08eb848b3fffe3f8443818d3c356c66892f5be8?s=96&d=mm&r=g","contentUrl":"https:\/\/secure.gravatar.com\/avatar\/d189e01678f06d8eb84d4e01f08eb848b3fffe3f8443818d3c356c66892f5be8?s=96&d=mm&r=g","caption":"Ag\u00eancia iNFRA"},"url":"https:\/\/agenciainfra.com\/blog\/author\/admin\/"}]}},"_links":{"self":[{"href":"https:\/\/agenciainfra.com\/blog\/wp-json\/wp\/v2\/posts\/43290","targetHints":{"allow":["GET"]}}],"collection":[{"href":"https:\/\/agenciainfra.com\/blog\/wp-json\/wp\/v2\/posts"}],"about":[{"href":"https:\/\/agenciainfra.com\/blog\/wp-json\/wp\/v2\/types\/post"}],"author":[{"embeddable":true,"href":"https:\/\/agenciainfra.com\/blog\/wp-json\/wp\/v2\/users\/1"}],"replies":[{"embeddable":true,"href":"https:\/\/agenciainfra.com\/blog\/wp-json\/wp\/v2\/comments?post=43290"}],"version-history":[{"count":1,"href":"https:\/\/agenciainfra.com\/blog\/wp-json\/wp\/v2\/posts\/43290\/revisions"}],"predecessor-version":[{"id":43292,"href":"https:\/\/agenciainfra.com\/blog\/wp-json\/wp\/v2\/posts\/43290\/revisions\/43292"}],"wp:featuredmedia":[{"embeddable":true,"href":"https:\/\/agenciainfra.com\/blog\/wp-json\/wp\/v2\/media\/3825"}],"wp:attachment":[{"href":"https:\/\/agenciainfra.com\/blog\/wp-json\/wp\/v2\/media?parent=43290"}],"wp:term":[{"taxonomy":"category","embeddable":true,"href":"https:\/\/agenciainfra.com\/blog\/wp-json\/wp\/v2\/categories?post=43290"},{"taxonomy":"post_tag","embeddable":true,"href":"https:\/\/agenciainfra.com\/blog\/wp-json\/wp\/v2\/tags?post=43290"}],"curies":[{"name":"wp","href":"https:\/\/api.w.org\/{rel}","templated":true}]}}