{"id":4364,"date":"2020-02-05T08:00:54","date_gmt":"2020-02-05T11:00:54","guid":{"rendered":"http:\/\/www.agenciainfra.com\/blog\/?p=4364"},"modified":"2020-02-04T11:45:42","modified_gmt":"2020-02-04T14:45:42","slug":"em-angra-duplicacao-da-rio-santos-e-cobrada-em-audiencia-sobre-concessao-rio-sao-paulo","status":"publish","type":"post","link":"https:\/\/agenciainfra.com\/blog\/em-angra-duplicacao-da-rio-santos-e-cobrada-em-audiencia-sobre-concessao-rio-sao-paulo\/","title":{"rendered":"Em Angra, duplica\u00e7\u00e3o da Rio-Santos \u00e9 cobrada em audi\u00eancia sobre concess\u00e3o Rio-S\u00e3o Paulo"},"content":{"rendered":"<div>\n<h5 style=\"text-align: right;\"><strong>Lucas Santin, da\u00a0Ag\u00eancia iNFRA<\/strong><\/h5>\n<p dir=\"ltr\">A quarta audi\u00eancia p\u00fablica sobre a concess\u00e3o das rodovias Presidente Dutra (BR-116\/SP) e da Rio-Santos (BR-101\/RJ), em Angra dos Reis, ocorreu nesta segunda-feira (3).\u00a0 Durante a sess\u00e3o, um ponto destacado em diversas contribui\u00e7\u00f5es foi a necessidade de duplica\u00e7\u00e3o do trecho da BR-101 que passa por Mangaratiba (RJ).<\/p>\n<p>Depois de encontros em Bras\u00edlia, S\u00e3o Paulo e Rio de Janeiro, mais audi\u00eancias foram exigidas em outros locais considerados importantes. Al\u00e9m de Angra, foram marcados para esta semana encontros em Volta Redonda (RJ), S\u00e3o Jos\u00e9 dos Campos (SP) e Guarulhos (SP). A audi\u00eancia, que durou cerca de cinco horas, teve mais de 60 inscritos.<\/p>\n<p>A duplica\u00e7\u00e3o de toda a Rio-Santos \u00e9 um dos pontos mais pol\u00eamicos da concess\u00e3o, conforme mostrou\u00a0<a href=\"https:\/\/agenciainfra.us14.list-manage.com\/track\/click?u=d460dd1bcf9ba0ae040e1fc0f&amp;id=fcf33d07a7&amp;e=c099169394\" target=\"_blank\" rel=\"noopener noreferrer\" data-saferedirecturl=\"https:\/\/www.google.com\/url?q=https:\/\/agenciainfra.us14.list-manage.com\/track\/click?u%3Dd460dd1bcf9ba0ae040e1fc0f%26id%3Dfcf33d07a7%26e%3Dc099169394&amp;source=gmail&amp;ust=1580896556151000&amp;usg=AFQjCNFu36NU58St72CafTTVtnkiLd-bjQ\">reportagem especial da\u00a0<strong>Ag\u00eancia iNFRA<\/strong><\/a>\u00a0sobre o tema. O governo do Rio de Janeiro diz que \u00e9 desnecess\u00e1rio duplicar a via al\u00e9m de 17 quil\u00f4metros iniciais da pista, em Mangaratiba. O governo federal sinalizou que iria rever a duplica\u00e7\u00e3o integral.<\/p>\n<p>O prefeito de Angra dos Reis, Fernando Jord\u00e3o, lembrou a import\u00e2ncia das obras. \u201cA gente tem uma oportunidade \u00fanica de ter a duplica\u00e7\u00e3o deste gargalo que s\u00e3o os t\u00faneis em Mangaratiba e Itacuru\u00e7\u00e1\u201d, disse.<\/p>\n<p>Destacando o engarrafamento nesse trecho, o prefeito disse que h\u00e1 mais investimentos nas regi\u00f5es de S\u00e3o Paulo que no Rio de Janeiro. Para Jord\u00e3o, h\u00e1 pontos rodovi\u00e1rios no estado que s\u00e3o um \u201ctranstorno\u201d. \u201cQuando a gente vai a S\u00e3o Paulo, a gente fica embriagado com as estradas\u201d, observou. Ele espera que agora haja uma maior aten\u00e7\u00e3o ao Rio de Janeiro.<\/p>\n<p><strong>Mangaratiba\u00a0<\/strong><br \/>\nO prefeito de Mangaratiba, Alan Santos da Costa, elogiou a iniciativa de outros participantes da audi\u00eancia na luta pela duplica\u00e7\u00e3o da rodovia Rio-Santos. De acordo com ele, \u00e9 mesmo a hora de prefeitos e representantes dos munic\u00edpios se unirem para o desenvolvimento da regi\u00e3o.<\/p>\n<p>Apesar de reclamar da demora para que uma iniciativa fosse tomada, o prefeito observou: \u201cA gente tem que ficar junto, inclusive dividirmos a conta. Se a conta for dividida, fica mais barata\u201d.<\/p>\n<p><strong>Governo do RJ<\/strong><br \/>\nO secret\u00e1rio de transportes do Rio de Janeiro, Delmo Pinho, referiu-se ao trecho entre Mangaratiba e Itacuru\u00e7\u00e1 dizendo que precisa ser resolvido. \u201cPrecisamos acertar o trecho que engarrafa\u201d, disse. Entretanto, o secret\u00e1rio n\u00e3o falou especificamente a respeito de duplica\u00e7\u00e3o.<\/p>\n<p>Pinho destacou outros pontos, como a queda nas tarifas de ped\u00e1gio e uma maior facilidade no licenciamento ambiental para obras importantes. Ele comentou tamb\u00e9m sobre baixar as taxas de retorno, para atrair mais investimentos para a concess\u00e3o.<\/p>\n<p><strong>Deputado pede seguran\u00e7a<\/strong><br \/>\nO deputado Estadual Gustavo Tutuca (MDB) disse que \u201ca duplica\u00e7\u00e3o dos t\u00faneis em Mangaratiba, a duplica\u00e7\u00e3o da estrada\u00a0vai desafogar o tr\u00e2nsito para toda a regi\u00e3o\u201d. Al\u00e9m da desobstru\u00e7\u00e3o de gargalos, ele frisou a necessidade de seguran\u00e7a na Rio-Santos. \u201cEntre outras coisas, em Mangaratiba a estrada est\u00e1 caindo\u201d, disse.<\/p>\n<p>Gustavo disse que deslizamentos de terra na estrada s\u00e3o frequentes e, constantemente, demoram a ter uma solu\u00e7\u00e3o. \u201cQuando cai uma barreira, se n\u00e3o tiver a boa vontade da prefeitura de falar com o governo, a barreira fica jogada.\u201d\u00a0Para ele, a concess\u00e3o da via vai melhorar isso.<\/p>\n<p>Uma cr\u00edtica feita pelo deputado \u00e9 em rela\u00e7\u00e3o \u00e0 demora para o in\u00edcio das obras de duplica\u00e7\u00e3o da subida da Serra das Araras. Para ele, o prazo de dois anos estabelecido pelo governo \u00e9 \u201cinadmiss\u00edvel\u201d.<\/p>\n<\/div>\n","protected":false},"excerpt":{"rendered":"<p>Lucas Santin, da\u00a0Ag\u00eancia iNFRA A quarta audi\u00eancia p\u00fablica sobre a concess\u00e3o das rodovias Presidente Dutra (BR-116\/SP) e da Rio-Santos (BR-101\/RJ), em Angra dos Reis, ocorreu nesta segunda-feira (3).\u00a0 Durante a sess\u00e3o, um ponto destacado em diversas contribui\u00e7\u00f5es foi a necessidade de duplica\u00e7\u00e3o do trecho da BR-101 que passa por Mangaratiba (RJ). Depois de encontros em [&hellip;]<\/p>\n","protected":false},"author":9,"featured_media":4365,"comment_status":"closed","ping_status":"closed","sticky":false,"template":"","format":"standard","meta":{"_monsterinsights_skip_tracking":false,"_monsterinsights_sitenote_active":false,"_monsterinsights_sitenote_note":"","_monsterinsights_sitenote_category":0,"footnotes":""},"categories":[7],"tags":[435,1575,1523,1665,1664,1576,1663],"class_list":["post-4364","post","type-post","status-publish","format-standard","has-post-thumbnail","hentry","category-infratransporte","tag-br-101","tag-br-116","tag-delmo-pinho","tag-gustavo-tutuca","tag-mangaratiba","tag-rodovia-presidente-dutra","tag-rodovia-rio-santos"],"yoast_head":"<!-- This site is optimized with the Yoast SEO Premium plugin v25.4 (Yoast SEO v26.0) - https:\/\/yoast.com\/wordpress\/plugins\/seo\/ -->\n<title>Em Angra, duplica\u00e7\u00e3o da Rio-Santos \u00e9 cobrada em audi\u00eancia sobre concess\u00e3o Rio-S\u00e3o Paulo - Ag\u00eancia iNFRA<\/title>\n<meta name=\"robots\" content=\"index, follow, max-snippet:-1, max-image-preview:large, max-video-preview:-1\" \/>\n<link rel=\"canonical\" href=\"https:\/\/agenciainfra.com\/blog\/em-angra-duplicacao-da-rio-santos-e-cobrada-em-audiencia-sobre-concessao-rio-sao-paulo\/\" \/>\n<meta property=\"og:locale\" content=\"pt_BR\" \/>\n<meta property=\"og:type\" content=\"article\" \/>\n<meta property=\"og:title\" content=\"Em Angra, duplica\u00e7\u00e3o da Rio-Santos \u00e9 cobrada em audi\u00eancia sobre concess\u00e3o Rio-S\u00e3o Paulo\" \/>\n<meta property=\"og:description\" content=\"Lucas Santin, da\u00a0Ag\u00eancia iNFRA A quarta audi\u00eancia p\u00fablica sobre a concess\u00e3o das rodovias Presidente Dutra (BR-116\/SP) e da Rio-Santos (BR-101\/RJ), em Angra dos Reis, ocorreu nesta segunda-feira (3).\u00a0 Durante a sess\u00e3o, um ponto destacado em diversas contribui\u00e7\u00f5es foi a necessidade de duplica\u00e7\u00e3o do trecho da BR-101 que passa por Mangaratiba (RJ). Depois de encontros em [&hellip;]\" \/>\n<meta property=\"og:url\" content=\"https:\/\/agenciainfra.com\/blog\/em-angra-duplicacao-da-rio-santos-e-cobrada-em-audiencia-sobre-concessao-rio-sao-paulo\/\" \/>\n<meta property=\"og:site_name\" content=\"Ag\u00eancia iNFRA\" \/>\n<meta property=\"article:publisher\" content=\"https:\/\/www.facebook.com\/ageninfra\" \/>\n<meta property=\"article:published_time\" content=\"2020-02-05T11:00:54+00:00\" \/>\n<meta property=\"og:image\" content=\"https:\/\/agenciainfra.com\/blog\/wp-content\/uploads\/2020\/02\/ap-dutra-angra-foto-prefeitura-de-angra-dos-reis.png\" \/>\n\t<meta property=\"og:image:width\" content=\"1280\" \/>\n\t<meta property=\"og:image:height\" content=\"793\" \/>\n\t<meta property=\"og:image:type\" content=\"image\/png\" \/>\n<meta name=\"author\" content=\"Rodrigo Zuquim\" \/>\n<meta name=\"twitter:card\" content=\"summary_large_image\" \/>\n<meta name=\"twitter:creator\" content=\"@agencia_infra\" \/>\n<meta name=\"twitter:site\" content=\"@agencia_infra\" \/>\n<meta name=\"twitter:label1\" content=\"Escrito por\" \/>\n\t<meta name=\"twitter:data1\" content=\"Rodrigo Zuquim\" \/>\n\t<meta name=\"twitter:label2\" content=\"Est. tempo de leitura\" \/>\n\t<meta name=\"twitter:data2\" content=\"3 minutos\" \/>\n<script type=\"application\/ld+json\" class=\"yoast-schema-graph\">{\"@context\":\"https:\/\/schema.org\",\"@graph\":[{\"@type\":\"Article\",\"@id\":\"https:\/\/agenciainfra.com\/blog\/em-angra-duplicacao-da-rio-santos-e-cobrada-em-audiencia-sobre-concessao-rio-sao-paulo\/#article\",\"isPartOf\":{\"@id\":\"https:\/\/agenciainfra.com\/blog\/em-angra-duplicacao-da-rio-santos-e-cobrada-em-audiencia-sobre-concessao-rio-sao-paulo\/\"},\"author\":{\"name\":\"Rodrigo Zuquim\",\"@id\":\"https:\/\/agenciainfra.com\/blog\/#\/schema\/person\/04dbb79bd6d8951f063da71f3e4c1eb1\"},\"headline\":\"Em Angra, duplica\u00e7\u00e3o da Rio-Santos \u00e9 cobrada em audi\u00eancia sobre concess\u00e3o Rio-S\u00e3o Paulo\",\"datePublished\":\"2020-02-05T11:00:54+00:00\",\"mainEntityOfPage\":{\"@id\":\"https:\/\/agenciainfra.com\/blog\/em-angra-duplicacao-da-rio-santos-e-cobrada-em-audiencia-sobre-concessao-rio-sao-paulo\/\"},\"wordCount\":617,\"publisher\":{\"@id\":\"https:\/\/agenciainfra.com\/blog\/#organization\"},\"image\":{\"@id\":\"https:\/\/agenciainfra.com\/blog\/em-angra-duplicacao-da-rio-santos-e-cobrada-em-audiencia-sobre-concessao-rio-sao-paulo\/#primaryimage\"},\"thumbnailUrl\":\"https:\/\/agenciainfra.com\/blog\/wp-content\/uploads\/2020\/02\/ap-dutra-angra-foto-prefeitura-de-angra-dos-reis.png\",\"keywords\":[\"BR-101\",\"BR-116\",\"Delmo Pinho\",\"Gustavo Tutuca\",\"Mangaratiba\",\"Rodovia Presidente Dutra\",\"rodovia Rio-Santos\"],\"articleSection\":[\"iNFRATransporte\"],\"inLanguage\":\"pt-BR\",\"copyrightYear\":\"2020\",\"copyrightHolder\":{\"@id\":\"https:\/\/agenciainfra.com\/blog\/#organization\"}},{\"@type\":\"WebPage\",\"@id\":\"https:\/\/agenciainfra.com\/blog\/em-angra-duplicacao-da-rio-santos-e-cobrada-em-audiencia-sobre-concessao-rio-sao-paulo\/\",\"url\":\"https:\/\/agenciainfra.com\/blog\/em-angra-duplicacao-da-rio-santos-e-cobrada-em-audiencia-sobre-concessao-rio-sao-paulo\/\",\"name\":\"Em Angra, duplica\u00e7\u00e3o da Rio-Santos \u00e9 cobrada em audi\u00eancia sobre concess\u00e3o Rio-S\u00e3o Paulo - Ag\u00eancia iNFRA\",\"isPartOf\":{\"@id\":\"https:\/\/agenciainfra.com\/blog\/#website\"},\"primaryImageOfPage\":{\"@id\":\"https:\/\/agenciainfra.com\/blog\/em-angra-duplicacao-da-rio-santos-e-cobrada-em-audiencia-sobre-concessao-rio-sao-paulo\/#primaryimage\"},\"image\":{\"@id\":\"https:\/\/agenciainfra.com\/blog\/em-angra-duplicacao-da-rio-santos-e-cobrada-em-audiencia-sobre-concessao-rio-sao-paulo\/#primaryimage\"},\"thumbnailUrl\":\"https:\/\/agenciainfra.com\/blog\/wp-content\/uploads\/2020\/02\/ap-dutra-angra-foto-prefeitura-de-angra-dos-reis.png\",\"datePublished\":\"2020-02-05T11:00:54+00:00\",\"breadcrumb\":{\"@id\":\"https:\/\/agenciainfra.com\/blog\/em-angra-duplicacao-da-rio-santos-e-cobrada-em-audiencia-sobre-concessao-rio-sao-paulo\/#breadcrumb\"},\"inLanguage\":\"pt-BR\",\"potentialAction\":[{\"@type\":\"ReadAction\",\"target\":[\"https:\/\/agenciainfra.com\/blog\/em-angra-duplicacao-da-rio-santos-e-cobrada-em-audiencia-sobre-concessao-rio-sao-paulo\/\"]}]},{\"@type\":\"ImageObject\",\"inLanguage\":\"pt-BR\",\"@id\":\"https:\/\/agenciainfra.com\/blog\/em-angra-duplicacao-da-rio-santos-e-cobrada-em-audiencia-sobre-concessao-rio-sao-paulo\/#primaryimage\",\"url\":\"https:\/\/agenciainfra.com\/blog\/wp-content\/uploads\/2020\/02\/ap-dutra-angra-foto-prefeitura-de-angra-dos-reis.png\",\"contentUrl\":\"https:\/\/agenciainfra.com\/blog\/wp-content\/uploads\/2020\/02\/ap-dutra-angra-foto-prefeitura-de-angra-dos-reis.png\",\"width\":1280,\"height\":793},{\"@type\":\"BreadcrumbList\",\"@id\":\"https:\/\/agenciainfra.com\/blog\/em-angra-duplicacao-da-rio-santos-e-cobrada-em-audiencia-sobre-concessao-rio-sao-paulo\/#breadcrumb\",\"itemListElement\":[{\"@type\":\"ListItem\",\"position\":1,\"name\":\"In\u00edcio\",\"item\":\"https:\/\/agenciainfra.com\/blog\/\"},{\"@type\":\"ListItem\",\"position\":2,\"name\":\"Em Angra, duplica\u00e7\u00e3o da Rio-Santos \u00e9 cobrada em audi\u00eancia sobre concess\u00e3o Rio-S\u00e3o Paulo\"}]},{\"@type\":\"WebSite\",\"@id\":\"https:\/\/agenciainfra.com\/blog\/#website\",\"url\":\"https:\/\/agenciainfra.com\/blog\/\",\"name\":\"Ag\u00eancia iNFRA\",\"description\":\"Multiplataforma de informa\u00e7\u00e3o jornal\u00edstica refer\u00eancia na \u00e1rea de infraestrutura no Brasil!\",\"publisher\":{\"@id\":\"https:\/\/agenciainfra.com\/blog\/#organization\"},\"potentialAction\":[{\"@type\":\"SearchAction\",\"target\":{\"@type\":\"EntryPoint\",\"urlTemplate\":\"https:\/\/agenciainfra.com\/blog\/?s={search_term_string}\"},\"query-input\":{\"@type\":\"PropertyValueSpecification\",\"valueRequired\":true,\"valueName\":\"search_term_string\"}}],\"inLanguage\":\"pt-BR\"},{\"@type\":\"Organization\",\"@id\":\"https:\/\/agenciainfra.com\/blog\/#organization\",\"name\":\"Ag\u00eancia iNFRA\",\"url\":\"https:\/\/agenciainfra.com\/blog\/\",\"logo\":{\"@type\":\"ImageObject\",\"inLanguage\":\"pt-BR\",\"@id\":\"https:\/\/agenciainfra.com\/blog\/#\/schema\/logo\/image\/\",\"url\":\"https:\/\/agenciainfra.com\/blog\/wp-content\/uploads\/2023\/09\/iNFRA_5-e1761735885940.png\",\"contentUrl\":\"https:\/\/agenciainfra.com\/blog\/wp-content\/uploads\/2023\/09\/iNFRA_5-e1761735885940.png\",\"width\":1672,\"height\":454,\"caption\":\"Ag\u00eancia iNFRA\"},\"image\":{\"@id\":\"https:\/\/agenciainfra.com\/blog\/#\/schema\/logo\/image\/\"},\"sameAs\":[\"https:\/\/www.facebook.com\/ageninfra\",\"https:\/\/x.com\/agencia_infra\",\"https:\/\/www.linkedin.com\/company\/ag\u00eanciainfra\/\",\"https:\/\/www.instagram.com\/agenciainfra\/\"]},{\"@type\":\"Person\",\"@id\":\"https:\/\/agenciainfra.com\/blog\/#\/schema\/person\/04dbb79bd6d8951f063da71f3e4c1eb1\",\"name\":\"Rodrigo Zuquim\",\"image\":{\"@type\":\"ImageObject\",\"inLanguage\":\"pt-BR\",\"@id\":\"https:\/\/agenciainfra.com\/blog\/#\/schema\/person\/image\/\",\"url\":\"https:\/\/secure.gravatar.com\/avatar\/594abfe82761d620726242ff34ca472a705a4b97f16c790053a6b4c4035274d0?s=96&d=mm&r=g\",\"contentUrl\":\"https:\/\/secure.gravatar.com\/avatar\/594abfe82761d620726242ff34ca472a705a4b97f16c790053a6b4c4035274d0?s=96&d=mm&r=g\",\"caption\":\"Rodrigo Zuquim\"},\"url\":\"https:\/\/agenciainfra.com\/blog\/author\/rodrigo-zuquim\/\"}]}<\/script>\n<!-- \/ Yoast SEO Premium plugin. -->","yoast_head_json":{"title":"Em Angra, duplica\u00e7\u00e3o da Rio-Santos \u00e9 cobrada em audi\u00eancia sobre concess\u00e3o Rio-S\u00e3o Paulo - Ag\u00eancia iNFRA","robots":{"index":"index","follow":"follow","max-snippet":"max-snippet:-1","max-image-preview":"max-image-preview:large","max-video-preview":"max-video-preview:-1"},"canonical":"https:\/\/agenciainfra.com\/blog\/em-angra-duplicacao-da-rio-santos-e-cobrada-em-audiencia-sobre-concessao-rio-sao-paulo\/","og_locale":"pt_BR","og_type":"article","og_title":"Em Angra, duplica\u00e7\u00e3o da Rio-Santos \u00e9 cobrada em audi\u00eancia sobre concess\u00e3o Rio-S\u00e3o Paulo","og_description":"Lucas Santin, da\u00a0Ag\u00eancia iNFRA A quarta audi\u00eancia p\u00fablica sobre a concess\u00e3o das rodovias Presidente Dutra (BR-116\/SP) e da Rio-Santos (BR-101\/RJ), em Angra dos Reis, ocorreu nesta segunda-feira (3).\u00a0 Durante a sess\u00e3o, um ponto destacado em diversas contribui\u00e7\u00f5es foi a necessidade de duplica\u00e7\u00e3o do trecho da BR-101 que passa por Mangaratiba (RJ). Depois de encontros em [&hellip;]","og_url":"https:\/\/agenciainfra.com\/blog\/em-angra-duplicacao-da-rio-santos-e-cobrada-em-audiencia-sobre-concessao-rio-sao-paulo\/","og_site_name":"Ag\u00eancia iNFRA","article_publisher":"https:\/\/www.facebook.com\/ageninfra","article_published_time":"2020-02-05T11:00:54+00:00","og_image":[{"width":1280,"height":793,"url":"https:\/\/agenciainfra.com\/blog\/wp-content\/uploads\/2020\/02\/ap-dutra-angra-foto-prefeitura-de-angra-dos-reis.png","type":"image\/png"}],"author":"Rodrigo Zuquim","twitter_card":"summary_large_image","twitter_creator":"@agencia_infra","twitter_site":"@agencia_infra","twitter_misc":{"Escrito por":"Rodrigo Zuquim","Est. tempo de leitura":"3 minutos"},"schema":{"@context":"https:\/\/schema.org","@graph":[{"@type":"Article","@id":"https:\/\/agenciainfra.com\/blog\/em-angra-duplicacao-da-rio-santos-e-cobrada-em-audiencia-sobre-concessao-rio-sao-paulo\/#article","isPartOf":{"@id":"https:\/\/agenciainfra.com\/blog\/em-angra-duplicacao-da-rio-santos-e-cobrada-em-audiencia-sobre-concessao-rio-sao-paulo\/"},"author":{"name":"Rodrigo Zuquim","@id":"https:\/\/agenciainfra.com\/blog\/#\/schema\/person\/04dbb79bd6d8951f063da71f3e4c1eb1"},"headline":"Em Angra, duplica\u00e7\u00e3o da Rio-Santos \u00e9 cobrada em audi\u00eancia sobre concess\u00e3o Rio-S\u00e3o Paulo","datePublished":"2020-02-05T11:00:54+00:00","mainEntityOfPage":{"@id":"https:\/\/agenciainfra.com\/blog\/em-angra-duplicacao-da-rio-santos-e-cobrada-em-audiencia-sobre-concessao-rio-sao-paulo\/"},"wordCount":617,"publisher":{"@id":"https:\/\/agenciainfra.com\/blog\/#organization"},"image":{"@id":"https:\/\/agenciainfra.com\/blog\/em-angra-duplicacao-da-rio-santos-e-cobrada-em-audiencia-sobre-concessao-rio-sao-paulo\/#primaryimage"},"thumbnailUrl":"https:\/\/agenciainfra.com\/blog\/wp-content\/uploads\/2020\/02\/ap-dutra-angra-foto-prefeitura-de-angra-dos-reis.png","keywords":["BR-101","BR-116","Delmo Pinho","Gustavo Tutuca","Mangaratiba","Rodovia Presidente Dutra","rodovia Rio-Santos"],"articleSection":["iNFRATransporte"],"inLanguage":"pt-BR","copyrightYear":"2020","copyrightHolder":{"@id":"https:\/\/agenciainfra.com\/blog\/#organization"}},{"@type":"WebPage","@id":"https:\/\/agenciainfra.com\/blog\/em-angra-duplicacao-da-rio-santos-e-cobrada-em-audiencia-sobre-concessao-rio-sao-paulo\/","url":"https:\/\/agenciainfra.com\/blog\/em-angra-duplicacao-da-rio-santos-e-cobrada-em-audiencia-sobre-concessao-rio-sao-paulo\/","name":"Em Angra, duplica\u00e7\u00e3o da Rio-Santos \u00e9 cobrada em audi\u00eancia sobre concess\u00e3o Rio-S\u00e3o Paulo - Ag\u00eancia iNFRA","isPartOf":{"@id":"https:\/\/agenciainfra.com\/blog\/#website"},"primaryImageOfPage":{"@id":"https:\/\/agenciainfra.com\/blog\/em-angra-duplicacao-da-rio-santos-e-cobrada-em-audiencia-sobre-concessao-rio-sao-paulo\/#primaryimage"},"image":{"@id":"https:\/\/agenciainfra.com\/blog\/em-angra-duplicacao-da-rio-santos-e-cobrada-em-audiencia-sobre-concessao-rio-sao-paulo\/#primaryimage"},"thumbnailUrl":"https:\/\/agenciainfra.com\/blog\/wp-content\/uploads\/2020\/02\/ap-dutra-angra-foto-prefeitura-de-angra-dos-reis.png","datePublished":"2020-02-05T11:00:54+00:00","breadcrumb":{"@id":"https:\/\/agenciainfra.com\/blog\/em-angra-duplicacao-da-rio-santos-e-cobrada-em-audiencia-sobre-concessao-rio-sao-paulo\/#breadcrumb"},"inLanguage":"pt-BR","potentialAction":[{"@type":"ReadAction","target":["https:\/\/agenciainfra.com\/blog\/em-angra-duplicacao-da-rio-santos-e-cobrada-em-audiencia-sobre-concessao-rio-sao-paulo\/"]}]},{"@type":"ImageObject","inLanguage":"pt-BR","@id":"https:\/\/agenciainfra.com\/blog\/em-angra-duplicacao-da-rio-santos-e-cobrada-em-audiencia-sobre-concessao-rio-sao-paulo\/#primaryimage","url":"https:\/\/agenciainfra.com\/blog\/wp-content\/uploads\/2020\/02\/ap-dutra-angra-foto-prefeitura-de-angra-dos-reis.png","contentUrl":"https:\/\/agenciainfra.com\/blog\/wp-content\/uploads\/2020\/02\/ap-dutra-angra-foto-prefeitura-de-angra-dos-reis.png","width":1280,"height":793},{"@type":"BreadcrumbList","@id":"https:\/\/agenciainfra.com\/blog\/em-angra-duplicacao-da-rio-santos-e-cobrada-em-audiencia-sobre-concessao-rio-sao-paulo\/#breadcrumb","itemListElement":[{"@type":"ListItem","position":1,"name":"In\u00edcio","item":"https:\/\/agenciainfra.com\/blog\/"},{"@type":"ListItem","position":2,"name":"Em Angra, duplica\u00e7\u00e3o da Rio-Santos \u00e9 cobrada em audi\u00eancia sobre concess\u00e3o Rio-S\u00e3o Paulo"}]},{"@type":"WebSite","@id":"https:\/\/agenciainfra.com\/blog\/#website","url":"https:\/\/agenciainfra.com\/blog\/","name":"Ag\u00eancia iNFRA","description":"Multiplataforma de informa\u00e7\u00e3o jornal\u00edstica refer\u00eancia na \u00e1rea de infraestrutura no Brasil!","publisher":{"@id":"https:\/\/agenciainfra.com\/blog\/#organization"},"potentialAction":[{"@type":"SearchAction","target":{"@type":"EntryPoint","urlTemplate":"https:\/\/agenciainfra.com\/blog\/?s={search_term_string}"},"query-input":{"@type":"PropertyValueSpecification","valueRequired":true,"valueName":"search_term_string"}}],"inLanguage":"pt-BR"},{"@type":"Organization","@id":"https:\/\/agenciainfra.com\/blog\/#organization","name":"Ag\u00eancia iNFRA","url":"https:\/\/agenciainfra.com\/blog\/","logo":{"@type":"ImageObject","inLanguage":"pt-BR","@id":"https:\/\/agenciainfra.com\/blog\/#\/schema\/logo\/image\/","url":"https:\/\/agenciainfra.com\/blog\/wp-content\/uploads\/2023\/09\/iNFRA_5-e1761735885940.png","contentUrl":"https:\/\/agenciainfra.com\/blog\/wp-content\/uploads\/2023\/09\/iNFRA_5-e1761735885940.png","width":1672,"height":454,"caption":"Ag\u00eancia iNFRA"},"image":{"@id":"https:\/\/agenciainfra.com\/blog\/#\/schema\/logo\/image\/"},"sameAs":["https:\/\/www.facebook.com\/ageninfra","https:\/\/x.com\/agencia_infra","https:\/\/www.linkedin.com\/company\/ag\u00eanciainfra\/","https:\/\/www.instagram.com\/agenciainfra\/"]},{"@type":"Person","@id":"https:\/\/agenciainfra.com\/blog\/#\/schema\/person\/04dbb79bd6d8951f063da71f3e4c1eb1","name":"Rodrigo Zuquim","image":{"@type":"ImageObject","inLanguage":"pt-BR","@id":"https:\/\/agenciainfra.com\/blog\/#\/schema\/person\/image\/","url":"https:\/\/secure.gravatar.com\/avatar\/594abfe82761d620726242ff34ca472a705a4b97f16c790053a6b4c4035274d0?s=96&d=mm&r=g","contentUrl":"https:\/\/secure.gravatar.com\/avatar\/594abfe82761d620726242ff34ca472a705a4b97f16c790053a6b4c4035274d0?s=96&d=mm&r=g","caption":"Rodrigo Zuquim"},"url":"https:\/\/agenciainfra.com\/blog\/author\/rodrigo-zuquim\/"}]}},"_links":{"self":[{"href":"https:\/\/agenciainfra.com\/blog\/wp-json\/wp\/v2\/posts\/4364","targetHints":{"allow":["GET"]}}],"collection":[{"href":"https:\/\/agenciainfra.com\/blog\/wp-json\/wp\/v2\/posts"}],"about":[{"href":"https:\/\/agenciainfra.com\/blog\/wp-json\/wp\/v2\/types\/post"}],"author":[{"embeddable":true,"href":"https:\/\/agenciainfra.com\/blog\/wp-json\/wp\/v2\/users\/9"}],"replies":[{"embeddable":true,"href":"https:\/\/agenciainfra.com\/blog\/wp-json\/wp\/v2\/comments?post=4364"}],"version-history":[{"count":0,"href":"https:\/\/agenciainfra.com\/blog\/wp-json\/wp\/v2\/posts\/4364\/revisions"}],"wp:featuredmedia":[{"embeddable":true,"href":"https:\/\/agenciainfra.com\/blog\/wp-json\/wp\/v2\/media\/4365"}],"wp:attachment":[{"href":"https:\/\/agenciainfra.com\/blog\/wp-json\/wp\/v2\/media?parent=4364"}],"wp:term":[{"taxonomy":"category","embeddable":true,"href":"https:\/\/agenciainfra.com\/blog\/wp-json\/wp\/v2\/categories?post=4364"},{"taxonomy":"post_tag","embeddable":true,"href":"https:\/\/agenciainfra.com\/blog\/wp-json\/wp\/v2\/tags?post=4364"}],"curies":[{"name":"wp","href":"https:\/\/api.w.org\/{rel}","templated":true}]}}