{"id":43961,"date":"2026-07-07T13:18:24","date_gmt":"2026-07-07T16:18:24","guid":{"rendered":"https:\/\/agenciainfra.com\/blog\/?p=43961"},"modified":"2026-07-08T19:44:51","modified_gmt":"2026-07-08T22:44:51","slug":"data-centers-querem-planejamento-energetico-conectado-a-investimentos-do-setor","status":"publish","type":"post","link":"https:\/\/agenciainfra.com\/blog\/data-centers-querem-planejamento-energetico-conectado-a-investimentos-do-setor\/","title":{"rendered":"Data centers querem planejamento energ\u00e9tico conectado a investimentos"},"content":{"rendered":"\n<p class=\"has-text-align-right\"><strong>Geraldo Campos Jr., da Ag\u00eancia iNFRA<\/strong><\/p>\n\n\n\n<p>O setor de data centers v\u00ea como um dos desafios centrais para consolida\u00e7\u00e3o no Brasil a necessidade de compatibilizar o planejamento setorial de energia, em especial o de expans\u00e3o da transmiss\u00e3o, com o ciclo dos investimentos de implanta\u00e7\u00e3o dos parques de dados. A conclus\u00e3o consta em estudo da FGV (Funda\u00e7\u00e3o Getulio Vargas) divulgado nesta ter\u00e7a-feira (7).<\/p>\n\n\n\n<p>O estudo prop\u00f5e a cria\u00e7\u00e3o de um grupo especial para fazer esse trabalho de coordena\u00e7\u00e3o integrada, liderado pelo MME (Minist\u00e9rio de Minas e Energia) e integrado por entidades como EPE (Empresa de Pesquisa Energ\u00e9tica), ANEEL (Ag\u00eancia Nacional de Energia El\u00e9trica), ONS (Operador Nacional do Sistema El\u00e9trico), CCEE (C\u00e2mara de Comercializa\u00e7\u00e3o de Energia) e representantes do setor e da academia, para aprimoramento do planejamento, proposi\u00e7\u00e3o de medidas e monitoramento de indicadores.<\/p>\n\n\n\n<p>Um das necessidades de aprimoramento no planejamento, segundo a publica\u00e7\u00e3o, \u00e9 garantir acesso previs\u00edvel e c\u00e9lere \u00e0 rede para cargas ultraeletrointensivas, com maior previsibilidade na proje\u00e7\u00e3o de demanda e gest\u00e3o de conex\u00e3o. Durante o evento de lan\u00e7amento, realizado na sede do Instituto Brasil Competitivo, representantes do setor destacaram que o modelo atual de acesso \u00e9 ruim para o desenvolvimento dos projetos.<\/p>\n\n\n\n<p>Um pleito comum no evento foi o de cria\u00e7\u00e3o de um mapa nacional indicativo de margens de escoamento e estudos de sinaliza\u00e7\u00e3o de expans\u00e3o do SIN (Sistema Interligado Nacional) para atender \u00e0 rampa de projetos de data centers. Al\u00e9m disso, o estudo prop\u00f4s que os leil\u00f5es de margem sejam feitos com classifica\u00e7\u00e3o por ordem de maior capacidade (MW\/GW) e tenha processo mais simples para empreendimentos j\u00e1 conectados e que buscam apenas a renova\u00e7\u00e3o do acesso.<\/p>\n\n\n\n<p>Hoje, cerca de metade do custo de opera\u00e7\u00e3o de um data center \u00e9 com energia el\u00e9trica. Conforme o estudo, podem atenuar esse impacto instrumentos como forma\u00e7\u00e3o de pre\u00e7os por oferta, sinal locacional, contratos de longo prazo, eventual redu\u00e7\u00e3o de ICMS sobre energia el\u00e9trica e transfer\u00eancia de custos de subs\u00eddios da CDE (Conta de Desenvolvimento Energ\u00e9tico) para o Tesouro Nacional.<\/p>\n\n\n\n<p><strong>Redata<\/strong><br>Durante o evento de lan\u00e7amento, representantes do setor de data centers defenderam o avan\u00e7o do projeto do Redata (Regime Especial de Data Centers) no Congresso Nacional. O tema est\u00e1 com tramita\u00e7\u00e3o parada no Senado, ainda aguardando designa\u00e7\u00e3o de relator.<\/p>\n\n\n\n<p>Os agentes defenderam altera\u00e7\u00f5es no texto, como inclus\u00e3o de outras fontes de energia al\u00e9m das renov\u00e1veis, para suprimento das plantas, e tamb\u00e9m ajustes nos benef\u00edcios fiscais oferecidos.<\/p>\n\n\n\n<p>O senador La\u00e9rcio Oliveira (PP-SE) afirmou que a expectativa \u00e9 de retomada do tema ap\u00f3s as elei\u00e7\u00f5es. Ele disse que atuou para a MP (Medida Provis\u00f3ria) enviada pelo governo caducar justamente porque precisava de ajustes e n\u00e3o haveria tempo h\u00e1bil.<\/p>\n\n\n\n<p><strong>Estudo<br><\/strong>O estudo apresentado pela FGV, encomendado por Scala Data Centers e Norg\u00e1s, analisou os impactos econ\u00f4micos da expans\u00e3o da infraestrutura digital no pa\u00eds e os fatores que influenciam sua competitividade no cen\u00e1rio internacional. A conclus\u00e3o aponta que vantagens como a matriz el\u00e9trica majoritariamente renov\u00e1vel, o posicionamento geogr\u00e1fico estrat\u00e9gico, o tamanho do mercado dom\u00e9stico e a crescente demanda por servi\u00e7os de nuvem e de intelig\u00eancia artificial colocam o pa\u00eds em posi\u00e7\u00e3o relevante na disputa global por investimentos em infraestrutura digital.<\/p>\n\n\n\n<p>Os impactos econ\u00f4micos associados ao setor s\u00e3o expressivos. No cen\u00e1rio mais ambicioso analisado pela FGV, que considera a expans\u00e3o da capacidade instalada de infraestrutura digital de aproximadamente 1 GW para 13,7 GW at\u00e9 2035, o pa\u00eds poderia mobilizar entre US$ 431,8 bilh\u00f5es e US$ 698,5 bilh\u00f5es em investimentos totais, equivalentes a aproximadamente R$ 2,3 trilh\u00f5es a R$ 3,7 trilh\u00f5es.<\/p>\n\n\n\n<p>Al\u00e9m da previsibilidade energ\u00e9tica com o maior alinhamento com o planejamento, o estudo destacou avan\u00e7os necess\u00e1rios para o pa\u00eds ampliar a competitividade no setor, como maior coordena\u00e7\u00e3o institucional, ambiente regulat\u00f3rio est\u00e1vel e mudan\u00e7as na carga tribut\u00e1ria sobre equipamentos e servi\u00e7os.<\/p>\n","protected":false},"excerpt":{"rendered":"<p>Geraldo Campos Jr., da Ag\u00eancia iNFRA O setor de data centers v\u00ea como um dos desafios centrais para consolida\u00e7\u00e3o no Brasil a necessidade de compatibilizar o planejamento setorial de energia, em especial o de expans\u00e3o da transmiss\u00e3o, com o ciclo dos investimentos de implanta\u00e7\u00e3o dos parques de dados. A conclus\u00e3o consta em estudo da FGV [&hellip;]<\/p>\n","protected":false},"author":1,"featured_media":26900,"comment_status":"closed","ping_status":"closed","sticky":false,"template":"","format":"standard","meta":{"_monsterinsights_skip_tracking":false,"_monsterinsights_sitenote_active":false,"_monsterinsights_sitenote_note":"","_monsterinsights_sitenote_category":0,"footnotes":""},"categories":[7250,10],"tags":[14441,13398,25,384,11594,13399,14879,575],"class_list":["post-43961","post","type-post","status-publish","format-standard","has-post-thumbnail","hentry","category-destaque-lista","category-infraenergia","tag-data-center","tag-data-centers","tag-energia","tag-fgv","tag-geraldo-campos-jr","tag-politica-nacional-de-data-centers","tag-redata","tag-transmissao-de-energia"],"yoast_head":"<!-- This site is optimized with the Yoast SEO Premium plugin v25.4 (Yoast SEO v28.2) - https:\/\/yoast.com\/product\/yoast-seo-premium-wordpress\/ -->\n<title>Data centers querem planejamento conectado a investimentos<\/title>\n<meta name=\"robots\" content=\"index, follow, max-snippet:-1, max-image-preview:large, max-video-preview:-1\" \/>\n<link rel=\"canonical\" href=\"https:\/\/agenciainfra.com\/blog\/data-centers-querem-planejamento-energetico-conectado-a-investimentos-do-setor\/\" \/>\n<meta property=\"og:locale\" content=\"pt_BR\" \/>\n<meta property=\"og:type\" content=\"article\" \/>\n<meta property=\"og:title\" content=\"Data centers querem planejamento energ\u00e9tico conectado a investimentos\" \/>\n<meta property=\"og:description\" content=\"Geraldo Campos Jr., da Ag\u00eancia iNFRA O setor de data centers v\u00ea como um dos desafios centrais para consolida\u00e7\u00e3o no Brasil a necessidade de compatibilizar o planejamento setorial de energia, em especial o de expans\u00e3o da transmiss\u00e3o, com o ciclo dos investimentos de implanta\u00e7\u00e3o dos parques de dados. A conclus\u00e3o consta em estudo da FGV [&hellip;]\" \/>\n<meta property=\"og:url\" content=\"https:\/\/agenciainfra.com\/blog\/data-centers-querem-planejamento-energetico-conectado-a-investimentos-do-setor\/\" \/>\n<meta property=\"og:site_name\" content=\"Ag\u00eancia iNFRA\" \/>\n<meta property=\"article:publisher\" content=\"https:\/\/www.facebook.com\/ageninfra\" \/>\n<meta property=\"article:published_time\" content=\"2026-07-07T16:18:24+00:00\" \/>\n<meta property=\"article:modified_time\" content=\"2026-07-08T22:44:51+00:00\" \/>\n<meta property=\"og:image\" content=\"https:\/\/agenciainfra.com\/blog\/wp-content\/uploads\/2025\/08\/data-center-foto-depositphotos.jpg\" \/>\n\t<meta property=\"og:image:width\" content=\"1280\" \/>\n\t<meta property=\"og:image:height\" content=\"788\" \/>\n\t<meta property=\"og:image:type\" content=\"image\/jpeg\" \/>\n<meta name=\"author\" content=\"Ag\u00eancia iNFRA\" \/>\n<meta name=\"twitter:card\" content=\"summary_large_image\" \/>\n<meta name=\"twitter:creator\" content=\"@agencia_infra\" \/>\n<meta name=\"twitter:site\" content=\"@agencia_infra\" \/>\n<meta name=\"twitter:label1\" content=\"Escrito por\" \/>\n\t<meta name=\"twitter:data1\" content=\"Ag\u00eancia iNFRA\" \/>\n\t<meta name=\"twitter:label2\" content=\"Est. tempo de leitura\" \/>\n\t<meta name=\"twitter:data2\" content=\"3 minutos\" \/>\n<script type=\"application\/ld+json\" class=\"yoast-schema-graph\">{\"@context\":\"https:\\\/\\\/schema.org\",\"@graph\":[{\"@type\":\"Article\",\"@id\":\"https:\\\/\\\/agenciainfra.com\\\/blog\\\/data-centers-querem-planejamento-energetico-conectado-a-investimentos-do-setor\\\/#article\",\"isPartOf\":{\"@id\":\"https:\\\/\\\/agenciainfra.com\\\/blog\\\/data-centers-querem-planejamento-energetico-conectado-a-investimentos-do-setor\\\/\"},\"author\":{\"name\":\"Ag\u00eancia iNFRA\",\"@id\":\"https:\\\/\\\/agenciainfra.com\\\/blog\\\/#\\\/schema\\\/person\\\/34af08dff6adea4cb22b06612ba7acfa\"},\"headline\":\"Data centers querem planejamento energ\u00e9tico conectado a investimentos\",\"datePublished\":\"2026-07-07T16:18:24+00:00\",\"dateModified\":\"2026-07-08T22:44:51+00:00\",\"mainEntityOfPage\":{\"@id\":\"https:\\\/\\\/agenciainfra.com\\\/blog\\\/data-centers-querem-planejamento-energetico-conectado-a-investimentos-do-setor\\\/\"},\"wordCount\":703,\"publisher\":{\"@id\":\"https:\\\/\\\/agenciainfra.com\\\/blog\\\/#organization\"},\"image\":{\"@id\":\"https:\\\/\\\/agenciainfra.com\\\/blog\\\/data-centers-querem-planejamento-energetico-conectado-a-investimentos-do-setor\\\/#primaryimage\"},\"thumbnailUrl\":\"https:\\\/\\\/agenciainfra.com\\\/blog\\\/wp-content\\\/uploads\\\/2025\\\/08\\\/data-center-foto-depositphotos.jpg\",\"keywords\":[\"data center\",\"data centers\",\"energia\",\"FGV\",\"Geraldo Campos Jr.\",\"pol\u00edtica nacional de data centers\",\"Redata\",\"transmiss\u00e3o de energia\"],\"articleSection\":[\"Destaque lista\",\"iNFRAEnergia\"],\"inLanguage\":\"pt-BR\",\"copyrightYear\":\"2026\",\"copyrightHolder\":{\"@id\":\"https:\\\/\\\/agenciainfra.com\\\/blog\\\/#organization\"}},{\"@type\":\"WebPage\",\"@id\":\"https:\\\/\\\/agenciainfra.com\\\/blog\\\/data-centers-querem-planejamento-energetico-conectado-a-investimentos-do-setor\\\/\",\"url\":\"https:\\\/\\\/agenciainfra.com\\\/blog\\\/data-centers-querem-planejamento-energetico-conectado-a-investimentos-do-setor\\\/\",\"name\":\"Data centers querem planejamento conectado a investimentos\",\"isPartOf\":{\"@id\":\"https:\\\/\\\/agenciainfra.com\\\/blog\\\/#website\"},\"primaryImageOfPage\":{\"@id\":\"https:\\\/\\\/agenciainfra.com\\\/blog\\\/data-centers-querem-planejamento-energetico-conectado-a-investimentos-do-setor\\\/#primaryimage\"},\"image\":{\"@id\":\"https:\\\/\\\/agenciainfra.com\\\/blog\\\/data-centers-querem-planejamento-energetico-conectado-a-investimentos-do-setor\\\/#primaryimage\"},\"thumbnailUrl\":\"https:\\\/\\\/agenciainfra.com\\\/blog\\\/wp-content\\\/uploads\\\/2025\\\/08\\\/data-center-foto-depositphotos.jpg\",\"datePublished\":\"2026-07-07T16:18:24+00:00\",\"dateModified\":\"2026-07-08T22:44:51+00:00\",\"breadcrumb\":{\"@id\":\"https:\\\/\\\/agenciainfra.com\\\/blog\\\/data-centers-querem-planejamento-energetico-conectado-a-investimentos-do-setor\\\/#breadcrumb\"},\"inLanguage\":\"pt-BR\",\"potentialAction\":[{\"@type\":\"ReadAction\",\"target\":[\"https:\\\/\\\/agenciainfra.com\\\/blog\\\/data-centers-querem-planejamento-energetico-conectado-a-investimentos-do-setor\\\/\"]}]},{\"@type\":\"ImageObject\",\"inLanguage\":\"pt-BR\",\"@id\":\"https:\\\/\\\/agenciainfra.com\\\/blog\\\/data-centers-querem-planejamento-energetico-conectado-a-investimentos-do-setor\\\/#primaryimage\",\"url\":\"https:\\\/\\\/agenciainfra.com\\\/blog\\\/wp-content\\\/uploads\\\/2025\\\/08\\\/data-center-foto-depositphotos.jpg\",\"contentUrl\":\"https:\\\/\\\/agenciainfra.com\\\/blog\\\/wp-content\\\/uploads\\\/2025\\\/08\\\/data-center-foto-depositphotos.jpg\",\"width\":1280,\"height\":788,\"caption\":\"Foto: Dom\u00ednio p\u00fablico\\\/Depositphotos\"},{\"@type\":\"BreadcrumbList\",\"@id\":\"https:\\\/\\\/agenciainfra.com\\\/blog\\\/data-centers-querem-planejamento-energetico-conectado-a-investimentos-do-setor\\\/#breadcrumb\",\"itemListElement\":[{\"@type\":\"ListItem\",\"position\":1,\"name\":\"In\u00edcio\",\"item\":\"https:\\\/\\\/agenciainfra.com\\\/blog\\\/\"},{\"@type\":\"ListItem\",\"position\":2,\"name\":\"Data centers querem planejamento energ\u00e9tico conectado a investimentos\"}]},{\"@type\":\"WebSite\",\"@id\":\"https:\\\/\\\/agenciainfra.com\\\/blog\\\/#website\",\"url\":\"https:\\\/\\\/agenciainfra.com\\\/blog\\\/\",\"name\":\"Ag\u00eancia iNFRA\",\"description\":\"Multiplataforma de informa\u00e7\u00e3o jornal\u00edstica refer\u00eancia na \u00e1rea de infraestrutura no Brasil!\",\"publisher\":{\"@id\":\"https:\\\/\\\/agenciainfra.com\\\/blog\\\/#organization\"},\"potentialAction\":[{\"@type\":\"SearchAction\",\"target\":{\"@type\":\"EntryPoint\",\"urlTemplate\":\"https:\\\/\\\/agenciainfra.com\\\/blog\\\/?s={search_term_string}\"},\"query-input\":{\"@type\":\"PropertyValueSpecification\",\"valueRequired\":true,\"valueName\":\"search_term_string\"}}],\"inLanguage\":\"pt-BR\"},{\"@type\":\"Organization\",\"@id\":\"https:\\\/\\\/agenciainfra.com\\\/blog\\\/#organization\",\"name\":\"Ag\u00eancia iNFRA\",\"url\":\"https:\\\/\\\/agenciainfra.com\\\/blog\\\/\",\"logo\":{\"@type\":\"ImageObject\",\"inLanguage\":\"pt-BR\",\"@id\":\"https:\\\/\\\/agenciainfra.com\\\/blog\\\/#\\\/schema\\\/logo\\\/image\\\/\",\"url\":\"https:\\\/\\\/agenciainfra.com\\\/blog\\\/wp-content\\\/uploads\\\/2023\\\/09\\\/iNFRA_5-e1761735885940.png\",\"contentUrl\":\"https:\\\/\\\/agenciainfra.com\\\/blog\\\/wp-content\\\/uploads\\\/2023\\\/09\\\/iNFRA_5-e1761735885940.png\",\"width\":1672,\"height\":454,\"caption\":\"Ag\u00eancia iNFRA\"},\"image\":{\"@id\":\"https:\\\/\\\/agenciainfra.com\\\/blog\\\/#\\\/schema\\\/logo\\\/image\\\/\"},\"sameAs\":[\"https:\\\/\\\/www.facebook.com\\\/ageninfra\",\"https:\\\/\\\/x.com\\\/agencia_infra\",\"https:\\\/\\\/www.linkedin.com\\\/company\\\/ag\u00eanciainfra\\\/\",\"https:\\\/\\\/www.instagram.com\\\/agenciainfra\\\/\"]},{\"@type\":\"Person\",\"@id\":\"https:\\\/\\\/agenciainfra.com\\\/blog\\\/#\\\/schema\\\/person\\\/34af08dff6adea4cb22b06612ba7acfa\",\"name\":\"Ag\u00eancia iNFRA\",\"image\":{\"@type\":\"ImageObject\",\"inLanguage\":\"pt-BR\",\"@id\":\"https:\\\/\\\/secure.gravatar.com\\\/avatar\\\/d189e01678f06d8eb84d4e01f08eb848b3fffe3f8443818d3c356c66892f5be8?s=96&d=mm&r=g\",\"url\":\"https:\\\/\\\/secure.gravatar.com\\\/avatar\\\/d189e01678f06d8eb84d4e01f08eb848b3fffe3f8443818d3c356c66892f5be8?s=96&d=mm&r=g\",\"contentUrl\":\"https:\\\/\\\/secure.gravatar.com\\\/avatar\\\/d189e01678f06d8eb84d4e01f08eb848b3fffe3f8443818d3c356c66892f5be8?s=96&d=mm&r=g\",\"caption\":\"Ag\u00eancia iNFRA\"},\"url\":\"https:\\\/\\\/agenciainfra.com\\\/blog\\\/author\\\/admin\\\/\"}]}<\/script>\n<!-- \/ Yoast SEO Premium plugin. -->","yoast_head_json":{"title":"Data centers querem planejamento conectado a investimentos","robots":{"index":"index","follow":"follow","max-snippet":"max-snippet:-1","max-image-preview":"max-image-preview:large","max-video-preview":"max-video-preview:-1"},"canonical":"https:\/\/agenciainfra.com\/blog\/data-centers-querem-planejamento-energetico-conectado-a-investimentos-do-setor\/","og_locale":"pt_BR","og_type":"article","og_title":"Data centers querem planejamento energ\u00e9tico conectado a investimentos","og_description":"Geraldo Campos Jr., da Ag\u00eancia iNFRA O setor de data centers v\u00ea como um dos desafios centrais para consolida\u00e7\u00e3o no Brasil a necessidade de compatibilizar o planejamento setorial de energia, em especial o de expans\u00e3o da transmiss\u00e3o, com o ciclo dos investimentos de implanta\u00e7\u00e3o dos parques de dados. A conclus\u00e3o consta em estudo da FGV [&hellip;]","og_url":"https:\/\/agenciainfra.com\/blog\/data-centers-querem-planejamento-energetico-conectado-a-investimentos-do-setor\/","og_site_name":"Ag\u00eancia iNFRA","article_publisher":"https:\/\/www.facebook.com\/ageninfra","article_published_time":"2026-07-07T16:18:24+00:00","article_modified_time":"2026-07-08T22:44:51+00:00","og_image":[{"width":1280,"height":788,"url":"https:\/\/agenciainfra.com\/blog\/wp-content\/uploads\/2025\/08\/data-center-foto-depositphotos.jpg","type":"image\/jpeg"}],"author":"Ag\u00eancia iNFRA","twitter_card":"summary_large_image","twitter_creator":"@agencia_infra","twitter_site":"@agencia_infra","twitter_misc":{"Escrito por":"Ag\u00eancia iNFRA","Est. tempo de leitura":"3 minutos"},"schema":{"@context":"https:\/\/schema.org","@graph":[{"@type":"Article","@id":"https:\/\/agenciainfra.com\/blog\/data-centers-querem-planejamento-energetico-conectado-a-investimentos-do-setor\/#article","isPartOf":{"@id":"https:\/\/agenciainfra.com\/blog\/data-centers-querem-planejamento-energetico-conectado-a-investimentos-do-setor\/"},"author":{"name":"Ag\u00eancia iNFRA","@id":"https:\/\/agenciainfra.com\/blog\/#\/schema\/person\/34af08dff6adea4cb22b06612ba7acfa"},"headline":"Data centers querem planejamento energ\u00e9tico conectado a investimentos","datePublished":"2026-07-07T16:18:24+00:00","dateModified":"2026-07-08T22:44:51+00:00","mainEntityOfPage":{"@id":"https:\/\/agenciainfra.com\/blog\/data-centers-querem-planejamento-energetico-conectado-a-investimentos-do-setor\/"},"wordCount":703,"publisher":{"@id":"https:\/\/agenciainfra.com\/blog\/#organization"},"image":{"@id":"https:\/\/agenciainfra.com\/blog\/data-centers-querem-planejamento-energetico-conectado-a-investimentos-do-setor\/#primaryimage"},"thumbnailUrl":"https:\/\/agenciainfra.com\/blog\/wp-content\/uploads\/2025\/08\/data-center-foto-depositphotos.jpg","keywords":["data center","data centers","energia","FGV","Geraldo Campos Jr.","pol\u00edtica nacional de data centers","Redata","transmiss\u00e3o de energia"],"articleSection":["Destaque lista","iNFRAEnergia"],"inLanguage":"pt-BR","copyrightYear":"2026","copyrightHolder":{"@id":"https:\/\/agenciainfra.com\/blog\/#organization"}},{"@type":"WebPage","@id":"https:\/\/agenciainfra.com\/blog\/data-centers-querem-planejamento-energetico-conectado-a-investimentos-do-setor\/","url":"https:\/\/agenciainfra.com\/blog\/data-centers-querem-planejamento-energetico-conectado-a-investimentos-do-setor\/","name":"Data centers querem planejamento conectado a investimentos","isPartOf":{"@id":"https:\/\/agenciainfra.com\/blog\/#website"},"primaryImageOfPage":{"@id":"https:\/\/agenciainfra.com\/blog\/data-centers-querem-planejamento-energetico-conectado-a-investimentos-do-setor\/#primaryimage"},"image":{"@id":"https:\/\/agenciainfra.com\/blog\/data-centers-querem-planejamento-energetico-conectado-a-investimentos-do-setor\/#primaryimage"},"thumbnailUrl":"https:\/\/agenciainfra.com\/blog\/wp-content\/uploads\/2025\/08\/data-center-foto-depositphotos.jpg","datePublished":"2026-07-07T16:18:24+00:00","dateModified":"2026-07-08T22:44:51+00:00","breadcrumb":{"@id":"https:\/\/agenciainfra.com\/blog\/data-centers-querem-planejamento-energetico-conectado-a-investimentos-do-setor\/#breadcrumb"},"inLanguage":"pt-BR","potentialAction":[{"@type":"ReadAction","target":["https:\/\/agenciainfra.com\/blog\/data-centers-querem-planejamento-energetico-conectado-a-investimentos-do-setor\/"]}]},{"@type":"ImageObject","inLanguage":"pt-BR","@id":"https:\/\/agenciainfra.com\/blog\/data-centers-querem-planejamento-energetico-conectado-a-investimentos-do-setor\/#primaryimage","url":"https:\/\/agenciainfra.com\/blog\/wp-content\/uploads\/2025\/08\/data-center-foto-depositphotos.jpg","contentUrl":"https:\/\/agenciainfra.com\/blog\/wp-content\/uploads\/2025\/08\/data-center-foto-depositphotos.jpg","width":1280,"height":788,"caption":"Foto: Dom\u00ednio p\u00fablico\/Depositphotos"},{"@type":"BreadcrumbList","@id":"https:\/\/agenciainfra.com\/blog\/data-centers-querem-planejamento-energetico-conectado-a-investimentos-do-setor\/#breadcrumb","itemListElement":[{"@type":"ListItem","position":1,"name":"In\u00edcio","item":"https:\/\/agenciainfra.com\/blog\/"},{"@type":"ListItem","position":2,"name":"Data centers querem planejamento energ\u00e9tico conectado a investimentos"}]},{"@type":"WebSite","@id":"https:\/\/agenciainfra.com\/blog\/#website","url":"https:\/\/agenciainfra.com\/blog\/","name":"Ag\u00eancia iNFRA","description":"Multiplataforma de informa\u00e7\u00e3o jornal\u00edstica refer\u00eancia na \u00e1rea de infraestrutura no Brasil!","publisher":{"@id":"https:\/\/agenciainfra.com\/blog\/#organization"},"potentialAction":[{"@type":"SearchAction","target":{"@type":"EntryPoint","urlTemplate":"https:\/\/agenciainfra.com\/blog\/?s={search_term_string}"},"query-input":{"@type":"PropertyValueSpecification","valueRequired":true,"valueName":"search_term_string"}}],"inLanguage":"pt-BR"},{"@type":"Organization","@id":"https:\/\/agenciainfra.com\/blog\/#organization","name":"Ag\u00eancia iNFRA","url":"https:\/\/agenciainfra.com\/blog\/","logo":{"@type":"ImageObject","inLanguage":"pt-BR","@id":"https:\/\/agenciainfra.com\/blog\/#\/schema\/logo\/image\/","url":"https:\/\/agenciainfra.com\/blog\/wp-content\/uploads\/2023\/09\/iNFRA_5-e1761735885940.png","contentUrl":"https:\/\/agenciainfra.com\/blog\/wp-content\/uploads\/2023\/09\/iNFRA_5-e1761735885940.png","width":1672,"height":454,"caption":"Ag\u00eancia iNFRA"},"image":{"@id":"https:\/\/agenciainfra.com\/blog\/#\/schema\/logo\/image\/"},"sameAs":["https:\/\/www.facebook.com\/ageninfra","https:\/\/x.com\/agencia_infra","https:\/\/www.linkedin.com\/company\/ag\u00eanciainfra\/","https:\/\/www.instagram.com\/agenciainfra\/"]},{"@type":"Person","@id":"https:\/\/agenciainfra.com\/blog\/#\/schema\/person\/34af08dff6adea4cb22b06612ba7acfa","name":"Ag\u00eancia iNFRA","image":{"@type":"ImageObject","inLanguage":"pt-BR","@id":"https:\/\/secure.gravatar.com\/avatar\/d189e01678f06d8eb84d4e01f08eb848b3fffe3f8443818d3c356c66892f5be8?s=96&d=mm&r=g","url":"https:\/\/secure.gravatar.com\/avatar\/d189e01678f06d8eb84d4e01f08eb848b3fffe3f8443818d3c356c66892f5be8?s=96&d=mm&r=g","contentUrl":"https:\/\/secure.gravatar.com\/avatar\/d189e01678f06d8eb84d4e01f08eb848b3fffe3f8443818d3c356c66892f5be8?s=96&d=mm&r=g","caption":"Ag\u00eancia iNFRA"},"url":"https:\/\/agenciainfra.com\/blog\/author\/admin\/"}]}},"_links":{"self":[{"href":"https:\/\/agenciainfra.com\/blog\/wp-json\/wp\/v2\/posts\/43961","targetHints":{"allow":["GET"]}}],"collection":[{"href":"https:\/\/agenciainfra.com\/blog\/wp-json\/wp\/v2\/posts"}],"about":[{"href":"https:\/\/agenciainfra.com\/blog\/wp-json\/wp\/v2\/types\/post"}],"author":[{"embeddable":true,"href":"https:\/\/agenciainfra.com\/blog\/wp-json\/wp\/v2\/users\/1"}],"replies":[{"embeddable":true,"href":"https:\/\/agenciainfra.com\/blog\/wp-json\/wp\/v2\/comments?post=43961"}],"version-history":[{"count":3,"href":"https:\/\/agenciainfra.com\/blog\/wp-json\/wp\/v2\/posts\/43961\/revisions"}],"predecessor-version":[{"id":44003,"href":"https:\/\/agenciainfra.com\/blog\/wp-json\/wp\/v2\/posts\/43961\/revisions\/44003"}],"wp:featuredmedia":[{"embeddable":true,"href":"https:\/\/agenciainfra.com\/blog\/wp-json\/wp\/v2\/media\/26900"}],"wp:attachment":[{"href":"https:\/\/agenciainfra.com\/blog\/wp-json\/wp\/v2\/media?parent=43961"}],"wp:term":[{"taxonomy":"category","embeddable":true,"href":"https:\/\/agenciainfra.com\/blog\/wp-json\/wp\/v2\/categories?post=43961"},{"taxonomy":"post_tag","embeddable":true,"href":"https:\/\/agenciainfra.com\/blog\/wp-json\/wp\/v2\/tags?post=43961"}],"curies":[{"name":"wp","href":"https:\/\/api.w.org\/{rel}","templated":true}]}}