{"id":4413,"date":"2020-02-15T08:00:19","date_gmt":"2020-02-15T11:00:19","guid":{"rendered":"http:\/\/www.agenciainfra.com\/blog\/?p=4413"},"modified":"2020-02-14T08:34:30","modified_gmt":"2020-02-14T11:34:30","slug":"ministro-da-infraestrutura-diz-que-congresso-vai-decidir-se-br-do-mar-sera-por-mp-ou-projeto-de-lei","status":"publish","type":"post","link":"https:\/\/agenciainfra.com\/blog\/ministro-da-infraestrutura-diz-que-congresso-vai-decidir-se-br-do-mar-sera-por-mp-ou-projeto-de-lei\/","title":{"rendered":"Ministro da Infraestrutura diz que Congresso vai decidir se BR do Mar ser\u00e1 por MP ou projeto de lei"},"content":{"rendered":"<div>\n<h5 style=\"text-align: right;\"><strong>Tales Silveira, da\u00a0Ag\u00eancia iNFRA<\/strong><\/h5>\n<p dir=\"ltr\">O ministro da Infraestrutura, Tarc\u00edsio do Freitas, afirmou, na \u00faltima quarta-feira (12), que o governo conversar\u00e1 com os l\u00edderes do Congresso Nacional para decidir se enviar\u00e1 em forma de MP (medida provis\u00f3ria) ou em forma de PL (projeto de lei) o Programa de Fomento \u00e0 Cabotagem, apelidado de BR do Mar.<\/p>\n<p>\u201cVamos lan\u00e7ar em forma de medida provis\u00f3ria ou projeto de lei de acordo com conversa que vamos ter com os l\u00edderes do Congresso e com os presidentes das Casas. N\u00e3o vamos fazer nada que prejudique a tramita\u00e7\u00e3o. Vamos sentir o clima. Se pedirem projeto de lei, iremos enviar\u201d, disse, ap\u00f3s participar de um semin\u00e1rio em Bras\u00edlia (DF).<\/p>\n<p>Ainda segundo o ministro, instituir o programa por meio de MP seria uma forma mais r\u00e1pida para trazer investimentos para o setor, al\u00e9m de agradar o empresariado que espera \u201cansiosamente\u201d para investir no modelo de navega\u00e7\u00e3o. No fim do ano passado, a hip\u00f3tese de uma MP era considerada remota.<\/p>\n<p>\u201cEu acho que \u00e9 uma coisa urgente que o Brasil precisa. Se soltarmos por medida provis\u00f3ria trar\u00e1 um efeito imediato para a cabotagem alavancando investimento de forma muito r\u00e1pida. H\u00e1 tamb\u00e9m um interesse muito grande do mercado no programa. Ele j\u00e1 conhece o teor e aguarda com uma certa ansiedade\u201d, explicou o ministro.<\/p>\n<p><strong>Acordo pr\u00f3ximo<\/strong><br \/>\nO programa de fomento \u00e0 cabotagem est\u00e1 em an\u00e1lise desde o in\u00edcio do ano pelo governo, que prometeu o envio de uma medida provis\u00f3ria no meio do ano passado. Mas uma diverg\u00eancia conceitual entre representantes do Minist\u00e9rio da Economia e da Infraestrutura acabou atrasando a finaliza\u00e7\u00e3o da proposta.<\/p>\n<p>De acordo com uma pessoa envolvida nas negocia\u00e7\u00f5es, os dois lados est\u00e3o cedendo em rela\u00e7\u00e3o ao ponto principal de diverg\u00eancia, que era liberar ou n\u00e3o\u00a0a cabotagem para navios estrangeiros afretados sem a necessidade de que a empresa tivesse navio pr\u00f3prio brasileiro (o chamado lastro).<\/p>\n<p>A ideia \u00e9 que haja uma flexibiliza\u00e7\u00e3o das regras de afretamento imediatamente, mas ainda mantendo a exig\u00eancia do lastro por um per\u00edodo que &#8220;ser\u00e1 curto&#8221;, segundo o agente, e depois ter uma abertura ampla do mercado para o afretamento de estrangeiros.<\/p>\n<p>Houve reuni\u00f5es nesta quarta-feira no Minist\u00e9rio da Economia para tratar do tema. A ideia \u00e9 que uma primeira proposta de texto legislativo seja feita pela Infraestrutura nas pr\u00f3ximas semanas, encaminhada \u00e0 Economia e depois v\u00e1 para a Casa Civil.<\/p>\n<p>Nesta semana, a ANTAQ (Ag\u00eancia Nacional de Transportes Aquavi\u00e1rios) lan\u00e7ou estudo que aponta alternativas regulat\u00f3rias para combater problemas relacionados ao elevado n\u00edvel de utiliza\u00e7\u00e3o da frota de navios porta-cont\u00eaineres na cabotagem.<\/p>\n<p>Dentre as alternativas est\u00e1 a que permite o afretamento por tempo, desde que esse afretamento tenha uma dura\u00e7\u00e3o m\u00ednima a ser estipulada e que seja emitido o CLE (Certificado de Libera\u00e7\u00e3o da Embarca\u00e7\u00e3o), nos moldes do que j\u00e1 ocorre nos acordos bilaterais de longo curso.<\/p>\n<p><strong>Malha Paulista<\/strong><br \/>\nDurante a palestra no evento, Tarc\u00edsio de Freitas comentou sobre a prorroga\u00e7\u00e3o do contrato de concess\u00e3o da Rumo Malha Paulista. A ideia \u00e9 que ela saia na segunda semana de mar\u00e7o.<\/p>\n<p>\u201cNa segunda semana de mar\u00e7o iremos fazer a assinatura e prorroga\u00e7\u00e3o antecipada do contrato de concess\u00e3o da malha paulista. Ser\u00e3o R$ 6 bilh\u00f5es investidos em 5 anos na ferrovia onde vamos sair de uma capacidade de 35 milh\u00f5es de toneladas para 75 milh\u00f5es de toneladas\u201d, comentou.<\/p>\n<p>No fim do ano passado, o TCU (Tribunal de Contas da Uni\u00e3o) aprovou os estudos de viabilidade da renova\u00e7\u00e3o, mas o aditivo ainda n\u00e3o foi assinado entre as partes. O caso da Malha Paulista \u00e9 o primeiro a ser beneficiado pelas novas regras de concess\u00e3o de ferrovias no pa\u00eds.<\/p>\n<p><strong>STF<\/strong><br \/>\nAo ser questionado sobre a legalidade nas renova\u00e7\u00f5es dos contratos de concession\u00e1rias de ferrovias, que ter\u00e1 seu m\u00e9rito julgado pelo STF (Superior Tribunal Federal) no dia 20 de fevereiro, Tarc\u00edsio afirmou que n\u00e3o trar\u00e1 impacto relevante \u00e0 prorroga\u00e7\u00e3o do contrato da Malha Paulista.<\/p>\n<p>\u201cEsse julgamento impacta muito pouco a Malha Paulista. No final das contas, existem alguns pontos que est\u00e3o sendo atacados, sendo um deles o investimento cruzado, que \u00e9 uma forma de realizar o pagamento da outorga. Mas \u00e9 muito merit\u00f3rio que ele [STF] observe essa quest\u00e3o\u201d, falou.<\/p>\n<p>Tarc\u00edsio defendeu o modelo usando o exemplo da prorroga\u00e7\u00e3o antecipada do contrato de concess\u00e3o da EFVM (Estrada de Ferro Vit\u00f3ria a Minas), que est\u00e1 qualificada na carteira do PPI (Programa de Parcerias de Investimentos) desde 2017.<\/p>\n<p>\u201cA gente pegar\u00e1 a outorga da Vit\u00f3ria a Minas criando dois novos trechos, que s\u00e3o o Cariacica-Anchieta, e vai fazer a ferrovia de integra\u00e7\u00e3o do Centro-Oeste. Quando far\u00edamos essa ferrovia de integra\u00e7\u00e3o Centro-Oeste, com as nossas limita\u00e7\u00f5es de recursos or\u00e7ament\u00e1rios? N\u00e3o t\u00e3o cedo. Mas estou otimista em rela\u00e7\u00e3o \u00e0 decis\u00e3o do Supremo\u201d, explicou.<\/p>\n<p><strong>Ferrogr\u00e3o<\/strong><br \/>\nTarc\u00edsio tamb\u00e9m falou sobre o cronograma de concess\u00e3o da ferrovia Ferrogr\u00e3o. A ideia \u00e9 que o projeto j\u00e1 esteja pronto para avalia\u00e7\u00e3o do TCU e que o leil\u00e3o aconte\u00e7a ainda neste ano.<\/p>\n<p>\u201cVamos conversar com alguns fundos e investidores ao longo do pr\u00f3ximo um m\u00eas e meio. Enquanto isso estamos terminando a estrutura\u00e7\u00e3o ouvindo o mercado e, em breve, poderemos enviar a Ferrogr\u00e3o para o TCU. O valor de investimento gira em torno de R$ 13 bilh\u00f5es, com leil\u00e3o neste ano para uma obra que deve ficar pronta em sete anos\u201d, finalizou.<\/p>\n<\/div>\n","protected":false},"excerpt":{"rendered":"<p>Tales Silveira, da\u00a0Ag\u00eancia iNFRA O ministro da Infraestrutura, Tarc\u00edsio do Freitas, afirmou, na \u00faltima quarta-feira (12), que o governo conversar\u00e1 com os l\u00edderes do Congresso Nacional para decidir se enviar\u00e1 em forma de MP (medida provis\u00f3ria) ou em forma de PL (projeto de lei) o Programa de Fomento \u00e0 Cabotagem, apelidado de BR do Mar. [&hellip;]<\/p>\n","protected":false},"author":9,"featured_media":4416,"comment_status":"closed","ping_status":"closed","sticky":false,"template":"","format":"standard","meta":{"_monsterinsights_skip_tracking":false,"_monsterinsights_sitenote_active":false,"_monsterinsights_sitenote_note":"","_monsterinsights_sitenote_category":0,"footnotes":""},"categories":[7],"tags":[86,1245,407,158,85,775,448],"class_list":["post-4413","post","type-post","status-publish","format-standard","has-post-thumbnail","hentry","category-infratransporte","tag-antaq","tag-br-do-mar","tag-cabotagem","tag-ferrograo","tag-malha-paulista","tag-ministerio-da-infraestrutura","tag-tarcisio-de-freitas"],"yoast_head":"<!-- This site is optimized with the Yoast SEO Premium plugin v25.4 (Yoast SEO v26.0) - https:\/\/yoast.com\/wordpress\/plugins\/seo\/ -->\n<title>Ministro da Infraestrutura diz que Congresso vai decidir se BR do Mar ser\u00e1 por MP ou projeto de lei - Ag\u00eancia iNFRA<\/title>\n<meta name=\"robots\" content=\"index, follow, max-snippet:-1, max-image-preview:large, max-video-preview:-1\" \/>\n<link rel=\"canonical\" href=\"https:\/\/agenciainfra.com\/blog\/ministro-da-infraestrutura-diz-que-congresso-vai-decidir-se-br-do-mar-sera-por-mp-ou-projeto-de-lei\/\" \/>\n<meta property=\"og:locale\" content=\"pt_BR\" \/>\n<meta property=\"og:type\" content=\"article\" \/>\n<meta property=\"og:title\" content=\"Ministro da Infraestrutura diz que Congresso vai decidir se BR do Mar ser\u00e1 por MP ou projeto de lei\" \/>\n<meta property=\"og:description\" content=\"Tales Silveira, da\u00a0Ag\u00eancia iNFRA O ministro da Infraestrutura, Tarc\u00edsio do Freitas, afirmou, na \u00faltima quarta-feira (12), que o governo conversar\u00e1 com os l\u00edderes do Congresso Nacional para decidir se enviar\u00e1 em forma de MP (medida provis\u00f3ria) ou em forma de PL (projeto de lei) o Programa de Fomento \u00e0 Cabotagem, apelidado de BR do Mar. [&hellip;]\" \/>\n<meta property=\"og:url\" content=\"https:\/\/agenciainfra.com\/blog\/ministro-da-infraestrutura-diz-que-congresso-vai-decidir-se-br-do-mar-sera-por-mp-ou-projeto-de-lei\/\" \/>\n<meta property=\"og:site_name\" content=\"Ag\u00eancia iNFRA\" \/>\n<meta property=\"article:publisher\" content=\"https:\/\/www.facebook.com\/ageninfra\" \/>\n<meta property=\"article:published_time\" content=\"2020-02-15T11:00:19+00:00\" \/>\n<meta property=\"og:image\" content=\"https:\/\/agenciainfra.com\/blog\/wp-content\/uploads\/2020\/02\/ministro-Tarcisio-de-Freitas-foto-Edsom-Leite-Minfra.jpg\" \/>\n\t<meta property=\"og:image:width\" content=\"1280\" \/>\n\t<meta property=\"og:image:height\" content=\"852\" \/>\n\t<meta property=\"og:image:type\" content=\"image\/jpeg\" \/>\n<meta name=\"author\" content=\"Rodrigo Zuquim\" \/>\n<meta name=\"twitter:card\" content=\"summary_large_image\" \/>\n<meta name=\"twitter:creator\" content=\"@agencia_infra\" \/>\n<meta name=\"twitter:site\" content=\"@agencia_infra\" \/>\n<meta name=\"twitter:label1\" content=\"Escrito por\" \/>\n\t<meta name=\"twitter:data1\" content=\"Rodrigo Zuquim\" \/>\n\t<meta name=\"twitter:label2\" content=\"Est. tempo de leitura\" \/>\n\t<meta name=\"twitter:data2\" content=\"5 minutos\" \/>\n<script type=\"application\/ld+json\" class=\"yoast-schema-graph\">{\"@context\":\"https:\/\/schema.org\",\"@graph\":[{\"@type\":\"Article\",\"@id\":\"https:\/\/agenciainfra.com\/blog\/ministro-da-infraestrutura-diz-que-congresso-vai-decidir-se-br-do-mar-sera-por-mp-ou-projeto-de-lei\/#article\",\"isPartOf\":{\"@id\":\"https:\/\/agenciainfra.com\/blog\/ministro-da-infraestrutura-diz-que-congresso-vai-decidir-se-br-do-mar-sera-por-mp-ou-projeto-de-lei\/\"},\"author\":{\"name\":\"Rodrigo Zuquim\",\"@id\":\"https:\/\/agenciainfra.com\/blog\/#\/schema\/person\/04dbb79bd6d8951f063da71f3e4c1eb1\"},\"headline\":\"Ministro da Infraestrutura diz que Congresso vai decidir se BR do Mar ser\u00e1 por MP ou projeto de lei\",\"datePublished\":\"2020-02-15T11:00:19+00:00\",\"mainEntityOfPage\":{\"@id\":\"https:\/\/agenciainfra.com\/blog\/ministro-da-infraestrutura-diz-que-congresso-vai-decidir-se-br-do-mar-sera-por-mp-ou-projeto-de-lei\/\"},\"wordCount\":968,\"publisher\":{\"@id\":\"https:\/\/agenciainfra.com\/blog\/#organization\"},\"image\":{\"@id\":\"https:\/\/agenciainfra.com\/blog\/ministro-da-infraestrutura-diz-que-congresso-vai-decidir-se-br-do-mar-sera-por-mp-ou-projeto-de-lei\/#primaryimage\"},\"thumbnailUrl\":\"https:\/\/agenciainfra.com\/blog\/wp-content\/uploads\/2020\/02\/ministro-Tarcisio-de-Freitas-foto-Edsom-Leite-Minfra.jpg\",\"keywords\":[\"ANTAQ\",\"BR do Mar\",\"cabotagem\",\"Ferrogr\u00e3o\",\"Malha Paulista\",\"Minist\u00e9rio da Infraestrutura\",\"Tarc\u00edsio de Freitas\"],\"articleSection\":[\"iNFRATransporte\"],\"inLanguage\":\"pt-BR\",\"copyrightYear\":\"2020\",\"copyrightHolder\":{\"@id\":\"https:\/\/agenciainfra.com\/blog\/#organization\"}},{\"@type\":\"WebPage\",\"@id\":\"https:\/\/agenciainfra.com\/blog\/ministro-da-infraestrutura-diz-que-congresso-vai-decidir-se-br-do-mar-sera-por-mp-ou-projeto-de-lei\/\",\"url\":\"https:\/\/agenciainfra.com\/blog\/ministro-da-infraestrutura-diz-que-congresso-vai-decidir-se-br-do-mar-sera-por-mp-ou-projeto-de-lei\/\",\"name\":\"Ministro da Infraestrutura diz que Congresso vai decidir se BR do Mar ser\u00e1 por MP ou projeto de lei - Ag\u00eancia iNFRA\",\"isPartOf\":{\"@id\":\"https:\/\/agenciainfra.com\/blog\/#website\"},\"primaryImageOfPage\":{\"@id\":\"https:\/\/agenciainfra.com\/blog\/ministro-da-infraestrutura-diz-que-congresso-vai-decidir-se-br-do-mar-sera-por-mp-ou-projeto-de-lei\/#primaryimage\"},\"image\":{\"@id\":\"https:\/\/agenciainfra.com\/blog\/ministro-da-infraestrutura-diz-que-congresso-vai-decidir-se-br-do-mar-sera-por-mp-ou-projeto-de-lei\/#primaryimage\"},\"thumbnailUrl\":\"https:\/\/agenciainfra.com\/blog\/wp-content\/uploads\/2020\/02\/ministro-Tarcisio-de-Freitas-foto-Edsom-Leite-Minfra.jpg\",\"datePublished\":\"2020-02-15T11:00:19+00:00\",\"breadcrumb\":{\"@id\":\"https:\/\/agenciainfra.com\/blog\/ministro-da-infraestrutura-diz-que-congresso-vai-decidir-se-br-do-mar-sera-por-mp-ou-projeto-de-lei\/#breadcrumb\"},\"inLanguage\":\"pt-BR\",\"potentialAction\":[{\"@type\":\"ReadAction\",\"target\":[\"https:\/\/agenciainfra.com\/blog\/ministro-da-infraestrutura-diz-que-congresso-vai-decidir-se-br-do-mar-sera-por-mp-ou-projeto-de-lei\/\"]}]},{\"@type\":\"ImageObject\",\"inLanguage\":\"pt-BR\",\"@id\":\"https:\/\/agenciainfra.com\/blog\/ministro-da-infraestrutura-diz-que-congresso-vai-decidir-se-br-do-mar-sera-por-mp-ou-projeto-de-lei\/#primaryimage\",\"url\":\"https:\/\/agenciainfra.com\/blog\/wp-content\/uploads\/2020\/02\/ministro-Tarcisio-de-Freitas-foto-Edsom-Leite-Minfra.jpg\",\"contentUrl\":\"https:\/\/agenciainfra.com\/blog\/wp-content\/uploads\/2020\/02\/ministro-Tarcisio-de-Freitas-foto-Edsom-Leite-Minfra.jpg\",\"width\":1280,\"height\":852},{\"@type\":\"BreadcrumbList\",\"@id\":\"https:\/\/agenciainfra.com\/blog\/ministro-da-infraestrutura-diz-que-congresso-vai-decidir-se-br-do-mar-sera-por-mp-ou-projeto-de-lei\/#breadcrumb\",\"itemListElement\":[{\"@type\":\"ListItem\",\"position\":1,\"name\":\"In\u00edcio\",\"item\":\"https:\/\/agenciainfra.com\/blog\/\"},{\"@type\":\"ListItem\",\"position\":2,\"name\":\"Ministro da Infraestrutura diz que Congresso vai decidir se BR do Mar ser\u00e1 por MP ou projeto de lei\"}]},{\"@type\":\"WebSite\",\"@id\":\"https:\/\/agenciainfra.com\/blog\/#website\",\"url\":\"https:\/\/agenciainfra.com\/blog\/\",\"name\":\"Ag\u00eancia iNFRA\",\"description\":\"Multiplataforma de informa\u00e7\u00e3o jornal\u00edstica refer\u00eancia na \u00e1rea de infraestrutura no Brasil!\",\"publisher\":{\"@id\":\"https:\/\/agenciainfra.com\/blog\/#organization\"},\"potentialAction\":[{\"@type\":\"SearchAction\",\"target\":{\"@type\":\"EntryPoint\",\"urlTemplate\":\"https:\/\/agenciainfra.com\/blog\/?s={search_term_string}\"},\"query-input\":{\"@type\":\"PropertyValueSpecification\",\"valueRequired\":true,\"valueName\":\"search_term_string\"}}],\"inLanguage\":\"pt-BR\"},{\"@type\":\"Organization\",\"@id\":\"https:\/\/agenciainfra.com\/blog\/#organization\",\"name\":\"Ag\u00eancia iNFRA\",\"url\":\"https:\/\/agenciainfra.com\/blog\/\",\"logo\":{\"@type\":\"ImageObject\",\"inLanguage\":\"pt-BR\",\"@id\":\"https:\/\/agenciainfra.com\/blog\/#\/schema\/logo\/image\/\",\"url\":\"https:\/\/agenciainfra.com\/blog\/wp-content\/uploads\/2023\/09\/iNFRA_5-e1761735885940.png\",\"contentUrl\":\"https:\/\/agenciainfra.com\/blog\/wp-content\/uploads\/2023\/09\/iNFRA_5-e1761735885940.png\",\"width\":1672,\"height\":454,\"caption\":\"Ag\u00eancia iNFRA\"},\"image\":{\"@id\":\"https:\/\/agenciainfra.com\/blog\/#\/schema\/logo\/image\/\"},\"sameAs\":[\"https:\/\/www.facebook.com\/ageninfra\",\"https:\/\/x.com\/agencia_infra\",\"https:\/\/www.linkedin.com\/company\/ag\u00eanciainfra\/\",\"https:\/\/www.instagram.com\/agenciainfra\/\"]},{\"@type\":\"Person\",\"@id\":\"https:\/\/agenciainfra.com\/blog\/#\/schema\/person\/04dbb79bd6d8951f063da71f3e4c1eb1\",\"name\":\"Rodrigo Zuquim\",\"image\":{\"@type\":\"ImageObject\",\"inLanguage\":\"pt-BR\",\"@id\":\"https:\/\/agenciainfra.com\/blog\/#\/schema\/person\/image\/\",\"url\":\"https:\/\/secure.gravatar.com\/avatar\/594abfe82761d620726242ff34ca472a705a4b97f16c790053a6b4c4035274d0?s=96&d=mm&r=g\",\"contentUrl\":\"https:\/\/secure.gravatar.com\/avatar\/594abfe82761d620726242ff34ca472a705a4b97f16c790053a6b4c4035274d0?s=96&d=mm&r=g\",\"caption\":\"Rodrigo Zuquim\"},\"url\":\"https:\/\/agenciainfra.com\/blog\/author\/rodrigo-zuquim\/\"}]}<\/script>\n<!-- \/ Yoast SEO Premium plugin. -->","yoast_head_json":{"title":"Ministro da Infraestrutura diz que Congresso vai decidir se BR do Mar ser\u00e1 por MP ou projeto de lei - Ag\u00eancia iNFRA","robots":{"index":"index","follow":"follow","max-snippet":"max-snippet:-1","max-image-preview":"max-image-preview:large","max-video-preview":"max-video-preview:-1"},"canonical":"https:\/\/agenciainfra.com\/blog\/ministro-da-infraestrutura-diz-que-congresso-vai-decidir-se-br-do-mar-sera-por-mp-ou-projeto-de-lei\/","og_locale":"pt_BR","og_type":"article","og_title":"Ministro da Infraestrutura diz que Congresso vai decidir se BR do Mar ser\u00e1 por MP ou projeto de lei","og_description":"Tales Silveira, da\u00a0Ag\u00eancia iNFRA O ministro da Infraestrutura, Tarc\u00edsio do Freitas, afirmou, na \u00faltima quarta-feira (12), que o governo conversar\u00e1 com os l\u00edderes do Congresso Nacional para decidir se enviar\u00e1 em forma de MP (medida provis\u00f3ria) ou em forma de PL (projeto de lei) o Programa de Fomento \u00e0 Cabotagem, apelidado de BR do Mar. [&hellip;]","og_url":"https:\/\/agenciainfra.com\/blog\/ministro-da-infraestrutura-diz-que-congresso-vai-decidir-se-br-do-mar-sera-por-mp-ou-projeto-de-lei\/","og_site_name":"Ag\u00eancia iNFRA","article_publisher":"https:\/\/www.facebook.com\/ageninfra","article_published_time":"2020-02-15T11:00:19+00:00","og_image":[{"width":1280,"height":852,"url":"https:\/\/agenciainfra.com\/blog\/wp-content\/uploads\/2020\/02\/ministro-Tarcisio-de-Freitas-foto-Edsom-Leite-Minfra.jpg","type":"image\/jpeg"}],"author":"Rodrigo Zuquim","twitter_card":"summary_large_image","twitter_creator":"@agencia_infra","twitter_site":"@agencia_infra","twitter_misc":{"Escrito por":"Rodrigo Zuquim","Est. tempo de leitura":"5 minutos"},"schema":{"@context":"https:\/\/schema.org","@graph":[{"@type":"Article","@id":"https:\/\/agenciainfra.com\/blog\/ministro-da-infraestrutura-diz-que-congresso-vai-decidir-se-br-do-mar-sera-por-mp-ou-projeto-de-lei\/#article","isPartOf":{"@id":"https:\/\/agenciainfra.com\/blog\/ministro-da-infraestrutura-diz-que-congresso-vai-decidir-se-br-do-mar-sera-por-mp-ou-projeto-de-lei\/"},"author":{"name":"Rodrigo Zuquim","@id":"https:\/\/agenciainfra.com\/blog\/#\/schema\/person\/04dbb79bd6d8951f063da71f3e4c1eb1"},"headline":"Ministro da Infraestrutura diz que Congresso vai decidir se BR do Mar ser\u00e1 por MP ou projeto de lei","datePublished":"2020-02-15T11:00:19+00:00","mainEntityOfPage":{"@id":"https:\/\/agenciainfra.com\/blog\/ministro-da-infraestrutura-diz-que-congresso-vai-decidir-se-br-do-mar-sera-por-mp-ou-projeto-de-lei\/"},"wordCount":968,"publisher":{"@id":"https:\/\/agenciainfra.com\/blog\/#organization"},"image":{"@id":"https:\/\/agenciainfra.com\/blog\/ministro-da-infraestrutura-diz-que-congresso-vai-decidir-se-br-do-mar-sera-por-mp-ou-projeto-de-lei\/#primaryimage"},"thumbnailUrl":"https:\/\/agenciainfra.com\/blog\/wp-content\/uploads\/2020\/02\/ministro-Tarcisio-de-Freitas-foto-Edsom-Leite-Minfra.jpg","keywords":["ANTAQ","BR do Mar","cabotagem","Ferrogr\u00e3o","Malha Paulista","Minist\u00e9rio da Infraestrutura","Tarc\u00edsio de Freitas"],"articleSection":["iNFRATransporte"],"inLanguage":"pt-BR","copyrightYear":"2020","copyrightHolder":{"@id":"https:\/\/agenciainfra.com\/blog\/#organization"}},{"@type":"WebPage","@id":"https:\/\/agenciainfra.com\/blog\/ministro-da-infraestrutura-diz-que-congresso-vai-decidir-se-br-do-mar-sera-por-mp-ou-projeto-de-lei\/","url":"https:\/\/agenciainfra.com\/blog\/ministro-da-infraestrutura-diz-que-congresso-vai-decidir-se-br-do-mar-sera-por-mp-ou-projeto-de-lei\/","name":"Ministro da Infraestrutura diz que Congresso vai decidir se BR do Mar ser\u00e1 por MP ou projeto de lei - Ag\u00eancia iNFRA","isPartOf":{"@id":"https:\/\/agenciainfra.com\/blog\/#website"},"primaryImageOfPage":{"@id":"https:\/\/agenciainfra.com\/blog\/ministro-da-infraestrutura-diz-que-congresso-vai-decidir-se-br-do-mar-sera-por-mp-ou-projeto-de-lei\/#primaryimage"},"image":{"@id":"https:\/\/agenciainfra.com\/blog\/ministro-da-infraestrutura-diz-que-congresso-vai-decidir-se-br-do-mar-sera-por-mp-ou-projeto-de-lei\/#primaryimage"},"thumbnailUrl":"https:\/\/agenciainfra.com\/blog\/wp-content\/uploads\/2020\/02\/ministro-Tarcisio-de-Freitas-foto-Edsom-Leite-Minfra.jpg","datePublished":"2020-02-15T11:00:19+00:00","breadcrumb":{"@id":"https:\/\/agenciainfra.com\/blog\/ministro-da-infraestrutura-diz-que-congresso-vai-decidir-se-br-do-mar-sera-por-mp-ou-projeto-de-lei\/#breadcrumb"},"inLanguage":"pt-BR","potentialAction":[{"@type":"ReadAction","target":["https:\/\/agenciainfra.com\/blog\/ministro-da-infraestrutura-diz-que-congresso-vai-decidir-se-br-do-mar-sera-por-mp-ou-projeto-de-lei\/"]}]},{"@type":"ImageObject","inLanguage":"pt-BR","@id":"https:\/\/agenciainfra.com\/blog\/ministro-da-infraestrutura-diz-que-congresso-vai-decidir-se-br-do-mar-sera-por-mp-ou-projeto-de-lei\/#primaryimage","url":"https:\/\/agenciainfra.com\/blog\/wp-content\/uploads\/2020\/02\/ministro-Tarcisio-de-Freitas-foto-Edsom-Leite-Minfra.jpg","contentUrl":"https:\/\/agenciainfra.com\/blog\/wp-content\/uploads\/2020\/02\/ministro-Tarcisio-de-Freitas-foto-Edsom-Leite-Minfra.jpg","width":1280,"height":852},{"@type":"BreadcrumbList","@id":"https:\/\/agenciainfra.com\/blog\/ministro-da-infraestrutura-diz-que-congresso-vai-decidir-se-br-do-mar-sera-por-mp-ou-projeto-de-lei\/#breadcrumb","itemListElement":[{"@type":"ListItem","position":1,"name":"In\u00edcio","item":"https:\/\/agenciainfra.com\/blog\/"},{"@type":"ListItem","position":2,"name":"Ministro da Infraestrutura diz que Congresso vai decidir se BR do Mar ser\u00e1 por MP ou projeto de lei"}]},{"@type":"WebSite","@id":"https:\/\/agenciainfra.com\/blog\/#website","url":"https:\/\/agenciainfra.com\/blog\/","name":"Ag\u00eancia iNFRA","description":"Multiplataforma de informa\u00e7\u00e3o jornal\u00edstica refer\u00eancia na \u00e1rea de infraestrutura no Brasil!","publisher":{"@id":"https:\/\/agenciainfra.com\/blog\/#organization"},"potentialAction":[{"@type":"SearchAction","target":{"@type":"EntryPoint","urlTemplate":"https:\/\/agenciainfra.com\/blog\/?s={search_term_string}"},"query-input":{"@type":"PropertyValueSpecification","valueRequired":true,"valueName":"search_term_string"}}],"inLanguage":"pt-BR"},{"@type":"Organization","@id":"https:\/\/agenciainfra.com\/blog\/#organization","name":"Ag\u00eancia iNFRA","url":"https:\/\/agenciainfra.com\/blog\/","logo":{"@type":"ImageObject","inLanguage":"pt-BR","@id":"https:\/\/agenciainfra.com\/blog\/#\/schema\/logo\/image\/","url":"https:\/\/agenciainfra.com\/blog\/wp-content\/uploads\/2023\/09\/iNFRA_5-e1761735885940.png","contentUrl":"https:\/\/agenciainfra.com\/blog\/wp-content\/uploads\/2023\/09\/iNFRA_5-e1761735885940.png","width":1672,"height":454,"caption":"Ag\u00eancia iNFRA"},"image":{"@id":"https:\/\/agenciainfra.com\/blog\/#\/schema\/logo\/image\/"},"sameAs":["https:\/\/www.facebook.com\/ageninfra","https:\/\/x.com\/agencia_infra","https:\/\/www.linkedin.com\/company\/ag\u00eanciainfra\/","https:\/\/www.instagram.com\/agenciainfra\/"]},{"@type":"Person","@id":"https:\/\/agenciainfra.com\/blog\/#\/schema\/person\/04dbb79bd6d8951f063da71f3e4c1eb1","name":"Rodrigo Zuquim","image":{"@type":"ImageObject","inLanguage":"pt-BR","@id":"https:\/\/agenciainfra.com\/blog\/#\/schema\/person\/image\/","url":"https:\/\/secure.gravatar.com\/avatar\/594abfe82761d620726242ff34ca472a705a4b97f16c790053a6b4c4035274d0?s=96&d=mm&r=g","contentUrl":"https:\/\/secure.gravatar.com\/avatar\/594abfe82761d620726242ff34ca472a705a4b97f16c790053a6b4c4035274d0?s=96&d=mm&r=g","caption":"Rodrigo Zuquim"},"url":"https:\/\/agenciainfra.com\/blog\/author\/rodrigo-zuquim\/"}]}},"_links":{"self":[{"href":"https:\/\/agenciainfra.com\/blog\/wp-json\/wp\/v2\/posts\/4413","targetHints":{"allow":["GET"]}}],"collection":[{"href":"https:\/\/agenciainfra.com\/blog\/wp-json\/wp\/v2\/posts"}],"about":[{"href":"https:\/\/agenciainfra.com\/blog\/wp-json\/wp\/v2\/types\/post"}],"author":[{"embeddable":true,"href":"https:\/\/agenciainfra.com\/blog\/wp-json\/wp\/v2\/users\/9"}],"replies":[{"embeddable":true,"href":"https:\/\/agenciainfra.com\/blog\/wp-json\/wp\/v2\/comments?post=4413"}],"version-history":[{"count":0,"href":"https:\/\/agenciainfra.com\/blog\/wp-json\/wp\/v2\/posts\/4413\/revisions"}],"wp:featuredmedia":[{"embeddable":true,"href":"https:\/\/agenciainfra.com\/blog\/wp-json\/wp\/v2\/media\/4416"}],"wp:attachment":[{"href":"https:\/\/agenciainfra.com\/blog\/wp-json\/wp\/v2\/media?parent=4413"}],"wp:term":[{"taxonomy":"category","embeddable":true,"href":"https:\/\/agenciainfra.com\/blog\/wp-json\/wp\/v2\/categories?post=4413"},{"taxonomy":"post_tag","embeddable":true,"href":"https:\/\/agenciainfra.com\/blog\/wp-json\/wp\/v2\/tags?post=4413"}],"curies":[{"name":"wp","href":"https:\/\/api.w.org\/{rel}","templated":true}]}}