{"id":4429,"date":"2020-02-18T08:00:14","date_gmt":"2020-02-18T11:00:14","guid":{"rendered":"http:\/\/www.agenciainfra.com\/blog\/?p=4429"},"modified":"2020-02-17T17:19:10","modified_gmt":"2020-02-17T20:19:10","slug":"itaipu-pode-participar-de-hidreletrica-binacional-com-a-bolivia","status":"publish","type":"post","link":"https:\/\/agenciainfra.com\/blog\/itaipu-pode-participar-de-hidreletrica-binacional-com-a-bolivia\/","title":{"rendered":"Itaipu pode participar de hidrel\u00e9trica binacional com a Bol\u00edvia"},"content":{"rendered":"<h5 style=\"text-align: right;\"><strong>Guilherme Mendes*, da Ag\u00eancia iNFRA<\/strong><\/h5>\n<p dir=\"ltr\">Com os atuais contratos vigentes at\u00e9 2022 e pr\u00f3ximo\u00a0de quitar a d\u00edvida de sua constru\u00e7\u00e3o, a geradora Itaipu Binacional busca diversificar sua atua\u00e7\u00e3o nesta d\u00e9cada. Uma das propostas seria a de contribuir em uma nova usina binacional, desta vez com a Bol\u00edvia.<\/p>\n<p>A previs\u00e3o \u00e9 que seja um complexo com duas usinas hidrel\u00e9tricas, no Rio Mamor\u00e9, com capacidade de at\u00e9 6.000 MW, acima do munic\u00edpio de Guajar\u00e1-Mirim, em Rond\u00f4nia.<\/p>\n<p>O assunto foi tratado durante almo\u00e7o com jornalistas na \u00faltima sexta-feira (14), na sede da empresa, em Foz do Igua\u00e7u. Ao discutir a constru\u00e7\u00e3o, o diretor-geral brasileiro da Binacional, general Joaquim Silva e Luna, comentou: \u201cItaipu pode ter muito a contribuir&#8221; para o projeto. &#8220;Itaipu pode servir de refer\u00eancia, inclusive de rela\u00e7\u00f5es que s\u00e3o constru\u00eddas a longo prazo. Itaipu pode ajudar muito se for tomada esta decis\u00e3o&#8221;, afirmou.<\/p>\n<p>O argumento seria o de que a empresa j\u00e1 teria o\u00a0<em>know how<\/em>\u00a0na conviv\u00eancia com um investidor estrangeiro, que hoje \u00e9 apenas a Rep\u00fablica do Paraguai. Isso seria o principal elemento necess\u00e1rio para que a usina no Mamor\u00e9 pudesse ser bem-sucedida. &#8220;A quest\u00e3o financeira talvez seja a menos complexa a se fazer&#8221;, disse.<\/p>\n<p><strong>US$ 2 bi ao ano para investimentos<\/strong><br \/>\nDentro de tr\u00eas anos, a d\u00edvida de constru\u00e7\u00e3o de Itaipu ser\u00e1 quitada, o que ir\u00e1 liberar cerca de US$ 2 bilh\u00f5es ao ano para investimentos \u2013 metade para o Brasil e a outra metade para o Paraguai.<\/p>\n<p>O diretor t\u00e9cnico de Itaipu, Celso Villar Torino, calculou em aproximadamente US$ 5 bilh\u00f5es o valor necess\u00e1rio para a constru\u00e7\u00e3o do complexo hidrel\u00e9trico no Mamor\u00e9.<\/p>\n<p><strong>Revis\u00e3o do Anexo C e Atualiza\u00e7\u00e3o Tecnol\u00f3gica<\/strong><br \/>\nMais cedo, durante comemora\u00e7\u00e3o pela marca de 2,7 bilh\u00f5es de MWh gerados, batida na noite de sexta-feira (14), o diretor-geral brasileiro da binacional comentou sobre a revis\u00e3o dos acordos para a utiliza\u00e7\u00e3o da energia el\u00e9trica entre Brasil e Paraguai, conhecida como o &#8220;Anexo C&#8221; do tratado de Itaipu.<\/p>\n<p>O contrato completa 50 anos em 2023, e uma revis\u00e3o est\u00e1 programada no seu conte\u00fado. Segundo Silva e Luna, o debate sobre uma nova reda\u00e7\u00e3o do anexo contar\u00e1 com o apoio t\u00e9cnico da geradora \u2013 mas n\u00e3o al\u00e9m disso. &#8220;Itaipu \u00e9 objeto desta negocia\u00e7\u00e3o, mas n\u00e3o \u00e9 ator de negocia\u00e7\u00e3o&#8221;, comentou o general.<\/p>\n<p>Como propriet\u00e1rios da usina, Brasil e Paraguai recebem 50% da produ\u00e7\u00e3o cada. Como o Paraguai n\u00e3o usa todo o produto gerado pelas turbinas de Itaipu, pode vender sua parte para o Brasil.<\/p>\n<p>A usina se prepara tamb\u00e9m para uma atualiza\u00e7\u00e3o tecnol\u00f3gica do complexo \u2013 que opera ainda por meio de cabos, rel\u00e9s e mostradores eletromec\u00e2nicos. Segundo a geradora, as empresas pr\u00e9-qualificadas ao processo de licita\u00e7\u00e3o podem tirar d\u00favidas. O certame deve ocorrer no segundo semestre de 2020, e o processo levar\u00e1 ao todo 14 anos para ser completado: quatro anos de comissionamento e atualiza\u00e7\u00e3o do sistema central da usina; e outros dez anos para a atualiza\u00e7\u00e3o das 20 unidades geradoras.<\/p>\n<p><strong>Alteamento de reservat\u00f3rio pode acontecer ainda em 2020<\/strong><br \/>\nUma das medidas a serem tomadas pela Itaipu Binacional envolve o aumento do n\u00edvel da \u00e1gua no reservat\u00f3rio em um metro. A medida estaria em fase final de estudos pela geradora, e foi revelada pelo seu diretor t\u00e9cnico, Celso Villar Torino.<\/p>\n<p>Segundo Torino, o aumento do reservat\u00f3rio seria para adequar os volumes de \u00e1gua recebidos de tr\u00eas rios paranaenses \u2013 o Tibagi, Piquiri e Iva\u00ed \u2013 que n\u00e3o s\u00e3o represados e depositam volumes de \u00e1gua vol\u00e1teis no reservat\u00f3rio. Em temporadas mais incertas, a vaz\u00e3o desses rios no lago de Itaipu \u00e9 t\u00e3o grande que \u00e9 necess\u00e1rio acionar o vertedouro da usina. Na pr\u00e1tica, a medida ajudaria a gerar um &#8220;volume de espera&#8221; maior e aumentaria a efici\u00eancia operacional de 97% para 99%.<\/p>\n<p>Segundo t\u00e9cnicos de Itaipu, haveria a possibilidade de altear esse volume \u2013 hoje em 220 metros acima do n\u00edvel do mar \u2013 em um metro, uma vez que o lago tem capacidade m\u00e1xima de 225 metros. O que se aguarda \u00e9 um estudo do poss\u00edvel espraiamento da \u00e1gua por parte da equipe de meio ambiente. A expectativa dos diretores \u00e9 que o aumento do reservat\u00f3rio alague apenas \u00e1reas de propriedade da Itaipu, e que as mudan\u00e7as necess\u00e1rias seriam de baixo custo, como o aumento da comporta do vertedouro.<\/p>\n<p><em>(*) O rep\u00f3rter viajou para Foz do Igua\u00e7u (PR) a convite de Itaipu Binacional.<\/em><\/p>\n","protected":false},"excerpt":{"rendered":"<p>Guilherme Mendes*, da Ag\u00eancia iNFRA Com os atuais contratos vigentes at\u00e9 2022 e pr\u00f3ximo\u00a0de quitar a d\u00edvida de sua constru\u00e7\u00e3o, a geradora Itaipu Binacional busca diversificar sua atua\u00e7\u00e3o nesta d\u00e9cada. Uma das propostas seria a de contribuir em uma nova usina binacional, desta vez com a Bol\u00edvia. A previs\u00e3o \u00e9 que seja um complexo com [&hellip;]<\/p>\n","protected":false},"author":9,"featured_media":4430,"comment_status":"closed","ping_status":"closed","sticky":false,"template":"","format":"standard","meta":{"_monsterinsights_skip_tracking":false,"_monsterinsights_sitenote_active":false,"_monsterinsights_sitenote_note":"","_monsterinsights_sitenote_category":0,"footnotes":""},"categories":[10],"tags":[399,1698,99,1697,1696],"class_list":["post-4429","post","type-post","status-publish","format-standard","has-post-thumbnail","hentry","category-infraenergia","tag-bolivia","tag-celso-villar-torino","tag-itaipu","tag-joaquim-silva-e-luna","tag-rio-mamore"],"yoast_head":"<!-- This site is optimized with the Yoast SEO Premium plugin v25.4 (Yoast SEO v26.0) - https:\/\/yoast.com\/wordpress\/plugins\/seo\/ -->\n<title>Itaipu pode participar de hidrel\u00e9trica binacional com a Bol\u00edvia - Ag\u00eancia iNFRA<\/title>\n<meta name=\"robots\" content=\"index, follow, max-snippet:-1, max-image-preview:large, max-video-preview:-1\" \/>\n<link rel=\"canonical\" href=\"https:\/\/agenciainfra.com\/blog\/itaipu-pode-participar-de-hidreletrica-binacional-com-a-bolivia\/\" \/>\n<meta property=\"og:locale\" content=\"pt_BR\" \/>\n<meta property=\"og:type\" content=\"article\" \/>\n<meta property=\"og:title\" content=\"Itaipu pode participar de hidrel\u00e9trica binacional com a Bol\u00edvia\" \/>\n<meta property=\"og:description\" content=\"Guilherme Mendes*, da Ag\u00eancia iNFRA Com os atuais contratos vigentes at\u00e9 2022 e pr\u00f3ximo\u00a0de quitar a d\u00edvida de sua constru\u00e7\u00e3o, a geradora Itaipu Binacional busca diversificar sua atua\u00e7\u00e3o nesta d\u00e9cada. Uma das propostas seria a de contribuir em uma nova usina binacional, desta vez com a Bol\u00edvia. A previs\u00e3o \u00e9 que seja um complexo com [&hellip;]\" \/>\n<meta property=\"og:url\" content=\"https:\/\/agenciainfra.com\/blog\/itaipu-pode-participar-de-hidreletrica-binacional-com-a-bolivia\/\" \/>\n<meta property=\"og:site_name\" content=\"Ag\u00eancia iNFRA\" \/>\n<meta property=\"article:publisher\" content=\"https:\/\/www.facebook.com\/ageninfra\" \/>\n<meta property=\"article:published_time\" content=\"2020-02-18T11:00:14+00:00\" \/>\n<meta property=\"og:image\" content=\"https:\/\/agenciainfra.com\/blog\/wp-content\/uploads\/2020\/02\/joaquim-silva-e-luna-foto-alan-santos-pr.jpg\" \/>\n\t<meta property=\"og:image:width\" content=\"1170\" \/>\n\t<meta property=\"og:image:height\" content=\"700\" \/>\n\t<meta property=\"og:image:type\" content=\"image\/jpeg\" \/>\n<meta name=\"author\" content=\"Rodrigo Zuquim\" \/>\n<meta name=\"twitter:card\" content=\"summary_large_image\" \/>\n<meta name=\"twitter:creator\" content=\"@agencia_infra\" \/>\n<meta name=\"twitter:site\" content=\"@agencia_infra\" \/>\n<meta name=\"twitter:label1\" content=\"Escrito por\" \/>\n\t<meta name=\"twitter:data1\" content=\"Rodrigo Zuquim\" \/>\n\t<meta name=\"twitter:label2\" content=\"Est. tempo de leitura\" \/>\n\t<meta name=\"twitter:data2\" content=\"4 minutos\" \/>\n<script type=\"application\/ld+json\" class=\"yoast-schema-graph\">{\"@context\":\"https:\/\/schema.org\",\"@graph\":[{\"@type\":\"Article\",\"@id\":\"https:\/\/agenciainfra.com\/blog\/itaipu-pode-participar-de-hidreletrica-binacional-com-a-bolivia\/#article\",\"isPartOf\":{\"@id\":\"https:\/\/agenciainfra.com\/blog\/itaipu-pode-participar-de-hidreletrica-binacional-com-a-bolivia\/\"},\"author\":{\"name\":\"Rodrigo Zuquim\",\"@id\":\"https:\/\/agenciainfra.com\/blog\/#\/schema\/person\/04dbb79bd6d8951f063da71f3e4c1eb1\"},\"headline\":\"Itaipu pode participar de hidrel\u00e9trica binacional com a Bol\u00edvia\",\"datePublished\":\"2020-02-18T11:00:14+00:00\",\"mainEntityOfPage\":{\"@id\":\"https:\/\/agenciainfra.com\/blog\/itaipu-pode-participar-de-hidreletrica-binacional-com-a-bolivia\/\"},\"wordCount\":779,\"publisher\":{\"@id\":\"https:\/\/agenciainfra.com\/blog\/#organization\"},\"image\":{\"@id\":\"https:\/\/agenciainfra.com\/blog\/itaipu-pode-participar-de-hidreletrica-binacional-com-a-bolivia\/#primaryimage\"},\"thumbnailUrl\":\"https:\/\/agenciainfra.com\/blog\/wp-content\/uploads\/2020\/02\/joaquim-silva-e-luna-foto-alan-santos-pr.jpg\",\"keywords\":[\"Bol\u00edvia\",\"Celso Villar Torino\",\"Itaipu\",\"Joaquim Silva e Luna\",\"Rio Mamor\u00e9\"],\"articleSection\":[\"iNFRAEnergia\"],\"inLanguage\":\"pt-BR\",\"copyrightYear\":\"2020\",\"copyrightHolder\":{\"@id\":\"https:\/\/agenciainfra.com\/blog\/#organization\"}},{\"@type\":\"WebPage\",\"@id\":\"https:\/\/agenciainfra.com\/blog\/itaipu-pode-participar-de-hidreletrica-binacional-com-a-bolivia\/\",\"url\":\"https:\/\/agenciainfra.com\/blog\/itaipu-pode-participar-de-hidreletrica-binacional-com-a-bolivia\/\",\"name\":\"Itaipu pode participar de hidrel\u00e9trica binacional com a Bol\u00edvia - Ag\u00eancia iNFRA\",\"isPartOf\":{\"@id\":\"https:\/\/agenciainfra.com\/blog\/#website\"},\"primaryImageOfPage\":{\"@id\":\"https:\/\/agenciainfra.com\/blog\/itaipu-pode-participar-de-hidreletrica-binacional-com-a-bolivia\/#primaryimage\"},\"image\":{\"@id\":\"https:\/\/agenciainfra.com\/blog\/itaipu-pode-participar-de-hidreletrica-binacional-com-a-bolivia\/#primaryimage\"},\"thumbnailUrl\":\"https:\/\/agenciainfra.com\/blog\/wp-content\/uploads\/2020\/02\/joaquim-silva-e-luna-foto-alan-santos-pr.jpg\",\"datePublished\":\"2020-02-18T11:00:14+00:00\",\"breadcrumb\":{\"@id\":\"https:\/\/agenciainfra.com\/blog\/itaipu-pode-participar-de-hidreletrica-binacional-com-a-bolivia\/#breadcrumb\"},\"inLanguage\":\"pt-BR\",\"potentialAction\":[{\"@type\":\"ReadAction\",\"target\":[\"https:\/\/agenciainfra.com\/blog\/itaipu-pode-participar-de-hidreletrica-binacional-com-a-bolivia\/\"]}]},{\"@type\":\"ImageObject\",\"inLanguage\":\"pt-BR\",\"@id\":\"https:\/\/agenciainfra.com\/blog\/itaipu-pode-participar-de-hidreletrica-binacional-com-a-bolivia\/#primaryimage\",\"url\":\"https:\/\/agenciainfra.com\/blog\/wp-content\/uploads\/2020\/02\/joaquim-silva-e-luna-foto-alan-santos-pr.jpg\",\"contentUrl\":\"https:\/\/agenciainfra.com\/blog\/wp-content\/uploads\/2020\/02\/joaquim-silva-e-luna-foto-alan-santos-pr.jpg\",\"width\":1170,\"height\":700},{\"@type\":\"BreadcrumbList\",\"@id\":\"https:\/\/agenciainfra.com\/blog\/itaipu-pode-participar-de-hidreletrica-binacional-com-a-bolivia\/#breadcrumb\",\"itemListElement\":[{\"@type\":\"ListItem\",\"position\":1,\"name\":\"In\u00edcio\",\"item\":\"https:\/\/agenciainfra.com\/blog\/\"},{\"@type\":\"ListItem\",\"position\":2,\"name\":\"Itaipu pode participar de hidrel\u00e9trica binacional com a Bol\u00edvia\"}]},{\"@type\":\"WebSite\",\"@id\":\"https:\/\/agenciainfra.com\/blog\/#website\",\"url\":\"https:\/\/agenciainfra.com\/blog\/\",\"name\":\"Ag\u00eancia iNFRA\",\"description\":\"Multiplataforma de informa\u00e7\u00e3o jornal\u00edstica refer\u00eancia na \u00e1rea de infraestrutura no Brasil!\",\"publisher\":{\"@id\":\"https:\/\/agenciainfra.com\/blog\/#organization\"},\"potentialAction\":[{\"@type\":\"SearchAction\",\"target\":{\"@type\":\"EntryPoint\",\"urlTemplate\":\"https:\/\/agenciainfra.com\/blog\/?s={search_term_string}\"},\"query-input\":{\"@type\":\"PropertyValueSpecification\",\"valueRequired\":true,\"valueName\":\"search_term_string\"}}],\"inLanguage\":\"pt-BR\"},{\"@type\":\"Organization\",\"@id\":\"https:\/\/agenciainfra.com\/blog\/#organization\",\"name\":\"Ag\u00eancia iNFRA\",\"url\":\"https:\/\/agenciainfra.com\/blog\/\",\"logo\":{\"@type\":\"ImageObject\",\"inLanguage\":\"pt-BR\",\"@id\":\"https:\/\/agenciainfra.com\/blog\/#\/schema\/logo\/image\/\",\"url\":\"https:\/\/agenciainfra.com\/blog\/wp-content\/uploads\/2023\/09\/iNFRA_5-e1761735885940.png\",\"contentUrl\":\"https:\/\/agenciainfra.com\/blog\/wp-content\/uploads\/2023\/09\/iNFRA_5-e1761735885940.png\",\"width\":1672,\"height\":454,\"caption\":\"Ag\u00eancia iNFRA\"},\"image\":{\"@id\":\"https:\/\/agenciainfra.com\/blog\/#\/schema\/logo\/image\/\"},\"sameAs\":[\"https:\/\/www.facebook.com\/ageninfra\",\"https:\/\/x.com\/agencia_infra\",\"https:\/\/www.linkedin.com\/company\/ag\u00eanciainfra\/\",\"https:\/\/www.instagram.com\/agenciainfra\/\"]},{\"@type\":\"Person\",\"@id\":\"https:\/\/agenciainfra.com\/blog\/#\/schema\/person\/04dbb79bd6d8951f063da71f3e4c1eb1\",\"name\":\"Rodrigo Zuquim\",\"image\":{\"@type\":\"ImageObject\",\"inLanguage\":\"pt-BR\",\"@id\":\"https:\/\/agenciainfra.com\/blog\/#\/schema\/person\/image\/\",\"url\":\"https:\/\/secure.gravatar.com\/avatar\/594abfe82761d620726242ff34ca472a705a4b97f16c790053a6b4c4035274d0?s=96&d=mm&r=g\",\"contentUrl\":\"https:\/\/secure.gravatar.com\/avatar\/594abfe82761d620726242ff34ca472a705a4b97f16c790053a6b4c4035274d0?s=96&d=mm&r=g\",\"caption\":\"Rodrigo Zuquim\"},\"url\":\"https:\/\/agenciainfra.com\/blog\/author\/rodrigo-zuquim\/\"}]}<\/script>\n<!-- \/ Yoast SEO Premium plugin. -->","yoast_head_json":{"title":"Itaipu pode participar de hidrel\u00e9trica binacional com a Bol\u00edvia - Ag\u00eancia iNFRA","robots":{"index":"index","follow":"follow","max-snippet":"max-snippet:-1","max-image-preview":"max-image-preview:large","max-video-preview":"max-video-preview:-1"},"canonical":"https:\/\/agenciainfra.com\/blog\/itaipu-pode-participar-de-hidreletrica-binacional-com-a-bolivia\/","og_locale":"pt_BR","og_type":"article","og_title":"Itaipu pode participar de hidrel\u00e9trica binacional com a Bol\u00edvia","og_description":"Guilherme Mendes*, da Ag\u00eancia iNFRA Com os atuais contratos vigentes at\u00e9 2022 e pr\u00f3ximo\u00a0de quitar a d\u00edvida de sua constru\u00e7\u00e3o, a geradora Itaipu Binacional busca diversificar sua atua\u00e7\u00e3o nesta d\u00e9cada. Uma das propostas seria a de contribuir em uma nova usina binacional, desta vez com a Bol\u00edvia. A previs\u00e3o \u00e9 que seja um complexo com [&hellip;]","og_url":"https:\/\/agenciainfra.com\/blog\/itaipu-pode-participar-de-hidreletrica-binacional-com-a-bolivia\/","og_site_name":"Ag\u00eancia iNFRA","article_publisher":"https:\/\/www.facebook.com\/ageninfra","article_published_time":"2020-02-18T11:00:14+00:00","og_image":[{"width":1170,"height":700,"url":"https:\/\/agenciainfra.com\/blog\/wp-content\/uploads\/2020\/02\/joaquim-silva-e-luna-foto-alan-santos-pr.jpg","type":"image\/jpeg"}],"author":"Rodrigo Zuquim","twitter_card":"summary_large_image","twitter_creator":"@agencia_infra","twitter_site":"@agencia_infra","twitter_misc":{"Escrito por":"Rodrigo Zuquim","Est. tempo de leitura":"4 minutos"},"schema":{"@context":"https:\/\/schema.org","@graph":[{"@type":"Article","@id":"https:\/\/agenciainfra.com\/blog\/itaipu-pode-participar-de-hidreletrica-binacional-com-a-bolivia\/#article","isPartOf":{"@id":"https:\/\/agenciainfra.com\/blog\/itaipu-pode-participar-de-hidreletrica-binacional-com-a-bolivia\/"},"author":{"name":"Rodrigo Zuquim","@id":"https:\/\/agenciainfra.com\/blog\/#\/schema\/person\/04dbb79bd6d8951f063da71f3e4c1eb1"},"headline":"Itaipu pode participar de hidrel\u00e9trica binacional com a Bol\u00edvia","datePublished":"2020-02-18T11:00:14+00:00","mainEntityOfPage":{"@id":"https:\/\/agenciainfra.com\/blog\/itaipu-pode-participar-de-hidreletrica-binacional-com-a-bolivia\/"},"wordCount":779,"publisher":{"@id":"https:\/\/agenciainfra.com\/blog\/#organization"},"image":{"@id":"https:\/\/agenciainfra.com\/blog\/itaipu-pode-participar-de-hidreletrica-binacional-com-a-bolivia\/#primaryimage"},"thumbnailUrl":"https:\/\/agenciainfra.com\/blog\/wp-content\/uploads\/2020\/02\/joaquim-silva-e-luna-foto-alan-santos-pr.jpg","keywords":["Bol\u00edvia","Celso Villar Torino","Itaipu","Joaquim Silva e Luna","Rio Mamor\u00e9"],"articleSection":["iNFRAEnergia"],"inLanguage":"pt-BR","copyrightYear":"2020","copyrightHolder":{"@id":"https:\/\/agenciainfra.com\/blog\/#organization"}},{"@type":"WebPage","@id":"https:\/\/agenciainfra.com\/blog\/itaipu-pode-participar-de-hidreletrica-binacional-com-a-bolivia\/","url":"https:\/\/agenciainfra.com\/blog\/itaipu-pode-participar-de-hidreletrica-binacional-com-a-bolivia\/","name":"Itaipu pode participar de hidrel\u00e9trica binacional com a Bol\u00edvia - Ag\u00eancia iNFRA","isPartOf":{"@id":"https:\/\/agenciainfra.com\/blog\/#website"},"primaryImageOfPage":{"@id":"https:\/\/agenciainfra.com\/blog\/itaipu-pode-participar-de-hidreletrica-binacional-com-a-bolivia\/#primaryimage"},"image":{"@id":"https:\/\/agenciainfra.com\/blog\/itaipu-pode-participar-de-hidreletrica-binacional-com-a-bolivia\/#primaryimage"},"thumbnailUrl":"https:\/\/agenciainfra.com\/blog\/wp-content\/uploads\/2020\/02\/joaquim-silva-e-luna-foto-alan-santos-pr.jpg","datePublished":"2020-02-18T11:00:14+00:00","breadcrumb":{"@id":"https:\/\/agenciainfra.com\/blog\/itaipu-pode-participar-de-hidreletrica-binacional-com-a-bolivia\/#breadcrumb"},"inLanguage":"pt-BR","potentialAction":[{"@type":"ReadAction","target":["https:\/\/agenciainfra.com\/blog\/itaipu-pode-participar-de-hidreletrica-binacional-com-a-bolivia\/"]}]},{"@type":"ImageObject","inLanguage":"pt-BR","@id":"https:\/\/agenciainfra.com\/blog\/itaipu-pode-participar-de-hidreletrica-binacional-com-a-bolivia\/#primaryimage","url":"https:\/\/agenciainfra.com\/blog\/wp-content\/uploads\/2020\/02\/joaquim-silva-e-luna-foto-alan-santos-pr.jpg","contentUrl":"https:\/\/agenciainfra.com\/blog\/wp-content\/uploads\/2020\/02\/joaquim-silva-e-luna-foto-alan-santos-pr.jpg","width":1170,"height":700},{"@type":"BreadcrumbList","@id":"https:\/\/agenciainfra.com\/blog\/itaipu-pode-participar-de-hidreletrica-binacional-com-a-bolivia\/#breadcrumb","itemListElement":[{"@type":"ListItem","position":1,"name":"In\u00edcio","item":"https:\/\/agenciainfra.com\/blog\/"},{"@type":"ListItem","position":2,"name":"Itaipu pode participar de hidrel\u00e9trica binacional com a Bol\u00edvia"}]},{"@type":"WebSite","@id":"https:\/\/agenciainfra.com\/blog\/#website","url":"https:\/\/agenciainfra.com\/blog\/","name":"Ag\u00eancia iNFRA","description":"Multiplataforma de informa\u00e7\u00e3o jornal\u00edstica refer\u00eancia na \u00e1rea de infraestrutura no Brasil!","publisher":{"@id":"https:\/\/agenciainfra.com\/blog\/#organization"},"potentialAction":[{"@type":"SearchAction","target":{"@type":"EntryPoint","urlTemplate":"https:\/\/agenciainfra.com\/blog\/?s={search_term_string}"},"query-input":{"@type":"PropertyValueSpecification","valueRequired":true,"valueName":"search_term_string"}}],"inLanguage":"pt-BR"},{"@type":"Organization","@id":"https:\/\/agenciainfra.com\/blog\/#organization","name":"Ag\u00eancia iNFRA","url":"https:\/\/agenciainfra.com\/blog\/","logo":{"@type":"ImageObject","inLanguage":"pt-BR","@id":"https:\/\/agenciainfra.com\/blog\/#\/schema\/logo\/image\/","url":"https:\/\/agenciainfra.com\/blog\/wp-content\/uploads\/2023\/09\/iNFRA_5-e1761735885940.png","contentUrl":"https:\/\/agenciainfra.com\/blog\/wp-content\/uploads\/2023\/09\/iNFRA_5-e1761735885940.png","width":1672,"height":454,"caption":"Ag\u00eancia iNFRA"},"image":{"@id":"https:\/\/agenciainfra.com\/blog\/#\/schema\/logo\/image\/"},"sameAs":["https:\/\/www.facebook.com\/ageninfra","https:\/\/x.com\/agencia_infra","https:\/\/www.linkedin.com\/company\/ag\u00eanciainfra\/","https:\/\/www.instagram.com\/agenciainfra\/"]},{"@type":"Person","@id":"https:\/\/agenciainfra.com\/blog\/#\/schema\/person\/04dbb79bd6d8951f063da71f3e4c1eb1","name":"Rodrigo Zuquim","image":{"@type":"ImageObject","inLanguage":"pt-BR","@id":"https:\/\/agenciainfra.com\/blog\/#\/schema\/person\/image\/","url":"https:\/\/secure.gravatar.com\/avatar\/594abfe82761d620726242ff34ca472a705a4b97f16c790053a6b4c4035274d0?s=96&d=mm&r=g","contentUrl":"https:\/\/secure.gravatar.com\/avatar\/594abfe82761d620726242ff34ca472a705a4b97f16c790053a6b4c4035274d0?s=96&d=mm&r=g","caption":"Rodrigo Zuquim"},"url":"https:\/\/agenciainfra.com\/blog\/author\/rodrigo-zuquim\/"}]}},"_links":{"self":[{"href":"https:\/\/agenciainfra.com\/blog\/wp-json\/wp\/v2\/posts\/4429","targetHints":{"allow":["GET"]}}],"collection":[{"href":"https:\/\/agenciainfra.com\/blog\/wp-json\/wp\/v2\/posts"}],"about":[{"href":"https:\/\/agenciainfra.com\/blog\/wp-json\/wp\/v2\/types\/post"}],"author":[{"embeddable":true,"href":"https:\/\/agenciainfra.com\/blog\/wp-json\/wp\/v2\/users\/9"}],"replies":[{"embeddable":true,"href":"https:\/\/agenciainfra.com\/blog\/wp-json\/wp\/v2\/comments?post=4429"}],"version-history":[{"count":0,"href":"https:\/\/agenciainfra.com\/blog\/wp-json\/wp\/v2\/posts\/4429\/revisions"}],"wp:featuredmedia":[{"embeddable":true,"href":"https:\/\/agenciainfra.com\/blog\/wp-json\/wp\/v2\/media\/4430"}],"wp:attachment":[{"href":"https:\/\/agenciainfra.com\/blog\/wp-json\/wp\/v2\/media?parent=4429"}],"wp:term":[{"taxonomy":"category","embeddable":true,"href":"https:\/\/agenciainfra.com\/blog\/wp-json\/wp\/v2\/categories?post=4429"},{"taxonomy":"post_tag","embeddable":true,"href":"https:\/\/agenciainfra.com\/blog\/wp-json\/wp\/v2\/tags?post=4429"}],"curies":[{"name":"wp","href":"https:\/\/api.w.org\/{rel}","templated":true}]}}