{"id":44469,"date":"2026-07-16T19:51:05","date_gmt":"2026-07-16T22:51:05","guid":{"rendered":"https:\/\/agenciainfra.com\/blog\/?p=44469"},"modified":"2026-07-21T09:04:39","modified_gmt":"2026-07-21T12:04:39","slug":"antt-aprova-edital-para-leilao-do-contrato-repactuado-da-via-brasil","status":"publish","type":"post","link":"https:\/\/agenciainfra.com\/blog\/antt-aprova-edital-para-leilao-do-contrato-repactuado-da-via-brasil\/","title":{"rendered":"ANTT aprova edital para leil\u00e3o do contrato repactuado da Via Brasil\u00a0"},"content":{"rendered":"\n<p class=\"has-text-align-right\"><strong>Luiz Ara\u00fajo, da Ag\u00eancia iNFRA<\/strong><\/p>\n\n\n\n<p>A ANTT (Ag\u00eancia Nacional de Transportes Terrestres) aprovou nesta quinta-feira (16) o edital para o leil\u00e3o do contrato da Via Brasil, respons\u00e1vel pela administra\u00e7\u00e3o de 970 quil\u00f4metros da BR-163 entre Mato Grosso e Par\u00e1. A concorr\u00eancia foi marcada para 12 de novembro. A concess\u00e3o passou por um processo de repactua\u00e7\u00e3o mediado pelo TCU (Tribunal de Contas da Uni\u00e3o), resultando em um novo contrato que prev\u00ea R$ 10,6 bilh\u00f5es em investimentos.&nbsp;<\/p>\n\n\n\n<p>A remodelagem do contrato decorre de uma mudan\u00e7a nas premissas que sustentaram a concess\u00e3o original, firmada em 2022. \u00c0 \u00e9poca, a opera\u00e7\u00e3o foi estruturada como uma concess\u00e3o de transi\u00e7\u00e3o, com dura\u00e7\u00e3o de dez anos, considerando que a Ferrogr\u00e3o \u2013 ferrovia projetada para ligar o norte de Mato Grosso aos portos do Arco Norte \u2013 entraria em opera\u00e7\u00e3o ainda nesta d\u00e9cada e absorveria parte significativa do transporte de cargas na regi\u00e3o.<\/p>\n\n\n\n<p>Com o atraso da ferrovia, cuja previs\u00e3o passou a ser 2040, o fluxo na BR-163 superou amplamente as estimativas iniciais. Segundo os estudos que embasaram a repactua\u00e7\u00e3o, apenas em 2023 o tr\u00e1fego de ve\u00edculos pesados ficou 44% acima do projetado. Diante desse cen\u00e1rio, o novo contrato amplia a vig\u00eancia da concess\u00e3o em 15 anos, totalizando mais de 20 anos de opera\u00e7\u00e3o, al\u00e9m de incorporar um conjunto de investimentos voltados \u00e0 amplia\u00e7\u00e3o da capacidade da rodovia.<\/p>\n\n\n\n<p>O acordo tamb\u00e9m estabelece um per\u00edodo de transi\u00e7\u00e3o antes da realiza\u00e7\u00e3o do leil\u00e3o simplificado. Nesse intervalo, a atual concession\u00e1ria, pertencente ao grupo Conasa, dever\u00e1 executar uma s\u00e9rie de obras consideradas priorit\u00e1rias, que antecedem as interven\u00e7\u00f5es previstas no contrato remodelado. O cumprimento desse plano ser\u00e1 um dos crit\u00e9rios para que a empresa possa participar da disputa pelo ativo, podendo ser impedida de concorrer caso seja identificado um grau de inadimpl\u00eancia previamente estabelecido.<\/p>\n\n\n\n<p><strong>Rota Verde e Rota dos Sert\u00f5es<\/strong><br>Tamb\u00e9m na quinta-feira, a ANTT aprovou a transfer\u00eancia do controle da concess\u00e3o da Rota Verde para a gestora JiveMau\u00e1, que assumir\u00e1 cerca de 80% da concession\u00e1ria respons\u00e1vel pelo corredor rodovi\u00e1rio entre Goi\u00e2nia, Rio Verde e Itumbiara (GO), um dos principais eixos de escoamento da produ\u00e7\u00e3o agropecu\u00e1ria do estado. A opera\u00e7\u00e3o marca a primeira vez que a gestora, que administra aproximadamente R$ 25 bilh\u00f5es em ativos, passa a ocupar posi\u00e7\u00e3o de controle em uma concession\u00e1ria de infraestrutura.<\/p>\n\n\n\n<p>A reguladora aprovou ainda a homologa\u00e7\u00e3o do leil\u00e3o da Rota dos Sert\u00f5es (BRs 116 e 324\/BA\/PE). O ativo foi vencido pelo cons\u00f3rcio 116 Sert\u00f5es, formado pela NEO Invest, Mota-Engil e Infra I Fundo de Investimento, estrutura pela qual a Odebrecht oficializou seu retorno \u00e0s disputas por leil\u00f5es federais de rodovias. A concess\u00e3o abrange 502 quil\u00f4metros de extens\u00e3o.<\/p>\n\n\n\n<p><em>*Reportagem atualizada na sexta-feira (17), \u00e0s 9h53, com informa\u00e7\u00f5es complementares.<\/em><\/p>\n","protected":false},"excerpt":{"rendered":"<p>Luiz Ara\u00fajo, da Ag\u00eancia iNFRA A ANTT (Ag\u00eancia Nacional de Transportes Terrestres) aprovou nesta quinta-feira (16) o edital para o leil\u00e3o do contrato da Via Brasil, respons\u00e1vel pela administra\u00e7\u00e3o de 970 quil\u00f4metros da BR-163 entre Mato Grosso e Par\u00e1. A concorr\u00eancia foi marcada para 12 de novembro. A concess\u00e3o passou por um processo de repactua\u00e7\u00e3o [&hellip;]<\/p>\n","protected":false},"author":1,"featured_media":26242,"comment_status":"closed","ping_status":"closed","sticky":false,"template":"","format":"standard","meta":{"_monsterinsights_skip_tracking":false,"_monsterinsights_sitenote_active":false,"_monsterinsights_sitenote_note":"","_monsterinsights_sitenote_category":0,"footnotes":""},"categories":[7250,7],"tags":[15142,19,239,1137,19130,2131,18,3136],"class_list":["post-44469","post","type-post","status-publish","format-standard","has-post-thumbnail","hentry","category-destaque-lista","category-infratransporte","tag-alex-azevedo","tag-antt","tag-br-163","tag-concessao-rodoviaria","tag-luiz-araujo","tag-repactuacao","tag-tcu","tag-via-brasil"],"yoast_head":"<!-- This site is optimized with the Yoast SEO Premium plugin v25.4 (Yoast SEO v28.2) - https:\/\/yoast.com\/product\/yoast-seo-premium-wordpress\/ -->\n<title>ANTT aprova edital para leil\u00e3o do contrato repactuado da Via Brasil\u00a0 - Ag\u00eancia iNFRA<\/title>\n<meta name=\"robots\" content=\"index, follow, max-snippet:-1, max-image-preview:large, max-video-preview:-1\" \/>\n<link rel=\"canonical\" href=\"https:\/\/agenciainfra.com\/blog\/antt-aprova-edital-para-leilao-do-contrato-repactuado-da-via-brasil\/\" \/>\n<meta property=\"og:locale\" content=\"pt_BR\" \/>\n<meta property=\"og:type\" content=\"article\" \/>\n<meta property=\"og:title\" content=\"ANTT aprova edital para leil\u00e3o do contrato repactuado da Via Brasil\u00a0\" \/>\n<meta property=\"og:description\" content=\"Luiz Ara\u00fajo, da Ag\u00eancia iNFRA A ANTT (Ag\u00eancia Nacional de Transportes Terrestres) aprovou nesta quinta-feira (16) o edital para o leil\u00e3o do contrato da Via Brasil, respons\u00e1vel pela administra\u00e7\u00e3o de 970 quil\u00f4metros da BR-163 entre Mato Grosso e Par\u00e1. A concorr\u00eancia foi marcada para 12 de novembro. A concess\u00e3o passou por um processo de repactua\u00e7\u00e3o [&hellip;]\" \/>\n<meta property=\"og:url\" content=\"https:\/\/agenciainfra.com\/blog\/antt-aprova-edital-para-leilao-do-contrato-repactuado-da-via-brasil\/\" \/>\n<meta property=\"og:site_name\" content=\"Ag\u00eancia iNFRA\" \/>\n<meta property=\"article:publisher\" content=\"https:\/\/www.facebook.com\/ageninfra\" \/>\n<meta property=\"article:published_time\" content=\"2026-07-16T22:51:05+00:00\" \/>\n<meta property=\"article:modified_time\" content=\"2026-07-21T12:04:39+00:00\" \/>\n<meta property=\"og:image\" content=\"https:\/\/agenciainfra.com\/blog\/wp-content\/uploads\/2025\/08\/br-163-mt-pa-foto-via-brasil.png\" \/>\n\t<meta property=\"og:image:width\" content=\"1280\" \/>\n\t<meta property=\"og:image:height\" content=\"853\" \/>\n\t<meta property=\"og:image:type\" content=\"image\/png\" \/>\n<meta name=\"author\" content=\"Ag\u00eancia iNFRA\" \/>\n<meta name=\"twitter:card\" content=\"summary_large_image\" \/>\n<meta name=\"twitter:creator\" content=\"@agencia_infra\" \/>\n<meta name=\"twitter:site\" content=\"@agencia_infra\" \/>\n<meta name=\"twitter:label1\" content=\"Escrito por\" \/>\n\t<meta name=\"twitter:data1\" content=\"Ag\u00eancia iNFRA\" \/>\n\t<meta name=\"twitter:label2\" content=\"Est. tempo de leitura\" \/>\n\t<meta name=\"twitter:data2\" content=\"2 minutos\" \/>\n<script type=\"application\/ld+json\" class=\"yoast-schema-graph\">{\"@context\":\"https:\\\/\\\/schema.org\",\"@graph\":[{\"@type\":\"Article\",\"@id\":\"https:\\\/\\\/agenciainfra.com\\\/blog\\\/antt-aprova-edital-para-leilao-do-contrato-repactuado-da-via-brasil\\\/#article\",\"isPartOf\":{\"@id\":\"https:\\\/\\\/agenciainfra.com\\\/blog\\\/antt-aprova-edital-para-leilao-do-contrato-repactuado-da-via-brasil\\\/\"},\"author\":{\"name\":\"Ag\u00eancia iNFRA\",\"@id\":\"https:\\\/\\\/agenciainfra.com\\\/blog\\\/#\\\/schema\\\/person\\\/34af08dff6adea4cb22b06612ba7acfa\"},\"headline\":\"ANTT aprova edital para leil\u00e3o do contrato repactuado da Via Brasil\u00a0\",\"datePublished\":\"2026-07-16T22:51:05+00:00\",\"dateModified\":\"2026-07-21T12:04:39+00:00\",\"mainEntityOfPage\":{\"@id\":\"https:\\\/\\\/agenciainfra.com\\\/blog\\\/antt-aprova-edital-para-leilao-do-contrato-repactuado-da-via-brasil\\\/\"},\"wordCount\":501,\"publisher\":{\"@id\":\"https:\\\/\\\/agenciainfra.com\\\/blog\\\/#organization\"},\"image\":{\"@id\":\"https:\\\/\\\/agenciainfra.com\\\/blog\\\/antt-aprova-edital-para-leilao-do-contrato-repactuado-da-via-brasil\\\/#primaryimage\"},\"thumbnailUrl\":\"https:\\\/\\\/agenciainfra.com\\\/blog\\\/wp-content\\\/uploads\\\/2025\\\/08\\\/br-163-mt-pa-foto-via-brasil.png\",\"keywords\":[\"Alex Azevedo\",\"ANTT\",\"BR-163\",\"concess\u00e3o rodovi\u00e1ria\",\"Luiz Ara\u00fajo\",\"repactua\u00e7\u00e3o\",\"TCU\",\"Via Brasil\"],\"articleSection\":[\"Destaque lista\",\"iNFRATransporte\"],\"inLanguage\":\"pt-BR\",\"copyrightYear\":\"2026\",\"copyrightHolder\":{\"@id\":\"https:\\\/\\\/agenciainfra.com\\\/blog\\\/#organization\"}},{\"@type\":\"WebPage\",\"@id\":\"https:\\\/\\\/agenciainfra.com\\\/blog\\\/antt-aprova-edital-para-leilao-do-contrato-repactuado-da-via-brasil\\\/\",\"url\":\"https:\\\/\\\/agenciainfra.com\\\/blog\\\/antt-aprova-edital-para-leilao-do-contrato-repactuado-da-via-brasil\\\/\",\"name\":\"ANTT aprova edital para leil\u00e3o do contrato repactuado da Via Brasil\u00a0 - Ag\u00eancia iNFRA\",\"isPartOf\":{\"@id\":\"https:\\\/\\\/agenciainfra.com\\\/blog\\\/#website\"},\"primaryImageOfPage\":{\"@id\":\"https:\\\/\\\/agenciainfra.com\\\/blog\\\/antt-aprova-edital-para-leilao-do-contrato-repactuado-da-via-brasil\\\/#primaryimage\"},\"image\":{\"@id\":\"https:\\\/\\\/agenciainfra.com\\\/blog\\\/antt-aprova-edital-para-leilao-do-contrato-repactuado-da-via-brasil\\\/#primaryimage\"},\"thumbnailUrl\":\"https:\\\/\\\/agenciainfra.com\\\/blog\\\/wp-content\\\/uploads\\\/2025\\\/08\\\/br-163-mt-pa-foto-via-brasil.png\",\"datePublished\":\"2026-07-16T22:51:05+00:00\",\"dateModified\":\"2026-07-21T12:04:39+00:00\",\"breadcrumb\":{\"@id\":\"https:\\\/\\\/agenciainfra.com\\\/blog\\\/antt-aprova-edital-para-leilao-do-contrato-repactuado-da-via-brasil\\\/#breadcrumb\"},\"inLanguage\":\"pt-BR\",\"potentialAction\":[{\"@type\":\"ReadAction\",\"target\":[\"https:\\\/\\\/agenciainfra.com\\\/blog\\\/antt-aprova-edital-para-leilao-do-contrato-repactuado-da-via-brasil\\\/\"]}]},{\"@type\":\"ImageObject\",\"inLanguage\":\"pt-BR\",\"@id\":\"https:\\\/\\\/agenciainfra.com\\\/blog\\\/antt-aprova-edital-para-leilao-do-contrato-repactuado-da-via-brasil\\\/#primaryimage\",\"url\":\"https:\\\/\\\/agenciainfra.com\\\/blog\\\/wp-content\\\/uploads\\\/2025\\\/08\\\/br-163-mt-pa-foto-via-brasil.png\",\"contentUrl\":\"https:\\\/\\\/agenciainfra.com\\\/blog\\\/wp-content\\\/uploads\\\/2025\\\/08\\\/br-163-mt-pa-foto-via-brasil.png\",\"width\":1280,\"height\":853,\"caption\":\"Foto: Via Brasil BR-163\"},{\"@type\":\"BreadcrumbList\",\"@id\":\"https:\\\/\\\/agenciainfra.com\\\/blog\\\/antt-aprova-edital-para-leilao-do-contrato-repactuado-da-via-brasil\\\/#breadcrumb\",\"itemListElement\":[{\"@type\":\"ListItem\",\"position\":1,\"name\":\"In\u00edcio\",\"item\":\"https:\\\/\\\/agenciainfra.com\\\/blog\\\/\"},{\"@type\":\"ListItem\",\"position\":2,\"name\":\"ANTT aprova edital para leil\u00e3o do contrato repactuado da Via Brasil\u00a0\"}]},{\"@type\":\"WebSite\",\"@id\":\"https:\\\/\\\/agenciainfra.com\\\/blog\\\/#website\",\"url\":\"https:\\\/\\\/agenciainfra.com\\\/blog\\\/\",\"name\":\"Ag\u00eancia iNFRA\",\"description\":\"Multiplataforma de informa\u00e7\u00e3o jornal\u00edstica refer\u00eancia na \u00e1rea de infraestrutura no Brasil!\",\"publisher\":{\"@id\":\"https:\\\/\\\/agenciainfra.com\\\/blog\\\/#organization\"},\"potentialAction\":[{\"@type\":\"SearchAction\",\"target\":{\"@type\":\"EntryPoint\",\"urlTemplate\":\"https:\\\/\\\/agenciainfra.com\\\/blog\\\/?s={search_term_string}\"},\"query-input\":{\"@type\":\"PropertyValueSpecification\",\"valueRequired\":true,\"valueName\":\"search_term_string\"}}],\"inLanguage\":\"pt-BR\"},{\"@type\":\"Organization\",\"@id\":\"https:\\\/\\\/agenciainfra.com\\\/blog\\\/#organization\",\"name\":\"Ag\u00eancia iNFRA\",\"url\":\"https:\\\/\\\/agenciainfra.com\\\/blog\\\/\",\"logo\":{\"@type\":\"ImageObject\",\"inLanguage\":\"pt-BR\",\"@id\":\"https:\\\/\\\/agenciainfra.com\\\/blog\\\/#\\\/schema\\\/logo\\\/image\\\/\",\"url\":\"https:\\\/\\\/agenciainfra.com\\\/blog\\\/wp-content\\\/uploads\\\/2023\\\/09\\\/iNFRA_5-e1761735885940.png\",\"contentUrl\":\"https:\\\/\\\/agenciainfra.com\\\/blog\\\/wp-content\\\/uploads\\\/2023\\\/09\\\/iNFRA_5-e1761735885940.png\",\"width\":1672,\"height\":454,\"caption\":\"Ag\u00eancia iNFRA\"},\"image\":{\"@id\":\"https:\\\/\\\/agenciainfra.com\\\/blog\\\/#\\\/schema\\\/logo\\\/image\\\/\"},\"sameAs\":[\"https:\\\/\\\/www.facebook.com\\\/ageninfra\",\"https:\\\/\\\/x.com\\\/agencia_infra\",\"https:\\\/\\\/www.linkedin.com\\\/company\\\/ag\u00eanciainfra\\\/\",\"https:\\\/\\\/www.instagram.com\\\/agenciainfra\\\/\"]},{\"@type\":\"Person\",\"@id\":\"https:\\\/\\\/agenciainfra.com\\\/blog\\\/#\\\/schema\\\/person\\\/34af08dff6adea4cb22b06612ba7acfa\",\"name\":\"Ag\u00eancia iNFRA\",\"image\":{\"@type\":\"ImageObject\",\"inLanguage\":\"pt-BR\",\"@id\":\"https:\\\/\\\/secure.gravatar.com\\\/avatar\\\/d189e01678f06d8eb84d4e01f08eb848b3fffe3f8443818d3c356c66892f5be8?s=96&d=mm&r=g\",\"url\":\"https:\\\/\\\/secure.gravatar.com\\\/avatar\\\/d189e01678f06d8eb84d4e01f08eb848b3fffe3f8443818d3c356c66892f5be8?s=96&d=mm&r=g\",\"contentUrl\":\"https:\\\/\\\/secure.gravatar.com\\\/avatar\\\/d189e01678f06d8eb84d4e01f08eb848b3fffe3f8443818d3c356c66892f5be8?s=96&d=mm&r=g\",\"caption\":\"Ag\u00eancia iNFRA\"},\"url\":\"https:\\\/\\\/agenciainfra.com\\\/blog\\\/author\\\/admin\\\/\"}]}<\/script>\n<!-- \/ Yoast SEO Premium plugin. -->","yoast_head_json":{"title":"ANTT aprova edital para leil\u00e3o do contrato repactuado da Via Brasil\u00a0 - Ag\u00eancia iNFRA","robots":{"index":"index","follow":"follow","max-snippet":"max-snippet:-1","max-image-preview":"max-image-preview:large","max-video-preview":"max-video-preview:-1"},"canonical":"https:\/\/agenciainfra.com\/blog\/antt-aprova-edital-para-leilao-do-contrato-repactuado-da-via-brasil\/","og_locale":"pt_BR","og_type":"article","og_title":"ANTT aprova edital para leil\u00e3o do contrato repactuado da Via Brasil\u00a0","og_description":"Luiz Ara\u00fajo, da Ag\u00eancia iNFRA A ANTT (Ag\u00eancia Nacional de Transportes Terrestres) aprovou nesta quinta-feira (16) o edital para o leil\u00e3o do contrato da Via Brasil, respons\u00e1vel pela administra\u00e7\u00e3o de 970 quil\u00f4metros da BR-163 entre Mato Grosso e Par\u00e1. A concorr\u00eancia foi marcada para 12 de novembro. A concess\u00e3o passou por um processo de repactua\u00e7\u00e3o [&hellip;]","og_url":"https:\/\/agenciainfra.com\/blog\/antt-aprova-edital-para-leilao-do-contrato-repactuado-da-via-brasil\/","og_site_name":"Ag\u00eancia iNFRA","article_publisher":"https:\/\/www.facebook.com\/ageninfra","article_published_time":"2026-07-16T22:51:05+00:00","article_modified_time":"2026-07-21T12:04:39+00:00","og_image":[{"width":1280,"height":853,"url":"https:\/\/agenciainfra.com\/blog\/wp-content\/uploads\/2025\/08\/br-163-mt-pa-foto-via-brasil.png","type":"image\/png"}],"author":"Ag\u00eancia iNFRA","twitter_card":"summary_large_image","twitter_creator":"@agencia_infra","twitter_site":"@agencia_infra","twitter_misc":{"Escrito por":"Ag\u00eancia iNFRA","Est. tempo de leitura":"2 minutos"},"schema":{"@context":"https:\/\/schema.org","@graph":[{"@type":"Article","@id":"https:\/\/agenciainfra.com\/blog\/antt-aprova-edital-para-leilao-do-contrato-repactuado-da-via-brasil\/#article","isPartOf":{"@id":"https:\/\/agenciainfra.com\/blog\/antt-aprova-edital-para-leilao-do-contrato-repactuado-da-via-brasil\/"},"author":{"name":"Ag\u00eancia iNFRA","@id":"https:\/\/agenciainfra.com\/blog\/#\/schema\/person\/34af08dff6adea4cb22b06612ba7acfa"},"headline":"ANTT aprova edital para leil\u00e3o do contrato repactuado da Via Brasil\u00a0","datePublished":"2026-07-16T22:51:05+00:00","dateModified":"2026-07-21T12:04:39+00:00","mainEntityOfPage":{"@id":"https:\/\/agenciainfra.com\/blog\/antt-aprova-edital-para-leilao-do-contrato-repactuado-da-via-brasil\/"},"wordCount":501,"publisher":{"@id":"https:\/\/agenciainfra.com\/blog\/#organization"},"image":{"@id":"https:\/\/agenciainfra.com\/blog\/antt-aprova-edital-para-leilao-do-contrato-repactuado-da-via-brasil\/#primaryimage"},"thumbnailUrl":"https:\/\/agenciainfra.com\/blog\/wp-content\/uploads\/2025\/08\/br-163-mt-pa-foto-via-brasil.png","keywords":["Alex Azevedo","ANTT","BR-163","concess\u00e3o rodovi\u00e1ria","Luiz Ara\u00fajo","repactua\u00e7\u00e3o","TCU","Via Brasil"],"articleSection":["Destaque lista","iNFRATransporte"],"inLanguage":"pt-BR","copyrightYear":"2026","copyrightHolder":{"@id":"https:\/\/agenciainfra.com\/blog\/#organization"}},{"@type":"WebPage","@id":"https:\/\/agenciainfra.com\/blog\/antt-aprova-edital-para-leilao-do-contrato-repactuado-da-via-brasil\/","url":"https:\/\/agenciainfra.com\/blog\/antt-aprova-edital-para-leilao-do-contrato-repactuado-da-via-brasil\/","name":"ANTT aprova edital para leil\u00e3o do contrato repactuado da Via Brasil\u00a0 - Ag\u00eancia iNFRA","isPartOf":{"@id":"https:\/\/agenciainfra.com\/blog\/#website"},"primaryImageOfPage":{"@id":"https:\/\/agenciainfra.com\/blog\/antt-aprova-edital-para-leilao-do-contrato-repactuado-da-via-brasil\/#primaryimage"},"image":{"@id":"https:\/\/agenciainfra.com\/blog\/antt-aprova-edital-para-leilao-do-contrato-repactuado-da-via-brasil\/#primaryimage"},"thumbnailUrl":"https:\/\/agenciainfra.com\/blog\/wp-content\/uploads\/2025\/08\/br-163-mt-pa-foto-via-brasil.png","datePublished":"2026-07-16T22:51:05+00:00","dateModified":"2026-07-21T12:04:39+00:00","breadcrumb":{"@id":"https:\/\/agenciainfra.com\/blog\/antt-aprova-edital-para-leilao-do-contrato-repactuado-da-via-brasil\/#breadcrumb"},"inLanguage":"pt-BR","potentialAction":[{"@type":"ReadAction","target":["https:\/\/agenciainfra.com\/blog\/antt-aprova-edital-para-leilao-do-contrato-repactuado-da-via-brasil\/"]}]},{"@type":"ImageObject","inLanguage":"pt-BR","@id":"https:\/\/agenciainfra.com\/blog\/antt-aprova-edital-para-leilao-do-contrato-repactuado-da-via-brasil\/#primaryimage","url":"https:\/\/agenciainfra.com\/blog\/wp-content\/uploads\/2025\/08\/br-163-mt-pa-foto-via-brasil.png","contentUrl":"https:\/\/agenciainfra.com\/blog\/wp-content\/uploads\/2025\/08\/br-163-mt-pa-foto-via-brasil.png","width":1280,"height":853,"caption":"Foto: Via Brasil BR-163"},{"@type":"BreadcrumbList","@id":"https:\/\/agenciainfra.com\/blog\/antt-aprova-edital-para-leilao-do-contrato-repactuado-da-via-brasil\/#breadcrumb","itemListElement":[{"@type":"ListItem","position":1,"name":"In\u00edcio","item":"https:\/\/agenciainfra.com\/blog\/"},{"@type":"ListItem","position":2,"name":"ANTT aprova edital para leil\u00e3o do contrato repactuado da Via Brasil\u00a0"}]},{"@type":"WebSite","@id":"https:\/\/agenciainfra.com\/blog\/#website","url":"https:\/\/agenciainfra.com\/blog\/","name":"Ag\u00eancia iNFRA","description":"Multiplataforma de informa\u00e7\u00e3o jornal\u00edstica refer\u00eancia na \u00e1rea de infraestrutura no Brasil!","publisher":{"@id":"https:\/\/agenciainfra.com\/blog\/#organization"},"potentialAction":[{"@type":"SearchAction","target":{"@type":"EntryPoint","urlTemplate":"https:\/\/agenciainfra.com\/blog\/?s={search_term_string}"},"query-input":{"@type":"PropertyValueSpecification","valueRequired":true,"valueName":"search_term_string"}}],"inLanguage":"pt-BR"},{"@type":"Organization","@id":"https:\/\/agenciainfra.com\/blog\/#organization","name":"Ag\u00eancia iNFRA","url":"https:\/\/agenciainfra.com\/blog\/","logo":{"@type":"ImageObject","inLanguage":"pt-BR","@id":"https:\/\/agenciainfra.com\/blog\/#\/schema\/logo\/image\/","url":"https:\/\/agenciainfra.com\/blog\/wp-content\/uploads\/2023\/09\/iNFRA_5-e1761735885940.png","contentUrl":"https:\/\/agenciainfra.com\/blog\/wp-content\/uploads\/2023\/09\/iNFRA_5-e1761735885940.png","width":1672,"height":454,"caption":"Ag\u00eancia iNFRA"},"image":{"@id":"https:\/\/agenciainfra.com\/blog\/#\/schema\/logo\/image\/"},"sameAs":["https:\/\/www.facebook.com\/ageninfra","https:\/\/x.com\/agencia_infra","https:\/\/www.linkedin.com\/company\/ag\u00eanciainfra\/","https:\/\/www.instagram.com\/agenciainfra\/"]},{"@type":"Person","@id":"https:\/\/agenciainfra.com\/blog\/#\/schema\/person\/34af08dff6adea4cb22b06612ba7acfa","name":"Ag\u00eancia iNFRA","image":{"@type":"ImageObject","inLanguage":"pt-BR","@id":"https:\/\/secure.gravatar.com\/avatar\/d189e01678f06d8eb84d4e01f08eb848b3fffe3f8443818d3c356c66892f5be8?s=96&d=mm&r=g","url":"https:\/\/secure.gravatar.com\/avatar\/d189e01678f06d8eb84d4e01f08eb848b3fffe3f8443818d3c356c66892f5be8?s=96&d=mm&r=g","contentUrl":"https:\/\/secure.gravatar.com\/avatar\/d189e01678f06d8eb84d4e01f08eb848b3fffe3f8443818d3c356c66892f5be8?s=96&d=mm&r=g","caption":"Ag\u00eancia iNFRA"},"url":"https:\/\/agenciainfra.com\/blog\/author\/admin\/"}]}},"_links":{"self":[{"href":"https:\/\/agenciainfra.com\/blog\/wp-json\/wp\/v2\/posts\/44469","targetHints":{"allow":["GET"]}}],"collection":[{"href":"https:\/\/agenciainfra.com\/blog\/wp-json\/wp\/v2\/posts"}],"about":[{"href":"https:\/\/agenciainfra.com\/blog\/wp-json\/wp\/v2\/types\/post"}],"author":[{"embeddable":true,"href":"https:\/\/agenciainfra.com\/blog\/wp-json\/wp\/v2\/users\/1"}],"replies":[{"embeddable":true,"href":"https:\/\/agenciainfra.com\/blog\/wp-json\/wp\/v2\/comments?post=44469"}],"version-history":[{"count":3,"href":"https:\/\/agenciainfra.com\/blog\/wp-json\/wp\/v2\/posts\/44469\/revisions"}],"predecessor-version":[{"id":44489,"href":"https:\/\/agenciainfra.com\/blog\/wp-json\/wp\/v2\/posts\/44469\/revisions\/44489"}],"wp:featuredmedia":[{"embeddable":true,"href":"https:\/\/agenciainfra.com\/blog\/wp-json\/wp\/v2\/media\/26242"}],"wp:attachment":[{"href":"https:\/\/agenciainfra.com\/blog\/wp-json\/wp\/v2\/media?parent=44469"}],"wp:term":[{"taxonomy":"category","embeddable":true,"href":"https:\/\/agenciainfra.com\/blog\/wp-json\/wp\/v2\/categories?post=44469"},{"taxonomy":"post_tag","embeddable":true,"href":"https:\/\/agenciainfra.com\/blog\/wp-json\/wp\/v2\/tags?post=44469"}],"curies":[{"name":"wp","href":"https:\/\/api.w.org\/{rel}","templated":true}]}}