{"id":4456,"date":"2020-02-23T08:00:34","date_gmt":"2020-02-23T11:00:34","guid":{"rendered":"http:\/\/www.agenciainfra.com\/blog\/?p=4456"},"modified":"2020-02-21T17:29:19","modified_gmt":"2020-02-21T20:29:19","slug":"nao-ha-proposta-aceitavel-para-reprogramacao-de-obras-da-br-163-mt-diz-secretaria-do-minfra","status":"publish","type":"post","link":"https:\/\/agenciainfra.com\/blog\/nao-ha-proposta-aceitavel-para-reprogramacao-de-obras-da-br-163-mt-diz-secretaria-do-minfra\/","title":{"rendered":"N\u00e3o h\u00e1 &#8220;proposta aceit\u00e1vel&#8221; para reprograma\u00e7\u00e3o de obras da BR-163\/MT, diz secret\u00e1ria do Minfra"},"content":{"rendered":"<h5 style=\"text-align: right;\"><strong>Dimmi Amora e Tales Silveira, da\u00a0Ag\u00eancia iNFRA<\/strong><\/h5>\n<p dir=\"ltr\">A secret\u00e1ria de Fomento, Planejamento e Parcerias do Minist\u00e9rio da Infraestrutura, Nat\u00e1lia Marcassa, afirmou que o governo nunca recebeu por parte das concession\u00e1rias de rodovias da 3\u00aa Etapa uma proposta &#8220;aceit\u00e1vel&#8221; do ponto de vista legal para a reprograma\u00e7\u00e3o das obras dos contratos de concess\u00e3o.<\/p>\n<p>Segundo ela, n\u00e3o h\u00e1 como saber antecipadamente se haver\u00e1 aumento do valor do ped\u00e1gio em caso de relicita\u00e7\u00e3o dessas concess\u00f5es e classificou como &#8220;exerc\u00edcio de futurologia&#8221; estudo apresentado pela consultoria GO Associados apontando que haveria aumentos de at\u00e9 165% do valor do ped\u00e1gio da BR-163\/MT, se houver relicita\u00e7\u00e3o.<\/p>\n<p>Isso porque, de acordo com a secret\u00e1ria, haveria a necessidade de saber quais s\u00e3o os par\u00e2metros para os investimentos e outros fatores, al\u00e9m da expectativa de desconto no valor final do ped\u00e1gio no momento do leil\u00e3o.<\/p>\n<p>No estudo, apresentado na edi\u00e7\u00e3o da \u00faltima quarta-feira (19) da <strong>Ag\u00eancia iNFRA<\/strong>, a consultoria aponta que haveria ganhos superiores na reprograma\u00e7\u00e3o das obras na relicita\u00e7\u00e3o e pede a realiza\u00e7\u00e3o de uma AIR (An\u00e1lise de Impacto Regulat\u00f3rio) pela ANTT (Ag\u00eancia Nacional de Transportes Terrestres) para decidir sobre o que ser\u00e1 feito.<\/p>\n<p>Marcassa afirmou que nenhuma das concession\u00e1rias respons\u00e1veis pelas concess\u00f5es da 3\u00aa Etapa apresentou em algum momento uma proposta que previsse apenas a reprograma\u00e7\u00e3o das obras.<\/p>\n<p><strong>Fator D<\/strong><br \/>\nSegundo ela, em todas as propostas, havia junto com a reprograma\u00e7\u00e3o a proposi\u00e7\u00e3o de aplica\u00e7\u00e3o do chamado Fator D apenas no final do contrato e, em algumas, de maneira mais suave que a prevista em contrato.<\/p>\n<p>O Fator D \u00e9 o chamado desconto de reequil\u00edbrio, previsto para reduzir a tarifa de ped\u00e1gio quando h\u00e1 inexecu\u00e7\u00e3o, especialmente das obras. Na pr\u00e1tica, sem a redu\u00e7\u00e3o do Fator D imediato, as empresas querem manter o valor do ped\u00e1gio e fazer as obras depois.<\/p>\n<p>&#8220;O que adianta a gente aceitar algo que \u00e9 invi\u00e1vel e depois n\u00e3o passar na Justi\u00e7a, por \u00f3rg\u00e3os de controle&#8221;, disse a secret\u00e1ria, que foi diretora da ANTT durante o per\u00edodo de elabora\u00e7\u00e3o dos estudos para essas concess\u00f5es.<\/p>\n<p>Segundo Marcassa, no caso espec\u00edfico da BR-163\/MT, concess\u00e3o da Odebrecht Transport, a \u00faltima proposta previa ainda a inclus\u00e3o de trechos que estavam sob responsabilidade do DNIT concluir (trevo de Cuiab\u00e1), o que n\u00e3o foi feito. Com a inclus\u00e3o de trechos, o ped\u00e1gio aumentaria.<\/p>\n<p>&#8220;Fica dif\u00edcil aceitar que uma empresa que n\u00e3o est\u00e1 fazendo as obras inclua novos trechos&#8221;, afirmou Marcassa.<\/p>\n<p>Segundo a secret\u00e1ria, o governo j\u00e1 fez reprograma\u00e7\u00f5es de obras em concess\u00f5es de transportes. Foi o caso de uma pista que era obrigat\u00f3ria no contrato de concess\u00e3o do Aeroporto de Confins (MG), mas a obra mostrou-se desnecess\u00e1ria.<\/p>\n<p>A concession\u00e1ria, que tem a CCR como l\u00edder, fez a requisi\u00e7\u00e3o de n\u00e3o realizar a obra no prazo previsto e aceitou pagar a mais por isso na outorga.<\/p>\n","protected":false},"excerpt":{"rendered":"<p>Dimmi Amora e Tales Silveira, da\u00a0Ag\u00eancia iNFRA A secret\u00e1ria de Fomento, Planejamento e Parcerias do Minist\u00e9rio da Infraestrutura, Nat\u00e1lia Marcassa, afirmou que o governo nunca recebeu por parte das concession\u00e1rias de rodovias da 3\u00aa Etapa uma proposta &#8220;aceit\u00e1vel&#8221; do ponto de vista legal para a reprograma\u00e7\u00e3o das obras dos contratos de concess\u00e3o. Segundo ela, n\u00e3o [&hellip;]<\/p>\n","protected":false},"author":9,"featured_media":4459,"comment_status":"closed","ping_status":"closed","sticky":false,"template":"","format":"standard","meta":{"_monsterinsights_skip_tracking":false,"_monsterinsights_sitenote_active":false,"_monsterinsights_sitenote_note":"","_monsterinsights_sitenote_category":0,"footnotes":""},"categories":[7],"tags":[1713,19,1049,219,1712,775,890,1048],"class_list":["post-4456","post","type-post","status-publish","format-standard","has-post-thumbnail","hentry","category-infratransporte","tag-3a-etapa-de-concessoes","tag-antt","tag-br-163-mt","tag-fator-d","tag-go-associados","tag-ministerio-da-infraestrutura","tag-natalia-marcassa","tag-odebrecht-transport"],"yoast_head":"<!-- This site is optimized with the Yoast SEO Premium plugin v25.4 (Yoast SEO v26.0) - https:\/\/yoast.com\/wordpress\/plugins\/seo\/ -->\n<title>N\u00e3o h\u00e1 &quot;proposta aceit\u00e1vel&quot; para reprograma\u00e7\u00e3o de obras da BR-163\/MT, diz secret\u00e1ria do Minfra - Ag\u00eancia iNFRA<\/title>\n<meta name=\"robots\" content=\"index, follow, max-snippet:-1, max-image-preview:large, max-video-preview:-1\" \/>\n<link rel=\"canonical\" href=\"https:\/\/agenciainfra.com\/blog\/nao-ha-proposta-aceitavel-para-reprogramacao-de-obras-da-br-163-mt-diz-secretaria-do-minfra\/\" \/>\n<meta property=\"og:locale\" content=\"pt_BR\" \/>\n<meta property=\"og:type\" content=\"article\" \/>\n<meta property=\"og:title\" content=\"N\u00e3o h\u00e1 &quot;proposta aceit\u00e1vel&quot; para reprograma\u00e7\u00e3o de obras da BR-163\/MT, diz secret\u00e1ria do Minfra\" \/>\n<meta property=\"og:description\" content=\"Dimmi Amora e Tales Silveira, da\u00a0Ag\u00eancia iNFRA A secret\u00e1ria de Fomento, Planejamento e Parcerias do Minist\u00e9rio da Infraestrutura, Nat\u00e1lia Marcassa, afirmou que o governo nunca recebeu por parte das concession\u00e1rias de rodovias da 3\u00aa Etapa uma proposta &#8220;aceit\u00e1vel&#8221; do ponto de vista legal para a reprograma\u00e7\u00e3o das obras dos contratos de concess\u00e3o. Segundo ela, n\u00e3o [&hellip;]\" \/>\n<meta property=\"og:url\" content=\"https:\/\/agenciainfra.com\/blog\/nao-ha-proposta-aceitavel-para-reprogramacao-de-obras-da-br-163-mt-diz-secretaria-do-minfra\/\" \/>\n<meta property=\"og:site_name\" content=\"Ag\u00eancia iNFRA\" \/>\n<meta property=\"article:publisher\" content=\"https:\/\/www.facebook.com\/ageninfra\" \/>\n<meta property=\"article:published_time\" content=\"2020-02-23T11:00:34+00:00\" \/>\n<meta property=\"og:image\" content=\"https:\/\/agenciainfra.com\/blog\/wp-content\/uploads\/2020\/02\/natalia-marcassa-foto-geraldo-magela-agencia-senado.jpg\" \/>\n\t<meta property=\"og:image:width\" content=\"1280\" \/>\n\t<meta property=\"og:image:height\" content=\"850\" \/>\n\t<meta property=\"og:image:type\" content=\"image\/jpeg\" \/>\n<meta name=\"author\" content=\"Rodrigo Zuquim\" \/>\n<meta name=\"twitter:card\" content=\"summary_large_image\" \/>\n<meta name=\"twitter:creator\" content=\"@agencia_infra\" \/>\n<meta name=\"twitter:site\" content=\"@agencia_infra\" \/>\n<meta name=\"twitter:label1\" content=\"Escrito por\" \/>\n\t<meta name=\"twitter:data1\" content=\"Rodrigo Zuquim\" \/>\n\t<meta name=\"twitter:label2\" content=\"Est. tempo de leitura\" \/>\n\t<meta name=\"twitter:data2\" content=\"3 minutos\" \/>\n<script type=\"application\/ld+json\" class=\"yoast-schema-graph\">{\"@context\":\"https:\/\/schema.org\",\"@graph\":[{\"@type\":\"Article\",\"@id\":\"https:\/\/agenciainfra.com\/blog\/nao-ha-proposta-aceitavel-para-reprogramacao-de-obras-da-br-163-mt-diz-secretaria-do-minfra\/#article\",\"isPartOf\":{\"@id\":\"https:\/\/agenciainfra.com\/blog\/nao-ha-proposta-aceitavel-para-reprogramacao-de-obras-da-br-163-mt-diz-secretaria-do-minfra\/\"},\"author\":{\"name\":\"Rodrigo Zuquim\",\"@id\":\"https:\/\/agenciainfra.com\/blog\/#\/schema\/person\/04dbb79bd6d8951f063da71f3e4c1eb1\"},\"headline\":\"N\u00e3o h\u00e1 &#8220;proposta aceit\u00e1vel&#8221; para reprograma\u00e7\u00e3o de obras da BR-163\/MT, diz secret\u00e1ria do Minfra\",\"datePublished\":\"2020-02-23T11:00:34+00:00\",\"mainEntityOfPage\":{\"@id\":\"https:\/\/agenciainfra.com\/blog\/nao-ha-proposta-aceitavel-para-reprogramacao-de-obras-da-br-163-mt-diz-secretaria-do-minfra\/\"},\"wordCount\":540,\"publisher\":{\"@id\":\"https:\/\/agenciainfra.com\/blog\/#organization\"},\"image\":{\"@id\":\"https:\/\/agenciainfra.com\/blog\/nao-ha-proposta-aceitavel-para-reprogramacao-de-obras-da-br-163-mt-diz-secretaria-do-minfra\/#primaryimage\"},\"thumbnailUrl\":\"https:\/\/agenciainfra.com\/blog\/wp-content\/uploads\/2020\/02\/natalia-marcassa-foto-geraldo-magela-agencia-senado.jpg\",\"keywords\":[\"3\u00aa Etapa de Concess\u00f5es\",\"ANTT\",\"BR-163\/MT\",\"Fator D\",\"GO Associados\",\"Minist\u00e9rio da Infraestrutura\",\"Nat\u00e1lia Marcassa\",\"Odebrecht Transport\"],\"articleSection\":[\"iNFRATransporte\"],\"inLanguage\":\"pt-BR\",\"copyrightYear\":\"2020\",\"copyrightHolder\":{\"@id\":\"https:\/\/agenciainfra.com\/blog\/#organization\"}},{\"@type\":\"WebPage\",\"@id\":\"https:\/\/agenciainfra.com\/blog\/nao-ha-proposta-aceitavel-para-reprogramacao-de-obras-da-br-163-mt-diz-secretaria-do-minfra\/\",\"url\":\"https:\/\/agenciainfra.com\/blog\/nao-ha-proposta-aceitavel-para-reprogramacao-de-obras-da-br-163-mt-diz-secretaria-do-minfra\/\",\"name\":\"N\u00e3o h\u00e1 \\\"proposta aceit\u00e1vel\\\" para reprograma\u00e7\u00e3o de obras da BR-163\/MT, diz secret\u00e1ria do Minfra - Ag\u00eancia iNFRA\",\"isPartOf\":{\"@id\":\"https:\/\/agenciainfra.com\/blog\/#website\"},\"primaryImageOfPage\":{\"@id\":\"https:\/\/agenciainfra.com\/blog\/nao-ha-proposta-aceitavel-para-reprogramacao-de-obras-da-br-163-mt-diz-secretaria-do-minfra\/#primaryimage\"},\"image\":{\"@id\":\"https:\/\/agenciainfra.com\/blog\/nao-ha-proposta-aceitavel-para-reprogramacao-de-obras-da-br-163-mt-diz-secretaria-do-minfra\/#primaryimage\"},\"thumbnailUrl\":\"https:\/\/agenciainfra.com\/blog\/wp-content\/uploads\/2020\/02\/natalia-marcassa-foto-geraldo-magela-agencia-senado.jpg\",\"datePublished\":\"2020-02-23T11:00:34+00:00\",\"breadcrumb\":{\"@id\":\"https:\/\/agenciainfra.com\/blog\/nao-ha-proposta-aceitavel-para-reprogramacao-de-obras-da-br-163-mt-diz-secretaria-do-minfra\/#breadcrumb\"},\"inLanguage\":\"pt-BR\",\"potentialAction\":[{\"@type\":\"ReadAction\",\"target\":[\"https:\/\/agenciainfra.com\/blog\/nao-ha-proposta-aceitavel-para-reprogramacao-de-obras-da-br-163-mt-diz-secretaria-do-minfra\/\"]}]},{\"@type\":\"ImageObject\",\"inLanguage\":\"pt-BR\",\"@id\":\"https:\/\/agenciainfra.com\/blog\/nao-ha-proposta-aceitavel-para-reprogramacao-de-obras-da-br-163-mt-diz-secretaria-do-minfra\/#primaryimage\",\"url\":\"https:\/\/agenciainfra.com\/blog\/wp-content\/uploads\/2020\/02\/natalia-marcassa-foto-geraldo-magela-agencia-senado.jpg\",\"contentUrl\":\"https:\/\/agenciainfra.com\/blog\/wp-content\/uploads\/2020\/02\/natalia-marcassa-foto-geraldo-magela-agencia-senado.jpg\",\"width\":1280,\"height\":850},{\"@type\":\"BreadcrumbList\",\"@id\":\"https:\/\/agenciainfra.com\/blog\/nao-ha-proposta-aceitavel-para-reprogramacao-de-obras-da-br-163-mt-diz-secretaria-do-minfra\/#breadcrumb\",\"itemListElement\":[{\"@type\":\"ListItem\",\"position\":1,\"name\":\"In\u00edcio\",\"item\":\"https:\/\/agenciainfra.com\/blog\/\"},{\"@type\":\"ListItem\",\"position\":2,\"name\":\"N\u00e3o h\u00e1 &#8220;proposta aceit\u00e1vel&#8221; para reprograma\u00e7\u00e3o de obras da BR-163\/MT, diz secret\u00e1ria do Minfra\"}]},{\"@type\":\"WebSite\",\"@id\":\"https:\/\/agenciainfra.com\/blog\/#website\",\"url\":\"https:\/\/agenciainfra.com\/blog\/\",\"name\":\"Ag\u00eancia iNFRA\",\"description\":\"Multiplataforma de informa\u00e7\u00e3o jornal\u00edstica refer\u00eancia na \u00e1rea de infraestrutura no Brasil!\",\"publisher\":{\"@id\":\"https:\/\/agenciainfra.com\/blog\/#organization\"},\"potentialAction\":[{\"@type\":\"SearchAction\",\"target\":{\"@type\":\"EntryPoint\",\"urlTemplate\":\"https:\/\/agenciainfra.com\/blog\/?s={search_term_string}\"},\"query-input\":{\"@type\":\"PropertyValueSpecification\",\"valueRequired\":true,\"valueName\":\"search_term_string\"}}],\"inLanguage\":\"pt-BR\"},{\"@type\":\"Organization\",\"@id\":\"https:\/\/agenciainfra.com\/blog\/#organization\",\"name\":\"Ag\u00eancia iNFRA\",\"url\":\"https:\/\/agenciainfra.com\/blog\/\",\"logo\":{\"@type\":\"ImageObject\",\"inLanguage\":\"pt-BR\",\"@id\":\"https:\/\/agenciainfra.com\/blog\/#\/schema\/logo\/image\/\",\"url\":\"https:\/\/agenciainfra.com\/blog\/wp-content\/uploads\/2023\/09\/iNFRA_5-e1761735885940.png\",\"contentUrl\":\"https:\/\/agenciainfra.com\/blog\/wp-content\/uploads\/2023\/09\/iNFRA_5-e1761735885940.png\",\"width\":1672,\"height\":454,\"caption\":\"Ag\u00eancia iNFRA\"},\"image\":{\"@id\":\"https:\/\/agenciainfra.com\/blog\/#\/schema\/logo\/image\/\"},\"sameAs\":[\"https:\/\/www.facebook.com\/ageninfra\",\"https:\/\/x.com\/agencia_infra\",\"https:\/\/www.linkedin.com\/company\/ag\u00eanciainfra\/\",\"https:\/\/www.instagram.com\/agenciainfra\/\"]},{\"@type\":\"Person\",\"@id\":\"https:\/\/agenciainfra.com\/blog\/#\/schema\/person\/04dbb79bd6d8951f063da71f3e4c1eb1\",\"name\":\"Rodrigo Zuquim\",\"image\":{\"@type\":\"ImageObject\",\"inLanguage\":\"pt-BR\",\"@id\":\"https:\/\/agenciainfra.com\/blog\/#\/schema\/person\/image\/\",\"url\":\"https:\/\/secure.gravatar.com\/avatar\/594abfe82761d620726242ff34ca472a705a4b97f16c790053a6b4c4035274d0?s=96&d=mm&r=g\",\"contentUrl\":\"https:\/\/secure.gravatar.com\/avatar\/594abfe82761d620726242ff34ca472a705a4b97f16c790053a6b4c4035274d0?s=96&d=mm&r=g\",\"caption\":\"Rodrigo Zuquim\"},\"url\":\"https:\/\/agenciainfra.com\/blog\/author\/rodrigo-zuquim\/\"}]}<\/script>\n<!-- \/ Yoast SEO Premium plugin. -->","yoast_head_json":{"title":"N\u00e3o h\u00e1 \"proposta aceit\u00e1vel\" para reprograma\u00e7\u00e3o de obras da BR-163\/MT, diz secret\u00e1ria do Minfra - Ag\u00eancia iNFRA","robots":{"index":"index","follow":"follow","max-snippet":"max-snippet:-1","max-image-preview":"max-image-preview:large","max-video-preview":"max-video-preview:-1"},"canonical":"https:\/\/agenciainfra.com\/blog\/nao-ha-proposta-aceitavel-para-reprogramacao-de-obras-da-br-163-mt-diz-secretaria-do-minfra\/","og_locale":"pt_BR","og_type":"article","og_title":"N\u00e3o h\u00e1 \"proposta aceit\u00e1vel\" para reprograma\u00e7\u00e3o de obras da BR-163\/MT, diz secret\u00e1ria do Minfra","og_description":"Dimmi Amora e Tales Silveira, da\u00a0Ag\u00eancia iNFRA A secret\u00e1ria de Fomento, Planejamento e Parcerias do Minist\u00e9rio da Infraestrutura, Nat\u00e1lia Marcassa, afirmou que o governo nunca recebeu por parte das concession\u00e1rias de rodovias da 3\u00aa Etapa uma proposta &#8220;aceit\u00e1vel&#8221; do ponto de vista legal para a reprograma\u00e7\u00e3o das obras dos contratos de concess\u00e3o. Segundo ela, n\u00e3o [&hellip;]","og_url":"https:\/\/agenciainfra.com\/blog\/nao-ha-proposta-aceitavel-para-reprogramacao-de-obras-da-br-163-mt-diz-secretaria-do-minfra\/","og_site_name":"Ag\u00eancia iNFRA","article_publisher":"https:\/\/www.facebook.com\/ageninfra","article_published_time":"2020-02-23T11:00:34+00:00","og_image":[{"width":1280,"height":850,"url":"https:\/\/agenciainfra.com\/blog\/wp-content\/uploads\/2020\/02\/natalia-marcassa-foto-geraldo-magela-agencia-senado.jpg","type":"image\/jpeg"}],"author":"Rodrigo Zuquim","twitter_card":"summary_large_image","twitter_creator":"@agencia_infra","twitter_site":"@agencia_infra","twitter_misc":{"Escrito por":"Rodrigo Zuquim","Est. tempo de leitura":"3 minutos"},"schema":{"@context":"https:\/\/schema.org","@graph":[{"@type":"Article","@id":"https:\/\/agenciainfra.com\/blog\/nao-ha-proposta-aceitavel-para-reprogramacao-de-obras-da-br-163-mt-diz-secretaria-do-minfra\/#article","isPartOf":{"@id":"https:\/\/agenciainfra.com\/blog\/nao-ha-proposta-aceitavel-para-reprogramacao-de-obras-da-br-163-mt-diz-secretaria-do-minfra\/"},"author":{"name":"Rodrigo Zuquim","@id":"https:\/\/agenciainfra.com\/blog\/#\/schema\/person\/04dbb79bd6d8951f063da71f3e4c1eb1"},"headline":"N\u00e3o h\u00e1 &#8220;proposta aceit\u00e1vel&#8221; para reprograma\u00e7\u00e3o de obras da BR-163\/MT, diz secret\u00e1ria do Minfra","datePublished":"2020-02-23T11:00:34+00:00","mainEntityOfPage":{"@id":"https:\/\/agenciainfra.com\/blog\/nao-ha-proposta-aceitavel-para-reprogramacao-de-obras-da-br-163-mt-diz-secretaria-do-minfra\/"},"wordCount":540,"publisher":{"@id":"https:\/\/agenciainfra.com\/blog\/#organization"},"image":{"@id":"https:\/\/agenciainfra.com\/blog\/nao-ha-proposta-aceitavel-para-reprogramacao-de-obras-da-br-163-mt-diz-secretaria-do-minfra\/#primaryimage"},"thumbnailUrl":"https:\/\/agenciainfra.com\/blog\/wp-content\/uploads\/2020\/02\/natalia-marcassa-foto-geraldo-magela-agencia-senado.jpg","keywords":["3\u00aa Etapa de Concess\u00f5es","ANTT","BR-163\/MT","Fator D","GO Associados","Minist\u00e9rio da Infraestrutura","Nat\u00e1lia Marcassa","Odebrecht Transport"],"articleSection":["iNFRATransporte"],"inLanguage":"pt-BR","copyrightYear":"2020","copyrightHolder":{"@id":"https:\/\/agenciainfra.com\/blog\/#organization"}},{"@type":"WebPage","@id":"https:\/\/agenciainfra.com\/blog\/nao-ha-proposta-aceitavel-para-reprogramacao-de-obras-da-br-163-mt-diz-secretaria-do-minfra\/","url":"https:\/\/agenciainfra.com\/blog\/nao-ha-proposta-aceitavel-para-reprogramacao-de-obras-da-br-163-mt-diz-secretaria-do-minfra\/","name":"N\u00e3o h\u00e1 \"proposta aceit\u00e1vel\" para reprograma\u00e7\u00e3o de obras da BR-163\/MT, diz secret\u00e1ria do Minfra - Ag\u00eancia iNFRA","isPartOf":{"@id":"https:\/\/agenciainfra.com\/blog\/#website"},"primaryImageOfPage":{"@id":"https:\/\/agenciainfra.com\/blog\/nao-ha-proposta-aceitavel-para-reprogramacao-de-obras-da-br-163-mt-diz-secretaria-do-minfra\/#primaryimage"},"image":{"@id":"https:\/\/agenciainfra.com\/blog\/nao-ha-proposta-aceitavel-para-reprogramacao-de-obras-da-br-163-mt-diz-secretaria-do-minfra\/#primaryimage"},"thumbnailUrl":"https:\/\/agenciainfra.com\/blog\/wp-content\/uploads\/2020\/02\/natalia-marcassa-foto-geraldo-magela-agencia-senado.jpg","datePublished":"2020-02-23T11:00:34+00:00","breadcrumb":{"@id":"https:\/\/agenciainfra.com\/blog\/nao-ha-proposta-aceitavel-para-reprogramacao-de-obras-da-br-163-mt-diz-secretaria-do-minfra\/#breadcrumb"},"inLanguage":"pt-BR","potentialAction":[{"@type":"ReadAction","target":["https:\/\/agenciainfra.com\/blog\/nao-ha-proposta-aceitavel-para-reprogramacao-de-obras-da-br-163-mt-diz-secretaria-do-minfra\/"]}]},{"@type":"ImageObject","inLanguage":"pt-BR","@id":"https:\/\/agenciainfra.com\/blog\/nao-ha-proposta-aceitavel-para-reprogramacao-de-obras-da-br-163-mt-diz-secretaria-do-minfra\/#primaryimage","url":"https:\/\/agenciainfra.com\/blog\/wp-content\/uploads\/2020\/02\/natalia-marcassa-foto-geraldo-magela-agencia-senado.jpg","contentUrl":"https:\/\/agenciainfra.com\/blog\/wp-content\/uploads\/2020\/02\/natalia-marcassa-foto-geraldo-magela-agencia-senado.jpg","width":1280,"height":850},{"@type":"BreadcrumbList","@id":"https:\/\/agenciainfra.com\/blog\/nao-ha-proposta-aceitavel-para-reprogramacao-de-obras-da-br-163-mt-diz-secretaria-do-minfra\/#breadcrumb","itemListElement":[{"@type":"ListItem","position":1,"name":"In\u00edcio","item":"https:\/\/agenciainfra.com\/blog\/"},{"@type":"ListItem","position":2,"name":"N\u00e3o h\u00e1 &#8220;proposta aceit\u00e1vel&#8221; para reprograma\u00e7\u00e3o de obras da BR-163\/MT, diz secret\u00e1ria do Minfra"}]},{"@type":"WebSite","@id":"https:\/\/agenciainfra.com\/blog\/#website","url":"https:\/\/agenciainfra.com\/blog\/","name":"Ag\u00eancia iNFRA","description":"Multiplataforma de informa\u00e7\u00e3o jornal\u00edstica refer\u00eancia na \u00e1rea de infraestrutura no Brasil!","publisher":{"@id":"https:\/\/agenciainfra.com\/blog\/#organization"},"potentialAction":[{"@type":"SearchAction","target":{"@type":"EntryPoint","urlTemplate":"https:\/\/agenciainfra.com\/blog\/?s={search_term_string}"},"query-input":{"@type":"PropertyValueSpecification","valueRequired":true,"valueName":"search_term_string"}}],"inLanguage":"pt-BR"},{"@type":"Organization","@id":"https:\/\/agenciainfra.com\/blog\/#organization","name":"Ag\u00eancia iNFRA","url":"https:\/\/agenciainfra.com\/blog\/","logo":{"@type":"ImageObject","inLanguage":"pt-BR","@id":"https:\/\/agenciainfra.com\/blog\/#\/schema\/logo\/image\/","url":"https:\/\/agenciainfra.com\/blog\/wp-content\/uploads\/2023\/09\/iNFRA_5-e1761735885940.png","contentUrl":"https:\/\/agenciainfra.com\/blog\/wp-content\/uploads\/2023\/09\/iNFRA_5-e1761735885940.png","width":1672,"height":454,"caption":"Ag\u00eancia iNFRA"},"image":{"@id":"https:\/\/agenciainfra.com\/blog\/#\/schema\/logo\/image\/"},"sameAs":["https:\/\/www.facebook.com\/ageninfra","https:\/\/x.com\/agencia_infra","https:\/\/www.linkedin.com\/company\/ag\u00eanciainfra\/","https:\/\/www.instagram.com\/agenciainfra\/"]},{"@type":"Person","@id":"https:\/\/agenciainfra.com\/blog\/#\/schema\/person\/04dbb79bd6d8951f063da71f3e4c1eb1","name":"Rodrigo Zuquim","image":{"@type":"ImageObject","inLanguage":"pt-BR","@id":"https:\/\/agenciainfra.com\/blog\/#\/schema\/person\/image\/","url":"https:\/\/secure.gravatar.com\/avatar\/594abfe82761d620726242ff34ca472a705a4b97f16c790053a6b4c4035274d0?s=96&d=mm&r=g","contentUrl":"https:\/\/secure.gravatar.com\/avatar\/594abfe82761d620726242ff34ca472a705a4b97f16c790053a6b4c4035274d0?s=96&d=mm&r=g","caption":"Rodrigo Zuquim"},"url":"https:\/\/agenciainfra.com\/blog\/author\/rodrigo-zuquim\/"}]}},"_links":{"self":[{"href":"https:\/\/agenciainfra.com\/blog\/wp-json\/wp\/v2\/posts\/4456","targetHints":{"allow":["GET"]}}],"collection":[{"href":"https:\/\/agenciainfra.com\/blog\/wp-json\/wp\/v2\/posts"}],"about":[{"href":"https:\/\/agenciainfra.com\/blog\/wp-json\/wp\/v2\/types\/post"}],"author":[{"embeddable":true,"href":"https:\/\/agenciainfra.com\/blog\/wp-json\/wp\/v2\/users\/9"}],"replies":[{"embeddable":true,"href":"https:\/\/agenciainfra.com\/blog\/wp-json\/wp\/v2\/comments?post=4456"}],"version-history":[{"count":0,"href":"https:\/\/agenciainfra.com\/blog\/wp-json\/wp\/v2\/posts\/4456\/revisions"}],"wp:featuredmedia":[{"embeddable":true,"href":"https:\/\/agenciainfra.com\/blog\/wp-json\/wp\/v2\/media\/4459"}],"wp:attachment":[{"href":"https:\/\/agenciainfra.com\/blog\/wp-json\/wp\/v2\/media?parent=4456"}],"wp:term":[{"taxonomy":"category","embeddable":true,"href":"https:\/\/agenciainfra.com\/blog\/wp-json\/wp\/v2\/categories?post=4456"},{"taxonomy":"post_tag","embeddable":true,"href":"https:\/\/agenciainfra.com\/blog\/wp-json\/wp\/v2\/tags?post=4456"}],"curies":[{"name":"wp","href":"https:\/\/api.w.org\/{rel}","templated":true}]}}