{"id":4492,"date":"2020-03-04T08:00:18","date_gmt":"2020-03-04T11:00:18","guid":{"rendered":"http:\/\/www.agenciainfra.com\/blog\/?p=4492"},"modified":"2020-03-02T18:25:57","modified_gmt":"2020-03-02T21:25:57","slug":"tup-apoiara-desenvolvimento-da-base-espacial-de-alcantara-ma-e-pode-ser-opcao-da-vale","status":"publish","type":"post","link":"https:\/\/agenciainfra.com\/blog\/tup-apoiara-desenvolvimento-da-base-espacial-de-alcantara-ma-e-pode-ser-opcao-da-vale\/","title":{"rendered":"TUP apoiar\u00e1 desenvolvimento da base espacial de Alc\u00e2ntara (MA) e pode ser op\u00e7\u00e3o da Vale"},"content":{"rendered":"<div>\n<h5 style=\"text-align: right;\"><strong>Dimmi Amora, da\u00a0Ag\u00eancia iNFRA<\/strong><\/h5>\n<p dir=\"ltr\">O novo acordo para o uso da Base Espacial de Alc\u00e2ntara (MA) poder\u00e1 virar uma nova alavanca para o TPA (Terminal Portu\u00e1rio de Alc\u00e2ntara), projeto que trabalha para se tornar o maior terminal privado do pa\u00eds na pr\u00f3xima d\u00e9cada, com investimentos estimados em mais de R$ 10 bilh\u00f5es.<\/p>\n<p>&#8220;Estamos tendo reuni\u00f5es com o CLA (Centro de Lan\u00e7amento de Alc\u00e2ntara) e com a AEB (Ag\u00eancia Espacial Brasileira). Estamos finalizando uma s\u00e9rie de coisas. H\u00e1 muitas coisas eminentes sobre o tema&#8221;, afirmou Paulo Salvador, diretor-executivo da GPM (Gr\u00e3o-Par\u00e1 Multimodal), respons\u00e1vel pelo projeto.<\/p>\n<p>Segundo ele, o projeto n\u00e3o contava com a Base de Alc\u00e2ntara, pela falta de defini\u00e7\u00e3o em rela\u00e7\u00e3o ao que seria feito com a \u00e1rea. Mas, ap\u00f3s o Acordo de Salvaguardas Tecnol\u00f3gicas entre Brasil e Estados Unidos, que prev\u00ea o lan\u00e7amento de foguetes, espa\u00e7onaves e sat\u00e9lites a partir da base brasileira mediante remunera\u00e7\u00e3o, houve uma mudan\u00e7a de planos.<\/p>\n<p>&#8220;Isso vai dar uma outra proje\u00e7\u00e3o ao TPA, outra pertin\u00eancia em termos do desenvolvimento nacional&#8221; disse Salvador.<\/p>\n<p>Nuno Martins, diretor da Gr\u00e3o-Par\u00e1, afirmou que ser a base para recep\u00e7\u00e3o de equipamentos para o CLA poder\u00e1 dar proje\u00e7\u00e3o internacional para a unidade. Por isso, a empresa est\u00e1 em tratativas com agentes p\u00fablicos para produzir protocolos para a utiliza\u00e7\u00e3o e planejar o desenvolvimento do porto e da regi\u00e3o considerando o desenvolvimento do programa espacial do Brasil.<\/p>\n<p>O terminal portu\u00e1rio est\u00e1 planejado para ser multimodal, com possibilidade de uma retro\u00e1rea superior a 300 milh\u00f5es de metros quadrados, calado natural m\u00ednimo de 25 metros e com acessos f\u00e1ceis por ferrovia e hidrovia. Al\u00e9m disso, fica a poucos quil\u00f4metros da base.<\/p>\n<p>Como mostrou\u00a0<a href=\"https:\/\/agenciainfra.us14.list-manage.com\/track\/click?u=d460dd1bcf9ba0ae040e1fc0f&amp;id=43d2c2088e&amp;e=c099169394\" target=\"_blank\" rel=\"noopener noreferrer\" data-saferedirecturl=\"https:\/\/www.google.com\/url?q=https:\/\/agenciainfra.us14.list-manage.com\/track\/click?u%3Dd460dd1bcf9ba0ae040e1fc0f%26id%3D43d2c2088e%26e%3Dc099169394&amp;source=gmail&amp;ust=1583263134634000&amp;usg=AFQjCNGUKeoYpkqyRI5xfSI1jIyc05Hjsw\">reportagem da\u00a0<strong>Ag\u00eancia iNFRA<\/strong>\u00a0de agosto de 2019<\/a>, numa primeira fase o terminal ser\u00e1 capaz de movimentar 140 milh\u00f5es de toneladas\/ano em quatro ber\u00e7os. As principais cargas projetadas eram as de min\u00e9rio de ferro e de gran\u00e9is agr\u00edcolas. Agora, aumentam as possibilidades para outros tipos de carga no terminal.<\/p>\n<p>Segundo Salvador, os governos federal e do Maranh\u00e3o mostraram interesse pelo projeto portu\u00e1rio que foi apresentado. Com o novo projeto para a Base de Alc\u00e2ntara, Salvador acredita que ser\u00e1 ainda mais estrat\u00e9gico para o pa\u00eds.<\/p>\n<p>Facilitar\u00e1 ainda o modelo de estrutura\u00e7\u00e3o de projeto, que est\u00e1 sendo trabalhado como uma esp\u00e9cie de condom\u00ednio, em que diferentes grupos de interessados em explorar um determinado servi\u00e7o seriam os controladores dessas atividades.<\/p>\n<p>O diretor-executivo afirmou que no momento o projeto est\u00e1 com consultoria contratada para iniciar os trabalhos de campo para o licenciamento ambiental do TPA, que est\u00e1 dentro da previs\u00e3o de realiza\u00e7\u00e3o.<\/p>\n<p>O Minist\u00e9rio da Infraestrutura tamb\u00e9m sinalizou com a possibilidade de incluir o projeto no PPI (Programa de Parcerias de Investimentos)\u00a0para que ele possa ganhar prioridade na an\u00e1lise dos \u00f3rg\u00e3os p\u00fablicos.<\/p>\n<p><strong>Op\u00e7\u00e3o para Caraj\u00e1s<\/strong><br \/>\nA principal carga prevista para o TPA \u00e9 o min\u00e9rio de ferro, extra\u00eddo das minas da Vale na regi\u00e3o de Caraj\u00e1s (PA). Recente an\u00e1lise sobre a produ\u00e7\u00e3o de min\u00e9rio de ferro no longo prazo feita consultoria internacional CRU aponta que o terminal privado \u00e9 uma op\u00e7\u00e3o vantajosa para a Vale em rela\u00e7\u00e3o a outros terminais, inclu\u00eddo o dela mesma na Ponta da Madeira (MA).<\/p>\n<p>De acordo com o trabalho, a principal vantagem seria a profundidade do terminal que alcan\u00e7a 25 metros, que poderia receber, sem a necessidade de dragagem ou aproxima\u00e7\u00e3o em canal, navios de grande calado como os navios Valemax de 400 mil toneladas.<\/p>\n<p>Na semana passada, um dos Valemax dessa categoria, usado pela empresa para levar min\u00e9rio para a China, sofreu avarias no casco ao passar no canal de aproxima\u00e7\u00e3o da Ponta da Madeira e est\u00e1 encalhado a 100 km da costa maranhense, com a possibilidade de perder a carga de min\u00e9rio e derramar o produto e combust\u00edvel, no que poder\u00e1 se tornar um grande desastre ambiental.<\/p>\n<\/div>\n","protected":false},"excerpt":{"rendered":"<p>Dimmi Amora, da\u00a0Ag\u00eancia iNFRA O novo acordo para o uso da Base Espacial de Alc\u00e2ntara (MA) poder\u00e1 virar uma nova alavanca para o TPA (Terminal Portu\u00e1rio de Alc\u00e2ntara), projeto que trabalha para se tornar o maior terminal privado do pa\u00eds na pr\u00f3xima d\u00e9cada, com investimentos estimados em mais de R$ 10 bilh\u00f5es. &#8220;Estamos tendo reuni\u00f5es [&hellip;]<\/p>\n","protected":false},"author":9,"featured_media":4493,"comment_status":"closed","ping_status":"closed","sticky":false,"template":"","format":"standard","meta":{"_monsterinsights_skip_tracking":false,"_monsterinsights_sitenote_active":false,"_monsterinsights_sitenote_note":"","_monsterinsights_sitenote_category":0,"footnotes":""},"categories":[7],"tags":[1747,1745,1746,1195,1749,1748,1194,83],"class_list":["post-4492","post","type-post","status-publish","format-standard","has-post-thumbnail","hentry","category-infratransporte","tag-agencia-espacial-brasileira","tag-base-espacial-de-alcantara","tag-centro-de-lancamento-de-alcantara","tag-grao-para-multimodal","tag-nuno-martins","tag-paulo-salvador","tag-terminal-portuario-de-alcantara","tag-vale"],"yoast_head":"<!-- This site is optimized with the Yoast SEO Premium plugin v25.4 (Yoast SEO v26.0) - https:\/\/yoast.com\/wordpress\/plugins\/seo\/ -->\n<title>TUP apoiar\u00e1 desenvolvimento da base espacial de Alc\u00e2ntara (MA) e pode ser op\u00e7\u00e3o da Vale - Ag\u00eancia iNFRA<\/title>\n<meta name=\"robots\" content=\"index, follow, max-snippet:-1, max-image-preview:large, max-video-preview:-1\" \/>\n<link rel=\"canonical\" href=\"https:\/\/agenciainfra.com\/blog\/tup-apoiara-desenvolvimento-da-base-espacial-de-alcantara-ma-e-pode-ser-opcao-da-vale\/\" \/>\n<meta property=\"og:locale\" content=\"pt_BR\" \/>\n<meta property=\"og:type\" content=\"article\" \/>\n<meta property=\"og:title\" content=\"TUP apoiar\u00e1 desenvolvimento da base espacial de Alc\u00e2ntara (MA) e pode ser op\u00e7\u00e3o da Vale\" \/>\n<meta property=\"og:description\" content=\"Dimmi Amora, da\u00a0Ag\u00eancia iNFRA O novo acordo para o uso da Base Espacial de Alc\u00e2ntara (MA) poder\u00e1 virar uma nova alavanca para o TPA (Terminal Portu\u00e1rio de Alc\u00e2ntara), projeto que trabalha para se tornar o maior terminal privado do pa\u00eds na pr\u00f3xima d\u00e9cada, com investimentos estimados em mais de R$ 10 bilh\u00f5es. &#8220;Estamos tendo reuni\u00f5es [&hellip;]\" \/>\n<meta property=\"og:url\" content=\"https:\/\/agenciainfra.com\/blog\/tup-apoiara-desenvolvimento-da-base-espacial-de-alcantara-ma-e-pode-ser-opcao-da-vale\/\" \/>\n<meta property=\"og:site_name\" content=\"Ag\u00eancia iNFRA\" \/>\n<meta property=\"article:publisher\" content=\"https:\/\/www.facebook.com\/ageninfra\" \/>\n<meta property=\"article:published_time\" content=\"2020-03-04T11:00:18+00:00\" \/>\n<meta property=\"og:image\" content=\"https:\/\/agenciainfra.com\/blog\/wp-content\/uploads\/2020\/03\/base-de-alcantara-foto-valter-campanato-agencia-brasil.jpg\" \/>\n\t<meta property=\"og:image:width\" content=\"1170\" \/>\n\t<meta property=\"og:image:height\" content=\"700\" \/>\n\t<meta property=\"og:image:type\" content=\"image\/jpeg\" \/>\n<meta name=\"author\" content=\"Rodrigo Zuquim\" \/>\n<meta name=\"twitter:card\" content=\"summary_large_image\" \/>\n<meta name=\"twitter:creator\" content=\"@agencia_infra\" \/>\n<meta name=\"twitter:site\" content=\"@agencia_infra\" \/>\n<meta name=\"twitter:label1\" content=\"Escrito por\" \/>\n\t<meta name=\"twitter:data1\" content=\"Rodrigo Zuquim\" \/>\n\t<meta name=\"twitter:label2\" content=\"Est. tempo de leitura\" \/>\n\t<meta name=\"twitter:data2\" content=\"3 minutos\" \/>\n<script type=\"application\/ld+json\" class=\"yoast-schema-graph\">{\"@context\":\"https:\/\/schema.org\",\"@graph\":[{\"@type\":\"Article\",\"@id\":\"https:\/\/agenciainfra.com\/blog\/tup-apoiara-desenvolvimento-da-base-espacial-de-alcantara-ma-e-pode-ser-opcao-da-vale\/#article\",\"isPartOf\":{\"@id\":\"https:\/\/agenciainfra.com\/blog\/tup-apoiara-desenvolvimento-da-base-espacial-de-alcantara-ma-e-pode-ser-opcao-da-vale\/\"},\"author\":{\"name\":\"Rodrigo Zuquim\",\"@id\":\"https:\/\/agenciainfra.com\/blog\/#\/schema\/person\/04dbb79bd6d8951f063da71f3e4c1eb1\"},\"headline\":\"TUP apoiar\u00e1 desenvolvimento da base espacial de Alc\u00e2ntara (MA) e pode ser op\u00e7\u00e3o da Vale\",\"datePublished\":\"2020-03-04T11:00:18+00:00\",\"mainEntityOfPage\":{\"@id\":\"https:\/\/agenciainfra.com\/blog\/tup-apoiara-desenvolvimento-da-base-espacial-de-alcantara-ma-e-pode-ser-opcao-da-vale\/\"},\"wordCount\":710,\"publisher\":{\"@id\":\"https:\/\/agenciainfra.com\/blog\/#organization\"},\"image\":{\"@id\":\"https:\/\/agenciainfra.com\/blog\/tup-apoiara-desenvolvimento-da-base-espacial-de-alcantara-ma-e-pode-ser-opcao-da-vale\/#primaryimage\"},\"thumbnailUrl\":\"https:\/\/agenciainfra.com\/blog\/wp-content\/uploads\/2020\/03\/base-de-alcantara-foto-valter-campanato-agencia-brasil.jpg\",\"keywords\":[\"Ag\u00eancia Espacial Brasileira\",\"Base Espacial de Alc\u00e2ntara\",\"Centro de Lan\u00e7amento de Alc\u00e2ntara\",\"Gr\u00e3o-Par\u00e1 Multimodal\",\"Nuno Martins\",\"Paulo Salvador\",\"Terminal Portu\u00e1rio de Alc\u00e2ntara\",\"Vale\"],\"articleSection\":[\"iNFRATransporte\"],\"inLanguage\":\"pt-BR\",\"copyrightYear\":\"2020\",\"copyrightHolder\":{\"@id\":\"https:\/\/agenciainfra.com\/blog\/#organization\"}},{\"@type\":\"WebPage\",\"@id\":\"https:\/\/agenciainfra.com\/blog\/tup-apoiara-desenvolvimento-da-base-espacial-de-alcantara-ma-e-pode-ser-opcao-da-vale\/\",\"url\":\"https:\/\/agenciainfra.com\/blog\/tup-apoiara-desenvolvimento-da-base-espacial-de-alcantara-ma-e-pode-ser-opcao-da-vale\/\",\"name\":\"TUP apoiar\u00e1 desenvolvimento da base espacial de Alc\u00e2ntara (MA) e pode ser op\u00e7\u00e3o da Vale - Ag\u00eancia iNFRA\",\"isPartOf\":{\"@id\":\"https:\/\/agenciainfra.com\/blog\/#website\"},\"primaryImageOfPage\":{\"@id\":\"https:\/\/agenciainfra.com\/blog\/tup-apoiara-desenvolvimento-da-base-espacial-de-alcantara-ma-e-pode-ser-opcao-da-vale\/#primaryimage\"},\"image\":{\"@id\":\"https:\/\/agenciainfra.com\/blog\/tup-apoiara-desenvolvimento-da-base-espacial-de-alcantara-ma-e-pode-ser-opcao-da-vale\/#primaryimage\"},\"thumbnailUrl\":\"https:\/\/agenciainfra.com\/blog\/wp-content\/uploads\/2020\/03\/base-de-alcantara-foto-valter-campanato-agencia-brasil.jpg\",\"datePublished\":\"2020-03-04T11:00:18+00:00\",\"breadcrumb\":{\"@id\":\"https:\/\/agenciainfra.com\/blog\/tup-apoiara-desenvolvimento-da-base-espacial-de-alcantara-ma-e-pode-ser-opcao-da-vale\/#breadcrumb\"},\"inLanguage\":\"pt-BR\",\"potentialAction\":[{\"@type\":\"ReadAction\",\"target\":[\"https:\/\/agenciainfra.com\/blog\/tup-apoiara-desenvolvimento-da-base-espacial-de-alcantara-ma-e-pode-ser-opcao-da-vale\/\"]}]},{\"@type\":\"ImageObject\",\"inLanguage\":\"pt-BR\",\"@id\":\"https:\/\/agenciainfra.com\/blog\/tup-apoiara-desenvolvimento-da-base-espacial-de-alcantara-ma-e-pode-ser-opcao-da-vale\/#primaryimage\",\"url\":\"https:\/\/agenciainfra.com\/blog\/wp-content\/uploads\/2020\/03\/base-de-alcantara-foto-valter-campanato-agencia-brasil.jpg\",\"contentUrl\":\"https:\/\/agenciainfra.com\/blog\/wp-content\/uploads\/2020\/03\/base-de-alcantara-foto-valter-campanato-agencia-brasil.jpg\",\"width\":1170,\"height\":700},{\"@type\":\"BreadcrumbList\",\"@id\":\"https:\/\/agenciainfra.com\/blog\/tup-apoiara-desenvolvimento-da-base-espacial-de-alcantara-ma-e-pode-ser-opcao-da-vale\/#breadcrumb\",\"itemListElement\":[{\"@type\":\"ListItem\",\"position\":1,\"name\":\"In\u00edcio\",\"item\":\"https:\/\/agenciainfra.com\/blog\/\"},{\"@type\":\"ListItem\",\"position\":2,\"name\":\"TUP apoiar\u00e1 desenvolvimento da base espacial de Alc\u00e2ntara (MA) e pode ser op\u00e7\u00e3o da Vale\"}]},{\"@type\":\"WebSite\",\"@id\":\"https:\/\/agenciainfra.com\/blog\/#website\",\"url\":\"https:\/\/agenciainfra.com\/blog\/\",\"name\":\"Ag\u00eancia iNFRA\",\"description\":\"Multiplataforma de informa\u00e7\u00e3o jornal\u00edstica refer\u00eancia na \u00e1rea de infraestrutura no Brasil!\",\"publisher\":{\"@id\":\"https:\/\/agenciainfra.com\/blog\/#organization\"},\"potentialAction\":[{\"@type\":\"SearchAction\",\"target\":{\"@type\":\"EntryPoint\",\"urlTemplate\":\"https:\/\/agenciainfra.com\/blog\/?s={search_term_string}\"},\"query-input\":{\"@type\":\"PropertyValueSpecification\",\"valueRequired\":true,\"valueName\":\"search_term_string\"}}],\"inLanguage\":\"pt-BR\"},{\"@type\":\"Organization\",\"@id\":\"https:\/\/agenciainfra.com\/blog\/#organization\",\"name\":\"Ag\u00eancia iNFRA\",\"url\":\"https:\/\/agenciainfra.com\/blog\/\",\"logo\":{\"@type\":\"ImageObject\",\"inLanguage\":\"pt-BR\",\"@id\":\"https:\/\/agenciainfra.com\/blog\/#\/schema\/logo\/image\/\",\"url\":\"https:\/\/agenciainfra.com\/blog\/wp-content\/uploads\/2023\/09\/iNFRA_5-e1761735885940.png\",\"contentUrl\":\"https:\/\/agenciainfra.com\/blog\/wp-content\/uploads\/2023\/09\/iNFRA_5-e1761735885940.png\",\"width\":1672,\"height\":454,\"caption\":\"Ag\u00eancia iNFRA\"},\"image\":{\"@id\":\"https:\/\/agenciainfra.com\/blog\/#\/schema\/logo\/image\/\"},\"sameAs\":[\"https:\/\/www.facebook.com\/ageninfra\",\"https:\/\/x.com\/agencia_infra\",\"https:\/\/www.linkedin.com\/company\/ag\u00eanciainfra\/\",\"https:\/\/www.instagram.com\/agenciainfra\/\"]},{\"@type\":\"Person\",\"@id\":\"https:\/\/agenciainfra.com\/blog\/#\/schema\/person\/04dbb79bd6d8951f063da71f3e4c1eb1\",\"name\":\"Rodrigo Zuquim\",\"image\":{\"@type\":\"ImageObject\",\"inLanguage\":\"pt-BR\",\"@id\":\"https:\/\/agenciainfra.com\/blog\/#\/schema\/person\/image\/\",\"url\":\"https:\/\/secure.gravatar.com\/avatar\/594abfe82761d620726242ff34ca472a705a4b97f16c790053a6b4c4035274d0?s=96&d=mm&r=g\",\"contentUrl\":\"https:\/\/secure.gravatar.com\/avatar\/594abfe82761d620726242ff34ca472a705a4b97f16c790053a6b4c4035274d0?s=96&d=mm&r=g\",\"caption\":\"Rodrigo Zuquim\"},\"url\":\"https:\/\/agenciainfra.com\/blog\/author\/rodrigo-zuquim\/\"}]}<\/script>\n<!-- \/ Yoast SEO Premium plugin. -->","yoast_head_json":{"title":"TUP apoiar\u00e1 desenvolvimento da base espacial de Alc\u00e2ntara (MA) e pode ser op\u00e7\u00e3o da Vale - Ag\u00eancia iNFRA","robots":{"index":"index","follow":"follow","max-snippet":"max-snippet:-1","max-image-preview":"max-image-preview:large","max-video-preview":"max-video-preview:-1"},"canonical":"https:\/\/agenciainfra.com\/blog\/tup-apoiara-desenvolvimento-da-base-espacial-de-alcantara-ma-e-pode-ser-opcao-da-vale\/","og_locale":"pt_BR","og_type":"article","og_title":"TUP apoiar\u00e1 desenvolvimento da base espacial de Alc\u00e2ntara (MA) e pode ser op\u00e7\u00e3o da Vale","og_description":"Dimmi Amora, da\u00a0Ag\u00eancia iNFRA O novo acordo para o uso da Base Espacial de Alc\u00e2ntara (MA) poder\u00e1 virar uma nova alavanca para o TPA (Terminal Portu\u00e1rio de Alc\u00e2ntara), projeto que trabalha para se tornar o maior terminal privado do pa\u00eds na pr\u00f3xima d\u00e9cada, com investimentos estimados em mais de R$ 10 bilh\u00f5es. &#8220;Estamos tendo reuni\u00f5es [&hellip;]","og_url":"https:\/\/agenciainfra.com\/blog\/tup-apoiara-desenvolvimento-da-base-espacial-de-alcantara-ma-e-pode-ser-opcao-da-vale\/","og_site_name":"Ag\u00eancia iNFRA","article_publisher":"https:\/\/www.facebook.com\/ageninfra","article_published_time":"2020-03-04T11:00:18+00:00","og_image":[{"width":1170,"height":700,"url":"https:\/\/agenciainfra.com\/blog\/wp-content\/uploads\/2020\/03\/base-de-alcantara-foto-valter-campanato-agencia-brasil.jpg","type":"image\/jpeg"}],"author":"Rodrigo Zuquim","twitter_card":"summary_large_image","twitter_creator":"@agencia_infra","twitter_site":"@agencia_infra","twitter_misc":{"Escrito por":"Rodrigo Zuquim","Est. tempo de leitura":"3 minutos"},"schema":{"@context":"https:\/\/schema.org","@graph":[{"@type":"Article","@id":"https:\/\/agenciainfra.com\/blog\/tup-apoiara-desenvolvimento-da-base-espacial-de-alcantara-ma-e-pode-ser-opcao-da-vale\/#article","isPartOf":{"@id":"https:\/\/agenciainfra.com\/blog\/tup-apoiara-desenvolvimento-da-base-espacial-de-alcantara-ma-e-pode-ser-opcao-da-vale\/"},"author":{"name":"Rodrigo Zuquim","@id":"https:\/\/agenciainfra.com\/blog\/#\/schema\/person\/04dbb79bd6d8951f063da71f3e4c1eb1"},"headline":"TUP apoiar\u00e1 desenvolvimento da base espacial de Alc\u00e2ntara (MA) e pode ser op\u00e7\u00e3o da Vale","datePublished":"2020-03-04T11:00:18+00:00","mainEntityOfPage":{"@id":"https:\/\/agenciainfra.com\/blog\/tup-apoiara-desenvolvimento-da-base-espacial-de-alcantara-ma-e-pode-ser-opcao-da-vale\/"},"wordCount":710,"publisher":{"@id":"https:\/\/agenciainfra.com\/blog\/#organization"},"image":{"@id":"https:\/\/agenciainfra.com\/blog\/tup-apoiara-desenvolvimento-da-base-espacial-de-alcantara-ma-e-pode-ser-opcao-da-vale\/#primaryimage"},"thumbnailUrl":"https:\/\/agenciainfra.com\/blog\/wp-content\/uploads\/2020\/03\/base-de-alcantara-foto-valter-campanato-agencia-brasil.jpg","keywords":["Ag\u00eancia Espacial Brasileira","Base Espacial de Alc\u00e2ntara","Centro de Lan\u00e7amento de Alc\u00e2ntara","Gr\u00e3o-Par\u00e1 Multimodal","Nuno Martins","Paulo Salvador","Terminal Portu\u00e1rio de Alc\u00e2ntara","Vale"],"articleSection":["iNFRATransporte"],"inLanguage":"pt-BR","copyrightYear":"2020","copyrightHolder":{"@id":"https:\/\/agenciainfra.com\/blog\/#organization"}},{"@type":"WebPage","@id":"https:\/\/agenciainfra.com\/blog\/tup-apoiara-desenvolvimento-da-base-espacial-de-alcantara-ma-e-pode-ser-opcao-da-vale\/","url":"https:\/\/agenciainfra.com\/blog\/tup-apoiara-desenvolvimento-da-base-espacial-de-alcantara-ma-e-pode-ser-opcao-da-vale\/","name":"TUP apoiar\u00e1 desenvolvimento da base espacial de Alc\u00e2ntara (MA) e pode ser op\u00e7\u00e3o da Vale - Ag\u00eancia iNFRA","isPartOf":{"@id":"https:\/\/agenciainfra.com\/blog\/#website"},"primaryImageOfPage":{"@id":"https:\/\/agenciainfra.com\/blog\/tup-apoiara-desenvolvimento-da-base-espacial-de-alcantara-ma-e-pode-ser-opcao-da-vale\/#primaryimage"},"image":{"@id":"https:\/\/agenciainfra.com\/blog\/tup-apoiara-desenvolvimento-da-base-espacial-de-alcantara-ma-e-pode-ser-opcao-da-vale\/#primaryimage"},"thumbnailUrl":"https:\/\/agenciainfra.com\/blog\/wp-content\/uploads\/2020\/03\/base-de-alcantara-foto-valter-campanato-agencia-brasil.jpg","datePublished":"2020-03-04T11:00:18+00:00","breadcrumb":{"@id":"https:\/\/agenciainfra.com\/blog\/tup-apoiara-desenvolvimento-da-base-espacial-de-alcantara-ma-e-pode-ser-opcao-da-vale\/#breadcrumb"},"inLanguage":"pt-BR","potentialAction":[{"@type":"ReadAction","target":["https:\/\/agenciainfra.com\/blog\/tup-apoiara-desenvolvimento-da-base-espacial-de-alcantara-ma-e-pode-ser-opcao-da-vale\/"]}]},{"@type":"ImageObject","inLanguage":"pt-BR","@id":"https:\/\/agenciainfra.com\/blog\/tup-apoiara-desenvolvimento-da-base-espacial-de-alcantara-ma-e-pode-ser-opcao-da-vale\/#primaryimage","url":"https:\/\/agenciainfra.com\/blog\/wp-content\/uploads\/2020\/03\/base-de-alcantara-foto-valter-campanato-agencia-brasil.jpg","contentUrl":"https:\/\/agenciainfra.com\/blog\/wp-content\/uploads\/2020\/03\/base-de-alcantara-foto-valter-campanato-agencia-brasil.jpg","width":1170,"height":700},{"@type":"BreadcrumbList","@id":"https:\/\/agenciainfra.com\/blog\/tup-apoiara-desenvolvimento-da-base-espacial-de-alcantara-ma-e-pode-ser-opcao-da-vale\/#breadcrumb","itemListElement":[{"@type":"ListItem","position":1,"name":"In\u00edcio","item":"https:\/\/agenciainfra.com\/blog\/"},{"@type":"ListItem","position":2,"name":"TUP apoiar\u00e1 desenvolvimento da base espacial de Alc\u00e2ntara (MA) e pode ser op\u00e7\u00e3o da Vale"}]},{"@type":"WebSite","@id":"https:\/\/agenciainfra.com\/blog\/#website","url":"https:\/\/agenciainfra.com\/blog\/","name":"Ag\u00eancia iNFRA","description":"Multiplataforma de informa\u00e7\u00e3o jornal\u00edstica refer\u00eancia na \u00e1rea de infraestrutura no Brasil!","publisher":{"@id":"https:\/\/agenciainfra.com\/blog\/#organization"},"potentialAction":[{"@type":"SearchAction","target":{"@type":"EntryPoint","urlTemplate":"https:\/\/agenciainfra.com\/blog\/?s={search_term_string}"},"query-input":{"@type":"PropertyValueSpecification","valueRequired":true,"valueName":"search_term_string"}}],"inLanguage":"pt-BR"},{"@type":"Organization","@id":"https:\/\/agenciainfra.com\/blog\/#organization","name":"Ag\u00eancia iNFRA","url":"https:\/\/agenciainfra.com\/blog\/","logo":{"@type":"ImageObject","inLanguage":"pt-BR","@id":"https:\/\/agenciainfra.com\/blog\/#\/schema\/logo\/image\/","url":"https:\/\/agenciainfra.com\/blog\/wp-content\/uploads\/2023\/09\/iNFRA_5-e1761735885940.png","contentUrl":"https:\/\/agenciainfra.com\/blog\/wp-content\/uploads\/2023\/09\/iNFRA_5-e1761735885940.png","width":1672,"height":454,"caption":"Ag\u00eancia iNFRA"},"image":{"@id":"https:\/\/agenciainfra.com\/blog\/#\/schema\/logo\/image\/"},"sameAs":["https:\/\/www.facebook.com\/ageninfra","https:\/\/x.com\/agencia_infra","https:\/\/www.linkedin.com\/company\/ag\u00eanciainfra\/","https:\/\/www.instagram.com\/agenciainfra\/"]},{"@type":"Person","@id":"https:\/\/agenciainfra.com\/blog\/#\/schema\/person\/04dbb79bd6d8951f063da71f3e4c1eb1","name":"Rodrigo Zuquim","image":{"@type":"ImageObject","inLanguage":"pt-BR","@id":"https:\/\/agenciainfra.com\/blog\/#\/schema\/person\/image\/","url":"https:\/\/secure.gravatar.com\/avatar\/594abfe82761d620726242ff34ca472a705a4b97f16c790053a6b4c4035274d0?s=96&d=mm&r=g","contentUrl":"https:\/\/secure.gravatar.com\/avatar\/594abfe82761d620726242ff34ca472a705a4b97f16c790053a6b4c4035274d0?s=96&d=mm&r=g","caption":"Rodrigo Zuquim"},"url":"https:\/\/agenciainfra.com\/blog\/author\/rodrigo-zuquim\/"}]}},"_links":{"self":[{"href":"https:\/\/agenciainfra.com\/blog\/wp-json\/wp\/v2\/posts\/4492","targetHints":{"allow":["GET"]}}],"collection":[{"href":"https:\/\/agenciainfra.com\/blog\/wp-json\/wp\/v2\/posts"}],"about":[{"href":"https:\/\/agenciainfra.com\/blog\/wp-json\/wp\/v2\/types\/post"}],"author":[{"embeddable":true,"href":"https:\/\/agenciainfra.com\/blog\/wp-json\/wp\/v2\/users\/9"}],"replies":[{"embeddable":true,"href":"https:\/\/agenciainfra.com\/blog\/wp-json\/wp\/v2\/comments?post=4492"}],"version-history":[{"count":0,"href":"https:\/\/agenciainfra.com\/blog\/wp-json\/wp\/v2\/posts\/4492\/revisions"}],"wp:featuredmedia":[{"embeddable":true,"href":"https:\/\/agenciainfra.com\/blog\/wp-json\/wp\/v2\/media\/4493"}],"wp:attachment":[{"href":"https:\/\/agenciainfra.com\/blog\/wp-json\/wp\/v2\/media?parent=4492"}],"wp:term":[{"taxonomy":"category","embeddable":true,"href":"https:\/\/agenciainfra.com\/blog\/wp-json\/wp\/v2\/categories?post=4492"},{"taxonomy":"post_tag","embeddable":true,"href":"https:\/\/agenciainfra.com\/blog\/wp-json\/wp\/v2\/tags?post=4492"}],"curies":[{"name":"wp","href":"https:\/\/api.w.org\/{rel}","templated":true}]}}