{"id":4510,"date":"2020-03-06T08:00:17","date_gmt":"2020-03-06T11:00:17","guid":{"rendered":"http:\/\/www.agenciainfra.com\/blog\/?p=4510"},"modified":"2020-03-07T17:48:26","modified_gmt":"2020-03-07T20:48:26","slug":"empresas-do-setor-eletrico-restringem-viagens-de-executivos-devido-a-surto-de-coronavirus","status":"publish","type":"post","link":"https:\/\/agenciainfra.com\/blog\/empresas-do-setor-eletrico-restringem-viagens-de-executivos-devido-a-surto-de-coronavirus\/","title":{"rendered":"Empresas do setor el\u00e9trico restringem viagens de executivos devido a surto de coronav\u00edrus"},"content":{"rendered":"<h5 style=\"text-align: right;\"><strong>Guilherme Mendes, da Ag\u00eancia iNFRA<\/strong><\/h5>\n<p dir=\"ltr\">O surto global do Covid-19, uma nova muta\u00e7\u00e3o do coronav\u00edrus, j\u00e1 come\u00e7a a alterar a rotina das empresas do setor el\u00e9trico do Brasil. Por mais que o pa\u00eds at\u00e9 agora n\u00e3o figure na lista de risco de organiza\u00e7\u00f5es de sa\u00fade, geradoras e transmissoras com capital estrangeiro t\u00eam adotado medidas para evitar a contamina\u00e7\u00e3o de funcion\u00e1rios e diretores.<\/p>\n<p><strong>Italiana Enel\u00a0<\/strong><br \/>\nA Enel, de capital italiano, suspendeu viagens para China, Hong Kong, Macau e Taip\u00e9, incluindo escalas. &#8220;Para todos os outros destinos, incluindo a It\u00e1lia, como medida de precau\u00e7\u00e3o, tamb\u00e9m foi decidido que as viagens internacionais ser\u00e3o realizadas somente quando essenciais para a continuidade dos neg\u00f3cios&#8221;, afirmou a empresa em nota.<\/p>\n<p>A companhia italiana det\u00e9m a concess\u00e3o de distribuidoras em S\u00e3o Paulo, Rio de Janeiro e Goi\u00e1s, dentre outros ativos no Brasil.<\/p>\n<p><strong>EDP, de Portugal<\/strong><br \/>\nOutra das empresas do setor que tomou medidas de precau\u00e7\u00e3o foi o bra\u00e7o brasileiro da portuguesa EDP, que controla a gera\u00e7\u00e3o de 2,83 GW de energia por aqui, al\u00e9m de servi\u00e7os de transmiss\u00e3o na regi\u00e3o Sul. Portugal teve seu primeiro caso de Covid-19 confirmado na \u00faltima segunda-feira (2), mas a empresa j\u00e1 proibiu as viagens de sua diretoria aos oito pa\u00edses mais afetados pelo novo surto. A recomenda\u00e7\u00e3o \u00e9 que tamb\u00e9m se evite viagens a\u00e9reas neste per\u00edodo.<\/p>\n<p><strong>Companhias chinesas<\/strong><br \/>\nA CTG Brasil, que tem capital chin\u00eas e opera em sete hidrel\u00e9tricas e 11 parques e\u00f3licos, afirmou que a nova epidemia de coronav\u00edrus n\u00e3o afeta qualquer neg\u00f3cio da empresa no Brasil, mas que todas as viagens n\u00e3o emergenciais foram suspensas e, principalmente por conta do per\u00edodo de f\u00e9rias, qualquer colaborador que esteja retornando de uma viagem internacional est\u00e1 passando por avalia\u00e7\u00e3o m\u00e9dica. Outras empresas chinesas com participa\u00e7\u00e3o no Brasil, como a SIPC e a State Grid, foram consultadas, mas n\u00e3o responderam.<\/p>\n<p>Outro player no Brasil com capital chin\u00eas, a CPFL afirmou apenas que est\u00e1 refor\u00e7ando internamente as orienta\u00e7\u00f5es do Minist\u00e9rio da Sa\u00fade sobre o Covid-19. A CPFL \u00e9 controlada pela State Grid Corporation of China.<\/p>\n","protected":false},"excerpt":{"rendered":"<p>Guilherme Mendes, da Ag\u00eancia iNFRA O surto global do Covid-19, uma nova muta\u00e7\u00e3o do coronav\u00edrus, j\u00e1 come\u00e7a a alterar a rotina das empresas do setor el\u00e9trico do Brasil. Por mais que o pa\u00eds at\u00e9 agora n\u00e3o figure na lista de risco de organiza\u00e7\u00f5es de sa\u00fade, geradoras e transmissoras com capital estrangeiro t\u00eam adotado medidas para [&hellip;]<\/p>\n","protected":false},"author":9,"featured_media":4511,"comment_status":"closed","ping_status":"closed","sticky":false,"template":"","format":"standard","meta":{"_monsterinsights_skip_tracking":false,"_monsterinsights_sitenote_active":false,"_monsterinsights_sitenote_note":"","_monsterinsights_sitenote_category":0,"footnotes":""},"categories":[10],"tags":[1758,1759,592,1761,1760,616,1762],"class_list":["post-4510","post","type-post","status-publish","format-standard","has-post-thumbnail","hentry","category-infraenergia","tag-coronavirus","tag-covid-19","tag-cpfl","tag-ctg-brasil","tag-edp","tag-enel","tag-state-grid-corporation-of-china"],"yoast_head":"<!-- This site is optimized with the Yoast SEO Premium plugin v25.4 (Yoast SEO v26.0) - https:\/\/yoast.com\/wordpress\/plugins\/seo\/ -->\n<title>Empresas do setor el\u00e9trico restringem viagens de executivos devido a surto de coronav\u00edrus - Ag\u00eancia iNFRA<\/title>\n<meta name=\"robots\" content=\"index, follow, max-snippet:-1, max-image-preview:large, max-video-preview:-1\" \/>\n<link rel=\"canonical\" href=\"https:\/\/agenciainfra.com\/blog\/empresas-do-setor-eletrico-restringem-viagens-de-executivos-devido-a-surto-de-coronavirus\/\" \/>\n<meta property=\"og:locale\" content=\"pt_BR\" \/>\n<meta property=\"og:type\" content=\"article\" \/>\n<meta property=\"og:title\" content=\"Empresas do setor el\u00e9trico restringem viagens de executivos devido a surto de coronav\u00edrus\" \/>\n<meta property=\"og:description\" content=\"Guilherme Mendes, da Ag\u00eancia iNFRA O surto global do Covid-19, uma nova muta\u00e7\u00e3o do coronav\u00edrus, j\u00e1 come\u00e7a a alterar a rotina das empresas do setor el\u00e9trico do Brasil. Por mais que o pa\u00eds at\u00e9 agora n\u00e3o figure na lista de risco de organiza\u00e7\u00f5es de sa\u00fade, geradoras e transmissoras com capital estrangeiro t\u00eam adotado medidas para [&hellip;]\" \/>\n<meta property=\"og:url\" content=\"https:\/\/agenciainfra.com\/blog\/empresas-do-setor-eletrico-restringem-viagens-de-executivos-devido-a-surto-de-coronavirus\/\" \/>\n<meta property=\"og:site_name\" content=\"Ag\u00eancia iNFRA\" \/>\n<meta property=\"article:publisher\" content=\"https:\/\/www.facebook.com\/ageninfra\" \/>\n<meta property=\"article:published_time\" content=\"2020-03-06T11:00:17+00:00\" \/>\n<meta property=\"article:modified_time\" content=\"2020-03-07T20:48:26+00:00\" \/>\n<meta property=\"og:image\" content=\"https:\/\/agenciainfra.com\/blog\/wp-content\/uploads\/2020\/03\/coronavirus-dominio-publico.jpg\" \/>\n\t<meta property=\"og:image:width\" content=\"1280\" \/>\n\t<meta property=\"og:image:height\" content=\"720\" \/>\n\t<meta property=\"og:image:type\" content=\"image\/jpeg\" \/>\n<meta name=\"author\" content=\"Rodrigo Zuquim\" \/>\n<meta name=\"twitter:card\" content=\"summary_large_image\" \/>\n<meta name=\"twitter:creator\" content=\"@agencia_infra\" \/>\n<meta name=\"twitter:site\" content=\"@agencia_infra\" \/>\n<meta name=\"twitter:label1\" content=\"Escrito por\" \/>\n\t<meta name=\"twitter:data1\" content=\"Rodrigo Zuquim\" \/>\n\t<meta name=\"twitter:label2\" content=\"Est. tempo de leitura\" \/>\n\t<meta name=\"twitter:data2\" content=\"2 minutos\" \/>\n<script type=\"application\/ld+json\" class=\"yoast-schema-graph\">{\"@context\":\"https:\/\/schema.org\",\"@graph\":[{\"@type\":\"Article\",\"@id\":\"https:\/\/agenciainfra.com\/blog\/empresas-do-setor-eletrico-restringem-viagens-de-executivos-devido-a-surto-de-coronavirus\/#article\",\"isPartOf\":{\"@id\":\"https:\/\/agenciainfra.com\/blog\/empresas-do-setor-eletrico-restringem-viagens-de-executivos-devido-a-surto-de-coronavirus\/\"},\"author\":{\"name\":\"Rodrigo Zuquim\",\"@id\":\"https:\/\/agenciainfra.com\/blog\/#\/schema\/person\/04dbb79bd6d8951f063da71f3e4c1eb1\"},\"headline\":\"Empresas do setor el\u00e9trico restringem viagens de executivos devido a surto de coronav\u00edrus\",\"datePublished\":\"2020-03-06T11:00:17+00:00\",\"dateModified\":\"2020-03-07T20:48:26+00:00\",\"mainEntityOfPage\":{\"@id\":\"https:\/\/agenciainfra.com\/blog\/empresas-do-setor-eletrico-restringem-viagens-de-executivos-devido-a-surto-de-coronavirus\/\"},\"wordCount\":393,\"publisher\":{\"@id\":\"https:\/\/agenciainfra.com\/blog\/#organization\"},\"image\":{\"@id\":\"https:\/\/agenciainfra.com\/blog\/empresas-do-setor-eletrico-restringem-viagens-de-executivos-devido-a-surto-de-coronavirus\/#primaryimage\"},\"thumbnailUrl\":\"https:\/\/agenciainfra.com\/blog\/wp-content\/uploads\/2020\/03\/coronavirus-dominio-publico.jpg\",\"keywords\":[\"coronav\u00edrus\",\"Covid-19\",\"cpfl\",\"CTG Brasil\",\"EDP\",\"Enel\",\"State Grid Corporation of China\"],\"articleSection\":[\"iNFRAEnergia\"],\"inLanguage\":\"pt-BR\",\"copyrightYear\":\"2020\",\"copyrightHolder\":{\"@id\":\"https:\/\/agenciainfra.com\/blog\/#organization\"}},{\"@type\":\"WebPage\",\"@id\":\"https:\/\/agenciainfra.com\/blog\/empresas-do-setor-eletrico-restringem-viagens-de-executivos-devido-a-surto-de-coronavirus\/\",\"url\":\"https:\/\/agenciainfra.com\/blog\/empresas-do-setor-eletrico-restringem-viagens-de-executivos-devido-a-surto-de-coronavirus\/\",\"name\":\"Empresas do setor el\u00e9trico restringem viagens de executivos devido a surto de coronav\u00edrus - Ag\u00eancia iNFRA\",\"isPartOf\":{\"@id\":\"https:\/\/agenciainfra.com\/blog\/#website\"},\"primaryImageOfPage\":{\"@id\":\"https:\/\/agenciainfra.com\/blog\/empresas-do-setor-eletrico-restringem-viagens-de-executivos-devido-a-surto-de-coronavirus\/#primaryimage\"},\"image\":{\"@id\":\"https:\/\/agenciainfra.com\/blog\/empresas-do-setor-eletrico-restringem-viagens-de-executivos-devido-a-surto-de-coronavirus\/#primaryimage\"},\"thumbnailUrl\":\"https:\/\/agenciainfra.com\/blog\/wp-content\/uploads\/2020\/03\/coronavirus-dominio-publico.jpg\",\"datePublished\":\"2020-03-06T11:00:17+00:00\",\"dateModified\":\"2020-03-07T20:48:26+00:00\",\"breadcrumb\":{\"@id\":\"https:\/\/agenciainfra.com\/blog\/empresas-do-setor-eletrico-restringem-viagens-de-executivos-devido-a-surto-de-coronavirus\/#breadcrumb\"},\"inLanguage\":\"pt-BR\",\"potentialAction\":[{\"@type\":\"ReadAction\",\"target\":[\"https:\/\/agenciainfra.com\/blog\/empresas-do-setor-eletrico-restringem-viagens-de-executivos-devido-a-surto-de-coronavirus\/\"]}]},{\"@type\":\"ImageObject\",\"inLanguage\":\"pt-BR\",\"@id\":\"https:\/\/agenciainfra.com\/blog\/empresas-do-setor-eletrico-restringem-viagens-de-executivos-devido-a-surto-de-coronavirus\/#primaryimage\",\"url\":\"https:\/\/agenciainfra.com\/blog\/wp-content\/uploads\/2020\/03\/coronavirus-dominio-publico.jpg\",\"contentUrl\":\"https:\/\/agenciainfra.com\/blog\/wp-content\/uploads\/2020\/03\/coronavirus-dominio-publico.jpg\",\"width\":1280,\"height\":720},{\"@type\":\"BreadcrumbList\",\"@id\":\"https:\/\/agenciainfra.com\/blog\/empresas-do-setor-eletrico-restringem-viagens-de-executivos-devido-a-surto-de-coronavirus\/#breadcrumb\",\"itemListElement\":[{\"@type\":\"ListItem\",\"position\":1,\"name\":\"In\u00edcio\",\"item\":\"https:\/\/agenciainfra.com\/blog\/\"},{\"@type\":\"ListItem\",\"position\":2,\"name\":\"Empresas do setor el\u00e9trico restringem viagens de executivos devido a surto de coronav\u00edrus\"}]},{\"@type\":\"WebSite\",\"@id\":\"https:\/\/agenciainfra.com\/blog\/#website\",\"url\":\"https:\/\/agenciainfra.com\/blog\/\",\"name\":\"Ag\u00eancia iNFRA\",\"description\":\"Multiplataforma de informa\u00e7\u00e3o jornal\u00edstica refer\u00eancia na \u00e1rea de infraestrutura no Brasil!\",\"publisher\":{\"@id\":\"https:\/\/agenciainfra.com\/blog\/#organization\"},\"potentialAction\":[{\"@type\":\"SearchAction\",\"target\":{\"@type\":\"EntryPoint\",\"urlTemplate\":\"https:\/\/agenciainfra.com\/blog\/?s={search_term_string}\"},\"query-input\":{\"@type\":\"PropertyValueSpecification\",\"valueRequired\":true,\"valueName\":\"search_term_string\"}}],\"inLanguage\":\"pt-BR\"},{\"@type\":\"Organization\",\"@id\":\"https:\/\/agenciainfra.com\/blog\/#organization\",\"name\":\"Ag\u00eancia iNFRA\",\"url\":\"https:\/\/agenciainfra.com\/blog\/\",\"logo\":{\"@type\":\"ImageObject\",\"inLanguage\":\"pt-BR\",\"@id\":\"https:\/\/agenciainfra.com\/blog\/#\/schema\/logo\/image\/\",\"url\":\"https:\/\/agenciainfra.com\/blog\/wp-content\/uploads\/2023\/09\/iNFRA_5-e1761735885940.png\",\"contentUrl\":\"https:\/\/agenciainfra.com\/blog\/wp-content\/uploads\/2023\/09\/iNFRA_5-e1761735885940.png\",\"width\":1672,\"height\":454,\"caption\":\"Ag\u00eancia iNFRA\"},\"image\":{\"@id\":\"https:\/\/agenciainfra.com\/blog\/#\/schema\/logo\/image\/\"},\"sameAs\":[\"https:\/\/www.facebook.com\/ageninfra\",\"https:\/\/x.com\/agencia_infra\",\"https:\/\/www.linkedin.com\/company\/ag\u00eanciainfra\/\",\"https:\/\/www.instagram.com\/agenciainfra\/\"]},{\"@type\":\"Person\",\"@id\":\"https:\/\/agenciainfra.com\/blog\/#\/schema\/person\/04dbb79bd6d8951f063da71f3e4c1eb1\",\"name\":\"Rodrigo Zuquim\",\"image\":{\"@type\":\"ImageObject\",\"inLanguage\":\"pt-BR\",\"@id\":\"https:\/\/agenciainfra.com\/blog\/#\/schema\/person\/image\/\",\"url\":\"https:\/\/secure.gravatar.com\/avatar\/594abfe82761d620726242ff34ca472a705a4b97f16c790053a6b4c4035274d0?s=96&d=mm&r=g\",\"contentUrl\":\"https:\/\/secure.gravatar.com\/avatar\/594abfe82761d620726242ff34ca472a705a4b97f16c790053a6b4c4035274d0?s=96&d=mm&r=g\",\"caption\":\"Rodrigo Zuquim\"},\"url\":\"https:\/\/agenciainfra.com\/blog\/author\/rodrigo-zuquim\/\"}]}<\/script>\n<!-- \/ Yoast SEO Premium plugin. -->","yoast_head_json":{"title":"Empresas do setor el\u00e9trico restringem viagens de executivos devido a surto de coronav\u00edrus - Ag\u00eancia iNFRA","robots":{"index":"index","follow":"follow","max-snippet":"max-snippet:-1","max-image-preview":"max-image-preview:large","max-video-preview":"max-video-preview:-1"},"canonical":"https:\/\/agenciainfra.com\/blog\/empresas-do-setor-eletrico-restringem-viagens-de-executivos-devido-a-surto-de-coronavirus\/","og_locale":"pt_BR","og_type":"article","og_title":"Empresas do setor el\u00e9trico restringem viagens de executivos devido a surto de coronav\u00edrus","og_description":"Guilherme Mendes, da Ag\u00eancia iNFRA O surto global do Covid-19, uma nova muta\u00e7\u00e3o do coronav\u00edrus, j\u00e1 come\u00e7a a alterar a rotina das empresas do setor el\u00e9trico do Brasil. Por mais que o pa\u00eds at\u00e9 agora n\u00e3o figure na lista de risco de organiza\u00e7\u00f5es de sa\u00fade, geradoras e transmissoras com capital estrangeiro t\u00eam adotado medidas para [&hellip;]","og_url":"https:\/\/agenciainfra.com\/blog\/empresas-do-setor-eletrico-restringem-viagens-de-executivos-devido-a-surto-de-coronavirus\/","og_site_name":"Ag\u00eancia iNFRA","article_publisher":"https:\/\/www.facebook.com\/ageninfra","article_published_time":"2020-03-06T11:00:17+00:00","article_modified_time":"2020-03-07T20:48:26+00:00","og_image":[{"width":1280,"height":720,"url":"https:\/\/agenciainfra.com\/blog\/wp-content\/uploads\/2020\/03\/coronavirus-dominio-publico.jpg","type":"image\/jpeg"}],"author":"Rodrigo Zuquim","twitter_card":"summary_large_image","twitter_creator":"@agencia_infra","twitter_site":"@agencia_infra","twitter_misc":{"Escrito por":"Rodrigo Zuquim","Est. tempo de leitura":"2 minutos"},"schema":{"@context":"https:\/\/schema.org","@graph":[{"@type":"Article","@id":"https:\/\/agenciainfra.com\/blog\/empresas-do-setor-eletrico-restringem-viagens-de-executivos-devido-a-surto-de-coronavirus\/#article","isPartOf":{"@id":"https:\/\/agenciainfra.com\/blog\/empresas-do-setor-eletrico-restringem-viagens-de-executivos-devido-a-surto-de-coronavirus\/"},"author":{"name":"Rodrigo Zuquim","@id":"https:\/\/agenciainfra.com\/blog\/#\/schema\/person\/04dbb79bd6d8951f063da71f3e4c1eb1"},"headline":"Empresas do setor el\u00e9trico restringem viagens de executivos devido a surto de coronav\u00edrus","datePublished":"2020-03-06T11:00:17+00:00","dateModified":"2020-03-07T20:48:26+00:00","mainEntityOfPage":{"@id":"https:\/\/agenciainfra.com\/blog\/empresas-do-setor-eletrico-restringem-viagens-de-executivos-devido-a-surto-de-coronavirus\/"},"wordCount":393,"publisher":{"@id":"https:\/\/agenciainfra.com\/blog\/#organization"},"image":{"@id":"https:\/\/agenciainfra.com\/blog\/empresas-do-setor-eletrico-restringem-viagens-de-executivos-devido-a-surto-de-coronavirus\/#primaryimage"},"thumbnailUrl":"https:\/\/agenciainfra.com\/blog\/wp-content\/uploads\/2020\/03\/coronavirus-dominio-publico.jpg","keywords":["coronav\u00edrus","Covid-19","cpfl","CTG Brasil","EDP","Enel","State Grid Corporation of China"],"articleSection":["iNFRAEnergia"],"inLanguage":"pt-BR","copyrightYear":"2020","copyrightHolder":{"@id":"https:\/\/agenciainfra.com\/blog\/#organization"}},{"@type":"WebPage","@id":"https:\/\/agenciainfra.com\/blog\/empresas-do-setor-eletrico-restringem-viagens-de-executivos-devido-a-surto-de-coronavirus\/","url":"https:\/\/agenciainfra.com\/blog\/empresas-do-setor-eletrico-restringem-viagens-de-executivos-devido-a-surto-de-coronavirus\/","name":"Empresas do setor el\u00e9trico restringem viagens de executivos devido a surto de coronav\u00edrus - Ag\u00eancia iNFRA","isPartOf":{"@id":"https:\/\/agenciainfra.com\/blog\/#website"},"primaryImageOfPage":{"@id":"https:\/\/agenciainfra.com\/blog\/empresas-do-setor-eletrico-restringem-viagens-de-executivos-devido-a-surto-de-coronavirus\/#primaryimage"},"image":{"@id":"https:\/\/agenciainfra.com\/blog\/empresas-do-setor-eletrico-restringem-viagens-de-executivos-devido-a-surto-de-coronavirus\/#primaryimage"},"thumbnailUrl":"https:\/\/agenciainfra.com\/blog\/wp-content\/uploads\/2020\/03\/coronavirus-dominio-publico.jpg","datePublished":"2020-03-06T11:00:17+00:00","dateModified":"2020-03-07T20:48:26+00:00","breadcrumb":{"@id":"https:\/\/agenciainfra.com\/blog\/empresas-do-setor-eletrico-restringem-viagens-de-executivos-devido-a-surto-de-coronavirus\/#breadcrumb"},"inLanguage":"pt-BR","potentialAction":[{"@type":"ReadAction","target":["https:\/\/agenciainfra.com\/blog\/empresas-do-setor-eletrico-restringem-viagens-de-executivos-devido-a-surto-de-coronavirus\/"]}]},{"@type":"ImageObject","inLanguage":"pt-BR","@id":"https:\/\/agenciainfra.com\/blog\/empresas-do-setor-eletrico-restringem-viagens-de-executivos-devido-a-surto-de-coronavirus\/#primaryimage","url":"https:\/\/agenciainfra.com\/blog\/wp-content\/uploads\/2020\/03\/coronavirus-dominio-publico.jpg","contentUrl":"https:\/\/agenciainfra.com\/blog\/wp-content\/uploads\/2020\/03\/coronavirus-dominio-publico.jpg","width":1280,"height":720},{"@type":"BreadcrumbList","@id":"https:\/\/agenciainfra.com\/blog\/empresas-do-setor-eletrico-restringem-viagens-de-executivos-devido-a-surto-de-coronavirus\/#breadcrumb","itemListElement":[{"@type":"ListItem","position":1,"name":"In\u00edcio","item":"https:\/\/agenciainfra.com\/blog\/"},{"@type":"ListItem","position":2,"name":"Empresas do setor el\u00e9trico restringem viagens de executivos devido a surto de coronav\u00edrus"}]},{"@type":"WebSite","@id":"https:\/\/agenciainfra.com\/blog\/#website","url":"https:\/\/agenciainfra.com\/blog\/","name":"Ag\u00eancia iNFRA","description":"Multiplataforma de informa\u00e7\u00e3o jornal\u00edstica refer\u00eancia na \u00e1rea de infraestrutura no Brasil!","publisher":{"@id":"https:\/\/agenciainfra.com\/blog\/#organization"},"potentialAction":[{"@type":"SearchAction","target":{"@type":"EntryPoint","urlTemplate":"https:\/\/agenciainfra.com\/blog\/?s={search_term_string}"},"query-input":{"@type":"PropertyValueSpecification","valueRequired":true,"valueName":"search_term_string"}}],"inLanguage":"pt-BR"},{"@type":"Organization","@id":"https:\/\/agenciainfra.com\/blog\/#organization","name":"Ag\u00eancia iNFRA","url":"https:\/\/agenciainfra.com\/blog\/","logo":{"@type":"ImageObject","inLanguage":"pt-BR","@id":"https:\/\/agenciainfra.com\/blog\/#\/schema\/logo\/image\/","url":"https:\/\/agenciainfra.com\/blog\/wp-content\/uploads\/2023\/09\/iNFRA_5-e1761735885940.png","contentUrl":"https:\/\/agenciainfra.com\/blog\/wp-content\/uploads\/2023\/09\/iNFRA_5-e1761735885940.png","width":1672,"height":454,"caption":"Ag\u00eancia iNFRA"},"image":{"@id":"https:\/\/agenciainfra.com\/blog\/#\/schema\/logo\/image\/"},"sameAs":["https:\/\/www.facebook.com\/ageninfra","https:\/\/x.com\/agencia_infra","https:\/\/www.linkedin.com\/company\/ag\u00eanciainfra\/","https:\/\/www.instagram.com\/agenciainfra\/"]},{"@type":"Person","@id":"https:\/\/agenciainfra.com\/blog\/#\/schema\/person\/04dbb79bd6d8951f063da71f3e4c1eb1","name":"Rodrigo Zuquim","image":{"@type":"ImageObject","inLanguage":"pt-BR","@id":"https:\/\/agenciainfra.com\/blog\/#\/schema\/person\/image\/","url":"https:\/\/secure.gravatar.com\/avatar\/594abfe82761d620726242ff34ca472a705a4b97f16c790053a6b4c4035274d0?s=96&d=mm&r=g","contentUrl":"https:\/\/secure.gravatar.com\/avatar\/594abfe82761d620726242ff34ca472a705a4b97f16c790053a6b4c4035274d0?s=96&d=mm&r=g","caption":"Rodrigo Zuquim"},"url":"https:\/\/agenciainfra.com\/blog\/author\/rodrigo-zuquim\/"}]}},"_links":{"self":[{"href":"https:\/\/agenciainfra.com\/blog\/wp-json\/wp\/v2\/posts\/4510","targetHints":{"allow":["GET"]}}],"collection":[{"href":"https:\/\/agenciainfra.com\/blog\/wp-json\/wp\/v2\/posts"}],"about":[{"href":"https:\/\/agenciainfra.com\/blog\/wp-json\/wp\/v2\/types\/post"}],"author":[{"embeddable":true,"href":"https:\/\/agenciainfra.com\/blog\/wp-json\/wp\/v2\/users\/9"}],"replies":[{"embeddable":true,"href":"https:\/\/agenciainfra.com\/blog\/wp-json\/wp\/v2\/comments?post=4510"}],"version-history":[{"count":0,"href":"https:\/\/agenciainfra.com\/blog\/wp-json\/wp\/v2\/posts\/4510\/revisions"}],"wp:featuredmedia":[{"embeddable":true,"href":"https:\/\/agenciainfra.com\/blog\/wp-json\/wp\/v2\/media\/4511"}],"wp:attachment":[{"href":"https:\/\/agenciainfra.com\/blog\/wp-json\/wp\/v2\/media?parent=4510"}],"wp:term":[{"taxonomy":"category","embeddable":true,"href":"https:\/\/agenciainfra.com\/blog\/wp-json\/wp\/v2\/categories?post=4510"},{"taxonomy":"post_tag","embeddable":true,"href":"https:\/\/agenciainfra.com\/blog\/wp-json\/wp\/v2\/tags?post=4510"}],"curies":[{"name":"wp","href":"https:\/\/api.w.org\/{rel}","templated":true}]}}