{"id":4513,"date":"2020-03-07T08:00:17","date_gmt":"2020-03-07T11:00:17","guid":{"rendered":"http:\/\/www.agenciainfra.com\/blog\/?p=4513"},"modified":"2020-03-09T16:13:56","modified_gmt":"2020-03-09T19:13:56","slug":"secretario-de-aviacao-civil-diz-que-leilao-do-aeroporto-de-viracopos-sera-em-maio-de-2021","status":"publish","type":"post","link":"https:\/\/agenciainfra.com\/blog\/secretario-de-aviacao-civil-diz-que-leilao-do-aeroporto-de-viracopos-sera-em-maio-de-2021\/","title":{"rendered":"Secret\u00e1rio de Avia\u00e7\u00e3o Civil diz que leil\u00e3o do aeroporto de Viracopos ser\u00e1 em maio de 2021"},"content":{"rendered":"<div>\n<h5 style=\"text-align: right;\"><strong>Tales Silveira, da\u00a0Ag\u00eancia iNFRA<\/strong><\/h5>\n<p dir=\"ltr\">O novo leil\u00e3o do Aeroporto Internacional de Viracopos (SP) dever\u00e1 acontecer em maio de 2021. Foi isso o que afirmou, na \u00faltima ter\u00e7a-feira (3), o secret\u00e1rio nacional de Avia\u00e7\u00e3o Civil do Minfra (Minist\u00e9rio da Infraestrutura), Ronei Glanzmann, ap\u00f3s a cerim\u00f4nia de entrega do Pr\u00eamio Aeroportos + Brasil 2020.<\/p>\n<p>\u201cJ\u00e1 temos um cronograma estabelecido internamente que coloca o edital para fevereiro. L\u00e1 tamb\u00e9m est\u00e1 definido que o leil\u00e3o acontecer\u00e1 na segunda quinzena de maio do ano que vem\u201d, disse.<\/p>\n<p>O secret\u00e1rio ainda frisou que, assim como as rodadas de concess\u00e3o anteriores, todo o edital ser\u00e1 modelado por empresas privadas.<\/p>\n<p>\u201cElas ir\u00e3o elaborar os estudos de viabilidade para a concess\u00e3o. Esses estudos dever\u00e3o ser entregues em 90 dias. Um deles subsidiar\u00e1 a modelagem da concess\u00e3o com valores de ressarcimento de R$ 13 milh\u00f5es a serem pagos pela empresa vencedora da concess\u00e3o\u201d, finalizou.<\/p>\n<p>Glanzmann\u00a0se refere \u00e0s quatro empresas e concession\u00e1rias que foram autorizadas a realizar a\u00a0PMI (Proposi\u00e7\u00e3o de Manifesta\u00e7\u00e3o de Interesse). Elas dever\u00e3o entregar, nesse per\u00edodo,\u00a0estudos que subsidiar\u00e3o a modelagem da concess\u00e3o para expans\u00e3o, explora\u00e7\u00e3o e manuten\u00e7\u00e3o do aeroporto.<\/p>\n<p>As quatro empresas autorizadas pelo governo s\u00e3o: Cons\u00f3rcio Concess\u00e3o Viracopos; GCA (Grupo de Consultores em Aeroportos); Grupo Aeroquip &#8211; Borelli e Merigo &#8211; Logit &#8211; BF Capital &#8211; JGP &#8211; Queiroz Maluf; e Cons\u00f3rcio Engevix \/ HV \/ DWAY \/ MPB \/ Carvalho.<\/p>\n<p>O Edital de Chamamento P\u00fablico para as empresas e cons\u00f3rcios autorizados est\u00e1 dispon\u00edvel\u00a0<a href=\"https:\/\/agenciainfra.us14.list-manage.com\/track\/click?u=d460dd1bcf9ba0ae040e1fc0f&amp;id=72e2755e61&amp;e=c099169394\" target=\"_blank\" rel=\"noopener noreferrer\" data-saferedirecturl=\"https:\/\/www.google.com\/url?q=https:\/\/agenciainfra.us14.list-manage.com\/track\/click?u%3Dd460dd1bcf9ba0ae040e1fc0f%26id%3D72e2755e61%26e%3Dc099169394&amp;source=gmail&amp;ust=1583499405963000&amp;usg=AFQjCNFLKwHyp6IO1Xiq8Xuche4zSoptng\">neste link<\/a>.\u00a0Para justificar a autoriza\u00e7\u00e3o, o governo alegou que seria uma esp\u00e9cie de continua\u00e7\u00e3o dos estudos da rodada anterior de concess\u00f5es aeroportu\u00e1rias.<\/p>\n<p>No caso de Viracopos, haver\u00e1 uma relicita\u00e7\u00e3o da concess\u00e3o que havia sido concedida na primeira rodada de concess\u00e3o de aeroportos, em 2012. Mas a Aeroportos Brasil, concession\u00e1ria vencedora, aceitou fazer a &#8220;devolu\u00e7\u00e3o amig\u00e1vel&#8221; antes do fim do contrato, ap\u00f3s entrar em recupera\u00e7\u00e3o judicial por ter sido punida por seguidos descumprimentos contratuais.<\/p>\n<p><strong>Representa\u00e7\u00e3o no TCU<\/strong><br \/>\nTr\u00eas das quatro empresas autorizadas pelo governo a elaborar os estudos para Viracopos fizeram PMIs para elabora\u00e7\u00e3o dos estudos de viabilidade para tr\u00eas blocos de aeroportos da sexta rodada de concess\u00f5es. Nos tr\u00eas blocos, o Minfra escolheu o Cons\u00f3rcio GCA \u2013 o mesmo grupo que venceu a rodada anterior e na quarta rodada teve seus participantes vitoriosos separadamente.<\/p>\n<p>Esse fato fez com que o subprocurador-geral do Minist\u00e9rio P\u00fablico junto ao TCU (Tribunal de Contas da Uni\u00e3o), Lucas da Rocha Furtado, entrasse, em janeiro deste ano, com uma representa\u00e7\u00e3o pedindo uma investiga\u00e7\u00e3o do \u00f3rg\u00e3o nos resultados da PMI. A representa\u00e7\u00e3o ainda n\u00e3o foi analisada pelo plen\u00e1rio do \u00f3rg\u00e3o.<\/p>\n<p>A representa\u00e7\u00e3o teve como base den\u00fancia que seria apresentada pelo Cons\u00f3rcio Logit, segundo lugar em dois dos tr\u00eas blocos, que apontou ind\u00edcios de um poss\u00edvel direcionamento de an\u00e1lise, trazendo uma penaliza\u00e7\u00e3o excessiva para os concorrentes da CGA e falta de puni\u00e7\u00e3o por erros da mesma. O cons\u00f3rcio vencedor e a SAC negam qualquer direcionamento.<\/p>\n<p><strong>Viracopos no PPI<\/strong><br \/>\nApesar dos poss\u00edveis imbr\u00f3glios, ap\u00f3s a premia\u00e7\u00e3o, o ministro da Infraestrutura, Tarc\u00edsio de Freitas, afirmou que o projeto de relicita\u00e7\u00e3o dever\u00e1 ser qualificado na pr\u00f3xima reuni\u00e3o do Conselho do PPI (Programa de Parcerias de Investimentos).<\/p>\n<p>\u201c[O projeto] J\u00e1 vai entrar na carteira do PPI de imediato. J\u00e1 tivemos a homologa\u00e7\u00e3o do plano de recupera\u00e7\u00e3o judicial pela Justi\u00e7a, j\u00e1 demos a autoriza\u00e7\u00e3o para o in\u00edcio dos estudos e, ent\u00e3o, \u00e9 vencer essa etapa de estudos e estamos andando muito bem para qualific\u00e1-la tendo em vista a relicita\u00e7\u00e3o\u201d, explicou.<\/p>\n<p><strong>Campe\u00e3<\/strong><br \/>\nMesmo em recupera\u00e7\u00e3o judicial, o Aeroporto de Viracopos, foi eleito o \u201cMelhor Aeroporto do Brasil em todo o ano de 2019\u201d nas pesquisas de satisfa\u00e7\u00e3o de passageiros realizadas pela SAC (Secretaria de Avia\u00e7\u00e3o). Esse \u00e9 o segundo t\u00edtulo do aeroporto, que j\u00e1 havia conquistado o mesmo t\u00edtulo de Melhor do Brasil em 2018.<\/p>\n<p>Viracopos empatou na primeira coloca\u00e7\u00e3o com o aeroporto internacional de Curitiba (PR), da Infraero, na categoria de 5 a 15 milh\u00f5es de passageiros. Ambos atingiram m\u00e9dia anual de satisfa\u00e7\u00e3o geral de 4,74, numa escala que vai de 1 (muito ruim) a 5 (muito bom).<\/p>\n<\/div>\n","protected":false},"excerpt":{"rendered":"<p>Tales Silveira, da\u00a0Ag\u00eancia iNFRA O novo leil\u00e3o do Aeroporto Internacional de Viracopos (SP) dever\u00e1 acontecer em maio de 2021. Foi isso o que afirmou, na \u00faltima ter\u00e7a-feira (3), o secret\u00e1rio nacional de Avia\u00e7\u00e3o Civil do Minfra (Minist\u00e9rio da Infraestrutura), Ronei Glanzmann, ap\u00f3s a cerim\u00f4nia de entrega do Pr\u00eamio Aeroportos + Brasil 2020. \u201cJ\u00e1 temos um [&hellip;]<\/p>\n","protected":false},"author":9,"featured_media":4514,"comment_status":"closed","ping_status":"closed","sticky":false,"template":"","format":"standard","meta":{"_monsterinsights_skip_tracking":false,"_monsterinsights_sitenote_active":false,"_monsterinsights_sitenote_note":"","_monsterinsights_sitenote_category":0,"footnotes":""},"categories":[7],"tags":[1765,1766,61,36,1764,786,1763,448,18,241],"class_list":["post-4513","post","type-post","status-publish","format-standard","has-post-thumbnail","hentry","category-infratransporte","tag-consorcio-gca","tag-consorcio-logit","tag-infraero","tag-ppi","tag-premio-aeroportos-brasil-2020","tag-programa-de-parcerias-de-investimentos","tag-ronei-glanzmann","tag-tarcisio-de-freitas","tag-tcu","tag-viracopos"],"yoast_head":"<!-- This site is optimized with the Yoast SEO Premium plugin v25.4 (Yoast SEO v26.0) - https:\/\/yoast.com\/wordpress\/plugins\/seo\/ -->\n<title>Secret\u00e1rio de Avia\u00e7\u00e3o Civil diz que leil\u00e3o do aeroporto de Viracopos ser\u00e1 em maio de 2021 - Ag\u00eancia iNFRA<\/title>\n<meta name=\"robots\" content=\"index, follow, max-snippet:-1, max-image-preview:large, max-video-preview:-1\" \/>\n<link rel=\"canonical\" href=\"https:\/\/agenciainfra.com\/blog\/secretario-de-aviacao-civil-diz-que-leilao-do-aeroporto-de-viracopos-sera-em-maio-de-2021\/\" \/>\n<meta property=\"og:locale\" content=\"pt_BR\" \/>\n<meta property=\"og:type\" content=\"article\" \/>\n<meta property=\"og:title\" content=\"Secret\u00e1rio de Avia\u00e7\u00e3o Civil diz que leil\u00e3o do aeroporto de Viracopos ser\u00e1 em maio de 2021\" \/>\n<meta property=\"og:description\" content=\"Tales Silveira, da\u00a0Ag\u00eancia iNFRA O novo leil\u00e3o do Aeroporto Internacional de Viracopos (SP) dever\u00e1 acontecer em maio de 2021. Foi isso o que afirmou, na \u00faltima ter\u00e7a-feira (3), o secret\u00e1rio nacional de Avia\u00e7\u00e3o Civil do Minfra (Minist\u00e9rio da Infraestrutura), Ronei Glanzmann, ap\u00f3s a cerim\u00f4nia de entrega do Pr\u00eamio Aeroportos + Brasil 2020. \u201cJ\u00e1 temos um [&hellip;]\" \/>\n<meta property=\"og:url\" content=\"https:\/\/agenciainfra.com\/blog\/secretario-de-aviacao-civil-diz-que-leilao-do-aeroporto-de-viracopos-sera-em-maio-de-2021\/\" \/>\n<meta property=\"og:site_name\" content=\"Ag\u00eancia iNFRA\" \/>\n<meta property=\"article:publisher\" content=\"https:\/\/www.facebook.com\/ageninfra\" \/>\n<meta property=\"article:published_time\" content=\"2020-03-07T11:00:17+00:00\" \/>\n<meta property=\"article:modified_time\" content=\"2020-03-09T19:13:56+00:00\" \/>\n<meta property=\"og:image\" content=\"https:\/\/agenciainfra.com\/blog\/wp-content\/uploads\/2020\/03\/ronei-glanzmann-foto-geraldo-magela-agencia-senado.jpg\" \/>\n\t<meta property=\"og:image:width\" content=\"1280\" \/>\n\t<meta property=\"og:image:height\" content=\"850\" \/>\n\t<meta property=\"og:image:type\" content=\"image\/jpeg\" \/>\n<meta name=\"author\" content=\"Rodrigo Zuquim\" \/>\n<meta name=\"twitter:card\" content=\"summary_large_image\" \/>\n<meta name=\"twitter:creator\" content=\"@agencia_infra\" \/>\n<meta name=\"twitter:site\" content=\"@agencia_infra\" \/>\n<meta name=\"twitter:label1\" content=\"Escrito por\" \/>\n\t<meta name=\"twitter:data1\" content=\"Rodrigo Zuquim\" \/>\n\t<meta name=\"twitter:label2\" content=\"Est. tempo de leitura\" \/>\n\t<meta name=\"twitter:data2\" content=\"4 minutos\" \/>\n<script type=\"application\/ld+json\" class=\"yoast-schema-graph\">{\"@context\":\"https:\/\/schema.org\",\"@graph\":[{\"@type\":\"Article\",\"@id\":\"https:\/\/agenciainfra.com\/blog\/secretario-de-aviacao-civil-diz-que-leilao-do-aeroporto-de-viracopos-sera-em-maio-de-2021\/#article\",\"isPartOf\":{\"@id\":\"https:\/\/agenciainfra.com\/blog\/secretario-de-aviacao-civil-diz-que-leilao-do-aeroporto-de-viracopos-sera-em-maio-de-2021\/\"},\"author\":{\"name\":\"Rodrigo Zuquim\",\"@id\":\"https:\/\/agenciainfra.com\/blog\/#\/schema\/person\/04dbb79bd6d8951f063da71f3e4c1eb1\"},\"headline\":\"Secret\u00e1rio de Avia\u00e7\u00e3o Civil diz que leil\u00e3o do aeroporto de Viracopos ser\u00e1 em maio de 2021\",\"datePublished\":\"2020-03-07T11:00:17+00:00\",\"dateModified\":\"2020-03-09T19:13:56+00:00\",\"mainEntityOfPage\":{\"@id\":\"https:\/\/agenciainfra.com\/blog\/secretario-de-aviacao-civil-diz-que-leilao-do-aeroporto-de-viracopos-sera-em-maio-de-2021\/\"},\"wordCount\":764,\"publisher\":{\"@id\":\"https:\/\/agenciainfra.com\/blog\/#organization\"},\"image\":{\"@id\":\"https:\/\/agenciainfra.com\/blog\/secretario-de-aviacao-civil-diz-que-leilao-do-aeroporto-de-viracopos-sera-em-maio-de-2021\/#primaryimage\"},\"thumbnailUrl\":\"https:\/\/agenciainfra.com\/blog\/wp-content\/uploads\/2020\/03\/ronei-glanzmann-foto-geraldo-magela-agencia-senado.jpg\",\"keywords\":[\"Cons\u00f3rcio GCA\",\"Cons\u00f3rcio Logit\",\"Infraero\",\"PPI\",\"Pr\u00eamio Aeroportos + Brasil 2020\",\"Programa de Parcerias de Investimentos\",\"Ronei Glanzmann\",\"Tarc\u00edsio de Freitas\",\"TCU\",\"Viracopos\"],\"articleSection\":[\"iNFRATransporte\"],\"inLanguage\":\"pt-BR\",\"copyrightYear\":\"2020\",\"copyrightHolder\":{\"@id\":\"https:\/\/agenciainfra.com\/blog\/#organization\"}},{\"@type\":\"WebPage\",\"@id\":\"https:\/\/agenciainfra.com\/blog\/secretario-de-aviacao-civil-diz-que-leilao-do-aeroporto-de-viracopos-sera-em-maio-de-2021\/\",\"url\":\"https:\/\/agenciainfra.com\/blog\/secretario-de-aviacao-civil-diz-que-leilao-do-aeroporto-de-viracopos-sera-em-maio-de-2021\/\",\"name\":\"Secret\u00e1rio de Avia\u00e7\u00e3o Civil diz que leil\u00e3o do aeroporto de Viracopos ser\u00e1 em maio de 2021 - Ag\u00eancia iNFRA\",\"isPartOf\":{\"@id\":\"https:\/\/agenciainfra.com\/blog\/#website\"},\"primaryImageOfPage\":{\"@id\":\"https:\/\/agenciainfra.com\/blog\/secretario-de-aviacao-civil-diz-que-leilao-do-aeroporto-de-viracopos-sera-em-maio-de-2021\/#primaryimage\"},\"image\":{\"@id\":\"https:\/\/agenciainfra.com\/blog\/secretario-de-aviacao-civil-diz-que-leilao-do-aeroporto-de-viracopos-sera-em-maio-de-2021\/#primaryimage\"},\"thumbnailUrl\":\"https:\/\/agenciainfra.com\/blog\/wp-content\/uploads\/2020\/03\/ronei-glanzmann-foto-geraldo-magela-agencia-senado.jpg\",\"datePublished\":\"2020-03-07T11:00:17+00:00\",\"dateModified\":\"2020-03-09T19:13:56+00:00\",\"breadcrumb\":{\"@id\":\"https:\/\/agenciainfra.com\/blog\/secretario-de-aviacao-civil-diz-que-leilao-do-aeroporto-de-viracopos-sera-em-maio-de-2021\/#breadcrumb\"},\"inLanguage\":\"pt-BR\",\"potentialAction\":[{\"@type\":\"ReadAction\",\"target\":[\"https:\/\/agenciainfra.com\/blog\/secretario-de-aviacao-civil-diz-que-leilao-do-aeroporto-de-viracopos-sera-em-maio-de-2021\/\"]}]},{\"@type\":\"ImageObject\",\"inLanguage\":\"pt-BR\",\"@id\":\"https:\/\/agenciainfra.com\/blog\/secretario-de-aviacao-civil-diz-que-leilao-do-aeroporto-de-viracopos-sera-em-maio-de-2021\/#primaryimage\",\"url\":\"https:\/\/agenciainfra.com\/blog\/wp-content\/uploads\/2020\/03\/ronei-glanzmann-foto-geraldo-magela-agencia-senado.jpg\",\"contentUrl\":\"https:\/\/agenciainfra.com\/blog\/wp-content\/uploads\/2020\/03\/ronei-glanzmann-foto-geraldo-magela-agencia-senado.jpg\",\"width\":1280,\"height\":850},{\"@type\":\"BreadcrumbList\",\"@id\":\"https:\/\/agenciainfra.com\/blog\/secretario-de-aviacao-civil-diz-que-leilao-do-aeroporto-de-viracopos-sera-em-maio-de-2021\/#breadcrumb\",\"itemListElement\":[{\"@type\":\"ListItem\",\"position\":1,\"name\":\"In\u00edcio\",\"item\":\"https:\/\/agenciainfra.com\/blog\/\"},{\"@type\":\"ListItem\",\"position\":2,\"name\":\"Secret\u00e1rio de Avia\u00e7\u00e3o Civil diz que leil\u00e3o do aeroporto de Viracopos ser\u00e1 em maio de 2021\"}]},{\"@type\":\"WebSite\",\"@id\":\"https:\/\/agenciainfra.com\/blog\/#website\",\"url\":\"https:\/\/agenciainfra.com\/blog\/\",\"name\":\"Ag\u00eancia iNFRA\",\"description\":\"Multiplataforma de informa\u00e7\u00e3o jornal\u00edstica refer\u00eancia na \u00e1rea de infraestrutura no Brasil!\",\"publisher\":{\"@id\":\"https:\/\/agenciainfra.com\/blog\/#organization\"},\"potentialAction\":[{\"@type\":\"SearchAction\",\"target\":{\"@type\":\"EntryPoint\",\"urlTemplate\":\"https:\/\/agenciainfra.com\/blog\/?s={search_term_string}\"},\"query-input\":{\"@type\":\"PropertyValueSpecification\",\"valueRequired\":true,\"valueName\":\"search_term_string\"}}],\"inLanguage\":\"pt-BR\"},{\"@type\":\"Organization\",\"@id\":\"https:\/\/agenciainfra.com\/blog\/#organization\",\"name\":\"Ag\u00eancia iNFRA\",\"url\":\"https:\/\/agenciainfra.com\/blog\/\",\"logo\":{\"@type\":\"ImageObject\",\"inLanguage\":\"pt-BR\",\"@id\":\"https:\/\/agenciainfra.com\/blog\/#\/schema\/logo\/image\/\",\"url\":\"https:\/\/agenciainfra.com\/blog\/wp-content\/uploads\/2023\/09\/iNFRA_5-e1761735885940.png\",\"contentUrl\":\"https:\/\/agenciainfra.com\/blog\/wp-content\/uploads\/2023\/09\/iNFRA_5-e1761735885940.png\",\"width\":1672,\"height\":454,\"caption\":\"Ag\u00eancia iNFRA\"},\"image\":{\"@id\":\"https:\/\/agenciainfra.com\/blog\/#\/schema\/logo\/image\/\"},\"sameAs\":[\"https:\/\/www.facebook.com\/ageninfra\",\"https:\/\/x.com\/agencia_infra\",\"https:\/\/www.linkedin.com\/company\/ag\u00eanciainfra\/\",\"https:\/\/www.instagram.com\/agenciainfra\/\"]},{\"@type\":\"Person\",\"@id\":\"https:\/\/agenciainfra.com\/blog\/#\/schema\/person\/04dbb79bd6d8951f063da71f3e4c1eb1\",\"name\":\"Rodrigo Zuquim\",\"image\":{\"@type\":\"ImageObject\",\"inLanguage\":\"pt-BR\",\"@id\":\"https:\/\/agenciainfra.com\/blog\/#\/schema\/person\/image\/\",\"url\":\"https:\/\/secure.gravatar.com\/avatar\/594abfe82761d620726242ff34ca472a705a4b97f16c790053a6b4c4035274d0?s=96&d=mm&r=g\",\"contentUrl\":\"https:\/\/secure.gravatar.com\/avatar\/594abfe82761d620726242ff34ca472a705a4b97f16c790053a6b4c4035274d0?s=96&d=mm&r=g\",\"caption\":\"Rodrigo Zuquim\"},\"url\":\"https:\/\/agenciainfra.com\/blog\/author\/rodrigo-zuquim\/\"}]}<\/script>\n<!-- \/ Yoast SEO Premium plugin. -->","yoast_head_json":{"title":"Secret\u00e1rio de Avia\u00e7\u00e3o Civil diz que leil\u00e3o do aeroporto de Viracopos ser\u00e1 em maio de 2021 - Ag\u00eancia iNFRA","robots":{"index":"index","follow":"follow","max-snippet":"max-snippet:-1","max-image-preview":"max-image-preview:large","max-video-preview":"max-video-preview:-1"},"canonical":"https:\/\/agenciainfra.com\/blog\/secretario-de-aviacao-civil-diz-que-leilao-do-aeroporto-de-viracopos-sera-em-maio-de-2021\/","og_locale":"pt_BR","og_type":"article","og_title":"Secret\u00e1rio de Avia\u00e7\u00e3o Civil diz que leil\u00e3o do aeroporto de Viracopos ser\u00e1 em maio de 2021","og_description":"Tales Silveira, da\u00a0Ag\u00eancia iNFRA O novo leil\u00e3o do Aeroporto Internacional de Viracopos (SP) dever\u00e1 acontecer em maio de 2021. Foi isso o que afirmou, na \u00faltima ter\u00e7a-feira (3), o secret\u00e1rio nacional de Avia\u00e7\u00e3o Civil do Minfra (Minist\u00e9rio da Infraestrutura), Ronei Glanzmann, ap\u00f3s a cerim\u00f4nia de entrega do Pr\u00eamio Aeroportos + Brasil 2020. \u201cJ\u00e1 temos um [&hellip;]","og_url":"https:\/\/agenciainfra.com\/blog\/secretario-de-aviacao-civil-diz-que-leilao-do-aeroporto-de-viracopos-sera-em-maio-de-2021\/","og_site_name":"Ag\u00eancia iNFRA","article_publisher":"https:\/\/www.facebook.com\/ageninfra","article_published_time":"2020-03-07T11:00:17+00:00","article_modified_time":"2020-03-09T19:13:56+00:00","og_image":[{"width":1280,"height":850,"url":"https:\/\/agenciainfra.com\/blog\/wp-content\/uploads\/2020\/03\/ronei-glanzmann-foto-geraldo-magela-agencia-senado.jpg","type":"image\/jpeg"}],"author":"Rodrigo Zuquim","twitter_card":"summary_large_image","twitter_creator":"@agencia_infra","twitter_site":"@agencia_infra","twitter_misc":{"Escrito por":"Rodrigo Zuquim","Est. tempo de leitura":"4 minutos"},"schema":{"@context":"https:\/\/schema.org","@graph":[{"@type":"Article","@id":"https:\/\/agenciainfra.com\/blog\/secretario-de-aviacao-civil-diz-que-leilao-do-aeroporto-de-viracopos-sera-em-maio-de-2021\/#article","isPartOf":{"@id":"https:\/\/agenciainfra.com\/blog\/secretario-de-aviacao-civil-diz-que-leilao-do-aeroporto-de-viracopos-sera-em-maio-de-2021\/"},"author":{"name":"Rodrigo Zuquim","@id":"https:\/\/agenciainfra.com\/blog\/#\/schema\/person\/04dbb79bd6d8951f063da71f3e4c1eb1"},"headline":"Secret\u00e1rio de Avia\u00e7\u00e3o Civil diz que leil\u00e3o do aeroporto de Viracopos ser\u00e1 em maio de 2021","datePublished":"2020-03-07T11:00:17+00:00","dateModified":"2020-03-09T19:13:56+00:00","mainEntityOfPage":{"@id":"https:\/\/agenciainfra.com\/blog\/secretario-de-aviacao-civil-diz-que-leilao-do-aeroporto-de-viracopos-sera-em-maio-de-2021\/"},"wordCount":764,"publisher":{"@id":"https:\/\/agenciainfra.com\/blog\/#organization"},"image":{"@id":"https:\/\/agenciainfra.com\/blog\/secretario-de-aviacao-civil-diz-que-leilao-do-aeroporto-de-viracopos-sera-em-maio-de-2021\/#primaryimage"},"thumbnailUrl":"https:\/\/agenciainfra.com\/blog\/wp-content\/uploads\/2020\/03\/ronei-glanzmann-foto-geraldo-magela-agencia-senado.jpg","keywords":["Cons\u00f3rcio GCA","Cons\u00f3rcio Logit","Infraero","PPI","Pr\u00eamio Aeroportos + Brasil 2020","Programa de Parcerias de Investimentos","Ronei Glanzmann","Tarc\u00edsio de Freitas","TCU","Viracopos"],"articleSection":["iNFRATransporte"],"inLanguage":"pt-BR","copyrightYear":"2020","copyrightHolder":{"@id":"https:\/\/agenciainfra.com\/blog\/#organization"}},{"@type":"WebPage","@id":"https:\/\/agenciainfra.com\/blog\/secretario-de-aviacao-civil-diz-que-leilao-do-aeroporto-de-viracopos-sera-em-maio-de-2021\/","url":"https:\/\/agenciainfra.com\/blog\/secretario-de-aviacao-civil-diz-que-leilao-do-aeroporto-de-viracopos-sera-em-maio-de-2021\/","name":"Secret\u00e1rio de Avia\u00e7\u00e3o Civil diz que leil\u00e3o do aeroporto de Viracopos ser\u00e1 em maio de 2021 - Ag\u00eancia iNFRA","isPartOf":{"@id":"https:\/\/agenciainfra.com\/blog\/#website"},"primaryImageOfPage":{"@id":"https:\/\/agenciainfra.com\/blog\/secretario-de-aviacao-civil-diz-que-leilao-do-aeroporto-de-viracopos-sera-em-maio-de-2021\/#primaryimage"},"image":{"@id":"https:\/\/agenciainfra.com\/blog\/secretario-de-aviacao-civil-diz-que-leilao-do-aeroporto-de-viracopos-sera-em-maio-de-2021\/#primaryimage"},"thumbnailUrl":"https:\/\/agenciainfra.com\/blog\/wp-content\/uploads\/2020\/03\/ronei-glanzmann-foto-geraldo-magela-agencia-senado.jpg","datePublished":"2020-03-07T11:00:17+00:00","dateModified":"2020-03-09T19:13:56+00:00","breadcrumb":{"@id":"https:\/\/agenciainfra.com\/blog\/secretario-de-aviacao-civil-diz-que-leilao-do-aeroporto-de-viracopos-sera-em-maio-de-2021\/#breadcrumb"},"inLanguage":"pt-BR","potentialAction":[{"@type":"ReadAction","target":["https:\/\/agenciainfra.com\/blog\/secretario-de-aviacao-civil-diz-que-leilao-do-aeroporto-de-viracopos-sera-em-maio-de-2021\/"]}]},{"@type":"ImageObject","inLanguage":"pt-BR","@id":"https:\/\/agenciainfra.com\/blog\/secretario-de-aviacao-civil-diz-que-leilao-do-aeroporto-de-viracopos-sera-em-maio-de-2021\/#primaryimage","url":"https:\/\/agenciainfra.com\/blog\/wp-content\/uploads\/2020\/03\/ronei-glanzmann-foto-geraldo-magela-agencia-senado.jpg","contentUrl":"https:\/\/agenciainfra.com\/blog\/wp-content\/uploads\/2020\/03\/ronei-glanzmann-foto-geraldo-magela-agencia-senado.jpg","width":1280,"height":850},{"@type":"BreadcrumbList","@id":"https:\/\/agenciainfra.com\/blog\/secretario-de-aviacao-civil-diz-que-leilao-do-aeroporto-de-viracopos-sera-em-maio-de-2021\/#breadcrumb","itemListElement":[{"@type":"ListItem","position":1,"name":"In\u00edcio","item":"https:\/\/agenciainfra.com\/blog\/"},{"@type":"ListItem","position":2,"name":"Secret\u00e1rio de Avia\u00e7\u00e3o Civil diz que leil\u00e3o do aeroporto de Viracopos ser\u00e1 em maio de 2021"}]},{"@type":"WebSite","@id":"https:\/\/agenciainfra.com\/blog\/#website","url":"https:\/\/agenciainfra.com\/blog\/","name":"Ag\u00eancia iNFRA","description":"Multiplataforma de informa\u00e7\u00e3o jornal\u00edstica refer\u00eancia na \u00e1rea de infraestrutura no Brasil!","publisher":{"@id":"https:\/\/agenciainfra.com\/blog\/#organization"},"potentialAction":[{"@type":"SearchAction","target":{"@type":"EntryPoint","urlTemplate":"https:\/\/agenciainfra.com\/blog\/?s={search_term_string}"},"query-input":{"@type":"PropertyValueSpecification","valueRequired":true,"valueName":"search_term_string"}}],"inLanguage":"pt-BR"},{"@type":"Organization","@id":"https:\/\/agenciainfra.com\/blog\/#organization","name":"Ag\u00eancia iNFRA","url":"https:\/\/agenciainfra.com\/blog\/","logo":{"@type":"ImageObject","inLanguage":"pt-BR","@id":"https:\/\/agenciainfra.com\/blog\/#\/schema\/logo\/image\/","url":"https:\/\/agenciainfra.com\/blog\/wp-content\/uploads\/2023\/09\/iNFRA_5-e1761735885940.png","contentUrl":"https:\/\/agenciainfra.com\/blog\/wp-content\/uploads\/2023\/09\/iNFRA_5-e1761735885940.png","width":1672,"height":454,"caption":"Ag\u00eancia iNFRA"},"image":{"@id":"https:\/\/agenciainfra.com\/blog\/#\/schema\/logo\/image\/"},"sameAs":["https:\/\/www.facebook.com\/ageninfra","https:\/\/x.com\/agencia_infra","https:\/\/www.linkedin.com\/company\/ag\u00eanciainfra\/","https:\/\/www.instagram.com\/agenciainfra\/"]},{"@type":"Person","@id":"https:\/\/agenciainfra.com\/blog\/#\/schema\/person\/04dbb79bd6d8951f063da71f3e4c1eb1","name":"Rodrigo Zuquim","image":{"@type":"ImageObject","inLanguage":"pt-BR","@id":"https:\/\/agenciainfra.com\/blog\/#\/schema\/person\/image\/","url":"https:\/\/secure.gravatar.com\/avatar\/594abfe82761d620726242ff34ca472a705a4b97f16c790053a6b4c4035274d0?s=96&d=mm&r=g","contentUrl":"https:\/\/secure.gravatar.com\/avatar\/594abfe82761d620726242ff34ca472a705a4b97f16c790053a6b4c4035274d0?s=96&d=mm&r=g","caption":"Rodrigo Zuquim"},"url":"https:\/\/agenciainfra.com\/blog\/author\/rodrigo-zuquim\/"}]}},"_links":{"self":[{"href":"https:\/\/agenciainfra.com\/blog\/wp-json\/wp\/v2\/posts\/4513","targetHints":{"allow":["GET"]}}],"collection":[{"href":"https:\/\/agenciainfra.com\/blog\/wp-json\/wp\/v2\/posts"}],"about":[{"href":"https:\/\/agenciainfra.com\/blog\/wp-json\/wp\/v2\/types\/post"}],"author":[{"embeddable":true,"href":"https:\/\/agenciainfra.com\/blog\/wp-json\/wp\/v2\/users\/9"}],"replies":[{"embeddable":true,"href":"https:\/\/agenciainfra.com\/blog\/wp-json\/wp\/v2\/comments?post=4513"}],"version-history":[{"count":0,"href":"https:\/\/agenciainfra.com\/blog\/wp-json\/wp\/v2\/posts\/4513\/revisions"}],"wp:featuredmedia":[{"embeddable":true,"href":"https:\/\/agenciainfra.com\/blog\/wp-json\/wp\/v2\/media\/4514"}],"wp:attachment":[{"href":"https:\/\/agenciainfra.com\/blog\/wp-json\/wp\/v2\/media?parent=4513"}],"wp:term":[{"taxonomy":"category","embeddable":true,"href":"https:\/\/agenciainfra.com\/blog\/wp-json\/wp\/v2\/categories?post=4513"},{"taxonomy":"post_tag","embeddable":true,"href":"https:\/\/agenciainfra.com\/blog\/wp-json\/wp\/v2\/tags?post=4513"}],"curies":[{"name":"wp","href":"https:\/\/api.w.org\/{rel}","templated":true}]}}