{"id":4522,"date":"2020-03-08T08:00:28","date_gmt":"2020-03-08T11:00:28","guid":{"rendered":"http:\/\/www.agenciainfra.com\/blog\/?p=4522"},"modified":"2020-03-07T18:44:54","modified_gmt":"2020-03-07T21:44:54","slug":"projeto-de-lei-do-gsf-pode-ser-votado-pela-cae-do-senado-na-proxima-terca","status":"publish","type":"post","link":"https:\/\/agenciainfra.com\/blog\/projeto-de-lei-do-gsf-pode-ser-votado-pela-cae-do-senado-na-proxima-terca\/","title":{"rendered":"Projeto de Lei do GSF pode ser votado pela CAE do Senado na pr\u00f3xima ter\u00e7a"},"content":{"rendered":"<h5 style=\"text-align: right;\"><strong>Tales Silveira e Guilherme Mendes, da Ag\u00eancia iNFRA<\/strong><\/h5>\n<p dir=\"ltr\">O presidente da CAE (Comiss\u00e3o de Assuntos Econ\u00f4micos) do Senado, Omar Aziz (PSD-AM), decidiu incluir o projeto de lei que trata da repactua\u00e7\u00e3o do risco hidrol\u00f3gico (GSF) como o primeiro item da pauta da reuni\u00e3o do colegiado na pr\u00f3xima ter\u00e7a-feira (10).<\/p>\n<p>A decis\u00e3o de pautar o PL 3.975\/2019 ocorre depois de um acerto entre Aziz e o ministro de Minas e Energia, Bento Albuquerque, para\u00a0futuros vetos, pelo presidente da Rep\u00fablica, a temas estranhos ao GSF, e que est\u00e3o presentes no PL.<\/p>\n<p>Na \u00faltima quarta-feira (4), Bento Albuquerque afirmou que conversou com o presidente da CAE e reafirmou que h\u00e1 acordo entre o Executivo e o Legislativo para o veto. \u201cFalei com ele [senador Omar Aziz] hoje, e falei com o senador Marcos Rog\u00e9rio [DEM-RO]\u201d, comentou, na ocasi\u00e3o.<\/p>\n<p>Aziz \u00e9 contr\u00e1rio \u00e0 proposta de cria\u00e7\u00e3o do Brasduto, que est\u00e1 no PL e prev\u00ea a destina\u00e7\u00e3o de recursos do pr\u00e9-sal para a constru\u00e7\u00e3o de gasodutos. O senador condicionou a inclus\u00e3o em pauta do PL \u00e0 garantia de que haveria o seu futuro veto.<\/p>\n","protected":false},"excerpt":{"rendered":"<p>Tales Silveira e Guilherme Mendes, da Ag\u00eancia iNFRA O presidente da CAE (Comiss\u00e3o de Assuntos Econ\u00f4micos) do Senado, Omar Aziz (PSD-AM), decidiu incluir o projeto de lei que trata da repactua\u00e7\u00e3o do risco hidrol\u00f3gico (GSF) como o primeiro item da pauta da reuni\u00e3o do colegiado na pr\u00f3xima ter\u00e7a-feira (10). A decis\u00e3o de pautar o PL [&hellip;]<\/p>\n","protected":false},"author":9,"featured_media":4523,"comment_status":"closed","ping_status":"closed","sticky":false,"template":"","format":"standard","meta":{"_monsterinsights_skip_tracking":false,"_monsterinsights_sitenote_active":false,"_monsterinsights_sitenote_note":"","_monsterinsights_sitenote_category":0,"footnotes":""},"categories":[10],"tags":[710,690,348,1193,1317,1666,193],"class_list":["post-4522","post","type-post","status-publish","format-standard","has-post-thumbnail","hentry","category-infraenergia","tag-bento-albuquerque","tag-brasduto","tag-gsf","tag-marcos-rogerio","tag-omar-aziz","tag-pl-3-975-2019","tag-risco-hidrologico"],"yoast_head":"<!-- This site is optimized with the Yoast SEO Premium plugin v25.4 (Yoast SEO v26.0) - https:\/\/yoast.com\/wordpress\/plugins\/seo\/ -->\n<title>Projeto de Lei do GSF pode ser votado pela CAE do Senado na pr\u00f3xima ter\u00e7a - Ag\u00eancia iNFRA<\/title>\n<meta name=\"robots\" content=\"index, follow, max-snippet:-1, max-image-preview:large, max-video-preview:-1\" \/>\n<link rel=\"canonical\" href=\"https:\/\/agenciainfra.com\/blog\/projeto-de-lei-do-gsf-pode-ser-votado-pela-cae-do-senado-na-proxima-terca\/\" \/>\n<meta property=\"og:locale\" content=\"pt_BR\" \/>\n<meta property=\"og:type\" content=\"article\" \/>\n<meta property=\"og:title\" content=\"Projeto de Lei do GSF pode ser votado pela CAE do Senado na pr\u00f3xima ter\u00e7a\" \/>\n<meta property=\"og:description\" content=\"Tales Silveira e Guilherme Mendes, da Ag\u00eancia iNFRA O presidente da CAE (Comiss\u00e3o de Assuntos Econ\u00f4micos) do Senado, Omar Aziz (PSD-AM), decidiu incluir o projeto de lei que trata da repactua\u00e7\u00e3o do risco hidrol\u00f3gico (GSF) como o primeiro item da pauta da reuni\u00e3o do colegiado na pr\u00f3xima ter\u00e7a-feira (10). A decis\u00e3o de pautar o PL [&hellip;]\" \/>\n<meta property=\"og:url\" content=\"https:\/\/agenciainfra.com\/blog\/projeto-de-lei-do-gsf-pode-ser-votado-pela-cae-do-senado-na-proxima-terca\/\" \/>\n<meta property=\"og:site_name\" content=\"Ag\u00eancia iNFRA\" \/>\n<meta property=\"article:publisher\" content=\"https:\/\/www.facebook.com\/ageninfra\" \/>\n<meta property=\"article:published_time\" content=\"2020-03-08T11:00:28+00:00\" \/>\n<meta property=\"og:image\" content=\"https:\/\/agenciainfra.com\/blog\/wp-content\/uploads\/2020\/03\/omar-aziz-foto-jane-de-araujo-agencia-senado.jpg\" \/>\n\t<meta property=\"og:image:width\" content=\"1280\" \/>\n\t<meta property=\"og:image:height\" content=\"853\" \/>\n\t<meta property=\"og:image:type\" content=\"image\/jpeg\" \/>\n<meta name=\"author\" content=\"Rodrigo Zuquim\" \/>\n<meta name=\"twitter:card\" content=\"summary_large_image\" \/>\n<meta name=\"twitter:creator\" content=\"@agencia_infra\" \/>\n<meta name=\"twitter:site\" content=\"@agencia_infra\" \/>\n<meta name=\"twitter:label1\" content=\"Escrito por\" \/>\n\t<meta name=\"twitter:data1\" content=\"Rodrigo Zuquim\" \/>\n\t<meta name=\"twitter:label2\" content=\"Est. tempo de leitura\" \/>\n\t<meta name=\"twitter:data2\" content=\"1 minuto\" \/>\n<script type=\"application\/ld+json\" class=\"yoast-schema-graph\">{\"@context\":\"https:\/\/schema.org\",\"@graph\":[{\"@type\":\"Article\",\"@id\":\"https:\/\/agenciainfra.com\/blog\/projeto-de-lei-do-gsf-pode-ser-votado-pela-cae-do-senado-na-proxima-terca\/#article\",\"isPartOf\":{\"@id\":\"https:\/\/agenciainfra.com\/blog\/projeto-de-lei-do-gsf-pode-ser-votado-pela-cae-do-senado-na-proxima-terca\/\"},\"author\":{\"name\":\"Rodrigo Zuquim\",\"@id\":\"https:\/\/agenciainfra.com\/blog\/#\/schema\/person\/04dbb79bd6d8951f063da71f3e4c1eb1\"},\"headline\":\"Projeto de Lei do GSF pode ser votado pela CAE do Senado na pr\u00f3xima ter\u00e7a\",\"datePublished\":\"2020-03-08T11:00:28+00:00\",\"mainEntityOfPage\":{\"@id\":\"https:\/\/agenciainfra.com\/blog\/projeto-de-lei-do-gsf-pode-ser-votado-pela-cae-do-senado-na-proxima-terca\/\"},\"wordCount\":210,\"publisher\":{\"@id\":\"https:\/\/agenciainfra.com\/blog\/#organization\"},\"image\":{\"@id\":\"https:\/\/agenciainfra.com\/blog\/projeto-de-lei-do-gsf-pode-ser-votado-pela-cae-do-senado-na-proxima-terca\/#primaryimage\"},\"thumbnailUrl\":\"https:\/\/agenciainfra.com\/blog\/wp-content\/uploads\/2020\/03\/omar-aziz-foto-jane-de-araujo-agencia-senado.jpg\",\"keywords\":[\"bento albuquerque\",\"Brasduto\",\"GSF\",\"Marcos Rog\u00e9rio\",\"Omar Aziz\",\"PL 3.975\/2019\",\"risco hidrol\u00f3gico\"],\"articleSection\":[\"iNFRAEnergia\"],\"inLanguage\":\"pt-BR\",\"copyrightYear\":\"2020\",\"copyrightHolder\":{\"@id\":\"https:\/\/agenciainfra.com\/blog\/#organization\"}},{\"@type\":\"WebPage\",\"@id\":\"https:\/\/agenciainfra.com\/blog\/projeto-de-lei-do-gsf-pode-ser-votado-pela-cae-do-senado-na-proxima-terca\/\",\"url\":\"https:\/\/agenciainfra.com\/blog\/projeto-de-lei-do-gsf-pode-ser-votado-pela-cae-do-senado-na-proxima-terca\/\",\"name\":\"Projeto de Lei do GSF pode ser votado pela CAE do Senado na pr\u00f3xima ter\u00e7a - Ag\u00eancia iNFRA\",\"isPartOf\":{\"@id\":\"https:\/\/agenciainfra.com\/blog\/#website\"},\"primaryImageOfPage\":{\"@id\":\"https:\/\/agenciainfra.com\/blog\/projeto-de-lei-do-gsf-pode-ser-votado-pela-cae-do-senado-na-proxima-terca\/#primaryimage\"},\"image\":{\"@id\":\"https:\/\/agenciainfra.com\/blog\/projeto-de-lei-do-gsf-pode-ser-votado-pela-cae-do-senado-na-proxima-terca\/#primaryimage\"},\"thumbnailUrl\":\"https:\/\/agenciainfra.com\/blog\/wp-content\/uploads\/2020\/03\/omar-aziz-foto-jane-de-araujo-agencia-senado.jpg\",\"datePublished\":\"2020-03-08T11:00:28+00:00\",\"breadcrumb\":{\"@id\":\"https:\/\/agenciainfra.com\/blog\/projeto-de-lei-do-gsf-pode-ser-votado-pela-cae-do-senado-na-proxima-terca\/#breadcrumb\"},\"inLanguage\":\"pt-BR\",\"potentialAction\":[{\"@type\":\"ReadAction\",\"target\":[\"https:\/\/agenciainfra.com\/blog\/projeto-de-lei-do-gsf-pode-ser-votado-pela-cae-do-senado-na-proxima-terca\/\"]}]},{\"@type\":\"ImageObject\",\"inLanguage\":\"pt-BR\",\"@id\":\"https:\/\/agenciainfra.com\/blog\/projeto-de-lei-do-gsf-pode-ser-votado-pela-cae-do-senado-na-proxima-terca\/#primaryimage\",\"url\":\"https:\/\/agenciainfra.com\/blog\/wp-content\/uploads\/2020\/03\/omar-aziz-foto-jane-de-araujo-agencia-senado.jpg\",\"contentUrl\":\"https:\/\/agenciainfra.com\/blog\/wp-content\/uploads\/2020\/03\/omar-aziz-foto-jane-de-araujo-agencia-senado.jpg\",\"width\":1280,\"height\":853},{\"@type\":\"BreadcrumbList\",\"@id\":\"https:\/\/agenciainfra.com\/blog\/projeto-de-lei-do-gsf-pode-ser-votado-pela-cae-do-senado-na-proxima-terca\/#breadcrumb\",\"itemListElement\":[{\"@type\":\"ListItem\",\"position\":1,\"name\":\"In\u00edcio\",\"item\":\"https:\/\/agenciainfra.com\/blog\/\"},{\"@type\":\"ListItem\",\"position\":2,\"name\":\"Projeto de Lei do GSF pode ser votado pela CAE do Senado na pr\u00f3xima ter\u00e7a\"}]},{\"@type\":\"WebSite\",\"@id\":\"https:\/\/agenciainfra.com\/blog\/#website\",\"url\":\"https:\/\/agenciainfra.com\/blog\/\",\"name\":\"Ag\u00eancia iNFRA\",\"description\":\"Multiplataforma de informa\u00e7\u00e3o jornal\u00edstica refer\u00eancia na \u00e1rea de infraestrutura no Brasil!\",\"publisher\":{\"@id\":\"https:\/\/agenciainfra.com\/blog\/#organization\"},\"potentialAction\":[{\"@type\":\"SearchAction\",\"target\":{\"@type\":\"EntryPoint\",\"urlTemplate\":\"https:\/\/agenciainfra.com\/blog\/?s={search_term_string}\"},\"query-input\":{\"@type\":\"PropertyValueSpecification\",\"valueRequired\":true,\"valueName\":\"search_term_string\"}}],\"inLanguage\":\"pt-BR\"},{\"@type\":\"Organization\",\"@id\":\"https:\/\/agenciainfra.com\/blog\/#organization\",\"name\":\"Ag\u00eancia iNFRA\",\"url\":\"https:\/\/agenciainfra.com\/blog\/\",\"logo\":{\"@type\":\"ImageObject\",\"inLanguage\":\"pt-BR\",\"@id\":\"https:\/\/agenciainfra.com\/blog\/#\/schema\/logo\/image\/\",\"url\":\"https:\/\/agenciainfra.com\/blog\/wp-content\/uploads\/2023\/09\/iNFRA_5-e1761735885940.png\",\"contentUrl\":\"https:\/\/agenciainfra.com\/blog\/wp-content\/uploads\/2023\/09\/iNFRA_5-e1761735885940.png\",\"width\":1672,\"height\":454,\"caption\":\"Ag\u00eancia iNFRA\"},\"image\":{\"@id\":\"https:\/\/agenciainfra.com\/blog\/#\/schema\/logo\/image\/\"},\"sameAs\":[\"https:\/\/www.facebook.com\/ageninfra\",\"https:\/\/x.com\/agencia_infra\",\"https:\/\/www.linkedin.com\/company\/ag\u00eanciainfra\/\",\"https:\/\/www.instagram.com\/agenciainfra\/\"]},{\"@type\":\"Person\",\"@id\":\"https:\/\/agenciainfra.com\/blog\/#\/schema\/person\/04dbb79bd6d8951f063da71f3e4c1eb1\",\"name\":\"Rodrigo Zuquim\",\"image\":{\"@type\":\"ImageObject\",\"inLanguage\":\"pt-BR\",\"@id\":\"https:\/\/agenciainfra.com\/blog\/#\/schema\/person\/image\/\",\"url\":\"https:\/\/secure.gravatar.com\/avatar\/594abfe82761d620726242ff34ca472a705a4b97f16c790053a6b4c4035274d0?s=96&d=mm&r=g\",\"contentUrl\":\"https:\/\/secure.gravatar.com\/avatar\/594abfe82761d620726242ff34ca472a705a4b97f16c790053a6b4c4035274d0?s=96&d=mm&r=g\",\"caption\":\"Rodrigo Zuquim\"},\"url\":\"https:\/\/agenciainfra.com\/blog\/author\/rodrigo-zuquim\/\"}]}<\/script>\n<!-- \/ Yoast SEO Premium plugin. -->","yoast_head_json":{"title":"Projeto de Lei do GSF pode ser votado pela CAE do Senado na pr\u00f3xima ter\u00e7a - Ag\u00eancia iNFRA","robots":{"index":"index","follow":"follow","max-snippet":"max-snippet:-1","max-image-preview":"max-image-preview:large","max-video-preview":"max-video-preview:-1"},"canonical":"https:\/\/agenciainfra.com\/blog\/projeto-de-lei-do-gsf-pode-ser-votado-pela-cae-do-senado-na-proxima-terca\/","og_locale":"pt_BR","og_type":"article","og_title":"Projeto de Lei do GSF pode ser votado pela CAE do Senado na pr\u00f3xima ter\u00e7a","og_description":"Tales Silveira e Guilherme Mendes, da Ag\u00eancia iNFRA O presidente da CAE (Comiss\u00e3o de Assuntos Econ\u00f4micos) do Senado, Omar Aziz (PSD-AM), decidiu incluir o projeto de lei que trata da repactua\u00e7\u00e3o do risco hidrol\u00f3gico (GSF) como o primeiro item da pauta da reuni\u00e3o do colegiado na pr\u00f3xima ter\u00e7a-feira (10). A decis\u00e3o de pautar o PL [&hellip;]","og_url":"https:\/\/agenciainfra.com\/blog\/projeto-de-lei-do-gsf-pode-ser-votado-pela-cae-do-senado-na-proxima-terca\/","og_site_name":"Ag\u00eancia iNFRA","article_publisher":"https:\/\/www.facebook.com\/ageninfra","article_published_time":"2020-03-08T11:00:28+00:00","og_image":[{"width":1280,"height":853,"url":"https:\/\/agenciainfra.com\/blog\/wp-content\/uploads\/2020\/03\/omar-aziz-foto-jane-de-araujo-agencia-senado.jpg","type":"image\/jpeg"}],"author":"Rodrigo Zuquim","twitter_card":"summary_large_image","twitter_creator":"@agencia_infra","twitter_site":"@agencia_infra","twitter_misc":{"Escrito por":"Rodrigo Zuquim","Est. tempo de leitura":"1 minuto"},"schema":{"@context":"https:\/\/schema.org","@graph":[{"@type":"Article","@id":"https:\/\/agenciainfra.com\/blog\/projeto-de-lei-do-gsf-pode-ser-votado-pela-cae-do-senado-na-proxima-terca\/#article","isPartOf":{"@id":"https:\/\/agenciainfra.com\/blog\/projeto-de-lei-do-gsf-pode-ser-votado-pela-cae-do-senado-na-proxima-terca\/"},"author":{"name":"Rodrigo Zuquim","@id":"https:\/\/agenciainfra.com\/blog\/#\/schema\/person\/04dbb79bd6d8951f063da71f3e4c1eb1"},"headline":"Projeto de Lei do GSF pode ser votado pela CAE do Senado na pr\u00f3xima ter\u00e7a","datePublished":"2020-03-08T11:00:28+00:00","mainEntityOfPage":{"@id":"https:\/\/agenciainfra.com\/blog\/projeto-de-lei-do-gsf-pode-ser-votado-pela-cae-do-senado-na-proxima-terca\/"},"wordCount":210,"publisher":{"@id":"https:\/\/agenciainfra.com\/blog\/#organization"},"image":{"@id":"https:\/\/agenciainfra.com\/blog\/projeto-de-lei-do-gsf-pode-ser-votado-pela-cae-do-senado-na-proxima-terca\/#primaryimage"},"thumbnailUrl":"https:\/\/agenciainfra.com\/blog\/wp-content\/uploads\/2020\/03\/omar-aziz-foto-jane-de-araujo-agencia-senado.jpg","keywords":["bento albuquerque","Brasduto","GSF","Marcos Rog\u00e9rio","Omar Aziz","PL 3.975\/2019","risco hidrol\u00f3gico"],"articleSection":["iNFRAEnergia"],"inLanguage":"pt-BR","copyrightYear":"2020","copyrightHolder":{"@id":"https:\/\/agenciainfra.com\/blog\/#organization"}},{"@type":"WebPage","@id":"https:\/\/agenciainfra.com\/blog\/projeto-de-lei-do-gsf-pode-ser-votado-pela-cae-do-senado-na-proxima-terca\/","url":"https:\/\/agenciainfra.com\/blog\/projeto-de-lei-do-gsf-pode-ser-votado-pela-cae-do-senado-na-proxima-terca\/","name":"Projeto de Lei do GSF pode ser votado pela CAE do Senado na pr\u00f3xima ter\u00e7a - Ag\u00eancia iNFRA","isPartOf":{"@id":"https:\/\/agenciainfra.com\/blog\/#website"},"primaryImageOfPage":{"@id":"https:\/\/agenciainfra.com\/blog\/projeto-de-lei-do-gsf-pode-ser-votado-pela-cae-do-senado-na-proxima-terca\/#primaryimage"},"image":{"@id":"https:\/\/agenciainfra.com\/blog\/projeto-de-lei-do-gsf-pode-ser-votado-pela-cae-do-senado-na-proxima-terca\/#primaryimage"},"thumbnailUrl":"https:\/\/agenciainfra.com\/blog\/wp-content\/uploads\/2020\/03\/omar-aziz-foto-jane-de-araujo-agencia-senado.jpg","datePublished":"2020-03-08T11:00:28+00:00","breadcrumb":{"@id":"https:\/\/agenciainfra.com\/blog\/projeto-de-lei-do-gsf-pode-ser-votado-pela-cae-do-senado-na-proxima-terca\/#breadcrumb"},"inLanguage":"pt-BR","potentialAction":[{"@type":"ReadAction","target":["https:\/\/agenciainfra.com\/blog\/projeto-de-lei-do-gsf-pode-ser-votado-pela-cae-do-senado-na-proxima-terca\/"]}]},{"@type":"ImageObject","inLanguage":"pt-BR","@id":"https:\/\/agenciainfra.com\/blog\/projeto-de-lei-do-gsf-pode-ser-votado-pela-cae-do-senado-na-proxima-terca\/#primaryimage","url":"https:\/\/agenciainfra.com\/blog\/wp-content\/uploads\/2020\/03\/omar-aziz-foto-jane-de-araujo-agencia-senado.jpg","contentUrl":"https:\/\/agenciainfra.com\/blog\/wp-content\/uploads\/2020\/03\/omar-aziz-foto-jane-de-araujo-agencia-senado.jpg","width":1280,"height":853},{"@type":"BreadcrumbList","@id":"https:\/\/agenciainfra.com\/blog\/projeto-de-lei-do-gsf-pode-ser-votado-pela-cae-do-senado-na-proxima-terca\/#breadcrumb","itemListElement":[{"@type":"ListItem","position":1,"name":"In\u00edcio","item":"https:\/\/agenciainfra.com\/blog\/"},{"@type":"ListItem","position":2,"name":"Projeto de Lei do GSF pode ser votado pela CAE do Senado na pr\u00f3xima ter\u00e7a"}]},{"@type":"WebSite","@id":"https:\/\/agenciainfra.com\/blog\/#website","url":"https:\/\/agenciainfra.com\/blog\/","name":"Ag\u00eancia iNFRA","description":"Multiplataforma de informa\u00e7\u00e3o jornal\u00edstica refer\u00eancia na \u00e1rea de infraestrutura no Brasil!","publisher":{"@id":"https:\/\/agenciainfra.com\/blog\/#organization"},"potentialAction":[{"@type":"SearchAction","target":{"@type":"EntryPoint","urlTemplate":"https:\/\/agenciainfra.com\/blog\/?s={search_term_string}"},"query-input":{"@type":"PropertyValueSpecification","valueRequired":true,"valueName":"search_term_string"}}],"inLanguage":"pt-BR"},{"@type":"Organization","@id":"https:\/\/agenciainfra.com\/blog\/#organization","name":"Ag\u00eancia iNFRA","url":"https:\/\/agenciainfra.com\/blog\/","logo":{"@type":"ImageObject","inLanguage":"pt-BR","@id":"https:\/\/agenciainfra.com\/blog\/#\/schema\/logo\/image\/","url":"https:\/\/agenciainfra.com\/blog\/wp-content\/uploads\/2023\/09\/iNFRA_5-e1761735885940.png","contentUrl":"https:\/\/agenciainfra.com\/blog\/wp-content\/uploads\/2023\/09\/iNFRA_5-e1761735885940.png","width":1672,"height":454,"caption":"Ag\u00eancia iNFRA"},"image":{"@id":"https:\/\/agenciainfra.com\/blog\/#\/schema\/logo\/image\/"},"sameAs":["https:\/\/www.facebook.com\/ageninfra","https:\/\/x.com\/agencia_infra","https:\/\/www.linkedin.com\/company\/ag\u00eanciainfra\/","https:\/\/www.instagram.com\/agenciainfra\/"]},{"@type":"Person","@id":"https:\/\/agenciainfra.com\/blog\/#\/schema\/person\/04dbb79bd6d8951f063da71f3e4c1eb1","name":"Rodrigo Zuquim","image":{"@type":"ImageObject","inLanguage":"pt-BR","@id":"https:\/\/agenciainfra.com\/blog\/#\/schema\/person\/image\/","url":"https:\/\/secure.gravatar.com\/avatar\/594abfe82761d620726242ff34ca472a705a4b97f16c790053a6b4c4035274d0?s=96&d=mm&r=g","contentUrl":"https:\/\/secure.gravatar.com\/avatar\/594abfe82761d620726242ff34ca472a705a4b97f16c790053a6b4c4035274d0?s=96&d=mm&r=g","caption":"Rodrigo Zuquim"},"url":"https:\/\/agenciainfra.com\/blog\/author\/rodrigo-zuquim\/"}]}},"_links":{"self":[{"href":"https:\/\/agenciainfra.com\/blog\/wp-json\/wp\/v2\/posts\/4522","targetHints":{"allow":["GET"]}}],"collection":[{"href":"https:\/\/agenciainfra.com\/blog\/wp-json\/wp\/v2\/posts"}],"about":[{"href":"https:\/\/agenciainfra.com\/blog\/wp-json\/wp\/v2\/types\/post"}],"author":[{"embeddable":true,"href":"https:\/\/agenciainfra.com\/blog\/wp-json\/wp\/v2\/users\/9"}],"replies":[{"embeddable":true,"href":"https:\/\/agenciainfra.com\/blog\/wp-json\/wp\/v2\/comments?post=4522"}],"version-history":[{"count":0,"href":"https:\/\/agenciainfra.com\/blog\/wp-json\/wp\/v2\/posts\/4522\/revisions"}],"wp:featuredmedia":[{"embeddable":true,"href":"https:\/\/agenciainfra.com\/blog\/wp-json\/wp\/v2\/media\/4523"}],"wp:attachment":[{"href":"https:\/\/agenciainfra.com\/blog\/wp-json\/wp\/v2\/media?parent=4522"}],"wp:term":[{"taxonomy":"category","embeddable":true,"href":"https:\/\/agenciainfra.com\/blog\/wp-json\/wp\/v2\/categories?post=4522"},{"taxonomy":"post_tag","embeddable":true,"href":"https:\/\/agenciainfra.com\/blog\/wp-json\/wp\/v2\/tags?post=4522"}],"curies":[{"name":"wp","href":"https:\/\/api.w.org\/{rel}","templated":true}]}}