{"id":4531,"date":"2020-03-10T08:00:52","date_gmt":"2020-03-10T11:00:52","guid":{"rendered":"http:\/\/www.agenciainfra.com\/blog\/?p=4531"},"modified":"2020-03-09T16:49:46","modified_gmt":"2020-03-09T19:49:46","slug":"gerente-da-antt-diz-que-ha-risco-de-nao-cumprir-prazo-para-transicao-perfeita-de-concessoes","status":"publish","type":"post","link":"https:\/\/agenciainfra.com\/blog\/gerente-da-antt-diz-que-ha-risco-de-nao-cumprir-prazo-para-transicao-perfeita-de-concessoes\/","title":{"rendered":"Gerente da ANTT diz que h\u00e1 risco de n\u00e3o cumprir prazo para &#8220;transi\u00e7\u00e3o perfeita&#8221; de concess\u00f5es"},"content":{"rendered":"<div>\n<h5 style=\"text-align: right;\"><strong>Dimmi Amora, da\u00a0Ag\u00eancia iNFRA<\/strong><\/h5>\n<p dir=\"ltr\">O gerente de Regula\u00e7\u00e3o e Outorgas da Superintend\u00eancia de Explora\u00e7\u00e3o de Infraestrutura Rodovi\u00e1ria da ANTT (Ag\u00eancia Nacional de Transportes Terrestres), Marcelo Fonseca, afirmou que o prazo para relicitar as rodovias da 1\u00aa Etapa no Rio de Janeiro est\u00e1 \u201capertado\u201d e \u201ch\u00e1 risco de talvez n\u00e3o cumprir o prazo para uma transi\u00e7\u00e3o perfeita\u201d.<\/p>\n<p>A fala foi feita durante o Caf\u00e9 com o Mercado, evento promovido pela ANTT na \u00faltima sexta-feira (6) para dialogar com empresas e investidores do setor. A declara\u00e7\u00e3o lan\u00e7a um alerta sobre o que o governo vem dizendo no caso, que \u00e9 poss\u00edvel fazer novas concess\u00f5es dessas tr\u00eas rodovias antes do vencimento dos contratos atuais, o que ocorrer\u00e1 em fevereiro de 2021.<\/p>\n<p>As rodovias cujos contratos vencem s\u00e3o a Rio-S\u00e3o Paulo (Presidente Dutra, da CCR Nova Dutra), a Rio-Juiz de Fora (Concer) e Rio-Al\u00e9m Para\u00edba (CRT). Dessas, somente a Dutra teve sua audi\u00eancia p\u00fablica lan\u00e7ada, no fim do ano passado, e teve um tumultuado processo de rela\u00e7\u00e3o com a sociedade, inclusive com interven\u00e7\u00e3o do presidente da Rep\u00fablica no tema, dizendo que n\u00e3o permitiria \u00e0 ag\u00eancia a execu\u00e7\u00e3o da proposta prevista nos estudos.<\/p>\n<p>As audi\u00eancias p\u00fablicas das outras duas concess\u00f5es estavam previstas para serem lan\u00e7ada em fevereiro, o que n\u00e3o ocorreu. Agora, segundo o governo, elas devem sair \u201cneste m\u00eas ou no pr\u00f3ximo\u201d. Faltam cerca de 10 meses para o vencimento dos contratos e nunca uma rodovia nesse est\u00e1gio foi licitada pelo governo federal nesse prazo. O programa de concess\u00f5es federais \u00e9 dos maiores e mais antigos do mundo.<\/p>\n<p>Quando se referia ao risco de n\u00e3o ter uma transi\u00e7\u00e3o perfeita, Fonseca falava do fato de que, n\u00e3o havendo outro operador, as op\u00e7\u00f5es s\u00e3o manter o atual operando em novas bases ou a estrada voltar a ser mantida pelo governo. Essas tr\u00eas estradas s\u00e3o parte da liga\u00e7\u00e3o entre as tr\u00eas maiores cidades do pa\u00eds.<\/p>\n<p>Qualquer uma das duas solu\u00e7\u00f5es \u00e9 complexa. No caso da primeira, a experi\u00eancia anterior com o tema foi muito complicada na rela\u00e7\u00e3o da empresa, da ag\u00eancia e do TCU (Tribunal de Contas da Uni\u00e3o). No caso da segunda, o governo mal tem dinheiro para manter as estradas que j\u00e1 tem.<\/p>\n<p><strong>Quest\u00f5es Complexas<\/strong><br \/>\nAl\u00e9m dos problemas normais para fazer uma nova concess\u00e3o em outras bases, essas duas estradas t\u00eam quest\u00f5es espec\u00edficas que s\u00e3o complexas para equacionar. No caso da CRT, a concession\u00e1ria tem direito a uma indeniza\u00e7\u00e3o que ficou combinado de ser paga no fim do contrato, por frustra\u00e7\u00f5es de receitas previstas ao longo do tempo.<\/p>\n<p>A Concer vive um imbr\u00f3glio jur\u00eddico com o governo desde que foi autorizada a construir um trecho novo, chamado de Nova Subida da Serra, e que acabou n\u00e3o sendo terminado, segundo o governo por problemas da empresa, segundo a empresa por falta de pagamento do governo.<\/p>\n<p>T\u00e9cnicos j\u00e1 alertaram que os dados sobre essa quest\u00e3o n\u00e3o s\u00e3o suficientes para dar seguran\u00e7a para outra empresa entrar no neg\u00f3cio, o que colocaria em risco a nova concess\u00e3o, por ser um leil\u00e3o prematuro. Esse ponto est\u00e1 sendo analisado pelo governo.<\/p>\n<p><strong>Governo confiante<\/strong><br \/>\nO diretor da Secretaria de Fomento, Parcerias e Planejamento do Minist\u00e9rio da Infraestrutura, F\u00e1bio Carvalho, que participou do evento, afirmou que o governo segue para cumprir o calend\u00e1rio de relicitar ainda neste ano essas tr\u00eas concess\u00f5es rodovi\u00e1rias e outras quatro novas. Carvalho afirmou que, para isso, o governo est\u00e1 trabalhando em conjunto com o TCU, j\u00e1 debatendo sobre os pontos principais,\u00a0como forma de acelerar os procedimentos.<\/p>\n<p>Ele lembrou que houve v\u00e1rias evolu\u00e7\u00f5es no modelo de concess\u00e3o rodovi\u00e1ria, trazidas por recomenda\u00e7\u00f5es de estudos baseados nas melhores experi\u00eancias internacionais e que foram debatidos previamente no TCU nas concess\u00f5es rodovi\u00e1rias anteriores.<\/p>\n<p>Segundo ele, das sete concess\u00f5es previstas, a pr\u00f3xima que vai ao TCU \u00e9 a da BR-153\/GO-TO, ainda neste m\u00eas. A audi\u00eancia p\u00fablica dela j\u00e1 foi realizada e os documentos t\u00e9cnicos para entrega est\u00e3o em fase final de elabora\u00e7\u00e3o. A seguinte ser\u00e1 a da BR-163\/PA e depois vai a da BR-381-262\/MG-ES. N\u00e3o foi dado prazo para a da Dutra.<\/p>\n<p><strong>TCU apreensivo<\/strong><br \/>\nA etapa do TCU \u00e9 considerada bastante complexa. Pelas normas, o \u00f3rg\u00e3o teria 90 dias para fazer as an\u00e1lises ap\u00f3s a chegada dos documentos. Mas esse tempo em geral tem sido muito superior na \u00e1rea de rodovias nos \u00faltimos anos, especialmente por causa dos problemas que as concess\u00f5es rodovi\u00e1rias est\u00e3o apresentando para a execu\u00e7\u00e3o dos contratos.<\/p>\n<p>O secret\u00e1rio da Secretaria de Infraestrutura de Rodovias e Aeroportos do TCU, Luiz Fernando Ururahy, presente ao evento, confirmou que de fato j\u00e1 h\u00e1 conversas pr\u00e9vias com os t\u00e9cnicos do governo sobre essas concess\u00f5es, mas alertou que s\u00e3o necess\u00e1rias an\u00e1lises aprofundadas. Neste momento, nenhum estudo est\u00e1 oficialmente em an\u00e1lise no \u00f3rg\u00e3o.<\/p>\n<p>Segundo ele, na semana passada, t\u00e9cnicos do \u00f3rg\u00e3o ligaram para os do Minist\u00e9rio da Infraestrutura \u201capreensivos\u201d com a demora no envio, o que pode fazer com que muitos projetos tenham que ser analisados ao mesmo tempo, levando at\u00e9 a poss\u00edveis pedidos de ajuda de t\u00e9cnicos de outras \u00e1reas para a realiza\u00e7\u00e3o do trabalho.<\/p>\n<\/div>\n","protected":false},"excerpt":{"rendered":"<p>Dimmi Amora, da\u00a0Ag\u00eancia iNFRA O gerente de Regula\u00e7\u00e3o e Outorgas da Superintend\u00eancia de Explora\u00e7\u00e3o de Infraestrutura Rodovi\u00e1ria da ANTT (Ag\u00eancia Nacional de Transportes Terrestres), Marcelo Fonseca, afirmou que o prazo para relicitar as rodovias da 1\u00aa Etapa no Rio de Janeiro est\u00e1 \u201capertado\u201d e \u201ch\u00e1 risco de talvez n\u00e3o cumprir o prazo para uma transi\u00e7\u00e3o [&hellip;]<\/p>\n","protected":false},"author":9,"featured_media":4534,"comment_status":"closed","ping_status":"closed","sticky":false,"template":"","format":"standard","meta":{"_monsterinsights_skip_tracking":false,"_monsterinsights_sitenote_active":false,"_monsterinsights_sitenote_note":"","_monsterinsights_sitenote_category":0,"footnotes":""},"categories":[7],"tags":[1774,19,1777,1519,1778,1775,1776,505,687,1319,1779,1233,775,1654,126,18],"class_list":["post-4531","post","type-post","status-publish","format-standard","has-post-thumbnail","hentry","category-infratransporte","tag-1a-etapa","tag-antt","tag-br-153-go-to","tag-br-163-pa","tag-br-381-262-mg-es","tag-cafe-com-o-mercado","tag-ccr-novadutra","tag-concer","tag-crt","tag-fabio-carvalho","tag-luiz-fernando-ururahy","tag-marcelo-fonseca","tag-ministerio-da-infraestrutura","tag-rio-de-janeiro","tag-rodovias","tag-tcu"],"yoast_head":"<!-- This site is optimized with the Yoast SEO Premium plugin v25.4 (Yoast SEO v26.0) - https:\/\/yoast.com\/wordpress\/plugins\/seo\/ -->\n<title>Gerente da ANTT diz que h\u00e1 risco de n\u00e3o cumprir prazo para &quot;transi\u00e7\u00e3o perfeita&quot; de concess\u00f5es - Ag\u00eancia iNFRA<\/title>\n<meta name=\"robots\" content=\"index, follow, max-snippet:-1, max-image-preview:large, max-video-preview:-1\" \/>\n<link rel=\"canonical\" href=\"https:\/\/agenciainfra.com\/blog\/gerente-da-antt-diz-que-ha-risco-de-nao-cumprir-prazo-para-transicao-perfeita-de-concessoes\/\" \/>\n<meta property=\"og:locale\" content=\"pt_BR\" \/>\n<meta property=\"og:type\" content=\"article\" \/>\n<meta property=\"og:title\" content=\"Gerente da ANTT diz que h\u00e1 risco de n\u00e3o cumprir prazo para &quot;transi\u00e7\u00e3o perfeita&quot; de concess\u00f5es\" \/>\n<meta property=\"og:description\" content=\"Dimmi Amora, da\u00a0Ag\u00eancia iNFRA O gerente de Regula\u00e7\u00e3o e Outorgas da Superintend\u00eancia de Explora\u00e7\u00e3o de Infraestrutura Rodovi\u00e1ria da ANTT (Ag\u00eancia Nacional de Transportes Terrestres), Marcelo Fonseca, afirmou que o prazo para relicitar as rodovias da 1\u00aa Etapa no Rio de Janeiro est\u00e1 \u201capertado\u201d e \u201ch\u00e1 risco de talvez n\u00e3o cumprir o prazo para uma transi\u00e7\u00e3o [&hellip;]\" \/>\n<meta property=\"og:url\" content=\"https:\/\/agenciainfra.com\/blog\/gerente-da-antt-diz-que-ha-risco-de-nao-cumprir-prazo-para-transicao-perfeita-de-concessoes\/\" \/>\n<meta property=\"og:site_name\" content=\"Ag\u00eancia iNFRA\" \/>\n<meta property=\"article:publisher\" content=\"https:\/\/www.facebook.com\/ageninfra\" \/>\n<meta property=\"article:published_time\" content=\"2020-03-10T11:00:52+00:00\" \/>\n<meta property=\"og:image\" content=\"https:\/\/agenciainfra.com\/blog\/wp-content\/uploads\/2020\/03\/marcelo-fonseca-foto-cleia-viana-camara-dos-deputados.jpg\" \/>\n\t<meta property=\"og:image:width\" content=\"1280\" \/>\n\t<meta property=\"og:image:height\" content=\"852\" \/>\n\t<meta property=\"og:image:type\" content=\"image\/jpeg\" \/>\n<meta name=\"author\" content=\"Rodrigo Zuquim\" \/>\n<meta name=\"twitter:card\" content=\"summary_large_image\" \/>\n<meta name=\"twitter:creator\" content=\"@agencia_infra\" \/>\n<meta name=\"twitter:site\" content=\"@agencia_infra\" \/>\n<meta name=\"twitter:label1\" content=\"Escrito por\" \/>\n\t<meta name=\"twitter:data1\" content=\"Rodrigo Zuquim\" \/>\n\t<meta name=\"twitter:label2\" content=\"Est. tempo de leitura\" \/>\n\t<meta name=\"twitter:data2\" content=\"5 minutos\" \/>\n<script type=\"application\/ld+json\" class=\"yoast-schema-graph\">{\"@context\":\"https:\/\/schema.org\",\"@graph\":[{\"@type\":\"Article\",\"@id\":\"https:\/\/agenciainfra.com\/blog\/gerente-da-antt-diz-que-ha-risco-de-nao-cumprir-prazo-para-transicao-perfeita-de-concessoes\/#article\",\"isPartOf\":{\"@id\":\"https:\/\/agenciainfra.com\/blog\/gerente-da-antt-diz-que-ha-risco-de-nao-cumprir-prazo-para-transicao-perfeita-de-concessoes\/\"},\"author\":{\"name\":\"Rodrigo Zuquim\",\"@id\":\"https:\/\/agenciainfra.com\/blog\/#\/schema\/person\/04dbb79bd6d8951f063da71f3e4c1eb1\"},\"headline\":\"Gerente da ANTT diz que h\u00e1 risco de n\u00e3o cumprir prazo para &#8220;transi\u00e7\u00e3o perfeita&#8221; de concess\u00f5es\",\"datePublished\":\"2020-03-10T11:00:52+00:00\",\"mainEntityOfPage\":{\"@id\":\"https:\/\/agenciainfra.com\/blog\/gerente-da-antt-diz-que-ha-risco-de-nao-cumprir-prazo-para-transicao-perfeita-de-concessoes\/\"},\"wordCount\":950,\"publisher\":{\"@id\":\"https:\/\/agenciainfra.com\/blog\/#organization\"},\"image\":{\"@id\":\"https:\/\/agenciainfra.com\/blog\/gerente-da-antt-diz-que-ha-risco-de-nao-cumprir-prazo-para-transicao-perfeita-de-concessoes\/#primaryimage\"},\"thumbnailUrl\":\"https:\/\/agenciainfra.com\/blog\/wp-content\/uploads\/2020\/03\/marcelo-fonseca-foto-cleia-viana-camara-dos-deputados.jpg\",\"keywords\":[\"1\u00aa Etapa\",\"ANTT\",\"BR-153\/GO-TO\",\"BR-163\/PA\",\"BR-381-262\/MG-ES\",\"Caf\u00e9 com o Mercado\",\"CCR NovaDutra\",\"Concer\",\"CRT\",\"F\u00e1bio Carvalho\",\"Luiz Fernando Ururahy\",\"Marcelo Fonseca\",\"Minist\u00e9rio da Infraestrutura\",\"Rio de Janeiro\",\"rodovias\",\"TCU\"],\"articleSection\":[\"iNFRATransporte\"],\"inLanguage\":\"pt-BR\",\"copyrightYear\":\"2020\",\"copyrightHolder\":{\"@id\":\"https:\/\/agenciainfra.com\/blog\/#organization\"}},{\"@type\":\"WebPage\",\"@id\":\"https:\/\/agenciainfra.com\/blog\/gerente-da-antt-diz-que-ha-risco-de-nao-cumprir-prazo-para-transicao-perfeita-de-concessoes\/\",\"url\":\"https:\/\/agenciainfra.com\/blog\/gerente-da-antt-diz-que-ha-risco-de-nao-cumprir-prazo-para-transicao-perfeita-de-concessoes\/\",\"name\":\"Gerente da ANTT diz que h\u00e1 risco de n\u00e3o cumprir prazo para \\\"transi\u00e7\u00e3o perfeita\\\" de concess\u00f5es - Ag\u00eancia iNFRA\",\"isPartOf\":{\"@id\":\"https:\/\/agenciainfra.com\/blog\/#website\"},\"primaryImageOfPage\":{\"@id\":\"https:\/\/agenciainfra.com\/blog\/gerente-da-antt-diz-que-ha-risco-de-nao-cumprir-prazo-para-transicao-perfeita-de-concessoes\/#primaryimage\"},\"image\":{\"@id\":\"https:\/\/agenciainfra.com\/blog\/gerente-da-antt-diz-que-ha-risco-de-nao-cumprir-prazo-para-transicao-perfeita-de-concessoes\/#primaryimage\"},\"thumbnailUrl\":\"https:\/\/agenciainfra.com\/blog\/wp-content\/uploads\/2020\/03\/marcelo-fonseca-foto-cleia-viana-camara-dos-deputados.jpg\",\"datePublished\":\"2020-03-10T11:00:52+00:00\",\"breadcrumb\":{\"@id\":\"https:\/\/agenciainfra.com\/blog\/gerente-da-antt-diz-que-ha-risco-de-nao-cumprir-prazo-para-transicao-perfeita-de-concessoes\/#breadcrumb\"},\"inLanguage\":\"pt-BR\",\"potentialAction\":[{\"@type\":\"ReadAction\",\"target\":[\"https:\/\/agenciainfra.com\/blog\/gerente-da-antt-diz-que-ha-risco-de-nao-cumprir-prazo-para-transicao-perfeita-de-concessoes\/\"]}]},{\"@type\":\"ImageObject\",\"inLanguage\":\"pt-BR\",\"@id\":\"https:\/\/agenciainfra.com\/blog\/gerente-da-antt-diz-que-ha-risco-de-nao-cumprir-prazo-para-transicao-perfeita-de-concessoes\/#primaryimage\",\"url\":\"https:\/\/agenciainfra.com\/blog\/wp-content\/uploads\/2020\/03\/marcelo-fonseca-foto-cleia-viana-camara-dos-deputados.jpg\",\"contentUrl\":\"https:\/\/agenciainfra.com\/blog\/wp-content\/uploads\/2020\/03\/marcelo-fonseca-foto-cleia-viana-camara-dos-deputados.jpg\",\"width\":1280,\"height\":852},{\"@type\":\"BreadcrumbList\",\"@id\":\"https:\/\/agenciainfra.com\/blog\/gerente-da-antt-diz-que-ha-risco-de-nao-cumprir-prazo-para-transicao-perfeita-de-concessoes\/#breadcrumb\",\"itemListElement\":[{\"@type\":\"ListItem\",\"position\":1,\"name\":\"In\u00edcio\",\"item\":\"https:\/\/agenciainfra.com\/blog\/\"},{\"@type\":\"ListItem\",\"position\":2,\"name\":\"Gerente da ANTT diz que h\u00e1 risco de n\u00e3o cumprir prazo para &#8220;transi\u00e7\u00e3o perfeita&#8221; de concess\u00f5es\"}]},{\"@type\":\"WebSite\",\"@id\":\"https:\/\/agenciainfra.com\/blog\/#website\",\"url\":\"https:\/\/agenciainfra.com\/blog\/\",\"name\":\"Ag\u00eancia iNFRA\",\"description\":\"Multiplataforma de informa\u00e7\u00e3o jornal\u00edstica refer\u00eancia na \u00e1rea de infraestrutura no Brasil!\",\"publisher\":{\"@id\":\"https:\/\/agenciainfra.com\/blog\/#organization\"},\"potentialAction\":[{\"@type\":\"SearchAction\",\"target\":{\"@type\":\"EntryPoint\",\"urlTemplate\":\"https:\/\/agenciainfra.com\/blog\/?s={search_term_string}\"},\"query-input\":{\"@type\":\"PropertyValueSpecification\",\"valueRequired\":true,\"valueName\":\"search_term_string\"}}],\"inLanguage\":\"pt-BR\"},{\"@type\":\"Organization\",\"@id\":\"https:\/\/agenciainfra.com\/blog\/#organization\",\"name\":\"Ag\u00eancia iNFRA\",\"url\":\"https:\/\/agenciainfra.com\/blog\/\",\"logo\":{\"@type\":\"ImageObject\",\"inLanguage\":\"pt-BR\",\"@id\":\"https:\/\/agenciainfra.com\/blog\/#\/schema\/logo\/image\/\",\"url\":\"https:\/\/agenciainfra.com\/blog\/wp-content\/uploads\/2023\/09\/iNFRA_5-e1761735885940.png\",\"contentUrl\":\"https:\/\/agenciainfra.com\/blog\/wp-content\/uploads\/2023\/09\/iNFRA_5-e1761735885940.png\",\"width\":1672,\"height\":454,\"caption\":\"Ag\u00eancia iNFRA\"},\"image\":{\"@id\":\"https:\/\/agenciainfra.com\/blog\/#\/schema\/logo\/image\/\"},\"sameAs\":[\"https:\/\/www.facebook.com\/ageninfra\",\"https:\/\/x.com\/agencia_infra\",\"https:\/\/www.linkedin.com\/company\/ag\u00eanciainfra\/\",\"https:\/\/www.instagram.com\/agenciainfra\/\"]},{\"@type\":\"Person\",\"@id\":\"https:\/\/agenciainfra.com\/blog\/#\/schema\/person\/04dbb79bd6d8951f063da71f3e4c1eb1\",\"name\":\"Rodrigo Zuquim\",\"image\":{\"@type\":\"ImageObject\",\"inLanguage\":\"pt-BR\",\"@id\":\"https:\/\/agenciainfra.com\/blog\/#\/schema\/person\/image\/\",\"url\":\"https:\/\/secure.gravatar.com\/avatar\/594abfe82761d620726242ff34ca472a705a4b97f16c790053a6b4c4035274d0?s=96&d=mm&r=g\",\"contentUrl\":\"https:\/\/secure.gravatar.com\/avatar\/594abfe82761d620726242ff34ca472a705a4b97f16c790053a6b4c4035274d0?s=96&d=mm&r=g\",\"caption\":\"Rodrigo Zuquim\"},\"url\":\"https:\/\/agenciainfra.com\/blog\/author\/rodrigo-zuquim\/\"}]}<\/script>\n<!-- \/ Yoast SEO Premium plugin. -->","yoast_head_json":{"title":"Gerente da ANTT diz que h\u00e1 risco de n\u00e3o cumprir prazo para \"transi\u00e7\u00e3o perfeita\" de concess\u00f5es - Ag\u00eancia iNFRA","robots":{"index":"index","follow":"follow","max-snippet":"max-snippet:-1","max-image-preview":"max-image-preview:large","max-video-preview":"max-video-preview:-1"},"canonical":"https:\/\/agenciainfra.com\/blog\/gerente-da-antt-diz-que-ha-risco-de-nao-cumprir-prazo-para-transicao-perfeita-de-concessoes\/","og_locale":"pt_BR","og_type":"article","og_title":"Gerente da ANTT diz que h\u00e1 risco de n\u00e3o cumprir prazo para \"transi\u00e7\u00e3o perfeita\" de concess\u00f5es","og_description":"Dimmi Amora, da\u00a0Ag\u00eancia iNFRA O gerente de Regula\u00e7\u00e3o e Outorgas da Superintend\u00eancia de Explora\u00e7\u00e3o de Infraestrutura Rodovi\u00e1ria da ANTT (Ag\u00eancia Nacional de Transportes Terrestres), Marcelo Fonseca, afirmou que o prazo para relicitar as rodovias da 1\u00aa Etapa no Rio de Janeiro est\u00e1 \u201capertado\u201d e \u201ch\u00e1 risco de talvez n\u00e3o cumprir o prazo para uma transi\u00e7\u00e3o [&hellip;]","og_url":"https:\/\/agenciainfra.com\/blog\/gerente-da-antt-diz-que-ha-risco-de-nao-cumprir-prazo-para-transicao-perfeita-de-concessoes\/","og_site_name":"Ag\u00eancia iNFRA","article_publisher":"https:\/\/www.facebook.com\/ageninfra","article_published_time":"2020-03-10T11:00:52+00:00","og_image":[{"width":1280,"height":852,"url":"https:\/\/agenciainfra.com\/blog\/wp-content\/uploads\/2020\/03\/marcelo-fonseca-foto-cleia-viana-camara-dos-deputados.jpg","type":"image\/jpeg"}],"author":"Rodrigo Zuquim","twitter_card":"summary_large_image","twitter_creator":"@agencia_infra","twitter_site":"@agencia_infra","twitter_misc":{"Escrito por":"Rodrigo Zuquim","Est. tempo de leitura":"5 minutos"},"schema":{"@context":"https:\/\/schema.org","@graph":[{"@type":"Article","@id":"https:\/\/agenciainfra.com\/blog\/gerente-da-antt-diz-que-ha-risco-de-nao-cumprir-prazo-para-transicao-perfeita-de-concessoes\/#article","isPartOf":{"@id":"https:\/\/agenciainfra.com\/blog\/gerente-da-antt-diz-que-ha-risco-de-nao-cumprir-prazo-para-transicao-perfeita-de-concessoes\/"},"author":{"name":"Rodrigo Zuquim","@id":"https:\/\/agenciainfra.com\/blog\/#\/schema\/person\/04dbb79bd6d8951f063da71f3e4c1eb1"},"headline":"Gerente da ANTT diz que h\u00e1 risco de n\u00e3o cumprir prazo para &#8220;transi\u00e7\u00e3o perfeita&#8221; de concess\u00f5es","datePublished":"2020-03-10T11:00:52+00:00","mainEntityOfPage":{"@id":"https:\/\/agenciainfra.com\/blog\/gerente-da-antt-diz-que-ha-risco-de-nao-cumprir-prazo-para-transicao-perfeita-de-concessoes\/"},"wordCount":950,"publisher":{"@id":"https:\/\/agenciainfra.com\/blog\/#organization"},"image":{"@id":"https:\/\/agenciainfra.com\/blog\/gerente-da-antt-diz-que-ha-risco-de-nao-cumprir-prazo-para-transicao-perfeita-de-concessoes\/#primaryimage"},"thumbnailUrl":"https:\/\/agenciainfra.com\/blog\/wp-content\/uploads\/2020\/03\/marcelo-fonseca-foto-cleia-viana-camara-dos-deputados.jpg","keywords":["1\u00aa Etapa","ANTT","BR-153\/GO-TO","BR-163\/PA","BR-381-262\/MG-ES","Caf\u00e9 com o Mercado","CCR NovaDutra","Concer","CRT","F\u00e1bio Carvalho","Luiz Fernando Ururahy","Marcelo Fonseca","Minist\u00e9rio da Infraestrutura","Rio de Janeiro","rodovias","TCU"],"articleSection":["iNFRATransporte"],"inLanguage":"pt-BR","copyrightYear":"2020","copyrightHolder":{"@id":"https:\/\/agenciainfra.com\/blog\/#organization"}},{"@type":"WebPage","@id":"https:\/\/agenciainfra.com\/blog\/gerente-da-antt-diz-que-ha-risco-de-nao-cumprir-prazo-para-transicao-perfeita-de-concessoes\/","url":"https:\/\/agenciainfra.com\/blog\/gerente-da-antt-diz-que-ha-risco-de-nao-cumprir-prazo-para-transicao-perfeita-de-concessoes\/","name":"Gerente da ANTT diz que h\u00e1 risco de n\u00e3o cumprir prazo para \"transi\u00e7\u00e3o perfeita\" de concess\u00f5es - Ag\u00eancia iNFRA","isPartOf":{"@id":"https:\/\/agenciainfra.com\/blog\/#website"},"primaryImageOfPage":{"@id":"https:\/\/agenciainfra.com\/blog\/gerente-da-antt-diz-que-ha-risco-de-nao-cumprir-prazo-para-transicao-perfeita-de-concessoes\/#primaryimage"},"image":{"@id":"https:\/\/agenciainfra.com\/blog\/gerente-da-antt-diz-que-ha-risco-de-nao-cumprir-prazo-para-transicao-perfeita-de-concessoes\/#primaryimage"},"thumbnailUrl":"https:\/\/agenciainfra.com\/blog\/wp-content\/uploads\/2020\/03\/marcelo-fonseca-foto-cleia-viana-camara-dos-deputados.jpg","datePublished":"2020-03-10T11:00:52+00:00","breadcrumb":{"@id":"https:\/\/agenciainfra.com\/blog\/gerente-da-antt-diz-que-ha-risco-de-nao-cumprir-prazo-para-transicao-perfeita-de-concessoes\/#breadcrumb"},"inLanguage":"pt-BR","potentialAction":[{"@type":"ReadAction","target":["https:\/\/agenciainfra.com\/blog\/gerente-da-antt-diz-que-ha-risco-de-nao-cumprir-prazo-para-transicao-perfeita-de-concessoes\/"]}]},{"@type":"ImageObject","inLanguage":"pt-BR","@id":"https:\/\/agenciainfra.com\/blog\/gerente-da-antt-diz-que-ha-risco-de-nao-cumprir-prazo-para-transicao-perfeita-de-concessoes\/#primaryimage","url":"https:\/\/agenciainfra.com\/blog\/wp-content\/uploads\/2020\/03\/marcelo-fonseca-foto-cleia-viana-camara-dos-deputados.jpg","contentUrl":"https:\/\/agenciainfra.com\/blog\/wp-content\/uploads\/2020\/03\/marcelo-fonseca-foto-cleia-viana-camara-dos-deputados.jpg","width":1280,"height":852},{"@type":"BreadcrumbList","@id":"https:\/\/agenciainfra.com\/blog\/gerente-da-antt-diz-que-ha-risco-de-nao-cumprir-prazo-para-transicao-perfeita-de-concessoes\/#breadcrumb","itemListElement":[{"@type":"ListItem","position":1,"name":"In\u00edcio","item":"https:\/\/agenciainfra.com\/blog\/"},{"@type":"ListItem","position":2,"name":"Gerente da ANTT diz que h\u00e1 risco de n\u00e3o cumprir prazo para &#8220;transi\u00e7\u00e3o perfeita&#8221; de concess\u00f5es"}]},{"@type":"WebSite","@id":"https:\/\/agenciainfra.com\/blog\/#website","url":"https:\/\/agenciainfra.com\/blog\/","name":"Ag\u00eancia iNFRA","description":"Multiplataforma de informa\u00e7\u00e3o jornal\u00edstica refer\u00eancia na \u00e1rea de infraestrutura no Brasil!","publisher":{"@id":"https:\/\/agenciainfra.com\/blog\/#organization"},"potentialAction":[{"@type":"SearchAction","target":{"@type":"EntryPoint","urlTemplate":"https:\/\/agenciainfra.com\/blog\/?s={search_term_string}"},"query-input":{"@type":"PropertyValueSpecification","valueRequired":true,"valueName":"search_term_string"}}],"inLanguage":"pt-BR"},{"@type":"Organization","@id":"https:\/\/agenciainfra.com\/blog\/#organization","name":"Ag\u00eancia iNFRA","url":"https:\/\/agenciainfra.com\/blog\/","logo":{"@type":"ImageObject","inLanguage":"pt-BR","@id":"https:\/\/agenciainfra.com\/blog\/#\/schema\/logo\/image\/","url":"https:\/\/agenciainfra.com\/blog\/wp-content\/uploads\/2023\/09\/iNFRA_5-e1761735885940.png","contentUrl":"https:\/\/agenciainfra.com\/blog\/wp-content\/uploads\/2023\/09\/iNFRA_5-e1761735885940.png","width":1672,"height":454,"caption":"Ag\u00eancia iNFRA"},"image":{"@id":"https:\/\/agenciainfra.com\/blog\/#\/schema\/logo\/image\/"},"sameAs":["https:\/\/www.facebook.com\/ageninfra","https:\/\/x.com\/agencia_infra","https:\/\/www.linkedin.com\/company\/ag\u00eanciainfra\/","https:\/\/www.instagram.com\/agenciainfra\/"]},{"@type":"Person","@id":"https:\/\/agenciainfra.com\/blog\/#\/schema\/person\/04dbb79bd6d8951f063da71f3e4c1eb1","name":"Rodrigo Zuquim","image":{"@type":"ImageObject","inLanguage":"pt-BR","@id":"https:\/\/agenciainfra.com\/blog\/#\/schema\/person\/image\/","url":"https:\/\/secure.gravatar.com\/avatar\/594abfe82761d620726242ff34ca472a705a4b97f16c790053a6b4c4035274d0?s=96&d=mm&r=g","contentUrl":"https:\/\/secure.gravatar.com\/avatar\/594abfe82761d620726242ff34ca472a705a4b97f16c790053a6b4c4035274d0?s=96&d=mm&r=g","caption":"Rodrigo Zuquim"},"url":"https:\/\/agenciainfra.com\/blog\/author\/rodrigo-zuquim\/"}]}},"_links":{"self":[{"href":"https:\/\/agenciainfra.com\/blog\/wp-json\/wp\/v2\/posts\/4531","targetHints":{"allow":["GET"]}}],"collection":[{"href":"https:\/\/agenciainfra.com\/blog\/wp-json\/wp\/v2\/posts"}],"about":[{"href":"https:\/\/agenciainfra.com\/blog\/wp-json\/wp\/v2\/types\/post"}],"author":[{"embeddable":true,"href":"https:\/\/agenciainfra.com\/blog\/wp-json\/wp\/v2\/users\/9"}],"replies":[{"embeddable":true,"href":"https:\/\/agenciainfra.com\/blog\/wp-json\/wp\/v2\/comments?post=4531"}],"version-history":[{"count":0,"href":"https:\/\/agenciainfra.com\/blog\/wp-json\/wp\/v2\/posts\/4531\/revisions"}],"wp:featuredmedia":[{"embeddable":true,"href":"https:\/\/agenciainfra.com\/blog\/wp-json\/wp\/v2\/media\/4534"}],"wp:attachment":[{"href":"https:\/\/agenciainfra.com\/blog\/wp-json\/wp\/v2\/media?parent=4531"}],"wp:term":[{"taxonomy":"category","embeddable":true,"href":"https:\/\/agenciainfra.com\/blog\/wp-json\/wp\/v2\/categories?post=4531"},{"taxonomy":"post_tag","embeddable":true,"href":"https:\/\/agenciainfra.com\/blog\/wp-json\/wp\/v2\/tags?post=4531"}],"curies":[{"name":"wp","href":"https:\/\/api.w.org\/{rel}","templated":true}]}}