{"id":4546,"date":"2020-03-12T13:00:28","date_gmt":"2020-03-12T16:00:28","guid":{"rendered":"http:\/\/www.agenciainfra.com\/blog\/?p=4546"},"modified":"2020-03-11T19:48:03","modified_gmt":"2020-03-11T22:48:03","slug":"abdib-forum-tera-cobertura-em-tempo-real-da-agencia-infra","status":"publish","type":"post","link":"https:\/\/agenciainfra.com\/blog\/abdib-forum-tera-cobertura-em-tempo-real-da-agencia-infra\/","title":{"rendered":"Abdib F\u00f3rum ter\u00e1 cobertura em tempo real da Ag\u00eancia iNFRA"},"content":{"rendered":"<h5 style=\"text-align: right;\"><b>da Ag\u00eancia iNFRA<\/b><\/h5>\n<p><span style=\"font-weight: 400;\">A <\/span><b>Ag\u00eancia iNFRA<\/b><span style=\"font-weight: 400;\"> far\u00e1 a cobertura em tempo real da edi\u00e7\u00e3o Norte do Abdib F\u00f3rum Infraestrutura Regional, que ser\u00e1 realizada nesta sexta-feira (13), em Bel\u00e9m (Par\u00e1).<\/span><\/p>\n<p><span style=\"font-weight: 400;\">Al\u00e9m do <a href=\"http:\/\/agenciainfra.com\/eventos\/ForumAbdib\/\" target=\"_blank\" rel=\"noopener noreferrer\">site<\/a> <\/span><span style=\"font-weight: 400;\">desenvolvido especialmente para a cobertura do evento, ser\u00e1 feito um acompanhamento online pelo perfil da <\/span><b>iNFRA<\/b><span style=\"font-weight: 400;\"> no Twitter (<a href=\"https:\/\/twitter.com\/agencia_infra\" target=\"_blank\" rel=\"noopener noreferrer\">@agencia_infra<\/a>)<\/span><span style=\"font-weight: 400;\">.<\/span><\/p>\n<p><span style=\"font-weight: 400;\">A programa\u00e7\u00e3o do encontro conta com a participa\u00e7\u00e3o de governadores da regi\u00e3o da Amaz\u00f4nia Legal, al\u00e9m de representantes do governo federal, dos estados e do setor privado.<\/span><\/p>\n<p><span style=\"font-weight: 400;\">Realizado pela Abdib (Associa\u00e7\u00e3o Brasileira da Infraestrutura e Ind\u00fastria de Base) com apoio do Governo do Par\u00e1, o f\u00f3rum ter\u00e1 in\u00edcio \u00e0s 9h e apresentar\u00e1 pain\u00e9is sobre a agenda de oportunidades em infraestrutura na regi\u00e3o da Amaz\u00f4nia Legal e sobre desafios e alternativas para a concretiza\u00e7\u00e3o de investimentos.<\/span><\/p>\n<p><span style=\"font-weight: 400;\">Tamb\u00e9m ser\u00e3o apresentados os principais projetos de PPPs (parcerias p\u00fablico-privadas) e concess\u00f5es dos estados que integram a regi\u00e3o: Acre, Amap\u00e1, Amazonas, Maranh\u00e3o, Mato Grosso, Par\u00e1, Rond\u00f4nia, Roraima e Tocantins.<\/span><\/p>\n<p><span style=\"font-weight: 400;\">O encerramento ser\u00e1 \u00e0s 17h30. Acesse <a href=\"https:\/\/www.abdib.org.br\/abdibforumnorte\/#1581512756587-a0e2fce7-60f0\" target=\"_blank\" rel=\"noopener noreferrer\">aqui<\/a><\/span><span style=\"font-weight: 400;\">\u00a0a programa\u00e7\u00e3o completa.<\/span><\/p>\n","protected":false},"excerpt":{"rendered":"<p>da Ag\u00eancia iNFRA A Ag\u00eancia iNFRA far\u00e1 a cobertura em tempo real da edi\u00e7\u00e3o Norte do Abdib F\u00f3rum Infraestrutura Regional, que ser\u00e1 realizada nesta sexta-feira (13), em Bel\u00e9m (Par\u00e1). Al\u00e9m do site desenvolvido especialmente para a cobertura do evento, ser\u00e1 feito um acompanhamento online pelo perfil da iNFRA no Twitter (@agencia_infra). A programa\u00e7\u00e3o do encontro [&hellip;]<\/p>\n","protected":false},"author":9,"featured_media":4547,"comment_status":"closed","ping_status":"closed","sticky":false,"template":"","format":"standard","meta":{"_monsterinsights_skip_tracking":false,"_monsterinsights_sitenote_active":false,"_monsterinsights_sitenote_note":"","_monsterinsights_sitenote_category":0,"footnotes":""},"categories":[7],"tags":[1791,1792,1770,78,34,916,97],"class_list":["post-4546","post","type-post","status-publish","format-standard","has-post-thumbnail","hentry","category-infratransporte","tag-abdib-forum","tag-abdib-forum-infraestrutura-regional","tag-amazonia-legal","tag-concessoes","tag-infraestrutura","tag-parceria-publico-privada","tag-ppp"],"yoast_head":"<!-- This site is optimized with the Yoast SEO Premium plugin v25.4 (Yoast SEO v26.0) - https:\/\/yoast.com\/wordpress\/plugins\/seo\/ -->\n<title>Abdib F\u00f3rum ter\u00e1 cobertura em tempo real da Ag\u00eancia iNFRA - Ag\u00eancia iNFRA<\/title>\n<meta name=\"robots\" content=\"index, follow, max-snippet:-1, max-image-preview:large, max-video-preview:-1\" \/>\n<link rel=\"canonical\" href=\"https:\/\/agenciainfra.com\/blog\/abdib-forum-tera-cobertura-em-tempo-real-da-agencia-infra\/\" \/>\n<meta property=\"og:locale\" content=\"pt_BR\" \/>\n<meta property=\"og:type\" content=\"article\" \/>\n<meta property=\"og:title\" content=\"Abdib F\u00f3rum ter\u00e1 cobertura em tempo real da Ag\u00eancia iNFRA\" \/>\n<meta property=\"og:description\" content=\"da Ag\u00eancia iNFRA A Ag\u00eancia iNFRA far\u00e1 a cobertura em tempo real da edi\u00e7\u00e3o Norte do Abdib F\u00f3rum Infraestrutura Regional, que ser\u00e1 realizada nesta sexta-feira (13), em Bel\u00e9m (Par\u00e1). Al\u00e9m do site desenvolvido especialmente para a cobertura do evento, ser\u00e1 feito um acompanhamento online pelo perfil da iNFRA no Twitter (@agencia_infra). A programa\u00e7\u00e3o do encontro [&hellip;]\" \/>\n<meta property=\"og:url\" content=\"https:\/\/agenciainfra.com\/blog\/abdib-forum-tera-cobertura-em-tempo-real-da-agencia-infra\/\" \/>\n<meta property=\"og:site_name\" content=\"Ag\u00eancia iNFRA\" \/>\n<meta property=\"article:publisher\" content=\"https:\/\/www.facebook.com\/ageninfra\" \/>\n<meta property=\"article:published_time\" content=\"2020-03-12T16:00:28+00:00\" \/>\n<meta property=\"og:image\" content=\"https:\/\/agenciainfra.com\/blog\/wp-content\/uploads\/2020\/03\/guindaste-dominio-publico.jpg\" \/>\n\t<meta property=\"og:image:width\" content=\"1200\" \/>\n\t<meta property=\"og:image:height\" content=\"774\" \/>\n\t<meta property=\"og:image:type\" content=\"image\/jpeg\" \/>\n<meta name=\"author\" content=\"Rodrigo Zuquim\" \/>\n<meta name=\"twitter:card\" content=\"summary_large_image\" \/>\n<meta name=\"twitter:creator\" content=\"@agencia_infra\" \/>\n<meta name=\"twitter:site\" content=\"@agencia_infra\" \/>\n<meta name=\"twitter:label1\" content=\"Escrito por\" \/>\n\t<meta name=\"twitter:data1\" content=\"Rodrigo Zuquim\" \/>\n\t<meta name=\"twitter:label2\" content=\"Est. tempo de leitura\" \/>\n\t<meta name=\"twitter:data2\" content=\"1 minuto\" \/>\n<script type=\"application\/ld+json\" class=\"yoast-schema-graph\">{\"@context\":\"https:\/\/schema.org\",\"@graph\":[{\"@type\":\"Article\",\"@id\":\"https:\/\/agenciainfra.com\/blog\/abdib-forum-tera-cobertura-em-tempo-real-da-agencia-infra\/#article\",\"isPartOf\":{\"@id\":\"https:\/\/agenciainfra.com\/blog\/abdib-forum-tera-cobertura-em-tempo-real-da-agencia-infra\/\"},\"author\":{\"name\":\"Rodrigo Zuquim\",\"@id\":\"https:\/\/agenciainfra.com\/blog\/#\/schema\/person\/04dbb79bd6d8951f063da71f3e4c1eb1\"},\"headline\":\"Abdib F\u00f3rum ter\u00e1 cobertura em tempo real da Ag\u00eancia iNFRA\",\"datePublished\":\"2020-03-12T16:00:28+00:00\",\"mainEntityOfPage\":{\"@id\":\"https:\/\/agenciainfra.com\/blog\/abdib-forum-tera-cobertura-em-tempo-real-da-agencia-infra\/\"},\"wordCount\":204,\"publisher\":{\"@id\":\"https:\/\/agenciainfra.com\/blog\/#organization\"},\"image\":{\"@id\":\"https:\/\/agenciainfra.com\/blog\/abdib-forum-tera-cobertura-em-tempo-real-da-agencia-infra\/#primaryimage\"},\"thumbnailUrl\":\"https:\/\/agenciainfra.com\/blog\/wp-content\/uploads\/2020\/03\/guindaste-dominio-publico.jpg\",\"keywords\":[\"Abdib F\u00f3rum\",\"Abdib F\u00f3rum Infraestrutura Regional\",\"Amaz\u00f4nia Legal\",\"concess\u00f5es\",\"Infraestrutura\",\"parceria p\u00fablico-privada\",\"PPP\"],\"articleSection\":[\"iNFRATransporte\"],\"inLanguage\":\"pt-BR\",\"copyrightYear\":\"2020\",\"copyrightHolder\":{\"@id\":\"https:\/\/agenciainfra.com\/blog\/#organization\"}},{\"@type\":\"WebPage\",\"@id\":\"https:\/\/agenciainfra.com\/blog\/abdib-forum-tera-cobertura-em-tempo-real-da-agencia-infra\/\",\"url\":\"https:\/\/agenciainfra.com\/blog\/abdib-forum-tera-cobertura-em-tempo-real-da-agencia-infra\/\",\"name\":\"Abdib F\u00f3rum ter\u00e1 cobertura em tempo real da Ag\u00eancia iNFRA - Ag\u00eancia iNFRA\",\"isPartOf\":{\"@id\":\"https:\/\/agenciainfra.com\/blog\/#website\"},\"primaryImageOfPage\":{\"@id\":\"https:\/\/agenciainfra.com\/blog\/abdib-forum-tera-cobertura-em-tempo-real-da-agencia-infra\/#primaryimage\"},\"image\":{\"@id\":\"https:\/\/agenciainfra.com\/blog\/abdib-forum-tera-cobertura-em-tempo-real-da-agencia-infra\/#primaryimage\"},\"thumbnailUrl\":\"https:\/\/agenciainfra.com\/blog\/wp-content\/uploads\/2020\/03\/guindaste-dominio-publico.jpg\",\"datePublished\":\"2020-03-12T16:00:28+00:00\",\"breadcrumb\":{\"@id\":\"https:\/\/agenciainfra.com\/blog\/abdib-forum-tera-cobertura-em-tempo-real-da-agencia-infra\/#breadcrumb\"},\"inLanguage\":\"pt-BR\",\"potentialAction\":[{\"@type\":\"ReadAction\",\"target\":[\"https:\/\/agenciainfra.com\/blog\/abdib-forum-tera-cobertura-em-tempo-real-da-agencia-infra\/\"]}]},{\"@type\":\"ImageObject\",\"inLanguage\":\"pt-BR\",\"@id\":\"https:\/\/agenciainfra.com\/blog\/abdib-forum-tera-cobertura-em-tempo-real-da-agencia-infra\/#primaryimage\",\"url\":\"https:\/\/agenciainfra.com\/blog\/wp-content\/uploads\/2020\/03\/guindaste-dominio-publico.jpg\",\"contentUrl\":\"https:\/\/agenciainfra.com\/blog\/wp-content\/uploads\/2020\/03\/guindaste-dominio-publico.jpg\",\"width\":1200,\"height\":774},{\"@type\":\"BreadcrumbList\",\"@id\":\"https:\/\/agenciainfra.com\/blog\/abdib-forum-tera-cobertura-em-tempo-real-da-agencia-infra\/#breadcrumb\",\"itemListElement\":[{\"@type\":\"ListItem\",\"position\":1,\"name\":\"In\u00edcio\",\"item\":\"https:\/\/agenciainfra.com\/blog\/\"},{\"@type\":\"ListItem\",\"position\":2,\"name\":\"Abdib F\u00f3rum ter\u00e1 cobertura em tempo real da Ag\u00eancia iNFRA\"}]},{\"@type\":\"WebSite\",\"@id\":\"https:\/\/agenciainfra.com\/blog\/#website\",\"url\":\"https:\/\/agenciainfra.com\/blog\/\",\"name\":\"Ag\u00eancia iNFRA\",\"description\":\"Multiplataforma de informa\u00e7\u00e3o jornal\u00edstica refer\u00eancia na \u00e1rea de infraestrutura no Brasil!\",\"publisher\":{\"@id\":\"https:\/\/agenciainfra.com\/blog\/#organization\"},\"potentialAction\":[{\"@type\":\"SearchAction\",\"target\":{\"@type\":\"EntryPoint\",\"urlTemplate\":\"https:\/\/agenciainfra.com\/blog\/?s={search_term_string}\"},\"query-input\":{\"@type\":\"PropertyValueSpecification\",\"valueRequired\":true,\"valueName\":\"search_term_string\"}}],\"inLanguage\":\"pt-BR\"},{\"@type\":\"Organization\",\"@id\":\"https:\/\/agenciainfra.com\/blog\/#organization\",\"name\":\"Ag\u00eancia iNFRA\",\"url\":\"https:\/\/agenciainfra.com\/blog\/\",\"logo\":{\"@type\":\"ImageObject\",\"inLanguage\":\"pt-BR\",\"@id\":\"https:\/\/agenciainfra.com\/blog\/#\/schema\/logo\/image\/\",\"url\":\"https:\/\/agenciainfra.com\/blog\/wp-content\/uploads\/2023\/09\/iNFRA_5-e1761735885940.png\",\"contentUrl\":\"https:\/\/agenciainfra.com\/blog\/wp-content\/uploads\/2023\/09\/iNFRA_5-e1761735885940.png\",\"width\":1672,\"height\":454,\"caption\":\"Ag\u00eancia iNFRA\"},\"image\":{\"@id\":\"https:\/\/agenciainfra.com\/blog\/#\/schema\/logo\/image\/\"},\"sameAs\":[\"https:\/\/www.facebook.com\/ageninfra\",\"https:\/\/x.com\/agencia_infra\",\"https:\/\/www.linkedin.com\/company\/ag\u00eanciainfra\/\",\"https:\/\/www.instagram.com\/agenciainfra\/\"]},{\"@type\":\"Person\",\"@id\":\"https:\/\/agenciainfra.com\/blog\/#\/schema\/person\/04dbb79bd6d8951f063da71f3e4c1eb1\",\"name\":\"Rodrigo Zuquim\",\"image\":{\"@type\":\"ImageObject\",\"inLanguage\":\"pt-BR\",\"@id\":\"https:\/\/agenciainfra.com\/blog\/#\/schema\/person\/image\/\",\"url\":\"https:\/\/secure.gravatar.com\/avatar\/594abfe82761d620726242ff34ca472a705a4b97f16c790053a6b4c4035274d0?s=96&d=mm&r=g\",\"contentUrl\":\"https:\/\/secure.gravatar.com\/avatar\/594abfe82761d620726242ff34ca472a705a4b97f16c790053a6b4c4035274d0?s=96&d=mm&r=g\",\"caption\":\"Rodrigo Zuquim\"},\"url\":\"https:\/\/agenciainfra.com\/blog\/author\/rodrigo-zuquim\/\"}]}<\/script>\n<!-- \/ Yoast SEO Premium plugin. -->","yoast_head_json":{"title":"Abdib F\u00f3rum ter\u00e1 cobertura em tempo real da Ag\u00eancia iNFRA - Ag\u00eancia iNFRA","robots":{"index":"index","follow":"follow","max-snippet":"max-snippet:-1","max-image-preview":"max-image-preview:large","max-video-preview":"max-video-preview:-1"},"canonical":"https:\/\/agenciainfra.com\/blog\/abdib-forum-tera-cobertura-em-tempo-real-da-agencia-infra\/","og_locale":"pt_BR","og_type":"article","og_title":"Abdib F\u00f3rum ter\u00e1 cobertura em tempo real da Ag\u00eancia iNFRA","og_description":"da Ag\u00eancia iNFRA A Ag\u00eancia iNFRA far\u00e1 a cobertura em tempo real da edi\u00e7\u00e3o Norte do Abdib F\u00f3rum Infraestrutura Regional, que ser\u00e1 realizada nesta sexta-feira (13), em Bel\u00e9m (Par\u00e1). Al\u00e9m do site desenvolvido especialmente para a cobertura do evento, ser\u00e1 feito um acompanhamento online pelo perfil da iNFRA no Twitter (@agencia_infra). A programa\u00e7\u00e3o do encontro [&hellip;]","og_url":"https:\/\/agenciainfra.com\/blog\/abdib-forum-tera-cobertura-em-tempo-real-da-agencia-infra\/","og_site_name":"Ag\u00eancia iNFRA","article_publisher":"https:\/\/www.facebook.com\/ageninfra","article_published_time":"2020-03-12T16:00:28+00:00","og_image":[{"width":1200,"height":774,"url":"https:\/\/agenciainfra.com\/blog\/wp-content\/uploads\/2020\/03\/guindaste-dominio-publico.jpg","type":"image\/jpeg"}],"author":"Rodrigo Zuquim","twitter_card":"summary_large_image","twitter_creator":"@agencia_infra","twitter_site":"@agencia_infra","twitter_misc":{"Escrito por":"Rodrigo Zuquim","Est. tempo de leitura":"1 minuto"},"schema":{"@context":"https:\/\/schema.org","@graph":[{"@type":"Article","@id":"https:\/\/agenciainfra.com\/blog\/abdib-forum-tera-cobertura-em-tempo-real-da-agencia-infra\/#article","isPartOf":{"@id":"https:\/\/agenciainfra.com\/blog\/abdib-forum-tera-cobertura-em-tempo-real-da-agencia-infra\/"},"author":{"name":"Rodrigo Zuquim","@id":"https:\/\/agenciainfra.com\/blog\/#\/schema\/person\/04dbb79bd6d8951f063da71f3e4c1eb1"},"headline":"Abdib F\u00f3rum ter\u00e1 cobertura em tempo real da Ag\u00eancia iNFRA","datePublished":"2020-03-12T16:00:28+00:00","mainEntityOfPage":{"@id":"https:\/\/agenciainfra.com\/blog\/abdib-forum-tera-cobertura-em-tempo-real-da-agencia-infra\/"},"wordCount":204,"publisher":{"@id":"https:\/\/agenciainfra.com\/blog\/#organization"},"image":{"@id":"https:\/\/agenciainfra.com\/blog\/abdib-forum-tera-cobertura-em-tempo-real-da-agencia-infra\/#primaryimage"},"thumbnailUrl":"https:\/\/agenciainfra.com\/blog\/wp-content\/uploads\/2020\/03\/guindaste-dominio-publico.jpg","keywords":["Abdib F\u00f3rum","Abdib F\u00f3rum Infraestrutura Regional","Amaz\u00f4nia Legal","concess\u00f5es","Infraestrutura","parceria p\u00fablico-privada","PPP"],"articleSection":["iNFRATransporte"],"inLanguage":"pt-BR","copyrightYear":"2020","copyrightHolder":{"@id":"https:\/\/agenciainfra.com\/blog\/#organization"}},{"@type":"WebPage","@id":"https:\/\/agenciainfra.com\/blog\/abdib-forum-tera-cobertura-em-tempo-real-da-agencia-infra\/","url":"https:\/\/agenciainfra.com\/blog\/abdib-forum-tera-cobertura-em-tempo-real-da-agencia-infra\/","name":"Abdib F\u00f3rum ter\u00e1 cobertura em tempo real da Ag\u00eancia iNFRA - Ag\u00eancia iNFRA","isPartOf":{"@id":"https:\/\/agenciainfra.com\/blog\/#website"},"primaryImageOfPage":{"@id":"https:\/\/agenciainfra.com\/blog\/abdib-forum-tera-cobertura-em-tempo-real-da-agencia-infra\/#primaryimage"},"image":{"@id":"https:\/\/agenciainfra.com\/blog\/abdib-forum-tera-cobertura-em-tempo-real-da-agencia-infra\/#primaryimage"},"thumbnailUrl":"https:\/\/agenciainfra.com\/blog\/wp-content\/uploads\/2020\/03\/guindaste-dominio-publico.jpg","datePublished":"2020-03-12T16:00:28+00:00","breadcrumb":{"@id":"https:\/\/agenciainfra.com\/blog\/abdib-forum-tera-cobertura-em-tempo-real-da-agencia-infra\/#breadcrumb"},"inLanguage":"pt-BR","potentialAction":[{"@type":"ReadAction","target":["https:\/\/agenciainfra.com\/blog\/abdib-forum-tera-cobertura-em-tempo-real-da-agencia-infra\/"]}]},{"@type":"ImageObject","inLanguage":"pt-BR","@id":"https:\/\/agenciainfra.com\/blog\/abdib-forum-tera-cobertura-em-tempo-real-da-agencia-infra\/#primaryimage","url":"https:\/\/agenciainfra.com\/blog\/wp-content\/uploads\/2020\/03\/guindaste-dominio-publico.jpg","contentUrl":"https:\/\/agenciainfra.com\/blog\/wp-content\/uploads\/2020\/03\/guindaste-dominio-publico.jpg","width":1200,"height":774},{"@type":"BreadcrumbList","@id":"https:\/\/agenciainfra.com\/blog\/abdib-forum-tera-cobertura-em-tempo-real-da-agencia-infra\/#breadcrumb","itemListElement":[{"@type":"ListItem","position":1,"name":"In\u00edcio","item":"https:\/\/agenciainfra.com\/blog\/"},{"@type":"ListItem","position":2,"name":"Abdib F\u00f3rum ter\u00e1 cobertura em tempo real da Ag\u00eancia iNFRA"}]},{"@type":"WebSite","@id":"https:\/\/agenciainfra.com\/blog\/#website","url":"https:\/\/agenciainfra.com\/blog\/","name":"Ag\u00eancia iNFRA","description":"Multiplataforma de informa\u00e7\u00e3o jornal\u00edstica refer\u00eancia na \u00e1rea de infraestrutura no Brasil!","publisher":{"@id":"https:\/\/agenciainfra.com\/blog\/#organization"},"potentialAction":[{"@type":"SearchAction","target":{"@type":"EntryPoint","urlTemplate":"https:\/\/agenciainfra.com\/blog\/?s={search_term_string}"},"query-input":{"@type":"PropertyValueSpecification","valueRequired":true,"valueName":"search_term_string"}}],"inLanguage":"pt-BR"},{"@type":"Organization","@id":"https:\/\/agenciainfra.com\/blog\/#organization","name":"Ag\u00eancia iNFRA","url":"https:\/\/agenciainfra.com\/blog\/","logo":{"@type":"ImageObject","inLanguage":"pt-BR","@id":"https:\/\/agenciainfra.com\/blog\/#\/schema\/logo\/image\/","url":"https:\/\/agenciainfra.com\/blog\/wp-content\/uploads\/2023\/09\/iNFRA_5-e1761735885940.png","contentUrl":"https:\/\/agenciainfra.com\/blog\/wp-content\/uploads\/2023\/09\/iNFRA_5-e1761735885940.png","width":1672,"height":454,"caption":"Ag\u00eancia iNFRA"},"image":{"@id":"https:\/\/agenciainfra.com\/blog\/#\/schema\/logo\/image\/"},"sameAs":["https:\/\/www.facebook.com\/ageninfra","https:\/\/x.com\/agencia_infra","https:\/\/www.linkedin.com\/company\/ag\u00eanciainfra\/","https:\/\/www.instagram.com\/agenciainfra\/"]},{"@type":"Person","@id":"https:\/\/agenciainfra.com\/blog\/#\/schema\/person\/04dbb79bd6d8951f063da71f3e4c1eb1","name":"Rodrigo Zuquim","image":{"@type":"ImageObject","inLanguage":"pt-BR","@id":"https:\/\/agenciainfra.com\/blog\/#\/schema\/person\/image\/","url":"https:\/\/secure.gravatar.com\/avatar\/594abfe82761d620726242ff34ca472a705a4b97f16c790053a6b4c4035274d0?s=96&d=mm&r=g","contentUrl":"https:\/\/secure.gravatar.com\/avatar\/594abfe82761d620726242ff34ca472a705a4b97f16c790053a6b4c4035274d0?s=96&d=mm&r=g","caption":"Rodrigo Zuquim"},"url":"https:\/\/agenciainfra.com\/blog\/author\/rodrigo-zuquim\/"}]}},"_links":{"self":[{"href":"https:\/\/agenciainfra.com\/blog\/wp-json\/wp\/v2\/posts\/4546","targetHints":{"allow":["GET"]}}],"collection":[{"href":"https:\/\/agenciainfra.com\/blog\/wp-json\/wp\/v2\/posts"}],"about":[{"href":"https:\/\/agenciainfra.com\/blog\/wp-json\/wp\/v2\/types\/post"}],"author":[{"embeddable":true,"href":"https:\/\/agenciainfra.com\/blog\/wp-json\/wp\/v2\/users\/9"}],"replies":[{"embeddable":true,"href":"https:\/\/agenciainfra.com\/blog\/wp-json\/wp\/v2\/comments?post=4546"}],"version-history":[{"count":0,"href":"https:\/\/agenciainfra.com\/blog\/wp-json\/wp\/v2\/posts\/4546\/revisions"}],"wp:featuredmedia":[{"embeddable":true,"href":"https:\/\/agenciainfra.com\/blog\/wp-json\/wp\/v2\/media\/4547"}],"wp:attachment":[{"href":"https:\/\/agenciainfra.com\/blog\/wp-json\/wp\/v2\/media?parent=4546"}],"wp:term":[{"taxonomy":"category","embeddable":true,"href":"https:\/\/agenciainfra.com\/blog\/wp-json\/wp\/v2\/categories?post=4546"},{"taxonomy":"post_tag","embeddable":true,"href":"https:\/\/agenciainfra.com\/blog\/wp-json\/wp\/v2\/tags?post=4546"}],"curies":[{"name":"wp","href":"https:\/\/api.w.org\/{rel}","templated":true}]}}