{"id":4549,"date":"2020-03-13T08:00:09","date_gmt":"2020-03-13T11:00:09","guid":{"rendered":"http:\/\/www.agenciainfra.com\/blog\/?p=4549"},"modified":"2020-03-12T20:06:26","modified_gmt":"2020-03-12T23:06:26","slug":"setor-comemora-aprovacao-do-pl-do-gsf-na-cae-materia-segue-ao-plenario-do-senado","status":"publish","type":"post","link":"https:\/\/agenciainfra.com\/blog\/setor-comemora-aprovacao-do-pl-do-gsf-na-cae-materia-segue-ao-plenario-do-senado\/","title":{"rendered":"Setor comemora aprova\u00e7\u00e3o do PL do GSF na CAE; mat\u00e9ria segue ao plen\u00e1rio do Senado"},"content":{"rendered":"<h5 style=\"text-align: right;\"><strong>Guilherme Mendes e Leila Coimbra,\u00a0da Ag\u00eancia iNFRA<\/strong><\/h5>\n<p dir=\"ltr\">O avan\u00e7o ao plen\u00e1rio do Senado do projeto de lei 3.975\/2019, que d\u00e1 novas condi\u00e7\u00f5es para a repactua\u00e7\u00e3o do risco hidrol\u00f3gico de gera\u00e7\u00e3o de energia el\u00e9trica, conhecido pela sigla GSF, foi comemorado e lembrado por todo o setor. O projeto foi aprovado na \u00faltima ter\u00e7a-feira (10) pela CAE (Comiss\u00e3o de Assuntos Econ\u00f4micos).<\/p>\n<p>O presidente do conselho da CCEE, Rui Altieri, disse que um grande passo foi dado hoje pelo Senado Federal, com a aprova\u00e7\u00e3o do projeto: \u201c\u00c9 l\u00f3gico que ainda falta a aprova\u00e7\u00e3o pelo plen\u00e1rio, mas \u00e9 uma not\u00edcia muito boa a de hoje. Aqui na CCEE estamos muito animados e acreditamos que no curto prazo haver\u00e1 uma solu\u00e7\u00e3o\u201d. O PL 3.975\/19 estava sem ser pautado para vota\u00e7\u00e3o na CAE desde o dia 3 de setembro de 2019.<\/p>\n<p>Segundo Altieri, ap\u00f3s o aval do plen\u00e1rio do Senado, e a san\u00e7\u00e3o ou veto do presidente da Rep\u00fablica, o passo seguinte ser\u00e1 dado pela ANEEL, que colocar\u00e1 em audi\u00eancia p\u00fablica as regras para a solu\u00e7\u00e3o da d\u00edvida do GSF, de acordo com a Lei. \u201cJ\u00e1 conversamos com os diretores da ag\u00eancia, que est\u00e3o dispostos a resolver tudo no menor prazo poss\u00edvel\u201d.<\/p>\n<p>Em seguida, a CCEE ir\u00e1 chamar os credores e devedores para acertar o d\u00e9bito. \u201cIremos fazer o parcelamento porque temos a convic\u00e7\u00e3o de que isso \u00e9 necess\u00e1rio\u201d. Hoje estes d\u00e9bitos &#8220;em aberto&#8221;, na liquida\u00e7\u00e3o de curto prazo est\u00e3o, em R$ 8,2 bilh\u00f5es.<\/p>\n<p dir=\"ltr\">A ANEEL (Ag\u00eancia Nacional de Energia El\u00e9trica) j\u00e1 organiza for\u00e7a-tarefa para apresentar ao mercado os c\u00e1lculos das compensa\u00e7\u00f5es de cada empresa por meio das outorgas, dentro de um prazo de at\u00e9 90 dias.<\/p>\n<p dir=\"ltr\">\u201cUma vez aprovado pelo Senado e sancionado pelo presidente, o PL [do GSF] delega v\u00e1rias atribui\u00e7\u00f5es para a ag\u00eancia e estabelece um prazo de 90 dias para que essas atribui\u00e7\u00f5es sejam cumpridas\u201d, disse o diretor-geral da ag\u00eancia, Andr\u00e9 Pepitone.<\/p>\n<p>Segundo ele, j\u00e1 existe uma atua\u00e7\u00e3o de maneira articulada entre a ag\u00eancia, o ONS (Operador Nacional do Sistema El\u00e9trico), a CCEE (C\u00e2mara de Comercializa\u00e7\u00e3o de Energia El\u00e9trica) e a EPE (Empresa de Pesquisa Energ\u00e9tica) para apresentar ao mercado a parte regulat\u00f3ria com toda a seguran\u00e7a necess\u00e1ria.<\/p>\n<p>\u201cA ANEEL se associa ao esfor\u00e7o coletivo do setor e est\u00e1 preparada para executar com celeridade e articula\u00e7\u00e3o com CCEE, ONS e EPE as diversas atribui\u00e7\u00f5es que a aprova\u00e7\u00e3o do PL do GSF imputar\u00e1 \u00e0 ag\u00eancia.\u201d<\/p>\n<p dir=\"ltr\">Leia a seguir os depoimentos dados \u00e0\u00a0<strong>Ag\u00eancia iNFRA<\/strong>\u00a0por alguns dos principais agentes da \u00e1rea:<\/p>\n<p>\u201cPenso que todos os atores do setor el\u00e9trico, incluindo a m\u00eddia especializada, contribu\u00edram para os \u00faltimos resultados, em um trabalho conjunto com o Executivo e o Legislativo. Portanto, todos est\u00e3o de parab\u00e9ns. Ainda h\u00e1 muito trabalho a ser feito e tenho certeza que vamos alcan\u00e7ar os resultados esperados, em benef\u00edcio da sociedade brasileira\u201d \u2013<strong>\u00a0ministro das Minas e Energia, Bento Albuquerque<\/strong><\/p>\n<p>\u201cVejo como uma medida superimportante para destravar o setor el\u00e9trico de uma pend\u00eancia que se arrasta h\u00e1 anos, muito bom para o desenvolvimento do Brasil, e resgatando em parte o reconhecimento do benef\u00edcio das hidrel\u00e9tricas no sistema interligado nacional\u201d \u2013\u00a0<strong>presidente da Engie, Maur\u00edcio Bahr<\/strong><\/p>\n<p>&#8220;Significa realmente um grande e importante avan\u00e7o para resolver este grave problema, que j\u00e1 vem afligindo por demasiado tempo o setor el\u00e9trico\u201d \u2013\u00a0<strong>presidente do conselho de administra\u00e7\u00e3o da Enel, Mario Santos<\/strong><\/p>\n<p>\u201cA aprova\u00e7\u00e3o do PL 3.975 abre o caminho para a moderniza\u00e7\u00e3o do setor el\u00e9trico brasileiro, que nasce por meio do PLS 232, pois restabelece a confian\u00e7a dos investidores em gera\u00e7\u00e3o. Agora temos a expectativa de aprova\u00e7\u00e3o c\u00e9lere pelo plen\u00e1rio, passando pela san\u00e7\u00e3o presidencial e regulamenta\u00e7\u00e3o pela ANEEL para, finalmente, atingirmos a implementa\u00e7\u00e3o pela CCEE e a consequente normaliza\u00e7\u00e3o do mercado. Temos ainda um caminho consider\u00e1vel, mas estou otimista com tudo isso. Importante registrar que, definitivamente, faz-se uma repara\u00e7\u00e3o aos geradores hidrel\u00e9tricos. O MME e o Legislativo reconhecem que os geradores foram submetidos a condi\u00e7\u00f5es de opera\u00e7\u00e3o que extrapolam muito ao que poderia ser atribu\u00eddo como de suas responsabilidades: a gest\u00e3o do risco hidrol\u00f3gico\u201d \u2013\u00a0<strong>presidente da Energia Sustent\u00e1vel do Brasil (Jirau),\u00a0Edson Luiz da Silva<\/strong><\/p>\n<p>\u201cDestravar o PL que trata do GSF \u00e9 uma sinaliza\u00e7\u00e3o muito importante para o setor el\u00e9trico. Uma mensagem de confian\u00e7a pelo Legislativo em conson\u00e2ncia com o Poder Executivo, num momento em que estamos enfrentando desafios econ\u00f4micos globais, de pouco crescimento. Esse \u00e9 um problema antigo, de resolu\u00e7\u00e3o complexa, e devemos considerar e reconhecer isso neste momento: percorremos um longo caminho, muito dif\u00edcil, \u00e9 uma vit\u00f3ria de todo o setor, n\u00e3o apenas das empresas afetadas\u201d \u2013\u00a0<strong>presidente da Abee\u00f3lica, Elbia Gannoum<\/strong><\/p>\n<p>\u201cO GSF j\u00e1 foi um problema muito maior no passado, e a quest\u00e3o \u00e9 como a gente consegue resolver esse problema no futuro.\u00a0\u00c9 preciso destacar a quest\u00e3o da efici\u00eancia. O pr\u00f3ximo movimento dessa quest\u00e3o do GSF tem que contemplar a flexibilidade hidrel\u00e9trica e flexibiliza\u00e7\u00e3o da gera\u00e7\u00e3o como um todo, e a efici\u00eancia da gera\u00e7\u00e3o e n\u00e3o a garantia f\u00edsica. Esse modelo novo do MRE teria que contemplar essas caracter\u00edsticas&#8221; \u2013\u00a0<strong>presidente da Comerc, Christopher Vlavianos<\/strong><\/p>\n<p>\u201cA aprova\u00e7\u00e3o do PL do GSF na CAE do Senado \u00e9 uma excelente not\u00edcia para o setor el\u00e9trico, pois a n\u00e3o liquida\u00e7\u00e3o \u00e9 uma imperfei\u00e7\u00e3o de mercado, trazendo assimetrias entre os agentes. O projeto teve o apoio das principais entidades setoriais e vai possibilitar a necess\u00e1ria seguran\u00e7a do abastecimento e a competitividade no setor. A pr\u00f3-atividade do MME foi fundamental para a aprova\u00e7\u00e3o em vota\u00e7\u00e3o simb\u00f3lica (un\u00e2nime) do PL na CAE\u201d \u2013\u00a0<strong>CEO da Delta Energia Asset Management, Luiz Fernando Vianna<\/strong><\/p>\n<p>\u201cA solu\u00e7\u00e3o do risco hidrol\u00f3gico \u00e9 essencial para destravar a agenda do setor el\u00e9trico e ampliar a discuss\u00e3o de temas-chave ligados \u00e0 moderniza\u00e7\u00e3o setorial.\u00a0Merece destaque tamb\u00e9m a evolu\u00e7\u00e3o do processo de aprova\u00e7\u00e3o do PL 232, o que contribuiria para consolidar a sustentabilidade do setor e atrair novos investimentos ao Brasil\u201d \u2013\u00a0<strong>diretor-geral do ONS, Luiz Eduardo Barata<\/strong><\/p>\n<p>\u201cNeste momento, acompanhamos a evolu\u00e7\u00e3o do processo legislativo e acreditamos que essa etapa vencida hoje fortalece a confian\u00e7a para investimentos no setor el\u00e9trico. A EPE tamb\u00e9m reconhece a import\u00e2ncia de pensar a sustentabilidade do MRE no longo prazo, com todas as transforma\u00e7\u00f5es pelas quais o setor est\u00e1 passando. Uma das vertentes seria verificar a ader\u00eancia da atual l\u00f3gica de aloca\u00e7\u00e3o da produ\u00e7\u00e3o hidrel\u00e9trica. O mais importante hoje \u00e9 que estamos mais confiantes na capacidade de constru\u00e7\u00e3o dos consensos necess\u00e1rios para modernizar o setor el\u00e9trico\u201d \u2013\u00a0<strong>presidente da EPE, Thiago Barral<\/strong><\/p>\n<p>\u201cVejo com muito otimismo que o PL 3.975\/19 esteja avan\u00e7ando no Senado para resolver a quest\u00e3o do risco hidrol\u00f3gico de forma ordenada. Esta vinha sendo uma prioridade da gest\u00e3o do ministro Bento Albuquerque, que sempre respeita a governan\u00e7a e a din\u00e2mica do Legislativo, para trazer maior estabilidade jur\u00eddica e regulat\u00f3ria ao setor el\u00e9trico, o que favorece a atra\u00e7\u00e3o de investimentos em infraestrutura\u201d \u2013\u00a0<strong>CEO da Atiaia Energia, Ricardo Cyrino<\/strong><\/p>\n","protected":false},"excerpt":{"rendered":"<p>Guilherme Mendes e Leila Coimbra,\u00a0da Ag\u00eancia iNFRA O avan\u00e7o ao plen\u00e1rio do Senado do projeto de lei 3.975\/2019, que d\u00e1 novas condi\u00e7\u00f5es para a repactua\u00e7\u00e3o do risco hidrol\u00f3gico de gera\u00e7\u00e3o de energia el\u00e9trica, conhecido pela sigla GSF, foi comemorado e lembrado por todo o setor. O projeto foi aprovado na \u00faltima ter\u00e7a-feira (10) pela CAE [&hellip;]<\/p>\n","protected":false},"author":9,"featured_media":4550,"comment_status":"closed","ping_status":"closed","sticky":false,"template":"","format":"standard","meta":{"_monsterinsights_skip_tracking":false,"_monsterinsights_sitenote_active":false,"_monsterinsights_sitenote_note":"","_monsterinsights_sitenote_category":0,"footnotes":""},"categories":[10],"tags":[725,820,53,1803,710,705,14,1800,1799,1794,1801,1798,1113,616,1735,12,348,1797,828,1802,1796,1795,519,216,1793,863,193,874,123,1068],"class_list":["post-4549","post","type-post","status-publish","format-standard","has-post-thumbnail","hentry","category-infraenergia","tag-abeeolica","tag-andre-pepitone","tag-aneel","tag-atiaia-energia","tag-bento-albuquerque","tag-cae","tag-ccee","tag-christopher-vlavianos","tag-comerc","tag-comissao-de-assuntos-economicos","tag-delta-energia-asset-management","tag-edson-luiz-da-silva","tag-elbia-gannoum","tag-enel","tag-engie","tag-epe","tag-gsf","tag-jirau","tag-luiz-eduardo-barata","tag-luiz-fernando-vianna","tag-mario-santos","tag-mauricio-bahr","tag-minas-e-energia","tag-ons","tag-projeto-de-lei-3-975-2019","tag-ricardo-cyrino","tag-risco-hidrologico","tag-rui-altieri","tag-senado","tag-thiago-barral"],"yoast_head":"<!-- This site is optimized with the Yoast SEO Premium plugin v25.4 (Yoast SEO v26.0) - https:\/\/yoast.com\/wordpress\/plugins\/seo\/ -->\n<title>Setor comemora aprova\u00e7\u00e3o do PL do GSF na CAE; mat\u00e9ria segue ao plen\u00e1rio do Senado - Ag\u00eancia iNFRA<\/title>\n<meta name=\"robots\" content=\"index, follow, max-snippet:-1, max-image-preview:large, max-video-preview:-1\" \/>\n<link rel=\"canonical\" href=\"https:\/\/agenciainfra.com\/blog\/setor-comemora-aprovacao-do-pl-do-gsf-na-cae-materia-segue-ao-plenario-do-senado\/\" \/>\n<meta property=\"og:locale\" content=\"pt_BR\" \/>\n<meta property=\"og:type\" content=\"article\" \/>\n<meta property=\"og:title\" content=\"Setor comemora aprova\u00e7\u00e3o do PL do GSF na CAE; mat\u00e9ria segue ao plen\u00e1rio do Senado\" \/>\n<meta property=\"og:description\" content=\"Guilherme Mendes e Leila Coimbra,\u00a0da Ag\u00eancia iNFRA O avan\u00e7o ao plen\u00e1rio do Senado do projeto de lei 3.975\/2019, que d\u00e1 novas condi\u00e7\u00f5es para a repactua\u00e7\u00e3o do risco hidrol\u00f3gico de gera\u00e7\u00e3o de energia el\u00e9trica, conhecido pela sigla GSF, foi comemorado e lembrado por todo o setor. O projeto foi aprovado na \u00faltima ter\u00e7a-feira (10) pela CAE [&hellip;]\" \/>\n<meta property=\"og:url\" content=\"https:\/\/agenciainfra.com\/blog\/setor-comemora-aprovacao-do-pl-do-gsf-na-cae-materia-segue-ao-plenario-do-senado\/\" \/>\n<meta property=\"og:site_name\" content=\"Ag\u00eancia iNFRA\" \/>\n<meta property=\"article:publisher\" content=\"https:\/\/www.facebook.com\/ageninfra\" \/>\n<meta property=\"article:published_time\" content=\"2020-03-13T11:00:09+00:00\" \/>\n<meta property=\"og:image\" content=\"https:\/\/agenciainfra.com\/blog\/wp-content\/uploads\/2020\/03\/cae-omar-aziz-marcos-rogerio-foto-geraldo-magela-agencia-senado.jpg\" \/>\n\t<meta property=\"og:image:width\" content=\"1280\" \/>\n\t<meta property=\"og:image:height\" content=\"853\" \/>\n\t<meta property=\"og:image:type\" content=\"image\/jpeg\" \/>\n<meta name=\"author\" content=\"Rodrigo Zuquim\" \/>\n<meta name=\"twitter:card\" content=\"summary_large_image\" \/>\n<meta name=\"twitter:creator\" content=\"@agencia_infra\" \/>\n<meta name=\"twitter:site\" content=\"@agencia_infra\" \/>\n<meta name=\"twitter:label1\" content=\"Escrito por\" \/>\n\t<meta name=\"twitter:data1\" content=\"Rodrigo Zuquim\" \/>\n\t<meta name=\"twitter:label2\" content=\"Est. tempo de leitura\" \/>\n\t<meta name=\"twitter:data2\" content=\"6 minutos\" \/>\n<script type=\"application\/ld+json\" class=\"yoast-schema-graph\">{\"@context\":\"https:\/\/schema.org\",\"@graph\":[{\"@type\":\"Article\",\"@id\":\"https:\/\/agenciainfra.com\/blog\/setor-comemora-aprovacao-do-pl-do-gsf-na-cae-materia-segue-ao-plenario-do-senado\/#article\",\"isPartOf\":{\"@id\":\"https:\/\/agenciainfra.com\/blog\/setor-comemora-aprovacao-do-pl-do-gsf-na-cae-materia-segue-ao-plenario-do-senado\/\"},\"author\":{\"name\":\"Rodrigo Zuquim\",\"@id\":\"https:\/\/agenciainfra.com\/blog\/#\/schema\/person\/04dbb79bd6d8951f063da71f3e4c1eb1\"},\"headline\":\"Setor comemora aprova\u00e7\u00e3o do PL do GSF na CAE; mat\u00e9ria segue ao plen\u00e1rio do Senado\",\"datePublished\":\"2020-03-13T11:00:09+00:00\",\"mainEntityOfPage\":{\"@id\":\"https:\/\/agenciainfra.com\/blog\/setor-comemora-aprovacao-do-pl-do-gsf-na-cae-materia-segue-ao-plenario-do-senado\/\"},\"wordCount\":1273,\"publisher\":{\"@id\":\"https:\/\/agenciainfra.com\/blog\/#organization\"},\"image\":{\"@id\":\"https:\/\/agenciainfra.com\/blog\/setor-comemora-aprovacao-do-pl-do-gsf-na-cae-materia-segue-ao-plenario-do-senado\/#primaryimage\"},\"thumbnailUrl\":\"https:\/\/agenciainfra.com\/blog\/wp-content\/uploads\/2020\/03\/cae-omar-aziz-marcos-rogerio-foto-geraldo-magela-agencia-senado.jpg\",\"keywords\":[\"abeeolica\",\"Andr\u00e9 Pepitone\",\"ANEEL\",\"Atiaia Energia\",\"bento albuquerque\",\"CAE\",\"ccee\",\"Christopher Vlavianos\",\"Comerc\",\"Comiss\u00e3o de Assuntos Econ\u00f4micos\",\"Delta Energia Asset Management\",\"Edson Luiz da Silva\",\"Elbia Gannoum\",\"Enel\",\"Engie\",\"epe\",\"GSF\",\"Jirau\",\"Luiz Eduardo Barata\",\"Luiz Fernando Vianna\",\"Mario Santos\",\"Maur\u00edcio Bahr\",\"Minas e Energia\",\"ONS\",\"projeto de lei 3.975\/2019\",\"Ricardo Cyrino\",\"risco hidrol\u00f3gico\",\"Rui Altieri\",\"senado\",\"Thiago Barral\"],\"articleSection\":[\"iNFRAEnergia\"],\"inLanguage\":\"pt-BR\",\"copyrightYear\":\"2020\",\"copyrightHolder\":{\"@id\":\"https:\/\/agenciainfra.com\/blog\/#organization\"}},{\"@type\":\"WebPage\",\"@id\":\"https:\/\/agenciainfra.com\/blog\/setor-comemora-aprovacao-do-pl-do-gsf-na-cae-materia-segue-ao-plenario-do-senado\/\",\"url\":\"https:\/\/agenciainfra.com\/blog\/setor-comemora-aprovacao-do-pl-do-gsf-na-cae-materia-segue-ao-plenario-do-senado\/\",\"name\":\"Setor comemora aprova\u00e7\u00e3o do PL do GSF na CAE; mat\u00e9ria segue ao plen\u00e1rio do Senado - Ag\u00eancia iNFRA\",\"isPartOf\":{\"@id\":\"https:\/\/agenciainfra.com\/blog\/#website\"},\"primaryImageOfPage\":{\"@id\":\"https:\/\/agenciainfra.com\/blog\/setor-comemora-aprovacao-do-pl-do-gsf-na-cae-materia-segue-ao-plenario-do-senado\/#primaryimage\"},\"image\":{\"@id\":\"https:\/\/agenciainfra.com\/blog\/setor-comemora-aprovacao-do-pl-do-gsf-na-cae-materia-segue-ao-plenario-do-senado\/#primaryimage\"},\"thumbnailUrl\":\"https:\/\/agenciainfra.com\/blog\/wp-content\/uploads\/2020\/03\/cae-omar-aziz-marcos-rogerio-foto-geraldo-magela-agencia-senado.jpg\",\"datePublished\":\"2020-03-13T11:00:09+00:00\",\"breadcrumb\":{\"@id\":\"https:\/\/agenciainfra.com\/blog\/setor-comemora-aprovacao-do-pl-do-gsf-na-cae-materia-segue-ao-plenario-do-senado\/#breadcrumb\"},\"inLanguage\":\"pt-BR\",\"potentialAction\":[{\"@type\":\"ReadAction\",\"target\":[\"https:\/\/agenciainfra.com\/blog\/setor-comemora-aprovacao-do-pl-do-gsf-na-cae-materia-segue-ao-plenario-do-senado\/\"]}]},{\"@type\":\"ImageObject\",\"inLanguage\":\"pt-BR\",\"@id\":\"https:\/\/agenciainfra.com\/blog\/setor-comemora-aprovacao-do-pl-do-gsf-na-cae-materia-segue-ao-plenario-do-senado\/#primaryimage\",\"url\":\"https:\/\/agenciainfra.com\/blog\/wp-content\/uploads\/2020\/03\/cae-omar-aziz-marcos-rogerio-foto-geraldo-magela-agencia-senado.jpg\",\"contentUrl\":\"https:\/\/agenciainfra.com\/blog\/wp-content\/uploads\/2020\/03\/cae-omar-aziz-marcos-rogerio-foto-geraldo-magela-agencia-senado.jpg\",\"width\":1280,\"height\":853},{\"@type\":\"BreadcrumbList\",\"@id\":\"https:\/\/agenciainfra.com\/blog\/setor-comemora-aprovacao-do-pl-do-gsf-na-cae-materia-segue-ao-plenario-do-senado\/#breadcrumb\",\"itemListElement\":[{\"@type\":\"ListItem\",\"position\":1,\"name\":\"In\u00edcio\",\"item\":\"https:\/\/agenciainfra.com\/blog\/\"},{\"@type\":\"ListItem\",\"position\":2,\"name\":\"Setor comemora aprova\u00e7\u00e3o do PL do GSF na CAE; mat\u00e9ria segue ao plen\u00e1rio do Senado\"}]},{\"@type\":\"WebSite\",\"@id\":\"https:\/\/agenciainfra.com\/blog\/#website\",\"url\":\"https:\/\/agenciainfra.com\/blog\/\",\"name\":\"Ag\u00eancia iNFRA\",\"description\":\"Multiplataforma de informa\u00e7\u00e3o jornal\u00edstica refer\u00eancia na \u00e1rea de infraestrutura no Brasil!\",\"publisher\":{\"@id\":\"https:\/\/agenciainfra.com\/blog\/#organization\"},\"potentialAction\":[{\"@type\":\"SearchAction\",\"target\":{\"@type\":\"EntryPoint\",\"urlTemplate\":\"https:\/\/agenciainfra.com\/blog\/?s={search_term_string}\"},\"query-input\":{\"@type\":\"PropertyValueSpecification\",\"valueRequired\":true,\"valueName\":\"search_term_string\"}}],\"inLanguage\":\"pt-BR\"},{\"@type\":\"Organization\",\"@id\":\"https:\/\/agenciainfra.com\/blog\/#organization\",\"name\":\"Ag\u00eancia iNFRA\",\"url\":\"https:\/\/agenciainfra.com\/blog\/\",\"logo\":{\"@type\":\"ImageObject\",\"inLanguage\":\"pt-BR\",\"@id\":\"https:\/\/agenciainfra.com\/blog\/#\/schema\/logo\/image\/\",\"url\":\"https:\/\/agenciainfra.com\/blog\/wp-content\/uploads\/2023\/09\/iNFRA_5-e1761735885940.png\",\"contentUrl\":\"https:\/\/agenciainfra.com\/blog\/wp-content\/uploads\/2023\/09\/iNFRA_5-e1761735885940.png\",\"width\":1672,\"height\":454,\"caption\":\"Ag\u00eancia iNFRA\"},\"image\":{\"@id\":\"https:\/\/agenciainfra.com\/blog\/#\/schema\/logo\/image\/\"},\"sameAs\":[\"https:\/\/www.facebook.com\/ageninfra\",\"https:\/\/x.com\/agencia_infra\",\"https:\/\/www.linkedin.com\/company\/ag\u00eanciainfra\/\",\"https:\/\/www.instagram.com\/agenciainfra\/\"]},{\"@type\":\"Person\",\"@id\":\"https:\/\/agenciainfra.com\/blog\/#\/schema\/person\/04dbb79bd6d8951f063da71f3e4c1eb1\",\"name\":\"Rodrigo Zuquim\",\"image\":{\"@type\":\"ImageObject\",\"inLanguage\":\"pt-BR\",\"@id\":\"https:\/\/agenciainfra.com\/blog\/#\/schema\/person\/image\/\",\"url\":\"https:\/\/secure.gravatar.com\/avatar\/594abfe82761d620726242ff34ca472a705a4b97f16c790053a6b4c4035274d0?s=96&d=mm&r=g\",\"contentUrl\":\"https:\/\/secure.gravatar.com\/avatar\/594abfe82761d620726242ff34ca472a705a4b97f16c790053a6b4c4035274d0?s=96&d=mm&r=g\",\"caption\":\"Rodrigo Zuquim\"},\"url\":\"https:\/\/agenciainfra.com\/blog\/author\/rodrigo-zuquim\/\"}]}<\/script>\n<!-- \/ Yoast SEO Premium plugin. -->","yoast_head_json":{"title":"Setor comemora aprova\u00e7\u00e3o do PL do GSF na CAE; mat\u00e9ria segue ao plen\u00e1rio do Senado - Ag\u00eancia iNFRA","robots":{"index":"index","follow":"follow","max-snippet":"max-snippet:-1","max-image-preview":"max-image-preview:large","max-video-preview":"max-video-preview:-1"},"canonical":"https:\/\/agenciainfra.com\/blog\/setor-comemora-aprovacao-do-pl-do-gsf-na-cae-materia-segue-ao-plenario-do-senado\/","og_locale":"pt_BR","og_type":"article","og_title":"Setor comemora aprova\u00e7\u00e3o do PL do GSF na CAE; mat\u00e9ria segue ao plen\u00e1rio do Senado","og_description":"Guilherme Mendes e Leila Coimbra,\u00a0da Ag\u00eancia iNFRA O avan\u00e7o ao plen\u00e1rio do Senado do projeto de lei 3.975\/2019, que d\u00e1 novas condi\u00e7\u00f5es para a repactua\u00e7\u00e3o do risco hidrol\u00f3gico de gera\u00e7\u00e3o de energia el\u00e9trica, conhecido pela sigla GSF, foi comemorado e lembrado por todo o setor. O projeto foi aprovado na \u00faltima ter\u00e7a-feira (10) pela CAE [&hellip;]","og_url":"https:\/\/agenciainfra.com\/blog\/setor-comemora-aprovacao-do-pl-do-gsf-na-cae-materia-segue-ao-plenario-do-senado\/","og_site_name":"Ag\u00eancia iNFRA","article_publisher":"https:\/\/www.facebook.com\/ageninfra","article_published_time":"2020-03-13T11:00:09+00:00","og_image":[{"width":1280,"height":853,"url":"https:\/\/agenciainfra.com\/blog\/wp-content\/uploads\/2020\/03\/cae-omar-aziz-marcos-rogerio-foto-geraldo-magela-agencia-senado.jpg","type":"image\/jpeg"}],"author":"Rodrigo Zuquim","twitter_card":"summary_large_image","twitter_creator":"@agencia_infra","twitter_site":"@agencia_infra","twitter_misc":{"Escrito por":"Rodrigo Zuquim","Est. tempo de leitura":"6 minutos"},"schema":{"@context":"https:\/\/schema.org","@graph":[{"@type":"Article","@id":"https:\/\/agenciainfra.com\/blog\/setor-comemora-aprovacao-do-pl-do-gsf-na-cae-materia-segue-ao-plenario-do-senado\/#article","isPartOf":{"@id":"https:\/\/agenciainfra.com\/blog\/setor-comemora-aprovacao-do-pl-do-gsf-na-cae-materia-segue-ao-plenario-do-senado\/"},"author":{"name":"Rodrigo Zuquim","@id":"https:\/\/agenciainfra.com\/blog\/#\/schema\/person\/04dbb79bd6d8951f063da71f3e4c1eb1"},"headline":"Setor comemora aprova\u00e7\u00e3o do PL do GSF na CAE; mat\u00e9ria segue ao plen\u00e1rio do Senado","datePublished":"2020-03-13T11:00:09+00:00","mainEntityOfPage":{"@id":"https:\/\/agenciainfra.com\/blog\/setor-comemora-aprovacao-do-pl-do-gsf-na-cae-materia-segue-ao-plenario-do-senado\/"},"wordCount":1273,"publisher":{"@id":"https:\/\/agenciainfra.com\/blog\/#organization"},"image":{"@id":"https:\/\/agenciainfra.com\/blog\/setor-comemora-aprovacao-do-pl-do-gsf-na-cae-materia-segue-ao-plenario-do-senado\/#primaryimage"},"thumbnailUrl":"https:\/\/agenciainfra.com\/blog\/wp-content\/uploads\/2020\/03\/cae-omar-aziz-marcos-rogerio-foto-geraldo-magela-agencia-senado.jpg","keywords":["abeeolica","Andr\u00e9 Pepitone","ANEEL","Atiaia Energia","bento albuquerque","CAE","ccee","Christopher Vlavianos","Comerc","Comiss\u00e3o de Assuntos Econ\u00f4micos","Delta Energia Asset Management","Edson Luiz da Silva","Elbia Gannoum","Enel","Engie","epe","GSF","Jirau","Luiz Eduardo Barata","Luiz Fernando Vianna","Mario Santos","Maur\u00edcio Bahr","Minas e Energia","ONS","projeto de lei 3.975\/2019","Ricardo Cyrino","risco hidrol\u00f3gico","Rui Altieri","senado","Thiago Barral"],"articleSection":["iNFRAEnergia"],"inLanguage":"pt-BR","copyrightYear":"2020","copyrightHolder":{"@id":"https:\/\/agenciainfra.com\/blog\/#organization"}},{"@type":"WebPage","@id":"https:\/\/agenciainfra.com\/blog\/setor-comemora-aprovacao-do-pl-do-gsf-na-cae-materia-segue-ao-plenario-do-senado\/","url":"https:\/\/agenciainfra.com\/blog\/setor-comemora-aprovacao-do-pl-do-gsf-na-cae-materia-segue-ao-plenario-do-senado\/","name":"Setor comemora aprova\u00e7\u00e3o do PL do GSF na CAE; mat\u00e9ria segue ao plen\u00e1rio do Senado - Ag\u00eancia iNFRA","isPartOf":{"@id":"https:\/\/agenciainfra.com\/blog\/#website"},"primaryImageOfPage":{"@id":"https:\/\/agenciainfra.com\/blog\/setor-comemora-aprovacao-do-pl-do-gsf-na-cae-materia-segue-ao-plenario-do-senado\/#primaryimage"},"image":{"@id":"https:\/\/agenciainfra.com\/blog\/setor-comemora-aprovacao-do-pl-do-gsf-na-cae-materia-segue-ao-plenario-do-senado\/#primaryimage"},"thumbnailUrl":"https:\/\/agenciainfra.com\/blog\/wp-content\/uploads\/2020\/03\/cae-omar-aziz-marcos-rogerio-foto-geraldo-magela-agencia-senado.jpg","datePublished":"2020-03-13T11:00:09+00:00","breadcrumb":{"@id":"https:\/\/agenciainfra.com\/blog\/setor-comemora-aprovacao-do-pl-do-gsf-na-cae-materia-segue-ao-plenario-do-senado\/#breadcrumb"},"inLanguage":"pt-BR","potentialAction":[{"@type":"ReadAction","target":["https:\/\/agenciainfra.com\/blog\/setor-comemora-aprovacao-do-pl-do-gsf-na-cae-materia-segue-ao-plenario-do-senado\/"]}]},{"@type":"ImageObject","inLanguage":"pt-BR","@id":"https:\/\/agenciainfra.com\/blog\/setor-comemora-aprovacao-do-pl-do-gsf-na-cae-materia-segue-ao-plenario-do-senado\/#primaryimage","url":"https:\/\/agenciainfra.com\/blog\/wp-content\/uploads\/2020\/03\/cae-omar-aziz-marcos-rogerio-foto-geraldo-magela-agencia-senado.jpg","contentUrl":"https:\/\/agenciainfra.com\/blog\/wp-content\/uploads\/2020\/03\/cae-omar-aziz-marcos-rogerio-foto-geraldo-magela-agencia-senado.jpg","width":1280,"height":853},{"@type":"BreadcrumbList","@id":"https:\/\/agenciainfra.com\/blog\/setor-comemora-aprovacao-do-pl-do-gsf-na-cae-materia-segue-ao-plenario-do-senado\/#breadcrumb","itemListElement":[{"@type":"ListItem","position":1,"name":"In\u00edcio","item":"https:\/\/agenciainfra.com\/blog\/"},{"@type":"ListItem","position":2,"name":"Setor comemora aprova\u00e7\u00e3o do PL do GSF na CAE; mat\u00e9ria segue ao plen\u00e1rio do Senado"}]},{"@type":"WebSite","@id":"https:\/\/agenciainfra.com\/blog\/#website","url":"https:\/\/agenciainfra.com\/blog\/","name":"Ag\u00eancia iNFRA","description":"Multiplataforma de informa\u00e7\u00e3o jornal\u00edstica refer\u00eancia na \u00e1rea de infraestrutura no Brasil!","publisher":{"@id":"https:\/\/agenciainfra.com\/blog\/#organization"},"potentialAction":[{"@type":"SearchAction","target":{"@type":"EntryPoint","urlTemplate":"https:\/\/agenciainfra.com\/blog\/?s={search_term_string}"},"query-input":{"@type":"PropertyValueSpecification","valueRequired":true,"valueName":"search_term_string"}}],"inLanguage":"pt-BR"},{"@type":"Organization","@id":"https:\/\/agenciainfra.com\/blog\/#organization","name":"Ag\u00eancia iNFRA","url":"https:\/\/agenciainfra.com\/blog\/","logo":{"@type":"ImageObject","inLanguage":"pt-BR","@id":"https:\/\/agenciainfra.com\/blog\/#\/schema\/logo\/image\/","url":"https:\/\/agenciainfra.com\/blog\/wp-content\/uploads\/2023\/09\/iNFRA_5-e1761735885940.png","contentUrl":"https:\/\/agenciainfra.com\/blog\/wp-content\/uploads\/2023\/09\/iNFRA_5-e1761735885940.png","width":1672,"height":454,"caption":"Ag\u00eancia iNFRA"},"image":{"@id":"https:\/\/agenciainfra.com\/blog\/#\/schema\/logo\/image\/"},"sameAs":["https:\/\/www.facebook.com\/ageninfra","https:\/\/x.com\/agencia_infra","https:\/\/www.linkedin.com\/company\/ag\u00eanciainfra\/","https:\/\/www.instagram.com\/agenciainfra\/"]},{"@type":"Person","@id":"https:\/\/agenciainfra.com\/blog\/#\/schema\/person\/04dbb79bd6d8951f063da71f3e4c1eb1","name":"Rodrigo Zuquim","image":{"@type":"ImageObject","inLanguage":"pt-BR","@id":"https:\/\/agenciainfra.com\/blog\/#\/schema\/person\/image\/","url":"https:\/\/secure.gravatar.com\/avatar\/594abfe82761d620726242ff34ca472a705a4b97f16c790053a6b4c4035274d0?s=96&d=mm&r=g","contentUrl":"https:\/\/secure.gravatar.com\/avatar\/594abfe82761d620726242ff34ca472a705a4b97f16c790053a6b4c4035274d0?s=96&d=mm&r=g","caption":"Rodrigo Zuquim"},"url":"https:\/\/agenciainfra.com\/blog\/author\/rodrigo-zuquim\/"}]}},"_links":{"self":[{"href":"https:\/\/agenciainfra.com\/blog\/wp-json\/wp\/v2\/posts\/4549","targetHints":{"allow":["GET"]}}],"collection":[{"href":"https:\/\/agenciainfra.com\/blog\/wp-json\/wp\/v2\/posts"}],"about":[{"href":"https:\/\/agenciainfra.com\/blog\/wp-json\/wp\/v2\/types\/post"}],"author":[{"embeddable":true,"href":"https:\/\/agenciainfra.com\/blog\/wp-json\/wp\/v2\/users\/9"}],"replies":[{"embeddable":true,"href":"https:\/\/agenciainfra.com\/blog\/wp-json\/wp\/v2\/comments?post=4549"}],"version-history":[{"count":0,"href":"https:\/\/agenciainfra.com\/blog\/wp-json\/wp\/v2\/posts\/4549\/revisions"}],"wp:featuredmedia":[{"embeddable":true,"href":"https:\/\/agenciainfra.com\/blog\/wp-json\/wp\/v2\/media\/4550"}],"wp:attachment":[{"href":"https:\/\/agenciainfra.com\/blog\/wp-json\/wp\/v2\/media?parent=4549"}],"wp:term":[{"taxonomy":"category","embeddable":true,"href":"https:\/\/agenciainfra.com\/blog\/wp-json\/wp\/v2\/categories?post=4549"},{"taxonomy":"post_tag","embeddable":true,"href":"https:\/\/agenciainfra.com\/blog\/wp-json\/wp\/v2\/tags?post=4549"}],"curies":[{"name":"wp","href":"https:\/\/api.w.org\/{rel}","templated":true}]}}