{"id":4559,"date":"2020-03-15T08:00:57","date_gmt":"2020-03-15T11:00:57","guid":{"rendered":"http:\/\/www.agenciainfra.com\/blog\/?p=4559"},"modified":"2020-03-14T08:08:33","modified_gmt":"2020-03-14T11:08:33","slug":"receita-federal-facilita-importacao-de-gas-natural","status":"publish","type":"post","link":"https:\/\/agenciainfra.com\/blog\/receita-federal-facilita-importacao-de-gas-natural\/","title":{"rendered":"Receita Federal facilita importa\u00e7\u00e3o de g\u00e1s natural"},"content":{"rendered":"<h5 style=\"text-align: right;\"><strong>Dimmi Amora,\u00a0da Ag\u00eancia iNFRA<\/strong><\/h5>\n<p dir=\"ltr\">Os navios-plataforma flutuantes usados para importar e regaseificar GNL (G\u00e1s Natural Liquefeito) v\u00e3o poder ter tratamento pela Receita Federal de unidades alfandegadas. A decis\u00e3o foi publicada em portaria da Receita Federal na \u00faltima ter\u00e7a-feira (10), ap\u00f3s uma articula\u00e7\u00e3o entre os minist\u00e9rios da Economia e da Infraestrutura.<\/p>\n<p>Com essa autoriza\u00e7\u00e3o, essas unidades que trazem ou levam g\u00e1s para fora do pa\u00eds ter\u00e3o uma opera\u00e7\u00e3o mais simples e maior seguran\u00e7a jur\u00eddica para realizar essas opera\u00e7\u00f5es de com\u00e9rcio exterior. O Brasil tem importado cada vez mais GNL, em forma liquefeita, transformado em g\u00e1s nas pr\u00f3prias esta\u00e7\u00f5es flutuantes, que ficam estacionadas nos portos nacionais.<\/p>\n<p>O GNL \u00e9 uma alternativa ao diesel e aos combust\u00edveis tradicionais e tem sido mais barato e menos poluente. H\u00e1 diversos projetos no pa\u00eds tentando ampliar a participa\u00e7\u00e3o deste combust\u00edvel para uso em ve\u00edculos, especialmente de transportes, al\u00e9m de gera\u00e7\u00e3o de eletricidade.<\/p>\n<p>Conforme o\u00a0<strong>iNFRAEnergia<\/strong>\u00a0mostrou em sua edi\u00e7\u00e3o desta ter\u00e7a-feira (10), o colapso dos pre\u00e7os do petr\u00f3leo nesta semana poder\u00e1 ter reflexo no mercado de g\u00e1s natural.\u00a0A conjuntura pode favorecer os investidores em projetos termel\u00e9tricos no Brasil, que contam com um excesso de oferta de g\u00e1s liquefeito no mercado internacional, e pre\u00e7os em um patamar historicamente mais baixo.<\/p>\n<p>H\u00e1 projetos que j\u00e1 est\u00e3o sendo executados com a possibilidade tanto de receber o g\u00e1s de navios (importado ou nacional) como o produzido no pa\u00eds e enviado por meio de dutos.<\/p>\n<p>Em nota, o ministro da infraestrutura, Tarc\u00edsio Gomes de Freitas, afirmou que a altera\u00e7\u00e3o da portaria traz novas perspectivas para o mercado brasileiro.\u00a0\u201cA norma, agora, deixa claro que as esta\u00e7\u00f5es poder\u00e3o ser alfandegadas e poder\u00e3o receber GNL importado para internaliza\u00e7\u00e3o no Brasil. Os empreendedores estavam fazendo investimentos bilion\u00e1rios sem a seguran\u00e7a jur\u00eddica de que poderiam investir\u201d, explica.<\/p>\n<p>Segundo Freitas, o mercado brasileiro tem grande potencial a partir da possibilidade de retirada do GNL, em forma de g\u00e1s, das camadas de pr\u00e9-sal.\u00a0\u201cNo futuro, poderemos deixar de ser importadores do GNL para nos tornarmos grandes fornecedores.\u201d<\/p>\n","protected":false},"excerpt":{"rendered":"<p>Dimmi Amora,\u00a0da Ag\u00eancia iNFRA Os navios-plataforma flutuantes usados para importar e regaseificar GNL (G\u00e1s Natural Liquefeito) v\u00e3o poder ter tratamento pela Receita Federal de unidades alfandegadas. A decis\u00e3o foi publicada em portaria da Receita Federal na \u00faltima ter\u00e7a-feira (10), ap\u00f3s uma articula\u00e7\u00e3o entre os minist\u00e9rios da Economia e da Infraestrutura. Com essa autoriza\u00e7\u00e3o, essas unidades [&hellip;]<\/p>\n","protected":false},"author":9,"featured_media":4560,"comment_status":"closed","ping_status":"closed","sticky":false,"template":"","format":"standard","meta":{"_monsterinsights_skip_tracking":false,"_monsterinsights_sitenote_active":false,"_monsterinsights_sitenote_note":"","_monsterinsights_sitenote_category":0,"footnotes":""},"categories":[10],"tags":[1784,1783,378,448],"class_list":["post-4559","post","type-post","status-publish","format-standard","has-post-thumbnail","hentry","category-infraenergia","tag-gas-natural-liquefeito","tag-gnl","tag-receita-federal","tag-tarcisio-de-freitas"],"yoast_head":"<!-- This site is optimized with the Yoast SEO Premium plugin v25.4 (Yoast SEO v26.0) - https:\/\/yoast.com\/wordpress\/plugins\/seo\/ -->\n<title>Receita Federal facilita importa\u00e7\u00e3o de g\u00e1s natural - Ag\u00eancia iNFRA<\/title>\n<meta name=\"robots\" content=\"index, follow, max-snippet:-1, max-image-preview:large, max-video-preview:-1\" \/>\n<link rel=\"canonical\" href=\"https:\/\/agenciainfra.com\/blog\/receita-federal-facilita-importacao-de-gas-natural\/\" \/>\n<meta property=\"og:locale\" content=\"pt_BR\" \/>\n<meta property=\"og:type\" content=\"article\" \/>\n<meta property=\"og:title\" content=\"Receita Federal facilita importa\u00e7\u00e3o de g\u00e1s natural\" \/>\n<meta property=\"og:description\" content=\"Dimmi Amora,\u00a0da Ag\u00eancia iNFRA Os navios-plataforma flutuantes usados para importar e regaseificar GNL (G\u00e1s Natural Liquefeito) v\u00e3o poder ter tratamento pela Receita Federal de unidades alfandegadas. A decis\u00e3o foi publicada em portaria da Receita Federal na \u00faltima ter\u00e7a-feira (10), ap\u00f3s uma articula\u00e7\u00e3o entre os minist\u00e9rios da Economia e da Infraestrutura. Com essa autoriza\u00e7\u00e3o, essas unidades [&hellip;]\" \/>\n<meta property=\"og:url\" content=\"https:\/\/agenciainfra.com\/blog\/receita-federal-facilita-importacao-de-gas-natural\/\" \/>\n<meta property=\"og:site_name\" content=\"Ag\u00eancia iNFRA\" \/>\n<meta property=\"article:publisher\" content=\"https:\/\/www.facebook.com\/ageninfra\" \/>\n<meta property=\"article:published_time\" content=\"2020-03-15T11:00:57+00:00\" \/>\n<meta property=\"og:image\" content=\"https:\/\/agenciainfra.com\/blog\/wp-content\/uploads\/2020\/03\/gnl-petrobras.jpg\" \/>\n\t<meta property=\"og:image:width\" content=\"720\" \/>\n\t<meta property=\"og:image:height\" content=\"480\" \/>\n\t<meta property=\"og:image:type\" content=\"image\/jpeg\" \/>\n<meta name=\"author\" content=\"Rodrigo Zuquim\" \/>\n<meta name=\"twitter:card\" content=\"summary_large_image\" \/>\n<meta name=\"twitter:creator\" content=\"@agencia_infra\" \/>\n<meta name=\"twitter:site\" content=\"@agencia_infra\" \/>\n<meta name=\"twitter:label1\" content=\"Escrito por\" \/>\n\t<meta name=\"twitter:data1\" content=\"Rodrigo Zuquim\" \/>\n\t<meta name=\"twitter:label2\" content=\"Est. tempo de leitura\" \/>\n\t<meta name=\"twitter:data2\" content=\"2 minutos\" \/>\n<script type=\"application\/ld+json\" class=\"yoast-schema-graph\">{\"@context\":\"https:\/\/schema.org\",\"@graph\":[{\"@type\":\"Article\",\"@id\":\"https:\/\/agenciainfra.com\/blog\/receita-federal-facilita-importacao-de-gas-natural\/#article\",\"isPartOf\":{\"@id\":\"https:\/\/agenciainfra.com\/blog\/receita-federal-facilita-importacao-de-gas-natural\/\"},\"author\":{\"name\":\"Rodrigo Zuquim\",\"@id\":\"https:\/\/agenciainfra.com\/blog\/#\/schema\/person\/04dbb79bd6d8951f063da71f3e4c1eb1\"},\"headline\":\"Receita Federal facilita importa\u00e7\u00e3o de g\u00e1s natural\",\"datePublished\":\"2020-03-15T11:00:57+00:00\",\"mainEntityOfPage\":{\"@id\":\"https:\/\/agenciainfra.com\/blog\/receita-federal-facilita-importacao-de-gas-natural\/\"},\"wordCount\":387,\"publisher\":{\"@id\":\"https:\/\/agenciainfra.com\/blog\/#organization\"},\"image\":{\"@id\":\"https:\/\/agenciainfra.com\/blog\/receita-federal-facilita-importacao-de-gas-natural\/#primaryimage\"},\"thumbnailUrl\":\"https:\/\/agenciainfra.com\/blog\/wp-content\/uploads\/2020\/03\/gnl-petrobras.jpg\",\"keywords\":[\"g\u00e1s natural liquefeito\",\"GNL\",\"receita federal\",\"Tarc\u00edsio de Freitas\"],\"articleSection\":[\"iNFRAEnergia\"],\"inLanguage\":\"pt-BR\",\"copyrightYear\":\"2020\",\"copyrightHolder\":{\"@id\":\"https:\/\/agenciainfra.com\/blog\/#organization\"}},{\"@type\":\"WebPage\",\"@id\":\"https:\/\/agenciainfra.com\/blog\/receita-federal-facilita-importacao-de-gas-natural\/\",\"url\":\"https:\/\/agenciainfra.com\/blog\/receita-federal-facilita-importacao-de-gas-natural\/\",\"name\":\"Receita Federal facilita importa\u00e7\u00e3o de g\u00e1s natural - Ag\u00eancia iNFRA\",\"isPartOf\":{\"@id\":\"https:\/\/agenciainfra.com\/blog\/#website\"},\"primaryImageOfPage\":{\"@id\":\"https:\/\/agenciainfra.com\/blog\/receita-federal-facilita-importacao-de-gas-natural\/#primaryimage\"},\"image\":{\"@id\":\"https:\/\/agenciainfra.com\/blog\/receita-federal-facilita-importacao-de-gas-natural\/#primaryimage\"},\"thumbnailUrl\":\"https:\/\/agenciainfra.com\/blog\/wp-content\/uploads\/2020\/03\/gnl-petrobras.jpg\",\"datePublished\":\"2020-03-15T11:00:57+00:00\",\"breadcrumb\":{\"@id\":\"https:\/\/agenciainfra.com\/blog\/receita-federal-facilita-importacao-de-gas-natural\/#breadcrumb\"},\"inLanguage\":\"pt-BR\",\"potentialAction\":[{\"@type\":\"ReadAction\",\"target\":[\"https:\/\/agenciainfra.com\/blog\/receita-federal-facilita-importacao-de-gas-natural\/\"]}]},{\"@type\":\"ImageObject\",\"inLanguage\":\"pt-BR\",\"@id\":\"https:\/\/agenciainfra.com\/blog\/receita-federal-facilita-importacao-de-gas-natural\/#primaryimage\",\"url\":\"https:\/\/agenciainfra.com\/blog\/wp-content\/uploads\/2020\/03\/gnl-petrobras.jpg\",\"contentUrl\":\"https:\/\/agenciainfra.com\/blog\/wp-content\/uploads\/2020\/03\/gnl-petrobras.jpg\",\"width\":720,\"height\":480},{\"@type\":\"BreadcrumbList\",\"@id\":\"https:\/\/agenciainfra.com\/blog\/receita-federal-facilita-importacao-de-gas-natural\/#breadcrumb\",\"itemListElement\":[{\"@type\":\"ListItem\",\"position\":1,\"name\":\"In\u00edcio\",\"item\":\"https:\/\/agenciainfra.com\/blog\/\"},{\"@type\":\"ListItem\",\"position\":2,\"name\":\"Receita Federal facilita importa\u00e7\u00e3o de g\u00e1s natural\"}]},{\"@type\":\"WebSite\",\"@id\":\"https:\/\/agenciainfra.com\/blog\/#website\",\"url\":\"https:\/\/agenciainfra.com\/blog\/\",\"name\":\"Ag\u00eancia iNFRA\",\"description\":\"Multiplataforma de informa\u00e7\u00e3o jornal\u00edstica refer\u00eancia na \u00e1rea de infraestrutura no Brasil!\",\"publisher\":{\"@id\":\"https:\/\/agenciainfra.com\/blog\/#organization\"},\"potentialAction\":[{\"@type\":\"SearchAction\",\"target\":{\"@type\":\"EntryPoint\",\"urlTemplate\":\"https:\/\/agenciainfra.com\/blog\/?s={search_term_string}\"},\"query-input\":{\"@type\":\"PropertyValueSpecification\",\"valueRequired\":true,\"valueName\":\"search_term_string\"}}],\"inLanguage\":\"pt-BR\"},{\"@type\":\"Organization\",\"@id\":\"https:\/\/agenciainfra.com\/blog\/#organization\",\"name\":\"Ag\u00eancia iNFRA\",\"url\":\"https:\/\/agenciainfra.com\/blog\/\",\"logo\":{\"@type\":\"ImageObject\",\"inLanguage\":\"pt-BR\",\"@id\":\"https:\/\/agenciainfra.com\/blog\/#\/schema\/logo\/image\/\",\"url\":\"https:\/\/agenciainfra.com\/blog\/wp-content\/uploads\/2023\/09\/iNFRA_5-e1761735885940.png\",\"contentUrl\":\"https:\/\/agenciainfra.com\/blog\/wp-content\/uploads\/2023\/09\/iNFRA_5-e1761735885940.png\",\"width\":1672,\"height\":454,\"caption\":\"Ag\u00eancia iNFRA\"},\"image\":{\"@id\":\"https:\/\/agenciainfra.com\/blog\/#\/schema\/logo\/image\/\"},\"sameAs\":[\"https:\/\/www.facebook.com\/ageninfra\",\"https:\/\/x.com\/agencia_infra\",\"https:\/\/www.linkedin.com\/company\/ag\u00eanciainfra\/\",\"https:\/\/www.instagram.com\/agenciainfra\/\"]},{\"@type\":\"Person\",\"@id\":\"https:\/\/agenciainfra.com\/blog\/#\/schema\/person\/04dbb79bd6d8951f063da71f3e4c1eb1\",\"name\":\"Rodrigo Zuquim\",\"image\":{\"@type\":\"ImageObject\",\"inLanguage\":\"pt-BR\",\"@id\":\"https:\/\/agenciainfra.com\/blog\/#\/schema\/person\/image\/\",\"url\":\"https:\/\/secure.gravatar.com\/avatar\/594abfe82761d620726242ff34ca472a705a4b97f16c790053a6b4c4035274d0?s=96&d=mm&r=g\",\"contentUrl\":\"https:\/\/secure.gravatar.com\/avatar\/594abfe82761d620726242ff34ca472a705a4b97f16c790053a6b4c4035274d0?s=96&d=mm&r=g\",\"caption\":\"Rodrigo Zuquim\"},\"url\":\"https:\/\/agenciainfra.com\/blog\/author\/rodrigo-zuquim\/\"}]}<\/script>\n<!-- \/ Yoast SEO Premium plugin. -->","yoast_head_json":{"title":"Receita Federal facilita importa\u00e7\u00e3o de g\u00e1s natural - Ag\u00eancia iNFRA","robots":{"index":"index","follow":"follow","max-snippet":"max-snippet:-1","max-image-preview":"max-image-preview:large","max-video-preview":"max-video-preview:-1"},"canonical":"https:\/\/agenciainfra.com\/blog\/receita-federal-facilita-importacao-de-gas-natural\/","og_locale":"pt_BR","og_type":"article","og_title":"Receita Federal facilita importa\u00e7\u00e3o de g\u00e1s natural","og_description":"Dimmi Amora,\u00a0da Ag\u00eancia iNFRA Os navios-plataforma flutuantes usados para importar e regaseificar GNL (G\u00e1s Natural Liquefeito) v\u00e3o poder ter tratamento pela Receita Federal de unidades alfandegadas. A decis\u00e3o foi publicada em portaria da Receita Federal na \u00faltima ter\u00e7a-feira (10), ap\u00f3s uma articula\u00e7\u00e3o entre os minist\u00e9rios da Economia e da Infraestrutura. Com essa autoriza\u00e7\u00e3o, essas unidades [&hellip;]","og_url":"https:\/\/agenciainfra.com\/blog\/receita-federal-facilita-importacao-de-gas-natural\/","og_site_name":"Ag\u00eancia iNFRA","article_publisher":"https:\/\/www.facebook.com\/ageninfra","article_published_time":"2020-03-15T11:00:57+00:00","og_image":[{"width":720,"height":480,"url":"https:\/\/agenciainfra.com\/blog\/wp-content\/uploads\/2020\/03\/gnl-petrobras.jpg","type":"image\/jpeg"}],"author":"Rodrigo Zuquim","twitter_card":"summary_large_image","twitter_creator":"@agencia_infra","twitter_site":"@agencia_infra","twitter_misc":{"Escrito por":"Rodrigo Zuquim","Est. tempo de leitura":"2 minutos"},"schema":{"@context":"https:\/\/schema.org","@graph":[{"@type":"Article","@id":"https:\/\/agenciainfra.com\/blog\/receita-federal-facilita-importacao-de-gas-natural\/#article","isPartOf":{"@id":"https:\/\/agenciainfra.com\/blog\/receita-federal-facilita-importacao-de-gas-natural\/"},"author":{"name":"Rodrigo Zuquim","@id":"https:\/\/agenciainfra.com\/blog\/#\/schema\/person\/04dbb79bd6d8951f063da71f3e4c1eb1"},"headline":"Receita Federal facilita importa\u00e7\u00e3o de g\u00e1s natural","datePublished":"2020-03-15T11:00:57+00:00","mainEntityOfPage":{"@id":"https:\/\/agenciainfra.com\/blog\/receita-federal-facilita-importacao-de-gas-natural\/"},"wordCount":387,"publisher":{"@id":"https:\/\/agenciainfra.com\/blog\/#organization"},"image":{"@id":"https:\/\/agenciainfra.com\/blog\/receita-federal-facilita-importacao-de-gas-natural\/#primaryimage"},"thumbnailUrl":"https:\/\/agenciainfra.com\/blog\/wp-content\/uploads\/2020\/03\/gnl-petrobras.jpg","keywords":["g\u00e1s natural liquefeito","GNL","receita federal","Tarc\u00edsio de Freitas"],"articleSection":["iNFRAEnergia"],"inLanguage":"pt-BR","copyrightYear":"2020","copyrightHolder":{"@id":"https:\/\/agenciainfra.com\/blog\/#organization"}},{"@type":"WebPage","@id":"https:\/\/agenciainfra.com\/blog\/receita-federal-facilita-importacao-de-gas-natural\/","url":"https:\/\/agenciainfra.com\/blog\/receita-federal-facilita-importacao-de-gas-natural\/","name":"Receita Federal facilita importa\u00e7\u00e3o de g\u00e1s natural - Ag\u00eancia iNFRA","isPartOf":{"@id":"https:\/\/agenciainfra.com\/blog\/#website"},"primaryImageOfPage":{"@id":"https:\/\/agenciainfra.com\/blog\/receita-federal-facilita-importacao-de-gas-natural\/#primaryimage"},"image":{"@id":"https:\/\/agenciainfra.com\/blog\/receita-federal-facilita-importacao-de-gas-natural\/#primaryimage"},"thumbnailUrl":"https:\/\/agenciainfra.com\/blog\/wp-content\/uploads\/2020\/03\/gnl-petrobras.jpg","datePublished":"2020-03-15T11:00:57+00:00","breadcrumb":{"@id":"https:\/\/agenciainfra.com\/blog\/receita-federal-facilita-importacao-de-gas-natural\/#breadcrumb"},"inLanguage":"pt-BR","potentialAction":[{"@type":"ReadAction","target":["https:\/\/agenciainfra.com\/blog\/receita-federal-facilita-importacao-de-gas-natural\/"]}]},{"@type":"ImageObject","inLanguage":"pt-BR","@id":"https:\/\/agenciainfra.com\/blog\/receita-federal-facilita-importacao-de-gas-natural\/#primaryimage","url":"https:\/\/agenciainfra.com\/blog\/wp-content\/uploads\/2020\/03\/gnl-petrobras.jpg","contentUrl":"https:\/\/agenciainfra.com\/blog\/wp-content\/uploads\/2020\/03\/gnl-petrobras.jpg","width":720,"height":480},{"@type":"BreadcrumbList","@id":"https:\/\/agenciainfra.com\/blog\/receita-federal-facilita-importacao-de-gas-natural\/#breadcrumb","itemListElement":[{"@type":"ListItem","position":1,"name":"In\u00edcio","item":"https:\/\/agenciainfra.com\/blog\/"},{"@type":"ListItem","position":2,"name":"Receita Federal facilita importa\u00e7\u00e3o de g\u00e1s natural"}]},{"@type":"WebSite","@id":"https:\/\/agenciainfra.com\/blog\/#website","url":"https:\/\/agenciainfra.com\/blog\/","name":"Ag\u00eancia iNFRA","description":"Multiplataforma de informa\u00e7\u00e3o jornal\u00edstica refer\u00eancia na \u00e1rea de infraestrutura no Brasil!","publisher":{"@id":"https:\/\/agenciainfra.com\/blog\/#organization"},"potentialAction":[{"@type":"SearchAction","target":{"@type":"EntryPoint","urlTemplate":"https:\/\/agenciainfra.com\/blog\/?s={search_term_string}"},"query-input":{"@type":"PropertyValueSpecification","valueRequired":true,"valueName":"search_term_string"}}],"inLanguage":"pt-BR"},{"@type":"Organization","@id":"https:\/\/agenciainfra.com\/blog\/#organization","name":"Ag\u00eancia iNFRA","url":"https:\/\/agenciainfra.com\/blog\/","logo":{"@type":"ImageObject","inLanguage":"pt-BR","@id":"https:\/\/agenciainfra.com\/blog\/#\/schema\/logo\/image\/","url":"https:\/\/agenciainfra.com\/blog\/wp-content\/uploads\/2023\/09\/iNFRA_5-e1761735885940.png","contentUrl":"https:\/\/agenciainfra.com\/blog\/wp-content\/uploads\/2023\/09\/iNFRA_5-e1761735885940.png","width":1672,"height":454,"caption":"Ag\u00eancia iNFRA"},"image":{"@id":"https:\/\/agenciainfra.com\/blog\/#\/schema\/logo\/image\/"},"sameAs":["https:\/\/www.facebook.com\/ageninfra","https:\/\/x.com\/agencia_infra","https:\/\/www.linkedin.com\/company\/ag\u00eanciainfra\/","https:\/\/www.instagram.com\/agenciainfra\/"]},{"@type":"Person","@id":"https:\/\/agenciainfra.com\/blog\/#\/schema\/person\/04dbb79bd6d8951f063da71f3e4c1eb1","name":"Rodrigo Zuquim","image":{"@type":"ImageObject","inLanguage":"pt-BR","@id":"https:\/\/agenciainfra.com\/blog\/#\/schema\/person\/image\/","url":"https:\/\/secure.gravatar.com\/avatar\/594abfe82761d620726242ff34ca472a705a4b97f16c790053a6b4c4035274d0?s=96&d=mm&r=g","contentUrl":"https:\/\/secure.gravatar.com\/avatar\/594abfe82761d620726242ff34ca472a705a4b97f16c790053a6b4c4035274d0?s=96&d=mm&r=g","caption":"Rodrigo Zuquim"},"url":"https:\/\/agenciainfra.com\/blog\/author\/rodrigo-zuquim\/"}]}},"_links":{"self":[{"href":"https:\/\/agenciainfra.com\/blog\/wp-json\/wp\/v2\/posts\/4559","targetHints":{"allow":["GET"]}}],"collection":[{"href":"https:\/\/agenciainfra.com\/blog\/wp-json\/wp\/v2\/posts"}],"about":[{"href":"https:\/\/agenciainfra.com\/blog\/wp-json\/wp\/v2\/types\/post"}],"author":[{"embeddable":true,"href":"https:\/\/agenciainfra.com\/blog\/wp-json\/wp\/v2\/users\/9"}],"replies":[{"embeddable":true,"href":"https:\/\/agenciainfra.com\/blog\/wp-json\/wp\/v2\/comments?post=4559"}],"version-history":[{"count":0,"href":"https:\/\/agenciainfra.com\/blog\/wp-json\/wp\/v2\/posts\/4559\/revisions"}],"wp:featuredmedia":[{"embeddable":true,"href":"https:\/\/agenciainfra.com\/blog\/wp-json\/wp\/v2\/media\/4560"}],"wp:attachment":[{"href":"https:\/\/agenciainfra.com\/blog\/wp-json\/wp\/v2\/media?parent=4559"}],"wp:term":[{"taxonomy":"category","embeddable":true,"href":"https:\/\/agenciainfra.com\/blog\/wp-json\/wp\/v2\/categories?post=4559"},{"taxonomy":"post_tag","embeddable":true,"href":"https:\/\/agenciainfra.com\/blog\/wp-json\/wp\/v2\/tags?post=4559"}],"curies":[{"name":"wp","href":"https:\/\/api.w.org\/{rel}","templated":true}]}}