{"id":4563,"date":"2020-03-16T08:00:10","date_gmt":"2020-03-16T11:00:10","guid":{"rendered":"http:\/\/www.agenciainfra.com\/blog\/?p=4563"},"modified":"2020-03-14T08:35:32","modified_gmt":"2020-03-14T11:35:32","slug":"primeira-concessionaria-a-pedir-devolucao-amigavel-aguarda-ha-30-meses-finalizacao-do-processo","status":"publish","type":"post","link":"https:\/\/agenciainfra.com\/blog\/primeira-concessionaria-a-pedir-devolucao-amigavel-aguarda-ha-30-meses-finalizacao-do-processo\/","title":{"rendered":"Primeira concession\u00e1ria a pedir devolu\u00e7\u00e3o amig\u00e1vel aguarda h\u00e1 30 meses finaliza\u00e7\u00e3o do processo"},"content":{"rendered":"<div>\n<h5 style=\"text-align: right;\"><strong>Dimmi Amora, da\u00a0Ag\u00eancia iNFRA<\/strong><\/h5>\n<p dir=\"ltr\">A primeira concession\u00e1ria a pedir a devolu\u00e7\u00e3o amig\u00e1vel de seu contrato, a Via 040, do grupo Invepar, enfrenta h\u00e1 dois anos e meio um desgastante processo para conseguir chegar \u00e0 etapa final e j\u00e1 precisou aportar mais de R$ 1 bilh\u00e3o para cobrir preju\u00edzos e manter o funcionamento do trecho da BR-040 entre Minas Gerais e Bras\u00edlia administrado por ela.<\/p>\n<p>A Via 040 pediu a devolu\u00e7\u00e3o amig\u00e1vel em setembro de 2017, logo ap\u00f3s a medida provis\u00f3ria que previu essa permiss\u00e3o ser aprovada no Congresso e se transformar na Lei 13.448\/2017. Mas durante quase dois anos a Lei n\u00e3o foi regulamentada neste ponto e o processo ficou parado.<\/p>\n<p>Ap\u00f3s a publica\u00e7\u00e3o do Decreto 9.957\/2019, a empresa entrou com novo pedido, em agosto de 2019, e desde ent\u00e3o os procedimentos t\u00e9cnicos est\u00e3o sendo realizados na ANTT (Ag\u00eancia Nacional de Transportes Terrestres) para se chegar ao acordo de devolu\u00e7\u00e3o.<\/p>\n<p>O objetivo do processo \u00e9 a assinatura de um termo aditivo em comum acordo, em que a concession\u00e1ria se compromete a garantir servi\u00e7os em n\u00edveis m\u00ednimos de qualidade, sem fazer novos investimentos e sem ser multada pelos descumprimentos, at\u00e9 a nova licita\u00e7\u00e3o; e o governo se compromete a valorar os investimentos j\u00e1 realizados por ela e indeniz\u00e1-los ap\u00f3s a nova licita\u00e7\u00e3o.<\/p>\n<p>E nesses oito meses, as negocia\u00e7\u00f5es est\u00e3o evoluindo lentamente, de acordo com diferentes pessoas envolvidas no processo que falaram com a\u00a0<strong>Ag\u00eancia iNFRA<\/strong>\u00a0sob a condi\u00e7\u00e3o de anonimato.<\/p>\n<p>A Invepar, que desde o in\u00edcio tem a inten\u00e7\u00e3o e boa vontade para devolver a concess\u00e3o por considerar que a proposta da empresa para vencer o leil\u00e3o em 2013, realizada por outra diretoria, era completamente descabida, passou a reconsiderar diante dos termos apresentados. A Invepar sustenta preju\u00edzos mensais com essa opera\u00e7\u00e3o na casa dos milh\u00f5es. De acordo com esses interlocutores, os termos colocados para a manuten\u00e7\u00e3o do servi\u00e7o e o valor para os investimentos j\u00e1 realizados est\u00e3o dificultando o acordo.<\/p>\n<p>No caso da outra rodovia federal que j\u00e1 fez o pedido de devolu\u00e7\u00e3o, a MS Via, do grupo CCR, que administra a BR-040\/MS, o pedido ainda est\u00e1 em fase inicial de an\u00e1lise, sem um avan\u00e7o suficiente que necessite de negocia\u00e7\u00f5es entre as partes. O governo espera ainda receber outros tr\u00eas pedidos de devolu\u00e7\u00e3o de rodovias.<\/p>\n<p><strong>Aeroportos<\/strong><br \/>\nNos aeroportos, j\u00e1 h\u00e1 dois pedidos de devolu\u00e7\u00e3o, um do Aeroporto de Viracopos (SP), feito ap\u00f3s uma negocia\u00e7\u00e3o dentro da recupera\u00e7\u00e3o judicial da Aeroportos Brasil, concession\u00e1ria da unidade; e o do Aeroporto de S\u00e3o Gon\u00e7alo do Amarante (RN), do Grupo Infram\u00e9rica.<\/p>\n<p>No caso de Viracopos, a expectativa \u00e9 que o processo seja tamb\u00e9m complexo, visto que a concession\u00e1ria relutou em entrar no processo de devolu\u00e7\u00e3o, sendo praticamente impelida pelo governo a faz\u00ea-lo para evitar o processo de caducidade, considerado mais extremo.<\/p>\n<p>H\u00e1 expectativa de que o aeroporto potiguar seja devolvido mais rapidamente que o de Viracopos porque a Infram\u00e9rica se comprometeu a pagar todos os compromissos e manter a opera\u00e7\u00e3o como est\u00e1. Os pedidos de devolu\u00e7\u00e3o s\u00e3o processados na ANAC (Ag\u00eancia Nacional de Avia\u00e7\u00e3o Civil).<\/p>\n<p><strong>Posi\u00e7\u00e3o da Invepar<\/strong><br \/>\nEm resposta \u00e0\u00a0<strong>Ag\u00eancia iNFRA<\/strong>, a Via 040 informou que apresentou ao governo federal o pedido de devolu\u00e7\u00e3o em 2017 e um novo pedido foi feito em agosto de 2019, assim que o governo federal baixou o Decreto 9.957, regulamentando a lei.<\/p>\n<p>&#8220;O Decreto 10.248\/2019 qualificou o processo de devolu\u00e7\u00e3o amig\u00e1vel da concess\u00e3o, e neste momento, a Via 040 e a ANTT discutem a elabora\u00e7\u00e3o do termo aditivo. As negocia\u00e7\u00f5es entre a ANTT e a concession\u00e1ria seguem com o objetivo de conclus\u00e3o no menor prazo poss\u00edvel&#8221;, informou a concession\u00e1ria.<\/p>\n<p>Ainda de acordo com a resposta, at\u00e9 setembro de 2019, a Via 040 investiu R$ 2,72 bilh\u00f5es em obras, equipamentos e servi\u00e7os aos usu\u00e1rios, e no mesmo per\u00edodo foi arrecadado R$ 1,6 bilh\u00e3o, sendo registrado preju\u00edzo de R$ 501 milh\u00f5es, inclu\u00eddos custos operacionais.<\/p>\n<p>&#8220;Para garantir a manuten\u00e7\u00e3o e opera\u00e7\u00e3o da via, foram necess\u00e1rios aportes extras dos acionistas do grupo na ordem de R$ 1 bilh\u00e3o&#8221;, informa o texto.<\/p>\n<p>A Via 040 informou ainda que, at\u00e9 a conclus\u00e3o da relicita\u00e7\u00e3o, permanecer\u00e1 prestando todos os servi\u00e7os de opera\u00e7\u00e3o e manuten\u00e7\u00e3o normalmente, garantindo aos usu\u00e1rios as condi\u00e7\u00f5es de seguran\u00e7a e trafegabilidade da BR-040.<\/p>\n<p>&#8220;Neste sentido, a concession\u00e1ria vem inclusive realizando investimentos n\u00e3o previstos devido \u00e0s chuvas cr\u00edticas que atingiram o estado desde janeiro. Entre as interven\u00e7\u00f5es, est\u00e3o sendo feitas obras emergenciais de recupera\u00e7\u00e3o de pistas e de conten\u00e7\u00e3o e estabiliza\u00e7\u00e3o de encostas, al\u00e9m de apoio a moradores do entorno da via afetados.&#8221;<\/p>\n<\/div>\n","protected":false},"excerpt":{"rendered":"<p>Dimmi Amora, da\u00a0Ag\u00eancia iNFRA A primeira concession\u00e1ria a pedir a devolu\u00e7\u00e3o amig\u00e1vel de seu contrato, a Via 040, do grupo Invepar, enfrenta h\u00e1 dois anos e meio um desgastante processo para conseguir chegar \u00e0 etapa final e j\u00e1 precisou aportar mais de R$ 1 bilh\u00e3o para cobrir preju\u00edzos e manter o funcionamento do trecho da [&hellip;]<\/p>\n","protected":false},"author":9,"featured_media":4564,"comment_status":"closed","ping_status":"closed","sticky":false,"template":"","format":"standard","meta":{"_monsterinsights_skip_tracking":false,"_monsterinsights_sitenote_active":false,"_monsterinsights_sitenote_note":"","_monsterinsights_sitenote_category":0,"footnotes":""},"categories":[7],"tags":[514,1277,210,1020,1019,241],"class_list":["post-4563","post","type-post","status-publish","format-standard","has-post-thumbnail","hentry","category-infratransporte","tag-br-040","tag-devolucao-amigavel","tag-inframerica","tag-invepar","tag-via-040","tag-viracopos"],"yoast_head":"<!-- This site is optimized with the Yoast SEO Premium plugin v25.4 (Yoast SEO v26.0) - https:\/\/yoast.com\/wordpress\/plugins\/seo\/ -->\n<title>Primeira concession\u00e1ria a pedir devolu\u00e7\u00e3o amig\u00e1vel aguarda h\u00e1 30 meses finaliza\u00e7\u00e3o do processo - Ag\u00eancia iNFRA<\/title>\n<meta name=\"robots\" content=\"index, follow, max-snippet:-1, max-image-preview:large, max-video-preview:-1\" \/>\n<link rel=\"canonical\" href=\"https:\/\/agenciainfra.com\/blog\/primeira-concessionaria-a-pedir-devolucao-amigavel-aguarda-ha-30-meses-finalizacao-do-processo\/\" \/>\n<meta property=\"og:locale\" content=\"pt_BR\" \/>\n<meta property=\"og:type\" content=\"article\" \/>\n<meta property=\"og:title\" content=\"Primeira concession\u00e1ria a pedir devolu\u00e7\u00e3o amig\u00e1vel aguarda h\u00e1 30 meses finaliza\u00e7\u00e3o do processo\" \/>\n<meta property=\"og:description\" content=\"Dimmi Amora, da\u00a0Ag\u00eancia iNFRA A primeira concession\u00e1ria a pedir a devolu\u00e7\u00e3o amig\u00e1vel de seu contrato, a Via 040, do grupo Invepar, enfrenta h\u00e1 dois anos e meio um desgastante processo para conseguir chegar \u00e0 etapa final e j\u00e1 precisou aportar mais de R$ 1 bilh\u00e3o para cobrir preju\u00edzos e manter o funcionamento do trecho da [&hellip;]\" \/>\n<meta property=\"og:url\" content=\"https:\/\/agenciainfra.com\/blog\/primeira-concessionaria-a-pedir-devolucao-amigavel-aguarda-ha-30-meses-finalizacao-do-processo\/\" \/>\n<meta property=\"og:site_name\" content=\"Ag\u00eancia iNFRA\" \/>\n<meta property=\"article:publisher\" content=\"https:\/\/www.facebook.com\/ageninfra\" \/>\n<meta property=\"article:published_time\" content=\"2020-03-16T11:00:10+00:00\" \/>\n<meta property=\"og:image\" content=\"https:\/\/agenciainfra.com\/blog\/wp-content\/uploads\/2020\/03\/via-040-divulgacao.jpg\" \/>\n\t<meta property=\"og:image:width\" content=\"1280\" \/>\n\t<meta property=\"og:image:height\" content=\"720\" \/>\n\t<meta property=\"og:image:type\" content=\"image\/jpeg\" \/>\n<meta name=\"author\" content=\"Rodrigo Zuquim\" \/>\n<meta name=\"twitter:card\" content=\"summary_large_image\" \/>\n<meta name=\"twitter:creator\" content=\"@agencia_infra\" \/>\n<meta name=\"twitter:site\" content=\"@agencia_infra\" \/>\n<meta name=\"twitter:label1\" content=\"Escrito por\" \/>\n\t<meta name=\"twitter:data1\" content=\"Rodrigo Zuquim\" \/>\n\t<meta name=\"twitter:label2\" content=\"Est. tempo de leitura\" \/>\n\t<meta name=\"twitter:data2\" content=\"4 minutos\" \/>\n<script type=\"application\/ld+json\" class=\"yoast-schema-graph\">{\"@context\":\"https:\/\/schema.org\",\"@graph\":[{\"@type\":\"Article\",\"@id\":\"https:\/\/agenciainfra.com\/blog\/primeira-concessionaria-a-pedir-devolucao-amigavel-aguarda-ha-30-meses-finalizacao-do-processo\/#article\",\"isPartOf\":{\"@id\":\"https:\/\/agenciainfra.com\/blog\/primeira-concessionaria-a-pedir-devolucao-amigavel-aguarda-ha-30-meses-finalizacao-do-processo\/\"},\"author\":{\"name\":\"Rodrigo Zuquim\",\"@id\":\"https:\/\/agenciainfra.com\/blog\/#\/schema\/person\/04dbb79bd6d8951f063da71f3e4c1eb1\"},\"headline\":\"Primeira concession\u00e1ria a pedir devolu\u00e7\u00e3o amig\u00e1vel aguarda h\u00e1 30 meses finaliza\u00e7\u00e3o do processo\",\"datePublished\":\"2020-03-16T11:00:10+00:00\",\"mainEntityOfPage\":{\"@id\":\"https:\/\/agenciainfra.com\/blog\/primeira-concessionaria-a-pedir-devolucao-amigavel-aguarda-ha-30-meses-finalizacao-do-processo\/\"},\"wordCount\":841,\"publisher\":{\"@id\":\"https:\/\/agenciainfra.com\/blog\/#organization\"},\"image\":{\"@id\":\"https:\/\/agenciainfra.com\/blog\/primeira-concessionaria-a-pedir-devolucao-amigavel-aguarda-ha-30-meses-finalizacao-do-processo\/#primaryimage\"},\"thumbnailUrl\":\"https:\/\/agenciainfra.com\/blog\/wp-content\/uploads\/2020\/03\/via-040-divulgacao.jpg\",\"keywords\":[\"BR-040\",\"devolu\u00e7\u00e3o amig\u00e1vel\",\"Inframerica\",\"Invepar\",\"Via 040\",\"Viracopos\"],\"articleSection\":[\"iNFRATransporte\"],\"inLanguage\":\"pt-BR\",\"copyrightYear\":\"2020\",\"copyrightHolder\":{\"@id\":\"https:\/\/agenciainfra.com\/blog\/#organization\"}},{\"@type\":\"WebPage\",\"@id\":\"https:\/\/agenciainfra.com\/blog\/primeira-concessionaria-a-pedir-devolucao-amigavel-aguarda-ha-30-meses-finalizacao-do-processo\/\",\"url\":\"https:\/\/agenciainfra.com\/blog\/primeira-concessionaria-a-pedir-devolucao-amigavel-aguarda-ha-30-meses-finalizacao-do-processo\/\",\"name\":\"Primeira concession\u00e1ria a pedir devolu\u00e7\u00e3o amig\u00e1vel aguarda h\u00e1 30 meses finaliza\u00e7\u00e3o do processo - Ag\u00eancia iNFRA\",\"isPartOf\":{\"@id\":\"https:\/\/agenciainfra.com\/blog\/#website\"},\"primaryImageOfPage\":{\"@id\":\"https:\/\/agenciainfra.com\/blog\/primeira-concessionaria-a-pedir-devolucao-amigavel-aguarda-ha-30-meses-finalizacao-do-processo\/#primaryimage\"},\"image\":{\"@id\":\"https:\/\/agenciainfra.com\/blog\/primeira-concessionaria-a-pedir-devolucao-amigavel-aguarda-ha-30-meses-finalizacao-do-processo\/#primaryimage\"},\"thumbnailUrl\":\"https:\/\/agenciainfra.com\/blog\/wp-content\/uploads\/2020\/03\/via-040-divulgacao.jpg\",\"datePublished\":\"2020-03-16T11:00:10+00:00\",\"breadcrumb\":{\"@id\":\"https:\/\/agenciainfra.com\/blog\/primeira-concessionaria-a-pedir-devolucao-amigavel-aguarda-ha-30-meses-finalizacao-do-processo\/#breadcrumb\"},\"inLanguage\":\"pt-BR\",\"potentialAction\":[{\"@type\":\"ReadAction\",\"target\":[\"https:\/\/agenciainfra.com\/blog\/primeira-concessionaria-a-pedir-devolucao-amigavel-aguarda-ha-30-meses-finalizacao-do-processo\/\"]}]},{\"@type\":\"ImageObject\",\"inLanguage\":\"pt-BR\",\"@id\":\"https:\/\/agenciainfra.com\/blog\/primeira-concessionaria-a-pedir-devolucao-amigavel-aguarda-ha-30-meses-finalizacao-do-processo\/#primaryimage\",\"url\":\"https:\/\/agenciainfra.com\/blog\/wp-content\/uploads\/2020\/03\/via-040-divulgacao.jpg\",\"contentUrl\":\"https:\/\/agenciainfra.com\/blog\/wp-content\/uploads\/2020\/03\/via-040-divulgacao.jpg\",\"width\":1280,\"height\":720},{\"@type\":\"BreadcrumbList\",\"@id\":\"https:\/\/agenciainfra.com\/blog\/primeira-concessionaria-a-pedir-devolucao-amigavel-aguarda-ha-30-meses-finalizacao-do-processo\/#breadcrumb\",\"itemListElement\":[{\"@type\":\"ListItem\",\"position\":1,\"name\":\"In\u00edcio\",\"item\":\"https:\/\/agenciainfra.com\/blog\/\"},{\"@type\":\"ListItem\",\"position\":2,\"name\":\"Primeira concession\u00e1ria a pedir devolu\u00e7\u00e3o amig\u00e1vel aguarda h\u00e1 30 meses finaliza\u00e7\u00e3o do processo\"}]},{\"@type\":\"WebSite\",\"@id\":\"https:\/\/agenciainfra.com\/blog\/#website\",\"url\":\"https:\/\/agenciainfra.com\/blog\/\",\"name\":\"Ag\u00eancia iNFRA\",\"description\":\"Multiplataforma de informa\u00e7\u00e3o jornal\u00edstica refer\u00eancia na \u00e1rea de infraestrutura no Brasil!\",\"publisher\":{\"@id\":\"https:\/\/agenciainfra.com\/blog\/#organization\"},\"potentialAction\":[{\"@type\":\"SearchAction\",\"target\":{\"@type\":\"EntryPoint\",\"urlTemplate\":\"https:\/\/agenciainfra.com\/blog\/?s={search_term_string}\"},\"query-input\":{\"@type\":\"PropertyValueSpecification\",\"valueRequired\":true,\"valueName\":\"search_term_string\"}}],\"inLanguage\":\"pt-BR\"},{\"@type\":\"Organization\",\"@id\":\"https:\/\/agenciainfra.com\/blog\/#organization\",\"name\":\"Ag\u00eancia iNFRA\",\"url\":\"https:\/\/agenciainfra.com\/blog\/\",\"logo\":{\"@type\":\"ImageObject\",\"inLanguage\":\"pt-BR\",\"@id\":\"https:\/\/agenciainfra.com\/blog\/#\/schema\/logo\/image\/\",\"url\":\"https:\/\/agenciainfra.com\/blog\/wp-content\/uploads\/2023\/09\/iNFRA_5-e1761735885940.png\",\"contentUrl\":\"https:\/\/agenciainfra.com\/blog\/wp-content\/uploads\/2023\/09\/iNFRA_5-e1761735885940.png\",\"width\":1672,\"height\":454,\"caption\":\"Ag\u00eancia iNFRA\"},\"image\":{\"@id\":\"https:\/\/agenciainfra.com\/blog\/#\/schema\/logo\/image\/\"},\"sameAs\":[\"https:\/\/www.facebook.com\/ageninfra\",\"https:\/\/x.com\/agencia_infra\",\"https:\/\/www.linkedin.com\/company\/ag\u00eanciainfra\/\",\"https:\/\/www.instagram.com\/agenciainfra\/\"]},{\"@type\":\"Person\",\"@id\":\"https:\/\/agenciainfra.com\/blog\/#\/schema\/person\/04dbb79bd6d8951f063da71f3e4c1eb1\",\"name\":\"Rodrigo Zuquim\",\"image\":{\"@type\":\"ImageObject\",\"inLanguage\":\"pt-BR\",\"@id\":\"https:\/\/agenciainfra.com\/blog\/#\/schema\/person\/image\/\",\"url\":\"https:\/\/secure.gravatar.com\/avatar\/594abfe82761d620726242ff34ca472a705a4b97f16c790053a6b4c4035274d0?s=96&d=mm&r=g\",\"contentUrl\":\"https:\/\/secure.gravatar.com\/avatar\/594abfe82761d620726242ff34ca472a705a4b97f16c790053a6b4c4035274d0?s=96&d=mm&r=g\",\"caption\":\"Rodrigo Zuquim\"},\"url\":\"https:\/\/agenciainfra.com\/blog\/author\/rodrigo-zuquim\/\"}]}<\/script>\n<!-- \/ Yoast SEO Premium plugin. -->","yoast_head_json":{"title":"Primeira concession\u00e1ria a pedir devolu\u00e7\u00e3o amig\u00e1vel aguarda h\u00e1 30 meses finaliza\u00e7\u00e3o do processo - Ag\u00eancia iNFRA","robots":{"index":"index","follow":"follow","max-snippet":"max-snippet:-1","max-image-preview":"max-image-preview:large","max-video-preview":"max-video-preview:-1"},"canonical":"https:\/\/agenciainfra.com\/blog\/primeira-concessionaria-a-pedir-devolucao-amigavel-aguarda-ha-30-meses-finalizacao-do-processo\/","og_locale":"pt_BR","og_type":"article","og_title":"Primeira concession\u00e1ria a pedir devolu\u00e7\u00e3o amig\u00e1vel aguarda h\u00e1 30 meses finaliza\u00e7\u00e3o do processo","og_description":"Dimmi Amora, da\u00a0Ag\u00eancia iNFRA A primeira concession\u00e1ria a pedir a devolu\u00e7\u00e3o amig\u00e1vel de seu contrato, a Via 040, do grupo Invepar, enfrenta h\u00e1 dois anos e meio um desgastante processo para conseguir chegar \u00e0 etapa final e j\u00e1 precisou aportar mais de R$ 1 bilh\u00e3o para cobrir preju\u00edzos e manter o funcionamento do trecho da [&hellip;]","og_url":"https:\/\/agenciainfra.com\/blog\/primeira-concessionaria-a-pedir-devolucao-amigavel-aguarda-ha-30-meses-finalizacao-do-processo\/","og_site_name":"Ag\u00eancia iNFRA","article_publisher":"https:\/\/www.facebook.com\/ageninfra","article_published_time":"2020-03-16T11:00:10+00:00","og_image":[{"width":1280,"height":720,"url":"https:\/\/agenciainfra.com\/blog\/wp-content\/uploads\/2020\/03\/via-040-divulgacao.jpg","type":"image\/jpeg"}],"author":"Rodrigo Zuquim","twitter_card":"summary_large_image","twitter_creator":"@agencia_infra","twitter_site":"@agencia_infra","twitter_misc":{"Escrito por":"Rodrigo Zuquim","Est. tempo de leitura":"4 minutos"},"schema":{"@context":"https:\/\/schema.org","@graph":[{"@type":"Article","@id":"https:\/\/agenciainfra.com\/blog\/primeira-concessionaria-a-pedir-devolucao-amigavel-aguarda-ha-30-meses-finalizacao-do-processo\/#article","isPartOf":{"@id":"https:\/\/agenciainfra.com\/blog\/primeira-concessionaria-a-pedir-devolucao-amigavel-aguarda-ha-30-meses-finalizacao-do-processo\/"},"author":{"name":"Rodrigo Zuquim","@id":"https:\/\/agenciainfra.com\/blog\/#\/schema\/person\/04dbb79bd6d8951f063da71f3e4c1eb1"},"headline":"Primeira concession\u00e1ria a pedir devolu\u00e7\u00e3o amig\u00e1vel aguarda h\u00e1 30 meses finaliza\u00e7\u00e3o do processo","datePublished":"2020-03-16T11:00:10+00:00","mainEntityOfPage":{"@id":"https:\/\/agenciainfra.com\/blog\/primeira-concessionaria-a-pedir-devolucao-amigavel-aguarda-ha-30-meses-finalizacao-do-processo\/"},"wordCount":841,"publisher":{"@id":"https:\/\/agenciainfra.com\/blog\/#organization"},"image":{"@id":"https:\/\/agenciainfra.com\/blog\/primeira-concessionaria-a-pedir-devolucao-amigavel-aguarda-ha-30-meses-finalizacao-do-processo\/#primaryimage"},"thumbnailUrl":"https:\/\/agenciainfra.com\/blog\/wp-content\/uploads\/2020\/03\/via-040-divulgacao.jpg","keywords":["BR-040","devolu\u00e7\u00e3o amig\u00e1vel","Inframerica","Invepar","Via 040","Viracopos"],"articleSection":["iNFRATransporte"],"inLanguage":"pt-BR","copyrightYear":"2020","copyrightHolder":{"@id":"https:\/\/agenciainfra.com\/blog\/#organization"}},{"@type":"WebPage","@id":"https:\/\/agenciainfra.com\/blog\/primeira-concessionaria-a-pedir-devolucao-amigavel-aguarda-ha-30-meses-finalizacao-do-processo\/","url":"https:\/\/agenciainfra.com\/blog\/primeira-concessionaria-a-pedir-devolucao-amigavel-aguarda-ha-30-meses-finalizacao-do-processo\/","name":"Primeira concession\u00e1ria a pedir devolu\u00e7\u00e3o amig\u00e1vel aguarda h\u00e1 30 meses finaliza\u00e7\u00e3o do processo - Ag\u00eancia iNFRA","isPartOf":{"@id":"https:\/\/agenciainfra.com\/blog\/#website"},"primaryImageOfPage":{"@id":"https:\/\/agenciainfra.com\/blog\/primeira-concessionaria-a-pedir-devolucao-amigavel-aguarda-ha-30-meses-finalizacao-do-processo\/#primaryimage"},"image":{"@id":"https:\/\/agenciainfra.com\/blog\/primeira-concessionaria-a-pedir-devolucao-amigavel-aguarda-ha-30-meses-finalizacao-do-processo\/#primaryimage"},"thumbnailUrl":"https:\/\/agenciainfra.com\/blog\/wp-content\/uploads\/2020\/03\/via-040-divulgacao.jpg","datePublished":"2020-03-16T11:00:10+00:00","breadcrumb":{"@id":"https:\/\/agenciainfra.com\/blog\/primeira-concessionaria-a-pedir-devolucao-amigavel-aguarda-ha-30-meses-finalizacao-do-processo\/#breadcrumb"},"inLanguage":"pt-BR","potentialAction":[{"@type":"ReadAction","target":["https:\/\/agenciainfra.com\/blog\/primeira-concessionaria-a-pedir-devolucao-amigavel-aguarda-ha-30-meses-finalizacao-do-processo\/"]}]},{"@type":"ImageObject","inLanguage":"pt-BR","@id":"https:\/\/agenciainfra.com\/blog\/primeira-concessionaria-a-pedir-devolucao-amigavel-aguarda-ha-30-meses-finalizacao-do-processo\/#primaryimage","url":"https:\/\/agenciainfra.com\/blog\/wp-content\/uploads\/2020\/03\/via-040-divulgacao.jpg","contentUrl":"https:\/\/agenciainfra.com\/blog\/wp-content\/uploads\/2020\/03\/via-040-divulgacao.jpg","width":1280,"height":720},{"@type":"BreadcrumbList","@id":"https:\/\/agenciainfra.com\/blog\/primeira-concessionaria-a-pedir-devolucao-amigavel-aguarda-ha-30-meses-finalizacao-do-processo\/#breadcrumb","itemListElement":[{"@type":"ListItem","position":1,"name":"In\u00edcio","item":"https:\/\/agenciainfra.com\/blog\/"},{"@type":"ListItem","position":2,"name":"Primeira concession\u00e1ria a pedir devolu\u00e7\u00e3o amig\u00e1vel aguarda h\u00e1 30 meses finaliza\u00e7\u00e3o do processo"}]},{"@type":"WebSite","@id":"https:\/\/agenciainfra.com\/blog\/#website","url":"https:\/\/agenciainfra.com\/blog\/","name":"Ag\u00eancia iNFRA","description":"Multiplataforma de informa\u00e7\u00e3o jornal\u00edstica refer\u00eancia na \u00e1rea de infraestrutura no Brasil!","publisher":{"@id":"https:\/\/agenciainfra.com\/blog\/#organization"},"potentialAction":[{"@type":"SearchAction","target":{"@type":"EntryPoint","urlTemplate":"https:\/\/agenciainfra.com\/blog\/?s={search_term_string}"},"query-input":{"@type":"PropertyValueSpecification","valueRequired":true,"valueName":"search_term_string"}}],"inLanguage":"pt-BR"},{"@type":"Organization","@id":"https:\/\/agenciainfra.com\/blog\/#organization","name":"Ag\u00eancia iNFRA","url":"https:\/\/agenciainfra.com\/blog\/","logo":{"@type":"ImageObject","inLanguage":"pt-BR","@id":"https:\/\/agenciainfra.com\/blog\/#\/schema\/logo\/image\/","url":"https:\/\/agenciainfra.com\/blog\/wp-content\/uploads\/2023\/09\/iNFRA_5-e1761735885940.png","contentUrl":"https:\/\/agenciainfra.com\/blog\/wp-content\/uploads\/2023\/09\/iNFRA_5-e1761735885940.png","width":1672,"height":454,"caption":"Ag\u00eancia iNFRA"},"image":{"@id":"https:\/\/agenciainfra.com\/blog\/#\/schema\/logo\/image\/"},"sameAs":["https:\/\/www.facebook.com\/ageninfra","https:\/\/x.com\/agencia_infra","https:\/\/www.linkedin.com\/company\/ag\u00eanciainfra\/","https:\/\/www.instagram.com\/agenciainfra\/"]},{"@type":"Person","@id":"https:\/\/agenciainfra.com\/blog\/#\/schema\/person\/04dbb79bd6d8951f063da71f3e4c1eb1","name":"Rodrigo Zuquim","image":{"@type":"ImageObject","inLanguage":"pt-BR","@id":"https:\/\/agenciainfra.com\/blog\/#\/schema\/person\/image\/","url":"https:\/\/secure.gravatar.com\/avatar\/594abfe82761d620726242ff34ca472a705a4b97f16c790053a6b4c4035274d0?s=96&d=mm&r=g","contentUrl":"https:\/\/secure.gravatar.com\/avatar\/594abfe82761d620726242ff34ca472a705a4b97f16c790053a6b4c4035274d0?s=96&d=mm&r=g","caption":"Rodrigo Zuquim"},"url":"https:\/\/agenciainfra.com\/blog\/author\/rodrigo-zuquim\/"}]}},"_links":{"self":[{"href":"https:\/\/agenciainfra.com\/blog\/wp-json\/wp\/v2\/posts\/4563","targetHints":{"allow":["GET"]}}],"collection":[{"href":"https:\/\/agenciainfra.com\/blog\/wp-json\/wp\/v2\/posts"}],"about":[{"href":"https:\/\/agenciainfra.com\/blog\/wp-json\/wp\/v2\/types\/post"}],"author":[{"embeddable":true,"href":"https:\/\/agenciainfra.com\/blog\/wp-json\/wp\/v2\/users\/9"}],"replies":[{"embeddable":true,"href":"https:\/\/agenciainfra.com\/blog\/wp-json\/wp\/v2\/comments?post=4563"}],"version-history":[{"count":0,"href":"https:\/\/agenciainfra.com\/blog\/wp-json\/wp\/v2\/posts\/4563\/revisions"}],"wp:featuredmedia":[{"embeddable":true,"href":"https:\/\/agenciainfra.com\/blog\/wp-json\/wp\/v2\/media\/4564"}],"wp:attachment":[{"href":"https:\/\/agenciainfra.com\/blog\/wp-json\/wp\/v2\/media?parent=4563"}],"wp:term":[{"taxonomy":"category","embeddable":true,"href":"https:\/\/agenciainfra.com\/blog\/wp-json\/wp\/v2\/categories?post=4563"},{"taxonomy":"post_tag","embeddable":true,"href":"https:\/\/agenciainfra.com\/blog\/wp-json\/wp\/v2\/tags?post=4563"}],"curies":[{"name":"wp","href":"https:\/\/api.w.org\/{rel}","templated":true}]}}