{"id":4572,"date":"2020-03-18T08:00:42","date_gmt":"2020-03-18T11:00:42","guid":{"rendered":"http:\/\/www.agenciainfra.com\/blog\/?p=4572"},"modified":"2020-03-17T10:34:28","modified_gmt":"2020-03-17T13:34:28","slug":"wellington-fagundes-quer-ser-relator-do-marco-das-concessoes-no-senado","status":"publish","type":"post","link":"https:\/\/agenciainfra.com\/blog\/wellington-fagundes-quer-ser-relator-do-marco-das-concessoes-no-senado\/","title":{"rendered":"Wellington Fagundes quer ser relator do Marco das Concess\u00f5es no Senado"},"content":{"rendered":"<div>\n<h5 style=\"text-align: right;\"><strong>Tales Silveira, da\u00a0Ag\u00eancia iNFRA<\/strong><\/h5>\n<p dir=\"ltr\">Mesmo sem ainda ter sido votado no plen\u00e1rio da C\u00e2mara, o PL (Projeto de Lei) 7.063\/2017, que reformula o Marco Legal das Concess\u00f5es e PPPs (parcerias p\u00fablico-privadas), j\u00e1 tem um pretendente no Senado: o senador, e l\u00edder do Partido Liberal, Wellington Fagundes (PL-MT).<\/p>\n<p>Durante conversa com a\u00a0<strong>Ag\u00eancia iNFRA<\/strong>, o senador comentou ter interesse em se candidatar para a relatoria do PL. A ideia, segundo o l\u00edder da legenda, \u00e9, assim que o projeto for aprovado na C\u00e2mara, conversar sobre a relatoria com o presidente da CI (Comiss\u00e3o de Infraestrutura) do Senado, senador Marcos Rog\u00e9rio (DEM-RO).<\/p>\n<p>\u201cQuando o PL chegar na Casa irei conversar com o Marcos [Rog\u00e9rio] sobre isso. Tenho interesse em pegar a relatoria sim. Vamos esperar para ver quando ele vir\u00e1\u201d, afirmou o parlamentar.<\/p>\n<p>Fagundes tem fortes chances de se tornar o relator do projeto. Isso porque o senador \u00e9 presidente da Frenlogi (Frente Parlamentar Mista de Log\u00edstica e Infraestrutura), associa\u00e7\u00e3o composta por deputados e senadores que conversam com o setor, entre eles, o senador Marcos Rog\u00e9rio e o atual relator do PL, o deputado federal Arnaldo Jardim (Cidadania-SP).<\/p>\n<p><strong>Tramita\u00e7\u00e3o<\/strong><br \/>\nO Marco Legal das Concess\u00f5es e PPPs tramita em forma de substitutivo ao PLS (Projeto de Lei do Senado) 472\/12. A inten\u00e7\u00e3o do l\u00edder do Cidadania \u00e9 de aprovar o texto no plen\u00e1rio no fim do semestre. Jardim afirmou a jornalistas estar trabalhando para uma vota\u00e7\u00e3o ainda em mar\u00e7o.<\/p>\n<p>Pouco antes do carnaval, o relator do projeto recebeu um texto com propostas de mudan\u00e7as ao projeto. O novo texto foi constru\u00eddo em parceira com oito minist\u00e9rios e supervisionado pelo ministro da Economia, Paulo Guedes. Houve uma tentativa de enxugar o texto, mas as negocia\u00e7\u00f5es continuam e nem todos os pedidos do governo devem ser atendidos.<\/p>\n<p>A Frenlogi anunciou que realizaria\u00a0um semin\u00e1rio para discutir o substitutivo nesta semana, mas ele foi adiado devido \u00e0 pandemia do Covid-19.<\/p>\n<p><strong>Saneamento\u00a0<\/strong><br \/>\nNo Marco do Saneamento, o senador Tasso Jereissati (PSDB-CE) foi definido como \u00a0relator do PL (Projeto de Lei) 4.162\/19 na CI (Comiss\u00e3o de Infraestrutura) do Senado. Foi isso que disse o pr\u00f3prio parlamentar em conversa na quarta-feira passada (11) com a <strong>Ag\u00eancia iNFRA<\/strong>.<\/p>\n<p>\u201cEu j\u00e1 conversei com o presidente da CI e vou relatar o projeto na comiss\u00e3o. S\u00f3 temos que esperar que ele venha para iniciar os trabalhos\u201d, afirmou.<\/p>\n<p>Segundo divulgado na edi\u00e7\u00e3o 723 da\u00a0<strong>Ag\u00eancia iNFRA<\/strong>, o tucano det\u00e9m a predile\u00e7\u00e3o do presidente da CI, senador Marcos Rog\u00e9rio (DEM-RO). Na \u00e9poca, Rog\u00e9rio confirmou o pedido de relatoria do senador. Outros dois nomes concorriam para assumir a relatoria<\/p>\n<p>At\u00e9 o come\u00e7o do ano, Jereissati n\u00e3o fazia parte do quadro da Comiss\u00e3o, por\u00e9m, no in\u00edcio de fevereiro, o seu nome apareceu no quadro de titulares no lugar do senador Fl\u00e1vio Bolsonaro (sem partido-RJ), que havia deixado a vaga liberada desde dezembro de 2019.<\/p>\n<p>O senador foi o autor do primeiro texto que criava o Marco Legal do Saneamento. O PL 3.261\/19 foi apresentado em junho do ano passado e entregue \u00e0 C\u00e2mara dos Deputados. Em agosto, uma comiss\u00e3o especial foi instaurada e a relatoria da mat\u00e9ria ficou a cargo do deputado Geninho Zuliani (DEM-SP).<\/p>\n<p>Atualmente o marco legal tramita na CMA (Comiss\u00e3o de Meio Ambiente) est\u00e1 sob relatoria do senador Alessandro Vieira (Cidadania-SE). Ap\u00f3s a apresenta\u00e7\u00e3o e vota\u00e7\u00e3o do parecer, o texto seguir\u00e1 para a CI e, antes de ser enviado ao plen\u00e1rio da Casa, passar\u00e1 pela CCJ (Comiss\u00e3o de Constitui\u00e7\u00e3o e Justi\u00e7a).<\/p>\n<p><strong>Requerimento<\/strong><br \/>\nA\u00a0<strong>Ag\u00eancia iNFRA<\/strong>\u00a0conversou com o atual relator do Marco do Saneamento, senador Alessandro Vieira, que informou j\u00e1 vislumbrar o primeiro requerimento de convoca\u00e7\u00e3o de audi\u00eancia p\u00fablica no qual convidar\u00e1 a ANA (Ag\u00eancia Nacional das \u00c1guas) para tratar do tema.<\/p>\n<p>\u201cJ\u00e1 estou me debru\u00e7ando sobre o PL e ainda definindo quais ser\u00e3o as nossas estrat\u00e9gias, bem como quais audi\u00eancias dever\u00e3o ser feitas. Tenho algumas d\u00favidas a tratar com a ANA principalmente em rela\u00e7\u00e3o a algumas atribui\u00e7\u00f5es durante esse processo\u201d, disse.<\/p>\n<p>A vers\u00e3o mais recente do PL est\u00e1 dispon\u00edvel\u00a0<a href=\"https:\/\/agenciainfra.us14.list-manage.com\/track\/click?u=d460dd1bcf9ba0ae040e1fc0f&amp;id=0d01df59ff&amp;e=c099169394\" target=\"_blank\" rel=\"noopener noreferrer\" data-saferedirecturl=\"https:\/\/www.google.com\/url?q=https:\/\/agenciainfra.us14.list-manage.com\/track\/click?u%3Dd460dd1bcf9ba0ae040e1fc0f%26id%3D0d01df59ff%26e%3Dc099169394&amp;source=gmail&amp;ust=1584526674949000&amp;usg=AFQjCNEEy0_V-dM3hG5HYkG1REnHhaV4UQ\">neste link<\/a>.<\/p>\n<\/div>\n","protected":false},"excerpt":{"rendered":"<p>Tales Silveira, da\u00a0Ag\u00eancia iNFRA Mesmo sem ainda ter sido votado no plen\u00e1rio da C\u00e2mara, o PL (Projeto de Lei) 7.063\/2017, que reformula o Marco Legal das Concess\u00f5es e PPPs (parcerias p\u00fablico-privadas), j\u00e1 tem um pretendente no Senado: o senador, e l\u00edder do Partido Liberal, Wellington Fagundes (PL-MT). Durante conversa com a\u00a0Ag\u00eancia iNFRA, o senador comentou [&hellip;]<\/p>\n","protected":false},"author":9,"featured_media":4573,"comment_status":"closed","ping_status":"closed","sticky":false,"template":"","format":"standard","meta":{"_monsterinsights_skip_tracking":false,"_monsterinsights_sitenote_active":false,"_monsterinsights_sitenote_note":"","_monsterinsights_sitenote_category":0,"footnotes":""},"categories":[7],"tags":[1812,888,1144,1808,1397,1193,1315,1811,1809,1810,15],"class_list":["post-4572","post","type-post","status-publish","format-standard","has-post-thumbnail","hentry","category-infratransporte","tag-alessandro-vieira","tag-arnaldo-jardim","tag-frenlogi","tag-marco-das-concessoes-e-ppps","tag-marco-do-saneamento","tag-marcos-rogerio","tag-parcerias-publico-privadas","tag-pl-4-162-19","tag-pls-472-12","tag-tasso-jereissati","tag-wellington-fagundes"],"yoast_head":"<!-- This site is optimized with the Yoast SEO Premium plugin v25.4 (Yoast SEO v26.0) - https:\/\/yoast.com\/wordpress\/plugins\/seo\/ -->\n<title>Wellington Fagundes quer ser relator do Marco das Concess\u00f5es no Senado - Ag\u00eancia iNFRA<\/title>\n<meta name=\"robots\" content=\"index, follow, max-snippet:-1, max-image-preview:large, max-video-preview:-1\" \/>\n<link rel=\"canonical\" href=\"https:\/\/agenciainfra.com\/blog\/wellington-fagundes-quer-ser-relator-do-marco-das-concessoes-no-senado\/\" \/>\n<meta property=\"og:locale\" content=\"pt_BR\" \/>\n<meta property=\"og:type\" content=\"article\" \/>\n<meta property=\"og:title\" content=\"Wellington Fagundes quer ser relator do Marco das Concess\u00f5es no Senado\" \/>\n<meta property=\"og:description\" content=\"Tales Silveira, da\u00a0Ag\u00eancia iNFRA Mesmo sem ainda ter sido votado no plen\u00e1rio da C\u00e2mara, o PL (Projeto de Lei) 7.063\/2017, que reformula o Marco Legal das Concess\u00f5es e PPPs (parcerias p\u00fablico-privadas), j\u00e1 tem um pretendente no Senado: o senador, e l\u00edder do Partido Liberal, Wellington Fagundes (PL-MT). Durante conversa com a\u00a0Ag\u00eancia iNFRA, o senador comentou [&hellip;]\" \/>\n<meta property=\"og:url\" content=\"https:\/\/agenciainfra.com\/blog\/wellington-fagundes-quer-ser-relator-do-marco-das-concessoes-no-senado\/\" \/>\n<meta property=\"og:site_name\" content=\"Ag\u00eancia iNFRA\" \/>\n<meta property=\"article:publisher\" content=\"https:\/\/www.facebook.com\/ageninfra\" \/>\n<meta property=\"article:published_time\" content=\"2020-03-18T11:00:42+00:00\" \/>\n<meta property=\"og:image\" content=\"https:\/\/agenciainfra.com\/blog\/wp-content\/uploads\/2020\/03\/wellington-fagundes-foto-waldemir-barreto-agencia-senado.jpg\" \/>\n\t<meta property=\"og:image:width\" content=\"1280\" \/>\n\t<meta property=\"og:image:height\" content=\"852\" \/>\n\t<meta property=\"og:image:type\" content=\"image\/jpeg\" \/>\n<meta name=\"author\" content=\"Rodrigo Zuquim\" \/>\n<meta name=\"twitter:card\" content=\"summary_large_image\" \/>\n<meta name=\"twitter:creator\" content=\"@agencia_infra\" \/>\n<meta name=\"twitter:site\" content=\"@agencia_infra\" \/>\n<meta name=\"twitter:label1\" content=\"Escrito por\" \/>\n\t<meta name=\"twitter:data1\" content=\"Rodrigo Zuquim\" \/>\n\t<meta name=\"twitter:label2\" content=\"Est. tempo de leitura\" \/>\n\t<meta name=\"twitter:data2\" content=\"4 minutos\" \/>\n<script type=\"application\/ld+json\" class=\"yoast-schema-graph\">{\"@context\":\"https:\/\/schema.org\",\"@graph\":[{\"@type\":\"Article\",\"@id\":\"https:\/\/agenciainfra.com\/blog\/wellington-fagundes-quer-ser-relator-do-marco-das-concessoes-no-senado\/#article\",\"isPartOf\":{\"@id\":\"https:\/\/agenciainfra.com\/blog\/wellington-fagundes-quer-ser-relator-do-marco-das-concessoes-no-senado\/\"},\"author\":{\"name\":\"Rodrigo Zuquim\",\"@id\":\"https:\/\/agenciainfra.com\/blog\/#\/schema\/person\/04dbb79bd6d8951f063da71f3e4c1eb1\"},\"headline\":\"Wellington Fagundes quer ser relator do Marco das Concess\u00f5es no Senado\",\"datePublished\":\"2020-03-18T11:00:42+00:00\",\"mainEntityOfPage\":{\"@id\":\"https:\/\/agenciainfra.com\/blog\/wellington-fagundes-quer-ser-relator-do-marco-das-concessoes-no-senado\/\"},\"wordCount\":729,\"publisher\":{\"@id\":\"https:\/\/agenciainfra.com\/blog\/#organization\"},\"image\":{\"@id\":\"https:\/\/agenciainfra.com\/blog\/wellington-fagundes-quer-ser-relator-do-marco-das-concessoes-no-senado\/#primaryimage\"},\"thumbnailUrl\":\"https:\/\/agenciainfra.com\/blog\/wp-content\/uploads\/2020\/03\/wellington-fagundes-foto-waldemir-barreto-agencia-senado.jpg\",\"keywords\":[\"Alessandro Vieira\",\"Arnaldo Jardim\",\"Frenlogi\",\"Marco das Concess\u00f5es e PPPs\",\"marco do saneamento\",\"Marcos Rog\u00e9rio\",\"parcerias p\u00fablico-privadas\",\"PL 4.162\/19\",\"PLS 472\/12\",\"Tasso Jereissati\",\"wellington fagundes\"],\"articleSection\":[\"iNFRATransporte\"],\"inLanguage\":\"pt-BR\",\"copyrightYear\":\"2020\",\"copyrightHolder\":{\"@id\":\"https:\/\/agenciainfra.com\/blog\/#organization\"}},{\"@type\":\"WebPage\",\"@id\":\"https:\/\/agenciainfra.com\/blog\/wellington-fagundes-quer-ser-relator-do-marco-das-concessoes-no-senado\/\",\"url\":\"https:\/\/agenciainfra.com\/blog\/wellington-fagundes-quer-ser-relator-do-marco-das-concessoes-no-senado\/\",\"name\":\"Wellington Fagundes quer ser relator do Marco das Concess\u00f5es no Senado - Ag\u00eancia iNFRA\",\"isPartOf\":{\"@id\":\"https:\/\/agenciainfra.com\/blog\/#website\"},\"primaryImageOfPage\":{\"@id\":\"https:\/\/agenciainfra.com\/blog\/wellington-fagundes-quer-ser-relator-do-marco-das-concessoes-no-senado\/#primaryimage\"},\"image\":{\"@id\":\"https:\/\/agenciainfra.com\/blog\/wellington-fagundes-quer-ser-relator-do-marco-das-concessoes-no-senado\/#primaryimage\"},\"thumbnailUrl\":\"https:\/\/agenciainfra.com\/blog\/wp-content\/uploads\/2020\/03\/wellington-fagundes-foto-waldemir-barreto-agencia-senado.jpg\",\"datePublished\":\"2020-03-18T11:00:42+00:00\",\"breadcrumb\":{\"@id\":\"https:\/\/agenciainfra.com\/blog\/wellington-fagundes-quer-ser-relator-do-marco-das-concessoes-no-senado\/#breadcrumb\"},\"inLanguage\":\"pt-BR\",\"potentialAction\":[{\"@type\":\"ReadAction\",\"target\":[\"https:\/\/agenciainfra.com\/blog\/wellington-fagundes-quer-ser-relator-do-marco-das-concessoes-no-senado\/\"]}]},{\"@type\":\"ImageObject\",\"inLanguage\":\"pt-BR\",\"@id\":\"https:\/\/agenciainfra.com\/blog\/wellington-fagundes-quer-ser-relator-do-marco-das-concessoes-no-senado\/#primaryimage\",\"url\":\"https:\/\/agenciainfra.com\/blog\/wp-content\/uploads\/2020\/03\/wellington-fagundes-foto-waldemir-barreto-agencia-senado.jpg\",\"contentUrl\":\"https:\/\/agenciainfra.com\/blog\/wp-content\/uploads\/2020\/03\/wellington-fagundes-foto-waldemir-barreto-agencia-senado.jpg\",\"width\":1280,\"height\":852},{\"@type\":\"BreadcrumbList\",\"@id\":\"https:\/\/agenciainfra.com\/blog\/wellington-fagundes-quer-ser-relator-do-marco-das-concessoes-no-senado\/#breadcrumb\",\"itemListElement\":[{\"@type\":\"ListItem\",\"position\":1,\"name\":\"In\u00edcio\",\"item\":\"https:\/\/agenciainfra.com\/blog\/\"},{\"@type\":\"ListItem\",\"position\":2,\"name\":\"Wellington Fagundes quer ser relator do Marco das Concess\u00f5es no Senado\"}]},{\"@type\":\"WebSite\",\"@id\":\"https:\/\/agenciainfra.com\/blog\/#website\",\"url\":\"https:\/\/agenciainfra.com\/blog\/\",\"name\":\"Ag\u00eancia iNFRA\",\"description\":\"Multiplataforma de informa\u00e7\u00e3o jornal\u00edstica refer\u00eancia na \u00e1rea de infraestrutura no Brasil!\",\"publisher\":{\"@id\":\"https:\/\/agenciainfra.com\/blog\/#organization\"},\"potentialAction\":[{\"@type\":\"SearchAction\",\"target\":{\"@type\":\"EntryPoint\",\"urlTemplate\":\"https:\/\/agenciainfra.com\/blog\/?s={search_term_string}\"},\"query-input\":{\"@type\":\"PropertyValueSpecification\",\"valueRequired\":true,\"valueName\":\"search_term_string\"}}],\"inLanguage\":\"pt-BR\"},{\"@type\":\"Organization\",\"@id\":\"https:\/\/agenciainfra.com\/blog\/#organization\",\"name\":\"Ag\u00eancia iNFRA\",\"url\":\"https:\/\/agenciainfra.com\/blog\/\",\"logo\":{\"@type\":\"ImageObject\",\"inLanguage\":\"pt-BR\",\"@id\":\"https:\/\/agenciainfra.com\/blog\/#\/schema\/logo\/image\/\",\"url\":\"https:\/\/agenciainfra.com\/blog\/wp-content\/uploads\/2023\/09\/iNFRA_5-e1761735885940.png\",\"contentUrl\":\"https:\/\/agenciainfra.com\/blog\/wp-content\/uploads\/2023\/09\/iNFRA_5-e1761735885940.png\",\"width\":1672,\"height\":454,\"caption\":\"Ag\u00eancia iNFRA\"},\"image\":{\"@id\":\"https:\/\/agenciainfra.com\/blog\/#\/schema\/logo\/image\/\"},\"sameAs\":[\"https:\/\/www.facebook.com\/ageninfra\",\"https:\/\/x.com\/agencia_infra\",\"https:\/\/www.linkedin.com\/company\/ag\u00eanciainfra\/\",\"https:\/\/www.instagram.com\/agenciainfra\/\"]},{\"@type\":\"Person\",\"@id\":\"https:\/\/agenciainfra.com\/blog\/#\/schema\/person\/04dbb79bd6d8951f063da71f3e4c1eb1\",\"name\":\"Rodrigo Zuquim\",\"image\":{\"@type\":\"ImageObject\",\"inLanguage\":\"pt-BR\",\"@id\":\"https:\/\/agenciainfra.com\/blog\/#\/schema\/person\/image\/\",\"url\":\"https:\/\/secure.gravatar.com\/avatar\/594abfe82761d620726242ff34ca472a705a4b97f16c790053a6b4c4035274d0?s=96&d=mm&r=g\",\"contentUrl\":\"https:\/\/secure.gravatar.com\/avatar\/594abfe82761d620726242ff34ca472a705a4b97f16c790053a6b4c4035274d0?s=96&d=mm&r=g\",\"caption\":\"Rodrigo Zuquim\"},\"url\":\"https:\/\/agenciainfra.com\/blog\/author\/rodrigo-zuquim\/\"}]}<\/script>\n<!-- \/ Yoast SEO Premium plugin. -->","yoast_head_json":{"title":"Wellington Fagundes quer ser relator do Marco das Concess\u00f5es no Senado - Ag\u00eancia iNFRA","robots":{"index":"index","follow":"follow","max-snippet":"max-snippet:-1","max-image-preview":"max-image-preview:large","max-video-preview":"max-video-preview:-1"},"canonical":"https:\/\/agenciainfra.com\/blog\/wellington-fagundes-quer-ser-relator-do-marco-das-concessoes-no-senado\/","og_locale":"pt_BR","og_type":"article","og_title":"Wellington Fagundes quer ser relator do Marco das Concess\u00f5es no Senado","og_description":"Tales Silveira, da\u00a0Ag\u00eancia iNFRA Mesmo sem ainda ter sido votado no plen\u00e1rio da C\u00e2mara, o PL (Projeto de Lei) 7.063\/2017, que reformula o Marco Legal das Concess\u00f5es e PPPs (parcerias p\u00fablico-privadas), j\u00e1 tem um pretendente no Senado: o senador, e l\u00edder do Partido Liberal, Wellington Fagundes (PL-MT). Durante conversa com a\u00a0Ag\u00eancia iNFRA, o senador comentou [&hellip;]","og_url":"https:\/\/agenciainfra.com\/blog\/wellington-fagundes-quer-ser-relator-do-marco-das-concessoes-no-senado\/","og_site_name":"Ag\u00eancia iNFRA","article_publisher":"https:\/\/www.facebook.com\/ageninfra","article_published_time":"2020-03-18T11:00:42+00:00","og_image":[{"width":1280,"height":852,"url":"https:\/\/agenciainfra.com\/blog\/wp-content\/uploads\/2020\/03\/wellington-fagundes-foto-waldemir-barreto-agencia-senado.jpg","type":"image\/jpeg"}],"author":"Rodrigo Zuquim","twitter_card":"summary_large_image","twitter_creator":"@agencia_infra","twitter_site":"@agencia_infra","twitter_misc":{"Escrito por":"Rodrigo Zuquim","Est. tempo de leitura":"4 minutos"},"schema":{"@context":"https:\/\/schema.org","@graph":[{"@type":"Article","@id":"https:\/\/agenciainfra.com\/blog\/wellington-fagundes-quer-ser-relator-do-marco-das-concessoes-no-senado\/#article","isPartOf":{"@id":"https:\/\/agenciainfra.com\/blog\/wellington-fagundes-quer-ser-relator-do-marco-das-concessoes-no-senado\/"},"author":{"name":"Rodrigo Zuquim","@id":"https:\/\/agenciainfra.com\/blog\/#\/schema\/person\/04dbb79bd6d8951f063da71f3e4c1eb1"},"headline":"Wellington Fagundes quer ser relator do Marco das Concess\u00f5es no Senado","datePublished":"2020-03-18T11:00:42+00:00","mainEntityOfPage":{"@id":"https:\/\/agenciainfra.com\/blog\/wellington-fagundes-quer-ser-relator-do-marco-das-concessoes-no-senado\/"},"wordCount":729,"publisher":{"@id":"https:\/\/agenciainfra.com\/blog\/#organization"},"image":{"@id":"https:\/\/agenciainfra.com\/blog\/wellington-fagundes-quer-ser-relator-do-marco-das-concessoes-no-senado\/#primaryimage"},"thumbnailUrl":"https:\/\/agenciainfra.com\/blog\/wp-content\/uploads\/2020\/03\/wellington-fagundes-foto-waldemir-barreto-agencia-senado.jpg","keywords":["Alessandro Vieira","Arnaldo Jardim","Frenlogi","Marco das Concess\u00f5es e PPPs","marco do saneamento","Marcos Rog\u00e9rio","parcerias p\u00fablico-privadas","PL 4.162\/19","PLS 472\/12","Tasso Jereissati","wellington fagundes"],"articleSection":["iNFRATransporte"],"inLanguage":"pt-BR","copyrightYear":"2020","copyrightHolder":{"@id":"https:\/\/agenciainfra.com\/blog\/#organization"}},{"@type":"WebPage","@id":"https:\/\/agenciainfra.com\/blog\/wellington-fagundes-quer-ser-relator-do-marco-das-concessoes-no-senado\/","url":"https:\/\/agenciainfra.com\/blog\/wellington-fagundes-quer-ser-relator-do-marco-das-concessoes-no-senado\/","name":"Wellington Fagundes quer ser relator do Marco das Concess\u00f5es no Senado - Ag\u00eancia iNFRA","isPartOf":{"@id":"https:\/\/agenciainfra.com\/blog\/#website"},"primaryImageOfPage":{"@id":"https:\/\/agenciainfra.com\/blog\/wellington-fagundes-quer-ser-relator-do-marco-das-concessoes-no-senado\/#primaryimage"},"image":{"@id":"https:\/\/agenciainfra.com\/blog\/wellington-fagundes-quer-ser-relator-do-marco-das-concessoes-no-senado\/#primaryimage"},"thumbnailUrl":"https:\/\/agenciainfra.com\/blog\/wp-content\/uploads\/2020\/03\/wellington-fagundes-foto-waldemir-barreto-agencia-senado.jpg","datePublished":"2020-03-18T11:00:42+00:00","breadcrumb":{"@id":"https:\/\/agenciainfra.com\/blog\/wellington-fagundes-quer-ser-relator-do-marco-das-concessoes-no-senado\/#breadcrumb"},"inLanguage":"pt-BR","potentialAction":[{"@type":"ReadAction","target":["https:\/\/agenciainfra.com\/blog\/wellington-fagundes-quer-ser-relator-do-marco-das-concessoes-no-senado\/"]}]},{"@type":"ImageObject","inLanguage":"pt-BR","@id":"https:\/\/agenciainfra.com\/blog\/wellington-fagundes-quer-ser-relator-do-marco-das-concessoes-no-senado\/#primaryimage","url":"https:\/\/agenciainfra.com\/blog\/wp-content\/uploads\/2020\/03\/wellington-fagundes-foto-waldemir-barreto-agencia-senado.jpg","contentUrl":"https:\/\/agenciainfra.com\/blog\/wp-content\/uploads\/2020\/03\/wellington-fagundes-foto-waldemir-barreto-agencia-senado.jpg","width":1280,"height":852},{"@type":"BreadcrumbList","@id":"https:\/\/agenciainfra.com\/blog\/wellington-fagundes-quer-ser-relator-do-marco-das-concessoes-no-senado\/#breadcrumb","itemListElement":[{"@type":"ListItem","position":1,"name":"In\u00edcio","item":"https:\/\/agenciainfra.com\/blog\/"},{"@type":"ListItem","position":2,"name":"Wellington Fagundes quer ser relator do Marco das Concess\u00f5es no Senado"}]},{"@type":"WebSite","@id":"https:\/\/agenciainfra.com\/blog\/#website","url":"https:\/\/agenciainfra.com\/blog\/","name":"Ag\u00eancia iNFRA","description":"Multiplataforma de informa\u00e7\u00e3o jornal\u00edstica refer\u00eancia na \u00e1rea de infraestrutura no Brasil!","publisher":{"@id":"https:\/\/agenciainfra.com\/blog\/#organization"},"potentialAction":[{"@type":"SearchAction","target":{"@type":"EntryPoint","urlTemplate":"https:\/\/agenciainfra.com\/blog\/?s={search_term_string}"},"query-input":{"@type":"PropertyValueSpecification","valueRequired":true,"valueName":"search_term_string"}}],"inLanguage":"pt-BR"},{"@type":"Organization","@id":"https:\/\/agenciainfra.com\/blog\/#organization","name":"Ag\u00eancia iNFRA","url":"https:\/\/agenciainfra.com\/blog\/","logo":{"@type":"ImageObject","inLanguage":"pt-BR","@id":"https:\/\/agenciainfra.com\/blog\/#\/schema\/logo\/image\/","url":"https:\/\/agenciainfra.com\/blog\/wp-content\/uploads\/2023\/09\/iNFRA_5-e1761735885940.png","contentUrl":"https:\/\/agenciainfra.com\/blog\/wp-content\/uploads\/2023\/09\/iNFRA_5-e1761735885940.png","width":1672,"height":454,"caption":"Ag\u00eancia iNFRA"},"image":{"@id":"https:\/\/agenciainfra.com\/blog\/#\/schema\/logo\/image\/"},"sameAs":["https:\/\/www.facebook.com\/ageninfra","https:\/\/x.com\/agencia_infra","https:\/\/www.linkedin.com\/company\/ag\u00eanciainfra\/","https:\/\/www.instagram.com\/agenciainfra\/"]},{"@type":"Person","@id":"https:\/\/agenciainfra.com\/blog\/#\/schema\/person\/04dbb79bd6d8951f063da71f3e4c1eb1","name":"Rodrigo Zuquim","image":{"@type":"ImageObject","inLanguage":"pt-BR","@id":"https:\/\/agenciainfra.com\/blog\/#\/schema\/person\/image\/","url":"https:\/\/secure.gravatar.com\/avatar\/594abfe82761d620726242ff34ca472a705a4b97f16c790053a6b4c4035274d0?s=96&d=mm&r=g","contentUrl":"https:\/\/secure.gravatar.com\/avatar\/594abfe82761d620726242ff34ca472a705a4b97f16c790053a6b4c4035274d0?s=96&d=mm&r=g","caption":"Rodrigo Zuquim"},"url":"https:\/\/agenciainfra.com\/blog\/author\/rodrigo-zuquim\/"}]}},"_links":{"self":[{"href":"https:\/\/agenciainfra.com\/blog\/wp-json\/wp\/v2\/posts\/4572","targetHints":{"allow":["GET"]}}],"collection":[{"href":"https:\/\/agenciainfra.com\/blog\/wp-json\/wp\/v2\/posts"}],"about":[{"href":"https:\/\/agenciainfra.com\/blog\/wp-json\/wp\/v2\/types\/post"}],"author":[{"embeddable":true,"href":"https:\/\/agenciainfra.com\/blog\/wp-json\/wp\/v2\/users\/9"}],"replies":[{"embeddable":true,"href":"https:\/\/agenciainfra.com\/blog\/wp-json\/wp\/v2\/comments?post=4572"}],"version-history":[{"count":0,"href":"https:\/\/agenciainfra.com\/blog\/wp-json\/wp\/v2\/posts\/4572\/revisions"}],"wp:featuredmedia":[{"embeddable":true,"href":"https:\/\/agenciainfra.com\/blog\/wp-json\/wp\/v2\/media\/4573"}],"wp:attachment":[{"href":"https:\/\/agenciainfra.com\/blog\/wp-json\/wp\/v2\/media?parent=4572"}],"wp:term":[{"taxonomy":"category","embeddable":true,"href":"https:\/\/agenciainfra.com\/blog\/wp-json\/wp\/v2\/categories?post=4572"},{"taxonomy":"post_tag","embeddable":true,"href":"https:\/\/agenciainfra.com\/blog\/wp-json\/wp\/v2\/tags?post=4572"}],"curies":[{"name":"wp","href":"https:\/\/api.w.org\/{rel}","templated":true}]}}