{"id":4582,"date":"2020-03-21T13:00:43","date_gmt":"2020-03-21T16:00:43","guid":{"rendered":"http:\/\/www.agenciainfra.com\/blog\/?p=4582"},"modified":"2020-03-21T07:10:52","modified_gmt":"2020-03-21T10:10:52","slug":"presidente-de-associacao-de-aereas-ve-futuro-imprevisivel-em-crise-sem-precedentes","status":"publish","type":"post","link":"https:\/\/agenciainfra.com\/blog\/presidente-de-associacao-de-aereas-ve-futuro-imprevisivel-em-crise-sem-precedentes\/","title":{"rendered":"Presidente de associa\u00e7\u00e3o de a\u00e9reas v\u00ea futuro imprevis\u00edvel em &#8216;crise sem precedentes&#8217;"},"content":{"rendered":"<div>\n<h5 style=\"text-align: right;\"><strong>Dimmi Amora, da\u00a0Ag\u00eancia iNFRA<\/strong><\/h5>\n<p dir=\"ltr\">A atual crise \u00e9 sem precedente na hist\u00f3ria e ainda n\u00e3o \u00e9 poss\u00edvel avaliar se as medidas do governo para reduzir o impacto da pandemia Covid-19 no setor a\u00e9reo ser\u00e3o suficientes. Esta \u00e9 a avalia\u00e7\u00e3o do presidente da Abear (Associa\u00e7\u00e3o Brasileira das Empresas A\u00e9reas), Eduardo Sanovicz. &#8220;Ser\u00e1 necess\u00e1rio avaliar mais \u00e0 frente&#8221;, disse, em entrevista \u00e0 <strong>Ag\u00eancia iNFRA<\/strong>.<\/p>\n<p dir=\"ltr\">Em nota, a associa\u00e7\u00e3o classificou as medidas como positivas. Sanovicz, disse que houve um alto n\u00edvel de mobiliza\u00e7\u00e3o dos minist\u00e9rios e que elas est\u00e3o na dire\u00e7\u00e3o correta. Segundo ele, somente o pagamento das tarifas de navega\u00e7\u00e3o ser\u00e1 um al\u00edvio de R$ 100 milh\u00f5es por m\u00eas para as empresas e tamb\u00e9m ser\u00e1 poss\u00edvel negociar com as concession\u00e1rias mais prazo para pagar as tarifas aeroportu\u00e1rias pelo al\u00edvio de caixa que elas tiveram.<\/p>\n<p>&#8220;Entendemos que foi anunciado o que \u00e9 poss\u00edvel fazer neste cen\u00e1rio atual, em que as empresas a\u00e9reas precisam de al\u00edvio de caixa. Entramos numa nova fase, de avalia\u00e7\u00e3o permanente a partir da efetiva\u00e7\u00e3o dessas iniciativas para podermos mensurar resultados e construir os pr\u00f3ximos passos\u201d, afirmou.<\/p>\n<p>Sanovicz disse ainda que o governo j\u00e1 anunciou e falta detalhar uma segunda medida, que \u00e9 cr\u00e9dito banc\u00e1rio para que as empresas possam suportar em termos financeiros o per\u00edodo de crise, em que se espera que o movimento possa cair entre 85% e 90% nas pr\u00f3ximas semanas.<\/p>\n<p>O presidente da associa\u00e7\u00e3o tamb\u00e9m informou que, no momento, as empresas negociam com a For\u00e7a A\u00e9rea para poder estacionar avi\u00f5es que v\u00e3o ficar parados no per\u00edodo nos p\u00e1tios das bases a\u00e9reas, como forma de reduzir custos.<\/p>\n<p dir=\"ltr\"><strong>Medidas para o setor a\u00e9reo<\/strong><\/p>\n<p dir=\"ltr\">Em coletiva no Pal\u00e1cio do Planalto nesta quarta-feira (18), o governo anunciou tr\u00eas medidas para o setor a\u00e9reo. O pr\u00f3prio presidente Jair Bolsonaro disse que &#8220;a quebra das empresas a\u00e9reas n\u00e3o nos interessa&#8221;.<\/p>\n<p>As medidas anunciadas foram o diferimento (n\u00e3o obrigatoriedade de pagar em dia) de tarifas de navega\u00e7\u00e3o a\u00e9rea e a prorroga\u00e7\u00e3o por at\u00e9 um ano para as empresas a\u00e9reas devolverem dinheiro de passagens canceladas. No caso das concession\u00e1rias de aeroportos, elas v\u00e3o poder diferir o pagamento das outorgas.<\/p>\n<p>A medida foi justificada pelo ministro da Infraestrutura, Tarc\u00edsio de Freitas, pela queda abrupta no n\u00famero de passageiros, cerca de 85% dos voos internacionais e 50% dos voos dom\u00e9sticos j\u00e1 foram cancelados.<\/p>\n<p>Para o ministro, com a crise na avia\u00e7\u00e3o comercial, a popula\u00e7\u00e3o pode sair perdendo se houver uma quebra de empresas.<\/p>\n<p>\u201cO governo est\u00e1 se antecipando a problemas que possam decorrer da mais profunda crise econ\u00f4mica no setor a\u00e9reo internacional na hist\u00f3ria. Vamos trabalhar para evitar danos duradouros no transporte a\u00e9reo brasileiro. Foco ser\u00e1 na oferta, na solv\u00eancia do setor e na continuidade dos servi\u00e7os\u201d, afirmou Freitas.<\/p>\n<p>De acordo com nota do minist\u00e9rio, decreto vai definir que vencimentos de mar\u00e7o, abril, maio e junho de 2020 das tarifas de navega\u00e7\u00e3o ficam postergados para, respectivamente, setembro, outubro, novembro e dezembro do referido ano.<\/p>\n<p>J\u00e1 a MP (medida provis\u00f3ria) 925 \u2013\u00a0<a href=\"https:\/\/agenciainfra.us14.list-manage.com\/track\/click?u=d460dd1bcf9ba0ae040e1fc0f&amp;id=053606d789&amp;e=c099169394\" target=\"_blank\" rel=\"noopener noreferrer\" data-saferedirecturl=\"https:\/\/www.google.com\/url?q=https:\/\/agenciainfra.us14.list-manage.com\/track\/click?u%3Dd460dd1bcf9ba0ae040e1fc0f%26id%3D053606d789%26e%3Dc099169394&amp;source=gmail&amp;ust=1584706205695000&amp;usg=AFQjCNF5aNyvl3EXUTofaHWQCS4cMrl4rw\">publicada na quinta-feira<\/a>\u00a0(19) no Di\u00e1rio Oficial da Uni\u00e3o \u2013\u00a0versa sobre reembolso de passagens a\u00e9reas para solicita\u00e7\u00f5es efetuadas at\u00e9 o dia 31 de dezembro de 2020. O prazo para reembolso ser\u00e1 de 12 meses. Os consumidores ficar\u00e3o isentos das penalidades contratuais, mediante a aceita\u00e7\u00e3o de cr\u00e9dito para utiliza\u00e7\u00e3o futura.<\/p>\n<p>Tamb\u00e9m pela MP, \u00e9 alterado o cronograma de pagamento previsto para o ano de 2020 das contribui\u00e7\u00f5es fixas e vari\u00e1veis nos contratos de parceria no setor aeroportu\u00e1rio, com a possibilidade de quita\u00e7\u00e3o at\u00e9 o dia 18 de dezembro deste ano.<\/p>\n<p>A ANAC (Ag\u00eancia Nacional de Avia\u00e7\u00e3o Civil) j\u00e1 havia tomado medidas para reduzir o impacto no setor, como a dispensa de cumprimento de regras de cancelamento de voos para manuten\u00e7\u00e3o dos slots e extens\u00e3o de prazos para\u00a0renova\u00e7\u00e3o de habilita\u00e7\u00f5es, certificados e licen\u00e7as de avia\u00e7\u00e3o civil.<\/p>\n<p dir=\"ltr\"><strong>Outros setores<\/strong><br \/>\nAs medidas anunciadas na \u00faltima quarta-feira (18) n\u00e3o devem ser as \u00fanicas para o setor a\u00e9reo e tamb\u00e9m para outros setores. A estrat\u00e9gia do governo \u00e9 ir liberando mais benef\u00edcios na medida da an\u00e1lise da dimens\u00e3o da crise sobre cada setor, o que pode envolver at\u00e9 redu\u00e7\u00f5es de impostos ou contribui\u00e7\u00f5es e linhas de cr\u00e9dito.<\/p>\n<p>No caso dos outros setores de transportes, o ministro Freitas anunciou medidas para dar maior seguran\u00e7a para trabalhadores portu\u00e1rios e tamb\u00e9m para caminhoneiros aut\u00f4nomos. Est\u00e1 em estudo uma forma de garantir aos aut\u00f4nomos no grupo de risco uma renda m\u00ednima, mas isso n\u00e3o est\u00e1 definido.<\/p>\n<\/div>\n","protected":false},"excerpt":{"rendered":"<p>Dimmi Amora, da\u00a0Ag\u00eancia iNFRA A atual crise \u00e9 sem precedente na hist\u00f3ria e ainda n\u00e3o \u00e9 poss\u00edvel avaliar se as medidas do governo para reduzir o impacto da pandemia Covid-19 no setor a\u00e9reo ser\u00e3o suficientes. Esta \u00e9 a avalia\u00e7\u00e3o do presidente da Abear (Associa\u00e7\u00e3o Brasileira das Empresas A\u00e9reas), Eduardo Sanovicz. &#8220;Ser\u00e1 necess\u00e1rio avaliar mais \u00e0 [&hellip;]<\/p>\n","protected":false},"author":9,"featured_media":4583,"comment_status":"closed","ping_status":"closed","sticky":false,"template":"","format":"standard","meta":{"_monsterinsights_skip_tracking":false,"_monsterinsights_sitenote_active":false,"_monsterinsights_sitenote_note":"","_monsterinsights_sitenote_category":0,"footnotes":""},"categories":[7],"tags":[1393,242,1758,1759,1394,448],"class_list":["post-4582","post","type-post","status-publish","format-standard","has-post-thumbnail","hentry","category-infratransporte","tag-abear","tag-anac","tag-coronavirus","tag-covid-19","tag-eduardo-sanovicz","tag-tarcisio-de-freitas"],"yoast_head":"<!-- This site is optimized with the Yoast SEO Premium plugin v25.4 (Yoast SEO v26.0) - https:\/\/yoast.com\/wordpress\/plugins\/seo\/ -->\n<title>Presidente de associa\u00e7\u00e3o de a\u00e9reas v\u00ea futuro imprevis\u00edvel em &#039;crise sem precedentes&#039; - Ag\u00eancia iNFRA<\/title>\n<meta name=\"robots\" content=\"index, follow, max-snippet:-1, max-image-preview:large, max-video-preview:-1\" \/>\n<link rel=\"canonical\" href=\"https:\/\/agenciainfra.com\/blog\/presidente-de-associacao-de-aereas-ve-futuro-imprevisivel-em-crise-sem-precedentes\/\" \/>\n<meta property=\"og:locale\" content=\"pt_BR\" \/>\n<meta property=\"og:type\" content=\"article\" \/>\n<meta property=\"og:title\" content=\"Presidente de associa\u00e7\u00e3o de a\u00e9reas v\u00ea futuro imprevis\u00edvel em &#039;crise sem precedentes&#039;\" \/>\n<meta property=\"og:description\" content=\"Dimmi Amora, da\u00a0Ag\u00eancia iNFRA A atual crise \u00e9 sem precedente na hist\u00f3ria e ainda n\u00e3o \u00e9 poss\u00edvel avaliar se as medidas do governo para reduzir o impacto da pandemia Covid-19 no setor a\u00e9reo ser\u00e3o suficientes. Esta \u00e9 a avalia\u00e7\u00e3o do presidente da Abear (Associa\u00e7\u00e3o Brasileira das Empresas A\u00e9reas), Eduardo Sanovicz. &#8220;Ser\u00e1 necess\u00e1rio avaliar mais \u00e0 [&hellip;]\" \/>\n<meta property=\"og:url\" content=\"https:\/\/agenciainfra.com\/blog\/presidente-de-associacao-de-aereas-ve-futuro-imprevisivel-em-crise-sem-precedentes\/\" \/>\n<meta property=\"og:site_name\" content=\"Ag\u00eancia iNFRA\" \/>\n<meta property=\"article:publisher\" content=\"https:\/\/www.facebook.com\/ageninfra\" \/>\n<meta property=\"article:published_time\" content=\"2020-03-21T16:00:43+00:00\" \/>\n<meta property=\"og:image\" content=\"https:\/\/agenciainfra.com\/blog\/wp-content\/uploads\/2020\/03\/eduardo-sanovicz-foto-pedro-franca-agencia-senado.jpg\" \/>\n\t<meta property=\"og:image:width\" content=\"1280\" \/>\n\t<meta property=\"og:image:height\" content=\"850\" \/>\n\t<meta property=\"og:image:type\" content=\"image\/jpeg\" \/>\n<meta name=\"author\" content=\"Rodrigo Zuquim\" \/>\n<meta name=\"twitter:card\" content=\"summary_large_image\" \/>\n<meta name=\"twitter:creator\" content=\"@agencia_infra\" \/>\n<meta name=\"twitter:site\" content=\"@agencia_infra\" \/>\n<meta name=\"twitter:label1\" content=\"Escrito por\" \/>\n\t<meta name=\"twitter:data1\" content=\"Rodrigo Zuquim\" \/>\n\t<meta name=\"twitter:label2\" content=\"Est. tempo de leitura\" \/>\n\t<meta name=\"twitter:data2\" content=\"4 minutos\" \/>\n<script type=\"application\/ld+json\" class=\"yoast-schema-graph\">{\"@context\":\"https:\/\/schema.org\",\"@graph\":[{\"@type\":\"Article\",\"@id\":\"https:\/\/agenciainfra.com\/blog\/presidente-de-associacao-de-aereas-ve-futuro-imprevisivel-em-crise-sem-precedentes\/#article\",\"isPartOf\":{\"@id\":\"https:\/\/agenciainfra.com\/blog\/presidente-de-associacao-de-aereas-ve-futuro-imprevisivel-em-crise-sem-precedentes\/\"},\"author\":{\"name\":\"Rodrigo Zuquim\",\"@id\":\"https:\/\/agenciainfra.com\/blog\/#\/schema\/person\/04dbb79bd6d8951f063da71f3e4c1eb1\"},\"headline\":\"Presidente de associa\u00e7\u00e3o de a\u00e9reas v\u00ea futuro imprevis\u00edvel em &#8216;crise sem precedentes&#8217;\",\"datePublished\":\"2020-03-21T16:00:43+00:00\",\"mainEntityOfPage\":{\"@id\":\"https:\/\/agenciainfra.com\/blog\/presidente-de-associacao-de-aereas-ve-futuro-imprevisivel-em-crise-sem-precedentes\/\"},\"wordCount\":826,\"publisher\":{\"@id\":\"https:\/\/agenciainfra.com\/blog\/#organization\"},\"image\":{\"@id\":\"https:\/\/agenciainfra.com\/blog\/presidente-de-associacao-de-aereas-ve-futuro-imprevisivel-em-crise-sem-precedentes\/#primaryimage\"},\"thumbnailUrl\":\"https:\/\/agenciainfra.com\/blog\/wp-content\/uploads\/2020\/03\/eduardo-sanovicz-foto-pedro-franca-agencia-senado.jpg\",\"keywords\":[\"Abear\",\"ANAC\",\"coronav\u00edrus\",\"Covid-19\",\"Eduardo Sanovicz\",\"Tarc\u00edsio de Freitas\"],\"articleSection\":[\"iNFRATransporte\"],\"inLanguage\":\"pt-BR\",\"copyrightYear\":\"2020\",\"copyrightHolder\":{\"@id\":\"https:\/\/agenciainfra.com\/blog\/#organization\"}},{\"@type\":\"WebPage\",\"@id\":\"https:\/\/agenciainfra.com\/blog\/presidente-de-associacao-de-aereas-ve-futuro-imprevisivel-em-crise-sem-precedentes\/\",\"url\":\"https:\/\/agenciainfra.com\/blog\/presidente-de-associacao-de-aereas-ve-futuro-imprevisivel-em-crise-sem-precedentes\/\",\"name\":\"Presidente de associa\u00e7\u00e3o de a\u00e9reas v\u00ea futuro imprevis\u00edvel em 'crise sem precedentes' - Ag\u00eancia iNFRA\",\"isPartOf\":{\"@id\":\"https:\/\/agenciainfra.com\/blog\/#website\"},\"primaryImageOfPage\":{\"@id\":\"https:\/\/agenciainfra.com\/blog\/presidente-de-associacao-de-aereas-ve-futuro-imprevisivel-em-crise-sem-precedentes\/#primaryimage\"},\"image\":{\"@id\":\"https:\/\/agenciainfra.com\/blog\/presidente-de-associacao-de-aereas-ve-futuro-imprevisivel-em-crise-sem-precedentes\/#primaryimage\"},\"thumbnailUrl\":\"https:\/\/agenciainfra.com\/blog\/wp-content\/uploads\/2020\/03\/eduardo-sanovicz-foto-pedro-franca-agencia-senado.jpg\",\"datePublished\":\"2020-03-21T16:00:43+00:00\",\"breadcrumb\":{\"@id\":\"https:\/\/agenciainfra.com\/blog\/presidente-de-associacao-de-aereas-ve-futuro-imprevisivel-em-crise-sem-precedentes\/#breadcrumb\"},\"inLanguage\":\"pt-BR\",\"potentialAction\":[{\"@type\":\"ReadAction\",\"target\":[\"https:\/\/agenciainfra.com\/blog\/presidente-de-associacao-de-aereas-ve-futuro-imprevisivel-em-crise-sem-precedentes\/\"]}]},{\"@type\":\"ImageObject\",\"inLanguage\":\"pt-BR\",\"@id\":\"https:\/\/agenciainfra.com\/blog\/presidente-de-associacao-de-aereas-ve-futuro-imprevisivel-em-crise-sem-precedentes\/#primaryimage\",\"url\":\"https:\/\/agenciainfra.com\/blog\/wp-content\/uploads\/2020\/03\/eduardo-sanovicz-foto-pedro-franca-agencia-senado.jpg\",\"contentUrl\":\"https:\/\/agenciainfra.com\/blog\/wp-content\/uploads\/2020\/03\/eduardo-sanovicz-foto-pedro-franca-agencia-senado.jpg\",\"width\":1280,\"height\":850},{\"@type\":\"BreadcrumbList\",\"@id\":\"https:\/\/agenciainfra.com\/blog\/presidente-de-associacao-de-aereas-ve-futuro-imprevisivel-em-crise-sem-precedentes\/#breadcrumb\",\"itemListElement\":[{\"@type\":\"ListItem\",\"position\":1,\"name\":\"In\u00edcio\",\"item\":\"https:\/\/agenciainfra.com\/blog\/\"},{\"@type\":\"ListItem\",\"position\":2,\"name\":\"Presidente de associa\u00e7\u00e3o de a\u00e9reas v\u00ea futuro imprevis\u00edvel em &#8216;crise sem precedentes&#8217;\"}]},{\"@type\":\"WebSite\",\"@id\":\"https:\/\/agenciainfra.com\/blog\/#website\",\"url\":\"https:\/\/agenciainfra.com\/blog\/\",\"name\":\"Ag\u00eancia iNFRA\",\"description\":\"Multiplataforma de informa\u00e7\u00e3o jornal\u00edstica refer\u00eancia na \u00e1rea de infraestrutura no Brasil!\",\"publisher\":{\"@id\":\"https:\/\/agenciainfra.com\/blog\/#organization\"},\"potentialAction\":[{\"@type\":\"SearchAction\",\"target\":{\"@type\":\"EntryPoint\",\"urlTemplate\":\"https:\/\/agenciainfra.com\/blog\/?s={search_term_string}\"},\"query-input\":{\"@type\":\"PropertyValueSpecification\",\"valueRequired\":true,\"valueName\":\"search_term_string\"}}],\"inLanguage\":\"pt-BR\"},{\"@type\":\"Organization\",\"@id\":\"https:\/\/agenciainfra.com\/blog\/#organization\",\"name\":\"Ag\u00eancia iNFRA\",\"url\":\"https:\/\/agenciainfra.com\/blog\/\",\"logo\":{\"@type\":\"ImageObject\",\"inLanguage\":\"pt-BR\",\"@id\":\"https:\/\/agenciainfra.com\/blog\/#\/schema\/logo\/image\/\",\"url\":\"https:\/\/agenciainfra.com\/blog\/wp-content\/uploads\/2023\/09\/iNFRA_5-e1761735885940.png\",\"contentUrl\":\"https:\/\/agenciainfra.com\/blog\/wp-content\/uploads\/2023\/09\/iNFRA_5-e1761735885940.png\",\"width\":1672,\"height\":454,\"caption\":\"Ag\u00eancia iNFRA\"},\"image\":{\"@id\":\"https:\/\/agenciainfra.com\/blog\/#\/schema\/logo\/image\/\"},\"sameAs\":[\"https:\/\/www.facebook.com\/ageninfra\",\"https:\/\/x.com\/agencia_infra\",\"https:\/\/www.linkedin.com\/company\/ag\u00eanciainfra\/\",\"https:\/\/www.instagram.com\/agenciainfra\/\"]},{\"@type\":\"Person\",\"@id\":\"https:\/\/agenciainfra.com\/blog\/#\/schema\/person\/04dbb79bd6d8951f063da71f3e4c1eb1\",\"name\":\"Rodrigo Zuquim\",\"image\":{\"@type\":\"ImageObject\",\"inLanguage\":\"pt-BR\",\"@id\":\"https:\/\/agenciainfra.com\/blog\/#\/schema\/person\/image\/\",\"url\":\"https:\/\/secure.gravatar.com\/avatar\/594abfe82761d620726242ff34ca472a705a4b97f16c790053a6b4c4035274d0?s=96&d=mm&r=g\",\"contentUrl\":\"https:\/\/secure.gravatar.com\/avatar\/594abfe82761d620726242ff34ca472a705a4b97f16c790053a6b4c4035274d0?s=96&d=mm&r=g\",\"caption\":\"Rodrigo Zuquim\"},\"url\":\"https:\/\/agenciainfra.com\/blog\/author\/rodrigo-zuquim\/\"}]}<\/script>\n<!-- \/ Yoast SEO Premium plugin. -->","yoast_head_json":{"title":"Presidente de associa\u00e7\u00e3o de a\u00e9reas v\u00ea futuro imprevis\u00edvel em 'crise sem precedentes' - Ag\u00eancia iNFRA","robots":{"index":"index","follow":"follow","max-snippet":"max-snippet:-1","max-image-preview":"max-image-preview:large","max-video-preview":"max-video-preview:-1"},"canonical":"https:\/\/agenciainfra.com\/blog\/presidente-de-associacao-de-aereas-ve-futuro-imprevisivel-em-crise-sem-precedentes\/","og_locale":"pt_BR","og_type":"article","og_title":"Presidente de associa\u00e7\u00e3o de a\u00e9reas v\u00ea futuro imprevis\u00edvel em 'crise sem precedentes'","og_description":"Dimmi Amora, da\u00a0Ag\u00eancia iNFRA A atual crise \u00e9 sem precedente na hist\u00f3ria e ainda n\u00e3o \u00e9 poss\u00edvel avaliar se as medidas do governo para reduzir o impacto da pandemia Covid-19 no setor a\u00e9reo ser\u00e3o suficientes. Esta \u00e9 a avalia\u00e7\u00e3o do presidente da Abear (Associa\u00e7\u00e3o Brasileira das Empresas A\u00e9reas), Eduardo Sanovicz. &#8220;Ser\u00e1 necess\u00e1rio avaliar mais \u00e0 [&hellip;]","og_url":"https:\/\/agenciainfra.com\/blog\/presidente-de-associacao-de-aereas-ve-futuro-imprevisivel-em-crise-sem-precedentes\/","og_site_name":"Ag\u00eancia iNFRA","article_publisher":"https:\/\/www.facebook.com\/ageninfra","article_published_time":"2020-03-21T16:00:43+00:00","og_image":[{"width":1280,"height":850,"url":"https:\/\/agenciainfra.com\/blog\/wp-content\/uploads\/2020\/03\/eduardo-sanovicz-foto-pedro-franca-agencia-senado.jpg","type":"image\/jpeg"}],"author":"Rodrigo Zuquim","twitter_card":"summary_large_image","twitter_creator":"@agencia_infra","twitter_site":"@agencia_infra","twitter_misc":{"Escrito por":"Rodrigo Zuquim","Est. tempo de leitura":"4 minutos"},"schema":{"@context":"https:\/\/schema.org","@graph":[{"@type":"Article","@id":"https:\/\/agenciainfra.com\/blog\/presidente-de-associacao-de-aereas-ve-futuro-imprevisivel-em-crise-sem-precedentes\/#article","isPartOf":{"@id":"https:\/\/agenciainfra.com\/blog\/presidente-de-associacao-de-aereas-ve-futuro-imprevisivel-em-crise-sem-precedentes\/"},"author":{"name":"Rodrigo Zuquim","@id":"https:\/\/agenciainfra.com\/blog\/#\/schema\/person\/04dbb79bd6d8951f063da71f3e4c1eb1"},"headline":"Presidente de associa\u00e7\u00e3o de a\u00e9reas v\u00ea futuro imprevis\u00edvel em &#8216;crise sem precedentes&#8217;","datePublished":"2020-03-21T16:00:43+00:00","mainEntityOfPage":{"@id":"https:\/\/agenciainfra.com\/blog\/presidente-de-associacao-de-aereas-ve-futuro-imprevisivel-em-crise-sem-precedentes\/"},"wordCount":826,"publisher":{"@id":"https:\/\/agenciainfra.com\/blog\/#organization"},"image":{"@id":"https:\/\/agenciainfra.com\/blog\/presidente-de-associacao-de-aereas-ve-futuro-imprevisivel-em-crise-sem-precedentes\/#primaryimage"},"thumbnailUrl":"https:\/\/agenciainfra.com\/blog\/wp-content\/uploads\/2020\/03\/eduardo-sanovicz-foto-pedro-franca-agencia-senado.jpg","keywords":["Abear","ANAC","coronav\u00edrus","Covid-19","Eduardo Sanovicz","Tarc\u00edsio de Freitas"],"articleSection":["iNFRATransporte"],"inLanguage":"pt-BR","copyrightYear":"2020","copyrightHolder":{"@id":"https:\/\/agenciainfra.com\/blog\/#organization"}},{"@type":"WebPage","@id":"https:\/\/agenciainfra.com\/blog\/presidente-de-associacao-de-aereas-ve-futuro-imprevisivel-em-crise-sem-precedentes\/","url":"https:\/\/agenciainfra.com\/blog\/presidente-de-associacao-de-aereas-ve-futuro-imprevisivel-em-crise-sem-precedentes\/","name":"Presidente de associa\u00e7\u00e3o de a\u00e9reas v\u00ea futuro imprevis\u00edvel em 'crise sem precedentes' - Ag\u00eancia iNFRA","isPartOf":{"@id":"https:\/\/agenciainfra.com\/blog\/#website"},"primaryImageOfPage":{"@id":"https:\/\/agenciainfra.com\/blog\/presidente-de-associacao-de-aereas-ve-futuro-imprevisivel-em-crise-sem-precedentes\/#primaryimage"},"image":{"@id":"https:\/\/agenciainfra.com\/blog\/presidente-de-associacao-de-aereas-ve-futuro-imprevisivel-em-crise-sem-precedentes\/#primaryimage"},"thumbnailUrl":"https:\/\/agenciainfra.com\/blog\/wp-content\/uploads\/2020\/03\/eduardo-sanovicz-foto-pedro-franca-agencia-senado.jpg","datePublished":"2020-03-21T16:00:43+00:00","breadcrumb":{"@id":"https:\/\/agenciainfra.com\/blog\/presidente-de-associacao-de-aereas-ve-futuro-imprevisivel-em-crise-sem-precedentes\/#breadcrumb"},"inLanguage":"pt-BR","potentialAction":[{"@type":"ReadAction","target":["https:\/\/agenciainfra.com\/blog\/presidente-de-associacao-de-aereas-ve-futuro-imprevisivel-em-crise-sem-precedentes\/"]}]},{"@type":"ImageObject","inLanguage":"pt-BR","@id":"https:\/\/agenciainfra.com\/blog\/presidente-de-associacao-de-aereas-ve-futuro-imprevisivel-em-crise-sem-precedentes\/#primaryimage","url":"https:\/\/agenciainfra.com\/blog\/wp-content\/uploads\/2020\/03\/eduardo-sanovicz-foto-pedro-franca-agencia-senado.jpg","contentUrl":"https:\/\/agenciainfra.com\/blog\/wp-content\/uploads\/2020\/03\/eduardo-sanovicz-foto-pedro-franca-agencia-senado.jpg","width":1280,"height":850},{"@type":"BreadcrumbList","@id":"https:\/\/agenciainfra.com\/blog\/presidente-de-associacao-de-aereas-ve-futuro-imprevisivel-em-crise-sem-precedentes\/#breadcrumb","itemListElement":[{"@type":"ListItem","position":1,"name":"In\u00edcio","item":"https:\/\/agenciainfra.com\/blog\/"},{"@type":"ListItem","position":2,"name":"Presidente de associa\u00e7\u00e3o de a\u00e9reas v\u00ea futuro imprevis\u00edvel em &#8216;crise sem precedentes&#8217;"}]},{"@type":"WebSite","@id":"https:\/\/agenciainfra.com\/blog\/#website","url":"https:\/\/agenciainfra.com\/blog\/","name":"Ag\u00eancia iNFRA","description":"Multiplataforma de informa\u00e7\u00e3o jornal\u00edstica refer\u00eancia na \u00e1rea de infraestrutura no Brasil!","publisher":{"@id":"https:\/\/agenciainfra.com\/blog\/#organization"},"potentialAction":[{"@type":"SearchAction","target":{"@type":"EntryPoint","urlTemplate":"https:\/\/agenciainfra.com\/blog\/?s={search_term_string}"},"query-input":{"@type":"PropertyValueSpecification","valueRequired":true,"valueName":"search_term_string"}}],"inLanguage":"pt-BR"},{"@type":"Organization","@id":"https:\/\/agenciainfra.com\/blog\/#organization","name":"Ag\u00eancia iNFRA","url":"https:\/\/agenciainfra.com\/blog\/","logo":{"@type":"ImageObject","inLanguage":"pt-BR","@id":"https:\/\/agenciainfra.com\/blog\/#\/schema\/logo\/image\/","url":"https:\/\/agenciainfra.com\/blog\/wp-content\/uploads\/2023\/09\/iNFRA_5-e1761735885940.png","contentUrl":"https:\/\/agenciainfra.com\/blog\/wp-content\/uploads\/2023\/09\/iNFRA_5-e1761735885940.png","width":1672,"height":454,"caption":"Ag\u00eancia iNFRA"},"image":{"@id":"https:\/\/agenciainfra.com\/blog\/#\/schema\/logo\/image\/"},"sameAs":["https:\/\/www.facebook.com\/ageninfra","https:\/\/x.com\/agencia_infra","https:\/\/www.linkedin.com\/company\/ag\u00eanciainfra\/","https:\/\/www.instagram.com\/agenciainfra\/"]},{"@type":"Person","@id":"https:\/\/agenciainfra.com\/blog\/#\/schema\/person\/04dbb79bd6d8951f063da71f3e4c1eb1","name":"Rodrigo Zuquim","image":{"@type":"ImageObject","inLanguage":"pt-BR","@id":"https:\/\/agenciainfra.com\/blog\/#\/schema\/person\/image\/","url":"https:\/\/secure.gravatar.com\/avatar\/594abfe82761d620726242ff34ca472a705a4b97f16c790053a6b4c4035274d0?s=96&d=mm&r=g","contentUrl":"https:\/\/secure.gravatar.com\/avatar\/594abfe82761d620726242ff34ca472a705a4b97f16c790053a6b4c4035274d0?s=96&d=mm&r=g","caption":"Rodrigo Zuquim"},"url":"https:\/\/agenciainfra.com\/blog\/author\/rodrigo-zuquim\/"}]}},"_links":{"self":[{"href":"https:\/\/agenciainfra.com\/blog\/wp-json\/wp\/v2\/posts\/4582","targetHints":{"allow":["GET"]}}],"collection":[{"href":"https:\/\/agenciainfra.com\/blog\/wp-json\/wp\/v2\/posts"}],"about":[{"href":"https:\/\/agenciainfra.com\/blog\/wp-json\/wp\/v2\/types\/post"}],"author":[{"embeddable":true,"href":"https:\/\/agenciainfra.com\/blog\/wp-json\/wp\/v2\/users\/9"}],"replies":[{"embeddable":true,"href":"https:\/\/agenciainfra.com\/blog\/wp-json\/wp\/v2\/comments?post=4582"}],"version-history":[{"count":0,"href":"https:\/\/agenciainfra.com\/blog\/wp-json\/wp\/v2\/posts\/4582\/revisions"}],"wp:featuredmedia":[{"embeddable":true,"href":"https:\/\/agenciainfra.com\/blog\/wp-json\/wp\/v2\/media\/4583"}],"wp:attachment":[{"href":"https:\/\/agenciainfra.com\/blog\/wp-json\/wp\/v2\/media?parent=4582"}],"wp:term":[{"taxonomy":"category","embeddable":true,"href":"https:\/\/agenciainfra.com\/blog\/wp-json\/wp\/v2\/categories?post=4582"},{"taxonomy":"post_tag","embeddable":true,"href":"https:\/\/agenciainfra.com\/blog\/wp-json\/wp\/v2\/tags?post=4582"}],"curies":[{"name":"wp","href":"https:\/\/api.w.org\/{rel}","templated":true}]}}