{"id":4593,"date":"2020-03-23T08:00:40","date_gmt":"2020-03-23T11:00:40","guid":{"rendered":"http:\/\/www.agenciainfra.com\/blog\/?p=4593"},"modified":"2020-03-20T18:23:30","modified_gmt":"2020-03-20T21:23:30","slug":"sabatina-de-diretores-da-anac-no-senado-continua-sem-previsao-de-ocorrer","status":"publish","type":"post","link":"https:\/\/agenciainfra.com\/blog\/sabatina-de-diretores-da-anac-no-senado-continua-sem-previsao-de-ocorrer\/","title":{"rendered":"Sabatina de diretores da ANAC no Senado continua sem previs\u00e3o de ocorrer"},"content":{"rendered":"<h5 style=\"text-align: right;\"><strong>Tales Silveira, da\u00a0Ag\u00eancia iNFRA<\/strong><\/h5>\n<p dir=\"ltr\">As indica\u00e7\u00f5es de Ricardo Bisinotto Catanant e Thiago Costa Monteiro Caldeira para vagas de diretor na ANAC (Ag\u00eancia Nacional de Avia\u00e7\u00e3o Civil) continuam sem previs\u00e3o de vota\u00e7\u00e3o no Senado. Foi isso que afirmou, na semana passada, o presidente da CI (Comiss\u00e3o de Infraestrutura), senador Marcos Rog\u00e9rio (DEM-RO), comiss\u00e3o onde ocorre a sabatina, procedimento que precede a vota\u00e7\u00e3o pelo plen\u00e1rio para a confirma\u00e7\u00e3o ou n\u00e3o do nome dos indicados.<\/p>\n<p>\u201cN\u00e3o tem qu\u00f3rum para deliberar nem resolu\u00e7\u00e3o. Fizemos uma tentativa para fazer vota\u00e7\u00f5es remotas e n\u00e3o conseguimos, mais uma vez, atingir o qu\u00f3rum. Essas indica\u00e7\u00f5es ainda precisam ser despachadas e, por causa disso, n\u00e3o tenho nem previs\u00e3o de quando iremos deliberar sobre esse tema\u201d, disse.<\/p>\n<p>As indica\u00e7\u00f5es feitas pelo presidente Jair Bolsonaro foram encaminhadas em novembro do ano passado e, desde ent\u00e3o, continuam travadas pelo presidente do Senado, Davi Alcolumbre (DEM-AP). At\u00e9 o momento, os despachos ainda n\u00e3o foram lidos e continuam sem aparecer no sistema do Senado.<\/p>\n<p>Na \u00faltima ter\u00e7a-feira (17), Bolsonaro mandou para o Senado o nome de dois novos indicados a diretorias de ag\u00eancias, H\u00e9lvio Guerra (ANEEL \u2013 Ag\u00eancia Nacional de Energia El\u00e9trica) e Rodolfo Henrique de Saboia (diretoria-geral da ANP \u2013 Ag\u00eancia Nacional do Petr\u00f3leo, G\u00e1s Natural e Biocombust\u00edveis). Mas h\u00e1 outras cinco vagas abertas de diretores das ag\u00eancias reguladoras ANAC, ANTAQ (Ag\u00eancia Nacional de Transportes Aquavi\u00e1rios) e ANTT (Ag\u00eancia Nacional de Transportes Terrestres) ainda sem indica\u00e7\u00f5es encaminhadas.<\/p>\n<p><strong>Processo<\/strong><br \/>\nAssim que forem despachadas pela mesa diretora, as indica\u00e7\u00f5es tramitar\u00e3o na CI em forma de PL (Projeto de Lei). Segundo Rog\u00e9rio, nenhuma designa\u00e7\u00e3o de um poss\u00edvel relator ainda foi pensada pela comiss\u00e3o.<\/p>\n<p>\u201cAinda n\u00e3o chegou nada. A relatoria desses processos eu s\u00f3 irei decidir depois que as indica\u00e7\u00f5es chegarem\u201d, finalizou.<\/p>\n<p><strong>Impactos\u00a0<\/strong><br \/>\nO presidente da CI comentou ainda sobre os impactos do coronav\u00edrus nas delibera\u00e7\u00f5es a respeito de projetos relacionados \u00e0 infraestrutura do pa\u00eds.<\/p>\n<p>\u201cTemos temas estruturantes como o GSF, o PL 232, Marco do Saneamento e Marco das Ferrovias, enfim, assuntos important\u00edssimos que, agora, est\u00e3o parados. Esse coronav\u00edrus vai potencializar a crise econ\u00f4mica e pol\u00edtica que vivemos. O momento agora \u00e9 de botar de lado as diferen\u00e7as e chamar uma agenda nacional. Depois podemos voltar a brigar\u201d, explicou.<\/p>\n","protected":false},"excerpt":{"rendered":"<p>Tales Silveira, da\u00a0Ag\u00eancia iNFRA As indica\u00e7\u00f5es de Ricardo Bisinotto Catanant e Thiago Costa Monteiro Caldeira para vagas de diretor na ANAC (Ag\u00eancia Nacional de Avia\u00e7\u00e3o Civil) continuam sem previs\u00e3o de vota\u00e7\u00e3o no Senado. Foi isso que afirmou, na semana passada, o presidente da CI (Comiss\u00e3o de Infraestrutura), senador Marcos Rog\u00e9rio (DEM-RO), comiss\u00e3o onde ocorre a [&hellip;]<\/p>\n","protected":false},"author":9,"featured_media":4594,"comment_status":"closed","ping_status":"closed","sticky":false,"template":"","format":"standard","meta":{"_monsterinsights_skip_tracking":false,"_monsterinsights_sitenote_active":false,"_monsterinsights_sitenote_note":"","_monsterinsights_sitenote_category":0,"footnotes":""},"categories":[7],"tags":[242,1193,1586,1589],"class_list":["post-4593","post","type-post","status-publish","format-standard","has-post-thumbnail","hentry","category-infratransporte","tag-anac","tag-marcos-rogerio","tag-ricardo-bisinotto-catanant","tag-thiago-costa-monteiro-caldeira"],"yoast_head":"<!-- This site is optimized with the Yoast SEO Premium plugin v25.4 (Yoast SEO v26.0) - https:\/\/yoast.com\/wordpress\/plugins\/seo\/ -->\n<title>Sabatina de diretores da ANAC no Senado continua sem previs\u00e3o de ocorrer - Ag\u00eancia iNFRA<\/title>\n<meta name=\"robots\" content=\"index, follow, max-snippet:-1, max-image-preview:large, max-video-preview:-1\" \/>\n<link rel=\"canonical\" href=\"https:\/\/agenciainfra.com\/blog\/sabatina-de-diretores-da-anac-no-senado-continua-sem-previsao-de-ocorrer\/\" \/>\n<meta property=\"og:locale\" content=\"pt_BR\" \/>\n<meta property=\"og:type\" content=\"article\" \/>\n<meta property=\"og:title\" content=\"Sabatina de diretores da ANAC no Senado continua sem previs\u00e3o de ocorrer\" \/>\n<meta property=\"og:description\" content=\"Tales Silveira, da\u00a0Ag\u00eancia iNFRA As indica\u00e7\u00f5es de Ricardo Bisinotto Catanant e Thiago Costa Monteiro Caldeira para vagas de diretor na ANAC (Ag\u00eancia Nacional de Avia\u00e7\u00e3o Civil) continuam sem previs\u00e3o de vota\u00e7\u00e3o no Senado. Foi isso que afirmou, na semana passada, o presidente da CI (Comiss\u00e3o de Infraestrutura), senador Marcos Rog\u00e9rio (DEM-RO), comiss\u00e3o onde ocorre a [&hellip;]\" \/>\n<meta property=\"og:url\" content=\"https:\/\/agenciainfra.com\/blog\/sabatina-de-diretores-da-anac-no-senado-continua-sem-previsao-de-ocorrer\/\" \/>\n<meta property=\"og:site_name\" content=\"Ag\u00eancia iNFRA\" \/>\n<meta property=\"article:publisher\" content=\"https:\/\/www.facebook.com\/ageninfra\" \/>\n<meta property=\"article:published_time\" content=\"2020-03-23T11:00:40+00:00\" \/>\n<meta property=\"og:image\" content=\"https:\/\/agenciainfra.com\/blog\/wp-content\/uploads\/2020\/03\/marcos-rogerio-foto-geraldo-magela-agencia-senado.jpg\" \/>\n\t<meta property=\"og:image:width\" content=\"1280\" \/>\n\t<meta property=\"og:image:height\" content=\"853\" \/>\n\t<meta property=\"og:image:type\" content=\"image\/jpeg\" \/>\n<meta name=\"author\" content=\"Rodrigo Zuquim\" \/>\n<meta name=\"twitter:card\" content=\"summary_large_image\" \/>\n<meta name=\"twitter:creator\" content=\"@agencia_infra\" \/>\n<meta name=\"twitter:site\" content=\"@agencia_infra\" \/>\n<meta name=\"twitter:label1\" content=\"Escrito por\" \/>\n\t<meta name=\"twitter:data1\" content=\"Rodrigo Zuquim\" \/>\n\t<meta name=\"twitter:label2\" content=\"Est. tempo de leitura\" \/>\n\t<meta name=\"twitter:data2\" content=\"2 minutos\" \/>\n<script type=\"application\/ld+json\" class=\"yoast-schema-graph\">{\"@context\":\"https:\/\/schema.org\",\"@graph\":[{\"@type\":\"Article\",\"@id\":\"https:\/\/agenciainfra.com\/blog\/sabatina-de-diretores-da-anac-no-senado-continua-sem-previsao-de-ocorrer\/#article\",\"isPartOf\":{\"@id\":\"https:\/\/agenciainfra.com\/blog\/sabatina-de-diretores-da-anac-no-senado-continua-sem-previsao-de-ocorrer\/\"},\"author\":{\"name\":\"Rodrigo Zuquim\",\"@id\":\"https:\/\/agenciainfra.com\/blog\/#\/schema\/person\/04dbb79bd6d8951f063da71f3e4c1eb1\"},\"headline\":\"Sabatina de diretores da ANAC no Senado continua sem previs\u00e3o de ocorrer\",\"datePublished\":\"2020-03-23T11:00:40+00:00\",\"mainEntityOfPage\":{\"@id\":\"https:\/\/agenciainfra.com\/blog\/sabatina-de-diretores-da-anac-no-senado-continua-sem-previsao-de-ocorrer\/\"},\"wordCount\":427,\"publisher\":{\"@id\":\"https:\/\/agenciainfra.com\/blog\/#organization\"},\"image\":{\"@id\":\"https:\/\/agenciainfra.com\/blog\/sabatina-de-diretores-da-anac-no-senado-continua-sem-previsao-de-ocorrer\/#primaryimage\"},\"thumbnailUrl\":\"https:\/\/agenciainfra.com\/blog\/wp-content\/uploads\/2020\/03\/marcos-rogerio-foto-geraldo-magela-agencia-senado.jpg\",\"keywords\":[\"ANAC\",\"Marcos Rog\u00e9rio\",\"Ricardo Bisinotto Catanant\",\"Thiago Costa Monteiro Caldeira\"],\"articleSection\":[\"iNFRATransporte\"],\"inLanguage\":\"pt-BR\",\"copyrightYear\":\"2020\",\"copyrightHolder\":{\"@id\":\"https:\/\/agenciainfra.com\/blog\/#organization\"}},{\"@type\":\"WebPage\",\"@id\":\"https:\/\/agenciainfra.com\/blog\/sabatina-de-diretores-da-anac-no-senado-continua-sem-previsao-de-ocorrer\/\",\"url\":\"https:\/\/agenciainfra.com\/blog\/sabatina-de-diretores-da-anac-no-senado-continua-sem-previsao-de-ocorrer\/\",\"name\":\"Sabatina de diretores da ANAC no Senado continua sem previs\u00e3o de ocorrer - Ag\u00eancia iNFRA\",\"isPartOf\":{\"@id\":\"https:\/\/agenciainfra.com\/blog\/#website\"},\"primaryImageOfPage\":{\"@id\":\"https:\/\/agenciainfra.com\/blog\/sabatina-de-diretores-da-anac-no-senado-continua-sem-previsao-de-ocorrer\/#primaryimage\"},\"image\":{\"@id\":\"https:\/\/agenciainfra.com\/blog\/sabatina-de-diretores-da-anac-no-senado-continua-sem-previsao-de-ocorrer\/#primaryimage\"},\"thumbnailUrl\":\"https:\/\/agenciainfra.com\/blog\/wp-content\/uploads\/2020\/03\/marcos-rogerio-foto-geraldo-magela-agencia-senado.jpg\",\"datePublished\":\"2020-03-23T11:00:40+00:00\",\"breadcrumb\":{\"@id\":\"https:\/\/agenciainfra.com\/blog\/sabatina-de-diretores-da-anac-no-senado-continua-sem-previsao-de-ocorrer\/#breadcrumb\"},\"inLanguage\":\"pt-BR\",\"potentialAction\":[{\"@type\":\"ReadAction\",\"target\":[\"https:\/\/agenciainfra.com\/blog\/sabatina-de-diretores-da-anac-no-senado-continua-sem-previsao-de-ocorrer\/\"]}]},{\"@type\":\"ImageObject\",\"inLanguage\":\"pt-BR\",\"@id\":\"https:\/\/agenciainfra.com\/blog\/sabatina-de-diretores-da-anac-no-senado-continua-sem-previsao-de-ocorrer\/#primaryimage\",\"url\":\"https:\/\/agenciainfra.com\/blog\/wp-content\/uploads\/2020\/03\/marcos-rogerio-foto-geraldo-magela-agencia-senado.jpg\",\"contentUrl\":\"https:\/\/agenciainfra.com\/blog\/wp-content\/uploads\/2020\/03\/marcos-rogerio-foto-geraldo-magela-agencia-senado.jpg\",\"width\":1280,\"height\":853},{\"@type\":\"BreadcrumbList\",\"@id\":\"https:\/\/agenciainfra.com\/blog\/sabatina-de-diretores-da-anac-no-senado-continua-sem-previsao-de-ocorrer\/#breadcrumb\",\"itemListElement\":[{\"@type\":\"ListItem\",\"position\":1,\"name\":\"In\u00edcio\",\"item\":\"https:\/\/agenciainfra.com\/blog\/\"},{\"@type\":\"ListItem\",\"position\":2,\"name\":\"Sabatina de diretores da ANAC no Senado continua sem previs\u00e3o de ocorrer\"}]},{\"@type\":\"WebSite\",\"@id\":\"https:\/\/agenciainfra.com\/blog\/#website\",\"url\":\"https:\/\/agenciainfra.com\/blog\/\",\"name\":\"Ag\u00eancia iNFRA\",\"description\":\"Multiplataforma de informa\u00e7\u00e3o jornal\u00edstica refer\u00eancia na \u00e1rea de infraestrutura no Brasil!\",\"publisher\":{\"@id\":\"https:\/\/agenciainfra.com\/blog\/#organization\"},\"potentialAction\":[{\"@type\":\"SearchAction\",\"target\":{\"@type\":\"EntryPoint\",\"urlTemplate\":\"https:\/\/agenciainfra.com\/blog\/?s={search_term_string}\"},\"query-input\":{\"@type\":\"PropertyValueSpecification\",\"valueRequired\":true,\"valueName\":\"search_term_string\"}}],\"inLanguage\":\"pt-BR\"},{\"@type\":\"Organization\",\"@id\":\"https:\/\/agenciainfra.com\/blog\/#organization\",\"name\":\"Ag\u00eancia iNFRA\",\"url\":\"https:\/\/agenciainfra.com\/blog\/\",\"logo\":{\"@type\":\"ImageObject\",\"inLanguage\":\"pt-BR\",\"@id\":\"https:\/\/agenciainfra.com\/blog\/#\/schema\/logo\/image\/\",\"url\":\"https:\/\/agenciainfra.com\/blog\/wp-content\/uploads\/2023\/09\/iNFRA_5-e1761735885940.png\",\"contentUrl\":\"https:\/\/agenciainfra.com\/blog\/wp-content\/uploads\/2023\/09\/iNFRA_5-e1761735885940.png\",\"width\":1672,\"height\":454,\"caption\":\"Ag\u00eancia iNFRA\"},\"image\":{\"@id\":\"https:\/\/agenciainfra.com\/blog\/#\/schema\/logo\/image\/\"},\"sameAs\":[\"https:\/\/www.facebook.com\/ageninfra\",\"https:\/\/x.com\/agencia_infra\",\"https:\/\/www.linkedin.com\/company\/ag\u00eanciainfra\/\",\"https:\/\/www.instagram.com\/agenciainfra\/\"]},{\"@type\":\"Person\",\"@id\":\"https:\/\/agenciainfra.com\/blog\/#\/schema\/person\/04dbb79bd6d8951f063da71f3e4c1eb1\",\"name\":\"Rodrigo Zuquim\",\"image\":{\"@type\":\"ImageObject\",\"inLanguage\":\"pt-BR\",\"@id\":\"https:\/\/agenciainfra.com\/blog\/#\/schema\/person\/image\/\",\"url\":\"https:\/\/secure.gravatar.com\/avatar\/594abfe82761d620726242ff34ca472a705a4b97f16c790053a6b4c4035274d0?s=96&d=mm&r=g\",\"contentUrl\":\"https:\/\/secure.gravatar.com\/avatar\/594abfe82761d620726242ff34ca472a705a4b97f16c790053a6b4c4035274d0?s=96&d=mm&r=g\",\"caption\":\"Rodrigo Zuquim\"},\"url\":\"https:\/\/agenciainfra.com\/blog\/author\/rodrigo-zuquim\/\"}]}<\/script>\n<!-- \/ Yoast SEO Premium plugin. -->","yoast_head_json":{"title":"Sabatina de diretores da ANAC no Senado continua sem previs\u00e3o de ocorrer - Ag\u00eancia iNFRA","robots":{"index":"index","follow":"follow","max-snippet":"max-snippet:-1","max-image-preview":"max-image-preview:large","max-video-preview":"max-video-preview:-1"},"canonical":"https:\/\/agenciainfra.com\/blog\/sabatina-de-diretores-da-anac-no-senado-continua-sem-previsao-de-ocorrer\/","og_locale":"pt_BR","og_type":"article","og_title":"Sabatina de diretores da ANAC no Senado continua sem previs\u00e3o de ocorrer","og_description":"Tales Silveira, da\u00a0Ag\u00eancia iNFRA As indica\u00e7\u00f5es de Ricardo Bisinotto Catanant e Thiago Costa Monteiro Caldeira para vagas de diretor na ANAC (Ag\u00eancia Nacional de Avia\u00e7\u00e3o Civil) continuam sem previs\u00e3o de vota\u00e7\u00e3o no Senado. Foi isso que afirmou, na semana passada, o presidente da CI (Comiss\u00e3o de Infraestrutura), senador Marcos Rog\u00e9rio (DEM-RO), comiss\u00e3o onde ocorre a [&hellip;]","og_url":"https:\/\/agenciainfra.com\/blog\/sabatina-de-diretores-da-anac-no-senado-continua-sem-previsao-de-ocorrer\/","og_site_name":"Ag\u00eancia iNFRA","article_publisher":"https:\/\/www.facebook.com\/ageninfra","article_published_time":"2020-03-23T11:00:40+00:00","og_image":[{"width":1280,"height":853,"url":"https:\/\/agenciainfra.com\/blog\/wp-content\/uploads\/2020\/03\/marcos-rogerio-foto-geraldo-magela-agencia-senado.jpg","type":"image\/jpeg"}],"author":"Rodrigo Zuquim","twitter_card":"summary_large_image","twitter_creator":"@agencia_infra","twitter_site":"@agencia_infra","twitter_misc":{"Escrito por":"Rodrigo Zuquim","Est. tempo de leitura":"2 minutos"},"schema":{"@context":"https:\/\/schema.org","@graph":[{"@type":"Article","@id":"https:\/\/agenciainfra.com\/blog\/sabatina-de-diretores-da-anac-no-senado-continua-sem-previsao-de-ocorrer\/#article","isPartOf":{"@id":"https:\/\/agenciainfra.com\/blog\/sabatina-de-diretores-da-anac-no-senado-continua-sem-previsao-de-ocorrer\/"},"author":{"name":"Rodrigo Zuquim","@id":"https:\/\/agenciainfra.com\/blog\/#\/schema\/person\/04dbb79bd6d8951f063da71f3e4c1eb1"},"headline":"Sabatina de diretores da ANAC no Senado continua sem previs\u00e3o de ocorrer","datePublished":"2020-03-23T11:00:40+00:00","mainEntityOfPage":{"@id":"https:\/\/agenciainfra.com\/blog\/sabatina-de-diretores-da-anac-no-senado-continua-sem-previsao-de-ocorrer\/"},"wordCount":427,"publisher":{"@id":"https:\/\/agenciainfra.com\/blog\/#organization"},"image":{"@id":"https:\/\/agenciainfra.com\/blog\/sabatina-de-diretores-da-anac-no-senado-continua-sem-previsao-de-ocorrer\/#primaryimage"},"thumbnailUrl":"https:\/\/agenciainfra.com\/blog\/wp-content\/uploads\/2020\/03\/marcos-rogerio-foto-geraldo-magela-agencia-senado.jpg","keywords":["ANAC","Marcos Rog\u00e9rio","Ricardo Bisinotto Catanant","Thiago Costa Monteiro Caldeira"],"articleSection":["iNFRATransporte"],"inLanguage":"pt-BR","copyrightYear":"2020","copyrightHolder":{"@id":"https:\/\/agenciainfra.com\/blog\/#organization"}},{"@type":"WebPage","@id":"https:\/\/agenciainfra.com\/blog\/sabatina-de-diretores-da-anac-no-senado-continua-sem-previsao-de-ocorrer\/","url":"https:\/\/agenciainfra.com\/blog\/sabatina-de-diretores-da-anac-no-senado-continua-sem-previsao-de-ocorrer\/","name":"Sabatina de diretores da ANAC no Senado continua sem previs\u00e3o de ocorrer - Ag\u00eancia iNFRA","isPartOf":{"@id":"https:\/\/agenciainfra.com\/blog\/#website"},"primaryImageOfPage":{"@id":"https:\/\/agenciainfra.com\/blog\/sabatina-de-diretores-da-anac-no-senado-continua-sem-previsao-de-ocorrer\/#primaryimage"},"image":{"@id":"https:\/\/agenciainfra.com\/blog\/sabatina-de-diretores-da-anac-no-senado-continua-sem-previsao-de-ocorrer\/#primaryimage"},"thumbnailUrl":"https:\/\/agenciainfra.com\/blog\/wp-content\/uploads\/2020\/03\/marcos-rogerio-foto-geraldo-magela-agencia-senado.jpg","datePublished":"2020-03-23T11:00:40+00:00","breadcrumb":{"@id":"https:\/\/agenciainfra.com\/blog\/sabatina-de-diretores-da-anac-no-senado-continua-sem-previsao-de-ocorrer\/#breadcrumb"},"inLanguage":"pt-BR","potentialAction":[{"@type":"ReadAction","target":["https:\/\/agenciainfra.com\/blog\/sabatina-de-diretores-da-anac-no-senado-continua-sem-previsao-de-ocorrer\/"]}]},{"@type":"ImageObject","inLanguage":"pt-BR","@id":"https:\/\/agenciainfra.com\/blog\/sabatina-de-diretores-da-anac-no-senado-continua-sem-previsao-de-ocorrer\/#primaryimage","url":"https:\/\/agenciainfra.com\/blog\/wp-content\/uploads\/2020\/03\/marcos-rogerio-foto-geraldo-magela-agencia-senado.jpg","contentUrl":"https:\/\/agenciainfra.com\/blog\/wp-content\/uploads\/2020\/03\/marcos-rogerio-foto-geraldo-magela-agencia-senado.jpg","width":1280,"height":853},{"@type":"BreadcrumbList","@id":"https:\/\/agenciainfra.com\/blog\/sabatina-de-diretores-da-anac-no-senado-continua-sem-previsao-de-ocorrer\/#breadcrumb","itemListElement":[{"@type":"ListItem","position":1,"name":"In\u00edcio","item":"https:\/\/agenciainfra.com\/blog\/"},{"@type":"ListItem","position":2,"name":"Sabatina de diretores da ANAC no Senado continua sem previs\u00e3o de ocorrer"}]},{"@type":"WebSite","@id":"https:\/\/agenciainfra.com\/blog\/#website","url":"https:\/\/agenciainfra.com\/blog\/","name":"Ag\u00eancia iNFRA","description":"Multiplataforma de informa\u00e7\u00e3o jornal\u00edstica refer\u00eancia na \u00e1rea de infraestrutura no Brasil!","publisher":{"@id":"https:\/\/agenciainfra.com\/blog\/#organization"},"potentialAction":[{"@type":"SearchAction","target":{"@type":"EntryPoint","urlTemplate":"https:\/\/agenciainfra.com\/blog\/?s={search_term_string}"},"query-input":{"@type":"PropertyValueSpecification","valueRequired":true,"valueName":"search_term_string"}}],"inLanguage":"pt-BR"},{"@type":"Organization","@id":"https:\/\/agenciainfra.com\/blog\/#organization","name":"Ag\u00eancia iNFRA","url":"https:\/\/agenciainfra.com\/blog\/","logo":{"@type":"ImageObject","inLanguage":"pt-BR","@id":"https:\/\/agenciainfra.com\/blog\/#\/schema\/logo\/image\/","url":"https:\/\/agenciainfra.com\/blog\/wp-content\/uploads\/2023\/09\/iNFRA_5-e1761735885940.png","contentUrl":"https:\/\/agenciainfra.com\/blog\/wp-content\/uploads\/2023\/09\/iNFRA_5-e1761735885940.png","width":1672,"height":454,"caption":"Ag\u00eancia iNFRA"},"image":{"@id":"https:\/\/agenciainfra.com\/blog\/#\/schema\/logo\/image\/"},"sameAs":["https:\/\/www.facebook.com\/ageninfra","https:\/\/x.com\/agencia_infra","https:\/\/www.linkedin.com\/company\/ag\u00eanciainfra\/","https:\/\/www.instagram.com\/agenciainfra\/"]},{"@type":"Person","@id":"https:\/\/agenciainfra.com\/blog\/#\/schema\/person\/04dbb79bd6d8951f063da71f3e4c1eb1","name":"Rodrigo Zuquim","image":{"@type":"ImageObject","inLanguage":"pt-BR","@id":"https:\/\/agenciainfra.com\/blog\/#\/schema\/person\/image\/","url":"https:\/\/secure.gravatar.com\/avatar\/594abfe82761d620726242ff34ca472a705a4b97f16c790053a6b4c4035274d0?s=96&d=mm&r=g","contentUrl":"https:\/\/secure.gravatar.com\/avatar\/594abfe82761d620726242ff34ca472a705a4b97f16c790053a6b4c4035274d0?s=96&d=mm&r=g","caption":"Rodrigo Zuquim"},"url":"https:\/\/agenciainfra.com\/blog\/author\/rodrigo-zuquim\/"}]}},"_links":{"self":[{"href":"https:\/\/agenciainfra.com\/blog\/wp-json\/wp\/v2\/posts\/4593","targetHints":{"allow":["GET"]}}],"collection":[{"href":"https:\/\/agenciainfra.com\/blog\/wp-json\/wp\/v2\/posts"}],"about":[{"href":"https:\/\/agenciainfra.com\/blog\/wp-json\/wp\/v2\/types\/post"}],"author":[{"embeddable":true,"href":"https:\/\/agenciainfra.com\/blog\/wp-json\/wp\/v2\/users\/9"}],"replies":[{"embeddable":true,"href":"https:\/\/agenciainfra.com\/blog\/wp-json\/wp\/v2\/comments?post=4593"}],"version-history":[{"count":0,"href":"https:\/\/agenciainfra.com\/blog\/wp-json\/wp\/v2\/posts\/4593\/revisions"}],"wp:featuredmedia":[{"embeddable":true,"href":"https:\/\/agenciainfra.com\/blog\/wp-json\/wp\/v2\/media\/4594"}],"wp:attachment":[{"href":"https:\/\/agenciainfra.com\/blog\/wp-json\/wp\/v2\/media?parent=4593"}],"wp:term":[{"taxonomy":"category","embeddable":true,"href":"https:\/\/agenciainfra.com\/blog\/wp-json\/wp\/v2\/categories?post=4593"},{"taxonomy":"post_tag","embeddable":true,"href":"https:\/\/agenciainfra.com\/blog\/wp-json\/wp\/v2\/tags?post=4593"}],"curies":[{"name":"wp","href":"https:\/\/api.w.org\/{rel}","templated":true}]}}