{"id":4602,"date":"2020-03-24T13:00:18","date_gmt":"2020-03-24T16:00:18","guid":{"rendered":"http:\/\/www.agenciainfra.com\/blog\/?p=4602"},"modified":"2020-03-24T07:43:41","modified_gmt":"2020-03-24T10:43:41","slug":"justica-revoga-decisao-que-suspendia-pagamento-de-taxas-para-conteiner-de-importacao","status":"publish","type":"post","link":"https:\/\/agenciainfra.com\/blog\/justica-revoga-decisao-que-suspendia-pagamento-de-taxas-para-conteiner-de-importacao\/","title":{"rendered":"Justi\u00e7a revoga decis\u00e3o que suspendia pagamento de taxas para cont\u00eainer de importa\u00e7\u00e3o"},"content":{"rendered":"<h5 style=\"text-align: right;\"><strong>Dimmi Amora, da Ag\u00eancia iNFRA<\/strong><\/h5>\n<p dir=\"ltr\">A 14\u00aa Vara Federal C\u00edvel do Distrito Federal revogou liminar que suspendeu para as empresas Multilog e Elog os efeitos da Resolu\u00e7\u00e3o Normativa 34 da ANTAQ (Ag\u00eancia Nacional de Transportes Aquavi\u00e1rios), que regulamenta o SSE (Servi\u00e7o de Segrega\u00e7\u00e3o e Entrega), tamb\u00e9m chamado de THC2. A decis\u00e3o est\u00e1 <a href=\"https:\/\/agenciainfra.us14.list-manage.com\/track\/click?u=d460dd1bcf9ba0ae040e1fc0f&amp;id=a69b2b85f3&amp;e=c099169394\" target=\"_blank\" rel=\"noopener noreferrer\" data-saferedirecturl=\"https:\/\/www.google.com\/url?q=https:\/\/agenciainfra.us14.list-manage.com\/track\/click?u%3Dd460dd1bcf9ba0ae040e1fc0f%26id%3Da69b2b85f3%26e%3Dc099169394&amp;source=gmail&amp;ust=1585067843407000&amp;usg=AFQjCNEF5iSAkDQVenzpGDmGMtx5-csdSQ\">neste link<\/a>.<\/p>\n<p dir=\"ltr\">As empresas obtiveram a decis\u00e3o na 22\u00aa Vara Federal C\u00edvel da Justi\u00e7a Federal do Distrito Federal, no final de fevereiro. Na ocasi\u00e3o, a ANTAQ interpretou que a decis\u00e3o tinha validade apenas para essas empresas, que entraram com a\u00e7\u00e3o diretamente contra a ag\u00eancia e n\u00e3o contra as empresas que cobram a taxa.<\/p>\n<p dir=\"ltr\">Segundo o juiz Manoel Pedro Martins de Castro, da 22\u00aa Vara, a ANTAQ deveria ter feito uma AIR (An\u00e1lise de Impacto Regulat\u00f3rio) antes de publicar a RN 34, mesmo com a ag\u00eancia informando que houve an\u00e1lises semelhantes antes da introdu\u00e7\u00e3o da norma.<\/p>\n<p>A decis\u00e3o, contudo, trouxe certo n\u00edvel de confus\u00e3o no mercado. Ao decidir, o juiz informou que a ANTAQ n\u00e3o poderia cobrar o SSE, quando na verdade quem faz a cobran\u00e7a s\u00e3o os terminais e n\u00e3o a ag\u00eancia. A senten\u00e7a est\u00e1 dispon\u00edvel\u00a0<a href=\"https:\/\/agenciainfra.us14.list-manage.com\/track\/click?u=d460dd1bcf9ba0ae040e1fc0f&amp;id=5fb6772bdc&amp;e=c099169394\" target=\"_blank\" rel=\"noopener noreferrer\" data-saferedirecturl=\"https:\/\/www.google.com\/url?q=https:\/\/agenciainfra.us14.list-manage.com\/track\/click?u%3Dd460dd1bcf9ba0ae040e1fc0f%26id%3D5fb6772bdc%26e%3Dc099169394&amp;source=gmail&amp;ust=1585067843605000&amp;usg=AFQjCNG5j4CuoR4rBRlNrnEzsnlwOPpQXA\">neste link<\/a>.<\/p>\n<p dir=\"ltr\">A decis\u00e3o do ju\u00edzo da 14\u00aa Vara, que revogou a anterior, admitiu a Abratec (Associa\u00e7\u00e3o Brasileira dos Terminais de Cont\u00eaineres) no processo. Segundo o advogado Rafael Schwind, do escrit\u00f3rio Justen, Pereira, Oliveira &amp; Talamini, que representa a associa\u00e7\u00e3o, a 14\u00aa Vara passou a ser a que decidir\u00e1 sobre esses temas, visto ter sido a que tomou a primeira decis\u00e3o a respeito do assunto.<\/p>\n<p dir=\"ltr\">Schwind afirmou que houve pedidos de empresas retroalfandegadas em v\u00e1rios locais para tentar fazer com que a cobran\u00e7a n\u00e3o fosse paga, mas n\u00e3o h\u00e1 mais decis\u00f5es que impe\u00e7am a cobran\u00e7a.<\/p>\n<p>O advogado afirmou que, de acordo com conversas que mant\u00e9m com empresas, elas seguem determinadas a investir no pa\u00eds mesmo diante da incerteza causada pela quest\u00e3o do SSE, que se arrasta h\u00e1 quase duas d\u00e9cadas. Isso porque, segundo ele, o mercado \u00e9 altamente competitivo e n\u00e3o \u00e9 poss\u00edvel parar de avan\u00e7ar.<\/p>\n<p>&#8220;Mas esse tipo de a\u00e7\u00e3o gera inseguran\u00e7a jur\u00eddica e, de alguma maneira, cria um desincentivo para os investimentos&#8221;, afirmou Schwind.<\/p>\n<p dir=\"ltr\"><strong>A\u00e7\u00f5es<\/strong><\/p>\n<p dir=\"ltr\">H\u00e1 pelo menos outras seis a\u00e7\u00f5es do tipo em tramita\u00e7\u00e3o por diversas varas federais, parte delas apresentada\u00a0<a href=\"https:\/\/agenciainfra.us14.list-manage.com\/track\/click?u=d460dd1bcf9ba0ae040e1fc0f&amp;id=c08893c922&amp;e=c099169394\" target=\"_blank\" rel=\"noopener noreferrer\" data-saferedirecturl=\"https:\/\/www.google.com\/url?q=https:\/\/agenciainfra.us14.list-manage.com\/track\/click?u%3Dd460dd1bcf9ba0ae040e1fc0f%26id%3Dc08893c922%26e%3Dc099169394&amp;source=gmail&amp;ust=1585067843605000&amp;usg=AFQjCNFY10x72fQj7lSFow2qVpBQyrynkA\">nesta reportagem da\u00a0<strong>Ag\u00eancia iNFRA<\/strong>\u00a0sobre o tema<\/a>. Em duas, os terminais retroalfandegados conseguiram liminares para n\u00e3o fazer o pagamento ou suspender a taxa. Nas outras, a ANTAQ conseguiu que n\u00e3o houvesse liminares contra a cobran\u00e7a.<\/p>\n<p dir=\"ltr\">O SSE\/THC2 \u00e9 cobrado por terminais portu\u00e1rios com acesso aos navios dos terminais retroalfadegados (sem acesso aos navios) para entregar cont\u00eaineres de importa\u00e7\u00e3o para eles. Os retroalfandegados apontam que a cobran\u00e7a \u00e9 ilegal, j\u00e1 que os clientes pagam pela movimenta\u00e7\u00e3o aos armadores.<\/p>\n<p>Os terminais com acesso aos navios alegam que h\u00e1 um servi\u00e7o extraordin\u00e1rio na entrega e, por isso, ele deve ser cobrado. A Resolu\u00e7\u00e3o Normativa 34 da ANTAQ, criada no ano passado, regulamenta essa cobran\u00e7a.<\/p>\n","protected":false},"excerpt":{"rendered":"<p>Dimmi Amora, da Ag\u00eancia iNFRA A 14\u00aa Vara Federal C\u00edvel do Distrito Federal revogou liminar que suspendeu para as empresas Multilog e Elog os efeitos da Resolu\u00e7\u00e3o Normativa 34 da ANTAQ (Ag\u00eancia Nacional de Transportes Aquavi\u00e1rios), que regulamenta o SSE (Servi\u00e7o de Segrega\u00e7\u00e3o e Entrega), tamb\u00e9m chamado de THC2. A decis\u00e3o est\u00e1 neste link. As [&hellip;]<\/p>\n","protected":false},"author":9,"featured_media":4603,"comment_status":"closed","ping_status":"closed","sticky":false,"template":"","format":"standard","meta":{"_monsterinsights_skip_tracking":false,"_monsterinsights_sitenote_active":false,"_monsterinsights_sitenote_note":"","_monsterinsights_sitenote_category":0,"footnotes":""},"categories":[7],"tags":[489,86,1827,1826,1829,1828,1174,552],"class_list":["post-4602","post","type-post","status-publish","format-standard","has-post-thumbnail","hentry","category-infratransporte","tag-abratec","tag-antaq","tag-elog","tag-multilog","tag-rafael-schwind","tag-resolucao-normativa-34-da-antaq","tag-servico-de-segregacao-e-entrega","tag-thc2"],"yoast_head":"<!-- This site is optimized with the Yoast SEO Premium plugin v25.4 (Yoast SEO v26.0) - https:\/\/yoast.com\/wordpress\/plugins\/seo\/ -->\n<title>Justi\u00e7a revoga decis\u00e3o que suspendia pagamento de taxas para cont\u00eainer de importa\u00e7\u00e3o - Ag\u00eancia iNFRA<\/title>\n<meta name=\"robots\" content=\"index, follow, max-snippet:-1, max-image-preview:large, max-video-preview:-1\" \/>\n<link rel=\"canonical\" href=\"https:\/\/agenciainfra.com\/blog\/justica-revoga-decisao-que-suspendia-pagamento-de-taxas-para-conteiner-de-importacao\/\" \/>\n<meta property=\"og:locale\" content=\"pt_BR\" \/>\n<meta property=\"og:type\" content=\"article\" \/>\n<meta property=\"og:title\" content=\"Justi\u00e7a revoga decis\u00e3o que suspendia pagamento de taxas para cont\u00eainer de importa\u00e7\u00e3o\" \/>\n<meta property=\"og:description\" content=\"Dimmi Amora, da Ag\u00eancia iNFRA A 14\u00aa Vara Federal C\u00edvel do Distrito Federal revogou liminar que suspendeu para as empresas Multilog e Elog os efeitos da Resolu\u00e7\u00e3o Normativa 34 da ANTAQ (Ag\u00eancia Nacional de Transportes Aquavi\u00e1rios), que regulamenta o SSE (Servi\u00e7o de Segrega\u00e7\u00e3o e Entrega), tamb\u00e9m chamado de THC2. A decis\u00e3o est\u00e1 neste link. As [&hellip;]\" \/>\n<meta property=\"og:url\" content=\"https:\/\/agenciainfra.com\/blog\/justica-revoga-decisao-que-suspendia-pagamento-de-taxas-para-conteiner-de-importacao\/\" \/>\n<meta property=\"og:site_name\" content=\"Ag\u00eancia iNFRA\" \/>\n<meta property=\"article:publisher\" content=\"https:\/\/www.facebook.com\/ageninfra\" \/>\n<meta property=\"article:published_time\" content=\"2020-03-24T16:00:18+00:00\" \/>\n<meta property=\"og:image\" content=\"https:\/\/agenciainfra.com\/blog\/wp-content\/uploads\/2020\/03\/conteiner-dominio-publico.jpg\" \/>\n\t<meta property=\"og:image:width\" content=\"1280\" \/>\n\t<meta property=\"og:image:height\" content=\"788\" \/>\n\t<meta property=\"og:image:type\" content=\"image\/jpeg\" \/>\n<meta name=\"author\" content=\"Rodrigo Zuquim\" \/>\n<meta name=\"twitter:card\" content=\"summary_large_image\" \/>\n<meta name=\"twitter:creator\" content=\"@agencia_infra\" \/>\n<meta name=\"twitter:site\" content=\"@agencia_infra\" \/>\n<meta name=\"twitter:label1\" content=\"Escrito por\" \/>\n\t<meta name=\"twitter:data1\" content=\"Rodrigo Zuquim\" \/>\n\t<meta name=\"twitter:label2\" content=\"Est. tempo de leitura\" \/>\n\t<meta name=\"twitter:data2\" content=\"3 minutos\" \/>\n<script type=\"application\/ld+json\" class=\"yoast-schema-graph\">{\"@context\":\"https:\/\/schema.org\",\"@graph\":[{\"@type\":\"Article\",\"@id\":\"https:\/\/agenciainfra.com\/blog\/justica-revoga-decisao-que-suspendia-pagamento-de-taxas-para-conteiner-de-importacao\/#article\",\"isPartOf\":{\"@id\":\"https:\/\/agenciainfra.com\/blog\/justica-revoga-decisao-que-suspendia-pagamento-de-taxas-para-conteiner-de-importacao\/\"},\"author\":{\"name\":\"Rodrigo Zuquim\",\"@id\":\"https:\/\/agenciainfra.com\/blog\/#\/schema\/person\/04dbb79bd6d8951f063da71f3e4c1eb1\"},\"headline\":\"Justi\u00e7a revoga decis\u00e3o que suspendia pagamento de taxas para cont\u00eainer de importa\u00e7\u00e3o\",\"datePublished\":\"2020-03-24T16:00:18+00:00\",\"mainEntityOfPage\":{\"@id\":\"https:\/\/agenciainfra.com\/blog\/justica-revoga-decisao-que-suspendia-pagamento-de-taxas-para-conteiner-de-importacao\/\"},\"wordCount\":561,\"publisher\":{\"@id\":\"https:\/\/agenciainfra.com\/blog\/#organization\"},\"image\":{\"@id\":\"https:\/\/agenciainfra.com\/blog\/justica-revoga-decisao-que-suspendia-pagamento-de-taxas-para-conteiner-de-importacao\/#primaryimage\"},\"thumbnailUrl\":\"https:\/\/agenciainfra.com\/blog\/wp-content\/uploads\/2020\/03\/conteiner-dominio-publico.jpg\",\"keywords\":[\"Abratec\",\"ANTAQ\",\"Elog\",\"Multilog\",\"Rafael Schwind\",\"Resolu\u00e7\u00e3o Normativa 34 da ANTAQ\",\"Servi\u00e7o de Segrega\u00e7\u00e3o e Entrega\",\"THC2\"],\"articleSection\":[\"iNFRATransporte\"],\"inLanguage\":\"pt-BR\",\"copyrightYear\":\"2020\",\"copyrightHolder\":{\"@id\":\"https:\/\/agenciainfra.com\/blog\/#organization\"}},{\"@type\":\"WebPage\",\"@id\":\"https:\/\/agenciainfra.com\/blog\/justica-revoga-decisao-que-suspendia-pagamento-de-taxas-para-conteiner-de-importacao\/\",\"url\":\"https:\/\/agenciainfra.com\/blog\/justica-revoga-decisao-que-suspendia-pagamento-de-taxas-para-conteiner-de-importacao\/\",\"name\":\"Justi\u00e7a revoga decis\u00e3o que suspendia pagamento de taxas para cont\u00eainer de importa\u00e7\u00e3o - Ag\u00eancia iNFRA\",\"isPartOf\":{\"@id\":\"https:\/\/agenciainfra.com\/blog\/#website\"},\"primaryImageOfPage\":{\"@id\":\"https:\/\/agenciainfra.com\/blog\/justica-revoga-decisao-que-suspendia-pagamento-de-taxas-para-conteiner-de-importacao\/#primaryimage\"},\"image\":{\"@id\":\"https:\/\/agenciainfra.com\/blog\/justica-revoga-decisao-que-suspendia-pagamento-de-taxas-para-conteiner-de-importacao\/#primaryimage\"},\"thumbnailUrl\":\"https:\/\/agenciainfra.com\/blog\/wp-content\/uploads\/2020\/03\/conteiner-dominio-publico.jpg\",\"datePublished\":\"2020-03-24T16:00:18+00:00\",\"breadcrumb\":{\"@id\":\"https:\/\/agenciainfra.com\/blog\/justica-revoga-decisao-que-suspendia-pagamento-de-taxas-para-conteiner-de-importacao\/#breadcrumb\"},\"inLanguage\":\"pt-BR\",\"potentialAction\":[{\"@type\":\"ReadAction\",\"target\":[\"https:\/\/agenciainfra.com\/blog\/justica-revoga-decisao-que-suspendia-pagamento-de-taxas-para-conteiner-de-importacao\/\"]}]},{\"@type\":\"ImageObject\",\"inLanguage\":\"pt-BR\",\"@id\":\"https:\/\/agenciainfra.com\/blog\/justica-revoga-decisao-que-suspendia-pagamento-de-taxas-para-conteiner-de-importacao\/#primaryimage\",\"url\":\"https:\/\/agenciainfra.com\/blog\/wp-content\/uploads\/2020\/03\/conteiner-dominio-publico.jpg\",\"contentUrl\":\"https:\/\/agenciainfra.com\/blog\/wp-content\/uploads\/2020\/03\/conteiner-dominio-publico.jpg\",\"width\":1280,\"height\":788,\"caption\":\"Foto: Dom\u00ednio P\u00fablico\"},{\"@type\":\"BreadcrumbList\",\"@id\":\"https:\/\/agenciainfra.com\/blog\/justica-revoga-decisao-que-suspendia-pagamento-de-taxas-para-conteiner-de-importacao\/#breadcrumb\",\"itemListElement\":[{\"@type\":\"ListItem\",\"position\":1,\"name\":\"In\u00edcio\",\"item\":\"https:\/\/agenciainfra.com\/blog\/\"},{\"@type\":\"ListItem\",\"position\":2,\"name\":\"Justi\u00e7a revoga decis\u00e3o que suspendia pagamento de taxas para cont\u00eainer de importa\u00e7\u00e3o\"}]},{\"@type\":\"WebSite\",\"@id\":\"https:\/\/agenciainfra.com\/blog\/#website\",\"url\":\"https:\/\/agenciainfra.com\/blog\/\",\"name\":\"Ag\u00eancia iNFRA\",\"description\":\"Multiplataforma de informa\u00e7\u00e3o jornal\u00edstica refer\u00eancia na \u00e1rea de infraestrutura no Brasil!\",\"publisher\":{\"@id\":\"https:\/\/agenciainfra.com\/blog\/#organization\"},\"potentialAction\":[{\"@type\":\"SearchAction\",\"target\":{\"@type\":\"EntryPoint\",\"urlTemplate\":\"https:\/\/agenciainfra.com\/blog\/?s={search_term_string}\"},\"query-input\":{\"@type\":\"PropertyValueSpecification\",\"valueRequired\":true,\"valueName\":\"search_term_string\"}}],\"inLanguage\":\"pt-BR\"},{\"@type\":\"Organization\",\"@id\":\"https:\/\/agenciainfra.com\/blog\/#organization\",\"name\":\"Ag\u00eancia iNFRA\",\"url\":\"https:\/\/agenciainfra.com\/blog\/\",\"logo\":{\"@type\":\"ImageObject\",\"inLanguage\":\"pt-BR\",\"@id\":\"https:\/\/agenciainfra.com\/blog\/#\/schema\/logo\/image\/\",\"url\":\"https:\/\/agenciainfra.com\/blog\/wp-content\/uploads\/2023\/09\/iNFRA_5-e1761735885940.png\",\"contentUrl\":\"https:\/\/agenciainfra.com\/blog\/wp-content\/uploads\/2023\/09\/iNFRA_5-e1761735885940.png\",\"width\":1672,\"height\":454,\"caption\":\"Ag\u00eancia iNFRA\"},\"image\":{\"@id\":\"https:\/\/agenciainfra.com\/blog\/#\/schema\/logo\/image\/\"},\"sameAs\":[\"https:\/\/www.facebook.com\/ageninfra\",\"https:\/\/x.com\/agencia_infra\",\"https:\/\/www.linkedin.com\/company\/ag\u00eanciainfra\/\",\"https:\/\/www.instagram.com\/agenciainfra\/\"]},{\"@type\":\"Person\",\"@id\":\"https:\/\/agenciainfra.com\/blog\/#\/schema\/person\/04dbb79bd6d8951f063da71f3e4c1eb1\",\"name\":\"Rodrigo Zuquim\",\"image\":{\"@type\":\"ImageObject\",\"inLanguage\":\"pt-BR\",\"@id\":\"https:\/\/agenciainfra.com\/blog\/#\/schema\/person\/image\/\",\"url\":\"https:\/\/secure.gravatar.com\/avatar\/594abfe82761d620726242ff34ca472a705a4b97f16c790053a6b4c4035274d0?s=96&d=mm&r=g\",\"contentUrl\":\"https:\/\/secure.gravatar.com\/avatar\/594abfe82761d620726242ff34ca472a705a4b97f16c790053a6b4c4035274d0?s=96&d=mm&r=g\",\"caption\":\"Rodrigo Zuquim\"},\"url\":\"https:\/\/agenciainfra.com\/blog\/author\/rodrigo-zuquim\/\"}]}<\/script>\n<!-- \/ Yoast SEO Premium plugin. -->","yoast_head_json":{"title":"Justi\u00e7a revoga decis\u00e3o que suspendia pagamento de taxas para cont\u00eainer de importa\u00e7\u00e3o - Ag\u00eancia iNFRA","robots":{"index":"index","follow":"follow","max-snippet":"max-snippet:-1","max-image-preview":"max-image-preview:large","max-video-preview":"max-video-preview:-1"},"canonical":"https:\/\/agenciainfra.com\/blog\/justica-revoga-decisao-que-suspendia-pagamento-de-taxas-para-conteiner-de-importacao\/","og_locale":"pt_BR","og_type":"article","og_title":"Justi\u00e7a revoga decis\u00e3o que suspendia pagamento de taxas para cont\u00eainer de importa\u00e7\u00e3o","og_description":"Dimmi Amora, da Ag\u00eancia iNFRA A 14\u00aa Vara Federal C\u00edvel do Distrito Federal revogou liminar que suspendeu para as empresas Multilog e Elog os efeitos da Resolu\u00e7\u00e3o Normativa 34 da ANTAQ (Ag\u00eancia Nacional de Transportes Aquavi\u00e1rios), que regulamenta o SSE (Servi\u00e7o de Segrega\u00e7\u00e3o e Entrega), tamb\u00e9m chamado de THC2. A decis\u00e3o est\u00e1 neste link. As [&hellip;]","og_url":"https:\/\/agenciainfra.com\/blog\/justica-revoga-decisao-que-suspendia-pagamento-de-taxas-para-conteiner-de-importacao\/","og_site_name":"Ag\u00eancia iNFRA","article_publisher":"https:\/\/www.facebook.com\/ageninfra","article_published_time":"2020-03-24T16:00:18+00:00","og_image":[{"width":1280,"height":788,"url":"https:\/\/agenciainfra.com\/blog\/wp-content\/uploads\/2020\/03\/conteiner-dominio-publico.jpg","type":"image\/jpeg"}],"author":"Rodrigo Zuquim","twitter_card":"summary_large_image","twitter_creator":"@agencia_infra","twitter_site":"@agencia_infra","twitter_misc":{"Escrito por":"Rodrigo Zuquim","Est. tempo de leitura":"3 minutos"},"schema":{"@context":"https:\/\/schema.org","@graph":[{"@type":"Article","@id":"https:\/\/agenciainfra.com\/blog\/justica-revoga-decisao-que-suspendia-pagamento-de-taxas-para-conteiner-de-importacao\/#article","isPartOf":{"@id":"https:\/\/agenciainfra.com\/blog\/justica-revoga-decisao-que-suspendia-pagamento-de-taxas-para-conteiner-de-importacao\/"},"author":{"name":"Rodrigo Zuquim","@id":"https:\/\/agenciainfra.com\/blog\/#\/schema\/person\/04dbb79bd6d8951f063da71f3e4c1eb1"},"headline":"Justi\u00e7a revoga decis\u00e3o que suspendia pagamento de taxas para cont\u00eainer de importa\u00e7\u00e3o","datePublished":"2020-03-24T16:00:18+00:00","mainEntityOfPage":{"@id":"https:\/\/agenciainfra.com\/blog\/justica-revoga-decisao-que-suspendia-pagamento-de-taxas-para-conteiner-de-importacao\/"},"wordCount":561,"publisher":{"@id":"https:\/\/agenciainfra.com\/blog\/#organization"},"image":{"@id":"https:\/\/agenciainfra.com\/blog\/justica-revoga-decisao-que-suspendia-pagamento-de-taxas-para-conteiner-de-importacao\/#primaryimage"},"thumbnailUrl":"https:\/\/agenciainfra.com\/blog\/wp-content\/uploads\/2020\/03\/conteiner-dominio-publico.jpg","keywords":["Abratec","ANTAQ","Elog","Multilog","Rafael Schwind","Resolu\u00e7\u00e3o Normativa 34 da ANTAQ","Servi\u00e7o de Segrega\u00e7\u00e3o e Entrega","THC2"],"articleSection":["iNFRATransporte"],"inLanguage":"pt-BR","copyrightYear":"2020","copyrightHolder":{"@id":"https:\/\/agenciainfra.com\/blog\/#organization"}},{"@type":"WebPage","@id":"https:\/\/agenciainfra.com\/blog\/justica-revoga-decisao-que-suspendia-pagamento-de-taxas-para-conteiner-de-importacao\/","url":"https:\/\/agenciainfra.com\/blog\/justica-revoga-decisao-que-suspendia-pagamento-de-taxas-para-conteiner-de-importacao\/","name":"Justi\u00e7a revoga decis\u00e3o que suspendia pagamento de taxas para cont\u00eainer de importa\u00e7\u00e3o - Ag\u00eancia iNFRA","isPartOf":{"@id":"https:\/\/agenciainfra.com\/blog\/#website"},"primaryImageOfPage":{"@id":"https:\/\/agenciainfra.com\/blog\/justica-revoga-decisao-que-suspendia-pagamento-de-taxas-para-conteiner-de-importacao\/#primaryimage"},"image":{"@id":"https:\/\/agenciainfra.com\/blog\/justica-revoga-decisao-que-suspendia-pagamento-de-taxas-para-conteiner-de-importacao\/#primaryimage"},"thumbnailUrl":"https:\/\/agenciainfra.com\/blog\/wp-content\/uploads\/2020\/03\/conteiner-dominio-publico.jpg","datePublished":"2020-03-24T16:00:18+00:00","breadcrumb":{"@id":"https:\/\/agenciainfra.com\/blog\/justica-revoga-decisao-que-suspendia-pagamento-de-taxas-para-conteiner-de-importacao\/#breadcrumb"},"inLanguage":"pt-BR","potentialAction":[{"@type":"ReadAction","target":["https:\/\/agenciainfra.com\/blog\/justica-revoga-decisao-que-suspendia-pagamento-de-taxas-para-conteiner-de-importacao\/"]}]},{"@type":"ImageObject","inLanguage":"pt-BR","@id":"https:\/\/agenciainfra.com\/blog\/justica-revoga-decisao-que-suspendia-pagamento-de-taxas-para-conteiner-de-importacao\/#primaryimage","url":"https:\/\/agenciainfra.com\/blog\/wp-content\/uploads\/2020\/03\/conteiner-dominio-publico.jpg","contentUrl":"https:\/\/agenciainfra.com\/blog\/wp-content\/uploads\/2020\/03\/conteiner-dominio-publico.jpg","width":1280,"height":788,"caption":"Foto: Dom\u00ednio P\u00fablico"},{"@type":"BreadcrumbList","@id":"https:\/\/agenciainfra.com\/blog\/justica-revoga-decisao-que-suspendia-pagamento-de-taxas-para-conteiner-de-importacao\/#breadcrumb","itemListElement":[{"@type":"ListItem","position":1,"name":"In\u00edcio","item":"https:\/\/agenciainfra.com\/blog\/"},{"@type":"ListItem","position":2,"name":"Justi\u00e7a revoga decis\u00e3o que suspendia pagamento de taxas para cont\u00eainer de importa\u00e7\u00e3o"}]},{"@type":"WebSite","@id":"https:\/\/agenciainfra.com\/blog\/#website","url":"https:\/\/agenciainfra.com\/blog\/","name":"Ag\u00eancia iNFRA","description":"Multiplataforma de informa\u00e7\u00e3o jornal\u00edstica refer\u00eancia na \u00e1rea de infraestrutura no Brasil!","publisher":{"@id":"https:\/\/agenciainfra.com\/blog\/#organization"},"potentialAction":[{"@type":"SearchAction","target":{"@type":"EntryPoint","urlTemplate":"https:\/\/agenciainfra.com\/blog\/?s={search_term_string}"},"query-input":{"@type":"PropertyValueSpecification","valueRequired":true,"valueName":"search_term_string"}}],"inLanguage":"pt-BR"},{"@type":"Organization","@id":"https:\/\/agenciainfra.com\/blog\/#organization","name":"Ag\u00eancia iNFRA","url":"https:\/\/agenciainfra.com\/blog\/","logo":{"@type":"ImageObject","inLanguage":"pt-BR","@id":"https:\/\/agenciainfra.com\/blog\/#\/schema\/logo\/image\/","url":"https:\/\/agenciainfra.com\/blog\/wp-content\/uploads\/2023\/09\/iNFRA_5-e1761735885940.png","contentUrl":"https:\/\/agenciainfra.com\/blog\/wp-content\/uploads\/2023\/09\/iNFRA_5-e1761735885940.png","width":1672,"height":454,"caption":"Ag\u00eancia iNFRA"},"image":{"@id":"https:\/\/agenciainfra.com\/blog\/#\/schema\/logo\/image\/"},"sameAs":["https:\/\/www.facebook.com\/ageninfra","https:\/\/x.com\/agencia_infra","https:\/\/www.linkedin.com\/company\/ag\u00eanciainfra\/","https:\/\/www.instagram.com\/agenciainfra\/"]},{"@type":"Person","@id":"https:\/\/agenciainfra.com\/blog\/#\/schema\/person\/04dbb79bd6d8951f063da71f3e4c1eb1","name":"Rodrigo Zuquim","image":{"@type":"ImageObject","inLanguage":"pt-BR","@id":"https:\/\/agenciainfra.com\/blog\/#\/schema\/person\/image\/","url":"https:\/\/secure.gravatar.com\/avatar\/594abfe82761d620726242ff34ca472a705a4b97f16c790053a6b4c4035274d0?s=96&d=mm&r=g","contentUrl":"https:\/\/secure.gravatar.com\/avatar\/594abfe82761d620726242ff34ca472a705a4b97f16c790053a6b4c4035274d0?s=96&d=mm&r=g","caption":"Rodrigo Zuquim"},"url":"https:\/\/agenciainfra.com\/blog\/author\/rodrigo-zuquim\/"}]}},"_links":{"self":[{"href":"https:\/\/agenciainfra.com\/blog\/wp-json\/wp\/v2\/posts\/4602","targetHints":{"allow":["GET"]}}],"collection":[{"href":"https:\/\/agenciainfra.com\/blog\/wp-json\/wp\/v2\/posts"}],"about":[{"href":"https:\/\/agenciainfra.com\/blog\/wp-json\/wp\/v2\/types\/post"}],"author":[{"embeddable":true,"href":"https:\/\/agenciainfra.com\/blog\/wp-json\/wp\/v2\/users\/9"}],"replies":[{"embeddable":true,"href":"https:\/\/agenciainfra.com\/blog\/wp-json\/wp\/v2\/comments?post=4602"}],"version-history":[{"count":0,"href":"https:\/\/agenciainfra.com\/blog\/wp-json\/wp\/v2\/posts\/4602\/revisions"}],"wp:featuredmedia":[{"embeddable":true,"href":"https:\/\/agenciainfra.com\/blog\/wp-json\/wp\/v2\/media\/4603"}],"wp:attachment":[{"href":"https:\/\/agenciainfra.com\/blog\/wp-json\/wp\/v2\/media?parent=4602"}],"wp:term":[{"taxonomy":"category","embeddable":true,"href":"https:\/\/agenciainfra.com\/blog\/wp-json\/wp\/v2\/categories?post=4602"},{"taxonomy":"post_tag","embeddable":true,"href":"https:\/\/agenciainfra.com\/blog\/wp-json\/wp\/v2\/tags?post=4602"}],"curies":[{"name":"wp","href":"https:\/\/api.w.org\/{rel}","templated":true}]}}