{"id":4630,"date":"2020-03-27T07:39:00","date_gmt":"2020-03-27T10:39:00","guid":{"rendered":"http:\/\/www.agenciainfra.com\/blog\/?p=4630"},"modified":"2020-06-09T10:35:24","modified_gmt":"2020-06-09T13:35:24","slug":"contran-determina-suspensao-do-envio-de-multas-de-transito-por-periodo-indeterminado","status":"publish","type":"post","link":"https:\/\/agenciainfra.com\/blog\/contran-determina-suspensao-do-envio-de-multas-de-transito-por-periodo-indeterminado\/","title":{"rendered":"Contran determina suspens\u00e3o do envio de multas de tr\u00e2nsito por per\u00edodo indeterminado"},"content":{"rendered":"<h5 style=\"text-align: right;\"><strong>da Ag\u00eancia iNFRA<\/strong><\/h5>\n<p>Delibera\u00e7\u00e3o 185 do Contran (Conselho Nacional de Tr\u00e2nsito) suspendeu por tempo indeterminado as notifica\u00e7\u00f5es de multas de tr\u00e2nsito em todo o pa\u00eds. Com isso, os infratores poder\u00e3o apresentar defesa ou informar o real infrator ap\u00f3s a notifica\u00e7\u00e3o.<\/p>\n<p>A medida foi publicada no Di\u00e1rio Oficial da Uni\u00e3o de hoje (27) e est\u00e1 dispon\u00edvel <a href=\"http:\/\/pesquisa.in.gov.br\/imprensa\/jsp\/visualiza\/index.jsp?data=27\/03\/2020&amp;jornal=515&amp;pagina=60\" target=\"_blank\" rel=\"noopener noreferrer\">neste link<\/a>.<\/p>\n<p>A medida foi tomada em continuidade \u00e0 Delibera\u00e7\u00e3o 185, que suspendeu os prazos para outras regras do \u00f3rg\u00e3o, entre elas a que permite o direito ao motorista de dirigir com a carteira vencida no per\u00edodo de emerg\u00eancia da pandemia Covid-19.<\/p>\n<p>De acordo com o ato, o prazo de 30 dias para que as multas sejam colocadas no sistema segue valendo. Mas, ap\u00f3s inseridas, elas n\u00e3o poder\u00e3o ser enviadas ao infrator.<\/p>\n<p>&#8220;T\u00e3o logo seja revogada a Delibera\u00e7\u00e3o Contran n\u00ba 185, de 2020, a autoridade de tr\u00e2nsito dever\u00e1 providenciar o envio das notifica\u00e7\u00f5es de autua\u00e7\u00e3o, decorrentes de infra\u00e7\u00f5es praticadas a partir de 20 de mar\u00e7o de 2020, contendo a data de t\u00e9rmino da apresenta\u00e7\u00e3o de defesa da autua\u00e7\u00e3o e de indica\u00e7\u00e3o do condutor infrator&#8221;, diz o texto.<\/p>\n<p>Ainda de acordo com a delibera\u00e7\u00e3o, as notifica\u00e7\u00f5es de autua\u00e7\u00e3o, decorrentes de infra\u00e7\u00f5es praticadas entre 26 de fevereiro de 2020 e 19 de mar\u00e7o de 2020, e que ainda n\u00e3o foram expedidas, dever\u00e3o obedecer os mesmos crit\u00e9rios.<\/p>\n<p>O texto informa ainda que as notifica\u00e7\u00f5es de penalidade, na pr\u00e1tica o boleto para pagamento da infra\u00e7\u00e3o, somente poder\u00e3o ser expedidas ap\u00f3s o encerramento do prazo destinado \u00e0 defesa da autua\u00e7\u00e3o e \u00e0 indica\u00e7\u00e3o do condutor infrator. A delibera\u00e7\u00e3o j\u00e1 est\u00e1 em vigor.<\/p>\n<p>Inmetro posterga prazos<br \/>\nOutro \u00f3rg\u00e3o que postergou prazo de validade de seus documentos referentes a ve\u00edculos foi o Inmetro. Portaria 107 do \u00f3rg\u00e3o, publicada hoje, ampliou prazos de validade ou de vencimento dos seguintes documentos:<\/p>\n<ul>\n<li>Certificado de Inspe\u00e7\u00e3o Veicular (CIV);<\/li>\n<li>Certificado de Inspe\u00e7\u00e3o para o Transporte de Produtos Perigosos (CIPP);<\/li>\n<li>Certificado para o Transporte de Produtos Perigosos (CTPP);<\/li>\n<li>Selo G\u00e1s Natural Veicular, do Certificado de Capacita\u00e7\u00e3o T\u00e9cnica (CCT);<\/li>\n<li>Relat\u00f3rio T\u00e9cnico de Requalifica\u00e7\u00e3o do Cilindro para G\u00e1s Natural Veicular;<\/li>\n<li>Etiqueta de Garantia Autoadesiva dos Extintores de Inc\u00eandio manutenidos.<\/li>\n<\/ul>\n<p>De acordo com o texto, que reconhece o per\u00edodo de emerg\u00eancia pela pandemia de Covid-19, o prazo de validade ser\u00e1 de mais 30 dias e novas amplia\u00e7\u00f5es de validade poder\u00e3o ser definidas a depender das condi\u00e7\u00f5es de restri\u00e7\u00e3o de circula\u00e7\u00e3o.<\/p>\n<p>A portaria est\u00e1 dispon\u00edvel <a href=\"http:\/\/pesquisa.in.gov.br\/imprensa\/jsp\/visualiza\/index.jsp?data=27\/03\/2020&amp;jornal=515&amp;pagina=27&amp;totalArquivos=122\" target=\"_blank\" rel=\"noopener noreferrer\">neste link<\/a>.<\/p>\n","protected":false},"excerpt":{"rendered":"<p>da Ag\u00eancia iNFRA Delibera\u00e7\u00e3o 185 do Contran (Conselho Nacional de Tr\u00e2nsito) suspendeu por tempo indeterminado as notifica\u00e7\u00f5es de multas de tr\u00e2nsito em todo o pa\u00eds. Com isso, os infratores poder\u00e3o apresentar defesa ou informar o real infrator ap\u00f3s a notifica\u00e7\u00e3o. A medida foi publicada no Di\u00e1rio Oficial da Uni\u00e3o de hoje (27) e est\u00e1 dispon\u00edvel [&hellip;]<\/p>\n","protected":false},"author":9,"featured_media":4631,"comment_status":"closed","ping_status":"closed","sticky":false,"template":"","format":"standard","meta":{"_monsterinsights_skip_tracking":false,"_monsterinsights_sitenote_active":false,"_monsterinsights_sitenote_note":"","_monsterinsights_sitenote_category":0,"footnotes":""},"categories":[1,2052,7],"tags":[1581,1759,1844,1843,1842],"class_list":["post-4630","post","type-post","status-publish","format-standard","has-post-thumbnail","hentry","category-geral","category-infra-transicao","category-infratransporte","tag-contran","tag-covid-19","tag-inmetro","tag-multas","tag-transito"],"yoast_head":"<!-- This site is optimized with the Yoast SEO Premium plugin v25.4 (Yoast SEO v26.0) - https:\/\/yoast.com\/wordpress\/plugins\/seo\/ -->\n<title>Contran determina suspens\u00e3o do envio de multas de tr\u00e2nsito por per\u00edodo indeterminado - Ag\u00eancia iNFRA<\/title>\n<meta name=\"robots\" content=\"index, follow, max-snippet:-1, max-image-preview:large, max-video-preview:-1\" \/>\n<link rel=\"canonical\" href=\"https:\/\/agenciainfra.com\/blog\/contran-determina-suspensao-do-envio-de-multas-de-transito-por-periodo-indeterminado\/\" \/>\n<meta property=\"og:locale\" content=\"pt_BR\" \/>\n<meta property=\"og:type\" content=\"article\" \/>\n<meta property=\"og:title\" content=\"Contran determina suspens\u00e3o do envio de multas de tr\u00e2nsito por per\u00edodo indeterminado\" \/>\n<meta property=\"og:description\" content=\"da Ag\u00eancia iNFRA Delibera\u00e7\u00e3o 185 do Contran (Conselho Nacional de Tr\u00e2nsito) suspendeu por tempo indeterminado as notifica\u00e7\u00f5es de multas de tr\u00e2nsito em todo o pa\u00eds. Com isso, os infratores poder\u00e3o apresentar defesa ou informar o real infrator ap\u00f3s a notifica\u00e7\u00e3o. A medida foi publicada no Di\u00e1rio Oficial da Uni\u00e3o de hoje (27) e est\u00e1 dispon\u00edvel [&hellip;]\" \/>\n<meta property=\"og:url\" content=\"https:\/\/agenciainfra.com\/blog\/contran-determina-suspensao-do-envio-de-multas-de-transito-por-periodo-indeterminado\/\" \/>\n<meta property=\"og:site_name\" content=\"Ag\u00eancia iNFRA\" \/>\n<meta property=\"article:publisher\" content=\"https:\/\/www.facebook.com\/ageninfra\" \/>\n<meta property=\"article:published_time\" content=\"2020-03-27T10:39:00+00:00\" \/>\n<meta property=\"article:modified_time\" content=\"2020-06-09T13:35:24+00:00\" \/>\n<meta property=\"og:image\" content=\"https:\/\/agenciainfra.com\/blog\/wp-content\/uploads\/2020\/03\/multa-de-transito-foto-agencia-brasil.jpg\" \/>\n\t<meta property=\"og:image:width\" content=\"1170\" \/>\n\t<meta property=\"og:image:height\" content=\"700\" \/>\n\t<meta property=\"og:image:type\" content=\"image\/jpeg\" \/>\n<meta name=\"author\" content=\"Rodrigo Zuquim\" \/>\n<meta name=\"twitter:card\" content=\"summary_large_image\" \/>\n<meta name=\"twitter:creator\" content=\"@agencia_infra\" \/>\n<meta name=\"twitter:site\" content=\"@agencia_infra\" \/>\n<meta name=\"twitter:label1\" content=\"Escrito por\" \/>\n\t<meta name=\"twitter:data1\" content=\"Rodrigo Zuquim\" \/>\n\t<meta name=\"twitter:label2\" content=\"Est. tempo de leitura\" \/>\n\t<meta name=\"twitter:data2\" content=\"2 minutos\" \/>\n<script type=\"application\/ld+json\" class=\"yoast-schema-graph\">{\"@context\":\"https:\/\/schema.org\",\"@graph\":[{\"@type\":\"Article\",\"@id\":\"https:\/\/agenciainfra.com\/blog\/contran-determina-suspensao-do-envio-de-multas-de-transito-por-periodo-indeterminado\/#article\",\"isPartOf\":{\"@id\":\"https:\/\/agenciainfra.com\/blog\/contran-determina-suspensao-do-envio-de-multas-de-transito-por-periodo-indeterminado\/\"},\"author\":{\"name\":\"Rodrigo Zuquim\",\"@id\":\"https:\/\/agenciainfra.com\/blog\/#\/schema\/person\/04dbb79bd6d8951f063da71f3e4c1eb1\"},\"headline\":\"Contran determina suspens\u00e3o do envio de multas de tr\u00e2nsito por per\u00edodo indeterminado\",\"datePublished\":\"2020-03-27T10:39:00+00:00\",\"dateModified\":\"2020-06-09T13:35:24+00:00\",\"mainEntityOfPage\":{\"@id\":\"https:\/\/agenciainfra.com\/blog\/contran-determina-suspensao-do-envio-de-multas-de-transito-por-periodo-indeterminado\/\"},\"wordCount\":460,\"publisher\":{\"@id\":\"https:\/\/agenciainfra.com\/blog\/#organization\"},\"image\":{\"@id\":\"https:\/\/agenciainfra.com\/blog\/contran-determina-suspensao-do-envio-de-multas-de-transito-por-periodo-indeterminado\/#primaryimage\"},\"thumbnailUrl\":\"https:\/\/agenciainfra.com\/blog\/wp-content\/uploads\/2020\/03\/multa-de-transito-foto-agencia-brasil.jpg\",\"keywords\":[\"Contran\",\"Covid-19\",\"Inmetro\",\"multas\",\"tr\u00e2nsito\"],\"articleSection\":[\"Geral\",\"iNFRA Na Transi\u00e7\u00e3o\",\"iNFRATransporte\"],\"inLanguage\":\"pt-BR\",\"copyrightYear\":\"2020\",\"copyrightHolder\":{\"@id\":\"https:\/\/agenciainfra.com\/blog\/#organization\"}},{\"@type\":\"WebPage\",\"@id\":\"https:\/\/agenciainfra.com\/blog\/contran-determina-suspensao-do-envio-de-multas-de-transito-por-periodo-indeterminado\/\",\"url\":\"https:\/\/agenciainfra.com\/blog\/contran-determina-suspensao-do-envio-de-multas-de-transito-por-periodo-indeterminado\/\",\"name\":\"Contran determina suspens\u00e3o do envio de multas de tr\u00e2nsito por per\u00edodo indeterminado - Ag\u00eancia iNFRA\",\"isPartOf\":{\"@id\":\"https:\/\/agenciainfra.com\/blog\/#website\"},\"primaryImageOfPage\":{\"@id\":\"https:\/\/agenciainfra.com\/blog\/contran-determina-suspensao-do-envio-de-multas-de-transito-por-periodo-indeterminado\/#primaryimage\"},\"image\":{\"@id\":\"https:\/\/agenciainfra.com\/blog\/contran-determina-suspensao-do-envio-de-multas-de-transito-por-periodo-indeterminado\/#primaryimage\"},\"thumbnailUrl\":\"https:\/\/agenciainfra.com\/blog\/wp-content\/uploads\/2020\/03\/multa-de-transito-foto-agencia-brasil.jpg\",\"datePublished\":\"2020-03-27T10:39:00+00:00\",\"dateModified\":\"2020-06-09T13:35:24+00:00\",\"breadcrumb\":{\"@id\":\"https:\/\/agenciainfra.com\/blog\/contran-determina-suspensao-do-envio-de-multas-de-transito-por-periodo-indeterminado\/#breadcrumb\"},\"inLanguage\":\"pt-BR\",\"potentialAction\":[{\"@type\":\"ReadAction\",\"target\":[\"https:\/\/agenciainfra.com\/blog\/contran-determina-suspensao-do-envio-de-multas-de-transito-por-periodo-indeterminado\/\"]}]},{\"@type\":\"ImageObject\",\"inLanguage\":\"pt-BR\",\"@id\":\"https:\/\/agenciainfra.com\/blog\/contran-determina-suspensao-do-envio-de-multas-de-transito-por-periodo-indeterminado\/#primaryimage\",\"url\":\"https:\/\/agenciainfra.com\/blog\/wp-content\/uploads\/2020\/03\/multa-de-transito-foto-agencia-brasil.jpg\",\"contentUrl\":\"https:\/\/agenciainfra.com\/blog\/wp-content\/uploads\/2020\/03\/multa-de-transito-foto-agencia-brasil.jpg\",\"width\":1170,\"height\":700},{\"@type\":\"BreadcrumbList\",\"@id\":\"https:\/\/agenciainfra.com\/blog\/contran-determina-suspensao-do-envio-de-multas-de-transito-por-periodo-indeterminado\/#breadcrumb\",\"itemListElement\":[{\"@type\":\"ListItem\",\"position\":1,\"name\":\"In\u00edcio\",\"item\":\"https:\/\/agenciainfra.com\/blog\/\"},{\"@type\":\"ListItem\",\"position\":2,\"name\":\"Contran determina suspens\u00e3o do envio de multas de tr\u00e2nsito por per\u00edodo indeterminado\"}]},{\"@type\":\"WebSite\",\"@id\":\"https:\/\/agenciainfra.com\/blog\/#website\",\"url\":\"https:\/\/agenciainfra.com\/blog\/\",\"name\":\"Ag\u00eancia iNFRA\",\"description\":\"Multiplataforma de informa\u00e7\u00e3o jornal\u00edstica refer\u00eancia na \u00e1rea de infraestrutura no Brasil!\",\"publisher\":{\"@id\":\"https:\/\/agenciainfra.com\/blog\/#organization\"},\"potentialAction\":[{\"@type\":\"SearchAction\",\"target\":{\"@type\":\"EntryPoint\",\"urlTemplate\":\"https:\/\/agenciainfra.com\/blog\/?s={search_term_string}\"},\"query-input\":{\"@type\":\"PropertyValueSpecification\",\"valueRequired\":true,\"valueName\":\"search_term_string\"}}],\"inLanguage\":\"pt-BR\"},{\"@type\":\"Organization\",\"@id\":\"https:\/\/agenciainfra.com\/blog\/#organization\",\"name\":\"Ag\u00eancia iNFRA\",\"url\":\"https:\/\/agenciainfra.com\/blog\/\",\"logo\":{\"@type\":\"ImageObject\",\"inLanguage\":\"pt-BR\",\"@id\":\"https:\/\/agenciainfra.com\/blog\/#\/schema\/logo\/image\/\",\"url\":\"https:\/\/agenciainfra.com\/blog\/wp-content\/uploads\/2023\/09\/iNFRA_5-e1761735885940.png\",\"contentUrl\":\"https:\/\/agenciainfra.com\/blog\/wp-content\/uploads\/2023\/09\/iNFRA_5-e1761735885940.png\",\"width\":1672,\"height\":454,\"caption\":\"Ag\u00eancia iNFRA\"},\"image\":{\"@id\":\"https:\/\/agenciainfra.com\/blog\/#\/schema\/logo\/image\/\"},\"sameAs\":[\"https:\/\/www.facebook.com\/ageninfra\",\"https:\/\/x.com\/agencia_infra\",\"https:\/\/www.linkedin.com\/company\/ag\u00eanciainfra\/\",\"https:\/\/www.instagram.com\/agenciainfra\/\"]},{\"@type\":\"Person\",\"@id\":\"https:\/\/agenciainfra.com\/blog\/#\/schema\/person\/04dbb79bd6d8951f063da71f3e4c1eb1\",\"name\":\"Rodrigo Zuquim\",\"image\":{\"@type\":\"ImageObject\",\"inLanguage\":\"pt-BR\",\"@id\":\"https:\/\/agenciainfra.com\/blog\/#\/schema\/person\/image\/\",\"url\":\"https:\/\/secure.gravatar.com\/avatar\/594abfe82761d620726242ff34ca472a705a4b97f16c790053a6b4c4035274d0?s=96&d=mm&r=g\",\"contentUrl\":\"https:\/\/secure.gravatar.com\/avatar\/594abfe82761d620726242ff34ca472a705a4b97f16c790053a6b4c4035274d0?s=96&d=mm&r=g\",\"caption\":\"Rodrigo Zuquim\"},\"url\":\"https:\/\/agenciainfra.com\/blog\/author\/rodrigo-zuquim\/\"}]}<\/script>\n<!-- \/ Yoast SEO Premium plugin. -->","yoast_head_json":{"title":"Contran determina suspens\u00e3o do envio de multas de tr\u00e2nsito por per\u00edodo indeterminado - Ag\u00eancia iNFRA","robots":{"index":"index","follow":"follow","max-snippet":"max-snippet:-1","max-image-preview":"max-image-preview:large","max-video-preview":"max-video-preview:-1"},"canonical":"https:\/\/agenciainfra.com\/blog\/contran-determina-suspensao-do-envio-de-multas-de-transito-por-periodo-indeterminado\/","og_locale":"pt_BR","og_type":"article","og_title":"Contran determina suspens\u00e3o do envio de multas de tr\u00e2nsito por per\u00edodo indeterminado","og_description":"da Ag\u00eancia iNFRA Delibera\u00e7\u00e3o 185 do Contran (Conselho Nacional de Tr\u00e2nsito) suspendeu por tempo indeterminado as notifica\u00e7\u00f5es de multas de tr\u00e2nsito em todo o pa\u00eds. Com isso, os infratores poder\u00e3o apresentar defesa ou informar o real infrator ap\u00f3s a notifica\u00e7\u00e3o. A medida foi publicada no Di\u00e1rio Oficial da Uni\u00e3o de hoje (27) e est\u00e1 dispon\u00edvel [&hellip;]","og_url":"https:\/\/agenciainfra.com\/blog\/contran-determina-suspensao-do-envio-de-multas-de-transito-por-periodo-indeterminado\/","og_site_name":"Ag\u00eancia iNFRA","article_publisher":"https:\/\/www.facebook.com\/ageninfra","article_published_time":"2020-03-27T10:39:00+00:00","article_modified_time":"2020-06-09T13:35:24+00:00","og_image":[{"width":1170,"height":700,"url":"https:\/\/agenciainfra.com\/blog\/wp-content\/uploads\/2020\/03\/multa-de-transito-foto-agencia-brasil.jpg","type":"image\/jpeg"}],"author":"Rodrigo Zuquim","twitter_card":"summary_large_image","twitter_creator":"@agencia_infra","twitter_site":"@agencia_infra","twitter_misc":{"Escrito por":"Rodrigo Zuquim","Est. tempo de leitura":"2 minutos"},"schema":{"@context":"https:\/\/schema.org","@graph":[{"@type":"Article","@id":"https:\/\/agenciainfra.com\/blog\/contran-determina-suspensao-do-envio-de-multas-de-transito-por-periodo-indeterminado\/#article","isPartOf":{"@id":"https:\/\/agenciainfra.com\/blog\/contran-determina-suspensao-do-envio-de-multas-de-transito-por-periodo-indeterminado\/"},"author":{"name":"Rodrigo Zuquim","@id":"https:\/\/agenciainfra.com\/blog\/#\/schema\/person\/04dbb79bd6d8951f063da71f3e4c1eb1"},"headline":"Contran determina suspens\u00e3o do envio de multas de tr\u00e2nsito por per\u00edodo indeterminado","datePublished":"2020-03-27T10:39:00+00:00","dateModified":"2020-06-09T13:35:24+00:00","mainEntityOfPage":{"@id":"https:\/\/agenciainfra.com\/blog\/contran-determina-suspensao-do-envio-de-multas-de-transito-por-periodo-indeterminado\/"},"wordCount":460,"publisher":{"@id":"https:\/\/agenciainfra.com\/blog\/#organization"},"image":{"@id":"https:\/\/agenciainfra.com\/blog\/contran-determina-suspensao-do-envio-de-multas-de-transito-por-periodo-indeterminado\/#primaryimage"},"thumbnailUrl":"https:\/\/agenciainfra.com\/blog\/wp-content\/uploads\/2020\/03\/multa-de-transito-foto-agencia-brasil.jpg","keywords":["Contran","Covid-19","Inmetro","multas","tr\u00e2nsito"],"articleSection":["Geral","iNFRA Na Transi\u00e7\u00e3o","iNFRATransporte"],"inLanguage":"pt-BR","copyrightYear":"2020","copyrightHolder":{"@id":"https:\/\/agenciainfra.com\/blog\/#organization"}},{"@type":"WebPage","@id":"https:\/\/agenciainfra.com\/blog\/contran-determina-suspensao-do-envio-de-multas-de-transito-por-periodo-indeterminado\/","url":"https:\/\/agenciainfra.com\/blog\/contran-determina-suspensao-do-envio-de-multas-de-transito-por-periodo-indeterminado\/","name":"Contran determina suspens\u00e3o do envio de multas de tr\u00e2nsito por per\u00edodo indeterminado - Ag\u00eancia iNFRA","isPartOf":{"@id":"https:\/\/agenciainfra.com\/blog\/#website"},"primaryImageOfPage":{"@id":"https:\/\/agenciainfra.com\/blog\/contran-determina-suspensao-do-envio-de-multas-de-transito-por-periodo-indeterminado\/#primaryimage"},"image":{"@id":"https:\/\/agenciainfra.com\/blog\/contran-determina-suspensao-do-envio-de-multas-de-transito-por-periodo-indeterminado\/#primaryimage"},"thumbnailUrl":"https:\/\/agenciainfra.com\/blog\/wp-content\/uploads\/2020\/03\/multa-de-transito-foto-agencia-brasil.jpg","datePublished":"2020-03-27T10:39:00+00:00","dateModified":"2020-06-09T13:35:24+00:00","breadcrumb":{"@id":"https:\/\/agenciainfra.com\/blog\/contran-determina-suspensao-do-envio-de-multas-de-transito-por-periodo-indeterminado\/#breadcrumb"},"inLanguage":"pt-BR","potentialAction":[{"@type":"ReadAction","target":["https:\/\/agenciainfra.com\/blog\/contran-determina-suspensao-do-envio-de-multas-de-transito-por-periodo-indeterminado\/"]}]},{"@type":"ImageObject","inLanguage":"pt-BR","@id":"https:\/\/agenciainfra.com\/blog\/contran-determina-suspensao-do-envio-de-multas-de-transito-por-periodo-indeterminado\/#primaryimage","url":"https:\/\/agenciainfra.com\/blog\/wp-content\/uploads\/2020\/03\/multa-de-transito-foto-agencia-brasil.jpg","contentUrl":"https:\/\/agenciainfra.com\/blog\/wp-content\/uploads\/2020\/03\/multa-de-transito-foto-agencia-brasil.jpg","width":1170,"height":700},{"@type":"BreadcrumbList","@id":"https:\/\/agenciainfra.com\/blog\/contran-determina-suspensao-do-envio-de-multas-de-transito-por-periodo-indeterminado\/#breadcrumb","itemListElement":[{"@type":"ListItem","position":1,"name":"In\u00edcio","item":"https:\/\/agenciainfra.com\/blog\/"},{"@type":"ListItem","position":2,"name":"Contran determina suspens\u00e3o do envio de multas de tr\u00e2nsito por per\u00edodo indeterminado"}]},{"@type":"WebSite","@id":"https:\/\/agenciainfra.com\/blog\/#website","url":"https:\/\/agenciainfra.com\/blog\/","name":"Ag\u00eancia iNFRA","description":"Multiplataforma de informa\u00e7\u00e3o jornal\u00edstica refer\u00eancia na \u00e1rea de infraestrutura no Brasil!","publisher":{"@id":"https:\/\/agenciainfra.com\/blog\/#organization"},"potentialAction":[{"@type":"SearchAction","target":{"@type":"EntryPoint","urlTemplate":"https:\/\/agenciainfra.com\/blog\/?s={search_term_string}"},"query-input":{"@type":"PropertyValueSpecification","valueRequired":true,"valueName":"search_term_string"}}],"inLanguage":"pt-BR"},{"@type":"Organization","@id":"https:\/\/agenciainfra.com\/blog\/#organization","name":"Ag\u00eancia iNFRA","url":"https:\/\/agenciainfra.com\/blog\/","logo":{"@type":"ImageObject","inLanguage":"pt-BR","@id":"https:\/\/agenciainfra.com\/blog\/#\/schema\/logo\/image\/","url":"https:\/\/agenciainfra.com\/blog\/wp-content\/uploads\/2023\/09\/iNFRA_5-e1761735885940.png","contentUrl":"https:\/\/agenciainfra.com\/blog\/wp-content\/uploads\/2023\/09\/iNFRA_5-e1761735885940.png","width":1672,"height":454,"caption":"Ag\u00eancia iNFRA"},"image":{"@id":"https:\/\/agenciainfra.com\/blog\/#\/schema\/logo\/image\/"},"sameAs":["https:\/\/www.facebook.com\/ageninfra","https:\/\/x.com\/agencia_infra","https:\/\/www.linkedin.com\/company\/ag\u00eanciainfra\/","https:\/\/www.instagram.com\/agenciainfra\/"]},{"@type":"Person","@id":"https:\/\/agenciainfra.com\/blog\/#\/schema\/person\/04dbb79bd6d8951f063da71f3e4c1eb1","name":"Rodrigo Zuquim","image":{"@type":"ImageObject","inLanguage":"pt-BR","@id":"https:\/\/agenciainfra.com\/blog\/#\/schema\/person\/image\/","url":"https:\/\/secure.gravatar.com\/avatar\/594abfe82761d620726242ff34ca472a705a4b97f16c790053a6b4c4035274d0?s=96&d=mm&r=g","contentUrl":"https:\/\/secure.gravatar.com\/avatar\/594abfe82761d620726242ff34ca472a705a4b97f16c790053a6b4c4035274d0?s=96&d=mm&r=g","caption":"Rodrigo Zuquim"},"url":"https:\/\/agenciainfra.com\/blog\/author\/rodrigo-zuquim\/"}]}},"_links":{"self":[{"href":"https:\/\/agenciainfra.com\/blog\/wp-json\/wp\/v2\/posts\/4630","targetHints":{"allow":["GET"]}}],"collection":[{"href":"https:\/\/agenciainfra.com\/blog\/wp-json\/wp\/v2\/posts"}],"about":[{"href":"https:\/\/agenciainfra.com\/blog\/wp-json\/wp\/v2\/types\/post"}],"author":[{"embeddable":true,"href":"https:\/\/agenciainfra.com\/blog\/wp-json\/wp\/v2\/users\/9"}],"replies":[{"embeddable":true,"href":"https:\/\/agenciainfra.com\/blog\/wp-json\/wp\/v2\/comments?post=4630"}],"version-history":[{"count":0,"href":"https:\/\/agenciainfra.com\/blog\/wp-json\/wp\/v2\/posts\/4630\/revisions"}],"wp:featuredmedia":[{"embeddable":true,"href":"https:\/\/agenciainfra.com\/blog\/wp-json\/wp\/v2\/media\/4631"}],"wp:attachment":[{"href":"https:\/\/agenciainfra.com\/blog\/wp-json\/wp\/v2\/media?parent=4630"}],"wp:term":[{"taxonomy":"category","embeddable":true,"href":"https:\/\/agenciainfra.com\/blog\/wp-json\/wp\/v2\/categories?post=4630"},{"taxonomy":"post_tag","embeddable":true,"href":"https:\/\/agenciainfra.com\/blog\/wp-json\/wp\/v2\/tags?post=4630"}],"curies":[{"name":"wp","href":"https:\/\/api.w.org\/{rel}","templated":true}]}}