{"id":4646,"date":"2020-03-31T08:00:51","date_gmt":"2020-03-31T11:00:51","guid":{"rendered":"http:\/\/www.agenciainfra.com\/blog\/?p=4646"},"modified":"2020-03-30T16:55:04","modified_gmt":"2020-03-30T19:55:04","slug":"leiloes-de-geracao-de-energia-precisam-ocorrer-no-segundo-semestre-diz-thymos","status":"publish","type":"post","link":"https:\/\/agenciainfra.com\/blog\/leiloes-de-geracao-de-energia-precisam-ocorrer-no-segundo-semestre-diz-thymos\/","title":{"rendered":"Leil\u00f5es de gera\u00e7\u00e3o de energia precisam ocorrer no segundo semestre, diz Thymos"},"content":{"rendered":"<h5 style=\"text-align: right;\"><strong>Leila Coimbra,\u00a0da Ag\u00eancia iNFRA<\/strong><\/h5>\n<p dir=\"ltr\">O MME (Minist\u00e9rio de Minas e Energia) e a ANEEL (Ag\u00eancia Nacional de Energia El\u00e9trica) tiveram a atitude correta de adiar os leil\u00f5es de energia previstos para ocorrer no m\u00eas de abril, devido \u00e0 pandemia de Covid-19, segundo avalia\u00e7\u00e3o do presidente da consultoria Thymos Energia, Jo\u00e3o Carlos Mello.<\/p>\n<p>Mas esses leil\u00f5es precisam acontecer ainda neste ano, diz ele: \u201cPode ser adiado para agosto, setembro ou outubro. Porque n\u00f3s vamos precisar dessa energia em 2024 ou 2025. Haver\u00e1 uma recupera\u00e7\u00e3o gradual do mercado de energia ap\u00f3s essa crise, ent\u00e3o vamos precisar desses leil\u00f5es. \u00c9 uma atitude muito pouco prudente simplesmente n\u00e3o realiz\u00e1-los neste ano\u201d, disse Mello em entrevista \u00e0\u00a0<strong>Ag\u00eancia iNFRA<\/strong>.<\/p>\n<p>Para o executivo, no atual momento, \u00e9 muito dif\u00edcil mensurar os dados corretos para fazer a oferta no certame: \u201cEsse atraso \u00e9 muito mais porque os investidores n\u00e3o sabem bem como se posicionar diante das incertezas, as prepara\u00e7\u00f5es para o\u00a0<em>\u2018bid\u2019<\/em>\u00a0dos leil\u00f5es. O atraso \u00e9 muito mais no sentido de ter infraestrutura para um\u00a0<em>\u2018bid\u2019<\/em>\u00a0com qualifica\u00e7\u00e3o\u201d, disse.<\/p>\n<p><strong>Consumo 5% maior j\u00e1 em 2021<\/strong><br \/>\nSegundo Mello, a maior possibilidade\u00a0\u00e9 a de que a queda do consumo de energia ir\u00e1 se concentrar apenas em 2020 \u2013 principalmente no primeiro semestre do ano, com leve retomada a partir do segundo \u2013 e acelerando para um aumento de 5% na demanda de energia j\u00e1 em 2021.<\/p>\n<p><strong>16 cen\u00e1rios, com 4 principais<\/strong><br \/>\nA Thymos elaborou 16 cen\u00e1rios para o Brasil, e consolidou as proje\u00e7\u00f5es em quatro principais: otimista, moderado, pessimista e catastr\u00f3fico. No otimista, haveria uma queda de 1,6% no consumo de energia neste ano; no moderado -4,4%; no pessimista -8,4%; e no catastr\u00f3fico chegaria a -14,3%.<\/p>\n<p>De acordo com o executivo, a Thymos trabalha com a maior probabilidade\u00a0de que ocorra algo pr\u00f3ximo do cen\u00e1rio moderado, podendo chegar ao cen\u00e1rio pessimista. Ou seja:\u00a0entre uma redu\u00e7\u00e3o de 4% a 8% no consumo em 2020.<\/p>\n<p><strong>Moderado<\/strong><br \/>\n\u201cO cen\u00e1rio moderado \u00e9 o que consideramos mais prov\u00e1vel, com o impacto mais imediato da crise, mas acreditando que a situa\u00e7\u00e3o se normalizar\u00e1 ao longo do segundo semestre.\u201d<\/p>\n<p>Mello disse que \u00e9 com esse panorama que as an\u00e1lises fundamentalistas de alguns bancos tamb\u00e9m trabalham, como o Ita\u00fa, de que a crise econ\u00f4mica ir\u00e1 se concentrar no primeiro semestre de 2020.<\/p>\n<p><strong>Pessimista<\/strong><br \/>\nPor\u00e9m, tamb\u00e9m n\u00e3o \u00e9 desprez\u00edvel o cen\u00e1rio pessimista, segundo o presidente da Thymos, pois houve uma redu\u00e7\u00e3o expressiva da carga na segunda quinzena de mar\u00e7o e espera-se o mesmo no per\u00edodo abril e maio.<\/p>\n<p>\u201cAinda n\u00e3o d\u00e1 para quantificar de quanto ser\u00e1 essa queda. Esperamos que n\u00e3o ocorra o cen\u00e1rio pessimista, mas ele n\u00e3o pode ser desconsiderado.\u201d<\/p>\n<p>J\u00e1 o cen\u00e1rio catastr\u00f3fico \u00e9 de baixa probabilidade, diz Mello, pois ele assume que o problema ser\u00e1 de longa dura\u00e7\u00e3o no patamar atual e que a sociedade aceitar\u00e1 tais n\u00edveis de restri\u00e7\u00e3o por um longo per\u00edodo. Segundo o especialista, isso \u00e9 question\u00e1vel, porque h\u00e1\u00a0indaga\u00e7\u00f5es sobre os impactos da crise do ponto de vista econ\u00f4mico e seus reflexos sociais e tamb\u00e9m em n\u00famero de vidas resultantes de um eventual caos social.<\/p>\n<p>Para o executivo, a crise atual n\u00e3o pode ser comparada ao racionamento de energia de 2001 porque hoje o problema \u00e9 falta de demanda, e n\u00e3o de oferta: \u201cLembrando que o racionamento teve origem na gera\u00e7\u00e3o e agora \u00e9 o contr\u00e1rio: a carga que n\u00e3o est\u00e1 se realizando\u201d.<\/p>\n<p><strong>Distribuidoras<\/strong><br \/>\nCom a queda repentina do consumo, haver\u00e1 uma sobrecontrata\u00e7\u00e3o de energia nas distribuidoras, mas Mello n\u00e3o v\u00ea essa quest\u00e3o como um grave problema. Para ele, o\u00a0mecanismo existente ser\u00e1 suficiente,\u00a0o\u00a0MCSD (mecanismo de compensa\u00e7\u00e3o de sobras e d\u00e9ficits), onde as empresas podem negociar entre si.<\/p>\n<p>\u201cHoje, a maior parte da carga industrial das distribuidoras j\u00e1 migrou para o ambiente livre, e no ambiente livre existe mais espa\u00e7o para a renegocia\u00e7\u00e3o. Tem ind\u00fastria que n\u00e3o vai sentir nada, outras bem mais\u201d, disse Mello.<\/p>\n<p><strong>Exposi\u00e7\u00e3o involunt\u00e1ria<\/strong><br \/>\n\u201cTalvez tamb\u00e9m seja razo\u00e1vel aumentar um pouco mais, de forma extempor\u00e2nea, a exposi\u00e7\u00e3o involunt\u00e1ria de contrata\u00e7\u00e3o das distribuidoras, que hoje \u00e9 de 5%\u201d, afirmou.<\/p>\n<p>Sobre a decis\u00e3o da ANEEL de impedir o corte para os consumidores inadimplentes por 90 dias durante a crise, o executivo disse que haver\u00e1 impacto para as distribuidoras, mas n\u00e3o muito.<\/p>\n<p>\u201cAli foi um foco \u00f3bvio de pessoal mais baixa renda, n\u00e3o vai ampliar o impedimento de corte para outras \u00e1reas. E vai ter que pagar depois!\u201d, disse o executivo.<\/p>\n","protected":false},"excerpt":{"rendered":"<p>Leila Coimbra,\u00a0da Ag\u00eancia iNFRA O MME (Minist\u00e9rio de Minas e Energia) e a ANEEL (Ag\u00eancia Nacional de Energia El\u00e9trica) tiveram a atitude correta de adiar os leil\u00f5es de energia previstos para ocorrer no m\u00eas de abril, devido \u00e0 pandemia de Covid-19, segundo avalia\u00e7\u00e3o do presidente da consultoria Thymos Energia, Jo\u00e3o Carlos Mello. Mas esses leil\u00f5es [&hellip;]<\/p>\n","protected":false},"author":9,"featured_media":4647,"comment_status":"closed","ping_status":"closed","sticky":false,"template":"","format":"standard","meta":{"_monsterinsights_skip_tracking":false,"_monsterinsights_sitenote_active":false,"_monsterinsights_sitenote_note":"","_monsterinsights_sitenote_category":0,"footnotes":""},"categories":[10],"tags":[1758,1759,25,1854,1855,254,1856],"class_list":["post-4646","post","type-post","status-publish","format-standard","has-post-thumbnail","hentry","category-infraenergia","tag-coronavirus","tag-covid-19","tag-energia","tag-geracao","tag-joao-carlos-mello","tag-leilao","tag-thymos-energia"],"yoast_head":"<!-- This site is optimized with the Yoast SEO Premium plugin v25.4 (Yoast SEO v26.0) - https:\/\/yoast.com\/wordpress\/plugins\/seo\/ -->\n<title>Leil\u00f5es de gera\u00e7\u00e3o de energia precisam ocorrer no segundo semestre, diz Thymos - Ag\u00eancia iNFRA<\/title>\n<meta name=\"robots\" content=\"index, follow, max-snippet:-1, max-image-preview:large, max-video-preview:-1\" \/>\n<link rel=\"canonical\" href=\"https:\/\/agenciainfra.com\/blog\/leiloes-de-geracao-de-energia-precisam-ocorrer-no-segundo-semestre-diz-thymos\/\" \/>\n<meta property=\"og:locale\" content=\"pt_BR\" \/>\n<meta property=\"og:type\" content=\"article\" \/>\n<meta property=\"og:title\" content=\"Leil\u00f5es de gera\u00e7\u00e3o de energia precisam ocorrer no segundo semestre, diz Thymos\" \/>\n<meta property=\"og:description\" content=\"Leila Coimbra,\u00a0da Ag\u00eancia iNFRA O MME (Minist\u00e9rio de Minas e Energia) e a ANEEL (Ag\u00eancia Nacional de Energia El\u00e9trica) tiveram a atitude correta de adiar os leil\u00f5es de energia previstos para ocorrer no m\u00eas de abril, devido \u00e0 pandemia de Covid-19, segundo avalia\u00e7\u00e3o do presidente da consultoria Thymos Energia, Jo\u00e3o Carlos Mello. Mas esses leil\u00f5es [&hellip;]\" \/>\n<meta property=\"og:url\" content=\"https:\/\/agenciainfra.com\/blog\/leiloes-de-geracao-de-energia-precisam-ocorrer-no-segundo-semestre-diz-thymos\/\" \/>\n<meta property=\"og:site_name\" content=\"Ag\u00eancia iNFRA\" \/>\n<meta property=\"article:publisher\" content=\"https:\/\/www.facebook.com\/ageninfra\" \/>\n<meta property=\"article:published_time\" content=\"2020-03-31T11:00:51+00:00\" \/>\n<meta property=\"og:image\" content=\"https:\/\/agenciainfra.com\/blog\/wp-content\/uploads\/2020\/03\/joao-carlos-mello-foto-thymos-youtube.png\" \/>\n\t<meta property=\"og:image:width\" content=\"1280\" \/>\n\t<meta property=\"og:image:height\" content=\"784\" \/>\n\t<meta property=\"og:image:type\" content=\"image\/png\" \/>\n<meta name=\"author\" content=\"Rodrigo Zuquim\" \/>\n<meta name=\"twitter:card\" content=\"summary_large_image\" \/>\n<meta name=\"twitter:creator\" content=\"@agencia_infra\" \/>\n<meta name=\"twitter:site\" content=\"@agencia_infra\" \/>\n<meta name=\"twitter:label1\" content=\"Escrito por\" \/>\n\t<meta name=\"twitter:data1\" content=\"Rodrigo Zuquim\" \/>\n\t<meta name=\"twitter:label2\" content=\"Est. tempo de leitura\" \/>\n\t<meta name=\"twitter:data2\" content=\"4 minutos\" \/>\n<script type=\"application\/ld+json\" class=\"yoast-schema-graph\">{\"@context\":\"https:\/\/schema.org\",\"@graph\":[{\"@type\":\"Article\",\"@id\":\"https:\/\/agenciainfra.com\/blog\/leiloes-de-geracao-de-energia-precisam-ocorrer-no-segundo-semestre-diz-thymos\/#article\",\"isPartOf\":{\"@id\":\"https:\/\/agenciainfra.com\/blog\/leiloes-de-geracao-de-energia-precisam-ocorrer-no-segundo-semestre-diz-thymos\/\"},\"author\":{\"name\":\"Rodrigo Zuquim\",\"@id\":\"https:\/\/agenciainfra.com\/blog\/#\/schema\/person\/04dbb79bd6d8951f063da71f3e4c1eb1\"},\"headline\":\"Leil\u00f5es de gera\u00e7\u00e3o de energia precisam ocorrer no segundo semestre, diz Thymos\",\"datePublished\":\"2020-03-31T11:00:51+00:00\",\"mainEntityOfPage\":{\"@id\":\"https:\/\/agenciainfra.com\/blog\/leiloes-de-geracao-de-energia-precisam-ocorrer-no-segundo-semestre-diz-thymos\/\"},\"wordCount\":790,\"publisher\":{\"@id\":\"https:\/\/agenciainfra.com\/blog\/#organization\"},\"image\":{\"@id\":\"https:\/\/agenciainfra.com\/blog\/leiloes-de-geracao-de-energia-precisam-ocorrer-no-segundo-semestre-diz-thymos\/#primaryimage\"},\"thumbnailUrl\":\"https:\/\/agenciainfra.com\/blog\/wp-content\/uploads\/2020\/03\/joao-carlos-mello-foto-thymos-youtube.png\",\"keywords\":[\"coronav\u00edrus\",\"Covid-19\",\"energia\",\"gera\u00e7\u00e3o\",\"Jo\u00e3o Carlos Mello\",\"leil\u00e3o\",\"Thymos Energia\"],\"articleSection\":[\"iNFRAEnergia\"],\"inLanguage\":\"pt-BR\",\"copyrightYear\":\"2020\",\"copyrightHolder\":{\"@id\":\"https:\/\/agenciainfra.com\/blog\/#organization\"}},{\"@type\":\"WebPage\",\"@id\":\"https:\/\/agenciainfra.com\/blog\/leiloes-de-geracao-de-energia-precisam-ocorrer-no-segundo-semestre-diz-thymos\/\",\"url\":\"https:\/\/agenciainfra.com\/blog\/leiloes-de-geracao-de-energia-precisam-ocorrer-no-segundo-semestre-diz-thymos\/\",\"name\":\"Leil\u00f5es de gera\u00e7\u00e3o de energia precisam ocorrer no segundo semestre, diz Thymos - Ag\u00eancia iNFRA\",\"isPartOf\":{\"@id\":\"https:\/\/agenciainfra.com\/blog\/#website\"},\"primaryImageOfPage\":{\"@id\":\"https:\/\/agenciainfra.com\/blog\/leiloes-de-geracao-de-energia-precisam-ocorrer-no-segundo-semestre-diz-thymos\/#primaryimage\"},\"image\":{\"@id\":\"https:\/\/agenciainfra.com\/blog\/leiloes-de-geracao-de-energia-precisam-ocorrer-no-segundo-semestre-diz-thymos\/#primaryimage\"},\"thumbnailUrl\":\"https:\/\/agenciainfra.com\/blog\/wp-content\/uploads\/2020\/03\/joao-carlos-mello-foto-thymos-youtube.png\",\"datePublished\":\"2020-03-31T11:00:51+00:00\",\"breadcrumb\":{\"@id\":\"https:\/\/agenciainfra.com\/blog\/leiloes-de-geracao-de-energia-precisam-ocorrer-no-segundo-semestre-diz-thymos\/#breadcrumb\"},\"inLanguage\":\"pt-BR\",\"potentialAction\":[{\"@type\":\"ReadAction\",\"target\":[\"https:\/\/agenciainfra.com\/blog\/leiloes-de-geracao-de-energia-precisam-ocorrer-no-segundo-semestre-diz-thymos\/\"]}]},{\"@type\":\"ImageObject\",\"inLanguage\":\"pt-BR\",\"@id\":\"https:\/\/agenciainfra.com\/blog\/leiloes-de-geracao-de-energia-precisam-ocorrer-no-segundo-semestre-diz-thymos\/#primaryimage\",\"url\":\"https:\/\/agenciainfra.com\/blog\/wp-content\/uploads\/2020\/03\/joao-carlos-mello-foto-thymos-youtube.png\",\"contentUrl\":\"https:\/\/agenciainfra.com\/blog\/wp-content\/uploads\/2020\/03\/joao-carlos-mello-foto-thymos-youtube.png\",\"width\":1280,\"height\":784},{\"@type\":\"BreadcrumbList\",\"@id\":\"https:\/\/agenciainfra.com\/blog\/leiloes-de-geracao-de-energia-precisam-ocorrer-no-segundo-semestre-diz-thymos\/#breadcrumb\",\"itemListElement\":[{\"@type\":\"ListItem\",\"position\":1,\"name\":\"In\u00edcio\",\"item\":\"https:\/\/agenciainfra.com\/blog\/\"},{\"@type\":\"ListItem\",\"position\":2,\"name\":\"Leil\u00f5es de gera\u00e7\u00e3o de energia precisam ocorrer no segundo semestre, diz Thymos\"}]},{\"@type\":\"WebSite\",\"@id\":\"https:\/\/agenciainfra.com\/blog\/#website\",\"url\":\"https:\/\/agenciainfra.com\/blog\/\",\"name\":\"Ag\u00eancia iNFRA\",\"description\":\"Multiplataforma de informa\u00e7\u00e3o jornal\u00edstica refer\u00eancia na \u00e1rea de infraestrutura no Brasil!\",\"publisher\":{\"@id\":\"https:\/\/agenciainfra.com\/blog\/#organization\"},\"potentialAction\":[{\"@type\":\"SearchAction\",\"target\":{\"@type\":\"EntryPoint\",\"urlTemplate\":\"https:\/\/agenciainfra.com\/blog\/?s={search_term_string}\"},\"query-input\":{\"@type\":\"PropertyValueSpecification\",\"valueRequired\":true,\"valueName\":\"search_term_string\"}}],\"inLanguage\":\"pt-BR\"},{\"@type\":\"Organization\",\"@id\":\"https:\/\/agenciainfra.com\/blog\/#organization\",\"name\":\"Ag\u00eancia iNFRA\",\"url\":\"https:\/\/agenciainfra.com\/blog\/\",\"logo\":{\"@type\":\"ImageObject\",\"inLanguage\":\"pt-BR\",\"@id\":\"https:\/\/agenciainfra.com\/blog\/#\/schema\/logo\/image\/\",\"url\":\"https:\/\/agenciainfra.com\/blog\/wp-content\/uploads\/2023\/09\/iNFRA_5-e1761735885940.png\",\"contentUrl\":\"https:\/\/agenciainfra.com\/blog\/wp-content\/uploads\/2023\/09\/iNFRA_5-e1761735885940.png\",\"width\":1672,\"height\":454,\"caption\":\"Ag\u00eancia iNFRA\"},\"image\":{\"@id\":\"https:\/\/agenciainfra.com\/blog\/#\/schema\/logo\/image\/\"},\"sameAs\":[\"https:\/\/www.facebook.com\/ageninfra\",\"https:\/\/x.com\/agencia_infra\",\"https:\/\/www.linkedin.com\/company\/ag\u00eanciainfra\/\",\"https:\/\/www.instagram.com\/agenciainfra\/\"]},{\"@type\":\"Person\",\"@id\":\"https:\/\/agenciainfra.com\/blog\/#\/schema\/person\/04dbb79bd6d8951f063da71f3e4c1eb1\",\"name\":\"Rodrigo Zuquim\",\"image\":{\"@type\":\"ImageObject\",\"inLanguage\":\"pt-BR\",\"@id\":\"https:\/\/agenciainfra.com\/blog\/#\/schema\/person\/image\/\",\"url\":\"https:\/\/secure.gravatar.com\/avatar\/594abfe82761d620726242ff34ca472a705a4b97f16c790053a6b4c4035274d0?s=96&d=mm&r=g\",\"contentUrl\":\"https:\/\/secure.gravatar.com\/avatar\/594abfe82761d620726242ff34ca472a705a4b97f16c790053a6b4c4035274d0?s=96&d=mm&r=g\",\"caption\":\"Rodrigo Zuquim\"},\"url\":\"https:\/\/agenciainfra.com\/blog\/author\/rodrigo-zuquim\/\"}]}<\/script>\n<!-- \/ Yoast SEO Premium plugin. -->","yoast_head_json":{"title":"Leil\u00f5es de gera\u00e7\u00e3o de energia precisam ocorrer no segundo semestre, diz Thymos - Ag\u00eancia iNFRA","robots":{"index":"index","follow":"follow","max-snippet":"max-snippet:-1","max-image-preview":"max-image-preview:large","max-video-preview":"max-video-preview:-1"},"canonical":"https:\/\/agenciainfra.com\/blog\/leiloes-de-geracao-de-energia-precisam-ocorrer-no-segundo-semestre-diz-thymos\/","og_locale":"pt_BR","og_type":"article","og_title":"Leil\u00f5es de gera\u00e7\u00e3o de energia precisam ocorrer no segundo semestre, diz Thymos","og_description":"Leila Coimbra,\u00a0da Ag\u00eancia iNFRA O MME (Minist\u00e9rio de Minas e Energia) e a ANEEL (Ag\u00eancia Nacional de Energia El\u00e9trica) tiveram a atitude correta de adiar os leil\u00f5es de energia previstos para ocorrer no m\u00eas de abril, devido \u00e0 pandemia de Covid-19, segundo avalia\u00e7\u00e3o do presidente da consultoria Thymos Energia, Jo\u00e3o Carlos Mello. Mas esses leil\u00f5es [&hellip;]","og_url":"https:\/\/agenciainfra.com\/blog\/leiloes-de-geracao-de-energia-precisam-ocorrer-no-segundo-semestre-diz-thymos\/","og_site_name":"Ag\u00eancia iNFRA","article_publisher":"https:\/\/www.facebook.com\/ageninfra","article_published_time":"2020-03-31T11:00:51+00:00","og_image":[{"width":1280,"height":784,"url":"https:\/\/agenciainfra.com\/blog\/wp-content\/uploads\/2020\/03\/joao-carlos-mello-foto-thymos-youtube.png","type":"image\/png"}],"author":"Rodrigo Zuquim","twitter_card":"summary_large_image","twitter_creator":"@agencia_infra","twitter_site":"@agencia_infra","twitter_misc":{"Escrito por":"Rodrigo Zuquim","Est. tempo de leitura":"4 minutos"},"schema":{"@context":"https:\/\/schema.org","@graph":[{"@type":"Article","@id":"https:\/\/agenciainfra.com\/blog\/leiloes-de-geracao-de-energia-precisam-ocorrer-no-segundo-semestre-diz-thymos\/#article","isPartOf":{"@id":"https:\/\/agenciainfra.com\/blog\/leiloes-de-geracao-de-energia-precisam-ocorrer-no-segundo-semestre-diz-thymos\/"},"author":{"name":"Rodrigo Zuquim","@id":"https:\/\/agenciainfra.com\/blog\/#\/schema\/person\/04dbb79bd6d8951f063da71f3e4c1eb1"},"headline":"Leil\u00f5es de gera\u00e7\u00e3o de energia precisam ocorrer no segundo semestre, diz Thymos","datePublished":"2020-03-31T11:00:51+00:00","mainEntityOfPage":{"@id":"https:\/\/agenciainfra.com\/blog\/leiloes-de-geracao-de-energia-precisam-ocorrer-no-segundo-semestre-diz-thymos\/"},"wordCount":790,"publisher":{"@id":"https:\/\/agenciainfra.com\/blog\/#organization"},"image":{"@id":"https:\/\/agenciainfra.com\/blog\/leiloes-de-geracao-de-energia-precisam-ocorrer-no-segundo-semestre-diz-thymos\/#primaryimage"},"thumbnailUrl":"https:\/\/agenciainfra.com\/blog\/wp-content\/uploads\/2020\/03\/joao-carlos-mello-foto-thymos-youtube.png","keywords":["coronav\u00edrus","Covid-19","energia","gera\u00e7\u00e3o","Jo\u00e3o Carlos Mello","leil\u00e3o","Thymos Energia"],"articleSection":["iNFRAEnergia"],"inLanguage":"pt-BR","copyrightYear":"2020","copyrightHolder":{"@id":"https:\/\/agenciainfra.com\/blog\/#organization"}},{"@type":"WebPage","@id":"https:\/\/agenciainfra.com\/blog\/leiloes-de-geracao-de-energia-precisam-ocorrer-no-segundo-semestre-diz-thymos\/","url":"https:\/\/agenciainfra.com\/blog\/leiloes-de-geracao-de-energia-precisam-ocorrer-no-segundo-semestre-diz-thymos\/","name":"Leil\u00f5es de gera\u00e7\u00e3o de energia precisam ocorrer no segundo semestre, diz Thymos - Ag\u00eancia iNFRA","isPartOf":{"@id":"https:\/\/agenciainfra.com\/blog\/#website"},"primaryImageOfPage":{"@id":"https:\/\/agenciainfra.com\/blog\/leiloes-de-geracao-de-energia-precisam-ocorrer-no-segundo-semestre-diz-thymos\/#primaryimage"},"image":{"@id":"https:\/\/agenciainfra.com\/blog\/leiloes-de-geracao-de-energia-precisam-ocorrer-no-segundo-semestre-diz-thymos\/#primaryimage"},"thumbnailUrl":"https:\/\/agenciainfra.com\/blog\/wp-content\/uploads\/2020\/03\/joao-carlos-mello-foto-thymos-youtube.png","datePublished":"2020-03-31T11:00:51+00:00","breadcrumb":{"@id":"https:\/\/agenciainfra.com\/blog\/leiloes-de-geracao-de-energia-precisam-ocorrer-no-segundo-semestre-diz-thymos\/#breadcrumb"},"inLanguage":"pt-BR","potentialAction":[{"@type":"ReadAction","target":["https:\/\/agenciainfra.com\/blog\/leiloes-de-geracao-de-energia-precisam-ocorrer-no-segundo-semestre-diz-thymos\/"]}]},{"@type":"ImageObject","inLanguage":"pt-BR","@id":"https:\/\/agenciainfra.com\/blog\/leiloes-de-geracao-de-energia-precisam-ocorrer-no-segundo-semestre-diz-thymos\/#primaryimage","url":"https:\/\/agenciainfra.com\/blog\/wp-content\/uploads\/2020\/03\/joao-carlos-mello-foto-thymos-youtube.png","contentUrl":"https:\/\/agenciainfra.com\/blog\/wp-content\/uploads\/2020\/03\/joao-carlos-mello-foto-thymos-youtube.png","width":1280,"height":784},{"@type":"BreadcrumbList","@id":"https:\/\/agenciainfra.com\/blog\/leiloes-de-geracao-de-energia-precisam-ocorrer-no-segundo-semestre-diz-thymos\/#breadcrumb","itemListElement":[{"@type":"ListItem","position":1,"name":"In\u00edcio","item":"https:\/\/agenciainfra.com\/blog\/"},{"@type":"ListItem","position":2,"name":"Leil\u00f5es de gera\u00e7\u00e3o de energia precisam ocorrer no segundo semestre, diz Thymos"}]},{"@type":"WebSite","@id":"https:\/\/agenciainfra.com\/blog\/#website","url":"https:\/\/agenciainfra.com\/blog\/","name":"Ag\u00eancia iNFRA","description":"Multiplataforma de informa\u00e7\u00e3o jornal\u00edstica refer\u00eancia na \u00e1rea de infraestrutura no Brasil!","publisher":{"@id":"https:\/\/agenciainfra.com\/blog\/#organization"},"potentialAction":[{"@type":"SearchAction","target":{"@type":"EntryPoint","urlTemplate":"https:\/\/agenciainfra.com\/blog\/?s={search_term_string}"},"query-input":{"@type":"PropertyValueSpecification","valueRequired":true,"valueName":"search_term_string"}}],"inLanguage":"pt-BR"},{"@type":"Organization","@id":"https:\/\/agenciainfra.com\/blog\/#organization","name":"Ag\u00eancia iNFRA","url":"https:\/\/agenciainfra.com\/blog\/","logo":{"@type":"ImageObject","inLanguage":"pt-BR","@id":"https:\/\/agenciainfra.com\/blog\/#\/schema\/logo\/image\/","url":"https:\/\/agenciainfra.com\/blog\/wp-content\/uploads\/2023\/09\/iNFRA_5-e1761735885940.png","contentUrl":"https:\/\/agenciainfra.com\/blog\/wp-content\/uploads\/2023\/09\/iNFRA_5-e1761735885940.png","width":1672,"height":454,"caption":"Ag\u00eancia iNFRA"},"image":{"@id":"https:\/\/agenciainfra.com\/blog\/#\/schema\/logo\/image\/"},"sameAs":["https:\/\/www.facebook.com\/ageninfra","https:\/\/x.com\/agencia_infra","https:\/\/www.linkedin.com\/company\/ag\u00eanciainfra\/","https:\/\/www.instagram.com\/agenciainfra\/"]},{"@type":"Person","@id":"https:\/\/agenciainfra.com\/blog\/#\/schema\/person\/04dbb79bd6d8951f063da71f3e4c1eb1","name":"Rodrigo Zuquim","image":{"@type":"ImageObject","inLanguage":"pt-BR","@id":"https:\/\/agenciainfra.com\/blog\/#\/schema\/person\/image\/","url":"https:\/\/secure.gravatar.com\/avatar\/594abfe82761d620726242ff34ca472a705a4b97f16c790053a6b4c4035274d0?s=96&d=mm&r=g","contentUrl":"https:\/\/secure.gravatar.com\/avatar\/594abfe82761d620726242ff34ca472a705a4b97f16c790053a6b4c4035274d0?s=96&d=mm&r=g","caption":"Rodrigo Zuquim"},"url":"https:\/\/agenciainfra.com\/blog\/author\/rodrigo-zuquim\/"}]}},"_links":{"self":[{"href":"https:\/\/agenciainfra.com\/blog\/wp-json\/wp\/v2\/posts\/4646","targetHints":{"allow":["GET"]}}],"collection":[{"href":"https:\/\/agenciainfra.com\/blog\/wp-json\/wp\/v2\/posts"}],"about":[{"href":"https:\/\/agenciainfra.com\/blog\/wp-json\/wp\/v2\/types\/post"}],"author":[{"embeddable":true,"href":"https:\/\/agenciainfra.com\/blog\/wp-json\/wp\/v2\/users\/9"}],"replies":[{"embeddable":true,"href":"https:\/\/agenciainfra.com\/blog\/wp-json\/wp\/v2\/comments?post=4646"}],"version-history":[{"count":0,"href":"https:\/\/agenciainfra.com\/blog\/wp-json\/wp\/v2\/posts\/4646\/revisions"}],"wp:featuredmedia":[{"embeddable":true,"href":"https:\/\/agenciainfra.com\/blog\/wp-json\/wp\/v2\/media\/4647"}],"wp:attachment":[{"href":"https:\/\/agenciainfra.com\/blog\/wp-json\/wp\/v2\/media?parent=4646"}],"wp:term":[{"taxonomy":"category","embeddable":true,"href":"https:\/\/agenciainfra.com\/blog\/wp-json\/wp\/v2\/categories?post=4646"},{"taxonomy":"post_tag","embeddable":true,"href":"https:\/\/agenciainfra.com\/blog\/wp-json\/wp\/v2\/tags?post=4646"}],"curies":[{"name":"wp","href":"https:\/\/api.w.org\/{rel}","templated":true}]}}