{"id":46676,"date":"2026-08-31T11:00:00","date_gmt":"2026-08-31T14:00:00","guid":{"rendered":"https:\/\/agenciainfra.com\/blog\/?p=46676"},"modified":"2026-08-31T13:01:24","modified_gmt":"2026-08-31T16:01:24","slug":"oleo-e-gas-planos-de-lula-e-flavio-diferem-em-peso-dado-a-petrobras","status":"publish","type":"post","link":"https:\/\/agenciainfra.com\/blog\/oleo-e-gas-planos-de-lula-e-flavio-diferem-em-peso-dado-a-petrobras\/","title":{"rendered":"\u00d3leo e g\u00e1s: planos de Lula e Fl\u00e1vio diferem em peso dado \u00e0 Petrobras"},"content":{"rendered":"\n<p class=\"has-text-align-right\"><strong>Gabriel Vasconcelos, da Ag\u00eancia iNFRA<\/strong><\/p>\n\n\n\n<p>Duas semanas ap\u00f3s a divulga\u00e7\u00e3o dos planos de governo dos favoritos \u00e0 Presid\u00eancia da Rep\u00fablica, Lula (PT) e Fl\u00e1vio Bolsonaro (PL), executivos de \u00f3leo e g\u00e1s ainda digerem as propostas dos candidatos para o setor com apenas uma conclus\u00e3o em comum: os documentos n\u00e3o traduzem adequadamente o antagonismo das vis\u00f5es entre os dois grupos pol\u00edticos e falam muito mais pelo &#8220;n\u00e3o dito&#8221;.<\/p>\n\n\n\n<p>O plano de Fl\u00e1vio, por exemplo, n\u00e3o menciona a palavra Petrobras em nenhuma de suas 76 p\u00e1ginas, indicando que a estatal pode voltar a ser enxugada e que a pol\u00edtica de fomento ao setor seria focada no setor privado, sob a justificativa de busca por maior competi\u00e7\u00e3o. J\u00e1 a cartilha de Lula, totalmente apoiada na estatal como indutora da atividade, omite-se sobre abertura do mercado de g\u00e1s e pre\u00e7o da mol\u00e9cula, pontos de diverg\u00eancia interna do governo que, na leitura dos agentes, podem acabar &#8220;enterrados&#8221;\u00a0em um eventual governo reeleito por interesse da Petrobras, dominante na produ\u00e7\u00e3o de g\u00e1s.<\/p>\n\n\n\n<p>Ainda assim, executivos ouvidos pela&nbsp;<strong>Ag\u00eancia iNFRA<\/strong>&nbsp;foram contumazes ao dizerem que ao menos o futuro da explora\u00e7\u00e3o e produ\u00e7\u00e3o offshore parece &#8220;protegido&#8221;, seja qual for o resultado da elei\u00e7\u00e3o. Para eles, as principais diferen\u00e7as entre os candidatos se concentram no papel da Petrobras, no g\u00e1s, e na distribui\u00e7\u00e3o de combust\u00edveis.&nbsp;&nbsp;<\/p>\n\n\n\n<p>Os dois candidatos, observam, aproximam-se em pontos considerados chave, por exemplo ao reconhecer a import\u00e2ncia de avan\u00e7ar na produ\u00e7\u00e3o e explora\u00e7\u00e3o de petr\u00f3leo com abertura de novas fronteiras, al\u00e9m da expans\u00e3o do refino e da infraestrutura de g\u00e1s. O plano de Lula aplacou o temor do mercado, j\u00e1 reduzido no \u00faltimo ano, de que a ala ambiental do governo Lula prevalecesse no bloqueio \u00e0 Margem Equatorial e outras reservas de petr\u00f3leo. Esse receio nunca existiu quanto a Fl\u00e1vio Bolsonaro, em fun\u00e7\u00e3o do seu distanciamento da pauta ambiental.\u00a0<\/p>\n\n\n\n<p>&#8220;Os m\u00e9todos podem ser diferentes, mas convergem em alguns objetivos importantes. Isso \u00e9 bom para a ind\u00fastria e para o investidor&#8221;, diz um executivo. &#8220;A sinaliza\u00e7\u00e3o \u00e9 de que n\u00e3o teremos um cavalo de pau no cora\u00e7\u00e3o do neg\u00f3cio&#8221;, diz outro interlocutor, ao comparar o momento brasileiro com o pr\u00e9-elei\u00e7\u00e3o de pa\u00edses como Argentina, M\u00e9xico e Col\u00f4mbia, onde a percep\u00e7\u00e3o de risco do setor tem sido bem maior. &#8220;H\u00e1 um m\u00ednimo de maturidade no Brasil quando o assunto \u00e9 \u00f3leo e g\u00e1s&#8221;, conclui.<\/p>\n\n\n\n<p>Um deles pontua, por\u00e9m, a falta de clareza com rela\u00e7\u00e3o ao futuro do imposto sobre exporta\u00e7\u00e3o de petr\u00f3leo, sobretudo no plano de Lula. A cobran\u00e7a est\u00e1 no centro de um lit\u00edgio judicial com idas e vindas entre governo e petroleiras, que temem a incorpora\u00e7\u00e3o definitiva do instrumento.<\/p>\n\n\n\n<p><strong>Papel da Petrobras<\/strong><br>Afastada a perspectiva de mudan\u00e7a brusca, a diferen\u00e7a mais apontada pelos agentes est\u00e1 no papel que ser\u00e1 dado \u00e0 Petrobras no pr\u00f3ximo governo. Entre o dito e o n\u00e3o dito, os executivos ouvidos falam em &#8220;reedi\u00e7\u00e3o controlada&#8221; do passado.&nbsp;<\/p>\n\n\n\n<p>Em um eventual quarto governo Lula, esperam uma Petrobras ainda mais expansionista e voltando de fato para a distribui\u00e7\u00e3o de combust\u00edveis, mas sem amea\u00e7ar a rentabilidade do neg\u00f3cio como no segundo governo Dilma Rousseff.&nbsp;<\/p>\n\n\n\n<p>Objetivamente, o plano de Lula, coordenado pelo ex-presidente da estatal, o economista Jos\u00e9 S\u00e9rgio Gabrielli, fala em &#8220;recupera\u00e7\u00e3o, pela Petrobras, da participa\u00e7\u00e3o no controle de reservas nacionais e expans\u00e3o de investimentos em revitaliza\u00e7\u00e3o de campos maduros&#8221;, o que significa aumentar a presen\u00e7a da estatal mesmo em ativos menores e menos rent\u00e1veis.<\/p>\n\n\n\n<p>Esses campos menores vinham sendo vendidos pela Petrobras \u00e0s pequenas e m\u00e9dias petroleiras (juniors oil) sob o governo Bolsonaro com a justificativa de que sua escala n\u00e3o fazia mais sentido para a estatal, ent\u00e3o focada nos campos gigantes do pr\u00e9-sal. Um eventual desenvolvimento da produ\u00e7\u00e3o na Margem Equatorial, acompanhada de altas doses de Capex (investimento), tende a recolocar em debate o foco da Petrobras.<\/p>\n\n\n\n<p>No caso de Fl\u00e1vio, embora a petroleira estatal n\u00e3o conste do plano, a expectativa \u00e9 outra: volta do foco no E&amp;P offshore, com venda de campos em terra e ativos maduros nos dois ambientes, mas sem necessariamente sair do refino, como foi ensaiado no governo de seu pai, o ex-presidente Jair Bolsonaro. A leitura \u00e9 que o aumento no pre\u00e7o dos combust\u00edveis ap\u00f3s a privatiza\u00e7\u00e3o de refinarias no Norte e Nordeste tornou esse tipo de medida impopular a ponto de tir\u00e1-la da mesa.&nbsp;<\/p>\n\n\n\n<p><strong>Distribui\u00e7\u00e3o<\/strong><br>Outros destaques no plano de Lula s\u00e3o a men\u00e7\u00e3o expl\u00edcita sobre retorno da Petrobras ao segmento de distribui\u00e7\u00e3o de combust\u00edveis e amplia\u00e7\u00e3o da atua\u00e7\u00e3o da Transpetro para log\u00edstica de GNL (G\u00e1s Natural Liquefeito).\u00a0<\/p>\n\n\n\n<p>A diretora t\u00e9cnica do Ineep (Instituto de Estudos Estrat\u00e9gicos de Petr\u00f3leo, G\u00e1s Natural e Biocombust\u00edveis), Ticiana Alvares, que integra a equipe de Gabrielli, reiterou \u00e0&nbsp;<strong>Ag\u00eancia iNFRA<\/strong>&nbsp;que a ideia com a volta \u00e0 distribui\u00e7\u00e3o \u00e9 retomar a atua\u00e7\u00e3o vertical da Petrobras do &#8220;po\u00e7o ao posto&#8221;&nbsp;a fim de ter influ\u00eancia mais direta no pre\u00e7o final dos combust\u00edveis ao consumidor, sobretudo ap\u00f3s o impacto de guerras recentes (Ucr\u00e2nia e Oriente M\u00e9dio) nesse mercado.<\/p>\n\n\n\n<p>Sobre esse retorno \u00e0 distribui\u00e7\u00e3o, ela frisou que, apesar da diretriz de governo, \u00e9 a Petrobras quem vai definir o modo de atua\u00e7\u00e3o. T\u00e9cnicos da companhia seguem estudando op\u00e7\u00f5es para contornar a cl\u00e1usula de n\u00e3o competi\u00e7\u00e3o com a Vibra, cujo contrato de uso da marca Petrobras nos postos expira em junho de 2029 com &#8216;debranding&#8217; (retirada progressiva) at\u00e9 2034. Desde o primeiro ano do atual mandato, a Petrobras indicou que n\u00e3o pretende renovar o contrato com a Vibra, o que, na leitura do mercado, poderia mudar no caso da elei\u00e7\u00e3o de Fl\u00e1vio.<\/p>\n\n\n\n<p>Al\u00e9m do caso espec\u00edfico da Vibra, a leitura \u00e9 que eventual mudan\u00e7a de governo tenderia a reduzir a press\u00e3o sobre os pre\u00e7os praticados nessa etapa da cadeia. O governo Lula tem avan\u00e7ado e, se reeleito, tende a se aprofundar na fiscaliza\u00e7\u00e3o e na constru\u00e7\u00e3o de uma legisla\u00e7\u00e3o sobre abusividade de pre\u00e7os na distribui\u00e7\u00e3o de todos os combust\u00edveis, o que, na perspectiva do mercado, tende a ficar escanteado sob um eventual governo de Fl\u00e1vio.<\/p>\n\n\n\n<p><strong>G\u00e1s Natural<\/strong><br>O t\u00f3pico do g\u00e1s \u00e9 bom exemplo sobre como os documentos de campanha se aproximam, mas n\u00e3o mudam a percep\u00e7\u00e3o do mercado sobre o que os candidatos sinalizam ao setor.&nbsp;<\/p>\n\n\n\n<p>A \u00fanica diferen\u00e7a de relevo est\u00e1 no apoio do programa de Fl\u00e1vio Bolsonaro \u00e0 explora\u00e7\u00e3o do \u2018shale gas\u2019 (fracking), a partir do fraturamento hidr\u00e1ulico, t\u00e9cnica de inje\u00e7\u00e3o de \u00e1gua, areia e produtos qu\u00edmicos sob alta press\u00e3o para quebrar a rocha. Hoje em discuss\u00e3o no STJ (Superior Tribunal de Justi\u00e7a), a viabilidade dessa atividade \u00e9 defendida por t\u00e9cnicos do MME (Minist\u00e9rio de Minas e Energia) do governo Lula, mas encontra forte resist\u00eancia da ala ambiental do governo e, por isso, n\u00e3o foi mencionada no plano do petista.<\/p>\n\n\n\n<p>De resto, o programa de Fl\u00e1vio fala em &#8220;apoiar a expans\u00e3o da rede de escoamento e transporte de g\u00e1s conforme a demanda, com seguran\u00e7a jur\u00eddica e regras est\u00e1veis que atraiam o investimento privado, para integrar \u00e0 malha os estados hoje desconectados e baratear a energia da ind\u00fastria e da fam\u00edlia&#8221;.&nbsp;<\/p>\n\n\n\n<p>J\u00e1 o de Lula afirma que a infraestrutura de g\u00e1s natural &#8220;continuar\u00e1 sendo expandida e integrada para ampliar a oferta, interiorizar as malhas de transporte e distribui\u00e7\u00e3o e fortalecer a integra\u00e7\u00e3o gas\u00edfera sul-americana&#8221;. A este respeito, a diretora t\u00e9cnica do Ineep, Ticiana Alvares, afirma que o plano objetiva &#8220;abrasileirar o pre\u00e7o do g\u00e1s&#8221;&nbsp;com o cond\u00e3o da Petrobras. &#8220;Cerca de 75% do g\u00e1s consumido no Brasil \u00e9 produzido no pa\u00eds, ent\u00e3o n\u00e3o faz sentido termos pre\u00e7os relativamente altos. O governo Lula vai trabalhar para baratear o pre\u00e7o da mol\u00e9cula, e os instrumentos dependem de decis\u00f5es da Petrobras, em condi\u00e7\u00f5es espec\u00edficas&#8221;, diz.<\/p>\n\n\n\n<p>Os dois programas prometem, portanto, amplia\u00e7\u00e3o e interioriza\u00e7\u00e3o de gasodutos e barateamento de pre\u00e7os. Mas, enquanto o grupo de Fl\u00e1vio cita como objetivo &#8220;dar continuidade&#8221;&nbsp;ao caminho da Nova Lei do G\u00e1s, o tema n\u00e3o aparece no programa de Lula, que tamb\u00e9m n\u00e3o faz men\u00e7\u00e3o ao pr\u00f3prio programa do governo na \u00e1rea, o G\u00e1s para Empregar, que visa o aumento da oferta de g\u00e1s barato \u00e0 ind\u00fastria.&nbsp;<\/p>\n\n\n\n<p>Tanto a implementa\u00e7\u00e3o da lei quanto o programa dependem de medidas em discuss\u00e3o na ANP (Ag\u00eancia Nacional do Petr\u00f3leo, G\u00e1s Natural e Biocombust\u00edveis),&nbsp;como a desconcentra\u00e7\u00e3o for\u00e7ada do mercado de g\u00e1s (Gas Release) e a promo\u00e7\u00e3o do acesso de terceiros a gasodutos submarinos e esta\u00e7\u00f5es de processamento hoje sob controle da Petrobras. Na avalia\u00e7\u00e3o do mercado, essas medidas liberalizantes encontrariam forte respaldo em um eventual governo Fl\u00e1vio, enquanto claudicariam sob Lula, devido \u00e0&nbsp;diverg\u00eancia interna entre t\u00e9cnicos do MME (Minist\u00e9rio de Minas e Energia) e a Casa Civil, que apoia a vis\u00e3o da Petrobras.&nbsp;<\/p>\n\n\n\n<p><strong>Biocombust\u00edveis<\/strong><br>Em biocombust\u00edveis, os programas se mostram mais uma vez siameses, mas essa conflu\u00eancia j\u00e1 n\u00e3o resistiu \u00e0s primeiras semanas de campanha. Ambos falam em fortalecer o programa de descarboniza\u00e7\u00e3o obrigat\u00f3rio do setor, o RenovaBio. O programa de Lula fala\u00a0 em &#8220;continuar a fortalecer a produ\u00e7\u00e3o de biocombust\u00edveis&#8221;, no que cita etanol de milho e cana, biodiesel, SAF (Sustainable Aviation Fuel) e biog\u00e1s. No mesmo caminho, o programa de Fl\u00e1vio fala em &#8220;transformar o Brasil em pot\u00eancia de biocombust\u00edveis&#8221;, listando os mesmos produtos e indicando incentivos legais e financeiros a SAF e biog\u00e1s.<\/p>\n\n\n\n<p>A sinaliza\u00e7\u00e3o do grupo bolsonarista ao setor, no entanto, foi atrapalhada por recente declara\u00e7\u00e3o de Fl\u00e1vio em live nas redes sociais. Ele afirmou que, se eleito, o E32 vai ter de ser discutido, e associou o movimento do governo federal \u00e0 chamada &#8220;redufla\u00e7\u00e3o&#8221;, quando um fabricante reduz o volume de um produto, mas mant\u00e9m o pre\u00e7o para disfar\u00e7ar a infla\u00e7\u00e3o. Ele sugere que isso poderia motivar o aumento do etanol na mistura do combust\u00edvel, j\u00e1 que reduz a parcela de gasolina do produto. A fala provocou forte rea\u00e7\u00e3o no setor, visto que os teores de etanol e biodiesel nas misturas da gasolina e do diesel s\u00e3o fortes indutores da&nbsp;demanda por&nbsp;esses insumos.<\/p>\n","protected":false},"excerpt":{"rendered":"<p>Gabriel Vasconcelos, da Ag\u00eancia iNFRA Duas semanas ap\u00f3s a divulga\u00e7\u00e3o dos planos de governo dos favoritos \u00e0 Presid\u00eancia da Rep\u00fablica, Lula (PT) e Fl\u00e1vio Bolsonaro (PL), executivos de \u00f3leo e g\u00e1s ainda digerem as propostas dos candidatos para o setor com apenas uma conclus\u00e3o em comum: os documentos n\u00e3o traduzem adequadamente o antagonismo das vis\u00f5es [&hellip;]<\/p>\n","protected":false},"author":1,"featured_media":46677,"comment_status":"closed","ping_status":"closed","sticky":false,"template":"","format":"standard","meta":{"_monsterinsights_skip_tracking":false,"_monsterinsights_sitenote_active":false,"_monsterinsights_sitenote_note":"","_monsterinsights_sitenote_category":0,"footnotes":""},"categories":[7250],"tags":[2474,9909,13916,19443,14067,13251,882,1783,20771,15353,580,13269,1091,9810,143,1786,21614,87],"class_list":["post-46676","post","type-post","status-publish","format-standard","has-post-thumbnail","hentry","category-destaque-lista","tag-biocombustiveis","tag-distribuicao-de-combustiveis","tag-exportacao-de-petroleo","tag-flavio-bolsonaro","tag-fracking","tag-gabriel-vasconcelos","tag-gas-natural","tag-gnl","tag-imposto-sobre-exportacao","tag-ineep","tag-lula","tag-margem-equatorial","tag-mercado-de-gas","tag-oleo-e-gas-2","tag-petrobras","tag-shale-gas","tag-ticiana-alvares","tag-transpetro"],"yoast_head":"<!-- This site is optimized with the Yoast SEO Premium plugin v25.4 (Yoast SEO v28.2) - https:\/\/yoast.com\/product\/yoast-seo-premium-wordpress\/ -->\n<title>\u00d3leo e g\u00e1s: planos de Lula e Fl\u00e1vio diferem em peso dado \u00e0 Petrobras - Ag\u00eancia iNFRA<\/title>\n<meta name=\"robots\" content=\"index, follow, max-snippet:-1, max-image-preview:large, max-video-preview:-1\" \/>\n<link rel=\"canonical\" href=\"https:\/\/agenciainfra.com\/blog\/oleo-e-gas-planos-de-lula-e-flavio-diferem-em-peso-dado-a-petrobras\/\" \/>\n<meta property=\"og:locale\" content=\"pt_BR\" \/>\n<meta property=\"og:type\" content=\"article\" \/>\n<meta property=\"og:title\" content=\"\u00d3leo e g\u00e1s: planos de Lula e Fl\u00e1vio diferem em peso dado \u00e0 Petrobras\" \/>\n<meta property=\"og:description\" content=\"Gabriel Vasconcelos, da Ag\u00eancia iNFRA Duas semanas ap\u00f3s a divulga\u00e7\u00e3o dos planos de governo dos favoritos \u00e0 Presid\u00eancia da Rep\u00fablica, Lula (PT) e Fl\u00e1vio Bolsonaro (PL), executivos de \u00f3leo e g\u00e1s ainda digerem as propostas dos candidatos para o setor com apenas uma conclus\u00e3o em comum: os documentos n\u00e3o traduzem adequadamente o antagonismo das vis\u00f5es [&hellip;]\" \/>\n<meta property=\"og:url\" content=\"https:\/\/agenciainfra.com\/blog\/oleo-e-gas-planos-de-lula-e-flavio-diferem-em-peso-dado-a-petrobras\/\" \/>\n<meta property=\"og:site_name\" content=\"Ag\u00eancia iNFRA\" \/>\n<meta property=\"article:publisher\" content=\"https:\/\/www.facebook.com\/ageninfra\" \/>\n<meta property=\"article:published_time\" content=\"2026-08-31T14:00:00+00:00\" \/>\n<meta property=\"article:modified_time\" content=\"2026-08-31T16:01:24+00:00\" \/>\n<meta property=\"og:image\" content=\"https:\/\/agenciainfra.com\/blog\/wp-content\/uploads\/2026\/08\/petrobras-foto-andre-ribeiro-banco-de-imagens-petrobras.jpg\" \/>\n\t<meta property=\"og:image:width\" content=\"1280\" \/>\n\t<meta property=\"og:image:height\" content=\"853\" \/>\n\t<meta property=\"og:image:type\" content=\"image\/jpeg\" \/>\n<meta name=\"author\" content=\"Ag\u00eancia iNFRA\" \/>\n<meta name=\"twitter:card\" content=\"summary_large_image\" \/>\n<meta name=\"twitter:creator\" content=\"@agencia_infra\" \/>\n<meta name=\"twitter:site\" content=\"@agencia_infra\" \/>\n<meta name=\"twitter:label1\" content=\"Escrito por\" \/>\n\t<meta name=\"twitter:data1\" content=\"Ag\u00eancia iNFRA\" \/>\n\t<meta name=\"twitter:label2\" content=\"Est. tempo de leitura\" \/>\n\t<meta name=\"twitter:data2\" content=\"9 minutos\" \/>\n<script type=\"application\/ld+json\" class=\"yoast-schema-graph\">{\"@context\":\"https:\\\/\\\/schema.org\",\"@graph\":[{\"@type\":\"Article\",\"@id\":\"https:\\\/\\\/agenciainfra.com\\\/blog\\\/oleo-e-gas-planos-de-lula-e-flavio-diferem-em-peso-dado-a-petrobras\\\/#article\",\"isPartOf\":{\"@id\":\"https:\\\/\\\/agenciainfra.com\\\/blog\\\/oleo-e-gas-planos-de-lula-e-flavio-diferem-em-peso-dado-a-petrobras\\\/\"},\"author\":{\"name\":\"Ag\u00eancia iNFRA\",\"@id\":\"https:\\\/\\\/agenciainfra.com\\\/blog\\\/#\\\/schema\\\/person\\\/34af08dff6adea4cb22b06612ba7acfa\"},\"headline\":\"\u00d3leo e g\u00e1s: planos de Lula e Fl\u00e1vio diferem em peso dado \u00e0 Petrobras\",\"datePublished\":\"2026-08-31T14:00:00+00:00\",\"dateModified\":\"2026-08-31T16:01:24+00:00\",\"mainEntityOfPage\":{\"@id\":\"https:\\\/\\\/agenciainfra.com\\\/blog\\\/oleo-e-gas-planos-de-lula-e-flavio-diferem-em-peso-dado-a-petrobras\\\/\"},\"wordCount\":1865,\"publisher\":{\"@id\":\"https:\\\/\\\/agenciainfra.com\\\/blog\\\/#organization\"},\"image\":{\"@id\":\"https:\\\/\\\/agenciainfra.com\\\/blog\\\/oleo-e-gas-planos-de-lula-e-flavio-diferem-em-peso-dado-a-petrobras\\\/#primaryimage\"},\"thumbnailUrl\":\"https:\\\/\\\/agenciainfra.com\\\/blog\\\/wp-content\\\/uploads\\\/2026\\\/08\\\/petrobras-foto-andre-ribeiro-banco-de-imagens-petrobras.jpg\",\"keywords\":[\"biocombust\u00edveis\",\"distribui\u00e7\u00e3o de combust\u00edveis\",\"exporta\u00e7\u00e3o de petr\u00f3leo\",\"Fl\u00e1vio Bolsonaro\",\"fracking\",\"Gabriel Vasconcelos\",\"g\u00e1s natural\",\"GNL\",\"imposto sobre exporta\u00e7\u00e3o\",\"Ineep\",\"Lula\",\"margem equatorial\",\"mercado de g\u00e1s\",\"\u00d3leo e G\u00e1s\",\"Petrobras\",\"shale gas\",\"Ticiana Alvares\",\"TRANSPETRO\"],\"articleSection\":[\"Destaque lista\"],\"inLanguage\":\"pt-BR\",\"copyrightYear\":\"2026\",\"copyrightHolder\":{\"@id\":\"https:\\\/\\\/agenciainfra.com\\\/blog\\\/#organization\"}},{\"@type\":\"WebPage\",\"@id\":\"https:\\\/\\\/agenciainfra.com\\\/blog\\\/oleo-e-gas-planos-de-lula-e-flavio-diferem-em-peso-dado-a-petrobras\\\/\",\"url\":\"https:\\\/\\\/agenciainfra.com\\\/blog\\\/oleo-e-gas-planos-de-lula-e-flavio-diferem-em-peso-dado-a-petrobras\\\/\",\"name\":\"\u00d3leo e g\u00e1s: planos de Lula e Fl\u00e1vio diferem em peso dado \u00e0 Petrobras - Ag\u00eancia iNFRA\",\"isPartOf\":{\"@id\":\"https:\\\/\\\/agenciainfra.com\\\/blog\\\/#website\"},\"primaryImageOfPage\":{\"@id\":\"https:\\\/\\\/agenciainfra.com\\\/blog\\\/oleo-e-gas-planos-de-lula-e-flavio-diferem-em-peso-dado-a-petrobras\\\/#primaryimage\"},\"image\":{\"@id\":\"https:\\\/\\\/agenciainfra.com\\\/blog\\\/oleo-e-gas-planos-de-lula-e-flavio-diferem-em-peso-dado-a-petrobras\\\/#primaryimage\"},\"thumbnailUrl\":\"https:\\\/\\\/agenciainfra.com\\\/blog\\\/wp-content\\\/uploads\\\/2026\\\/08\\\/petrobras-foto-andre-ribeiro-banco-de-imagens-petrobras.jpg\",\"datePublished\":\"2026-08-31T14:00:00+00:00\",\"dateModified\":\"2026-08-31T16:01:24+00:00\",\"breadcrumb\":{\"@id\":\"https:\\\/\\\/agenciainfra.com\\\/blog\\\/oleo-e-gas-planos-de-lula-e-flavio-diferem-em-peso-dado-a-petrobras\\\/#breadcrumb\"},\"inLanguage\":\"pt-BR\",\"potentialAction\":[{\"@type\":\"ReadAction\",\"target\":[\"https:\\\/\\\/agenciainfra.com\\\/blog\\\/oleo-e-gas-planos-de-lula-e-flavio-diferem-em-peso-dado-a-petrobras\\\/\"]}]},{\"@type\":\"ImageObject\",\"inLanguage\":\"pt-BR\",\"@id\":\"https:\\\/\\\/agenciainfra.com\\\/blog\\\/oleo-e-gas-planos-de-lula-e-flavio-diferem-em-peso-dado-a-petrobras\\\/#primaryimage\",\"url\":\"https:\\\/\\\/agenciainfra.com\\\/blog\\\/wp-content\\\/uploads\\\/2026\\\/08\\\/petrobras-foto-andre-ribeiro-banco-de-imagens-petrobras.jpg\",\"contentUrl\":\"https:\\\/\\\/agenciainfra.com\\\/blog\\\/wp-content\\\/uploads\\\/2026\\\/08\\\/petrobras-foto-andre-ribeiro-banco-de-imagens-petrobras.jpg\",\"width\":1280,\"height\":853,\"caption\":\"Foto: Andr\u00e9 Ribeiro\\\/Banco de Imagens Petrobras\"},{\"@type\":\"BreadcrumbList\",\"@id\":\"https:\\\/\\\/agenciainfra.com\\\/blog\\\/oleo-e-gas-planos-de-lula-e-flavio-diferem-em-peso-dado-a-petrobras\\\/#breadcrumb\",\"itemListElement\":[{\"@type\":\"ListItem\",\"position\":1,\"name\":\"In\u00edcio\",\"item\":\"https:\\\/\\\/agenciainfra.com\\\/blog\\\/\"},{\"@type\":\"ListItem\",\"position\":2,\"name\":\"\u00d3leo e g\u00e1s: planos de Lula e Fl\u00e1vio diferem em peso dado \u00e0 Petrobras\"}]},{\"@type\":\"WebSite\",\"@id\":\"https:\\\/\\\/agenciainfra.com\\\/blog\\\/#website\",\"url\":\"https:\\\/\\\/agenciainfra.com\\\/blog\\\/\",\"name\":\"Ag\u00eancia iNFRA\",\"description\":\"Multiplataforma de informa\u00e7\u00e3o jornal\u00edstica refer\u00eancia na \u00e1rea de infraestrutura no Brasil!\",\"publisher\":{\"@id\":\"https:\\\/\\\/agenciainfra.com\\\/blog\\\/#organization\"},\"potentialAction\":[{\"@type\":\"SearchAction\",\"target\":{\"@type\":\"EntryPoint\",\"urlTemplate\":\"https:\\\/\\\/agenciainfra.com\\\/blog\\\/?s={search_term_string}\"},\"query-input\":{\"@type\":\"PropertyValueSpecification\",\"valueRequired\":true,\"valueName\":\"search_term_string\"}}],\"inLanguage\":\"pt-BR\"},{\"@type\":\"Organization\",\"@id\":\"https:\\\/\\\/agenciainfra.com\\\/blog\\\/#organization\",\"name\":\"Ag\u00eancia iNFRA\",\"url\":\"https:\\\/\\\/agenciainfra.com\\\/blog\\\/\",\"logo\":{\"@type\":\"ImageObject\",\"inLanguage\":\"pt-BR\",\"@id\":\"https:\\\/\\\/agenciainfra.com\\\/blog\\\/#\\\/schema\\\/logo\\\/image\\\/\",\"url\":\"https:\\\/\\\/agenciainfra.com\\\/blog\\\/wp-content\\\/uploads\\\/2023\\\/09\\\/iNFRA_5-e1761735885940.png\",\"contentUrl\":\"https:\\\/\\\/agenciainfra.com\\\/blog\\\/wp-content\\\/uploads\\\/2023\\\/09\\\/iNFRA_5-e1761735885940.png\",\"width\":1672,\"height\":454,\"caption\":\"Ag\u00eancia iNFRA\"},\"image\":{\"@id\":\"https:\\\/\\\/agenciainfra.com\\\/blog\\\/#\\\/schema\\\/logo\\\/image\\\/\"},\"sameAs\":[\"https:\\\/\\\/www.facebook.com\\\/ageninfra\",\"https:\\\/\\\/x.com\\\/agencia_infra\",\"https:\\\/\\\/www.linkedin.com\\\/company\\\/ag\u00eanciainfra\\\/\",\"https:\\\/\\\/www.instagram.com\\\/agenciainfra\\\/\"]},{\"@type\":\"Person\",\"@id\":\"https:\\\/\\\/agenciainfra.com\\\/blog\\\/#\\\/schema\\\/person\\\/34af08dff6adea4cb22b06612ba7acfa\",\"name\":\"Ag\u00eancia iNFRA\",\"image\":{\"@type\":\"ImageObject\",\"inLanguage\":\"pt-BR\",\"@id\":\"https:\\\/\\\/secure.gravatar.com\\\/avatar\\\/d189e01678f06d8eb84d4e01f08eb848b3fffe3f8443818d3c356c66892f5be8?s=96&d=mm&r=g\",\"url\":\"https:\\\/\\\/secure.gravatar.com\\\/avatar\\\/d189e01678f06d8eb84d4e01f08eb848b3fffe3f8443818d3c356c66892f5be8?s=96&d=mm&r=g\",\"contentUrl\":\"https:\\\/\\\/secure.gravatar.com\\\/avatar\\\/d189e01678f06d8eb84d4e01f08eb848b3fffe3f8443818d3c356c66892f5be8?s=96&d=mm&r=g\",\"caption\":\"Ag\u00eancia iNFRA\"},\"url\":\"https:\\\/\\\/agenciainfra.com\\\/blog\\\/author\\\/admin\\\/\"}]}<\/script>\n<!-- \/ Yoast SEO Premium plugin. -->","yoast_head_json":{"title":"\u00d3leo e g\u00e1s: planos de Lula e Fl\u00e1vio diferem em peso dado \u00e0 Petrobras - Ag\u00eancia iNFRA","robots":{"index":"index","follow":"follow","max-snippet":"max-snippet:-1","max-image-preview":"max-image-preview:large","max-video-preview":"max-video-preview:-1"},"canonical":"https:\/\/agenciainfra.com\/blog\/oleo-e-gas-planos-de-lula-e-flavio-diferem-em-peso-dado-a-petrobras\/","og_locale":"pt_BR","og_type":"article","og_title":"\u00d3leo e g\u00e1s: planos de Lula e Fl\u00e1vio diferem em peso dado \u00e0 Petrobras","og_description":"Gabriel Vasconcelos, da Ag\u00eancia iNFRA Duas semanas ap\u00f3s a divulga\u00e7\u00e3o dos planos de governo dos favoritos \u00e0 Presid\u00eancia da Rep\u00fablica, Lula (PT) e Fl\u00e1vio Bolsonaro (PL), executivos de \u00f3leo e g\u00e1s ainda digerem as propostas dos candidatos para o setor com apenas uma conclus\u00e3o em comum: os documentos n\u00e3o traduzem adequadamente o antagonismo das vis\u00f5es [&hellip;]","og_url":"https:\/\/agenciainfra.com\/blog\/oleo-e-gas-planos-de-lula-e-flavio-diferem-em-peso-dado-a-petrobras\/","og_site_name":"Ag\u00eancia iNFRA","article_publisher":"https:\/\/www.facebook.com\/ageninfra","article_published_time":"2026-08-31T14:00:00+00:00","article_modified_time":"2026-08-31T16:01:24+00:00","og_image":[{"width":1280,"height":853,"url":"https:\/\/agenciainfra.com\/blog\/wp-content\/uploads\/2026\/08\/petrobras-foto-andre-ribeiro-banco-de-imagens-petrobras.jpg","type":"image\/jpeg"}],"author":"Ag\u00eancia iNFRA","twitter_card":"summary_large_image","twitter_creator":"@agencia_infra","twitter_site":"@agencia_infra","twitter_misc":{"Escrito por":"Ag\u00eancia iNFRA","Est. tempo de leitura":"9 minutos"},"schema":{"@context":"https:\/\/schema.org","@graph":[{"@type":"Article","@id":"https:\/\/agenciainfra.com\/blog\/oleo-e-gas-planos-de-lula-e-flavio-diferem-em-peso-dado-a-petrobras\/#article","isPartOf":{"@id":"https:\/\/agenciainfra.com\/blog\/oleo-e-gas-planos-de-lula-e-flavio-diferem-em-peso-dado-a-petrobras\/"},"author":{"name":"Ag\u00eancia iNFRA","@id":"https:\/\/agenciainfra.com\/blog\/#\/schema\/person\/34af08dff6adea4cb22b06612ba7acfa"},"headline":"\u00d3leo e g\u00e1s: planos de Lula e Fl\u00e1vio diferem em peso dado \u00e0 Petrobras","datePublished":"2026-08-31T14:00:00+00:00","dateModified":"2026-08-31T16:01:24+00:00","mainEntityOfPage":{"@id":"https:\/\/agenciainfra.com\/blog\/oleo-e-gas-planos-de-lula-e-flavio-diferem-em-peso-dado-a-petrobras\/"},"wordCount":1865,"publisher":{"@id":"https:\/\/agenciainfra.com\/blog\/#organization"},"image":{"@id":"https:\/\/agenciainfra.com\/blog\/oleo-e-gas-planos-de-lula-e-flavio-diferem-em-peso-dado-a-petrobras\/#primaryimage"},"thumbnailUrl":"https:\/\/agenciainfra.com\/blog\/wp-content\/uploads\/2026\/08\/petrobras-foto-andre-ribeiro-banco-de-imagens-petrobras.jpg","keywords":["biocombust\u00edveis","distribui\u00e7\u00e3o de combust\u00edveis","exporta\u00e7\u00e3o de petr\u00f3leo","Fl\u00e1vio Bolsonaro","fracking","Gabriel Vasconcelos","g\u00e1s natural","GNL","imposto sobre exporta\u00e7\u00e3o","Ineep","Lula","margem equatorial","mercado de g\u00e1s","\u00d3leo e G\u00e1s","Petrobras","shale gas","Ticiana Alvares","TRANSPETRO"],"articleSection":["Destaque lista"],"inLanguage":"pt-BR","copyrightYear":"2026","copyrightHolder":{"@id":"https:\/\/agenciainfra.com\/blog\/#organization"}},{"@type":"WebPage","@id":"https:\/\/agenciainfra.com\/blog\/oleo-e-gas-planos-de-lula-e-flavio-diferem-em-peso-dado-a-petrobras\/","url":"https:\/\/agenciainfra.com\/blog\/oleo-e-gas-planos-de-lula-e-flavio-diferem-em-peso-dado-a-petrobras\/","name":"\u00d3leo e g\u00e1s: planos de Lula e Fl\u00e1vio diferem em peso dado \u00e0 Petrobras - Ag\u00eancia iNFRA","isPartOf":{"@id":"https:\/\/agenciainfra.com\/blog\/#website"},"primaryImageOfPage":{"@id":"https:\/\/agenciainfra.com\/blog\/oleo-e-gas-planos-de-lula-e-flavio-diferem-em-peso-dado-a-petrobras\/#primaryimage"},"image":{"@id":"https:\/\/agenciainfra.com\/blog\/oleo-e-gas-planos-de-lula-e-flavio-diferem-em-peso-dado-a-petrobras\/#primaryimage"},"thumbnailUrl":"https:\/\/agenciainfra.com\/blog\/wp-content\/uploads\/2026\/08\/petrobras-foto-andre-ribeiro-banco-de-imagens-petrobras.jpg","datePublished":"2026-08-31T14:00:00+00:00","dateModified":"2026-08-31T16:01:24+00:00","breadcrumb":{"@id":"https:\/\/agenciainfra.com\/blog\/oleo-e-gas-planos-de-lula-e-flavio-diferem-em-peso-dado-a-petrobras\/#breadcrumb"},"inLanguage":"pt-BR","potentialAction":[{"@type":"ReadAction","target":["https:\/\/agenciainfra.com\/blog\/oleo-e-gas-planos-de-lula-e-flavio-diferem-em-peso-dado-a-petrobras\/"]}]},{"@type":"ImageObject","inLanguage":"pt-BR","@id":"https:\/\/agenciainfra.com\/blog\/oleo-e-gas-planos-de-lula-e-flavio-diferem-em-peso-dado-a-petrobras\/#primaryimage","url":"https:\/\/agenciainfra.com\/blog\/wp-content\/uploads\/2026\/08\/petrobras-foto-andre-ribeiro-banco-de-imagens-petrobras.jpg","contentUrl":"https:\/\/agenciainfra.com\/blog\/wp-content\/uploads\/2026\/08\/petrobras-foto-andre-ribeiro-banco-de-imagens-petrobras.jpg","width":1280,"height":853,"caption":"Foto: Andr\u00e9 Ribeiro\/Banco de Imagens Petrobras"},{"@type":"BreadcrumbList","@id":"https:\/\/agenciainfra.com\/blog\/oleo-e-gas-planos-de-lula-e-flavio-diferem-em-peso-dado-a-petrobras\/#breadcrumb","itemListElement":[{"@type":"ListItem","position":1,"name":"In\u00edcio","item":"https:\/\/agenciainfra.com\/blog\/"},{"@type":"ListItem","position":2,"name":"\u00d3leo e g\u00e1s: planos de Lula e Fl\u00e1vio diferem em peso dado \u00e0 Petrobras"}]},{"@type":"WebSite","@id":"https:\/\/agenciainfra.com\/blog\/#website","url":"https:\/\/agenciainfra.com\/blog\/","name":"Ag\u00eancia iNFRA","description":"Multiplataforma de informa\u00e7\u00e3o jornal\u00edstica refer\u00eancia na \u00e1rea de infraestrutura no Brasil!","publisher":{"@id":"https:\/\/agenciainfra.com\/blog\/#organization"},"potentialAction":[{"@type":"SearchAction","target":{"@type":"EntryPoint","urlTemplate":"https:\/\/agenciainfra.com\/blog\/?s={search_term_string}"},"query-input":{"@type":"PropertyValueSpecification","valueRequired":true,"valueName":"search_term_string"}}],"inLanguage":"pt-BR"},{"@type":"Organization","@id":"https:\/\/agenciainfra.com\/blog\/#organization","name":"Ag\u00eancia iNFRA","url":"https:\/\/agenciainfra.com\/blog\/","logo":{"@type":"ImageObject","inLanguage":"pt-BR","@id":"https:\/\/agenciainfra.com\/blog\/#\/schema\/logo\/image\/","url":"https:\/\/agenciainfra.com\/blog\/wp-content\/uploads\/2023\/09\/iNFRA_5-e1761735885940.png","contentUrl":"https:\/\/agenciainfra.com\/blog\/wp-content\/uploads\/2023\/09\/iNFRA_5-e1761735885940.png","width":1672,"height":454,"caption":"Ag\u00eancia iNFRA"},"image":{"@id":"https:\/\/agenciainfra.com\/blog\/#\/schema\/logo\/image\/"},"sameAs":["https:\/\/www.facebook.com\/ageninfra","https:\/\/x.com\/agencia_infra","https:\/\/www.linkedin.com\/company\/ag\u00eanciainfra\/","https:\/\/www.instagram.com\/agenciainfra\/"]},{"@type":"Person","@id":"https:\/\/agenciainfra.com\/blog\/#\/schema\/person\/34af08dff6adea4cb22b06612ba7acfa","name":"Ag\u00eancia iNFRA","image":{"@type":"ImageObject","inLanguage":"pt-BR","@id":"https:\/\/secure.gravatar.com\/avatar\/d189e01678f06d8eb84d4e01f08eb848b3fffe3f8443818d3c356c66892f5be8?s=96&d=mm&r=g","url":"https:\/\/secure.gravatar.com\/avatar\/d189e01678f06d8eb84d4e01f08eb848b3fffe3f8443818d3c356c66892f5be8?s=96&d=mm&r=g","contentUrl":"https:\/\/secure.gravatar.com\/avatar\/d189e01678f06d8eb84d4e01f08eb848b3fffe3f8443818d3c356c66892f5be8?s=96&d=mm&r=g","caption":"Ag\u00eancia iNFRA"},"url":"https:\/\/agenciainfra.com\/blog\/author\/admin\/"}]}},"_links":{"self":[{"href":"https:\/\/agenciainfra.com\/blog\/wp-json\/wp\/v2\/posts\/46676","targetHints":{"allow":["GET"]}}],"collection":[{"href":"https:\/\/agenciainfra.com\/blog\/wp-json\/wp\/v2\/posts"}],"about":[{"href":"https:\/\/agenciainfra.com\/blog\/wp-json\/wp\/v2\/types\/post"}],"author":[{"embeddable":true,"href":"https:\/\/agenciainfra.com\/blog\/wp-json\/wp\/v2\/users\/1"}],"replies":[{"embeddable":true,"href":"https:\/\/agenciainfra.com\/blog\/wp-json\/wp\/v2\/comments?post=46676"}],"version-history":[{"count":1,"href":"https:\/\/agenciainfra.com\/blog\/wp-json\/wp\/v2\/posts\/46676\/revisions"}],"predecessor-version":[{"id":46678,"href":"https:\/\/agenciainfra.com\/blog\/wp-json\/wp\/v2\/posts\/46676\/revisions\/46678"}],"wp:featuredmedia":[{"embeddable":true,"href":"https:\/\/agenciainfra.com\/blog\/wp-json\/wp\/v2\/media\/46677"}],"wp:attachment":[{"href":"https:\/\/agenciainfra.com\/blog\/wp-json\/wp\/v2\/media?parent=46676"}],"wp:term":[{"taxonomy":"category","embeddable":true,"href":"https:\/\/agenciainfra.com\/blog\/wp-json\/wp\/v2\/categories?post=46676"},{"taxonomy":"post_tag","embeddable":true,"href":"https:\/\/agenciainfra.com\/blog\/wp-json\/wp\/v2\/tags?post=46676"}],"curies":[{"name":"wp","href":"https:\/\/api.w.org\/{rel}","templated":true}]}}